{"id":60686,"date":"2021-10-07T02:33:44","date_gmt":"2021-10-07T02:33:44","guid":{"rendered":"http:\/\/www.celttv.com.ar\/?p=60686"},"modified":"2021-10-07T02:33:44","modified_gmt":"2021-10-07T02:33:44","slug":"los-bomberos-de-tornquist-celebraran-su-60o-aniversario-con-una-caravana-que-recorrera-la-ciudad","status":"publish","type":"post","link":"https:\/\/www.celttv.com.ar\/index.php\/2021\/10\/07\/los-bomberos-de-tornquist-celebraran-su-60o-aniversario-con-una-caravana-que-recorrera-la-ciudad\/","title":{"rendered":"Los Bomberos de Tornquist  celebrar\u00e1n su 60\u00ba Aniversario con una Caravana que recorrer\u00e1 la ciudad"},"content":{"rendered":"\n<p>Los Bomberos Voluntarios de Tornquist celebrar\u00e1n su 60\u00ba aniversario de manera singular. Lo har\u00e1n, \u00e9ste 12 de octubre, con una caravana donde mostrar\u00e1n todo el potencial humano y t\u00e9cnico, recorriendo las calles de la ciudad.<\/p>\n\n\n\n<p>Participar\u00e1n de esta caravana la totalidad de los m\u00f3viles con que cuenta la instituci\u00f3n, integrantes del Cuerpo Activo, de la Escuela de Cadetes y de la Escuadra de Reserva, muchos de los cuales, seguramente en ese instante, recordar\u00e1n tantos momentos vividos al volver a subir a un m\u00f3vil de la instituci\u00f3n.<\/p>\n\n\n\n<p>La actividad comenzar\u00e1 a las 08:00 hs. con el izamiento del Pabell\u00f3n Nacional, Provincial y de la bandera Institucional.<\/p>\n\n\n\n<p>A las 13:30 hs. del pr\u00f3ximo martes habr\u00e1 un toque de sirena que marcar\u00e1 el comienzo de la C\u00e1ravana de M\u00f3viles y Personal recorriendo las principales arterias de la localidad (adjunto plano del recorrido)<\/p>\n\n\n\n<p>Conclu\u00edda la caravana los m\u00f3viles y el equipamiento de los bomberos estar\u00e1n en exhibici\u00f3n hasta las 16 hs.<\/p>\n\n\n\n<p><strong>EL ACTO PROTOCOLAR<\/strong><\/p>\n\n\n\n<p>El pr\u00f3ximo s\u00e1bado 16 de octubre se realizar\u00e1 el acto protocolar para conmemorar el 60\u00ba Aniversario de la instituci\u00f3n, &nbsp;que dar\u00e1 comienzo a las 14:00&nbsp; hs. frente a la sede bomberil donde se realizar\u00e1 la tradicional formaci\u00f3n del personal del Cuerpo Activo, Escuela de Cadetes y Escuadra de Reserva.<\/p>\n\n\n\n<p>Luego del desplazamiento&nbsp; de las Banderas se entonar\u00e1n las estrofas de nuestro Himno para dar paso a la lectura de felicitaciones.<\/p>\n\n\n\n<p>Tal como lo indica el protocolo institucional se desarrollar\u00e1 un orden del d\u00eda que establece la designaci\u00f3n de los nuevos abanderados y escoltas y el reconocimiento a quienes portaron las banderas de ceremonia en per\u00edodo 2019 hasta la actualidad.<\/p>\n\n\n\n<p><strong>Reconocimiento por Asistencia a Intervenciones<\/strong><\/p>\n\n\n\n<p>Tambi\u00e9n ser\u00e1 reconocida la mayor cantidad de asistencias e intervenciones con alarma y sin alarma, demostrando su vocaci\u00f3n de servicio, compromiso y responsabillidad &nbsp;en el per\u00edodo 2019 y 2020.<\/p>\n\n\n\n<p>R<strong>econocimiento por la participaci\u00f3n a intervenciones con alarma<\/strong><\/p>\n\n\n\n<p>Ser\u00e1 reconocido el personal del Cuerpo Activo que durante el a\u00f1o 2019 y 2020 obtuvo la mayor cantidad de participaci\u00f3n en intervenciones con alarma, demostrando su vocaci\u00f3n de servicio, compromiso y responsabilidad.<\/p>\n\n\n\n<p><strong>Reconocimiento al Mayor Puntaje<\/strong><\/p>\n\n\n\n<p>Es un reconocimiento que se otorga al integrante del Cuerpo Activo que ha obtenido el mayor puntaje durante el a\u00f1o 2019 y 2020, demostrando su compromiso y responsabilidad para con las actividades de la instituci\u00f3n<\/p>\n\n\n\n<p><strong>Reconocimiento por Asistencia a Capacitaci\u00f3n<\/strong><\/p>\n\n\n\n<p>Un reconocimiento que se entrega al personal del Cuerpo Activo que, en el per\u00edodo de instruci\u00f3n interna del a\u00f1o 2019 y 2020, obtuvo la asistencia perfecta, con presencia a todas las clases.<\/p>\n\n\n\n<p><strong>Reconocimiento por Cursos de Capacitaci\u00f3n<\/strong><\/p>\n\n\n\n<p>Se reconocer\u00e1 alpersonal de Cuerpo Activo que se encuentra comprometido conla capacitaci\u00f3n constante, que permmite el crecimiento personal e institucional de nuestros bomberos, para obtener un profesionalismo permanente en pos de los servicios de emergencia.<\/p>\n\n\n\n<p><strong>Ingreso como Bomberos<\/strong><\/p>\n\n\n\n<p>Luego de rendir y aprobar los 20 m\u00f3dulos del &#8220;Nivel I de la Academia Nacional&#8221;, cumpliendo con todos los requisitos legales, el Jefe del Cuerpo Activo es quien propone admitir al personal aspirante que cumpli\u00f3 con todos los requisitos de ingreso y lo dispuesto por la Comisi\u00f3n Directiva.<\/p>\n\n\n\n<p><strong>Entrega de estrellas por antiguedad<\/strong><\/p>\n\n\n\n<p>Recibir\u00e1&nbsp; estrellas por antiguedad, que se entregan por cada cinco a\u00f1os cumplidos, al personala del Cuerpo Activo y Escuadra de Reserva que desde su ingreso integra la instituci\u00f3n.<\/p>\n\n\n\n<p><strong>Reconocimiento por Pase a Reserv<\/strong>a<\/p>\n\n\n\n<p>Es un reconocimiento para integrantes del Cuerpo Activo que han pasado a la Escuadra de Reserva, cumpliendo con las reglamentaciones correspondientes.<\/p>\n\n\n\n<p><strong>Reconocimiento por 50 a\u00f1os integrando la instituci\u00f3n<\/strong><\/p>\n\n\n\n<p>Ser\u00e1 reconocido el personal que ha pasado 50 a\u00f1os como integrante de la instituci\u00f3n, por el Sacrificio, el Valor y la Abnegaci\u00f3n dejado en cada momento vivido, por ser parte de la historia de esta instituci\u00f3n.<\/p>\n\n\n\n<p><strong>12\u00ba &nbsp;ANIVERSARIO DE LA ESCUELA DE CADETES<\/strong><\/p>\n\n\n\n<p>Otro momento momento emotivo ser\u00e1 el reconocimiento al cadete que ha sido elegid como &#8220;Mejor Compa\u00f1ero&#8221; por su trabajo en equipo, compa\u00f1erismo y predisposici\u00f3n. Elecci\u00f3n que surge por el voto de los propios integrantes de la Escuela de Cadetes.<\/p>\n\n\n\n<p><strong>Designaci\u00f3n del Portador del Estandarte<\/strong><\/p>\n\n\n\n<p>Se designa al cadete qe se desempe\u00f1\u00f3 con mayor responsabilidad, siendo ejemplo paa su pares y un orgullo para sus instructores, para ser portados del estandarte en el per\u00edodo 2021-2022.<\/p>\n\n\n\n<figure class=\"wp-block-image size-large\"><img loading=\"lazy\" decoding=\"async\" width=\"1024\" height=\"726\" src=\"http:\/\/www.celttv.com.ar\/wp-content\/uploads\/2021\/10\/salimos-de-caravana-1024x726.jpg\" alt=\"\" class=\"wp-image-60687\" srcset=\"https:\/\/www.celttv.com.ar\/wp-content\/uploads\/2021\/10\/salimos-de-caravana-1024x726.jpg 1024w, https:\/\/www.celttv.com.ar\/wp-content\/uploads\/2021\/10\/salimos-de-caravana-300x213.jpg 300w, https:\/\/www.celttv.com.ar\/wp-content\/uploads\/2021\/10\/salimos-de-caravana-768x544.jpg 768w, https:\/\/www.celttv.com.ar\/wp-content\/uploads\/2021\/10\/salimos-de-caravana-120x86.jpg 120w, https:\/\/www.celttv.com.ar\/wp-content\/uploads\/2021\/10\/salimos-de-caravana-750x531.jpg 750w, https:\/\/www.celttv.com.ar\/wp-content\/uploads\/2021\/10\/salimos-de-caravana-1140x808.jpg 1140w, https:\/\/www.celttv.com.ar\/wp-content\/uploads\/2021\/10\/salimos-de-caravana.jpg 1280w\" sizes=\"auto, (max-width: 1024px) 100vw, 1024px\" \/><\/figure>\n","protected":false},"excerpt":{"rendered":"<p>Los Bomberos Voluntarios de Tornquist celebrar\u00e1n su 60\u00ba aniversario de manera singular. Lo har\u00e1n, \u00e9ste 12 de octubre, con una caravana donde mostrar\u00e1n todo el potencial humano y t\u00e9cnico, recorriendo las calles de la ciudad. Participar\u00e1n de esta caravana la totalidad de los m\u00f3viles con que cuenta la instituci\u00f3n, integrantes del Cuerpo Activo, de la [&hellip;]<\/p>\n","protected":false},"author":1,"featured_media":60687,"comment_status":"closed","ping_status":"open","sticky":false,"template":"","format":"standard","meta":{"footnotes":""},"categories":[51,52],"tags":[],"class_list":["post-60686","post","type-post","status-publish","format-standard","has-post-thumbnail","hentry","category-comunidad","category-destacadas"],"yoast_head":"<!-- This site is optimized with the Yoast SEO plugin v19.7.1 - https:\/\/yoast.com\/wordpress\/plugins\/seo\/ -->\n<title>Los Bomberos de Tornquist celebrar\u00e1n su 60\u00ba Aniversario con una Caravana que recorrer\u00e1 la ciudad - CELTTV<\/title>\n<meta name=\"description\" content=\"Sitio web de noticias de la localidad de Tornquist, provincia de Buenos Aires, Rep\u00fablica Argentina. Contenido propio originado por periodistas de CELTTV, el canal de TV local de la Cooperativa El\u00e9ctrica de Tornquist. Turismo, Pol\u00edtica, Sociedad, Deporte, Cultura y todo el contenido de inter\u00e9s general que la gente del pueblo y la regi\u00f3n debe conocer.\" \/>\n<meta name=\"robots\" content=\"index, follow, max-snippet:-1, max-image-preview:large, max-video-preview:-1\" \/>\n<link rel=\"canonical\" href=\"https:\/\/www.celttv.com.ar\/index.php\/2021\/10\/07\/los-bomberos-de-tornquist-celebraran-su-60o-aniversario-con-una-caravana-que-recorrera-la-ciudad\/\" \/>\n<meta property=\"og:locale\" content=\"es_ES\" \/>\n<meta property=\"og:type\" content=\"article\" \/>\n<meta property=\"og:title\" content=\"Los Bomberos de Tornquist celebrar\u00e1n su 60\u00ba Aniversario con una Caravana que recorrer\u00e1 la ciudad - CELTTV\" \/>\n<meta property=\"og:description\" content=\"Sitio web de noticias de la localidad de Tornquist, provincia de Buenos Aires, Rep\u00fablica Argentina. Contenido propio originado por periodistas de CELTTV, el canal de TV local de la Cooperativa El\u00e9ctrica de Tornquist. Turismo, Pol\u00edtica, Sociedad, Deporte, Cultura y todo el contenido de inter\u00e9s general que la gente del pueblo y la regi\u00f3n debe conocer.\" \/>\n<meta property=\"og:url\" content=\"https:\/\/www.celttv.com.ar\/index.php\/2021\/10\/07\/los-bomberos-de-tornquist-celebraran-su-60o-aniversario-con-una-caravana-que-recorrera-la-ciudad\/\" \/>\n<meta property=\"og:site_name\" content=\"CELTTV\" \/>\n<meta property=\"article:publisher\" content=\"https:\/\/www.facebook.com\/celtTV\/\" \/>\n<meta property=\"article:published_time\" content=\"2021-10-07T02:33:44+00:00\" \/>\n<meta property=\"og:image\" content=\"https:\/\/www.celttv.com.ar\/wp-content\/uploads\/2021\/10\/salimos-de-caravana.jpg\" \/>\n\t<meta property=\"og:image:width\" content=\"1280\" \/>\n\t<meta property=\"og:image:height\" content=\"907\" \/>\n\t<meta property=\"og:image:type\" content=\"image\/jpeg\" \/>\n<meta name=\"author\" content=\"ulises\" \/>\n<meta name=\"twitter:card\" content=\"summary_large_image\" \/>\n<meta name=\"twitter:label1\" content=\"Escrito por\" \/>\n\t<meta name=\"twitter:data1\" content=\"ulises\" \/>\n\t<meta name=\"twitter:label2\" content=\"Tiempo de lectura\" \/>\n\t<meta name=\"twitter:data2\" content=\"4 minutos\" \/>\n<script type=\"application\/ld+json\" class=\"yoast-schema-graph\">{\"@context\":\"https:\/\/schema.org\",\"@graph\":[{\"@type\":\"NewsArticle\",\"@id\":\"https:\/\/www.celttv.com.ar\/index.php\/2021\/10\/07\/los-bomberos-de-tornquist-celebraran-su-60o-aniversario-con-una-caravana-que-recorrera-la-ciudad\/#article\",\"isPartOf\":{\"@id\":\"https:\/\/www.celttv.com.ar\/index.php\/2021\/10\/07\/los-bomberos-de-tornquist-celebraran-su-60o-aniversario-con-una-caravana-que-recorrera-la-ciudad\/\"},\"author\":{\"name\":\"ulises\",\"@id\":\"https:\/\/www.celttv.com.ar\/#\/schema\/person\/6d99c072dba59953809c81446e9d0ace\"},\"headline\":\"Los Bomberos de Tornquist celebrar\u00e1n su 60\u00ba Aniversario con una Caravana que recorrer\u00e1 la ciudad\",\"datePublished\":\"2021-10-07T02:33:44+00:00\",\"dateModified\":\"2021-10-07T02:33:44+00:00\",\"mainEntityOfPage\":{\"@id\":\"https:\/\/www.celttv.com.ar\/index.php\/2021\/10\/07\/los-bomberos-de-tornquist-celebraran-su-60o-aniversario-con-una-caravana-que-recorrera-la-ciudad\/\"},\"wordCount\":750,\"publisher\":{\"@id\":\"https:\/\/www.celttv.com.ar\/#organization\"},\"articleSection\":[\"Comunidad\",\"Destacadas\"],\"inLanguage\":\"es\"},{\"@type\":\"WebPage\",\"@id\":\"https:\/\/www.celttv.com.ar\/index.php\/2021\/10\/07\/los-bomberos-de-tornquist-celebraran-su-60o-aniversario-con-una-caravana-que-recorrera-la-ciudad\/\",\"url\":\"https:\/\/www.celttv.com.ar\/index.php\/2021\/10\/07\/los-bomberos-de-tornquist-celebraran-su-60o-aniversario-con-una-caravana-que-recorrera-la-ciudad\/\",\"name\":\"Los Bomberos de Tornquist celebrar\u00e1n su 60\u00ba Aniversario con una Caravana que recorrer\u00e1 la ciudad - CELTTV\",\"isPartOf\":{\"@id\":\"https:\/\/www.celttv.com.ar\/#website\"},\"datePublished\":\"2021-10-07T02:33:44+00:00\",\"dateModified\":\"2021-10-07T02:33:44+00:00\",\"description\":\"Sitio web de noticias de la localidad de Tornquist, provincia de Buenos Aires, Rep\u00fablica Argentina. Contenido propio originado por periodistas de CELTTV, el canal de TV local de la Cooperativa El\u00e9ctrica de Tornquist. Turismo, Pol\u00edtica, Sociedad, Deporte, Cultura y todo el contenido de inter\u00e9s general que la gente del pueblo y la regi\u00f3n debe conocer.\",\"breadcrumb\":{\"@id\":\"https:\/\/www.celttv.com.ar\/index.php\/2021\/10\/07\/los-bomberos-de-tornquist-celebraran-su-60o-aniversario-con-una-caravana-que-recorrera-la-ciudad\/#breadcrumb\"},\"inLanguage\":\"es\",\"potentialAction\":[{\"@type\":\"ReadAction\",\"target\":[\"https:\/\/www.celttv.com.ar\/index.php\/2021\/10\/07\/los-bomberos-de-tornquist-celebraran-su-60o-aniversario-con-una-caravana-que-recorrera-la-ciudad\/\"]}]},{\"@type\":\"BreadcrumbList\",\"@id\":\"https:\/\/www.celttv.com.ar\/index.php\/2021\/10\/07\/los-bomberos-de-tornquist-celebraran-su-60o-aniversario-con-una-caravana-que-recorrera-la-ciudad\/#breadcrumb\",\"itemListElement\":[{\"@type\":\"ListItem\",\"position\":1,\"name\":\"Inicio\",\"item\":\"https:\/\/www.celttv.com.ar\/\"},{\"@type\":\"ListItem\",\"position\":2,\"name\":\"Los Bomberos de Tornquist celebrar\u00e1n su 60\u00ba Aniversario con una Caravana que recorrer\u00e1 la ciudad\"}]},{\"@type\":\"WebSite\",\"@id\":\"https:\/\/www.celttv.com.ar\/#website\",\"url\":\"https:\/\/www.celttv.com.ar\/\",\"name\":\"CELTTV\",\"description\":\"Cooperativa El\u00e9ctrica de Tornquist\",\"publisher\":{\"@id\":\"https:\/\/www.celttv.com.ar\/#organization\"},\"potentialAction\":[{\"@type\":\"SearchAction\",\"target\":{\"@type\":\"EntryPoint\",\"urlTemplate\":\"https:\/\/www.celttv.com.ar\/?s={search_term_string}\"},\"query-input\":\"required name=search_term_string\"}],\"inLanguage\":\"es\"},{\"@type\":\"Organization\",\"@id\":\"https:\/\/www.celttv.com.ar\/#organization\",\"name\":\"CELTTV\",\"url\":\"https:\/\/www.celttv.com.ar\/\",\"sameAs\":[\"https:\/\/www.youtube.com\/channel\/UCz_oIt8Hig64Ub-EmcNPIhg\",\"https:\/\/www.facebook.com\/celtTV\/\"],\"logo\":{\"@type\":\"ImageObject\",\"inLanguage\":\"es\",\"@id\":\"https:\/\/www.celttv.com.ar\/#\/schema\/logo\/image\/\",\"url\":\"http:\/\/www.celttv.com.ar\/wp-content\/uploads\/2022\/08\/logo-1.png\",\"contentUrl\":\"http:\/\/www.celttv.com.ar\/wp-content\/uploads\/2022\/08\/logo-1.png\",\"width\":461,\"height\":159,\"caption\":\"CELTTV\"},\"image\":{\"@id\":\"https:\/\/www.celttv.com.ar\/#\/schema\/logo\/image\/\"}},{\"@type\":\"Person\",\"@id\":\"https:\/\/www.celttv.com.ar\/#\/schema\/person\/6d99c072dba59953809c81446e9d0ace\",\"name\":\"ulises\",\"image\":{\"@type\":\"ImageObject\",\"inLanguage\":\"es\",\"@id\":\"https:\/\/www.celttv.com.ar\/#\/schema\/person\/image\/\",\"url\":\"https:\/\/secure.gravatar.com\/avatar\/7f2c48bdc33b30088f941fb6082e555f2874c98e20cb159d7b92b50eadfce793?s=96&d=mm&r=g\",\"contentUrl\":\"https:\/\/secure.gravatar.com\/avatar\/7f2c48bdc33b30088f941fb6082e555f2874c98e20cb159d7b92b50eadfce793?s=96&d=mm&r=g\",\"caption\":\"ulises\"},\"sameAs\":[\"http:\/\/www.celttv.com.ar\"]}]}<\/script>\n<!-- \/ Yoast SEO plugin. -->","yoast_head_json":{"title":"Los Bomberos de Tornquist celebrar\u00e1n su 60\u00ba Aniversario con una Caravana que recorrer\u00e1 la ciudad - CELTTV","description":"Sitio web de noticias de la localidad de Tornquist, provincia de Buenos Aires, Rep\u00fablica Argentina. Contenido propio originado por periodistas de CELTTV, el canal de TV local de la Cooperativa El\u00e9ctrica de Tornquist. Turismo, Pol\u00edtica, Sociedad, Deporte, Cultura y todo el contenido de inter\u00e9s general que la gente del pueblo y la regi\u00f3n debe conocer.","robots":{"index":"index","follow":"follow","max-snippet":"max-snippet:-1","max-image-preview":"max-image-preview:large","max-video-preview":"max-video-preview:-1"},"canonical":"https:\/\/www.celttv.com.ar\/index.php\/2021\/10\/07\/los-bomberos-de-tornquist-celebraran-su-60o-aniversario-con-una-caravana-que-recorrera-la-ciudad\/","og_locale":"es_ES","og_type":"article","og_title":"Los Bomberos de Tornquist celebrar\u00e1n su 60\u00ba Aniversario con una Caravana que recorrer\u00e1 la ciudad - CELTTV","og_description":"Sitio web de noticias de la localidad de Tornquist, provincia de Buenos Aires, Rep\u00fablica Argentina. Contenido propio originado por periodistas de CELTTV, el canal de TV local de la Cooperativa El\u00e9ctrica de Tornquist. Turismo, Pol\u00edtica, Sociedad, Deporte, Cultura y todo el contenido de inter\u00e9s general que la gente del pueblo y la regi\u00f3n debe conocer.","og_url":"https:\/\/www.celttv.com.ar\/index.php\/2021\/10\/07\/los-bomberos-de-tornquist-celebraran-su-60o-aniversario-con-una-caravana-que-recorrera-la-ciudad\/","og_site_name":"CELTTV","article_publisher":"https:\/\/www.facebook.com\/celtTV\/","article_published_time":"2021-10-07T02:33:44+00:00","og_image":[{"width":1280,"height":907,"url":"https:\/\/www.celttv.com.ar\/wp-content\/uploads\/2021\/10\/salimos-de-caravana.jpg","type":"image\/jpeg"}],"author":"ulises","twitter_card":"summary_large_image","twitter_misc":{"Escrito por":"ulises","Tiempo de lectura":"4 minutos"},"schema":{"@context":"https:\/\/schema.org","@graph":[{"@type":"NewsArticle","@id":"https:\/\/www.celttv.com.ar\/index.php\/2021\/10\/07\/los-bomberos-de-tornquist-celebraran-su-60o-aniversario-con-una-caravana-que-recorrera-la-ciudad\/#article","isPartOf":{"@id":"https:\/\/www.celttv.com.ar\/index.php\/2021\/10\/07\/los-bomberos-de-tornquist-celebraran-su-60o-aniversario-con-una-caravana-que-recorrera-la-ciudad\/"},"author":{"name":"ulises","@id":"https:\/\/www.celttv.com.ar\/#\/schema\/person\/6d99c072dba59953809c81446e9d0ace"},"headline":"Los Bomberos de Tornquist celebrar\u00e1n su 60\u00ba Aniversario con una Caravana que recorrer\u00e1 la ciudad","datePublished":"2021-10-07T02:33:44+00:00","dateModified":"2021-10-07T02:33:44+00:00","mainEntityOfPage":{"@id":"https:\/\/www.celttv.com.ar\/index.php\/2021\/10\/07\/los-bomberos-de-tornquist-celebraran-su-60o-aniversario-con-una-caravana-que-recorrera-la-ciudad\/"},"wordCount":750,"publisher":{"@id":"https:\/\/www.celttv.com.ar\/#organization"},"articleSection":["Comunidad","Destacadas"],"inLanguage":"es"},{"@type":"WebPage","@id":"https:\/\/www.celttv.com.ar\/index.php\/2021\/10\/07\/los-bomberos-de-tornquist-celebraran-su-60o-aniversario-con-una-caravana-que-recorrera-la-ciudad\/","url":"https:\/\/www.celttv.com.ar\/index.php\/2021\/10\/07\/los-bomberos-de-tornquist-celebraran-su-60o-aniversario-con-una-caravana-que-recorrera-la-ciudad\/","name":"Los Bomberos de Tornquist celebrar\u00e1n su 60\u00ba Aniversario con una Caravana que recorrer\u00e1 la ciudad - CELTTV","isPartOf":{"@id":"https:\/\/www.celttv.com.ar\/#website"},"datePublished":"2021-10-07T02:33:44+00:00","dateModified":"2021-10-07T02:33:44+00:00","description":"Sitio web de noticias de la localidad de Tornquist, provincia de Buenos Aires, Rep\u00fablica Argentina. Contenido propio originado por periodistas de CELTTV, el canal de TV local de la Cooperativa El\u00e9ctrica de Tornquist. Turismo, Pol\u00edtica, Sociedad, Deporte, Cultura y todo el contenido de inter\u00e9s general que la gente del pueblo y la regi\u00f3n debe conocer.","breadcrumb":{"@id":"https:\/\/www.celttv.com.ar\/index.php\/2021\/10\/07\/los-bomberos-de-tornquist-celebraran-su-60o-aniversario-con-una-caravana-que-recorrera-la-ciudad\/#breadcrumb"},"inLanguage":"es","potentialAction":[{"@type":"ReadAction","target":["https:\/\/www.celttv.com.ar\/index.php\/2021\/10\/07\/los-bomberos-de-tornquist-celebraran-su-60o-aniversario-con-una-caravana-que-recorrera-la-ciudad\/"]}]},{"@type":"BreadcrumbList","@id":"https:\/\/www.celttv.com.ar\/index.php\/2021\/10\/07\/los-bomberos-de-tornquist-celebraran-su-60o-aniversario-con-una-caravana-que-recorrera-la-ciudad\/#breadcrumb","itemListElement":[{"@type":"ListItem","position":1,"name":"Inicio","item":"https:\/\/www.celttv.com.ar\/"},{"@type":"ListItem","position":2,"name":"Los Bomberos de Tornquist celebrar\u00e1n su 60\u00ba Aniversario con una Caravana que recorrer\u00e1 la ciudad"}]},{"@type":"WebSite","@id":"https:\/\/www.celttv.com.ar\/#website","url":"https:\/\/www.celttv.com.ar\/","name":"CELTTV","description":"Cooperativa El\u00e9ctrica de Tornquist","publisher":{"@id":"https:\/\/www.celttv.com.ar\/#organization"},"potentialAction":[{"@type":"SearchAction","target":{"@type":"EntryPoint","urlTemplate":"https:\/\/www.celttv.com.ar\/?s={search_term_string}"},"query-input":"required name=search_term_string"}],"inLanguage":"es"},{"@type":"Organization","@id":"https:\/\/www.celttv.com.ar\/#organization","name":"CELTTV","url":"https:\/\/www.celttv.com.ar\/","sameAs":["https:\/\/www.youtube.com\/channel\/UCz_oIt8Hig64Ub-EmcNPIhg","https:\/\/www.facebook.com\/celtTV\/"],"logo":{"@type":"ImageObject","inLanguage":"es","@id":"https:\/\/www.celttv.com.ar\/#\/schema\/logo\/image\/","url":"http:\/\/www.celttv.com.ar\/wp-content\/uploads\/2022\/08\/logo-1.png","contentUrl":"http:\/\/www.celttv.com.ar\/wp-content\/uploads\/2022\/08\/logo-1.png","width":461,"height":159,"caption":"CELTTV"},"image":{"@id":"https:\/\/www.celttv.com.ar\/#\/schema\/logo\/image\/"}},{"@type":"Person","@id":"https:\/\/www.celttv.com.ar\/#\/schema\/person\/6d99c072dba59953809c81446e9d0ace","name":"ulises","image":{"@type":"ImageObject","inLanguage":"es","@id":"https:\/\/www.celttv.com.ar\/#\/schema\/person\/image\/","url":"https:\/\/secure.gravatar.com\/avatar\/7f2c48bdc33b30088f941fb6082e555f2874c98e20cb159d7b92b50eadfce793?s=96&d=mm&r=g","contentUrl":"https:\/\/secure.gravatar.com\/avatar\/7f2c48bdc33b30088f941fb6082e555f2874c98e20cb159d7b92b50eadfce793?s=96&d=mm&r=g","caption":"ulises"},"sameAs":["http:\/\/www.celttv.com.ar"]}]}},"_links":{"self":[{"href":"https:\/\/www.celttv.com.ar\/index.php\/wp-json\/wp\/v2\/posts\/60686","targetHints":{"allow":["GET"]}}],"collection":[{"href":"https:\/\/www.celttv.com.ar\/index.php\/wp-json\/wp\/v2\/posts"}],"about":[{"href":"https:\/\/www.celttv.com.ar\/index.php\/wp-json\/wp\/v2\/types\/post"}],"author":[{"embeddable":true,"href":"https:\/\/www.celttv.com.ar\/index.php\/wp-json\/wp\/v2\/users\/1"}],"replies":[{"embeddable":true,"href":"https:\/\/www.celttv.com.ar\/index.php\/wp-json\/wp\/v2\/comments?post=60686"}],"version-history":[{"count":0,"href":"https:\/\/www.celttv.com.ar\/index.php\/wp-json\/wp\/v2\/posts\/60686\/revisions"}],"wp:featuredmedia":[{"embeddable":true,"href":"https:\/\/www.celttv.com.ar\/index.php\/wp-json\/wp\/v2\/media\/60687"}],"wp:attachment":[{"href":"https:\/\/www.celttv.com.ar\/index.php\/wp-json\/wp\/v2\/media?parent=60686"}],"wp:term":[{"taxonomy":"category","embeddable":true,"href":"https:\/\/www.celttv.com.ar\/index.php\/wp-json\/wp\/v2\/categories?post=60686"},{"taxonomy":"post_tag","embeddable":true,"href":"https:\/\/www.celttv.com.ar\/index.php\/wp-json\/wp\/v2\/tags?post=60686"}],"curies":[{"name":"wp","href":"https:\/\/api.w.org\/{rel}","templated":true}]}}