{"id":60769,"date":"2021-10-12T20:56:30","date_gmt":"2021-10-12T20:56:30","guid":{"rendered":"http:\/\/www.celttv.com.ar\/?p=60769"},"modified":"2021-10-12T20:56:30","modified_gmt":"2021-10-12T20:56:30","slug":"se-extiende-la-fecha-de-inscripcion-para-ventania-produce","status":"publish","type":"post","link":"https:\/\/www.celttv.com.ar\/index.php\/2021\/10\/12\/se-extiende-la-fecha-de-inscripcion-para-ventania-produce\/","title":{"rendered":"Se extiende la fecha de inscripci\u00f3n para \u201cVentania Produce\u201d"},"content":{"rendered":"\n<p>La Secretar\u00eda de Producci\u00f3n, Comercio e Industria, informa a emprendedores, empresas locales, gastron\u00f3micos, y artesanos, que se extiende la fecha de inscripci\u00f3n para los dos eventos del programa \u201cVentania Produce\u201d, que tendr\u00e1n lugar en Sierra de la Ventana y Tornquist.<\/p>\n\n\n\n<p>Los interesados podr\u00e1n inscribirse, hasta el viernes 22 octubre, enviando un mail a produccion@tornquist.gov.ar, por tel\u00e9fono a 0291-4940435 o de manera personal de lunes a viernes de 7 a 14 en E. Tornquist y General.<\/p>\n\n\n\n<p>Se recuerda que las jornadas se llevar\u00e1n a cabo el pr\u00f3ximo 30 y 31 de octubre en Sierra de la Ventana (Predio del Centro Cultural),\u00a0 y el 6 y 7 de noviembre en Tornquist (Club Automoto)<\/p>\n\n\n\n<figure class=\"wp-block-image size-large\"><img loading=\"lazy\" decoding=\"async\" width=\"1024\" height=\"1024\" src=\"http:\/\/www.celttv.com.ar\/wp-content\/uploads\/2021\/10\/Ventania-Produce-1024x1024.jpeg\" alt=\"\" class=\"wp-image-60676\" srcset=\"https:\/\/www.celttv.com.ar\/wp-content\/uploads\/2021\/10\/Ventania-Produce-1024x1024.jpeg 1024w, https:\/\/www.celttv.com.ar\/wp-content\/uploads\/2021\/10\/Ventania-Produce-300x300.jpeg 300w, https:\/\/www.celttv.com.ar\/wp-content\/uploads\/2021\/10\/Ventania-Produce-150x150.jpeg 150w, https:\/\/www.celttv.com.ar\/wp-content\/uploads\/2021\/10\/Ventania-Produce-768x768.jpeg 768w, https:\/\/www.celttv.com.ar\/wp-content\/uploads\/2021\/10\/Ventania-Produce-75x75.jpeg 75w, https:\/\/www.celttv.com.ar\/wp-content\/uploads\/2021\/10\/Ventania-Produce-750x750.jpeg 750w, https:\/\/www.celttv.com.ar\/wp-content\/uploads\/2021\/10\/Ventania-Produce.jpeg 1080w\" sizes=\"auto, (max-width: 1024px) 100vw, 1024px\" \/><\/figure>\n","protected":false},"excerpt":{"rendered":"<p>La Secretar\u00eda de Producci\u00f3n, Comercio e Industria, informa a emprendedores, empresas locales, gastron\u00f3micos, y artesanos, que se extiende la fecha de inscripci\u00f3n para los dos eventos del programa \u201cVentania Produce\u201d, que tendr\u00e1n lugar en Sierra de la Ventana y Tornquist. Los interesados podr\u00e1n inscribirse, hasta el viernes 22 octubre, enviando un mail a produccion@tornquist.gov.ar, por [&hellip;]<\/p>\n","protected":false},"author":1,"featured_media":60676,"comment_status":"closed","ping_status":"open","sticky":false,"template":"","format":"standard","meta":{"footnotes":""},"categories":[51,52,59,65],"tags":[],"class_list":["post-60769","post","type-post","status-publish","format-standard","has-post-thumbnail","hentry","category-comunidad","category-destacadas","category-municipales","category-produccion"],"yoast_head":"<!-- This site is optimized with the Yoast SEO plugin v19.7.1 - https:\/\/yoast.com\/wordpress\/plugins\/seo\/ -->\n<title>Se extiende la fecha de inscripci\u00f3n para \u201cVentania Produce\u201d - CELTTV<\/title>\n<meta name=\"description\" content=\"Sitio web de noticias de la localidad de Tornquist, provincia de Buenos Aires, Rep\u00fablica Argentina. Contenido propio originado por periodistas de CELTTV, el canal de TV local de la Cooperativa El\u00e9ctrica de Tornquist. Turismo, Pol\u00edtica, Sociedad, Deporte, Cultura y todo el contenido de inter\u00e9s general que la gente del pueblo y la regi\u00f3n debe conocer.\" \/>\n<meta name=\"robots\" content=\"index, follow, max-snippet:-1, max-image-preview:large, max-video-preview:-1\" \/>\n<link rel=\"canonical\" href=\"https:\/\/www.celttv.com.ar\/index.php\/2021\/10\/12\/se-extiende-la-fecha-de-inscripcion-para-ventania-produce\/\" \/>\n<meta property=\"og:locale\" content=\"es_ES\" \/>\n<meta property=\"og:type\" content=\"article\" \/>\n<meta property=\"og:title\" content=\"Se extiende la fecha de inscripci\u00f3n para \u201cVentania Produce\u201d - CELTTV\" \/>\n<meta property=\"og:description\" content=\"Sitio web de noticias de la localidad de Tornquist, provincia de Buenos Aires, Rep\u00fablica Argentina. Contenido propio originado por periodistas de CELTTV, el canal de TV local de la Cooperativa El\u00e9ctrica de Tornquist. Turismo, Pol\u00edtica, Sociedad, Deporte, Cultura y todo el contenido de inter\u00e9s general que la gente del pueblo y la regi\u00f3n debe conocer.\" \/>\n<meta property=\"og:url\" content=\"https:\/\/www.celttv.com.ar\/index.php\/2021\/10\/12\/se-extiende-la-fecha-de-inscripcion-para-ventania-produce\/\" \/>\n<meta property=\"og:site_name\" content=\"CELTTV\" \/>\n<meta property=\"article:publisher\" content=\"https:\/\/www.facebook.com\/celtTV\/\" \/>\n<meta property=\"article:published_time\" content=\"2021-10-12T20:56:30+00:00\" \/>\n<meta property=\"og:image\" content=\"https:\/\/www.celttv.com.ar\/wp-content\/uploads\/2021\/10\/Ventania-Produce.jpeg\" \/>\n\t<meta property=\"og:image:width\" content=\"1080\" \/>\n\t<meta property=\"og:image:height\" content=\"1080\" \/>\n\t<meta property=\"og:image:type\" content=\"image\/jpeg\" \/>\n<meta name=\"author\" content=\"ulises\" \/>\n<meta name=\"twitter:card\" content=\"summary_large_image\" \/>\n<meta name=\"twitter:label1\" content=\"Escrito por\" \/>\n\t<meta name=\"twitter:data1\" content=\"ulises\" \/>\n\t<meta name=\"twitter:label2\" content=\"Tiempo de lectura\" \/>\n\t<meta name=\"twitter:data2\" content=\"1 minuto\" \/>\n<script type=\"application\/ld+json\" class=\"yoast-schema-graph\">{\"@context\":\"https:\/\/schema.org\",\"@graph\":[{\"@type\":\"NewsArticle\",\"@id\":\"https:\/\/www.celttv.com.ar\/index.php\/2021\/10\/12\/se-extiende-la-fecha-de-inscripcion-para-ventania-produce\/#article\",\"isPartOf\":{\"@id\":\"https:\/\/www.celttv.com.ar\/index.php\/2021\/10\/12\/se-extiende-la-fecha-de-inscripcion-para-ventania-produce\/\"},\"author\":{\"name\":\"ulises\",\"@id\":\"https:\/\/www.celttv.com.ar\/#\/schema\/person\/6d99c072dba59953809c81446e9d0ace\"},\"headline\":\"Se extiende la fecha de inscripci\u00f3n para \u201cVentania Produce\u201d\",\"datePublished\":\"2021-10-12T20:56:30+00:00\",\"dateModified\":\"2021-10-12T20:56:30+00:00\",\"mainEntityOfPage\":{\"@id\":\"https:\/\/www.celttv.com.ar\/index.php\/2021\/10\/12\/se-extiende-la-fecha-de-inscripcion-para-ventania-produce\/\"},\"wordCount\":126,\"publisher\":{\"@id\":\"https:\/\/www.celttv.com.ar\/#organization\"},\"articleSection\":[\"Comunidad\",\"Destacadas\",\"Municipales\",\"Producci\u00f3n y Medio Ambiente\"],\"inLanguage\":\"es\"},{\"@type\":\"WebPage\",\"@id\":\"https:\/\/www.celttv.com.ar\/index.php\/2021\/10\/12\/se-extiende-la-fecha-de-inscripcion-para-ventania-produce\/\",\"url\":\"https:\/\/www.celttv.com.ar\/index.php\/2021\/10\/12\/se-extiende-la-fecha-de-inscripcion-para-ventania-produce\/\",\"name\":\"Se extiende la fecha de inscripci\u00f3n para \u201cVentania Produce\u201d - CELTTV\",\"isPartOf\":{\"@id\":\"https:\/\/www.celttv.com.ar\/#website\"},\"datePublished\":\"2021-10-12T20:56:30+00:00\",\"dateModified\":\"2021-10-12T20:56:30+00:00\",\"description\":\"Sitio web de noticias de la localidad de Tornquist, provincia de Buenos Aires, Rep\u00fablica Argentina. Contenido propio originado por periodistas de CELTTV, el canal de TV local de la Cooperativa El\u00e9ctrica de Tornquist. Turismo, Pol\u00edtica, Sociedad, Deporte, Cultura y todo el contenido de inter\u00e9s general que la gente del pueblo y la regi\u00f3n debe conocer.\",\"breadcrumb\":{\"@id\":\"https:\/\/www.celttv.com.ar\/index.php\/2021\/10\/12\/se-extiende-la-fecha-de-inscripcion-para-ventania-produce\/#breadcrumb\"},\"inLanguage\":\"es\",\"potentialAction\":[{\"@type\":\"ReadAction\",\"target\":[\"https:\/\/www.celttv.com.ar\/index.php\/2021\/10\/12\/se-extiende-la-fecha-de-inscripcion-para-ventania-produce\/\"]}]},{\"@type\":\"BreadcrumbList\",\"@id\":\"https:\/\/www.celttv.com.ar\/index.php\/2021\/10\/12\/se-extiende-la-fecha-de-inscripcion-para-ventania-produce\/#breadcrumb\",\"itemListElement\":[{\"@type\":\"ListItem\",\"position\":1,\"name\":\"Inicio\",\"item\":\"https:\/\/www.celttv.com.ar\/\"},{\"@type\":\"ListItem\",\"position\":2,\"name\":\"Se extiende la fecha de inscripci\u00f3n para \u201cVentania Produce\u201d\"}]},{\"@type\":\"WebSite\",\"@id\":\"https:\/\/www.celttv.com.ar\/#website\",\"url\":\"https:\/\/www.celttv.com.ar\/\",\"name\":\"CELTTV\",\"description\":\"Cooperativa El\u00e9ctrica de Tornquist\",\"publisher\":{\"@id\":\"https:\/\/www.celttv.com.ar\/#organization\"},\"potentialAction\":[{\"@type\":\"SearchAction\",\"target\":{\"@type\":\"EntryPoint\",\"urlTemplate\":\"https:\/\/www.celttv.com.ar\/?s={search_term_string}\"},\"query-input\":\"required name=search_term_string\"}],\"inLanguage\":\"es\"},{\"@type\":\"Organization\",\"@id\":\"https:\/\/www.celttv.com.ar\/#organization\",\"name\":\"CELTTV\",\"url\":\"https:\/\/www.celttv.com.ar\/\",\"sameAs\":[\"https:\/\/www.youtube.com\/channel\/UCz_oIt8Hig64Ub-EmcNPIhg\",\"https:\/\/www.facebook.com\/celtTV\/\"],\"logo\":{\"@type\":\"ImageObject\",\"inLanguage\":\"es\",\"@id\":\"https:\/\/www.celttv.com.ar\/#\/schema\/logo\/image\/\",\"url\":\"http:\/\/www.celttv.com.ar\/wp-content\/uploads\/2022\/08\/logo-1.png\",\"contentUrl\":\"http:\/\/www.celttv.com.ar\/wp-content\/uploads\/2022\/08\/logo-1.png\",\"width\":461,\"height\":159,\"caption\":\"CELTTV\"},\"image\":{\"@id\":\"https:\/\/www.celttv.com.ar\/#\/schema\/logo\/image\/\"}},{\"@type\":\"Person\",\"@id\":\"https:\/\/www.celttv.com.ar\/#\/schema\/person\/6d99c072dba59953809c81446e9d0ace\",\"name\":\"ulises\",\"image\":{\"@type\":\"ImageObject\",\"inLanguage\":\"es\",\"@id\":\"https:\/\/www.celttv.com.ar\/#\/schema\/person\/image\/\",\"url\":\"https:\/\/secure.gravatar.com\/avatar\/7f2c48bdc33b30088f941fb6082e555f2874c98e20cb159d7b92b50eadfce793?s=96&d=mm&r=g\",\"contentUrl\":\"https:\/\/secure.gravatar.com\/avatar\/7f2c48bdc33b30088f941fb6082e555f2874c98e20cb159d7b92b50eadfce793?s=96&d=mm&r=g\",\"caption\":\"ulises\"},\"sameAs\":[\"http:\/\/www.celttv.com.ar\"]}]}<\/script>\n<!-- \/ Yoast SEO plugin. -->","yoast_head_json":{"title":"Se extiende la fecha de inscripci\u00f3n para \u201cVentania Produce\u201d - CELTTV","description":"Sitio web de noticias de la localidad de Tornquist, provincia de Buenos Aires, Rep\u00fablica Argentina. Contenido propio originado por periodistas de CELTTV, el canal de TV local de la Cooperativa El\u00e9ctrica de Tornquist. Turismo, Pol\u00edtica, Sociedad, Deporte, Cultura y todo el contenido de inter\u00e9s general que la gente del pueblo y la regi\u00f3n debe conocer.","robots":{"index":"index","follow":"follow","max-snippet":"max-snippet:-1","max-image-preview":"max-image-preview:large","max-video-preview":"max-video-preview:-1"},"canonical":"https:\/\/www.celttv.com.ar\/index.php\/2021\/10\/12\/se-extiende-la-fecha-de-inscripcion-para-ventania-produce\/","og_locale":"es_ES","og_type":"article","og_title":"Se extiende la fecha de inscripci\u00f3n para \u201cVentania Produce\u201d - CELTTV","og_description":"Sitio web de noticias de la localidad de Tornquist, provincia de Buenos Aires, Rep\u00fablica Argentina. Contenido propio originado por periodistas de CELTTV, el canal de TV local de la Cooperativa El\u00e9ctrica de Tornquist. Turismo, Pol\u00edtica, Sociedad, Deporte, Cultura y todo el contenido de inter\u00e9s general que la gente del pueblo y la regi\u00f3n debe conocer.","og_url":"https:\/\/www.celttv.com.ar\/index.php\/2021\/10\/12\/se-extiende-la-fecha-de-inscripcion-para-ventania-produce\/","og_site_name":"CELTTV","article_publisher":"https:\/\/www.facebook.com\/celtTV\/","article_published_time":"2021-10-12T20:56:30+00:00","og_image":[{"width":1080,"height":1080,"url":"https:\/\/www.celttv.com.ar\/wp-content\/uploads\/2021\/10\/Ventania-Produce.jpeg","type":"image\/jpeg"}],"author":"ulises","twitter_card":"summary_large_image","twitter_misc":{"Escrito por":"ulises","Tiempo de lectura":"1 minuto"},"schema":{"@context":"https:\/\/schema.org","@graph":[{"@type":"NewsArticle","@id":"https:\/\/www.celttv.com.ar\/index.php\/2021\/10\/12\/se-extiende-la-fecha-de-inscripcion-para-ventania-produce\/#article","isPartOf":{"@id":"https:\/\/www.celttv.com.ar\/index.php\/2021\/10\/12\/se-extiende-la-fecha-de-inscripcion-para-ventania-produce\/"},"author":{"name":"ulises","@id":"https:\/\/www.celttv.com.ar\/#\/schema\/person\/6d99c072dba59953809c81446e9d0ace"},"headline":"Se extiende la fecha de inscripci\u00f3n para \u201cVentania Produce\u201d","datePublished":"2021-10-12T20:56:30+00:00","dateModified":"2021-10-12T20:56:30+00:00","mainEntityOfPage":{"@id":"https:\/\/www.celttv.com.ar\/index.php\/2021\/10\/12\/se-extiende-la-fecha-de-inscripcion-para-ventania-produce\/"},"wordCount":126,"publisher":{"@id":"https:\/\/www.celttv.com.ar\/#organization"},"articleSection":["Comunidad","Destacadas","Municipales","Producci\u00f3n y Medio Ambiente"],"inLanguage":"es"},{"@type":"WebPage","@id":"https:\/\/www.celttv.com.ar\/index.php\/2021\/10\/12\/se-extiende-la-fecha-de-inscripcion-para-ventania-produce\/","url":"https:\/\/www.celttv.com.ar\/index.php\/2021\/10\/12\/se-extiende-la-fecha-de-inscripcion-para-ventania-produce\/","name":"Se extiende la fecha de inscripci\u00f3n para \u201cVentania Produce\u201d - CELTTV","isPartOf":{"@id":"https:\/\/www.celttv.com.ar\/#website"},"datePublished":"2021-10-12T20:56:30+00:00","dateModified":"2021-10-12T20:56:30+00:00","description":"Sitio web de noticias de la localidad de Tornquist, provincia de Buenos Aires, Rep\u00fablica Argentina. Contenido propio originado por periodistas de CELTTV, el canal de TV local de la Cooperativa El\u00e9ctrica de Tornquist. Turismo, Pol\u00edtica, Sociedad, Deporte, Cultura y todo el contenido de inter\u00e9s general que la gente del pueblo y la regi\u00f3n debe conocer.","breadcrumb":{"@id":"https:\/\/www.celttv.com.ar\/index.php\/2021\/10\/12\/se-extiende-la-fecha-de-inscripcion-para-ventania-produce\/#breadcrumb"},"inLanguage":"es","potentialAction":[{"@type":"ReadAction","target":["https:\/\/www.celttv.com.ar\/index.php\/2021\/10\/12\/se-extiende-la-fecha-de-inscripcion-para-ventania-produce\/"]}]},{"@type":"BreadcrumbList","@id":"https:\/\/www.celttv.com.ar\/index.php\/2021\/10\/12\/se-extiende-la-fecha-de-inscripcion-para-ventania-produce\/#breadcrumb","itemListElement":[{"@type":"ListItem","position":1,"name":"Inicio","item":"https:\/\/www.celttv.com.ar\/"},{"@type":"ListItem","position":2,"name":"Se extiende la fecha de inscripci\u00f3n para \u201cVentania Produce\u201d"}]},{"@type":"WebSite","@id":"https:\/\/www.celttv.com.ar\/#website","url":"https:\/\/www.celttv.com.ar\/","name":"CELTTV","description":"Cooperativa El\u00e9ctrica de Tornquist","publisher":{"@id":"https:\/\/www.celttv.com.ar\/#organization"},"potentialAction":[{"@type":"SearchAction","target":{"@type":"EntryPoint","urlTemplate":"https:\/\/www.celttv.com.ar\/?s={search_term_string}"},"query-input":"required name=search_term_string"}],"inLanguage":"es"},{"@type":"Organization","@id":"https:\/\/www.celttv.com.ar\/#organization","name":"CELTTV","url":"https:\/\/www.celttv.com.ar\/","sameAs":["https:\/\/www.youtube.com\/channel\/UCz_oIt8Hig64Ub-EmcNPIhg","https:\/\/www.facebook.com\/celtTV\/"],"logo":{"@type":"ImageObject","inLanguage":"es","@id":"https:\/\/www.celttv.com.ar\/#\/schema\/logo\/image\/","url":"http:\/\/www.celttv.com.ar\/wp-content\/uploads\/2022\/08\/logo-1.png","contentUrl":"http:\/\/www.celttv.com.ar\/wp-content\/uploads\/2022\/08\/logo-1.png","width":461,"height":159,"caption":"CELTTV"},"image":{"@id":"https:\/\/www.celttv.com.ar\/#\/schema\/logo\/image\/"}},{"@type":"Person","@id":"https:\/\/www.celttv.com.ar\/#\/schema\/person\/6d99c072dba59953809c81446e9d0ace","name":"ulises","image":{"@type":"ImageObject","inLanguage":"es","@id":"https:\/\/www.celttv.com.ar\/#\/schema\/person\/image\/","url":"https:\/\/secure.gravatar.com\/avatar\/7f2c48bdc33b30088f941fb6082e555f2874c98e20cb159d7b92b50eadfce793?s=96&d=mm&r=g","contentUrl":"https:\/\/secure.gravatar.com\/avatar\/7f2c48bdc33b30088f941fb6082e555f2874c98e20cb159d7b92b50eadfce793?s=96&d=mm&r=g","caption":"ulises"},"sameAs":["http:\/\/www.celttv.com.ar"]}]}},"_links":{"self":[{"href":"https:\/\/www.celttv.com.ar\/index.php\/wp-json\/wp\/v2\/posts\/60769","targetHints":{"allow":["GET"]}}],"collection":[{"href":"https:\/\/www.celttv.com.ar\/index.php\/wp-json\/wp\/v2\/posts"}],"about":[{"href":"https:\/\/www.celttv.com.ar\/index.php\/wp-json\/wp\/v2\/types\/post"}],"author":[{"embeddable":true,"href":"https:\/\/www.celttv.com.ar\/index.php\/wp-json\/wp\/v2\/users\/1"}],"replies":[{"embeddable":true,"href":"https:\/\/www.celttv.com.ar\/index.php\/wp-json\/wp\/v2\/comments?post=60769"}],"version-history":[{"count":0,"href":"https:\/\/www.celttv.com.ar\/index.php\/wp-json\/wp\/v2\/posts\/60769\/revisions"}],"wp:featuredmedia":[{"embeddable":true,"href":"https:\/\/www.celttv.com.ar\/index.php\/wp-json\/wp\/v2\/media\/60676"}],"wp:attachment":[{"href":"https:\/\/www.celttv.com.ar\/index.php\/wp-json\/wp\/v2\/media?parent=60769"}],"wp:term":[{"taxonomy":"category","embeddable":true,"href":"https:\/\/www.celttv.com.ar\/index.php\/wp-json\/wp\/v2\/categories?post=60769"},{"taxonomy":"post_tag","embeddable":true,"href":"https:\/\/www.celttv.com.ar\/index.php\/wp-json\/wp\/v2\/tags?post=60769"}],"curies":[{"name":"wp","href":"https:\/\/api.w.org\/{rel}","templated":true}]}}