{"id":6090,"date":"2012-04-17T23:40:14","date_gmt":"2012-04-17T23:40:14","guid":{"rendered":"http:\/\/www.tvcnoticias.com.ar\/?p=6090"},"modified":"2012-04-17T23:40:14","modified_gmt":"2012-04-17T23:40:14","slug":"autoridades-provinciales-y-municipales-visitaron-la-obra-del-parque-lineal","status":"publish","type":"post","link":"https:\/\/www.celttv.com.ar\/index.php\/2012\/04\/17\/autoridades-provinciales-y-municipales-visitaron-la-obra-del-parque-lineal\/","title":{"rendered":"AUTORIDADES PROVINCIALES Y MUNICIPALES VISITARON LA OBRA DEL PARQUE LINEAL"},"content":{"rendered":"<p><br \/>\nEl avance de la obra de mejoramiento del Parque Lineal Tornquist fue contemplado hoy por el intendente municipal, licenciado Gustavo Trankels, y el Secretario de Espacio P\u00fablico provincial, Eduardo Aparicio, organismo que cuenta con el programa Soluciones Ya!, con el cual se financia la obra en cuesti\u00f3n.<br \/>\n\u00a0\u00a0 Ambos funcionarios estuvieron acompa\u00f1ados por el Secretario de Gobierno de la comuna local, Guillermo L\u00f6ffler; la Secretaria de Obras y Servicios P\u00fablicos, arquitecta Anabella Madue\u00f1a; el Subsecretario de la mencionada \u00e1rea, Christian Trankels; el presidente del Club H\u00edpico y Social Las Sierras, Omar Vittori; y la comitiva que lleg\u00f3 con el Secretario bonaerense.<br \/>\n\u00a0\u00a0 \u201cEste es un anhelo, un sue\u00f1o, como lo fue la pileta del Centro de Jubilados. Con el presidente del Club H\u00edpico, Omar Vittori, y la gente de la comisi\u00f3n directiva, hablamos de la posibilidad de poner en valor este lugar para todos los tornquistenses y quienes nos visitan. Este es un proyecto que dejamos en manos de la arquitecta Anabella Madue\u00f1a y que una vez m\u00e1s encontramos el apoyo necesario en el gobernador Daniel Scioli y en su funcionario Eduardo Aparicio\u201d, consider\u00f3 Trankels.<br \/>\n\u00a0\u00a0 \u201cEl resultado del acompa\u00f1amiento del gobierno provincial y nacional es esto: una obra concreta, que en poco tiempo podremos inaugurar. Quiero destacar que acabamos de pasar un a\u00f1o eleccionario. En este no hay elecciones, porque muchas veces se supone que las obras llegan cuando pasan esas cosas, pero ac\u00e1 estamos demostrando que trabajamos para los tornquistenses sin importar los tiempos pol\u00edticos\u201d, dijo.<br \/>\n\u00a0\u00a0 Aparicio tambi\u00e9n se refiri\u00f3 en ese sentido y a la importancia de ir concretando las inquietudes de los vecinos.<br \/>\n\u00a0\u00a0 \u201cEste es un espacio m\u00e1s recuperado, que se abre para la comunidad. Estamos codo a codo con la Provincia, la Naci\u00f3n y el Municipio trabajando en mejorar la calidad de vida de la gente. Esta es una iniciativa de Gustavo y hoy vemos el avance de la obra. Todav\u00eda falta, porque aportaremos maquinarias para que la gente pueda disfrutar y pueda un espacio digno. El gobernador Daniel Scioli nos instruye para que escuchemos las inquietudes de los intendentes y de la gente, por eso estamos ac\u00e1\u201d, consider\u00f3.<br \/>\n\u00a0\u00a0 La obra cuenta con una\u00a0 bicisenda de 400 metros lineales de extensi\u00f3n, con iluminaci\u00f3n perimetral, adem\u00e1s de iluminaci\u00f3n general del predio, con 9 columnas de 12 metros de altura libre.<br \/>\nPrensa Municipalidad de Tornquist (<a href=\"mailto:prensa@tornquist.gov.ar\">prensa@tornquist.gov.ar<\/a>)<br \/>\nTwitter: @prensatornquist<br \/>\n<a href=\"http:\/\/www.tornquist.gov.ar\/\">www.tornquist.gov.ar<\/a><\/p>\n","protected":false},"excerpt":{"rendered":"<p>El avance de la obra de mejoramiento del Parque Lineal Tornquist fue contemplado hoy por el intendente municipal, licenciado Gustavo Trankels, y el Secretario de Espacio P\u00fablico provincial, Eduardo Aparicio, organismo que cuenta con el programa Soluciones Ya!, con el cual se financia la obra en cuesti\u00f3n. \u00a0\u00a0 Ambos funcionarios estuvieron acompa\u00f1ados por el Secretario [&hellip;]<\/p>\n","protected":false},"author":1,"featured_media":0,"comment_status":"closed","ping_status":"open","sticky":false,"template":"","format":"standard","meta":{"footnotes":""},"categories":[51,52,53],"tags":[],"class_list":["post-6090","post","type-post","status-publish","format-standard","hentry","category-comunidad","category-destacadas","category-politica"],"yoast_head":"<!-- This site is optimized with the Yoast SEO plugin v19.7.1 - https:\/\/yoast.com\/wordpress\/plugins\/seo\/ -->\n<title>AUTORIDADES PROVINCIALES Y MUNICIPALES VISITARON LA OBRA DEL PARQUE LINEAL - CELTTV<\/title>\n<meta name=\"description\" content=\"Sitio web de noticias de la localidad de Tornquist, provincia de Buenos Aires, Rep\u00fablica Argentina. Contenido propio originado por periodistas de CELTTV, el canal de TV local de la Cooperativa El\u00e9ctrica de Tornquist. Turismo, Pol\u00edtica, Sociedad, Deporte, Cultura y todo el contenido de inter\u00e9s general que la gente del pueblo y la regi\u00f3n debe conocer.\" \/>\n<meta name=\"robots\" content=\"index, follow, max-snippet:-1, max-image-preview:large, max-video-preview:-1\" \/>\n<link rel=\"canonical\" href=\"https:\/\/www.celttv.com.ar\/index.php\/2012\/04\/17\/autoridades-provinciales-y-municipales-visitaron-la-obra-del-parque-lineal\/\" \/>\n<meta property=\"og:locale\" content=\"es_ES\" \/>\n<meta property=\"og:type\" content=\"article\" \/>\n<meta property=\"og:title\" content=\"AUTORIDADES PROVINCIALES Y MUNICIPALES VISITARON LA OBRA DEL PARQUE LINEAL - CELTTV\" \/>\n<meta property=\"og:description\" content=\"Sitio web de noticias de la localidad de Tornquist, provincia de Buenos Aires, Rep\u00fablica Argentina. Contenido propio originado por periodistas de CELTTV, el canal de TV local de la Cooperativa El\u00e9ctrica de Tornquist. Turismo, Pol\u00edtica, Sociedad, Deporte, Cultura y todo el contenido de inter\u00e9s general que la gente del pueblo y la regi\u00f3n debe conocer.\" \/>\n<meta property=\"og:url\" content=\"https:\/\/www.celttv.com.ar\/index.php\/2012\/04\/17\/autoridades-provinciales-y-municipales-visitaron-la-obra-del-parque-lineal\/\" \/>\n<meta property=\"og:site_name\" content=\"CELTTV\" \/>\n<meta property=\"article:publisher\" content=\"https:\/\/www.facebook.com\/celtTV\/\" \/>\n<meta property=\"article:published_time\" content=\"2012-04-17T23:40:14+00:00\" \/>\n<meta name=\"author\" content=\"ulises\" \/>\n<meta name=\"twitter:card\" content=\"summary_large_image\" \/>\n<meta name=\"twitter:label1\" content=\"Escrito por\" \/>\n\t<meta name=\"twitter:data1\" content=\"ulises\" \/>\n\t<meta name=\"twitter:label2\" content=\"Tiempo de lectura\" \/>\n\t<meta name=\"twitter:data2\" content=\"2 minutos\" \/>\n<script type=\"application\/ld+json\" class=\"yoast-schema-graph\">{\"@context\":\"https:\/\/schema.org\",\"@graph\":[{\"@type\":\"NewsArticle\",\"@id\":\"https:\/\/www.celttv.com.ar\/index.php\/2012\/04\/17\/autoridades-provinciales-y-municipales-visitaron-la-obra-del-parque-lineal\/#article\",\"isPartOf\":{\"@id\":\"https:\/\/www.celttv.com.ar\/index.php\/2012\/04\/17\/autoridades-provinciales-y-municipales-visitaron-la-obra-del-parque-lineal\/\"},\"author\":{\"name\":\"ulises\",\"@id\":\"https:\/\/www.celttv.com.ar\/#\/schema\/person\/6d99c072dba59953809c81446e9d0ace\"},\"headline\":\"AUTORIDADES PROVINCIALES Y MUNICIPALES VISITARON LA OBRA DEL PARQUE LINEAL\",\"datePublished\":\"2012-04-17T23:40:14+00:00\",\"dateModified\":\"2012-04-17T23:40:14+00:00\",\"mainEntityOfPage\":{\"@id\":\"https:\/\/www.celttv.com.ar\/index.php\/2012\/04\/17\/autoridades-provinciales-y-municipales-visitaron-la-obra-del-parque-lineal\/\"},\"wordCount\":429,\"publisher\":{\"@id\":\"https:\/\/www.celttv.com.ar\/#organization\"},\"articleSection\":[\"Comunidad\",\"Destacadas\",\"Pol\u00edtica\"],\"inLanguage\":\"es\"},{\"@type\":\"WebPage\",\"@id\":\"https:\/\/www.celttv.com.ar\/index.php\/2012\/04\/17\/autoridades-provinciales-y-municipales-visitaron-la-obra-del-parque-lineal\/\",\"url\":\"https:\/\/www.celttv.com.ar\/index.php\/2012\/04\/17\/autoridades-provinciales-y-municipales-visitaron-la-obra-del-parque-lineal\/\",\"name\":\"AUTORIDADES PROVINCIALES Y MUNICIPALES VISITARON LA OBRA DEL PARQUE LINEAL - CELTTV\",\"isPartOf\":{\"@id\":\"https:\/\/www.celttv.com.ar\/#website\"},\"datePublished\":\"2012-04-17T23:40:14+00:00\",\"dateModified\":\"2012-04-17T23:40:14+00:00\",\"description\":\"Sitio web de noticias de la localidad de Tornquist, provincia de Buenos Aires, Rep\u00fablica Argentina. Contenido propio originado por periodistas de CELTTV, el canal de TV local de la Cooperativa El\u00e9ctrica de Tornquist. Turismo, Pol\u00edtica, Sociedad, Deporte, Cultura y todo el contenido de inter\u00e9s general que la gente del pueblo y la regi\u00f3n debe conocer.\",\"breadcrumb\":{\"@id\":\"https:\/\/www.celttv.com.ar\/index.php\/2012\/04\/17\/autoridades-provinciales-y-municipales-visitaron-la-obra-del-parque-lineal\/#breadcrumb\"},\"inLanguage\":\"es\",\"potentialAction\":[{\"@type\":\"ReadAction\",\"target\":[\"https:\/\/www.celttv.com.ar\/index.php\/2012\/04\/17\/autoridades-provinciales-y-municipales-visitaron-la-obra-del-parque-lineal\/\"]}]},{\"@type\":\"BreadcrumbList\",\"@id\":\"https:\/\/www.celttv.com.ar\/index.php\/2012\/04\/17\/autoridades-provinciales-y-municipales-visitaron-la-obra-del-parque-lineal\/#breadcrumb\",\"itemListElement\":[{\"@type\":\"ListItem\",\"position\":1,\"name\":\"Inicio\",\"item\":\"https:\/\/www.celttv.com.ar\/\"},{\"@type\":\"ListItem\",\"position\":2,\"name\":\"AUTORIDADES PROVINCIALES Y MUNICIPALES VISITARON LA OBRA DEL PARQUE LINEAL\"}]},{\"@type\":\"WebSite\",\"@id\":\"https:\/\/www.celttv.com.ar\/#website\",\"url\":\"https:\/\/www.celttv.com.ar\/\",\"name\":\"CELTTV\",\"description\":\"Cooperativa El\u00e9ctrica de Tornquist\",\"publisher\":{\"@id\":\"https:\/\/www.celttv.com.ar\/#organization\"},\"potentialAction\":[{\"@type\":\"SearchAction\",\"target\":{\"@type\":\"EntryPoint\",\"urlTemplate\":\"https:\/\/www.celttv.com.ar\/?s={search_term_string}\"},\"query-input\":\"required name=search_term_string\"}],\"inLanguage\":\"es\"},{\"@type\":\"Organization\",\"@id\":\"https:\/\/www.celttv.com.ar\/#organization\",\"name\":\"CELTTV\",\"url\":\"https:\/\/www.celttv.com.ar\/\",\"sameAs\":[\"https:\/\/www.youtube.com\/channel\/UCz_oIt8Hig64Ub-EmcNPIhg\",\"https:\/\/www.facebook.com\/celtTV\/\"],\"logo\":{\"@type\":\"ImageObject\",\"inLanguage\":\"es\",\"@id\":\"https:\/\/www.celttv.com.ar\/#\/schema\/logo\/image\/\",\"url\":\"http:\/\/www.celttv.com.ar\/wp-content\/uploads\/2022\/08\/logo-1.png\",\"contentUrl\":\"http:\/\/www.celttv.com.ar\/wp-content\/uploads\/2022\/08\/logo-1.png\",\"width\":461,\"height\":159,\"caption\":\"CELTTV\"},\"image\":{\"@id\":\"https:\/\/www.celttv.com.ar\/#\/schema\/logo\/image\/\"}},{\"@type\":\"Person\",\"@id\":\"https:\/\/www.celttv.com.ar\/#\/schema\/person\/6d99c072dba59953809c81446e9d0ace\",\"name\":\"ulises\",\"image\":{\"@type\":\"ImageObject\",\"inLanguage\":\"es\",\"@id\":\"https:\/\/www.celttv.com.ar\/#\/schema\/person\/image\/\",\"url\":\"https:\/\/secure.gravatar.com\/avatar\/7f2c48bdc33b30088f941fb6082e555f2874c98e20cb159d7b92b50eadfce793?s=96&d=mm&r=g\",\"contentUrl\":\"https:\/\/secure.gravatar.com\/avatar\/7f2c48bdc33b30088f941fb6082e555f2874c98e20cb159d7b92b50eadfce793?s=96&d=mm&r=g\",\"caption\":\"ulises\"},\"sameAs\":[\"http:\/\/www.celttv.com.ar\"]}]}<\/script>\n<!-- \/ Yoast SEO plugin. -->","yoast_head_json":{"title":"AUTORIDADES PROVINCIALES Y MUNICIPALES VISITARON LA OBRA DEL PARQUE LINEAL - CELTTV","description":"Sitio web de noticias de la localidad de Tornquist, provincia de Buenos Aires, Rep\u00fablica Argentina. Contenido propio originado por periodistas de CELTTV, el canal de TV local de la Cooperativa El\u00e9ctrica de Tornquist. Turismo, Pol\u00edtica, Sociedad, Deporte, Cultura y todo el contenido de inter\u00e9s general que la gente del pueblo y la regi\u00f3n debe conocer.","robots":{"index":"index","follow":"follow","max-snippet":"max-snippet:-1","max-image-preview":"max-image-preview:large","max-video-preview":"max-video-preview:-1"},"canonical":"https:\/\/www.celttv.com.ar\/index.php\/2012\/04\/17\/autoridades-provinciales-y-municipales-visitaron-la-obra-del-parque-lineal\/","og_locale":"es_ES","og_type":"article","og_title":"AUTORIDADES PROVINCIALES Y MUNICIPALES VISITARON LA OBRA DEL PARQUE LINEAL - CELTTV","og_description":"Sitio web de noticias de la localidad de Tornquist, provincia de Buenos Aires, Rep\u00fablica Argentina. Contenido propio originado por periodistas de CELTTV, el canal de TV local de la Cooperativa El\u00e9ctrica de Tornquist. Turismo, Pol\u00edtica, Sociedad, Deporte, Cultura y todo el contenido de inter\u00e9s general que la gente del pueblo y la regi\u00f3n debe conocer.","og_url":"https:\/\/www.celttv.com.ar\/index.php\/2012\/04\/17\/autoridades-provinciales-y-municipales-visitaron-la-obra-del-parque-lineal\/","og_site_name":"CELTTV","article_publisher":"https:\/\/www.facebook.com\/celtTV\/","article_published_time":"2012-04-17T23:40:14+00:00","author":"ulises","twitter_card":"summary_large_image","twitter_misc":{"Escrito por":"ulises","Tiempo de lectura":"2 minutos"},"schema":{"@context":"https:\/\/schema.org","@graph":[{"@type":"NewsArticle","@id":"https:\/\/www.celttv.com.ar\/index.php\/2012\/04\/17\/autoridades-provinciales-y-municipales-visitaron-la-obra-del-parque-lineal\/#article","isPartOf":{"@id":"https:\/\/www.celttv.com.ar\/index.php\/2012\/04\/17\/autoridades-provinciales-y-municipales-visitaron-la-obra-del-parque-lineal\/"},"author":{"name":"ulises","@id":"https:\/\/www.celttv.com.ar\/#\/schema\/person\/6d99c072dba59953809c81446e9d0ace"},"headline":"AUTORIDADES PROVINCIALES Y MUNICIPALES VISITARON LA OBRA DEL PARQUE LINEAL","datePublished":"2012-04-17T23:40:14+00:00","dateModified":"2012-04-17T23:40:14+00:00","mainEntityOfPage":{"@id":"https:\/\/www.celttv.com.ar\/index.php\/2012\/04\/17\/autoridades-provinciales-y-municipales-visitaron-la-obra-del-parque-lineal\/"},"wordCount":429,"publisher":{"@id":"https:\/\/www.celttv.com.ar\/#organization"},"articleSection":["Comunidad","Destacadas","Pol\u00edtica"],"inLanguage":"es"},{"@type":"WebPage","@id":"https:\/\/www.celttv.com.ar\/index.php\/2012\/04\/17\/autoridades-provinciales-y-municipales-visitaron-la-obra-del-parque-lineal\/","url":"https:\/\/www.celttv.com.ar\/index.php\/2012\/04\/17\/autoridades-provinciales-y-municipales-visitaron-la-obra-del-parque-lineal\/","name":"AUTORIDADES PROVINCIALES Y MUNICIPALES VISITARON LA OBRA DEL PARQUE LINEAL - CELTTV","isPartOf":{"@id":"https:\/\/www.celttv.com.ar\/#website"},"datePublished":"2012-04-17T23:40:14+00:00","dateModified":"2012-04-17T23:40:14+00:00","description":"Sitio web de noticias de la localidad de Tornquist, provincia de Buenos Aires, Rep\u00fablica Argentina. Contenido propio originado por periodistas de CELTTV, el canal de TV local de la Cooperativa El\u00e9ctrica de Tornquist. Turismo, Pol\u00edtica, Sociedad, Deporte, Cultura y todo el contenido de inter\u00e9s general que la gente del pueblo y la regi\u00f3n debe conocer.","breadcrumb":{"@id":"https:\/\/www.celttv.com.ar\/index.php\/2012\/04\/17\/autoridades-provinciales-y-municipales-visitaron-la-obra-del-parque-lineal\/#breadcrumb"},"inLanguage":"es","potentialAction":[{"@type":"ReadAction","target":["https:\/\/www.celttv.com.ar\/index.php\/2012\/04\/17\/autoridades-provinciales-y-municipales-visitaron-la-obra-del-parque-lineal\/"]}]},{"@type":"BreadcrumbList","@id":"https:\/\/www.celttv.com.ar\/index.php\/2012\/04\/17\/autoridades-provinciales-y-municipales-visitaron-la-obra-del-parque-lineal\/#breadcrumb","itemListElement":[{"@type":"ListItem","position":1,"name":"Inicio","item":"https:\/\/www.celttv.com.ar\/"},{"@type":"ListItem","position":2,"name":"AUTORIDADES PROVINCIALES Y MUNICIPALES VISITARON LA OBRA DEL PARQUE LINEAL"}]},{"@type":"WebSite","@id":"https:\/\/www.celttv.com.ar\/#website","url":"https:\/\/www.celttv.com.ar\/","name":"CELTTV","description":"Cooperativa El\u00e9ctrica de Tornquist","publisher":{"@id":"https:\/\/www.celttv.com.ar\/#organization"},"potentialAction":[{"@type":"SearchAction","target":{"@type":"EntryPoint","urlTemplate":"https:\/\/www.celttv.com.ar\/?s={search_term_string}"},"query-input":"required name=search_term_string"}],"inLanguage":"es"},{"@type":"Organization","@id":"https:\/\/www.celttv.com.ar\/#organization","name":"CELTTV","url":"https:\/\/www.celttv.com.ar\/","sameAs":["https:\/\/www.youtube.com\/channel\/UCz_oIt8Hig64Ub-EmcNPIhg","https:\/\/www.facebook.com\/celtTV\/"],"logo":{"@type":"ImageObject","inLanguage":"es","@id":"https:\/\/www.celttv.com.ar\/#\/schema\/logo\/image\/","url":"http:\/\/www.celttv.com.ar\/wp-content\/uploads\/2022\/08\/logo-1.png","contentUrl":"http:\/\/www.celttv.com.ar\/wp-content\/uploads\/2022\/08\/logo-1.png","width":461,"height":159,"caption":"CELTTV"},"image":{"@id":"https:\/\/www.celttv.com.ar\/#\/schema\/logo\/image\/"}},{"@type":"Person","@id":"https:\/\/www.celttv.com.ar\/#\/schema\/person\/6d99c072dba59953809c81446e9d0ace","name":"ulises","image":{"@type":"ImageObject","inLanguage":"es","@id":"https:\/\/www.celttv.com.ar\/#\/schema\/person\/image\/","url":"https:\/\/secure.gravatar.com\/avatar\/7f2c48bdc33b30088f941fb6082e555f2874c98e20cb159d7b92b50eadfce793?s=96&d=mm&r=g","contentUrl":"https:\/\/secure.gravatar.com\/avatar\/7f2c48bdc33b30088f941fb6082e555f2874c98e20cb159d7b92b50eadfce793?s=96&d=mm&r=g","caption":"ulises"},"sameAs":["http:\/\/www.celttv.com.ar"]}]}},"_links":{"self":[{"href":"https:\/\/www.celttv.com.ar\/index.php\/wp-json\/wp\/v2\/posts\/6090","targetHints":{"allow":["GET"]}}],"collection":[{"href":"https:\/\/www.celttv.com.ar\/index.php\/wp-json\/wp\/v2\/posts"}],"about":[{"href":"https:\/\/www.celttv.com.ar\/index.php\/wp-json\/wp\/v2\/types\/post"}],"author":[{"embeddable":true,"href":"https:\/\/www.celttv.com.ar\/index.php\/wp-json\/wp\/v2\/users\/1"}],"replies":[{"embeddable":true,"href":"https:\/\/www.celttv.com.ar\/index.php\/wp-json\/wp\/v2\/comments?post=6090"}],"version-history":[{"count":0,"href":"https:\/\/www.celttv.com.ar\/index.php\/wp-json\/wp\/v2\/posts\/6090\/revisions"}],"wp:attachment":[{"href":"https:\/\/www.celttv.com.ar\/index.php\/wp-json\/wp\/v2\/media?parent=6090"}],"wp:term":[{"taxonomy":"category","embeddable":true,"href":"https:\/\/www.celttv.com.ar\/index.php\/wp-json\/wp\/v2\/categories?post=6090"},{"taxonomy":"post_tag","embeddable":true,"href":"https:\/\/www.celttv.com.ar\/index.php\/wp-json\/wp\/v2\/tags?post=6090"}],"curies":[{"name":"wp","href":"https:\/\/api.w.org\/{rel}","templated":true}]}}