{"id":61075,"date":"2021-10-25T20:17:57","date_gmt":"2021-10-25T20:17:57","guid":{"rendered":"http:\/\/www.celttv.com.ar\/?p=61075"},"modified":"2021-10-25T20:17:57","modified_gmt":"2021-10-25T20:17:57","slug":"martin-haag-las-temperaturas-y-los-vientos-generan-las-condiciones-optimas-para-que-tengamos-incendios","status":"publish","type":"post","link":"https:\/\/www.celttv.com.ar\/index.php\/2021\/10\/25\/martin-haag-las-temperaturas-y-los-vientos-generan-las-condiciones-optimas-para-que-tengamos-incendios\/","title":{"rendered":"Mart\u00edn Haag: &#8220;Las temperaturas y los vientos generan las condiciones \u00f3ptimas para que tengamos incendios&#8221;"},"content":{"rendered":"\n<p>&#8220;Los pron\u00f3sticos indican que vamos a tener un a\u00f1o muy complejo&#8221; dijo a CELTTV  Noticias el jefe de los Bomberos Voluntarios de Tornquist al ser consultado sobre este adelantamiento del verano y la situaci\u00f3n de los pastizales, principalmente en la zona serrana, y la ausencia de cortafuegos en varios predios agropecuarios.<\/p>\n\n\n\n<p>En esa direcci\u00f3n coment\u00f3 que recientemente particip\u00f3 de una reuni\u00f3n del Sistema Nacional de Emergencia &#8220;En este centro de monitoreo que est\u00e1 en el Ministerio de Seguridad, donde nos mostraban como viene el panorama para estos meses y las condiciones son de alerta por la inexistencia de lluvias importantes&#8221; se\u00f1al\u00f3 Haag.<\/p>\n\n\n\n<p>&#8220;Esto indica que el combustible, las temperaturas y los vientos generar\u00e1n las condiciones \u00f3ptimas para que tengamos incendios, incluso fuera de temporada&#8221; se\u00f1al\u00f3 el jefe de los bomberos de Tornquist.<\/p>\n\n\n\n<p>&#8220;Hay cerros y lugares que hace muchos a\u00f1os no se queman y eso genera  una carga de combustible muy importante. Las condiciones est\u00e1n dadas para que los incendios comiencen muy temprano&#8221;  subray\u00f3 Mart\u00edn Haag<\/p>\n\n\n\n<p>Seg\u00fan lo expresado por Mart\u00edn Haag hasta el momento no hay confirmaci\u00f3n de poder contar, como en temporadas anteriores, con el apoyo del avi\u00f3n hidrante que operaba desde el aero club local.<\/p>\n\n\n\n<p><strong>NOTA COMPLETA EN VIDEO DE CELT TV NOTICIAS<\/strong><\/p>\n\n\n\n<figure class=\"wp-block-embed is-type-video is-provider-youtube wp-block-embed-youtube wp-embed-aspect-16-9 wp-has-aspect-ratio\"><div class=\"wp-block-embed__wrapper\">\n<iframe loading=\"lazy\" title=\"2021 10 22 MARTIN HAAG   JEFE DEL CUERPO ACTIVO\" width=\"500\" height=\"281\" src=\"https:\/\/www.youtube.com\/embed\/AdhFsCsH0wI?feature=oembed\" frameborder=\"0\" allow=\"accelerometer; autoplay; clipboard-write; encrypted-media; gyroscope; picture-in-picture; web-share\" referrerpolicy=\"strict-origin-when-cross-origin\" allowfullscreen><\/iframe>\n<\/div><\/figure>\n","protected":false},"excerpt":{"rendered":"<p>&#8220;Los pron\u00f3sticos indican que vamos a tener un a\u00f1o muy complejo&#8221; dijo a CELTTV Noticias el jefe de los Bomberos Voluntarios de Tornquist al ser consultado sobre este adelantamiento del verano y la situaci\u00f3n de los pastizales, principalmente en la zona serrana, y la ausencia de cortafuegos en varios predios agropecuarios. En esa direcci\u00f3n coment\u00f3 [&hellip;]<\/p>\n","protected":false},"author":1,"featured_media":52863,"comment_status":"closed","ping_status":"open","sticky":false,"template":"","format":"standard","meta":{"footnotes":""},"categories":[55,51,52,65,58],"tags":[],"class_list":["post-61075","post","type-post","status-publish","format-standard","has-post-thumbnail","hentry","category-celt-tv-noticias","category-comunidad","category-destacadas","category-produccion","category-turismo"],"yoast_head":"<!-- This site is optimized with the Yoast SEO plugin v19.7.1 - https:\/\/yoast.com\/wordpress\/plugins\/seo\/ -->\n<title>Mart\u00edn Haag: &quot;Las temperaturas y los vientos generan las condiciones \u00f3ptimas para que tengamos incendios&quot; - CELTTV<\/title>\n<meta name=\"description\" content=\"Sitio web de noticias de la localidad de Tornquist, provincia de Buenos Aires, Rep\u00fablica Argentina. Contenido propio originado por periodistas de CELTTV, el canal de TV local de la Cooperativa El\u00e9ctrica de Tornquist. Turismo, Pol\u00edtica, Sociedad, Deporte, Cultura y todo el contenido de inter\u00e9s general que la gente del pueblo y la regi\u00f3n debe conocer.\" \/>\n<meta name=\"robots\" content=\"index, follow, max-snippet:-1, max-image-preview:large, max-video-preview:-1\" \/>\n<link rel=\"canonical\" href=\"https:\/\/www.celttv.com.ar\/index.php\/2021\/10\/25\/martin-haag-las-temperaturas-y-los-vientos-generan-las-condiciones-optimas-para-que-tengamos-incendios\/\" \/>\n<meta property=\"og:locale\" content=\"es_ES\" \/>\n<meta property=\"og:type\" content=\"article\" \/>\n<meta property=\"og:title\" content=\"Mart\u00edn Haag: &quot;Las temperaturas y los vientos generan las condiciones \u00f3ptimas para que tengamos incendios&quot; - CELTTV\" \/>\n<meta property=\"og:description\" content=\"Sitio web de noticias de la localidad de Tornquist, provincia de Buenos Aires, Rep\u00fablica Argentina. Contenido propio originado por periodistas de CELTTV, el canal de TV local de la Cooperativa El\u00e9ctrica de Tornquist. Turismo, Pol\u00edtica, Sociedad, Deporte, Cultura y todo el contenido de inter\u00e9s general que la gente del pueblo y la regi\u00f3n debe conocer.\" \/>\n<meta property=\"og:url\" content=\"https:\/\/www.celttv.com.ar\/index.php\/2021\/10\/25\/martin-haag-las-temperaturas-y-los-vientos-generan-las-condiciones-optimas-para-que-tengamos-incendios\/\" \/>\n<meta property=\"og:site_name\" content=\"CELTTV\" \/>\n<meta property=\"article:publisher\" content=\"https:\/\/www.facebook.com\/celtTV\/\" \/>\n<meta property=\"article:published_time\" content=\"2021-10-25T20:17:57+00:00\" \/>\n<meta property=\"og:image\" content=\"https:\/\/www.celttv.com.ar\/wp-content\/uploads\/2020\/10\/Incendios.jpg\" \/>\n\t<meta property=\"og:image:width\" content=\"800\" \/>\n\t<meta property=\"og:image:height\" content=\"483\" \/>\n\t<meta property=\"og:image:type\" content=\"image\/jpeg\" \/>\n<meta name=\"author\" content=\"ulises\" \/>\n<meta name=\"twitter:card\" content=\"summary_large_image\" \/>\n<meta name=\"twitter:label1\" content=\"Escrito por\" \/>\n\t<meta name=\"twitter:data1\" content=\"ulises\" \/>\n\t<meta name=\"twitter:label2\" content=\"Tiempo de lectura\" \/>\n\t<meta name=\"twitter:data2\" content=\"1 minuto\" \/>\n<script type=\"application\/ld+json\" class=\"yoast-schema-graph\">{\"@context\":\"https:\/\/schema.org\",\"@graph\":[{\"@type\":\"NewsArticle\",\"@id\":\"https:\/\/www.celttv.com.ar\/index.php\/2021\/10\/25\/martin-haag-las-temperaturas-y-los-vientos-generan-las-condiciones-optimas-para-que-tengamos-incendios\/#article\",\"isPartOf\":{\"@id\":\"https:\/\/www.celttv.com.ar\/index.php\/2021\/10\/25\/martin-haag-las-temperaturas-y-los-vientos-generan-las-condiciones-optimas-para-que-tengamos-incendios\/\"},\"author\":{\"name\":\"ulises\",\"@id\":\"https:\/\/www.celttv.com.ar\/#\/schema\/person\/6d99c072dba59953809c81446e9d0ace\"},\"headline\":\"Mart\u00edn Haag: &#8220;Las temperaturas y los vientos generan las condiciones \u00f3ptimas para que tengamos incendios&#8221;\",\"datePublished\":\"2021-10-25T20:17:57+00:00\",\"dateModified\":\"2021-10-25T20:17:57+00:00\",\"mainEntityOfPage\":{\"@id\":\"https:\/\/www.celttv.com.ar\/index.php\/2021\/10\/25\/martin-haag-las-temperaturas-y-los-vientos-generan-las-condiciones-optimas-para-que-tengamos-incendios\/\"},\"wordCount\":242,\"publisher\":{\"@id\":\"https:\/\/www.celttv.com.ar\/#organization\"},\"articleSection\":[\"Celt TV Noticias\",\"Comunidad\",\"Destacadas\",\"Producci\u00f3n y Medio Ambiente\",\"Turismo\"],\"inLanguage\":\"es\"},{\"@type\":\"WebPage\",\"@id\":\"https:\/\/www.celttv.com.ar\/index.php\/2021\/10\/25\/martin-haag-las-temperaturas-y-los-vientos-generan-las-condiciones-optimas-para-que-tengamos-incendios\/\",\"url\":\"https:\/\/www.celttv.com.ar\/index.php\/2021\/10\/25\/martin-haag-las-temperaturas-y-los-vientos-generan-las-condiciones-optimas-para-que-tengamos-incendios\/\",\"name\":\"Mart\u00edn Haag: \\\"Las temperaturas y los vientos generan las condiciones \u00f3ptimas para que tengamos incendios\\\" - CELTTV\",\"isPartOf\":{\"@id\":\"https:\/\/www.celttv.com.ar\/#website\"},\"datePublished\":\"2021-10-25T20:17:57+00:00\",\"dateModified\":\"2021-10-25T20:17:57+00:00\",\"description\":\"Sitio web de noticias de la localidad de Tornquist, provincia de Buenos Aires, Rep\u00fablica Argentina. Contenido propio originado por periodistas de CELTTV, el canal de TV local de la Cooperativa El\u00e9ctrica de Tornquist. Turismo, Pol\u00edtica, Sociedad, Deporte, Cultura y todo el contenido de inter\u00e9s general que la gente del pueblo y la regi\u00f3n debe conocer.\",\"breadcrumb\":{\"@id\":\"https:\/\/www.celttv.com.ar\/index.php\/2021\/10\/25\/martin-haag-las-temperaturas-y-los-vientos-generan-las-condiciones-optimas-para-que-tengamos-incendios\/#breadcrumb\"},\"inLanguage\":\"es\",\"potentialAction\":[{\"@type\":\"ReadAction\",\"target\":[\"https:\/\/www.celttv.com.ar\/index.php\/2021\/10\/25\/martin-haag-las-temperaturas-y-los-vientos-generan-las-condiciones-optimas-para-que-tengamos-incendios\/\"]}]},{\"@type\":\"BreadcrumbList\",\"@id\":\"https:\/\/www.celttv.com.ar\/index.php\/2021\/10\/25\/martin-haag-las-temperaturas-y-los-vientos-generan-las-condiciones-optimas-para-que-tengamos-incendios\/#breadcrumb\",\"itemListElement\":[{\"@type\":\"ListItem\",\"position\":1,\"name\":\"Inicio\",\"item\":\"https:\/\/www.celttv.com.ar\/\"},{\"@type\":\"ListItem\",\"position\":2,\"name\":\"Mart\u00edn Haag: &#8220;Las temperaturas y los vientos generan las condiciones \u00f3ptimas para que tengamos incendios&#8221;\"}]},{\"@type\":\"WebSite\",\"@id\":\"https:\/\/www.celttv.com.ar\/#website\",\"url\":\"https:\/\/www.celttv.com.ar\/\",\"name\":\"CELTTV\",\"description\":\"Cooperativa El\u00e9ctrica de Tornquist\",\"publisher\":{\"@id\":\"https:\/\/www.celttv.com.ar\/#organization\"},\"potentialAction\":[{\"@type\":\"SearchAction\",\"target\":{\"@type\":\"EntryPoint\",\"urlTemplate\":\"https:\/\/www.celttv.com.ar\/?s={search_term_string}\"},\"query-input\":\"required name=search_term_string\"}],\"inLanguage\":\"es\"},{\"@type\":\"Organization\",\"@id\":\"https:\/\/www.celttv.com.ar\/#organization\",\"name\":\"CELTTV\",\"url\":\"https:\/\/www.celttv.com.ar\/\",\"sameAs\":[\"https:\/\/www.youtube.com\/channel\/UCz_oIt8Hig64Ub-EmcNPIhg\",\"https:\/\/www.facebook.com\/celtTV\/\"],\"logo\":{\"@type\":\"ImageObject\",\"inLanguage\":\"es\",\"@id\":\"https:\/\/www.celttv.com.ar\/#\/schema\/logo\/image\/\",\"url\":\"http:\/\/www.celttv.com.ar\/wp-content\/uploads\/2022\/08\/logo-1.png\",\"contentUrl\":\"http:\/\/www.celttv.com.ar\/wp-content\/uploads\/2022\/08\/logo-1.png\",\"width\":461,\"height\":159,\"caption\":\"CELTTV\"},\"image\":{\"@id\":\"https:\/\/www.celttv.com.ar\/#\/schema\/logo\/image\/\"}},{\"@type\":\"Person\",\"@id\":\"https:\/\/www.celttv.com.ar\/#\/schema\/person\/6d99c072dba59953809c81446e9d0ace\",\"name\":\"ulises\",\"image\":{\"@type\":\"ImageObject\",\"inLanguage\":\"es\",\"@id\":\"https:\/\/www.celttv.com.ar\/#\/schema\/person\/image\/\",\"url\":\"https:\/\/secure.gravatar.com\/avatar\/7f2c48bdc33b30088f941fb6082e555f2874c98e20cb159d7b92b50eadfce793?s=96&d=mm&r=g\",\"contentUrl\":\"https:\/\/secure.gravatar.com\/avatar\/7f2c48bdc33b30088f941fb6082e555f2874c98e20cb159d7b92b50eadfce793?s=96&d=mm&r=g\",\"caption\":\"ulises\"},\"sameAs\":[\"http:\/\/www.celttv.com.ar\"]}]}<\/script>\n<!-- \/ Yoast SEO plugin. -->","yoast_head_json":{"title":"Mart\u00edn Haag: \"Las temperaturas y los vientos generan las condiciones \u00f3ptimas para que tengamos incendios\" - CELTTV","description":"Sitio web de noticias de la localidad de Tornquist, provincia de Buenos Aires, Rep\u00fablica Argentina. Contenido propio originado por periodistas de CELTTV, el canal de TV local de la Cooperativa El\u00e9ctrica de Tornquist. Turismo, Pol\u00edtica, Sociedad, Deporte, Cultura y todo el contenido de inter\u00e9s general que la gente del pueblo y la regi\u00f3n debe conocer.","robots":{"index":"index","follow":"follow","max-snippet":"max-snippet:-1","max-image-preview":"max-image-preview:large","max-video-preview":"max-video-preview:-1"},"canonical":"https:\/\/www.celttv.com.ar\/index.php\/2021\/10\/25\/martin-haag-las-temperaturas-y-los-vientos-generan-las-condiciones-optimas-para-que-tengamos-incendios\/","og_locale":"es_ES","og_type":"article","og_title":"Mart\u00edn Haag: \"Las temperaturas y los vientos generan las condiciones \u00f3ptimas para que tengamos incendios\" - CELTTV","og_description":"Sitio web de noticias de la localidad de Tornquist, provincia de Buenos Aires, Rep\u00fablica Argentina. Contenido propio originado por periodistas de CELTTV, el canal de TV local de la Cooperativa El\u00e9ctrica de Tornquist. Turismo, Pol\u00edtica, Sociedad, Deporte, Cultura y todo el contenido de inter\u00e9s general que la gente del pueblo y la regi\u00f3n debe conocer.","og_url":"https:\/\/www.celttv.com.ar\/index.php\/2021\/10\/25\/martin-haag-las-temperaturas-y-los-vientos-generan-las-condiciones-optimas-para-que-tengamos-incendios\/","og_site_name":"CELTTV","article_publisher":"https:\/\/www.facebook.com\/celtTV\/","article_published_time":"2021-10-25T20:17:57+00:00","og_image":[{"width":800,"height":483,"url":"https:\/\/www.celttv.com.ar\/wp-content\/uploads\/2020\/10\/Incendios.jpg","type":"image\/jpeg"}],"author":"ulises","twitter_card":"summary_large_image","twitter_misc":{"Escrito por":"ulises","Tiempo de lectura":"1 minuto"},"schema":{"@context":"https:\/\/schema.org","@graph":[{"@type":"NewsArticle","@id":"https:\/\/www.celttv.com.ar\/index.php\/2021\/10\/25\/martin-haag-las-temperaturas-y-los-vientos-generan-las-condiciones-optimas-para-que-tengamos-incendios\/#article","isPartOf":{"@id":"https:\/\/www.celttv.com.ar\/index.php\/2021\/10\/25\/martin-haag-las-temperaturas-y-los-vientos-generan-las-condiciones-optimas-para-que-tengamos-incendios\/"},"author":{"name":"ulises","@id":"https:\/\/www.celttv.com.ar\/#\/schema\/person\/6d99c072dba59953809c81446e9d0ace"},"headline":"Mart\u00edn Haag: &#8220;Las temperaturas y los vientos generan las condiciones \u00f3ptimas para que tengamos incendios&#8221;","datePublished":"2021-10-25T20:17:57+00:00","dateModified":"2021-10-25T20:17:57+00:00","mainEntityOfPage":{"@id":"https:\/\/www.celttv.com.ar\/index.php\/2021\/10\/25\/martin-haag-las-temperaturas-y-los-vientos-generan-las-condiciones-optimas-para-que-tengamos-incendios\/"},"wordCount":242,"publisher":{"@id":"https:\/\/www.celttv.com.ar\/#organization"},"articleSection":["Celt TV Noticias","Comunidad","Destacadas","Producci\u00f3n y Medio Ambiente","Turismo"],"inLanguage":"es"},{"@type":"WebPage","@id":"https:\/\/www.celttv.com.ar\/index.php\/2021\/10\/25\/martin-haag-las-temperaturas-y-los-vientos-generan-las-condiciones-optimas-para-que-tengamos-incendios\/","url":"https:\/\/www.celttv.com.ar\/index.php\/2021\/10\/25\/martin-haag-las-temperaturas-y-los-vientos-generan-las-condiciones-optimas-para-que-tengamos-incendios\/","name":"Mart\u00edn Haag: \"Las temperaturas y los vientos generan las condiciones \u00f3ptimas para que tengamos incendios\" - CELTTV","isPartOf":{"@id":"https:\/\/www.celttv.com.ar\/#website"},"datePublished":"2021-10-25T20:17:57+00:00","dateModified":"2021-10-25T20:17:57+00:00","description":"Sitio web de noticias de la localidad de Tornquist, provincia de Buenos Aires, Rep\u00fablica Argentina. Contenido propio originado por periodistas de CELTTV, el canal de TV local de la Cooperativa El\u00e9ctrica de Tornquist. Turismo, Pol\u00edtica, Sociedad, Deporte, Cultura y todo el contenido de inter\u00e9s general que la gente del pueblo y la regi\u00f3n debe conocer.","breadcrumb":{"@id":"https:\/\/www.celttv.com.ar\/index.php\/2021\/10\/25\/martin-haag-las-temperaturas-y-los-vientos-generan-las-condiciones-optimas-para-que-tengamos-incendios\/#breadcrumb"},"inLanguage":"es","potentialAction":[{"@type":"ReadAction","target":["https:\/\/www.celttv.com.ar\/index.php\/2021\/10\/25\/martin-haag-las-temperaturas-y-los-vientos-generan-las-condiciones-optimas-para-que-tengamos-incendios\/"]}]},{"@type":"BreadcrumbList","@id":"https:\/\/www.celttv.com.ar\/index.php\/2021\/10\/25\/martin-haag-las-temperaturas-y-los-vientos-generan-las-condiciones-optimas-para-que-tengamos-incendios\/#breadcrumb","itemListElement":[{"@type":"ListItem","position":1,"name":"Inicio","item":"https:\/\/www.celttv.com.ar\/"},{"@type":"ListItem","position":2,"name":"Mart\u00edn Haag: &#8220;Las temperaturas y los vientos generan las condiciones \u00f3ptimas para que tengamos incendios&#8221;"}]},{"@type":"WebSite","@id":"https:\/\/www.celttv.com.ar\/#website","url":"https:\/\/www.celttv.com.ar\/","name":"CELTTV","description":"Cooperativa El\u00e9ctrica de Tornquist","publisher":{"@id":"https:\/\/www.celttv.com.ar\/#organization"},"potentialAction":[{"@type":"SearchAction","target":{"@type":"EntryPoint","urlTemplate":"https:\/\/www.celttv.com.ar\/?s={search_term_string}"},"query-input":"required name=search_term_string"}],"inLanguage":"es"},{"@type":"Organization","@id":"https:\/\/www.celttv.com.ar\/#organization","name":"CELTTV","url":"https:\/\/www.celttv.com.ar\/","sameAs":["https:\/\/www.youtube.com\/channel\/UCz_oIt8Hig64Ub-EmcNPIhg","https:\/\/www.facebook.com\/celtTV\/"],"logo":{"@type":"ImageObject","inLanguage":"es","@id":"https:\/\/www.celttv.com.ar\/#\/schema\/logo\/image\/","url":"http:\/\/www.celttv.com.ar\/wp-content\/uploads\/2022\/08\/logo-1.png","contentUrl":"http:\/\/www.celttv.com.ar\/wp-content\/uploads\/2022\/08\/logo-1.png","width":461,"height":159,"caption":"CELTTV"},"image":{"@id":"https:\/\/www.celttv.com.ar\/#\/schema\/logo\/image\/"}},{"@type":"Person","@id":"https:\/\/www.celttv.com.ar\/#\/schema\/person\/6d99c072dba59953809c81446e9d0ace","name":"ulises","image":{"@type":"ImageObject","inLanguage":"es","@id":"https:\/\/www.celttv.com.ar\/#\/schema\/person\/image\/","url":"https:\/\/secure.gravatar.com\/avatar\/7f2c48bdc33b30088f941fb6082e555f2874c98e20cb159d7b92b50eadfce793?s=96&d=mm&r=g","contentUrl":"https:\/\/secure.gravatar.com\/avatar\/7f2c48bdc33b30088f941fb6082e555f2874c98e20cb159d7b92b50eadfce793?s=96&d=mm&r=g","caption":"ulises"},"sameAs":["http:\/\/www.celttv.com.ar"]}]}},"_links":{"self":[{"href":"https:\/\/www.celttv.com.ar\/index.php\/wp-json\/wp\/v2\/posts\/61075","targetHints":{"allow":["GET"]}}],"collection":[{"href":"https:\/\/www.celttv.com.ar\/index.php\/wp-json\/wp\/v2\/posts"}],"about":[{"href":"https:\/\/www.celttv.com.ar\/index.php\/wp-json\/wp\/v2\/types\/post"}],"author":[{"embeddable":true,"href":"https:\/\/www.celttv.com.ar\/index.php\/wp-json\/wp\/v2\/users\/1"}],"replies":[{"embeddable":true,"href":"https:\/\/www.celttv.com.ar\/index.php\/wp-json\/wp\/v2\/comments?post=61075"}],"version-history":[{"count":0,"href":"https:\/\/www.celttv.com.ar\/index.php\/wp-json\/wp\/v2\/posts\/61075\/revisions"}],"wp:featuredmedia":[{"embeddable":true,"href":"https:\/\/www.celttv.com.ar\/index.php\/wp-json\/wp\/v2\/media\/52863"}],"wp:attachment":[{"href":"https:\/\/www.celttv.com.ar\/index.php\/wp-json\/wp\/v2\/media?parent=61075"}],"wp:term":[{"taxonomy":"category","embeddable":true,"href":"https:\/\/www.celttv.com.ar\/index.php\/wp-json\/wp\/v2\/categories?post=61075"},{"taxonomy":"post_tag","embeddable":true,"href":"https:\/\/www.celttv.com.ar\/index.php\/wp-json\/wp\/v2\/tags?post=61075"}],"curies":[{"name":"wp","href":"https:\/\/api.w.org\/{rel}","templated":true}]}}