{"id":61151,"date":"2021-11-01T01:19:56","date_gmt":"2021-11-01T01:19:56","guid":{"rendered":"http:\/\/www.celttv.com.ar\/?p=61151"},"modified":"2021-11-01T01:19:56","modified_gmt":"2021-11-01T01:19:56","slug":"el-sub-14-de-automoto-voley-subcampeon-en-olavarria","status":"publish","type":"post","link":"https:\/\/www.celttv.com.ar\/index.php\/2021\/11\/01\/el-sub-14-de-automoto-voley-subcampeon-en-olavarria\/","title":{"rendered":"El Sub 14 de Automoto Voley, subcampe\u00f3n en Olavarr\u00eda"},"content":{"rendered":"\n<p>&nbsp;&nbsp; El equipo sub 14 de Automoto Voley se consagr\u00f3 subcampe\u00f3n de la Copa de Oro de la s\u00e9ptima edici\u00f3n del torneo Bataracito, organizado por el Club Estudiantes de Olavarr\u00eda.<\/p>\n\n\n\n<p>&nbsp;&nbsp; La chicas cayeron en la final disputada en la tarde de hoy ante Olimpo de Bah\u00eda Blanca por 2 a 0 y se quedaron con el segundo escal\u00f3n del podio del certamen, que cont\u00f3 con 24 equipos participantes.<\/p>\n\n\n\n<p>&nbsp;&nbsp; Antes, en la presente jornada, hab\u00edan vencido a Liniers por 2 a 0 en cuartos de final y a Cedetalvo por 2 a 1 en semis.<\/p>\n\n\n\n<p>&nbsp;&nbsp; El equipo, dirigido por Sof\u00eda Urriaga y Federico Mutti, estuvo conformado por Juliana Rusconi, Abril Clavelino, Luisina Miconi, Luc\u00eda Trankels, Clara Rinc\u00f3n, Josefina Candal, Morena Belate, Alma Urriaga, Emma Gandini, Olivia Naab, Morena Jara, Luisina Bay\u00f3n y Renata Muzi.<\/p>\n\n\n\n<p>&nbsp;&nbsp; Adem\u00e1s, Victoria Rusconi, Clara Rinc\u00f3n y Josefina Candal, que reforzaron al equipo Sub 18 de Deportivo Sarmiento, finalizaron segundas en la Copa de Bronce de esa categor\u00eda.<\/p>\n\n\n\n<p>&nbsp;&nbsp; En el juego decisivo perdieron contra Racing de Olavarr\u00eda, mientras que por la ma\u00f1ana le hab\u00edan ganado a Bol\u00edvar.<\/p>\n\n\n\n<p>&nbsp;&nbsp; Sin dudas, se trat\u00f3 de una gran experiencia para las chicas, que siguen consolidando el proyecto que se viene desarrollado en la instituci\u00f3n.<\/p>\n\n\n\n<p>Departamento de Prensa \u2013 Automoto Club Deportivo<\/p>\n\n\n\n<figure class=\"wp-block-gallery columns-2 is-cropped wp-block-gallery-1 is-layout-flex wp-block-gallery-is-layout-flex\"><ul class=\"blocks-gallery-grid\"><li class=\"blocks-gallery-item\"><figure><img loading=\"lazy\" decoding=\"async\" width=\"1024\" height=\"783\" src=\"http:\/\/www.celttv.com.ar\/wp-content\/uploads\/2021\/11\/01-1024x783.jpg\" alt=\"\" data-id=\"61152\" data-full-url=\"http:\/\/www.celttv.com.ar\/wp-content\/uploads\/2021\/11\/01.jpg\" data-link=\"http:\/\/www.celttv.com.ar\/?attachment_id=61152\" class=\"wp-image-61152\" srcset=\"https:\/\/www.celttv.com.ar\/wp-content\/uploads\/2021\/11\/01-1024x783.jpg 1024w, https:\/\/www.celttv.com.ar\/wp-content\/uploads\/2021\/11\/01-300x229.jpg 300w, https:\/\/www.celttv.com.ar\/wp-content\/uploads\/2021\/11\/01-768x587.jpg 768w, https:\/\/www.celttv.com.ar\/wp-content\/uploads\/2021\/11\/01-750x574.jpg 750w, https:\/\/www.celttv.com.ar\/wp-content\/uploads\/2021\/11\/01-1140x872.jpg 1140w, https:\/\/www.celttv.com.ar\/wp-content\/uploads\/2021\/11\/01.jpg 1280w\" sizes=\"auto, (max-width: 1024px) 100vw, 1024px\" \/><\/figure><\/li><li class=\"blocks-gallery-item\"><figure><img loading=\"lazy\" decoding=\"async\" width=\"1024\" height=\"619\" src=\"http:\/\/www.celttv.com.ar\/wp-content\/uploads\/2021\/11\/02-1024x619.jpg\" alt=\"\" data-id=\"61153\" data-full-url=\"http:\/\/www.celttv.com.ar\/wp-content\/uploads\/2021\/11\/02.jpg\" data-link=\"http:\/\/www.celttv.com.ar\/?attachment_id=61153\" class=\"wp-image-61153\" srcset=\"https:\/\/www.celttv.com.ar\/wp-content\/uploads\/2021\/11\/02-1024x619.jpg 1024w, https:\/\/www.celttv.com.ar\/wp-content\/uploads\/2021\/11\/02-300x181.jpg 300w, https:\/\/www.celttv.com.ar\/wp-content\/uploads\/2021\/11\/02-768x464.jpg 768w, https:\/\/www.celttv.com.ar\/wp-content\/uploads\/2021\/11\/02-750x454.jpg 750w, https:\/\/www.celttv.com.ar\/wp-content\/uploads\/2021\/11\/02-1140x689.jpg 1140w, https:\/\/www.celttv.com.ar\/wp-content\/uploads\/2021\/11\/02.jpg 1280w\" sizes=\"auto, (max-width: 1024px) 100vw, 1024px\" \/><\/figure><\/li><\/ul><\/figure>\n","protected":false},"excerpt":{"rendered":"<p>&nbsp;&nbsp; El equipo sub 14 de Automoto Voley se consagr\u00f3 subcampe\u00f3n de la Copa de Oro de la s\u00e9ptima edici\u00f3n del torneo Bataracito, organizado por el Club Estudiantes de Olavarr\u00eda. &nbsp;&nbsp; La chicas cayeron en la final disputada en la tarde de hoy ante Olimpo de Bah\u00eda Blanca por 2 a 0 y se quedaron [&hellip;]<\/p>\n","protected":false},"author":1,"featured_media":61152,"comment_status":"closed","ping_status":"open","sticky":false,"template":"","format":"standard","meta":{"footnotes":""},"categories":[51,62,52],"tags":[],"class_list":["post-61151","post","type-post","status-publish","format-standard","has-post-thumbnail","hentry","category-comunidad","category-deportes","category-destacadas"],"yoast_head":"<!-- This site is optimized with the Yoast SEO plugin v19.7.1 - https:\/\/yoast.com\/wordpress\/plugins\/seo\/ -->\n<title>El Sub 14 de Automoto Voley, subcampe\u00f3n en Olavarr\u00eda - CELTTV<\/title>\n<meta name=\"description\" content=\"Sitio web de noticias de la localidad de Tornquist, provincia de Buenos Aires, Rep\u00fablica Argentina. Contenido propio originado por periodistas de CELTTV, el canal de TV local de la Cooperativa El\u00e9ctrica de Tornquist. Turismo, Pol\u00edtica, Sociedad, Deporte, Cultura y todo el contenido de inter\u00e9s general que la gente del pueblo y la regi\u00f3n debe conocer.\" \/>\n<meta name=\"robots\" content=\"index, follow, max-snippet:-1, max-image-preview:large, max-video-preview:-1\" \/>\n<link rel=\"canonical\" href=\"https:\/\/www.celttv.com.ar\/index.php\/2021\/11\/01\/el-sub-14-de-automoto-voley-subcampeon-en-olavarria\/\" \/>\n<meta property=\"og:locale\" content=\"es_ES\" \/>\n<meta property=\"og:type\" content=\"article\" \/>\n<meta property=\"og:title\" content=\"El Sub 14 de Automoto Voley, subcampe\u00f3n en Olavarr\u00eda - CELTTV\" \/>\n<meta property=\"og:description\" content=\"Sitio web de noticias de la localidad de Tornquist, provincia de Buenos Aires, Rep\u00fablica Argentina. Contenido propio originado por periodistas de CELTTV, el canal de TV local de la Cooperativa El\u00e9ctrica de Tornquist. Turismo, Pol\u00edtica, Sociedad, Deporte, Cultura y todo el contenido de inter\u00e9s general que la gente del pueblo y la regi\u00f3n debe conocer.\" \/>\n<meta property=\"og:url\" content=\"https:\/\/www.celttv.com.ar\/index.php\/2021\/11\/01\/el-sub-14-de-automoto-voley-subcampeon-en-olavarria\/\" \/>\n<meta property=\"og:site_name\" content=\"CELTTV\" \/>\n<meta property=\"article:publisher\" content=\"https:\/\/www.facebook.com\/celtTV\/\" \/>\n<meta property=\"article:published_time\" content=\"2021-11-01T01:19:56+00:00\" \/>\n<meta property=\"og:image\" content=\"https:\/\/www.celttv.com.ar\/wp-content\/uploads\/2021\/11\/01.jpg\" \/>\n\t<meta property=\"og:image:width\" content=\"1280\" \/>\n\t<meta property=\"og:image:height\" content=\"979\" \/>\n\t<meta property=\"og:image:type\" content=\"image\/jpeg\" \/>\n<meta name=\"author\" content=\"ulises\" \/>\n<meta name=\"twitter:card\" content=\"summary_large_image\" \/>\n<meta name=\"twitter:label1\" content=\"Escrito por\" \/>\n\t<meta name=\"twitter:data1\" content=\"ulises\" \/>\n\t<meta name=\"twitter:label2\" content=\"Tiempo de lectura\" \/>\n\t<meta name=\"twitter:data2\" content=\"1 minuto\" \/>\n<script type=\"application\/ld+json\" class=\"yoast-schema-graph\">{\"@context\":\"https:\/\/schema.org\",\"@graph\":[{\"@type\":\"NewsArticle\",\"@id\":\"https:\/\/www.celttv.com.ar\/index.php\/2021\/11\/01\/el-sub-14-de-automoto-voley-subcampeon-en-olavarria\/#article\",\"isPartOf\":{\"@id\":\"https:\/\/www.celttv.com.ar\/index.php\/2021\/11\/01\/el-sub-14-de-automoto-voley-subcampeon-en-olavarria\/\"},\"author\":{\"name\":\"ulises\",\"@id\":\"https:\/\/www.celttv.com.ar\/#\/schema\/person\/6d99c072dba59953809c81446e9d0ace\"},\"headline\":\"El Sub 14 de Automoto Voley, subcampe\u00f3n en Olavarr\u00eda\",\"datePublished\":\"2021-11-01T01:19:56+00:00\",\"dateModified\":\"2021-11-01T01:19:56+00:00\",\"mainEntityOfPage\":{\"@id\":\"https:\/\/www.celttv.com.ar\/index.php\/2021\/11\/01\/el-sub-14-de-automoto-voley-subcampeon-en-olavarria\/\"},\"wordCount\":241,\"publisher\":{\"@id\":\"https:\/\/www.celttv.com.ar\/#organization\"},\"articleSection\":[\"Comunidad\",\"Deportes\",\"Destacadas\"],\"inLanguage\":\"es\"},{\"@type\":\"WebPage\",\"@id\":\"https:\/\/www.celttv.com.ar\/index.php\/2021\/11\/01\/el-sub-14-de-automoto-voley-subcampeon-en-olavarria\/\",\"url\":\"https:\/\/www.celttv.com.ar\/index.php\/2021\/11\/01\/el-sub-14-de-automoto-voley-subcampeon-en-olavarria\/\",\"name\":\"El Sub 14 de Automoto Voley, subcampe\u00f3n en Olavarr\u00eda - CELTTV\",\"isPartOf\":{\"@id\":\"https:\/\/www.celttv.com.ar\/#website\"},\"datePublished\":\"2021-11-01T01:19:56+00:00\",\"dateModified\":\"2021-11-01T01:19:56+00:00\",\"description\":\"Sitio web de noticias de la localidad de Tornquist, provincia de Buenos Aires, Rep\u00fablica Argentina. Contenido propio originado por periodistas de CELTTV, el canal de TV local de la Cooperativa El\u00e9ctrica de Tornquist. Turismo, Pol\u00edtica, Sociedad, Deporte, Cultura y todo el contenido de inter\u00e9s general que la gente del pueblo y la regi\u00f3n debe conocer.\",\"breadcrumb\":{\"@id\":\"https:\/\/www.celttv.com.ar\/index.php\/2021\/11\/01\/el-sub-14-de-automoto-voley-subcampeon-en-olavarria\/#breadcrumb\"},\"inLanguage\":\"es\",\"potentialAction\":[{\"@type\":\"ReadAction\",\"target\":[\"https:\/\/www.celttv.com.ar\/index.php\/2021\/11\/01\/el-sub-14-de-automoto-voley-subcampeon-en-olavarria\/\"]}]},{\"@type\":\"BreadcrumbList\",\"@id\":\"https:\/\/www.celttv.com.ar\/index.php\/2021\/11\/01\/el-sub-14-de-automoto-voley-subcampeon-en-olavarria\/#breadcrumb\",\"itemListElement\":[{\"@type\":\"ListItem\",\"position\":1,\"name\":\"Inicio\",\"item\":\"https:\/\/www.celttv.com.ar\/\"},{\"@type\":\"ListItem\",\"position\":2,\"name\":\"El Sub 14 de Automoto Voley, subcampe\u00f3n en Olavarr\u00eda\"}]},{\"@type\":\"WebSite\",\"@id\":\"https:\/\/www.celttv.com.ar\/#website\",\"url\":\"https:\/\/www.celttv.com.ar\/\",\"name\":\"CELTTV\",\"description\":\"Cooperativa El\u00e9ctrica de Tornquist\",\"publisher\":{\"@id\":\"https:\/\/www.celttv.com.ar\/#organization\"},\"potentialAction\":[{\"@type\":\"SearchAction\",\"target\":{\"@type\":\"EntryPoint\",\"urlTemplate\":\"https:\/\/www.celttv.com.ar\/?s={search_term_string}\"},\"query-input\":\"required name=search_term_string\"}],\"inLanguage\":\"es\"},{\"@type\":\"Organization\",\"@id\":\"https:\/\/www.celttv.com.ar\/#organization\",\"name\":\"CELTTV\",\"url\":\"https:\/\/www.celttv.com.ar\/\",\"sameAs\":[\"https:\/\/www.youtube.com\/channel\/UCz_oIt8Hig64Ub-EmcNPIhg\",\"https:\/\/www.facebook.com\/celtTV\/\"],\"logo\":{\"@type\":\"ImageObject\",\"inLanguage\":\"es\",\"@id\":\"https:\/\/www.celttv.com.ar\/#\/schema\/logo\/image\/\",\"url\":\"http:\/\/www.celttv.com.ar\/wp-content\/uploads\/2022\/08\/logo-1.png\",\"contentUrl\":\"http:\/\/www.celttv.com.ar\/wp-content\/uploads\/2022\/08\/logo-1.png\",\"width\":461,\"height\":159,\"caption\":\"CELTTV\"},\"image\":{\"@id\":\"https:\/\/www.celttv.com.ar\/#\/schema\/logo\/image\/\"}},{\"@type\":\"Person\",\"@id\":\"https:\/\/www.celttv.com.ar\/#\/schema\/person\/6d99c072dba59953809c81446e9d0ace\",\"name\":\"ulises\",\"image\":{\"@type\":\"ImageObject\",\"inLanguage\":\"es\",\"@id\":\"https:\/\/www.celttv.com.ar\/#\/schema\/person\/image\/\",\"url\":\"https:\/\/secure.gravatar.com\/avatar\/7f2c48bdc33b30088f941fb6082e555f2874c98e20cb159d7b92b50eadfce793?s=96&d=mm&r=g\",\"contentUrl\":\"https:\/\/secure.gravatar.com\/avatar\/7f2c48bdc33b30088f941fb6082e555f2874c98e20cb159d7b92b50eadfce793?s=96&d=mm&r=g\",\"caption\":\"ulises\"},\"sameAs\":[\"http:\/\/www.celttv.com.ar\"]}]}<\/script>\n<!-- \/ Yoast SEO plugin. -->","yoast_head_json":{"title":"El Sub 14 de Automoto Voley, subcampe\u00f3n en Olavarr\u00eda - CELTTV","description":"Sitio web de noticias de la localidad de Tornquist, provincia de Buenos Aires, Rep\u00fablica Argentina. Contenido propio originado por periodistas de CELTTV, el canal de TV local de la Cooperativa El\u00e9ctrica de Tornquist. Turismo, Pol\u00edtica, Sociedad, Deporte, Cultura y todo el contenido de inter\u00e9s general que la gente del pueblo y la regi\u00f3n debe conocer.","robots":{"index":"index","follow":"follow","max-snippet":"max-snippet:-1","max-image-preview":"max-image-preview:large","max-video-preview":"max-video-preview:-1"},"canonical":"https:\/\/www.celttv.com.ar\/index.php\/2021\/11\/01\/el-sub-14-de-automoto-voley-subcampeon-en-olavarria\/","og_locale":"es_ES","og_type":"article","og_title":"El Sub 14 de Automoto Voley, subcampe\u00f3n en Olavarr\u00eda - CELTTV","og_description":"Sitio web de noticias de la localidad de Tornquist, provincia de Buenos Aires, Rep\u00fablica Argentina. Contenido propio originado por periodistas de CELTTV, el canal de TV local de la Cooperativa El\u00e9ctrica de Tornquist. Turismo, Pol\u00edtica, Sociedad, Deporte, Cultura y todo el contenido de inter\u00e9s general que la gente del pueblo y la regi\u00f3n debe conocer.","og_url":"https:\/\/www.celttv.com.ar\/index.php\/2021\/11\/01\/el-sub-14-de-automoto-voley-subcampeon-en-olavarria\/","og_site_name":"CELTTV","article_publisher":"https:\/\/www.facebook.com\/celtTV\/","article_published_time":"2021-11-01T01:19:56+00:00","og_image":[{"width":1280,"height":979,"url":"https:\/\/www.celttv.com.ar\/wp-content\/uploads\/2021\/11\/01.jpg","type":"image\/jpeg"}],"author":"ulises","twitter_card":"summary_large_image","twitter_misc":{"Escrito por":"ulises","Tiempo de lectura":"1 minuto"},"schema":{"@context":"https:\/\/schema.org","@graph":[{"@type":"NewsArticle","@id":"https:\/\/www.celttv.com.ar\/index.php\/2021\/11\/01\/el-sub-14-de-automoto-voley-subcampeon-en-olavarria\/#article","isPartOf":{"@id":"https:\/\/www.celttv.com.ar\/index.php\/2021\/11\/01\/el-sub-14-de-automoto-voley-subcampeon-en-olavarria\/"},"author":{"name":"ulises","@id":"https:\/\/www.celttv.com.ar\/#\/schema\/person\/6d99c072dba59953809c81446e9d0ace"},"headline":"El Sub 14 de Automoto Voley, subcampe\u00f3n en Olavarr\u00eda","datePublished":"2021-11-01T01:19:56+00:00","dateModified":"2021-11-01T01:19:56+00:00","mainEntityOfPage":{"@id":"https:\/\/www.celttv.com.ar\/index.php\/2021\/11\/01\/el-sub-14-de-automoto-voley-subcampeon-en-olavarria\/"},"wordCount":241,"publisher":{"@id":"https:\/\/www.celttv.com.ar\/#organization"},"articleSection":["Comunidad","Deportes","Destacadas"],"inLanguage":"es"},{"@type":"WebPage","@id":"https:\/\/www.celttv.com.ar\/index.php\/2021\/11\/01\/el-sub-14-de-automoto-voley-subcampeon-en-olavarria\/","url":"https:\/\/www.celttv.com.ar\/index.php\/2021\/11\/01\/el-sub-14-de-automoto-voley-subcampeon-en-olavarria\/","name":"El Sub 14 de Automoto Voley, subcampe\u00f3n en Olavarr\u00eda - CELTTV","isPartOf":{"@id":"https:\/\/www.celttv.com.ar\/#website"},"datePublished":"2021-11-01T01:19:56+00:00","dateModified":"2021-11-01T01:19:56+00:00","description":"Sitio web de noticias de la localidad de Tornquist, provincia de Buenos Aires, Rep\u00fablica Argentina. Contenido propio originado por periodistas de CELTTV, el canal de TV local de la Cooperativa El\u00e9ctrica de Tornquist. Turismo, Pol\u00edtica, Sociedad, Deporte, Cultura y todo el contenido de inter\u00e9s general que la gente del pueblo y la regi\u00f3n debe conocer.","breadcrumb":{"@id":"https:\/\/www.celttv.com.ar\/index.php\/2021\/11\/01\/el-sub-14-de-automoto-voley-subcampeon-en-olavarria\/#breadcrumb"},"inLanguage":"es","potentialAction":[{"@type":"ReadAction","target":["https:\/\/www.celttv.com.ar\/index.php\/2021\/11\/01\/el-sub-14-de-automoto-voley-subcampeon-en-olavarria\/"]}]},{"@type":"BreadcrumbList","@id":"https:\/\/www.celttv.com.ar\/index.php\/2021\/11\/01\/el-sub-14-de-automoto-voley-subcampeon-en-olavarria\/#breadcrumb","itemListElement":[{"@type":"ListItem","position":1,"name":"Inicio","item":"https:\/\/www.celttv.com.ar\/"},{"@type":"ListItem","position":2,"name":"El Sub 14 de Automoto Voley, subcampe\u00f3n en Olavarr\u00eda"}]},{"@type":"WebSite","@id":"https:\/\/www.celttv.com.ar\/#website","url":"https:\/\/www.celttv.com.ar\/","name":"CELTTV","description":"Cooperativa El\u00e9ctrica de Tornquist","publisher":{"@id":"https:\/\/www.celttv.com.ar\/#organization"},"potentialAction":[{"@type":"SearchAction","target":{"@type":"EntryPoint","urlTemplate":"https:\/\/www.celttv.com.ar\/?s={search_term_string}"},"query-input":"required name=search_term_string"}],"inLanguage":"es"},{"@type":"Organization","@id":"https:\/\/www.celttv.com.ar\/#organization","name":"CELTTV","url":"https:\/\/www.celttv.com.ar\/","sameAs":["https:\/\/www.youtube.com\/channel\/UCz_oIt8Hig64Ub-EmcNPIhg","https:\/\/www.facebook.com\/celtTV\/"],"logo":{"@type":"ImageObject","inLanguage":"es","@id":"https:\/\/www.celttv.com.ar\/#\/schema\/logo\/image\/","url":"http:\/\/www.celttv.com.ar\/wp-content\/uploads\/2022\/08\/logo-1.png","contentUrl":"http:\/\/www.celttv.com.ar\/wp-content\/uploads\/2022\/08\/logo-1.png","width":461,"height":159,"caption":"CELTTV"},"image":{"@id":"https:\/\/www.celttv.com.ar\/#\/schema\/logo\/image\/"}},{"@type":"Person","@id":"https:\/\/www.celttv.com.ar\/#\/schema\/person\/6d99c072dba59953809c81446e9d0ace","name":"ulises","image":{"@type":"ImageObject","inLanguage":"es","@id":"https:\/\/www.celttv.com.ar\/#\/schema\/person\/image\/","url":"https:\/\/secure.gravatar.com\/avatar\/7f2c48bdc33b30088f941fb6082e555f2874c98e20cb159d7b92b50eadfce793?s=96&d=mm&r=g","contentUrl":"https:\/\/secure.gravatar.com\/avatar\/7f2c48bdc33b30088f941fb6082e555f2874c98e20cb159d7b92b50eadfce793?s=96&d=mm&r=g","caption":"ulises"},"sameAs":["http:\/\/www.celttv.com.ar"]}]}},"_links":{"self":[{"href":"https:\/\/www.celttv.com.ar\/index.php\/wp-json\/wp\/v2\/posts\/61151","targetHints":{"allow":["GET"]}}],"collection":[{"href":"https:\/\/www.celttv.com.ar\/index.php\/wp-json\/wp\/v2\/posts"}],"about":[{"href":"https:\/\/www.celttv.com.ar\/index.php\/wp-json\/wp\/v2\/types\/post"}],"author":[{"embeddable":true,"href":"https:\/\/www.celttv.com.ar\/index.php\/wp-json\/wp\/v2\/users\/1"}],"replies":[{"embeddable":true,"href":"https:\/\/www.celttv.com.ar\/index.php\/wp-json\/wp\/v2\/comments?post=61151"}],"version-history":[{"count":0,"href":"https:\/\/www.celttv.com.ar\/index.php\/wp-json\/wp\/v2\/posts\/61151\/revisions"}],"wp:featuredmedia":[{"embeddable":true,"href":"https:\/\/www.celttv.com.ar\/index.php\/wp-json\/wp\/v2\/media\/61152"}],"wp:attachment":[{"href":"https:\/\/www.celttv.com.ar\/index.php\/wp-json\/wp\/v2\/media?parent=61151"}],"wp:term":[{"taxonomy":"category","embeddable":true,"href":"https:\/\/www.celttv.com.ar\/index.php\/wp-json\/wp\/v2\/categories?post=61151"},{"taxonomy":"post_tag","embeddable":true,"href":"https:\/\/www.celttv.com.ar\/index.php\/wp-json\/wp\/v2\/tags?post=61151"}],"curies":[{"name":"wp","href":"https:\/\/api.w.org\/{rel}","templated":true}]}}