{"id":61155,"date":"2021-11-01T13:37:35","date_gmt":"2021-11-01T13:37:35","guid":{"rendered":"http:\/\/www.celttv.com.ar\/?p=61155"},"modified":"2021-11-01T13:37:35","modified_gmt":"2021-11-01T13:37:35","slug":"atletas-del-distrito-obtuvieron-grandes-resultados-en-el-provincial-de-mar-del-plata","status":"publish","type":"post","link":"https:\/\/www.celttv.com.ar\/index.php\/2021\/11\/01\/atletas-del-distrito-obtuvieron-grandes-resultados-en-el-provincial-de-mar-del-plata\/","title":{"rendered":"Atletas del distrito obtuvieron grandes resultados en el provincial de Mar del Plata"},"content":{"rendered":"\n<p>Con m\u00e1s de 600 atletas participantes de la provincia de Buenos Aires, culmin\u00f3 ayer el Campeonato provincial U16 en la ciudad de Mar del Plata.<\/p>\n\n\n\n<p> En este evento participaron 8 atletas de la Escuelita Municipal de Atletismo obteniendo un total de 8 medallas:<\/p>\n\n\n\n<p><br>* 3 doradas: Tom\u00e1s Trivellini x2 y Alejo Fredes (Ambos clasificados al nacional U16).<br>* 3 plateadas: Mora Lamas, Javier Gill, y Tom\u00e1s Trivellini.<br>* 2 de bronce: Alejo Fredes y posta 5 x 80 compuesta por Benjam\u00edn Kees, Javier Gill, Lucas Scabuso, Tom\u00e1s Trivellini y Alejo Fredes.<\/p>\n\n\n\n<p>M\u00e1s all\u00e1 de los resultados obtenidos, se destaca el deb\u00fat en campeonatos de esta magnitud de Brenda Videla, Lucas Scabuso, Benjam\u00edn Kees (quedando 2do en el ranking provincial U14 en lanz. De martillo), y Valentina Pintos (quedando primera en el ranking provincial U14 en lanzamiento de jabalina).<\/p>\n\n\n\n<p>No es casualidad que se obtengan estos resultados, ya que los atletas que hoy se encuentran compitiendo en gran nivel, vienen entrenando desde los inicios de la escuela (8 a\u00f1os), y el proceso reci\u00e9n est\u00e1 tomando forma.<\/p>\n\n\n\n<p>Felicitamos a los profes acompa\u00f1antes Enrique Cabral y Kevin Marrero por su predisposici\u00f3n y ense\u00f1anza, al Municipio por colaborar con el viaje, y a los atletas por su entrega y compromiso.<\/p>\n\n\n\n<figure class=\"wp-block-image size-large\"><img loading=\"lazy\" decoding=\"async\" width=\"900\" height=\"900\" src=\"http:\/\/www.celttv.com.ar\/wp-content\/uploads\/2021\/11\/0e279d1e-1ce0-4190-b6ed-1ae36bdeaeee.jpg\" alt=\"\" class=\"wp-image-61156\" srcset=\"https:\/\/www.celttv.com.ar\/wp-content\/uploads\/2021\/11\/0e279d1e-1ce0-4190-b6ed-1ae36bdeaeee.jpg 900w, https:\/\/www.celttv.com.ar\/wp-content\/uploads\/2021\/11\/0e279d1e-1ce0-4190-b6ed-1ae36bdeaeee-300x300.jpg 300w, https:\/\/www.celttv.com.ar\/wp-content\/uploads\/2021\/11\/0e279d1e-1ce0-4190-b6ed-1ae36bdeaeee-150x150.jpg 150w, https:\/\/www.celttv.com.ar\/wp-content\/uploads\/2021\/11\/0e279d1e-1ce0-4190-b6ed-1ae36bdeaeee-768x768.jpg 768w, https:\/\/www.celttv.com.ar\/wp-content\/uploads\/2021\/11\/0e279d1e-1ce0-4190-b6ed-1ae36bdeaeee-75x75.jpg 75w, https:\/\/www.celttv.com.ar\/wp-content\/uploads\/2021\/11\/0e279d1e-1ce0-4190-b6ed-1ae36bdeaeee-750x750.jpg 750w\" sizes=\"auto, (max-width: 900px) 100vw, 900px\" \/><\/figure>\n\n\n\n<figure class=\"wp-block-image size-large\"><img loading=\"lazy\" decoding=\"async\" width=\"720\" height=\"540\" src=\"http:\/\/www.celttv.com.ar\/wp-content\/uploads\/2021\/11\/80e22456-b12a-404c-9c5e-6d46e37fa1b5.jpg\" alt=\"\" class=\"wp-image-61157\" srcset=\"https:\/\/www.celttv.com.ar\/wp-content\/uploads\/2021\/11\/80e22456-b12a-404c-9c5e-6d46e37fa1b5.jpg 720w, https:\/\/www.celttv.com.ar\/wp-content\/uploads\/2021\/11\/80e22456-b12a-404c-9c5e-6d46e37fa1b5-300x225.jpg 300w\" sizes=\"auto, (max-width: 720px) 100vw, 720px\" \/><\/figure>\n\n\n\n<figure class=\"wp-block-image size-large\"><img loading=\"lazy\" decoding=\"async\" width=\"900\" height=\"900\" src=\"http:\/\/www.celttv.com.ar\/wp-content\/uploads\/2021\/11\/afdeee12-4ee1-4d72-bf22-bbb2dddefafe.jpg\" alt=\"\" class=\"wp-image-61158\" srcset=\"https:\/\/www.celttv.com.ar\/wp-content\/uploads\/2021\/11\/afdeee12-4ee1-4d72-bf22-bbb2dddefafe.jpg 900w, https:\/\/www.celttv.com.ar\/wp-content\/uploads\/2021\/11\/afdeee12-4ee1-4d72-bf22-bbb2dddefafe-300x300.jpg 300w, https:\/\/www.celttv.com.ar\/wp-content\/uploads\/2021\/11\/afdeee12-4ee1-4d72-bf22-bbb2dddefafe-150x150.jpg 150w, https:\/\/www.celttv.com.ar\/wp-content\/uploads\/2021\/11\/afdeee12-4ee1-4d72-bf22-bbb2dddefafe-768x768.jpg 768w, https:\/\/www.celttv.com.ar\/wp-content\/uploads\/2021\/11\/afdeee12-4ee1-4d72-bf22-bbb2dddefafe-75x75.jpg 75w, https:\/\/www.celttv.com.ar\/wp-content\/uploads\/2021\/11\/afdeee12-4ee1-4d72-bf22-bbb2dddefafe-750x750.jpg 750w\" sizes=\"auto, (max-width: 900px) 100vw, 900px\" \/><\/figure>\n\n\n\n<figure class=\"wp-block-image size-large\"><img loading=\"lazy\" decoding=\"async\" width=\"1024\" height=\"576\" src=\"http:\/\/www.celttv.com.ar\/wp-content\/uploads\/2021\/11\/b8c88435-c9fa-4c35-a54a-b0dc72ac9637-1024x576.jpg\" alt=\"\" class=\"wp-image-61159\" srcset=\"https:\/\/www.celttv.com.ar\/wp-content\/uploads\/2021\/11\/b8c88435-c9fa-4c35-a54a-b0dc72ac9637-1024x576.jpg 1024w, https:\/\/www.celttv.com.ar\/wp-content\/uploads\/2021\/11\/b8c88435-c9fa-4c35-a54a-b0dc72ac9637-300x169.jpg 300w, https:\/\/www.celttv.com.ar\/wp-content\/uploads\/2021\/11\/b8c88435-c9fa-4c35-a54a-b0dc72ac9637-768x432.jpg 768w, https:\/\/www.celttv.com.ar\/wp-content\/uploads\/2021\/11\/b8c88435-c9fa-4c35-a54a-b0dc72ac9637-1536x864.jpg 1536w, https:\/\/www.celttv.com.ar\/wp-content\/uploads\/2021\/11\/b8c88435-c9fa-4c35-a54a-b0dc72ac9637-750x422.jpg 750w, https:\/\/www.celttv.com.ar\/wp-content\/uploads\/2021\/11\/b8c88435-c9fa-4c35-a54a-b0dc72ac9637-1140x641.jpg 1140w, https:\/\/www.celttv.com.ar\/wp-content\/uploads\/2021\/11\/b8c88435-c9fa-4c35-a54a-b0dc72ac9637.jpg 1600w\" sizes=\"auto, (max-width: 1024px) 100vw, 1024px\" \/><\/figure>\n\n\n\n<figure class=\"wp-block-image size-large\"><img loading=\"lazy\" decoding=\"async\" width=\"540\" height=\"540\" src=\"http:\/\/www.celttv.com.ar\/wp-content\/uploads\/2021\/11\/ca32ad08-0275-4a56-a136-182b24d8ebcf.jpg\" alt=\"\" class=\"wp-image-61160\" srcset=\"https:\/\/www.celttv.com.ar\/wp-content\/uploads\/2021\/11\/ca32ad08-0275-4a56-a136-182b24d8ebcf.jpg 540w, https:\/\/www.celttv.com.ar\/wp-content\/uploads\/2021\/11\/ca32ad08-0275-4a56-a136-182b24d8ebcf-300x300.jpg 300w, https:\/\/www.celttv.com.ar\/wp-content\/uploads\/2021\/11\/ca32ad08-0275-4a56-a136-182b24d8ebcf-150x150.jpg 150w, https:\/\/www.celttv.com.ar\/wp-content\/uploads\/2021\/11\/ca32ad08-0275-4a56-a136-182b24d8ebcf-75x75.jpg 75w\" sizes=\"auto, (max-width: 540px) 100vw, 540px\" \/><\/figure>\n\n\n\n<figure class=\"wp-block-image size-large\"><img loading=\"lazy\" decoding=\"async\" width=\"540\" height=\"540\" src=\"http:\/\/www.celttv.com.ar\/wp-content\/uploads\/2021\/11\/bff4d2ea-0d1e-4ccf-a667-b9f619f59255.jpg\" alt=\"\" class=\"wp-image-61161\" srcset=\"https:\/\/www.celttv.com.ar\/wp-content\/uploads\/2021\/11\/bff4d2ea-0d1e-4ccf-a667-b9f619f59255.jpg 540w, https:\/\/www.celttv.com.ar\/wp-content\/uploads\/2021\/11\/bff4d2ea-0d1e-4ccf-a667-b9f619f59255-300x300.jpg 300w, https:\/\/www.celttv.com.ar\/wp-content\/uploads\/2021\/11\/bff4d2ea-0d1e-4ccf-a667-b9f619f59255-150x150.jpg 150w, https:\/\/www.celttv.com.ar\/wp-content\/uploads\/2021\/11\/bff4d2ea-0d1e-4ccf-a667-b9f619f59255-75x75.jpg 75w\" sizes=\"auto, (max-width: 540px) 100vw, 540px\" \/><\/figure>\n\n\n\n<p><\/p>\n","protected":false},"excerpt":{"rendered":"<p>Con m\u00e1s de 600 atletas participantes de la provincia de Buenos Aires, culmin\u00f3 ayer el Campeonato provincial U16 en la ciudad de Mar del Plata. En este evento participaron 8 atletas de la Escuelita Municipal de Atletismo obteniendo un total de 8 medallas: * 3 doradas: Tom\u00e1s Trivellini x2 y Alejo Fredes (Ambos clasificados al [&hellip;]<\/p>\n","protected":false},"author":1,"featured_media":61160,"comment_status":"closed","ping_status":"open","sticky":false,"template":"","format":"standard","meta":{"footnotes":""},"categories":[55,60,62,52,63],"tags":[],"class_list":["post-61155","post","type-post","status-publish","format-standard","has-post-thumbnail","hentry","category-celt-tv-noticias","category-deporte","category-deportes","category-destacadas","category-magazine-sport"],"yoast_head":"<!-- This site is optimized with the Yoast SEO plugin v19.7.1 - https:\/\/yoast.com\/wordpress\/plugins\/seo\/ -->\n<title>Atletas del distrito obtuvieron grandes resultados en el provincial de Mar del Plata - CELTTV<\/title>\n<meta name=\"description\" content=\"Sitio web de noticias de la localidad de Tornquist, provincia de Buenos Aires, Rep\u00fablica Argentina. Contenido propio originado por periodistas de CELTTV, el canal de TV local de la Cooperativa El\u00e9ctrica de Tornquist. Turismo, Pol\u00edtica, Sociedad, Deporte, Cultura y todo el contenido de inter\u00e9s general que la gente del pueblo y la regi\u00f3n debe conocer.\" \/>\n<meta name=\"robots\" content=\"index, follow, max-snippet:-1, max-image-preview:large, max-video-preview:-1\" \/>\n<link rel=\"canonical\" href=\"https:\/\/www.celttv.com.ar\/index.php\/2021\/11\/01\/atletas-del-distrito-obtuvieron-grandes-resultados-en-el-provincial-de-mar-del-plata\/\" \/>\n<meta property=\"og:locale\" content=\"es_ES\" \/>\n<meta property=\"og:type\" content=\"article\" \/>\n<meta property=\"og:title\" content=\"Atletas del distrito obtuvieron grandes resultados en el provincial de Mar del Plata - CELTTV\" \/>\n<meta property=\"og:description\" content=\"Sitio web de noticias de la localidad de Tornquist, provincia de Buenos Aires, Rep\u00fablica Argentina. Contenido propio originado por periodistas de CELTTV, el canal de TV local de la Cooperativa El\u00e9ctrica de Tornquist. Turismo, Pol\u00edtica, Sociedad, Deporte, Cultura y todo el contenido de inter\u00e9s general que la gente del pueblo y la regi\u00f3n debe conocer.\" \/>\n<meta property=\"og:url\" content=\"https:\/\/www.celttv.com.ar\/index.php\/2021\/11\/01\/atletas-del-distrito-obtuvieron-grandes-resultados-en-el-provincial-de-mar-del-plata\/\" \/>\n<meta property=\"og:site_name\" content=\"CELTTV\" \/>\n<meta property=\"article:publisher\" content=\"https:\/\/www.facebook.com\/celtTV\/\" \/>\n<meta property=\"article:published_time\" content=\"2021-11-01T13:37:35+00:00\" \/>\n<meta property=\"og:image\" content=\"https:\/\/www.celttv.com.ar\/wp-content\/uploads\/2021\/11\/ca32ad08-0275-4a56-a136-182b24d8ebcf.jpg\" \/>\n\t<meta property=\"og:image:width\" content=\"540\" \/>\n\t<meta property=\"og:image:height\" content=\"540\" \/>\n\t<meta property=\"og:image:type\" content=\"image\/jpeg\" \/>\n<meta name=\"author\" content=\"ulises\" \/>\n<meta name=\"twitter:card\" content=\"summary_large_image\" \/>\n<meta name=\"twitter:label1\" content=\"Escrito por\" \/>\n\t<meta name=\"twitter:data1\" content=\"ulises\" \/>\n\t<meta name=\"twitter:label2\" content=\"Tiempo de lectura\" \/>\n\t<meta name=\"twitter:data2\" content=\"1 minuto\" \/>\n<script type=\"application\/ld+json\" class=\"yoast-schema-graph\">{\"@context\":\"https:\/\/schema.org\",\"@graph\":[{\"@type\":\"NewsArticle\",\"@id\":\"https:\/\/www.celttv.com.ar\/index.php\/2021\/11\/01\/atletas-del-distrito-obtuvieron-grandes-resultados-en-el-provincial-de-mar-del-plata\/#article\",\"isPartOf\":{\"@id\":\"https:\/\/www.celttv.com.ar\/index.php\/2021\/11\/01\/atletas-del-distrito-obtuvieron-grandes-resultados-en-el-provincial-de-mar-del-plata\/\"},\"author\":{\"name\":\"ulises\",\"@id\":\"https:\/\/www.celttv.com.ar\/#\/schema\/person\/6d99c072dba59953809c81446e9d0ace\"},\"headline\":\"Atletas del distrito obtuvieron grandes resultados en el provincial de Mar del Plata\",\"datePublished\":\"2021-11-01T13:37:35+00:00\",\"dateModified\":\"2021-11-01T13:37:35+00:00\",\"mainEntityOfPage\":{\"@id\":\"https:\/\/www.celttv.com.ar\/index.php\/2021\/11\/01\/atletas-del-distrito-obtuvieron-grandes-resultados-en-el-provincial-de-mar-del-plata\/\"},\"wordCount\":220,\"publisher\":{\"@id\":\"https:\/\/www.celttv.com.ar\/#organization\"},\"articleSection\":[\"Celt TV Noticias\",\"Deporte\",\"Deportes\",\"Destacadas\",\"Magazine Sport\"],\"inLanguage\":\"es\"},{\"@type\":\"WebPage\",\"@id\":\"https:\/\/www.celttv.com.ar\/index.php\/2021\/11\/01\/atletas-del-distrito-obtuvieron-grandes-resultados-en-el-provincial-de-mar-del-plata\/\",\"url\":\"https:\/\/www.celttv.com.ar\/index.php\/2021\/11\/01\/atletas-del-distrito-obtuvieron-grandes-resultados-en-el-provincial-de-mar-del-plata\/\",\"name\":\"Atletas del distrito obtuvieron grandes resultados en el provincial de Mar del Plata - CELTTV\",\"isPartOf\":{\"@id\":\"https:\/\/www.celttv.com.ar\/#website\"},\"datePublished\":\"2021-11-01T13:37:35+00:00\",\"dateModified\":\"2021-11-01T13:37:35+00:00\",\"description\":\"Sitio web de noticias de la localidad de Tornquist, provincia de Buenos Aires, Rep\u00fablica Argentina. Contenido propio originado por periodistas de CELTTV, el canal de TV local de la Cooperativa El\u00e9ctrica de Tornquist. Turismo, Pol\u00edtica, Sociedad, Deporte, Cultura y todo el contenido de inter\u00e9s general que la gente del pueblo y la regi\u00f3n debe conocer.\",\"breadcrumb\":{\"@id\":\"https:\/\/www.celttv.com.ar\/index.php\/2021\/11\/01\/atletas-del-distrito-obtuvieron-grandes-resultados-en-el-provincial-de-mar-del-plata\/#breadcrumb\"},\"inLanguage\":\"es\",\"potentialAction\":[{\"@type\":\"ReadAction\",\"target\":[\"https:\/\/www.celttv.com.ar\/index.php\/2021\/11\/01\/atletas-del-distrito-obtuvieron-grandes-resultados-en-el-provincial-de-mar-del-plata\/\"]}]},{\"@type\":\"BreadcrumbList\",\"@id\":\"https:\/\/www.celttv.com.ar\/index.php\/2021\/11\/01\/atletas-del-distrito-obtuvieron-grandes-resultados-en-el-provincial-de-mar-del-plata\/#breadcrumb\",\"itemListElement\":[{\"@type\":\"ListItem\",\"position\":1,\"name\":\"Inicio\",\"item\":\"https:\/\/www.celttv.com.ar\/\"},{\"@type\":\"ListItem\",\"position\":2,\"name\":\"Atletas del distrito obtuvieron grandes resultados en el provincial de Mar del Plata\"}]},{\"@type\":\"WebSite\",\"@id\":\"https:\/\/www.celttv.com.ar\/#website\",\"url\":\"https:\/\/www.celttv.com.ar\/\",\"name\":\"CELTTV\",\"description\":\"Cooperativa El\u00e9ctrica de Tornquist\",\"publisher\":{\"@id\":\"https:\/\/www.celttv.com.ar\/#organization\"},\"potentialAction\":[{\"@type\":\"SearchAction\",\"target\":{\"@type\":\"EntryPoint\",\"urlTemplate\":\"https:\/\/www.celttv.com.ar\/?s={search_term_string}\"},\"query-input\":\"required name=search_term_string\"}],\"inLanguage\":\"es\"},{\"@type\":\"Organization\",\"@id\":\"https:\/\/www.celttv.com.ar\/#organization\",\"name\":\"CELTTV\",\"url\":\"https:\/\/www.celttv.com.ar\/\",\"sameAs\":[\"https:\/\/www.youtube.com\/channel\/UCz_oIt8Hig64Ub-EmcNPIhg\",\"https:\/\/www.facebook.com\/celtTV\/\"],\"logo\":{\"@type\":\"ImageObject\",\"inLanguage\":\"es\",\"@id\":\"https:\/\/www.celttv.com.ar\/#\/schema\/logo\/image\/\",\"url\":\"http:\/\/www.celttv.com.ar\/wp-content\/uploads\/2022\/08\/logo-1.png\",\"contentUrl\":\"http:\/\/www.celttv.com.ar\/wp-content\/uploads\/2022\/08\/logo-1.png\",\"width\":461,\"height\":159,\"caption\":\"CELTTV\"},\"image\":{\"@id\":\"https:\/\/www.celttv.com.ar\/#\/schema\/logo\/image\/\"}},{\"@type\":\"Person\",\"@id\":\"https:\/\/www.celttv.com.ar\/#\/schema\/person\/6d99c072dba59953809c81446e9d0ace\",\"name\":\"ulises\",\"image\":{\"@type\":\"ImageObject\",\"inLanguage\":\"es\",\"@id\":\"https:\/\/www.celttv.com.ar\/#\/schema\/person\/image\/\",\"url\":\"https:\/\/secure.gravatar.com\/avatar\/7f2c48bdc33b30088f941fb6082e555f2874c98e20cb159d7b92b50eadfce793?s=96&d=mm&r=g\",\"contentUrl\":\"https:\/\/secure.gravatar.com\/avatar\/7f2c48bdc33b30088f941fb6082e555f2874c98e20cb159d7b92b50eadfce793?s=96&d=mm&r=g\",\"caption\":\"ulises\"},\"sameAs\":[\"http:\/\/www.celttv.com.ar\"]}]}<\/script>\n<!-- \/ Yoast SEO plugin. -->","yoast_head_json":{"title":"Atletas del distrito obtuvieron grandes resultados en el provincial de Mar del Plata - CELTTV","description":"Sitio web de noticias de la localidad de Tornquist, provincia de Buenos Aires, Rep\u00fablica Argentina. Contenido propio originado por periodistas de CELTTV, el canal de TV local de la Cooperativa El\u00e9ctrica de Tornquist. Turismo, Pol\u00edtica, Sociedad, Deporte, Cultura y todo el contenido de inter\u00e9s general que la gente del pueblo y la regi\u00f3n debe conocer.","robots":{"index":"index","follow":"follow","max-snippet":"max-snippet:-1","max-image-preview":"max-image-preview:large","max-video-preview":"max-video-preview:-1"},"canonical":"https:\/\/www.celttv.com.ar\/index.php\/2021\/11\/01\/atletas-del-distrito-obtuvieron-grandes-resultados-en-el-provincial-de-mar-del-plata\/","og_locale":"es_ES","og_type":"article","og_title":"Atletas del distrito obtuvieron grandes resultados en el provincial de Mar del Plata - CELTTV","og_description":"Sitio web de noticias de la localidad de Tornquist, provincia de Buenos Aires, Rep\u00fablica Argentina. Contenido propio originado por periodistas de CELTTV, el canal de TV local de la Cooperativa El\u00e9ctrica de Tornquist. Turismo, Pol\u00edtica, Sociedad, Deporte, Cultura y todo el contenido de inter\u00e9s general que la gente del pueblo y la regi\u00f3n debe conocer.","og_url":"https:\/\/www.celttv.com.ar\/index.php\/2021\/11\/01\/atletas-del-distrito-obtuvieron-grandes-resultados-en-el-provincial-de-mar-del-plata\/","og_site_name":"CELTTV","article_publisher":"https:\/\/www.facebook.com\/celtTV\/","article_published_time":"2021-11-01T13:37:35+00:00","og_image":[{"width":540,"height":540,"url":"https:\/\/www.celttv.com.ar\/wp-content\/uploads\/2021\/11\/ca32ad08-0275-4a56-a136-182b24d8ebcf.jpg","type":"image\/jpeg"}],"author":"ulises","twitter_card":"summary_large_image","twitter_misc":{"Escrito por":"ulises","Tiempo de lectura":"1 minuto"},"schema":{"@context":"https:\/\/schema.org","@graph":[{"@type":"NewsArticle","@id":"https:\/\/www.celttv.com.ar\/index.php\/2021\/11\/01\/atletas-del-distrito-obtuvieron-grandes-resultados-en-el-provincial-de-mar-del-plata\/#article","isPartOf":{"@id":"https:\/\/www.celttv.com.ar\/index.php\/2021\/11\/01\/atletas-del-distrito-obtuvieron-grandes-resultados-en-el-provincial-de-mar-del-plata\/"},"author":{"name":"ulises","@id":"https:\/\/www.celttv.com.ar\/#\/schema\/person\/6d99c072dba59953809c81446e9d0ace"},"headline":"Atletas del distrito obtuvieron grandes resultados en el provincial de Mar del Plata","datePublished":"2021-11-01T13:37:35+00:00","dateModified":"2021-11-01T13:37:35+00:00","mainEntityOfPage":{"@id":"https:\/\/www.celttv.com.ar\/index.php\/2021\/11\/01\/atletas-del-distrito-obtuvieron-grandes-resultados-en-el-provincial-de-mar-del-plata\/"},"wordCount":220,"publisher":{"@id":"https:\/\/www.celttv.com.ar\/#organization"},"articleSection":["Celt TV Noticias","Deporte","Deportes","Destacadas","Magazine Sport"],"inLanguage":"es"},{"@type":"WebPage","@id":"https:\/\/www.celttv.com.ar\/index.php\/2021\/11\/01\/atletas-del-distrito-obtuvieron-grandes-resultados-en-el-provincial-de-mar-del-plata\/","url":"https:\/\/www.celttv.com.ar\/index.php\/2021\/11\/01\/atletas-del-distrito-obtuvieron-grandes-resultados-en-el-provincial-de-mar-del-plata\/","name":"Atletas del distrito obtuvieron grandes resultados en el provincial de Mar del Plata - CELTTV","isPartOf":{"@id":"https:\/\/www.celttv.com.ar\/#website"},"datePublished":"2021-11-01T13:37:35+00:00","dateModified":"2021-11-01T13:37:35+00:00","description":"Sitio web de noticias de la localidad de Tornquist, provincia de Buenos Aires, Rep\u00fablica Argentina. Contenido propio originado por periodistas de CELTTV, el canal de TV local de la Cooperativa El\u00e9ctrica de Tornquist. Turismo, Pol\u00edtica, Sociedad, Deporte, Cultura y todo el contenido de inter\u00e9s general que la gente del pueblo y la regi\u00f3n debe conocer.","breadcrumb":{"@id":"https:\/\/www.celttv.com.ar\/index.php\/2021\/11\/01\/atletas-del-distrito-obtuvieron-grandes-resultados-en-el-provincial-de-mar-del-plata\/#breadcrumb"},"inLanguage":"es","potentialAction":[{"@type":"ReadAction","target":["https:\/\/www.celttv.com.ar\/index.php\/2021\/11\/01\/atletas-del-distrito-obtuvieron-grandes-resultados-en-el-provincial-de-mar-del-plata\/"]}]},{"@type":"BreadcrumbList","@id":"https:\/\/www.celttv.com.ar\/index.php\/2021\/11\/01\/atletas-del-distrito-obtuvieron-grandes-resultados-en-el-provincial-de-mar-del-plata\/#breadcrumb","itemListElement":[{"@type":"ListItem","position":1,"name":"Inicio","item":"https:\/\/www.celttv.com.ar\/"},{"@type":"ListItem","position":2,"name":"Atletas del distrito obtuvieron grandes resultados en el provincial de Mar del Plata"}]},{"@type":"WebSite","@id":"https:\/\/www.celttv.com.ar\/#website","url":"https:\/\/www.celttv.com.ar\/","name":"CELTTV","description":"Cooperativa El\u00e9ctrica de Tornquist","publisher":{"@id":"https:\/\/www.celttv.com.ar\/#organization"},"potentialAction":[{"@type":"SearchAction","target":{"@type":"EntryPoint","urlTemplate":"https:\/\/www.celttv.com.ar\/?s={search_term_string}"},"query-input":"required name=search_term_string"}],"inLanguage":"es"},{"@type":"Organization","@id":"https:\/\/www.celttv.com.ar\/#organization","name":"CELTTV","url":"https:\/\/www.celttv.com.ar\/","sameAs":["https:\/\/www.youtube.com\/channel\/UCz_oIt8Hig64Ub-EmcNPIhg","https:\/\/www.facebook.com\/celtTV\/"],"logo":{"@type":"ImageObject","inLanguage":"es","@id":"https:\/\/www.celttv.com.ar\/#\/schema\/logo\/image\/","url":"http:\/\/www.celttv.com.ar\/wp-content\/uploads\/2022\/08\/logo-1.png","contentUrl":"http:\/\/www.celttv.com.ar\/wp-content\/uploads\/2022\/08\/logo-1.png","width":461,"height":159,"caption":"CELTTV"},"image":{"@id":"https:\/\/www.celttv.com.ar\/#\/schema\/logo\/image\/"}},{"@type":"Person","@id":"https:\/\/www.celttv.com.ar\/#\/schema\/person\/6d99c072dba59953809c81446e9d0ace","name":"ulises","image":{"@type":"ImageObject","inLanguage":"es","@id":"https:\/\/www.celttv.com.ar\/#\/schema\/person\/image\/","url":"https:\/\/secure.gravatar.com\/avatar\/7f2c48bdc33b30088f941fb6082e555f2874c98e20cb159d7b92b50eadfce793?s=96&d=mm&r=g","contentUrl":"https:\/\/secure.gravatar.com\/avatar\/7f2c48bdc33b30088f941fb6082e555f2874c98e20cb159d7b92b50eadfce793?s=96&d=mm&r=g","caption":"ulises"},"sameAs":["http:\/\/www.celttv.com.ar"]}]}},"_links":{"self":[{"href":"https:\/\/www.celttv.com.ar\/index.php\/wp-json\/wp\/v2\/posts\/61155","targetHints":{"allow":["GET"]}}],"collection":[{"href":"https:\/\/www.celttv.com.ar\/index.php\/wp-json\/wp\/v2\/posts"}],"about":[{"href":"https:\/\/www.celttv.com.ar\/index.php\/wp-json\/wp\/v2\/types\/post"}],"author":[{"embeddable":true,"href":"https:\/\/www.celttv.com.ar\/index.php\/wp-json\/wp\/v2\/users\/1"}],"replies":[{"embeddable":true,"href":"https:\/\/www.celttv.com.ar\/index.php\/wp-json\/wp\/v2\/comments?post=61155"}],"version-history":[{"count":0,"href":"https:\/\/www.celttv.com.ar\/index.php\/wp-json\/wp\/v2\/posts\/61155\/revisions"}],"wp:featuredmedia":[{"embeddable":true,"href":"https:\/\/www.celttv.com.ar\/index.php\/wp-json\/wp\/v2\/media\/61160"}],"wp:attachment":[{"href":"https:\/\/www.celttv.com.ar\/index.php\/wp-json\/wp\/v2\/media?parent=61155"}],"wp:term":[{"taxonomy":"category","embeddable":true,"href":"https:\/\/www.celttv.com.ar\/index.php\/wp-json\/wp\/v2\/categories?post=61155"},{"taxonomy":"post_tag","embeddable":true,"href":"https:\/\/www.celttv.com.ar\/index.php\/wp-json\/wp\/v2\/tags?post=61155"}],"curies":[{"name":"wp","href":"https:\/\/api.w.org\/{rel}","templated":true}]}}