{"id":61210,"date":"2021-11-03T18:54:15","date_gmt":"2021-11-03T18:54:15","guid":{"rendered":"http:\/\/www.celttv.com.ar\/?p=61210"},"modified":"2021-11-03T18:54:15","modified_gmt":"2021-11-03T18:54:15","slug":"juegos-bonaerenses-24-deportistas-representaran-a-tornquist-en-la-final-provincial","status":"publish","type":"post","link":"https:\/\/www.celttv.com.ar\/index.php\/2021\/11\/03\/juegos-bonaerenses-24-deportistas-representaran-a-tornquist-en-la-final-provincial\/","title":{"rendered":"Juegos Bonaerenses: 24 deportistas representar\u00e1n a Tornquist en la Final Provincial"},"content":{"rendered":"\n<p>Desde este viernes 5 hasta el martes 9, se desarrollar\u00e1 en Mar del Plata la Final Provincial de los Juegos Bonaerenses 2021, con la participaci\u00f3n de 10.000 j\u00f3venes de todos los distritos.<\/p>\n\n\n\n<p>El partido de Tornquist estar\u00e1 representado, a trav\u00e9s de la Direcci\u00f3n de Deportes, por 24 deportistas, que competir\u00e1n en ocho disciplinas en las categor\u00edas Sub 12, Sub 14. Sub 15, Sub 16, Sub 18 y Universitario, tanto femenino como masculino.<\/p>\n\n\n\n<p>Los representantes del distrito en la ciudad \u2018Feliz\u2019, que arribaron a esta instancia luego de ganar las etapas Distrital y Regional del certamen, ser\u00e1n:<\/p>\n\n\n\n<p><strong>FUTBOL TENIS:<\/strong><\/p>\n\n\n\n<p>Sub 15 Fem: Alma Calabrese y Lucia Murilla<\/p>\n\n\n\n<p><strong>GIMNASIA ART\u00cdSTICA:<\/strong><\/p>\n\n\n\n<p>Sub 12 Fem: Roc\u00edo Jazm\u00edn G\u00f3mez Ibarra<\/p>\n\n\n\n<p><strong>TENIS DE MESA:<\/strong><\/p>\n\n\n\n<p>Sub 18 Fem: Candela Bufateli<\/p>\n\n\n\n<p>Sub 18 Masc: Uriel Szwarc<\/p>\n\n\n\n<p><strong>GOLF:<\/strong><\/p>\n\n\n\n<p>Sub 15 Masc: Augusto Pizzo<\/p>\n\n\n\n<p><strong>BEACH VOLEY:<\/strong><\/p>\n\n\n\n<p>Sub 16 fem: Clara Rincon y Josefina Candal<\/p>\n\n\n\n<p>Universitario fem: Agostina Pollio y Cyntia Abregu<\/p>\n\n\n\n<p><strong>NATACI\u00d3N:<\/strong><\/p>\n\n\n\n<p>Sub 14 Masc 50mts libre: Francisco Meriggi<\/p>\n\n\n\n<p><strong>ACUATLON:<\/strong><\/p>\n\n\n\n<p>Universitario Masc: Otto Frank<\/p>\n\n\n\n<p><strong>ATLETISMO<\/strong>:<\/p>\n\n\n\n<p>Sub 14 fem:<\/p>\n\n\n\n<p>-Lanzamiento de Martillo: Mendoza Videla Brenda<\/p>\n\n\n\n<p>-150 mts: Mia Bonzini<\/p>\n\n\n\n<p>-Salto en Alto: Lamas Mora<\/p>\n\n\n\n<p>-Lanzamiento de Jabalina: Pintos Valentina<\/p>\n\n\n\n<p>Sub 14 Masc:<\/p>\n\n\n\n<p>-Lanzamiento de martillo: Kees Benjamin<\/p>\n\n\n\n<p>-Lanzamiento de jabalina: Wagner Santiago<\/p>\n\n\n\n<p>-Salto en Alto: Tomas Trivellini<\/p>\n\n\n\n<p>Sub 16 Fem:<\/p>\n\n\n\n<p>-Lanzamiento de martillo: Ladirat Julia<\/p>\n\n\n\n<p>-Lanzamiento de disco: Victoria Andreu<\/p>\n\n\n\n<p>Sub 16 Masc:<\/p>\n\n\n\n<p>-Lanzamiento de jabalina: Fredes Alejo<\/p>\n\n\n\n<p>Sub 18 Masc:<\/p>\n\n\n\n<p>-400mts: Aaron Bonamino<\/p>\n\n\n\n<p>-Salto en alto: Leon Lamas<\/p>\n\n\n\n<p>La delegaci\u00f3n tornquistense, que estar\u00e1 compuesta por profesores y acompa\u00f1antes, adem\u00e1s de los propios deportistas, partir\u00e1 hacia Mar del Plata el jueves por la noche.<\/p>\n\n\n\n<figure class=\"wp-block-image size-large\"><img loading=\"lazy\" decoding=\"async\" width=\"1024\" height=\"1024\" src=\"http:\/\/www.celttv.com.ar\/wp-content\/uploads\/2021\/11\/Clasific-final-provincial-1-1024x1024.jpeg\" alt=\"\" class=\"wp-image-61211\" srcset=\"https:\/\/www.celttv.com.ar\/wp-content\/uploads\/2021\/11\/Clasific-final-provincial-1-1024x1024.jpeg 1024w, https:\/\/www.celttv.com.ar\/wp-content\/uploads\/2021\/11\/Clasific-final-provincial-1-300x300.jpeg 300w, https:\/\/www.celttv.com.ar\/wp-content\/uploads\/2021\/11\/Clasific-final-provincial-1-150x150.jpeg 150w, https:\/\/www.celttv.com.ar\/wp-content\/uploads\/2021\/11\/Clasific-final-provincial-1-768x768.jpeg 768w, https:\/\/www.celttv.com.ar\/wp-content\/uploads\/2021\/11\/Clasific-final-provincial-1-1536x1536.jpeg 1536w, https:\/\/www.celttv.com.ar\/wp-content\/uploads\/2021\/11\/Clasific-final-provincial-1-75x75.jpeg 75w, https:\/\/www.celttv.com.ar\/wp-content\/uploads\/2021\/11\/Clasific-final-provincial-1-750x750.jpeg 750w, https:\/\/www.celttv.com.ar\/wp-content\/uploads\/2021\/11\/Clasific-final-provincial-1-1140x1140.jpeg 1140w, https:\/\/www.celttv.com.ar\/wp-content\/uploads\/2021\/11\/Clasific-final-provincial-1.jpeg 1600w\" sizes=\"auto, (max-width: 1024px) 100vw, 1024px\" \/><\/figure>\n\n\n\n<figure class=\"wp-block-image size-large\"><img loading=\"lazy\" decoding=\"async\" width=\"1024\" height=\"768\" src=\"http:\/\/www.celttv.com.ar\/wp-content\/uploads\/2021\/11\/Clasific-final-provincial-1-1024x768.jpg\" alt=\"\" class=\"wp-image-61212\" srcset=\"https:\/\/www.celttv.com.ar\/wp-content\/uploads\/2021\/11\/Clasific-final-provincial-1-1024x768.jpg 1024w, https:\/\/www.celttv.com.ar\/wp-content\/uploads\/2021\/11\/Clasific-final-provincial-1-300x225.jpg 300w, https:\/\/www.celttv.com.ar\/wp-content\/uploads\/2021\/11\/Clasific-final-provincial-1-768x576.jpg 768w, https:\/\/www.celttv.com.ar\/wp-content\/uploads\/2021\/11\/Clasific-final-provincial-1-1536x1152.jpg 1536w, https:\/\/www.celttv.com.ar\/wp-content\/uploads\/2021\/11\/Clasific-final-provincial-1-750x563.jpg 750w, https:\/\/www.celttv.com.ar\/wp-content\/uploads\/2021\/11\/Clasific-final-provincial-1-1140x855.jpg 1140w, https:\/\/www.celttv.com.ar\/wp-content\/uploads\/2021\/11\/Clasific-final-provincial-1.jpg 1728w\" sizes=\"auto, (max-width: 1024px) 100vw, 1024px\" \/><\/figure>\n\n\n\n<figure class=\"wp-block-image size-large\"><img loading=\"lazy\" decoding=\"async\" width=\"610\" height=\"554\" src=\"http:\/\/www.celttv.com.ar\/wp-content\/uploads\/2021\/11\/Clasific-final-provincial-2.jpeg\" alt=\"\" class=\"wp-image-61213\" srcset=\"https:\/\/www.celttv.com.ar\/wp-content\/uploads\/2021\/11\/Clasific-final-provincial-2.jpeg 610w, https:\/\/www.celttv.com.ar\/wp-content\/uploads\/2021\/11\/Clasific-final-provincial-2-300x272.jpeg 300w\" sizes=\"auto, (max-width: 610px) 100vw, 610px\" \/><\/figure>\n\n\n\n<figure class=\"wp-block-image size-large\"><img loading=\"lazy\" decoding=\"async\" width=\"1024\" height=\"682\" src=\"http:\/\/www.celttv.com.ar\/wp-content\/uploads\/2021\/11\/Clasific-final-provincial-5-1024x682.jpg\" alt=\"\" class=\"wp-image-61214\" srcset=\"https:\/\/www.celttv.com.ar\/wp-content\/uploads\/2021\/11\/Clasific-final-provincial-5-1024x682.jpg 1024w, https:\/\/www.celttv.com.ar\/wp-content\/uploads\/2021\/11\/Clasific-final-provincial-5-300x200.jpg 300w, https:\/\/www.celttv.com.ar\/wp-content\/uploads\/2021\/11\/Clasific-final-provincial-5-768x512.jpg 768w, https:\/\/www.celttv.com.ar\/wp-content\/uploads\/2021\/11\/Clasific-final-provincial-5-750x500.jpg 750w, https:\/\/www.celttv.com.ar\/wp-content\/uploads\/2021\/11\/Clasific-final-provincial-5.jpg 1100w\" sizes=\"auto, (max-width: 1024px) 100vw, 1024px\" \/><\/figure>\n\n\n\n<figure class=\"wp-block-image size-large\"><img loading=\"lazy\" decoding=\"async\" width=\"1000\" height=\"667\" src=\"http:\/\/www.celttv.com.ar\/wp-content\/uploads\/2021\/11\/Clasific-final-provincial-6.jpg\" alt=\"\" class=\"wp-image-61215\" srcset=\"https:\/\/www.celttv.com.ar\/wp-content\/uploads\/2021\/11\/Clasific-final-provincial-6.jpg 1000w, https:\/\/www.celttv.com.ar\/wp-content\/uploads\/2021\/11\/Clasific-final-provincial-6-300x200.jpg 300w, https:\/\/www.celttv.com.ar\/wp-content\/uploads\/2021\/11\/Clasific-final-provincial-6-768x512.jpg 768w, https:\/\/www.celttv.com.ar\/wp-content\/uploads\/2021\/11\/Clasific-final-provincial-6-750x500.jpg 750w\" sizes=\"auto, (max-width: 1000px) 100vw, 1000px\" \/><\/figure>\n","protected":false},"excerpt":{"rendered":"<p>Desde este viernes 5 hasta el martes 9, se desarrollar\u00e1 en Mar del Plata la Final Provincial de los Juegos Bonaerenses 2021, con la participaci\u00f3n de 10.000 j\u00f3venes de todos los distritos. El partido de Tornquist estar\u00e1 representado, a trav\u00e9s de la Direcci\u00f3n de Deportes, por 24 deportistas, que competir\u00e1n en ocho disciplinas en las [&hellip;]<\/p>\n","protected":false},"author":1,"featured_media":61212,"comment_status":"closed","ping_status":"open","sticky":false,"template":"","format":"standard","meta":{"footnotes":""},"categories":[55,60,62,52,63],"tags":[],"class_list":["post-61210","post","type-post","status-publish","format-standard","has-post-thumbnail","hentry","category-celt-tv-noticias","category-deporte","category-deportes","category-destacadas","category-magazine-sport"],"yoast_head":"<!-- This site is optimized with the Yoast SEO plugin v19.7.1 - https:\/\/yoast.com\/wordpress\/plugins\/seo\/ -->\n<title>Juegos Bonaerenses: 24 deportistas representar\u00e1n a Tornquist en la Final Provincial - CELTTV<\/title>\n<meta name=\"description\" content=\"Sitio web de noticias de la localidad de Tornquist, provincia de Buenos Aires, Rep\u00fablica Argentina. Contenido propio originado por periodistas de CELTTV, el canal de TV local de la Cooperativa El\u00e9ctrica de Tornquist. Turismo, Pol\u00edtica, Sociedad, Deporte, Cultura y todo el contenido de inter\u00e9s general que la gente del pueblo y la regi\u00f3n debe conocer.\" \/>\n<meta name=\"robots\" content=\"index, follow, max-snippet:-1, max-image-preview:large, max-video-preview:-1\" \/>\n<link rel=\"canonical\" href=\"https:\/\/www.celttv.com.ar\/index.php\/2021\/11\/03\/juegos-bonaerenses-24-deportistas-representaran-a-tornquist-en-la-final-provincial\/\" \/>\n<meta property=\"og:locale\" content=\"es_ES\" \/>\n<meta property=\"og:type\" content=\"article\" \/>\n<meta property=\"og:title\" content=\"Juegos Bonaerenses: 24 deportistas representar\u00e1n a Tornquist en la Final Provincial - CELTTV\" \/>\n<meta property=\"og:description\" content=\"Sitio web de noticias de la localidad de Tornquist, provincia de Buenos Aires, Rep\u00fablica Argentina. Contenido propio originado por periodistas de CELTTV, el canal de TV local de la Cooperativa El\u00e9ctrica de Tornquist. Turismo, Pol\u00edtica, Sociedad, Deporte, Cultura y todo el contenido de inter\u00e9s general que la gente del pueblo y la regi\u00f3n debe conocer.\" \/>\n<meta property=\"og:url\" content=\"https:\/\/www.celttv.com.ar\/index.php\/2021\/11\/03\/juegos-bonaerenses-24-deportistas-representaran-a-tornquist-en-la-final-provincial\/\" \/>\n<meta property=\"og:site_name\" content=\"CELTTV\" \/>\n<meta property=\"article:publisher\" content=\"https:\/\/www.facebook.com\/celtTV\/\" \/>\n<meta property=\"article:published_time\" content=\"2021-11-03T18:54:15+00:00\" \/>\n<meta property=\"og:image\" content=\"https:\/\/www.celttv.com.ar\/wp-content\/uploads\/2021\/11\/Clasific-final-provincial-1.jpg\" \/>\n\t<meta property=\"og:image:width\" content=\"1728\" \/>\n\t<meta property=\"og:image:height\" content=\"1296\" \/>\n\t<meta property=\"og:image:type\" content=\"image\/jpeg\" \/>\n<meta name=\"author\" content=\"ulises\" \/>\n<meta name=\"twitter:card\" content=\"summary_large_image\" \/>\n<meta name=\"twitter:label1\" content=\"Escrito por\" \/>\n\t<meta name=\"twitter:data1\" content=\"ulises\" \/>\n\t<meta name=\"twitter:label2\" content=\"Tiempo de lectura\" \/>\n\t<meta name=\"twitter:data2\" content=\"1 minuto\" \/>\n<script type=\"application\/ld+json\" class=\"yoast-schema-graph\">{\"@context\":\"https:\/\/schema.org\",\"@graph\":[{\"@type\":\"NewsArticle\",\"@id\":\"https:\/\/www.celttv.com.ar\/index.php\/2021\/11\/03\/juegos-bonaerenses-24-deportistas-representaran-a-tornquist-en-la-final-provincial\/#article\",\"isPartOf\":{\"@id\":\"https:\/\/www.celttv.com.ar\/index.php\/2021\/11\/03\/juegos-bonaerenses-24-deportistas-representaran-a-tornquist-en-la-final-provincial\/\"},\"author\":{\"name\":\"ulises\",\"@id\":\"https:\/\/www.celttv.com.ar\/#\/schema\/person\/6d99c072dba59953809c81446e9d0ace\"},\"headline\":\"Juegos Bonaerenses: 24 deportistas representar\u00e1n a Tornquist en la Final Provincial\",\"datePublished\":\"2021-11-03T18:54:15+00:00\",\"dateModified\":\"2021-11-03T18:54:15+00:00\",\"mainEntityOfPage\":{\"@id\":\"https:\/\/www.celttv.com.ar\/index.php\/2021\/11\/03\/juegos-bonaerenses-24-deportistas-representaran-a-tornquist-en-la-final-provincial\/\"},\"wordCount\":268,\"publisher\":{\"@id\":\"https:\/\/www.celttv.com.ar\/#organization\"},\"articleSection\":[\"Celt TV Noticias\",\"Deporte\",\"Deportes\",\"Destacadas\",\"Magazine Sport\"],\"inLanguage\":\"es\"},{\"@type\":\"WebPage\",\"@id\":\"https:\/\/www.celttv.com.ar\/index.php\/2021\/11\/03\/juegos-bonaerenses-24-deportistas-representaran-a-tornquist-en-la-final-provincial\/\",\"url\":\"https:\/\/www.celttv.com.ar\/index.php\/2021\/11\/03\/juegos-bonaerenses-24-deportistas-representaran-a-tornquist-en-la-final-provincial\/\",\"name\":\"Juegos Bonaerenses: 24 deportistas representar\u00e1n a Tornquist en la Final Provincial - CELTTV\",\"isPartOf\":{\"@id\":\"https:\/\/www.celttv.com.ar\/#website\"},\"datePublished\":\"2021-11-03T18:54:15+00:00\",\"dateModified\":\"2021-11-03T18:54:15+00:00\",\"description\":\"Sitio web de noticias de la localidad de Tornquist, provincia de Buenos Aires, Rep\u00fablica Argentina. Contenido propio originado por periodistas de CELTTV, el canal de TV local de la Cooperativa El\u00e9ctrica de Tornquist. Turismo, Pol\u00edtica, Sociedad, Deporte, Cultura y todo el contenido de inter\u00e9s general que la gente del pueblo y la regi\u00f3n debe conocer.\",\"breadcrumb\":{\"@id\":\"https:\/\/www.celttv.com.ar\/index.php\/2021\/11\/03\/juegos-bonaerenses-24-deportistas-representaran-a-tornquist-en-la-final-provincial\/#breadcrumb\"},\"inLanguage\":\"es\",\"potentialAction\":[{\"@type\":\"ReadAction\",\"target\":[\"https:\/\/www.celttv.com.ar\/index.php\/2021\/11\/03\/juegos-bonaerenses-24-deportistas-representaran-a-tornquist-en-la-final-provincial\/\"]}]},{\"@type\":\"BreadcrumbList\",\"@id\":\"https:\/\/www.celttv.com.ar\/index.php\/2021\/11\/03\/juegos-bonaerenses-24-deportistas-representaran-a-tornquist-en-la-final-provincial\/#breadcrumb\",\"itemListElement\":[{\"@type\":\"ListItem\",\"position\":1,\"name\":\"Inicio\",\"item\":\"https:\/\/www.celttv.com.ar\/\"},{\"@type\":\"ListItem\",\"position\":2,\"name\":\"Juegos Bonaerenses: 24 deportistas representar\u00e1n a Tornquist en la Final Provincial\"}]},{\"@type\":\"WebSite\",\"@id\":\"https:\/\/www.celttv.com.ar\/#website\",\"url\":\"https:\/\/www.celttv.com.ar\/\",\"name\":\"CELTTV\",\"description\":\"Cooperativa El\u00e9ctrica de Tornquist\",\"publisher\":{\"@id\":\"https:\/\/www.celttv.com.ar\/#organization\"},\"potentialAction\":[{\"@type\":\"SearchAction\",\"target\":{\"@type\":\"EntryPoint\",\"urlTemplate\":\"https:\/\/www.celttv.com.ar\/?s={search_term_string}\"},\"query-input\":\"required name=search_term_string\"}],\"inLanguage\":\"es\"},{\"@type\":\"Organization\",\"@id\":\"https:\/\/www.celttv.com.ar\/#organization\",\"name\":\"CELTTV\",\"url\":\"https:\/\/www.celttv.com.ar\/\",\"sameAs\":[\"https:\/\/www.youtube.com\/channel\/UCz_oIt8Hig64Ub-EmcNPIhg\",\"https:\/\/www.facebook.com\/celtTV\/\"],\"logo\":{\"@type\":\"ImageObject\",\"inLanguage\":\"es\",\"@id\":\"https:\/\/www.celttv.com.ar\/#\/schema\/logo\/image\/\",\"url\":\"http:\/\/www.celttv.com.ar\/wp-content\/uploads\/2022\/08\/logo-1.png\",\"contentUrl\":\"http:\/\/www.celttv.com.ar\/wp-content\/uploads\/2022\/08\/logo-1.png\",\"width\":461,\"height\":159,\"caption\":\"CELTTV\"},\"image\":{\"@id\":\"https:\/\/www.celttv.com.ar\/#\/schema\/logo\/image\/\"}},{\"@type\":\"Person\",\"@id\":\"https:\/\/www.celttv.com.ar\/#\/schema\/person\/6d99c072dba59953809c81446e9d0ace\",\"name\":\"ulises\",\"image\":{\"@type\":\"ImageObject\",\"inLanguage\":\"es\",\"@id\":\"https:\/\/www.celttv.com.ar\/#\/schema\/person\/image\/\",\"url\":\"https:\/\/secure.gravatar.com\/avatar\/7f2c48bdc33b30088f941fb6082e555f2874c98e20cb159d7b92b50eadfce793?s=96&d=mm&r=g\",\"contentUrl\":\"https:\/\/secure.gravatar.com\/avatar\/7f2c48bdc33b30088f941fb6082e555f2874c98e20cb159d7b92b50eadfce793?s=96&d=mm&r=g\",\"caption\":\"ulises\"},\"sameAs\":[\"http:\/\/www.celttv.com.ar\"]}]}<\/script>\n<!-- \/ Yoast SEO plugin. -->","yoast_head_json":{"title":"Juegos Bonaerenses: 24 deportistas representar\u00e1n a Tornquist en la Final Provincial - CELTTV","description":"Sitio web de noticias de la localidad de Tornquist, provincia de Buenos Aires, Rep\u00fablica Argentina. Contenido propio originado por periodistas de CELTTV, el canal de TV local de la Cooperativa El\u00e9ctrica de Tornquist. Turismo, Pol\u00edtica, Sociedad, Deporte, Cultura y todo el contenido de inter\u00e9s general que la gente del pueblo y la regi\u00f3n debe conocer.","robots":{"index":"index","follow":"follow","max-snippet":"max-snippet:-1","max-image-preview":"max-image-preview:large","max-video-preview":"max-video-preview:-1"},"canonical":"https:\/\/www.celttv.com.ar\/index.php\/2021\/11\/03\/juegos-bonaerenses-24-deportistas-representaran-a-tornquist-en-la-final-provincial\/","og_locale":"es_ES","og_type":"article","og_title":"Juegos Bonaerenses: 24 deportistas representar\u00e1n a Tornquist en la Final Provincial - CELTTV","og_description":"Sitio web de noticias de la localidad de Tornquist, provincia de Buenos Aires, Rep\u00fablica Argentina. Contenido propio originado por periodistas de CELTTV, el canal de TV local de la Cooperativa El\u00e9ctrica de Tornquist. Turismo, Pol\u00edtica, Sociedad, Deporte, Cultura y todo el contenido de inter\u00e9s general que la gente del pueblo y la regi\u00f3n debe conocer.","og_url":"https:\/\/www.celttv.com.ar\/index.php\/2021\/11\/03\/juegos-bonaerenses-24-deportistas-representaran-a-tornquist-en-la-final-provincial\/","og_site_name":"CELTTV","article_publisher":"https:\/\/www.facebook.com\/celtTV\/","article_published_time":"2021-11-03T18:54:15+00:00","og_image":[{"width":1728,"height":1296,"url":"https:\/\/www.celttv.com.ar\/wp-content\/uploads\/2021\/11\/Clasific-final-provincial-1.jpg","type":"image\/jpeg"}],"author":"ulises","twitter_card":"summary_large_image","twitter_misc":{"Escrito por":"ulises","Tiempo de lectura":"1 minuto"},"schema":{"@context":"https:\/\/schema.org","@graph":[{"@type":"NewsArticle","@id":"https:\/\/www.celttv.com.ar\/index.php\/2021\/11\/03\/juegos-bonaerenses-24-deportistas-representaran-a-tornquist-en-la-final-provincial\/#article","isPartOf":{"@id":"https:\/\/www.celttv.com.ar\/index.php\/2021\/11\/03\/juegos-bonaerenses-24-deportistas-representaran-a-tornquist-en-la-final-provincial\/"},"author":{"name":"ulises","@id":"https:\/\/www.celttv.com.ar\/#\/schema\/person\/6d99c072dba59953809c81446e9d0ace"},"headline":"Juegos Bonaerenses: 24 deportistas representar\u00e1n a Tornquist en la Final Provincial","datePublished":"2021-11-03T18:54:15+00:00","dateModified":"2021-11-03T18:54:15+00:00","mainEntityOfPage":{"@id":"https:\/\/www.celttv.com.ar\/index.php\/2021\/11\/03\/juegos-bonaerenses-24-deportistas-representaran-a-tornquist-en-la-final-provincial\/"},"wordCount":268,"publisher":{"@id":"https:\/\/www.celttv.com.ar\/#organization"},"articleSection":["Celt TV Noticias","Deporte","Deportes","Destacadas","Magazine Sport"],"inLanguage":"es"},{"@type":"WebPage","@id":"https:\/\/www.celttv.com.ar\/index.php\/2021\/11\/03\/juegos-bonaerenses-24-deportistas-representaran-a-tornquist-en-la-final-provincial\/","url":"https:\/\/www.celttv.com.ar\/index.php\/2021\/11\/03\/juegos-bonaerenses-24-deportistas-representaran-a-tornquist-en-la-final-provincial\/","name":"Juegos Bonaerenses: 24 deportistas representar\u00e1n a Tornquist en la Final Provincial - CELTTV","isPartOf":{"@id":"https:\/\/www.celttv.com.ar\/#website"},"datePublished":"2021-11-03T18:54:15+00:00","dateModified":"2021-11-03T18:54:15+00:00","description":"Sitio web de noticias de la localidad de Tornquist, provincia de Buenos Aires, Rep\u00fablica Argentina. Contenido propio originado por periodistas de CELTTV, el canal de TV local de la Cooperativa El\u00e9ctrica de Tornquist. Turismo, Pol\u00edtica, Sociedad, Deporte, Cultura y todo el contenido de inter\u00e9s general que la gente del pueblo y la regi\u00f3n debe conocer.","breadcrumb":{"@id":"https:\/\/www.celttv.com.ar\/index.php\/2021\/11\/03\/juegos-bonaerenses-24-deportistas-representaran-a-tornquist-en-la-final-provincial\/#breadcrumb"},"inLanguage":"es","potentialAction":[{"@type":"ReadAction","target":["https:\/\/www.celttv.com.ar\/index.php\/2021\/11\/03\/juegos-bonaerenses-24-deportistas-representaran-a-tornquist-en-la-final-provincial\/"]}]},{"@type":"BreadcrumbList","@id":"https:\/\/www.celttv.com.ar\/index.php\/2021\/11\/03\/juegos-bonaerenses-24-deportistas-representaran-a-tornquist-en-la-final-provincial\/#breadcrumb","itemListElement":[{"@type":"ListItem","position":1,"name":"Inicio","item":"https:\/\/www.celttv.com.ar\/"},{"@type":"ListItem","position":2,"name":"Juegos Bonaerenses: 24 deportistas representar\u00e1n a Tornquist en la Final Provincial"}]},{"@type":"WebSite","@id":"https:\/\/www.celttv.com.ar\/#website","url":"https:\/\/www.celttv.com.ar\/","name":"CELTTV","description":"Cooperativa El\u00e9ctrica de Tornquist","publisher":{"@id":"https:\/\/www.celttv.com.ar\/#organization"},"potentialAction":[{"@type":"SearchAction","target":{"@type":"EntryPoint","urlTemplate":"https:\/\/www.celttv.com.ar\/?s={search_term_string}"},"query-input":"required name=search_term_string"}],"inLanguage":"es"},{"@type":"Organization","@id":"https:\/\/www.celttv.com.ar\/#organization","name":"CELTTV","url":"https:\/\/www.celttv.com.ar\/","sameAs":["https:\/\/www.youtube.com\/channel\/UCz_oIt8Hig64Ub-EmcNPIhg","https:\/\/www.facebook.com\/celtTV\/"],"logo":{"@type":"ImageObject","inLanguage":"es","@id":"https:\/\/www.celttv.com.ar\/#\/schema\/logo\/image\/","url":"http:\/\/www.celttv.com.ar\/wp-content\/uploads\/2022\/08\/logo-1.png","contentUrl":"http:\/\/www.celttv.com.ar\/wp-content\/uploads\/2022\/08\/logo-1.png","width":461,"height":159,"caption":"CELTTV"},"image":{"@id":"https:\/\/www.celttv.com.ar\/#\/schema\/logo\/image\/"}},{"@type":"Person","@id":"https:\/\/www.celttv.com.ar\/#\/schema\/person\/6d99c072dba59953809c81446e9d0ace","name":"ulises","image":{"@type":"ImageObject","inLanguage":"es","@id":"https:\/\/www.celttv.com.ar\/#\/schema\/person\/image\/","url":"https:\/\/secure.gravatar.com\/avatar\/7f2c48bdc33b30088f941fb6082e555f2874c98e20cb159d7b92b50eadfce793?s=96&d=mm&r=g","contentUrl":"https:\/\/secure.gravatar.com\/avatar\/7f2c48bdc33b30088f941fb6082e555f2874c98e20cb159d7b92b50eadfce793?s=96&d=mm&r=g","caption":"ulises"},"sameAs":["http:\/\/www.celttv.com.ar"]}]}},"_links":{"self":[{"href":"https:\/\/www.celttv.com.ar\/index.php\/wp-json\/wp\/v2\/posts\/61210","targetHints":{"allow":["GET"]}}],"collection":[{"href":"https:\/\/www.celttv.com.ar\/index.php\/wp-json\/wp\/v2\/posts"}],"about":[{"href":"https:\/\/www.celttv.com.ar\/index.php\/wp-json\/wp\/v2\/types\/post"}],"author":[{"embeddable":true,"href":"https:\/\/www.celttv.com.ar\/index.php\/wp-json\/wp\/v2\/users\/1"}],"replies":[{"embeddable":true,"href":"https:\/\/www.celttv.com.ar\/index.php\/wp-json\/wp\/v2\/comments?post=61210"}],"version-history":[{"count":0,"href":"https:\/\/www.celttv.com.ar\/index.php\/wp-json\/wp\/v2\/posts\/61210\/revisions"}],"wp:featuredmedia":[{"embeddable":true,"href":"https:\/\/www.celttv.com.ar\/index.php\/wp-json\/wp\/v2\/media\/61212"}],"wp:attachment":[{"href":"https:\/\/www.celttv.com.ar\/index.php\/wp-json\/wp\/v2\/media?parent=61210"}],"wp:term":[{"taxonomy":"category","embeddable":true,"href":"https:\/\/www.celttv.com.ar\/index.php\/wp-json\/wp\/v2\/categories?post=61210"},{"taxonomy":"post_tag","embeddable":true,"href":"https:\/\/www.celttv.com.ar\/index.php\/wp-json\/wp\/v2\/tags?post=61210"}],"curies":[{"name":"wp","href":"https:\/\/api.w.org\/{rel}","templated":true}]}}