{"id":6127,"date":"2012-04-19T03:30:37","date_gmt":"2012-04-19T03:30:37","guid":{"rendered":"http:\/\/www.tvcnoticias.com.ar\/?p=6127"},"modified":"2012-04-19T03:30:37","modified_gmt":"2012-04-19T03:30:37","slug":"al-hacer-los-hechos-se-dicen-solos-el-arbol-ya-fue-plantado","status":"publish","type":"post","link":"https:\/\/www.celttv.com.ar\/index.php\/2012\/04\/19\/al-hacer-los-hechos-se-dicen-solos-el-arbol-ya-fue-plantado\/","title":{"rendered":"AL HACER, LOS HECHOS SE DICEN SOLOS: \u201cEL ARBOL YA FUE PLANTADO\u201d"},"content":{"rendered":"<p>Hace un tiempo, charlando de bueyes perdidos en una esquina del barrio, algunos vecinos de las Calles Pringles y Mahuida, asumimos el malestar que nos andaba causando la proliferaci\u00f3n de basurales formados por restos de poda, pasto cortado, cart\u00f3n, pl\u00e1stico, vidrio, chapas y toda clase de residuos imaginable en las veredas del barrio.<br \/>\nArgumentos como que afectan a la salud, deslucen la belleza natural del lugar y la digna rabia que nos provoca el olvido nos parecieron muy v\u00e1lidos, pero lo que realmente nos moviliz\u00f3 fue el admitir que si no hac\u00edamos algo de modo urgente \u00a0ya nos podr\u00edamos criticar, protestar o exigir que se respeten nuestros derechos porque bien sabemos que:<br \/>\nv\u00a0\u00a0\u00a0\u00a0\u00a0 si entramos a un sitio que resuma suciedad, ser\u00e1 f\u00e1cil agregarle esto o aquello sin ning\u00fan remordimiento, total \u00a1qu\u00e9 le hace una mancha m\u00e1s al tigre! Lo echamos y all\u00e1 vamos por la vida tan contentos;<br \/>\nv\u00a0\u00a0\u00a0\u00a0\u00a0 mirar y no ver es m\u00e1s c\u00f3modo, pues ojos que no ven coraz\u00f3n que no siente y ya que estamos, conciencia que no se moviliza ni act\u00faa;<br \/>\nv\u00a0\u00a0\u00a0\u00a0\u00a0 somos parte de una sociedad que pertenece a la cofrad\u00eda del santo reproche y nos gusta much\u00edsimo quejarnos por lo que sea, reclamar en las ventanillas equivocadas, patear la pelota afuera y bien lejos para que otro haga el gol por nosotros y mientras tanto\u2026, parafraseando a Serrat\u00a0\u00a0 para no ensuciar la nuestra vamos a \u00a0tirar deshechos a la vereda de otra gente.<br \/>\nv\u00a0\u00a0\u00a0\u00a0\u00a0 somos bastante chantas, un poco otarios y \u00a0nos creemos muy piolas.<br \/>\nPero como tambi\u00e9n nos sabemos solidarios y capaces de comprometernos con nuestra comunidad \u00a0y que, cuando las ganas se juntan, no hace falta que nos digan las cosas y que si lo sabemos hacer, lo hacemos y ya, \u00a0pensamos que pod\u00edamos cambiar esa \u00a0realidad si cada uno de nosotros contribu\u00eda con su parte.<br \/>\nLo hablamos con el Delegado, le presentamos una nota con la firma de 17 vecinos (si no hubo m\u00e1s firmas fue por escasez de recursos humanos para recolectarlas); el Delegado se lo comunic\u00f3 al Director de Producci\u00f3n y Medio Ambiente y as\u00ed fue que, con gran espontaneidad y mucha precariedad, pusimos en marcha &#8211; en el marco del programa \u201cTu manzana recicla\u201d que propone el OPDS -, un simple plan de trabajo:<br \/>\nv\u00a0\u00a0\u00a0\u00a0\u00a0 <strong><em>Mediante cartel indicador determinamos un sitio cada 100 metros, m\u00e1s o menos, para depositar los restos de la poda y del mantenimiento de jardines y colocamos recipientes para contener residuo inorg\u00e1nico\u00a0 con la leyenda pertinente bien visible, todo con material reciclado, un poco de pintura y la voluntad de hacer. Para completar, dos vecinos pusieron en marcha sus desmalezadoras y \u00a0cortaron el yuyal de las veredas de bald\u00edos.<\/em><\/strong><br \/>\nPasado un tiempo prudencial desde el inicio, podemos afirmar que el\u00a0 efecto es positivo pues aquellos que no hab\u00edan advertido la existencia de los basurales, vieron con asombro la aparici\u00f3n de los carteles y preguntaron \u00a1\u00bfQUI\u00c9N? \u00a1\u00bfC\u00d3MO?!, \u00a1\u00bfPARA QU\u00c9?! Aquellos que depositaban sus residuos en cualquier lugar, lo hacen en el sitio indicado. Aquellos que s\u00ed estaban molestos por los basurales, se pusieron contentos y colaboran de diversas maneras. \u00a1Falta mucho todav\u00eda! Por ejemplo y para empezar ser\u00eda bueno que los residuos secos y reciclables se embolsen antes de \u00a0depositarlos en los contenedores vecinales sin mezclar con los org\u00e1nicos que tienen otro destino.<br \/>\nCualquier intervenci\u00f3n en la comunidad provoca reacciones en pro o en contra y eso es bueno \u00a0porque estamos intentando crecer. Lo importante es que se comprenda que es posible elegir cambiar, \u00a0sin perder de vista que somos humanos y\u00a0 nos podemos equivocar.<strong><em> <\/em><\/strong>Este barco que es la patria (vale tambi\u00e9n para Sierra de la Ventana) ya lleva casi tres d\u00e9cadas\u00a0 debati\u00e9ndose \u00a0por mantenerse a flote y nos necesita a todos para que, como sea,\u00a0 aqu\u00ed estemos dispuestos\u00a0 a afrontar la\u00a0 tempestad y empezar una y otra vez la construcci\u00f3n que el viento se empe\u00f1a en derribar. Para sumarse a la tarea nadie debe esperar invitaci\u00f3n especial, no por arreo ama\u00f1ado ni nada de eso, sino\u00a0 porque no hay quien haga las tarjetas. Quien m\u00e1s quien menos, estamos ocupados tratando de ponerle un cordel a nuestros \u00a0sue\u00f1os y acabar para siempre con el temor a volar,<br \/>\nSi empezamos por ver la realidad, sin omnipotencias ni humillaciones, podemos ayudar a que cambie siendo \u00a0parte de un todo, como dice el saludo maya \u201cYo soy t\u00fa y t\u00fa eres yo\u201d para que nunca m\u00e1s el ayer vuelva a comerse el futuro. En nuestra cuadra, \u201cel \u00e1rbol ya fue plantado, estuvo lleno de p\u00e1jaros y se hizo grande el laurel\u201d, porque no quisimos esperar a que sigan pasando los a\u00f1os para verlo crecer.<br \/>\nNORMA FERNANDEZ,<br \/>\nvecina de Mahuida y Pringles,<br \/>\nSierra de la Ventana<br \/>\nP\/D: Para contar la experiencia de nuestra cuadra me ayudaron Joan Manuel Serrat, \u00a0Eduardo Galeano, V\u00edctor Heredia, Eladia Bl\u00e1zquez, Joaqu\u00edn Sabina, Fanny Edelman, Mario Benedetti, Elena Siro, \u00a0Dami\u00e1n S\u00e1nchez y la Fuenteovejuna de Lope de Vega. Muchas gracias<br \/>\n.<\/p>\n","protected":false},"excerpt":{"rendered":"<p>Hace un tiempo, charlando de bueyes perdidos en una esquina del barrio, algunos vecinos de las Calles Pringles y Mahuida, asumimos el malestar que nos andaba causando la proliferaci\u00f3n de basurales formados por restos de poda, pasto cortado, cart\u00f3n, pl\u00e1stico, vidrio, chapas y toda clase de residuos imaginable en las veredas del barrio. Argumentos como [&hellip;]<\/p>\n","protected":false},"author":1,"featured_media":0,"comment_status":"closed","ping_status":"open","sticky":false,"template":"","format":"standard","meta":{"footnotes":""},"categories":[95],"tags":[],"class_list":["post-6127","post","type-post","status-publish","format-standard","hentry","category-opiniones"],"yoast_head":"<!-- This site is optimized with the Yoast SEO plugin v19.7.1 - https:\/\/yoast.com\/wordpress\/plugins\/seo\/ -->\n<title>AL HACER, LOS HECHOS SE DICEN SOLOS: \u201cEL ARBOL YA FUE PLANTADO\u201d - CELTTV<\/title>\n<meta name=\"description\" content=\"Sitio web de noticias de la localidad de Tornquist, provincia de Buenos Aires, Rep\u00fablica Argentina. Contenido propio originado por periodistas de CELTTV, el canal de TV local de la Cooperativa El\u00e9ctrica de Tornquist. Turismo, Pol\u00edtica, Sociedad, Deporte, Cultura y todo el contenido de inter\u00e9s general que la gente del pueblo y la regi\u00f3n debe conocer.\" \/>\n<meta name=\"robots\" content=\"index, follow, max-snippet:-1, max-image-preview:large, max-video-preview:-1\" \/>\n<link rel=\"canonical\" href=\"https:\/\/www.celttv.com.ar\/index.php\/2012\/04\/19\/al-hacer-los-hechos-se-dicen-solos-el-arbol-ya-fue-plantado\/\" \/>\n<meta property=\"og:locale\" content=\"es_ES\" \/>\n<meta property=\"og:type\" content=\"article\" \/>\n<meta property=\"og:title\" content=\"AL HACER, LOS HECHOS SE DICEN SOLOS: \u201cEL ARBOL YA FUE PLANTADO\u201d - CELTTV\" \/>\n<meta property=\"og:description\" content=\"Sitio web de noticias de la localidad de Tornquist, provincia de Buenos Aires, Rep\u00fablica Argentina. Contenido propio originado por periodistas de CELTTV, el canal de TV local de la Cooperativa El\u00e9ctrica de Tornquist. Turismo, Pol\u00edtica, Sociedad, Deporte, Cultura y todo el contenido de inter\u00e9s general que la gente del pueblo y la regi\u00f3n debe conocer.\" \/>\n<meta property=\"og:url\" content=\"https:\/\/www.celttv.com.ar\/index.php\/2012\/04\/19\/al-hacer-los-hechos-se-dicen-solos-el-arbol-ya-fue-plantado\/\" \/>\n<meta property=\"og:site_name\" content=\"CELTTV\" \/>\n<meta property=\"article:publisher\" content=\"https:\/\/www.facebook.com\/celtTV\/\" \/>\n<meta property=\"article:published_time\" content=\"2012-04-19T03:30:37+00:00\" \/>\n<meta name=\"author\" content=\"ulises\" \/>\n<meta name=\"twitter:card\" content=\"summary_large_image\" \/>\n<meta name=\"twitter:label1\" content=\"Escrito por\" \/>\n\t<meta name=\"twitter:data1\" content=\"ulises\" \/>\n\t<meta name=\"twitter:label2\" content=\"Tiempo de lectura\" \/>\n\t<meta name=\"twitter:data2\" content=\"4 minutos\" \/>\n<script type=\"application\/ld+json\" class=\"yoast-schema-graph\">{\"@context\":\"https:\/\/schema.org\",\"@graph\":[{\"@type\":\"NewsArticle\",\"@id\":\"https:\/\/www.celttv.com.ar\/index.php\/2012\/04\/19\/al-hacer-los-hechos-se-dicen-solos-el-arbol-ya-fue-plantado\/#article\",\"isPartOf\":{\"@id\":\"https:\/\/www.celttv.com.ar\/index.php\/2012\/04\/19\/al-hacer-los-hechos-se-dicen-solos-el-arbol-ya-fue-plantado\/\"},\"author\":{\"name\":\"ulises\",\"@id\":\"https:\/\/www.celttv.com.ar\/#\/schema\/person\/6d99c072dba59953809c81446e9d0ace\"},\"headline\":\"AL HACER, LOS HECHOS SE DICEN SOLOS: \u201cEL ARBOL YA FUE PLANTADO\u201d\",\"datePublished\":\"2012-04-19T03:30:37+00:00\",\"dateModified\":\"2012-04-19T03:30:37+00:00\",\"mainEntityOfPage\":{\"@id\":\"https:\/\/www.celttv.com.ar\/index.php\/2012\/04\/19\/al-hacer-los-hechos-se-dicen-solos-el-arbol-ya-fue-plantado\/\"},\"wordCount\":877,\"publisher\":{\"@id\":\"https:\/\/www.celttv.com.ar\/#organization\"},\"articleSection\":[\"Opiniones\"],\"inLanguage\":\"es\"},{\"@type\":\"WebPage\",\"@id\":\"https:\/\/www.celttv.com.ar\/index.php\/2012\/04\/19\/al-hacer-los-hechos-se-dicen-solos-el-arbol-ya-fue-plantado\/\",\"url\":\"https:\/\/www.celttv.com.ar\/index.php\/2012\/04\/19\/al-hacer-los-hechos-se-dicen-solos-el-arbol-ya-fue-plantado\/\",\"name\":\"AL HACER, LOS HECHOS SE DICEN SOLOS: \u201cEL ARBOL YA FUE PLANTADO\u201d - CELTTV\",\"isPartOf\":{\"@id\":\"https:\/\/www.celttv.com.ar\/#website\"},\"datePublished\":\"2012-04-19T03:30:37+00:00\",\"dateModified\":\"2012-04-19T03:30:37+00:00\",\"description\":\"Sitio web de noticias de la localidad de Tornquist, provincia de Buenos Aires, Rep\u00fablica Argentina. Contenido propio originado por periodistas de CELTTV, el canal de TV local de la Cooperativa El\u00e9ctrica de Tornquist. Turismo, Pol\u00edtica, Sociedad, Deporte, Cultura y todo el contenido de inter\u00e9s general que la gente del pueblo y la regi\u00f3n debe conocer.\",\"breadcrumb\":{\"@id\":\"https:\/\/www.celttv.com.ar\/index.php\/2012\/04\/19\/al-hacer-los-hechos-se-dicen-solos-el-arbol-ya-fue-plantado\/#breadcrumb\"},\"inLanguage\":\"es\",\"potentialAction\":[{\"@type\":\"ReadAction\",\"target\":[\"https:\/\/www.celttv.com.ar\/index.php\/2012\/04\/19\/al-hacer-los-hechos-se-dicen-solos-el-arbol-ya-fue-plantado\/\"]}]},{\"@type\":\"BreadcrumbList\",\"@id\":\"https:\/\/www.celttv.com.ar\/index.php\/2012\/04\/19\/al-hacer-los-hechos-se-dicen-solos-el-arbol-ya-fue-plantado\/#breadcrumb\",\"itemListElement\":[{\"@type\":\"ListItem\",\"position\":1,\"name\":\"Inicio\",\"item\":\"https:\/\/www.celttv.com.ar\/\"},{\"@type\":\"ListItem\",\"position\":2,\"name\":\"AL HACER, LOS HECHOS SE DICEN SOLOS: \u201cEL ARBOL YA FUE PLANTADO\u201d\"}]},{\"@type\":\"WebSite\",\"@id\":\"https:\/\/www.celttv.com.ar\/#website\",\"url\":\"https:\/\/www.celttv.com.ar\/\",\"name\":\"CELTTV\",\"description\":\"Cooperativa El\u00e9ctrica de Tornquist\",\"publisher\":{\"@id\":\"https:\/\/www.celttv.com.ar\/#organization\"},\"potentialAction\":[{\"@type\":\"SearchAction\",\"target\":{\"@type\":\"EntryPoint\",\"urlTemplate\":\"https:\/\/www.celttv.com.ar\/?s={search_term_string}\"},\"query-input\":\"required name=search_term_string\"}],\"inLanguage\":\"es\"},{\"@type\":\"Organization\",\"@id\":\"https:\/\/www.celttv.com.ar\/#organization\",\"name\":\"CELTTV\",\"url\":\"https:\/\/www.celttv.com.ar\/\",\"sameAs\":[\"https:\/\/www.youtube.com\/channel\/UCz_oIt8Hig64Ub-EmcNPIhg\",\"https:\/\/www.facebook.com\/celtTV\/\"],\"logo\":{\"@type\":\"ImageObject\",\"inLanguage\":\"es\",\"@id\":\"https:\/\/www.celttv.com.ar\/#\/schema\/logo\/image\/\",\"url\":\"http:\/\/www.celttv.com.ar\/wp-content\/uploads\/2022\/08\/logo-1.png\",\"contentUrl\":\"http:\/\/www.celttv.com.ar\/wp-content\/uploads\/2022\/08\/logo-1.png\",\"width\":461,\"height\":159,\"caption\":\"CELTTV\"},\"image\":{\"@id\":\"https:\/\/www.celttv.com.ar\/#\/schema\/logo\/image\/\"}},{\"@type\":\"Person\",\"@id\":\"https:\/\/www.celttv.com.ar\/#\/schema\/person\/6d99c072dba59953809c81446e9d0ace\",\"name\":\"ulises\",\"image\":{\"@type\":\"ImageObject\",\"inLanguage\":\"es\",\"@id\":\"https:\/\/www.celttv.com.ar\/#\/schema\/person\/image\/\",\"url\":\"https:\/\/secure.gravatar.com\/avatar\/7f2c48bdc33b30088f941fb6082e555f2874c98e20cb159d7b92b50eadfce793?s=96&d=mm&r=g\",\"contentUrl\":\"https:\/\/secure.gravatar.com\/avatar\/7f2c48bdc33b30088f941fb6082e555f2874c98e20cb159d7b92b50eadfce793?s=96&d=mm&r=g\",\"caption\":\"ulises\"},\"sameAs\":[\"http:\/\/www.celttv.com.ar\"]}]}<\/script>\n<!-- \/ Yoast SEO plugin. -->","yoast_head_json":{"title":"AL HACER, LOS HECHOS SE DICEN SOLOS: \u201cEL ARBOL YA FUE PLANTADO\u201d - CELTTV","description":"Sitio web de noticias de la localidad de Tornquist, provincia de Buenos Aires, Rep\u00fablica Argentina. Contenido propio originado por periodistas de CELTTV, el canal de TV local de la Cooperativa El\u00e9ctrica de Tornquist. Turismo, Pol\u00edtica, Sociedad, Deporte, Cultura y todo el contenido de inter\u00e9s general que la gente del pueblo y la regi\u00f3n debe conocer.","robots":{"index":"index","follow":"follow","max-snippet":"max-snippet:-1","max-image-preview":"max-image-preview:large","max-video-preview":"max-video-preview:-1"},"canonical":"https:\/\/www.celttv.com.ar\/index.php\/2012\/04\/19\/al-hacer-los-hechos-se-dicen-solos-el-arbol-ya-fue-plantado\/","og_locale":"es_ES","og_type":"article","og_title":"AL HACER, LOS HECHOS SE DICEN SOLOS: \u201cEL ARBOL YA FUE PLANTADO\u201d - CELTTV","og_description":"Sitio web de noticias de la localidad de Tornquist, provincia de Buenos Aires, Rep\u00fablica Argentina. Contenido propio originado por periodistas de CELTTV, el canal de TV local de la Cooperativa El\u00e9ctrica de Tornquist. Turismo, Pol\u00edtica, Sociedad, Deporte, Cultura y todo el contenido de inter\u00e9s general que la gente del pueblo y la regi\u00f3n debe conocer.","og_url":"https:\/\/www.celttv.com.ar\/index.php\/2012\/04\/19\/al-hacer-los-hechos-se-dicen-solos-el-arbol-ya-fue-plantado\/","og_site_name":"CELTTV","article_publisher":"https:\/\/www.facebook.com\/celtTV\/","article_published_time":"2012-04-19T03:30:37+00:00","author":"ulises","twitter_card":"summary_large_image","twitter_misc":{"Escrito por":"ulises","Tiempo de lectura":"4 minutos"},"schema":{"@context":"https:\/\/schema.org","@graph":[{"@type":"NewsArticle","@id":"https:\/\/www.celttv.com.ar\/index.php\/2012\/04\/19\/al-hacer-los-hechos-se-dicen-solos-el-arbol-ya-fue-plantado\/#article","isPartOf":{"@id":"https:\/\/www.celttv.com.ar\/index.php\/2012\/04\/19\/al-hacer-los-hechos-se-dicen-solos-el-arbol-ya-fue-plantado\/"},"author":{"name":"ulises","@id":"https:\/\/www.celttv.com.ar\/#\/schema\/person\/6d99c072dba59953809c81446e9d0ace"},"headline":"AL HACER, LOS HECHOS SE DICEN SOLOS: \u201cEL ARBOL YA FUE PLANTADO\u201d","datePublished":"2012-04-19T03:30:37+00:00","dateModified":"2012-04-19T03:30:37+00:00","mainEntityOfPage":{"@id":"https:\/\/www.celttv.com.ar\/index.php\/2012\/04\/19\/al-hacer-los-hechos-se-dicen-solos-el-arbol-ya-fue-plantado\/"},"wordCount":877,"publisher":{"@id":"https:\/\/www.celttv.com.ar\/#organization"},"articleSection":["Opiniones"],"inLanguage":"es"},{"@type":"WebPage","@id":"https:\/\/www.celttv.com.ar\/index.php\/2012\/04\/19\/al-hacer-los-hechos-se-dicen-solos-el-arbol-ya-fue-plantado\/","url":"https:\/\/www.celttv.com.ar\/index.php\/2012\/04\/19\/al-hacer-los-hechos-se-dicen-solos-el-arbol-ya-fue-plantado\/","name":"AL HACER, LOS HECHOS SE DICEN SOLOS: \u201cEL ARBOL YA FUE PLANTADO\u201d - CELTTV","isPartOf":{"@id":"https:\/\/www.celttv.com.ar\/#website"},"datePublished":"2012-04-19T03:30:37+00:00","dateModified":"2012-04-19T03:30:37+00:00","description":"Sitio web de noticias de la localidad de Tornquist, provincia de Buenos Aires, Rep\u00fablica Argentina. Contenido propio originado por periodistas de CELTTV, el canal de TV local de la Cooperativa El\u00e9ctrica de Tornquist. Turismo, Pol\u00edtica, Sociedad, Deporte, Cultura y todo el contenido de inter\u00e9s general que la gente del pueblo y la regi\u00f3n debe conocer.","breadcrumb":{"@id":"https:\/\/www.celttv.com.ar\/index.php\/2012\/04\/19\/al-hacer-los-hechos-se-dicen-solos-el-arbol-ya-fue-plantado\/#breadcrumb"},"inLanguage":"es","potentialAction":[{"@type":"ReadAction","target":["https:\/\/www.celttv.com.ar\/index.php\/2012\/04\/19\/al-hacer-los-hechos-se-dicen-solos-el-arbol-ya-fue-plantado\/"]}]},{"@type":"BreadcrumbList","@id":"https:\/\/www.celttv.com.ar\/index.php\/2012\/04\/19\/al-hacer-los-hechos-se-dicen-solos-el-arbol-ya-fue-plantado\/#breadcrumb","itemListElement":[{"@type":"ListItem","position":1,"name":"Inicio","item":"https:\/\/www.celttv.com.ar\/"},{"@type":"ListItem","position":2,"name":"AL HACER, LOS HECHOS SE DICEN SOLOS: \u201cEL ARBOL YA FUE PLANTADO\u201d"}]},{"@type":"WebSite","@id":"https:\/\/www.celttv.com.ar\/#website","url":"https:\/\/www.celttv.com.ar\/","name":"CELTTV","description":"Cooperativa El\u00e9ctrica de Tornquist","publisher":{"@id":"https:\/\/www.celttv.com.ar\/#organization"},"potentialAction":[{"@type":"SearchAction","target":{"@type":"EntryPoint","urlTemplate":"https:\/\/www.celttv.com.ar\/?s={search_term_string}"},"query-input":"required name=search_term_string"}],"inLanguage":"es"},{"@type":"Organization","@id":"https:\/\/www.celttv.com.ar\/#organization","name":"CELTTV","url":"https:\/\/www.celttv.com.ar\/","sameAs":["https:\/\/www.youtube.com\/channel\/UCz_oIt8Hig64Ub-EmcNPIhg","https:\/\/www.facebook.com\/celtTV\/"],"logo":{"@type":"ImageObject","inLanguage":"es","@id":"https:\/\/www.celttv.com.ar\/#\/schema\/logo\/image\/","url":"http:\/\/www.celttv.com.ar\/wp-content\/uploads\/2022\/08\/logo-1.png","contentUrl":"http:\/\/www.celttv.com.ar\/wp-content\/uploads\/2022\/08\/logo-1.png","width":461,"height":159,"caption":"CELTTV"},"image":{"@id":"https:\/\/www.celttv.com.ar\/#\/schema\/logo\/image\/"}},{"@type":"Person","@id":"https:\/\/www.celttv.com.ar\/#\/schema\/person\/6d99c072dba59953809c81446e9d0ace","name":"ulises","image":{"@type":"ImageObject","inLanguage":"es","@id":"https:\/\/www.celttv.com.ar\/#\/schema\/person\/image\/","url":"https:\/\/secure.gravatar.com\/avatar\/7f2c48bdc33b30088f941fb6082e555f2874c98e20cb159d7b92b50eadfce793?s=96&d=mm&r=g","contentUrl":"https:\/\/secure.gravatar.com\/avatar\/7f2c48bdc33b30088f941fb6082e555f2874c98e20cb159d7b92b50eadfce793?s=96&d=mm&r=g","caption":"ulises"},"sameAs":["http:\/\/www.celttv.com.ar"]}]}},"_links":{"self":[{"href":"https:\/\/www.celttv.com.ar\/index.php\/wp-json\/wp\/v2\/posts\/6127","targetHints":{"allow":["GET"]}}],"collection":[{"href":"https:\/\/www.celttv.com.ar\/index.php\/wp-json\/wp\/v2\/posts"}],"about":[{"href":"https:\/\/www.celttv.com.ar\/index.php\/wp-json\/wp\/v2\/types\/post"}],"author":[{"embeddable":true,"href":"https:\/\/www.celttv.com.ar\/index.php\/wp-json\/wp\/v2\/users\/1"}],"replies":[{"embeddable":true,"href":"https:\/\/www.celttv.com.ar\/index.php\/wp-json\/wp\/v2\/comments?post=6127"}],"version-history":[{"count":0,"href":"https:\/\/www.celttv.com.ar\/index.php\/wp-json\/wp\/v2\/posts\/6127\/revisions"}],"wp:attachment":[{"href":"https:\/\/www.celttv.com.ar\/index.php\/wp-json\/wp\/v2\/media?parent=6127"}],"wp:term":[{"taxonomy":"category","embeddable":true,"href":"https:\/\/www.celttv.com.ar\/index.php\/wp-json\/wp\/v2\/categories?post=6127"},{"taxonomy":"post_tag","embeddable":true,"href":"https:\/\/www.celttv.com.ar\/index.php\/wp-json\/wp\/v2\/tags?post=6127"}],"curies":[{"name":"wp","href":"https:\/\/api.w.org\/{rel}","templated":true}]}}