{"id":6184,"date":"2012-04-20T18:50:12","date_gmt":"2012-04-20T18:50:12","guid":{"rendered":"http:\/\/www.tvcnoticias.com.ar\/?p=6184"},"modified":"2012-04-20T18:50:12","modified_gmt":"2012-04-20T18:50:12","slug":"videos-de-la-inauguracion-de-la-pileta-climatizada-del-centro-de-jubilados-de-tornquist","status":"publish","type":"post","link":"https:\/\/www.celttv.com.ar\/index.php\/2012\/04\/20\/videos-de-la-inauguracion-de-la-pileta-climatizada-del-centro-de-jubilados-de-tornquist\/","title":{"rendered":"VIDEOS DE LA INAUGURACION DE LA PILETA CLIMATIZADA DEL CENTRO DE JUBILADOS DE TORNQUIST"},"content":{"rendered":"<p><strong><span style=\"font-size: xx-small;\">El aniversario de Tornquist present\u00f3 un condimento especial: la inauguraci\u00f3n de la pileta terap\u00e9utica del Centro de Jubilados y Pensionados, que cont\u00f3 con la participaci\u00f3n del Secretario de Espacio P\u00fablico de la Provincia de Buenos Aires, Eduardo Aparicio, y del intendente municipal, licenciado Gustavo Trankels.<br \/>\nLa emotiva jornada sirvi\u00f3 para concretar un anhelo de la entidad, que breg\u00f3 y luch\u00f3 en pos de una meta que parec\u00eda ut\u00f3pica. Por eso, el primer paso result\u00f3 la bendici\u00f3n de las flamantes instalaciones por parte del cura p\u00e1rroco Norberto L\u00f3pez.<br \/>\n<\/span><\/strong><a href=\"http:\/\/www.youtube.com\/watch?v=jxzFukwF1HY\">httpv:\/\/www.youtube.com\/watch?v=jxzFukwF1HY<\/a><br \/>\n<a href=\"http:\/\/www.youtube.com\/watch?v=BzFaw1VANuc\">httpv:\/\/www.youtube.com\/watch?v=BzFaw1VANuc<\/a><br \/>\n<a href=\"http:\/\/www.youtube.com\/watch?v=w6pAc5Wshhc\">httpv:\/\/www.youtube.com\/watch?v=w6pAc5Wshhc<\/a><br \/>\n<a href=\"http:\/\/www.youtube.com\/watch?v=I6BF7pYcn28\">httpv:\/\/www.youtube.com\/watch?v=I6BF7pYcn28<\/a><br \/>\n<a href=\"http:\/\/www.youtube.com\/watch?v=_T4ZwzaDEf0\">httpv:\/\/www.youtube.com\/watch?v=_T4ZwzaDEf0<\/a><\/p>\n","protected":false},"excerpt":{"rendered":"<p>El aniversario de Tornquist present\u00f3 un condimento especial: la inauguraci\u00f3n de la pileta terap\u00e9utica del Centro de Jubilados y Pensionados, que cont\u00f3 con la participaci\u00f3n del Secretario de Espacio P\u00fablico de la Provincia de Buenos Aires, Eduardo Aparicio, y del intendente municipal, licenciado Gustavo Trankels. La emotiva jornada sirvi\u00f3 para concretar un anhelo de la [&hellip;]<\/p>\n","protected":false},"author":1,"featured_media":0,"comment_status":"closed","ping_status":"open","sticky":false,"template":"","format":"standard","meta":{"footnotes":""},"categories":[51,52,53,64],"tags":[],"class_list":["post-6184","post","type-post","status-publish","format-standard","hentry","category-comunidad","category-destacadas","category-politica","category-videos-destacados"],"yoast_head":"<!-- This site is optimized with the Yoast SEO plugin v19.7.1 - https:\/\/yoast.com\/wordpress\/plugins\/seo\/ -->\n<title>VIDEOS DE LA INAUGURACION DE LA PILETA CLIMATIZADA DEL CENTRO DE JUBILADOS DE TORNQUIST - CELTTV<\/title>\n<meta name=\"description\" content=\"Sitio web de noticias de la localidad de Tornquist, provincia de Buenos Aires, Rep\u00fablica Argentina. Contenido propio originado por periodistas de CELTTV, el canal de TV local de la Cooperativa El\u00e9ctrica de Tornquist. Turismo, Pol\u00edtica, Sociedad, Deporte, Cultura y todo el contenido de inter\u00e9s general que la gente del pueblo y la regi\u00f3n debe conocer.\" \/>\n<meta name=\"robots\" content=\"index, follow, max-snippet:-1, max-image-preview:large, max-video-preview:-1\" \/>\n<link rel=\"canonical\" href=\"https:\/\/www.celttv.com.ar\/index.php\/2012\/04\/20\/videos-de-la-inauguracion-de-la-pileta-climatizada-del-centro-de-jubilados-de-tornquist\/\" \/>\n<meta property=\"og:locale\" content=\"es_ES\" \/>\n<meta property=\"og:type\" content=\"article\" \/>\n<meta property=\"og:title\" content=\"VIDEOS DE LA INAUGURACION DE LA PILETA CLIMATIZADA DEL CENTRO DE JUBILADOS DE TORNQUIST - CELTTV\" \/>\n<meta property=\"og:description\" content=\"Sitio web de noticias de la localidad de Tornquist, provincia de Buenos Aires, Rep\u00fablica Argentina. Contenido propio originado por periodistas de CELTTV, el canal de TV local de la Cooperativa El\u00e9ctrica de Tornquist. Turismo, Pol\u00edtica, Sociedad, Deporte, Cultura y todo el contenido de inter\u00e9s general que la gente del pueblo y la regi\u00f3n debe conocer.\" \/>\n<meta property=\"og:url\" content=\"https:\/\/www.celttv.com.ar\/index.php\/2012\/04\/20\/videos-de-la-inauguracion-de-la-pileta-climatizada-del-centro-de-jubilados-de-tornquist\/\" \/>\n<meta property=\"og:site_name\" content=\"CELTTV\" \/>\n<meta property=\"article:publisher\" content=\"https:\/\/www.facebook.com\/celtTV\/\" \/>\n<meta property=\"article:published_time\" content=\"2012-04-20T18:50:12+00:00\" \/>\n<meta name=\"author\" content=\"ulises\" \/>\n<meta name=\"twitter:card\" content=\"summary_large_image\" \/>\n<meta name=\"twitter:label1\" content=\"Escrito por\" \/>\n\t<meta name=\"twitter:data1\" content=\"ulises\" \/>\n\t<meta name=\"twitter:label2\" content=\"Tiempo de lectura\" \/>\n\t<meta name=\"twitter:data2\" content=\"1 minuto\" \/>\n<script type=\"application\/ld+json\" class=\"yoast-schema-graph\">{\"@context\":\"https:\/\/schema.org\",\"@graph\":[{\"@type\":\"NewsArticle\",\"@id\":\"https:\/\/www.celttv.com.ar\/index.php\/2012\/04\/20\/videos-de-la-inauguracion-de-la-pileta-climatizada-del-centro-de-jubilados-de-tornquist\/#article\",\"isPartOf\":{\"@id\":\"https:\/\/www.celttv.com.ar\/index.php\/2012\/04\/20\/videos-de-la-inauguracion-de-la-pileta-climatizada-del-centro-de-jubilados-de-tornquist\/\"},\"author\":{\"name\":\"ulises\",\"@id\":\"https:\/\/www.celttv.com.ar\/#\/schema\/person\/6d99c072dba59953809c81446e9d0ace\"},\"headline\":\"VIDEOS DE LA INAUGURACION DE LA PILETA CLIMATIZADA DEL CENTRO DE JUBILADOS DE TORNQUIST\",\"datePublished\":\"2012-04-20T18:50:12+00:00\",\"dateModified\":\"2012-04-20T18:50:12+00:00\",\"mainEntityOfPage\":{\"@id\":\"https:\/\/www.celttv.com.ar\/index.php\/2012\/04\/20\/videos-de-la-inauguracion-de-la-pileta-climatizada-del-centro-de-jubilados-de-tornquist\/\"},\"wordCount\":152,\"publisher\":{\"@id\":\"https:\/\/www.celttv.com.ar\/#organization\"},\"articleSection\":[\"Comunidad\",\"Destacadas\",\"Pol\u00edtica\",\"Videos Destacados\"],\"inLanguage\":\"es\"},{\"@type\":\"WebPage\",\"@id\":\"https:\/\/www.celttv.com.ar\/index.php\/2012\/04\/20\/videos-de-la-inauguracion-de-la-pileta-climatizada-del-centro-de-jubilados-de-tornquist\/\",\"url\":\"https:\/\/www.celttv.com.ar\/index.php\/2012\/04\/20\/videos-de-la-inauguracion-de-la-pileta-climatizada-del-centro-de-jubilados-de-tornquist\/\",\"name\":\"VIDEOS DE LA INAUGURACION DE LA PILETA CLIMATIZADA DEL CENTRO DE JUBILADOS DE TORNQUIST - CELTTV\",\"isPartOf\":{\"@id\":\"https:\/\/www.celttv.com.ar\/#website\"},\"datePublished\":\"2012-04-20T18:50:12+00:00\",\"dateModified\":\"2012-04-20T18:50:12+00:00\",\"description\":\"Sitio web de noticias de la localidad de Tornquist, provincia de Buenos Aires, Rep\u00fablica Argentina. Contenido propio originado por periodistas de CELTTV, el canal de TV local de la Cooperativa El\u00e9ctrica de Tornquist. Turismo, Pol\u00edtica, Sociedad, Deporte, Cultura y todo el contenido de inter\u00e9s general que la gente del pueblo y la regi\u00f3n debe conocer.\",\"breadcrumb\":{\"@id\":\"https:\/\/www.celttv.com.ar\/index.php\/2012\/04\/20\/videos-de-la-inauguracion-de-la-pileta-climatizada-del-centro-de-jubilados-de-tornquist\/#breadcrumb\"},\"inLanguage\":\"es\",\"potentialAction\":[{\"@type\":\"ReadAction\",\"target\":[\"https:\/\/www.celttv.com.ar\/index.php\/2012\/04\/20\/videos-de-la-inauguracion-de-la-pileta-climatizada-del-centro-de-jubilados-de-tornquist\/\"]}]},{\"@type\":\"BreadcrumbList\",\"@id\":\"https:\/\/www.celttv.com.ar\/index.php\/2012\/04\/20\/videos-de-la-inauguracion-de-la-pileta-climatizada-del-centro-de-jubilados-de-tornquist\/#breadcrumb\",\"itemListElement\":[{\"@type\":\"ListItem\",\"position\":1,\"name\":\"Inicio\",\"item\":\"https:\/\/www.celttv.com.ar\/\"},{\"@type\":\"ListItem\",\"position\":2,\"name\":\"VIDEOS DE LA INAUGURACION DE LA PILETA CLIMATIZADA DEL CENTRO DE JUBILADOS DE TORNQUIST\"}]},{\"@type\":\"WebSite\",\"@id\":\"https:\/\/www.celttv.com.ar\/#website\",\"url\":\"https:\/\/www.celttv.com.ar\/\",\"name\":\"CELTTV\",\"description\":\"Cooperativa El\u00e9ctrica de Tornquist\",\"publisher\":{\"@id\":\"https:\/\/www.celttv.com.ar\/#organization\"},\"potentialAction\":[{\"@type\":\"SearchAction\",\"target\":{\"@type\":\"EntryPoint\",\"urlTemplate\":\"https:\/\/www.celttv.com.ar\/?s={search_term_string}\"},\"query-input\":\"required name=search_term_string\"}],\"inLanguage\":\"es\"},{\"@type\":\"Organization\",\"@id\":\"https:\/\/www.celttv.com.ar\/#organization\",\"name\":\"CELTTV\",\"url\":\"https:\/\/www.celttv.com.ar\/\",\"sameAs\":[\"https:\/\/www.youtube.com\/channel\/UCz_oIt8Hig64Ub-EmcNPIhg\",\"https:\/\/www.facebook.com\/celtTV\/\"],\"logo\":{\"@type\":\"ImageObject\",\"inLanguage\":\"es\",\"@id\":\"https:\/\/www.celttv.com.ar\/#\/schema\/logo\/image\/\",\"url\":\"http:\/\/www.celttv.com.ar\/wp-content\/uploads\/2022\/08\/logo-1.png\",\"contentUrl\":\"http:\/\/www.celttv.com.ar\/wp-content\/uploads\/2022\/08\/logo-1.png\",\"width\":461,\"height\":159,\"caption\":\"CELTTV\"},\"image\":{\"@id\":\"https:\/\/www.celttv.com.ar\/#\/schema\/logo\/image\/\"}},{\"@type\":\"Person\",\"@id\":\"https:\/\/www.celttv.com.ar\/#\/schema\/person\/6d99c072dba59953809c81446e9d0ace\",\"name\":\"ulises\",\"image\":{\"@type\":\"ImageObject\",\"inLanguage\":\"es\",\"@id\":\"https:\/\/www.celttv.com.ar\/#\/schema\/person\/image\/\",\"url\":\"https:\/\/secure.gravatar.com\/avatar\/7f2c48bdc33b30088f941fb6082e555f2874c98e20cb159d7b92b50eadfce793?s=96&d=mm&r=g\",\"contentUrl\":\"https:\/\/secure.gravatar.com\/avatar\/7f2c48bdc33b30088f941fb6082e555f2874c98e20cb159d7b92b50eadfce793?s=96&d=mm&r=g\",\"caption\":\"ulises\"},\"sameAs\":[\"http:\/\/www.celttv.com.ar\"]}]}<\/script>\n<!-- \/ Yoast SEO plugin. -->","yoast_head_json":{"title":"VIDEOS DE LA INAUGURACION DE LA PILETA CLIMATIZADA DEL CENTRO DE JUBILADOS DE TORNQUIST - CELTTV","description":"Sitio web de noticias de la localidad de Tornquist, provincia de Buenos Aires, Rep\u00fablica Argentina. Contenido propio originado por periodistas de CELTTV, el canal de TV local de la Cooperativa El\u00e9ctrica de Tornquist. Turismo, Pol\u00edtica, Sociedad, Deporte, Cultura y todo el contenido de inter\u00e9s general que la gente del pueblo y la regi\u00f3n debe conocer.","robots":{"index":"index","follow":"follow","max-snippet":"max-snippet:-1","max-image-preview":"max-image-preview:large","max-video-preview":"max-video-preview:-1"},"canonical":"https:\/\/www.celttv.com.ar\/index.php\/2012\/04\/20\/videos-de-la-inauguracion-de-la-pileta-climatizada-del-centro-de-jubilados-de-tornquist\/","og_locale":"es_ES","og_type":"article","og_title":"VIDEOS DE LA INAUGURACION DE LA PILETA CLIMATIZADA DEL CENTRO DE JUBILADOS DE TORNQUIST - CELTTV","og_description":"Sitio web de noticias de la localidad de Tornquist, provincia de Buenos Aires, Rep\u00fablica Argentina. Contenido propio originado por periodistas de CELTTV, el canal de TV local de la Cooperativa El\u00e9ctrica de Tornquist. Turismo, Pol\u00edtica, Sociedad, Deporte, Cultura y todo el contenido de inter\u00e9s general que la gente del pueblo y la regi\u00f3n debe conocer.","og_url":"https:\/\/www.celttv.com.ar\/index.php\/2012\/04\/20\/videos-de-la-inauguracion-de-la-pileta-climatizada-del-centro-de-jubilados-de-tornquist\/","og_site_name":"CELTTV","article_publisher":"https:\/\/www.facebook.com\/celtTV\/","article_published_time":"2012-04-20T18:50:12+00:00","author":"ulises","twitter_card":"summary_large_image","twitter_misc":{"Escrito por":"ulises","Tiempo de lectura":"1 minuto"},"schema":{"@context":"https:\/\/schema.org","@graph":[{"@type":"NewsArticle","@id":"https:\/\/www.celttv.com.ar\/index.php\/2012\/04\/20\/videos-de-la-inauguracion-de-la-pileta-climatizada-del-centro-de-jubilados-de-tornquist\/#article","isPartOf":{"@id":"https:\/\/www.celttv.com.ar\/index.php\/2012\/04\/20\/videos-de-la-inauguracion-de-la-pileta-climatizada-del-centro-de-jubilados-de-tornquist\/"},"author":{"name":"ulises","@id":"https:\/\/www.celttv.com.ar\/#\/schema\/person\/6d99c072dba59953809c81446e9d0ace"},"headline":"VIDEOS DE LA INAUGURACION DE LA PILETA CLIMATIZADA DEL CENTRO DE JUBILADOS DE TORNQUIST","datePublished":"2012-04-20T18:50:12+00:00","dateModified":"2012-04-20T18:50:12+00:00","mainEntityOfPage":{"@id":"https:\/\/www.celttv.com.ar\/index.php\/2012\/04\/20\/videos-de-la-inauguracion-de-la-pileta-climatizada-del-centro-de-jubilados-de-tornquist\/"},"wordCount":152,"publisher":{"@id":"https:\/\/www.celttv.com.ar\/#organization"},"articleSection":["Comunidad","Destacadas","Pol\u00edtica","Videos Destacados"],"inLanguage":"es"},{"@type":"WebPage","@id":"https:\/\/www.celttv.com.ar\/index.php\/2012\/04\/20\/videos-de-la-inauguracion-de-la-pileta-climatizada-del-centro-de-jubilados-de-tornquist\/","url":"https:\/\/www.celttv.com.ar\/index.php\/2012\/04\/20\/videos-de-la-inauguracion-de-la-pileta-climatizada-del-centro-de-jubilados-de-tornquist\/","name":"VIDEOS DE LA INAUGURACION DE LA PILETA CLIMATIZADA DEL CENTRO DE JUBILADOS DE TORNQUIST - CELTTV","isPartOf":{"@id":"https:\/\/www.celttv.com.ar\/#website"},"datePublished":"2012-04-20T18:50:12+00:00","dateModified":"2012-04-20T18:50:12+00:00","description":"Sitio web de noticias de la localidad de Tornquist, provincia de Buenos Aires, Rep\u00fablica Argentina. Contenido propio originado por periodistas de CELTTV, el canal de TV local de la Cooperativa El\u00e9ctrica de Tornquist. Turismo, Pol\u00edtica, Sociedad, Deporte, Cultura y todo el contenido de inter\u00e9s general que la gente del pueblo y la regi\u00f3n debe conocer.","breadcrumb":{"@id":"https:\/\/www.celttv.com.ar\/index.php\/2012\/04\/20\/videos-de-la-inauguracion-de-la-pileta-climatizada-del-centro-de-jubilados-de-tornquist\/#breadcrumb"},"inLanguage":"es","potentialAction":[{"@type":"ReadAction","target":["https:\/\/www.celttv.com.ar\/index.php\/2012\/04\/20\/videos-de-la-inauguracion-de-la-pileta-climatizada-del-centro-de-jubilados-de-tornquist\/"]}]},{"@type":"BreadcrumbList","@id":"https:\/\/www.celttv.com.ar\/index.php\/2012\/04\/20\/videos-de-la-inauguracion-de-la-pileta-climatizada-del-centro-de-jubilados-de-tornquist\/#breadcrumb","itemListElement":[{"@type":"ListItem","position":1,"name":"Inicio","item":"https:\/\/www.celttv.com.ar\/"},{"@type":"ListItem","position":2,"name":"VIDEOS DE LA INAUGURACION DE LA PILETA CLIMATIZADA DEL CENTRO DE JUBILADOS DE TORNQUIST"}]},{"@type":"WebSite","@id":"https:\/\/www.celttv.com.ar\/#website","url":"https:\/\/www.celttv.com.ar\/","name":"CELTTV","description":"Cooperativa El\u00e9ctrica de Tornquist","publisher":{"@id":"https:\/\/www.celttv.com.ar\/#organization"},"potentialAction":[{"@type":"SearchAction","target":{"@type":"EntryPoint","urlTemplate":"https:\/\/www.celttv.com.ar\/?s={search_term_string}"},"query-input":"required name=search_term_string"}],"inLanguage":"es"},{"@type":"Organization","@id":"https:\/\/www.celttv.com.ar\/#organization","name":"CELTTV","url":"https:\/\/www.celttv.com.ar\/","sameAs":["https:\/\/www.youtube.com\/channel\/UCz_oIt8Hig64Ub-EmcNPIhg","https:\/\/www.facebook.com\/celtTV\/"],"logo":{"@type":"ImageObject","inLanguage":"es","@id":"https:\/\/www.celttv.com.ar\/#\/schema\/logo\/image\/","url":"http:\/\/www.celttv.com.ar\/wp-content\/uploads\/2022\/08\/logo-1.png","contentUrl":"http:\/\/www.celttv.com.ar\/wp-content\/uploads\/2022\/08\/logo-1.png","width":461,"height":159,"caption":"CELTTV"},"image":{"@id":"https:\/\/www.celttv.com.ar\/#\/schema\/logo\/image\/"}},{"@type":"Person","@id":"https:\/\/www.celttv.com.ar\/#\/schema\/person\/6d99c072dba59953809c81446e9d0ace","name":"ulises","image":{"@type":"ImageObject","inLanguage":"es","@id":"https:\/\/www.celttv.com.ar\/#\/schema\/person\/image\/","url":"https:\/\/secure.gravatar.com\/avatar\/7f2c48bdc33b30088f941fb6082e555f2874c98e20cb159d7b92b50eadfce793?s=96&d=mm&r=g","contentUrl":"https:\/\/secure.gravatar.com\/avatar\/7f2c48bdc33b30088f941fb6082e555f2874c98e20cb159d7b92b50eadfce793?s=96&d=mm&r=g","caption":"ulises"},"sameAs":["http:\/\/www.celttv.com.ar"]}]}},"_links":{"self":[{"href":"https:\/\/www.celttv.com.ar\/index.php\/wp-json\/wp\/v2\/posts\/6184","targetHints":{"allow":["GET"]}}],"collection":[{"href":"https:\/\/www.celttv.com.ar\/index.php\/wp-json\/wp\/v2\/posts"}],"about":[{"href":"https:\/\/www.celttv.com.ar\/index.php\/wp-json\/wp\/v2\/types\/post"}],"author":[{"embeddable":true,"href":"https:\/\/www.celttv.com.ar\/index.php\/wp-json\/wp\/v2\/users\/1"}],"replies":[{"embeddable":true,"href":"https:\/\/www.celttv.com.ar\/index.php\/wp-json\/wp\/v2\/comments?post=6184"}],"version-history":[{"count":0,"href":"https:\/\/www.celttv.com.ar\/index.php\/wp-json\/wp\/v2\/posts\/6184\/revisions"}],"wp:attachment":[{"href":"https:\/\/www.celttv.com.ar\/index.php\/wp-json\/wp\/v2\/media?parent=6184"}],"wp:term":[{"taxonomy":"category","embeddable":true,"href":"https:\/\/www.celttv.com.ar\/index.php\/wp-json\/wp\/v2\/categories?post=6184"},{"taxonomy":"post_tag","embeddable":true,"href":"https:\/\/www.celttv.com.ar\/index.php\/wp-json\/wp\/v2\/tags?post=6184"}],"curies":[{"name":"wp","href":"https:\/\/api.w.org\/{rel}","templated":true}]}}