{"id":62007,"date":"2021-11-26T17:42:27","date_gmt":"2021-11-26T17:42:27","guid":{"rendered":"http:\/\/www.celttv.com.ar\/?p=62007"},"modified":"2021-11-26T17:42:27","modified_gmt":"2021-11-26T17:42:27","slug":"trasladan-a-bahia-blanca-a-una-persona-herida-en-un-accidente-de-transito-fotos-y-video-celttv","status":"publish","type":"post","link":"https:\/\/www.celttv.com.ar\/index.php\/2021\/11\/26\/trasladan-a-bahia-blanca-a-una-persona-herida-en-un-accidente-de-transito-fotos-y-video-celttv\/","title":{"rendered":"Trasladan a Bah\u00eda Blanca a una persona herida en un accidente de tr\u00e1nsito (fotos y video CELTTV)"},"content":{"rendered":"\n<p>Un accidente de tr\u00e1nsito se produjo este viernes al mediod\u00eda en la esquina de Av. Libertad y G\u00fcemes, entre un auto y una moto,  y dej\u00f3 como saldo una persona con heridas que demandaron su traslado a un nosocomio de la ciudad de Bah\u00eda Blanca.<\/p>\n\n\n\n<p>Seg\u00fan se inform\u00f3 <strong>Cirilo  Godoy<\/strong>, conduc\u00eda una Zanella 50 cc, quien transitaba por Libertad en sentido descendente y, al doblar hacia G\u00fcemes, no advirti\u00f3 que ven\u00eda un automovil Renault Clio conducido por <strong>Vilma Dur\u00e1n<\/strong>, en el carril ascendente de la avenida<\/p>\n\n\n\n<p>A consecuencia de los golpes recibidos Godoy fue trasladado en una ambulancia al Hospital Municipal y, por la complejidad de las heridas, desde el nosocomio decidieron el traslado a la ciudad de Bah\u00eda Blanca, mientras que Dur\u00e1n result\u00f3 ilesa.<\/p>\n\n\n\n<p>Seg\u00fan se inform\u00f3 Godoy ingres\u00f3 al hospital con politraumatismos y traumatismo de craneo y con signos de compromiso neurol\u00f3gico por lo que fue derivado para la realizaci\u00f3n de estudios que permitan evaluar la gravedad del cuadro.<\/p>\n\n\n\n<p>Trabajaron en el lugar bomberos, personal policial, ambulancias del servicio de salud y cuerpo de inspectores municipales.<\/p>\n\n\n\n<figure class=\"wp-block-embed is-type-video is-provider-youtube wp-block-embed-youtube wp-embed-aspect-16-9 wp-has-aspect-ratio\"><div class=\"wp-block-embed__wrapper\">\n<iframe loading=\"lazy\" title=\"2021 11 26 ACCIDENTE\" width=\"500\" height=\"281\" src=\"https:\/\/www.youtube.com\/embed\/DobZErTQp_I?feature=oembed\" frameborder=\"0\" allow=\"accelerometer; autoplay; clipboard-write; encrypted-media; gyroscope; picture-in-picture; web-share\" referrerpolicy=\"strict-origin-when-cross-origin\" allowfullscreen><\/iframe>\n<\/div><\/figure>\n\n\n\n<figure class=\"wp-block-gallery columns-3 is-cropped wp-block-gallery-1 is-layout-flex wp-block-gallery-is-layout-flex\"><ul class=\"blocks-gallery-grid\"><li class=\"blocks-gallery-item\"><figure><img loading=\"lazy\" decoding=\"async\" width=\"1024\" height=\"683\" src=\"http:\/\/www.celttv.com.ar\/wp-content\/uploads\/2021\/11\/IMG_7177-Medium-1024x683.jpg\" alt=\"\" data-id=\"62008\" data-full-url=\"http:\/\/www.celttv.com.ar\/wp-content\/uploads\/2021\/11\/IMG_7177-Medium.jpg\" data-link=\"http:\/\/www.celttv.com.ar\/?attachment_id=62008\" class=\"wp-image-62008\" srcset=\"https:\/\/www.celttv.com.ar\/wp-content\/uploads\/2021\/11\/IMG_7177-Medium-1024x683.jpg 1024w, https:\/\/www.celttv.com.ar\/wp-content\/uploads\/2021\/11\/IMG_7177-Medium-300x200.jpg 300w, https:\/\/www.celttv.com.ar\/wp-content\/uploads\/2021\/11\/IMG_7177-Medium-768x512.jpg 768w, https:\/\/www.celttv.com.ar\/wp-content\/uploads\/2021\/11\/IMG_7177-Medium-750x500.jpg 750w, https:\/\/www.celttv.com.ar\/wp-content\/uploads\/2021\/11\/IMG_7177-Medium-1140x760.jpg 1140w, https:\/\/www.celttv.com.ar\/wp-content\/uploads\/2021\/11\/IMG_7177-Medium.jpg 1152w\" sizes=\"auto, (max-width: 1024px) 100vw, 1024px\" \/><\/figure><\/li><li class=\"blocks-gallery-item\"><figure><img loading=\"lazy\" decoding=\"async\" width=\"1024\" height=\"683\" src=\"http:\/\/www.celttv.com.ar\/wp-content\/uploads\/2021\/11\/IMG_7178-Medium-1024x683.jpg\" alt=\"\" data-id=\"62009\" data-full-url=\"http:\/\/www.celttv.com.ar\/wp-content\/uploads\/2021\/11\/IMG_7178-Medium.jpg\" data-link=\"http:\/\/www.celttv.com.ar\/?attachment_id=62009\" class=\"wp-image-62009\" srcset=\"https:\/\/www.celttv.com.ar\/wp-content\/uploads\/2021\/11\/IMG_7178-Medium-1024x683.jpg 1024w, https:\/\/www.celttv.com.ar\/wp-content\/uploads\/2021\/11\/IMG_7178-Medium-300x200.jpg 300w, https:\/\/www.celttv.com.ar\/wp-content\/uploads\/2021\/11\/IMG_7178-Medium-768x512.jpg 768w, https:\/\/www.celttv.com.ar\/wp-content\/uploads\/2021\/11\/IMG_7178-Medium-750x500.jpg 750w, https:\/\/www.celttv.com.ar\/wp-content\/uploads\/2021\/11\/IMG_7178-Medium-1140x760.jpg 1140w, https:\/\/www.celttv.com.ar\/wp-content\/uploads\/2021\/11\/IMG_7178-Medium.jpg 1152w\" sizes=\"auto, (max-width: 1024px) 100vw, 1024px\" \/><\/figure><\/li><li class=\"blocks-gallery-item\"><figure><img loading=\"lazy\" decoding=\"async\" width=\"1024\" height=\"683\" src=\"http:\/\/www.celttv.com.ar\/wp-content\/uploads\/2021\/11\/IMG_7179-Medium-1024x683.jpg\" alt=\"\" data-id=\"62010\" data-full-url=\"http:\/\/www.celttv.com.ar\/wp-content\/uploads\/2021\/11\/IMG_7179-Medium.jpg\" data-link=\"http:\/\/www.celttv.com.ar\/?attachment_id=62010\" class=\"wp-image-62010\" srcset=\"https:\/\/www.celttv.com.ar\/wp-content\/uploads\/2021\/11\/IMG_7179-Medium-1024x683.jpg 1024w, https:\/\/www.celttv.com.ar\/wp-content\/uploads\/2021\/11\/IMG_7179-Medium-300x200.jpg 300w, https:\/\/www.celttv.com.ar\/wp-content\/uploads\/2021\/11\/IMG_7179-Medium-768x512.jpg 768w, https:\/\/www.celttv.com.ar\/wp-content\/uploads\/2021\/11\/IMG_7179-Medium-750x500.jpg 750w, https:\/\/www.celttv.com.ar\/wp-content\/uploads\/2021\/11\/IMG_7179-Medium-1140x760.jpg 1140w, https:\/\/www.celttv.com.ar\/wp-content\/uploads\/2021\/11\/IMG_7179-Medium.jpg 1152w\" sizes=\"auto, (max-width: 1024px) 100vw, 1024px\" \/><\/figure><\/li><li class=\"blocks-gallery-item\"><figure><img loading=\"lazy\" decoding=\"async\" width=\"1024\" height=\"683\" src=\"http:\/\/www.celttv.com.ar\/wp-content\/uploads\/2021\/11\/IMG_7180-Medium-1024x683.jpg\" alt=\"\" data-id=\"62011\" data-full-url=\"http:\/\/www.celttv.com.ar\/wp-content\/uploads\/2021\/11\/IMG_7180-Medium.jpg\" data-link=\"http:\/\/www.celttv.com.ar\/?attachment_id=62011\" class=\"wp-image-62011\" srcset=\"https:\/\/www.celttv.com.ar\/wp-content\/uploads\/2021\/11\/IMG_7180-Medium-1024x683.jpg 1024w, https:\/\/www.celttv.com.ar\/wp-content\/uploads\/2021\/11\/IMG_7180-Medium-300x200.jpg 300w, https:\/\/www.celttv.com.ar\/wp-content\/uploads\/2021\/11\/IMG_7180-Medium-768x512.jpg 768w, https:\/\/www.celttv.com.ar\/wp-content\/uploads\/2021\/11\/IMG_7180-Medium-750x500.jpg 750w, https:\/\/www.celttv.com.ar\/wp-content\/uploads\/2021\/11\/IMG_7180-Medium-1140x760.jpg 1140w, https:\/\/www.celttv.com.ar\/wp-content\/uploads\/2021\/11\/IMG_7180-Medium.jpg 1152w\" sizes=\"auto, (max-width: 1024px) 100vw, 1024px\" \/><\/figure><\/li><\/ul><\/figure>\n","protected":false},"excerpt":{"rendered":"<p>Un accidente de tr\u00e1nsito se produjo este viernes al mediod\u00eda en la esquina de Av. Libertad y G\u00fcemes, entre un auto y una moto, y dej\u00f3 como saldo una persona con heridas que demandaron su traslado a un nosocomio de la ciudad de Bah\u00eda Blanca. Seg\u00fan se inform\u00f3 Cirilo Godoy, conduc\u00eda una Zanella 50 cc, [&hellip;]<\/p>\n","protected":false},"author":1,"featured_media":62011,"comment_status":"closed","ping_status":"open","sticky":false,"template":"","format":"standard","meta":{"footnotes":""},"categories":[51,52,61,64],"tags":[],"class_list":["post-62007","post","type-post","status-publish","format-standard","has-post-thumbnail","hentry","category-comunidad","category-destacadas","category-policiales","category-videos-destacados"],"yoast_head":"<!-- This site is optimized with the Yoast SEO plugin v19.7.1 - https:\/\/yoast.com\/wordpress\/plugins\/seo\/ -->\n<title>Trasladan a Bah\u00eda Blanca a una persona herida en un accidente de tr\u00e1nsito (fotos y video CELTTV) - CELTTV<\/title>\n<meta name=\"description\" content=\"Sitio web de noticias de la localidad de Tornquist, provincia de Buenos Aires, Rep\u00fablica Argentina. Contenido propio originado por periodistas de CELTTV, el canal de TV local de la Cooperativa El\u00e9ctrica de Tornquist. Turismo, Pol\u00edtica, Sociedad, Deporte, Cultura y todo el contenido de inter\u00e9s general que la gente del pueblo y la regi\u00f3n debe conocer.\" \/>\n<meta name=\"robots\" content=\"index, follow, max-snippet:-1, max-image-preview:large, max-video-preview:-1\" \/>\n<link rel=\"canonical\" href=\"https:\/\/www.celttv.com.ar\/index.php\/2021\/11\/26\/trasladan-a-bahia-blanca-a-una-persona-herida-en-un-accidente-de-transito-fotos-y-video-celttv\/\" \/>\n<meta property=\"og:locale\" content=\"es_ES\" \/>\n<meta property=\"og:type\" content=\"article\" \/>\n<meta property=\"og:title\" content=\"Trasladan a Bah\u00eda Blanca a una persona herida en un accidente de tr\u00e1nsito (fotos y video CELTTV) - CELTTV\" \/>\n<meta property=\"og:description\" content=\"Sitio web de noticias de la localidad de Tornquist, provincia de Buenos Aires, Rep\u00fablica Argentina. Contenido propio originado por periodistas de CELTTV, el canal de TV local de la Cooperativa El\u00e9ctrica de Tornquist. Turismo, Pol\u00edtica, Sociedad, Deporte, Cultura y todo el contenido de inter\u00e9s general que la gente del pueblo y la regi\u00f3n debe conocer.\" \/>\n<meta property=\"og:url\" content=\"https:\/\/www.celttv.com.ar\/index.php\/2021\/11\/26\/trasladan-a-bahia-blanca-a-una-persona-herida-en-un-accidente-de-transito-fotos-y-video-celttv\/\" \/>\n<meta property=\"og:site_name\" content=\"CELTTV\" \/>\n<meta property=\"article:publisher\" content=\"https:\/\/www.facebook.com\/celtTV\/\" \/>\n<meta property=\"article:published_time\" content=\"2021-11-26T17:42:27+00:00\" \/>\n<meta property=\"og:image\" content=\"https:\/\/www.celttv.com.ar\/wp-content\/uploads\/2021\/11\/IMG_7180-Medium.jpg\" \/>\n\t<meta property=\"og:image:width\" content=\"1152\" \/>\n\t<meta property=\"og:image:height\" content=\"768\" \/>\n\t<meta property=\"og:image:type\" content=\"image\/jpeg\" \/>\n<meta name=\"author\" content=\"ulises\" \/>\n<meta name=\"twitter:card\" content=\"summary_large_image\" \/>\n<meta name=\"twitter:label1\" content=\"Escrito por\" \/>\n\t<meta name=\"twitter:data1\" content=\"ulises\" \/>\n\t<meta name=\"twitter:label2\" content=\"Tiempo de lectura\" \/>\n\t<meta name=\"twitter:data2\" content=\"1 minuto\" \/>\n<script type=\"application\/ld+json\" class=\"yoast-schema-graph\">{\"@context\":\"https:\/\/schema.org\",\"@graph\":[{\"@type\":\"NewsArticle\",\"@id\":\"https:\/\/www.celttv.com.ar\/index.php\/2021\/11\/26\/trasladan-a-bahia-blanca-a-una-persona-herida-en-un-accidente-de-transito-fotos-y-video-celttv\/#article\",\"isPartOf\":{\"@id\":\"https:\/\/www.celttv.com.ar\/index.php\/2021\/11\/26\/trasladan-a-bahia-blanca-a-una-persona-herida-en-un-accidente-de-transito-fotos-y-video-celttv\/\"},\"author\":{\"name\":\"ulises\",\"@id\":\"https:\/\/www.celttv.com.ar\/#\/schema\/person\/6d99c072dba59953809c81446e9d0ace\"},\"headline\":\"Trasladan a Bah\u00eda Blanca a una persona herida en un accidente de tr\u00e1nsito (fotos y video CELTTV)\",\"datePublished\":\"2021-11-26T17:42:27+00:00\",\"dateModified\":\"2021-11-26T17:42:27+00:00\",\"mainEntityOfPage\":{\"@id\":\"https:\/\/www.celttv.com.ar\/index.php\/2021\/11\/26\/trasladan-a-bahia-blanca-a-una-persona-herida-en-un-accidente-de-transito-fotos-y-video-celttv\/\"},\"wordCount\":215,\"publisher\":{\"@id\":\"https:\/\/www.celttv.com.ar\/#organization\"},\"articleSection\":[\"Comunidad\",\"Destacadas\",\"Policiales\",\"Videos Destacados\"],\"inLanguage\":\"es\"},{\"@type\":\"WebPage\",\"@id\":\"https:\/\/www.celttv.com.ar\/index.php\/2021\/11\/26\/trasladan-a-bahia-blanca-a-una-persona-herida-en-un-accidente-de-transito-fotos-y-video-celttv\/\",\"url\":\"https:\/\/www.celttv.com.ar\/index.php\/2021\/11\/26\/trasladan-a-bahia-blanca-a-una-persona-herida-en-un-accidente-de-transito-fotos-y-video-celttv\/\",\"name\":\"Trasladan a Bah\u00eda Blanca a una persona herida en un accidente de tr\u00e1nsito (fotos y video CELTTV) - CELTTV\",\"isPartOf\":{\"@id\":\"https:\/\/www.celttv.com.ar\/#website\"},\"datePublished\":\"2021-11-26T17:42:27+00:00\",\"dateModified\":\"2021-11-26T17:42:27+00:00\",\"description\":\"Sitio web de noticias de la localidad de Tornquist, provincia de Buenos Aires, Rep\u00fablica Argentina. Contenido propio originado por periodistas de CELTTV, el canal de TV local de la Cooperativa El\u00e9ctrica de Tornquist. Turismo, Pol\u00edtica, Sociedad, Deporte, Cultura y todo el contenido de inter\u00e9s general que la gente del pueblo y la regi\u00f3n debe conocer.\",\"breadcrumb\":{\"@id\":\"https:\/\/www.celttv.com.ar\/index.php\/2021\/11\/26\/trasladan-a-bahia-blanca-a-una-persona-herida-en-un-accidente-de-transito-fotos-y-video-celttv\/#breadcrumb\"},\"inLanguage\":\"es\",\"potentialAction\":[{\"@type\":\"ReadAction\",\"target\":[\"https:\/\/www.celttv.com.ar\/index.php\/2021\/11\/26\/trasladan-a-bahia-blanca-a-una-persona-herida-en-un-accidente-de-transito-fotos-y-video-celttv\/\"]}]},{\"@type\":\"BreadcrumbList\",\"@id\":\"https:\/\/www.celttv.com.ar\/index.php\/2021\/11\/26\/trasladan-a-bahia-blanca-a-una-persona-herida-en-un-accidente-de-transito-fotos-y-video-celttv\/#breadcrumb\",\"itemListElement\":[{\"@type\":\"ListItem\",\"position\":1,\"name\":\"Inicio\",\"item\":\"https:\/\/www.celttv.com.ar\/\"},{\"@type\":\"ListItem\",\"position\":2,\"name\":\"Trasladan a Bah\u00eda Blanca a una persona herida en un accidente de tr\u00e1nsito (fotos y video CELTTV)\"}]},{\"@type\":\"WebSite\",\"@id\":\"https:\/\/www.celttv.com.ar\/#website\",\"url\":\"https:\/\/www.celttv.com.ar\/\",\"name\":\"CELTTV\",\"description\":\"Cooperativa El\u00e9ctrica de Tornquist\",\"publisher\":{\"@id\":\"https:\/\/www.celttv.com.ar\/#organization\"},\"potentialAction\":[{\"@type\":\"SearchAction\",\"target\":{\"@type\":\"EntryPoint\",\"urlTemplate\":\"https:\/\/www.celttv.com.ar\/?s={search_term_string}\"},\"query-input\":\"required name=search_term_string\"}],\"inLanguage\":\"es\"},{\"@type\":\"Organization\",\"@id\":\"https:\/\/www.celttv.com.ar\/#organization\",\"name\":\"CELTTV\",\"url\":\"https:\/\/www.celttv.com.ar\/\",\"sameAs\":[\"https:\/\/www.youtube.com\/channel\/UCz_oIt8Hig64Ub-EmcNPIhg\",\"https:\/\/www.facebook.com\/celtTV\/\"],\"logo\":{\"@type\":\"ImageObject\",\"inLanguage\":\"es\",\"@id\":\"https:\/\/www.celttv.com.ar\/#\/schema\/logo\/image\/\",\"url\":\"http:\/\/www.celttv.com.ar\/wp-content\/uploads\/2022\/08\/logo-1.png\",\"contentUrl\":\"http:\/\/www.celttv.com.ar\/wp-content\/uploads\/2022\/08\/logo-1.png\",\"width\":461,\"height\":159,\"caption\":\"CELTTV\"},\"image\":{\"@id\":\"https:\/\/www.celttv.com.ar\/#\/schema\/logo\/image\/\"}},{\"@type\":\"Person\",\"@id\":\"https:\/\/www.celttv.com.ar\/#\/schema\/person\/6d99c072dba59953809c81446e9d0ace\",\"name\":\"ulises\",\"image\":{\"@type\":\"ImageObject\",\"inLanguage\":\"es\",\"@id\":\"https:\/\/www.celttv.com.ar\/#\/schema\/person\/image\/\",\"url\":\"https:\/\/secure.gravatar.com\/avatar\/7f2c48bdc33b30088f941fb6082e555f2874c98e20cb159d7b92b50eadfce793?s=96&d=mm&r=g\",\"contentUrl\":\"https:\/\/secure.gravatar.com\/avatar\/7f2c48bdc33b30088f941fb6082e555f2874c98e20cb159d7b92b50eadfce793?s=96&d=mm&r=g\",\"caption\":\"ulises\"},\"sameAs\":[\"http:\/\/www.celttv.com.ar\"]}]}<\/script>\n<!-- \/ Yoast SEO plugin. -->","yoast_head_json":{"title":"Trasladan a Bah\u00eda Blanca a una persona herida en un accidente de tr\u00e1nsito (fotos y video CELTTV) - CELTTV","description":"Sitio web de noticias de la localidad de Tornquist, provincia de Buenos Aires, Rep\u00fablica Argentina. Contenido propio originado por periodistas de CELTTV, el canal de TV local de la Cooperativa El\u00e9ctrica de Tornquist. Turismo, Pol\u00edtica, Sociedad, Deporte, Cultura y todo el contenido de inter\u00e9s general que la gente del pueblo y la regi\u00f3n debe conocer.","robots":{"index":"index","follow":"follow","max-snippet":"max-snippet:-1","max-image-preview":"max-image-preview:large","max-video-preview":"max-video-preview:-1"},"canonical":"https:\/\/www.celttv.com.ar\/index.php\/2021\/11\/26\/trasladan-a-bahia-blanca-a-una-persona-herida-en-un-accidente-de-transito-fotos-y-video-celttv\/","og_locale":"es_ES","og_type":"article","og_title":"Trasladan a Bah\u00eda Blanca a una persona herida en un accidente de tr\u00e1nsito (fotos y video CELTTV) - CELTTV","og_description":"Sitio web de noticias de la localidad de Tornquist, provincia de Buenos Aires, Rep\u00fablica Argentina. Contenido propio originado por periodistas de CELTTV, el canal de TV local de la Cooperativa El\u00e9ctrica de Tornquist. Turismo, Pol\u00edtica, Sociedad, Deporte, Cultura y todo el contenido de inter\u00e9s general que la gente del pueblo y la regi\u00f3n debe conocer.","og_url":"https:\/\/www.celttv.com.ar\/index.php\/2021\/11\/26\/trasladan-a-bahia-blanca-a-una-persona-herida-en-un-accidente-de-transito-fotos-y-video-celttv\/","og_site_name":"CELTTV","article_publisher":"https:\/\/www.facebook.com\/celtTV\/","article_published_time":"2021-11-26T17:42:27+00:00","og_image":[{"width":1152,"height":768,"url":"https:\/\/www.celttv.com.ar\/wp-content\/uploads\/2021\/11\/IMG_7180-Medium.jpg","type":"image\/jpeg"}],"author":"ulises","twitter_card":"summary_large_image","twitter_misc":{"Escrito por":"ulises","Tiempo de lectura":"1 minuto"},"schema":{"@context":"https:\/\/schema.org","@graph":[{"@type":"NewsArticle","@id":"https:\/\/www.celttv.com.ar\/index.php\/2021\/11\/26\/trasladan-a-bahia-blanca-a-una-persona-herida-en-un-accidente-de-transito-fotos-y-video-celttv\/#article","isPartOf":{"@id":"https:\/\/www.celttv.com.ar\/index.php\/2021\/11\/26\/trasladan-a-bahia-blanca-a-una-persona-herida-en-un-accidente-de-transito-fotos-y-video-celttv\/"},"author":{"name":"ulises","@id":"https:\/\/www.celttv.com.ar\/#\/schema\/person\/6d99c072dba59953809c81446e9d0ace"},"headline":"Trasladan a Bah\u00eda Blanca a una persona herida en un accidente de tr\u00e1nsito (fotos y video CELTTV)","datePublished":"2021-11-26T17:42:27+00:00","dateModified":"2021-11-26T17:42:27+00:00","mainEntityOfPage":{"@id":"https:\/\/www.celttv.com.ar\/index.php\/2021\/11\/26\/trasladan-a-bahia-blanca-a-una-persona-herida-en-un-accidente-de-transito-fotos-y-video-celttv\/"},"wordCount":215,"publisher":{"@id":"https:\/\/www.celttv.com.ar\/#organization"},"articleSection":["Comunidad","Destacadas","Policiales","Videos Destacados"],"inLanguage":"es"},{"@type":"WebPage","@id":"https:\/\/www.celttv.com.ar\/index.php\/2021\/11\/26\/trasladan-a-bahia-blanca-a-una-persona-herida-en-un-accidente-de-transito-fotos-y-video-celttv\/","url":"https:\/\/www.celttv.com.ar\/index.php\/2021\/11\/26\/trasladan-a-bahia-blanca-a-una-persona-herida-en-un-accidente-de-transito-fotos-y-video-celttv\/","name":"Trasladan a Bah\u00eda Blanca a una persona herida en un accidente de tr\u00e1nsito (fotos y video CELTTV) - CELTTV","isPartOf":{"@id":"https:\/\/www.celttv.com.ar\/#website"},"datePublished":"2021-11-26T17:42:27+00:00","dateModified":"2021-11-26T17:42:27+00:00","description":"Sitio web de noticias de la localidad de Tornquist, provincia de Buenos Aires, Rep\u00fablica Argentina. Contenido propio originado por periodistas de CELTTV, el canal de TV local de la Cooperativa El\u00e9ctrica de Tornquist. Turismo, Pol\u00edtica, Sociedad, Deporte, Cultura y todo el contenido de inter\u00e9s general que la gente del pueblo y la regi\u00f3n debe conocer.","breadcrumb":{"@id":"https:\/\/www.celttv.com.ar\/index.php\/2021\/11\/26\/trasladan-a-bahia-blanca-a-una-persona-herida-en-un-accidente-de-transito-fotos-y-video-celttv\/#breadcrumb"},"inLanguage":"es","potentialAction":[{"@type":"ReadAction","target":["https:\/\/www.celttv.com.ar\/index.php\/2021\/11\/26\/trasladan-a-bahia-blanca-a-una-persona-herida-en-un-accidente-de-transito-fotos-y-video-celttv\/"]}]},{"@type":"BreadcrumbList","@id":"https:\/\/www.celttv.com.ar\/index.php\/2021\/11\/26\/trasladan-a-bahia-blanca-a-una-persona-herida-en-un-accidente-de-transito-fotos-y-video-celttv\/#breadcrumb","itemListElement":[{"@type":"ListItem","position":1,"name":"Inicio","item":"https:\/\/www.celttv.com.ar\/"},{"@type":"ListItem","position":2,"name":"Trasladan a Bah\u00eda Blanca a una persona herida en un accidente de tr\u00e1nsito (fotos y video CELTTV)"}]},{"@type":"WebSite","@id":"https:\/\/www.celttv.com.ar\/#website","url":"https:\/\/www.celttv.com.ar\/","name":"CELTTV","description":"Cooperativa El\u00e9ctrica de Tornquist","publisher":{"@id":"https:\/\/www.celttv.com.ar\/#organization"},"potentialAction":[{"@type":"SearchAction","target":{"@type":"EntryPoint","urlTemplate":"https:\/\/www.celttv.com.ar\/?s={search_term_string}"},"query-input":"required name=search_term_string"}],"inLanguage":"es"},{"@type":"Organization","@id":"https:\/\/www.celttv.com.ar\/#organization","name":"CELTTV","url":"https:\/\/www.celttv.com.ar\/","sameAs":["https:\/\/www.youtube.com\/channel\/UCz_oIt8Hig64Ub-EmcNPIhg","https:\/\/www.facebook.com\/celtTV\/"],"logo":{"@type":"ImageObject","inLanguage":"es","@id":"https:\/\/www.celttv.com.ar\/#\/schema\/logo\/image\/","url":"http:\/\/www.celttv.com.ar\/wp-content\/uploads\/2022\/08\/logo-1.png","contentUrl":"http:\/\/www.celttv.com.ar\/wp-content\/uploads\/2022\/08\/logo-1.png","width":461,"height":159,"caption":"CELTTV"},"image":{"@id":"https:\/\/www.celttv.com.ar\/#\/schema\/logo\/image\/"}},{"@type":"Person","@id":"https:\/\/www.celttv.com.ar\/#\/schema\/person\/6d99c072dba59953809c81446e9d0ace","name":"ulises","image":{"@type":"ImageObject","inLanguage":"es","@id":"https:\/\/www.celttv.com.ar\/#\/schema\/person\/image\/","url":"https:\/\/secure.gravatar.com\/avatar\/7f2c48bdc33b30088f941fb6082e555f2874c98e20cb159d7b92b50eadfce793?s=96&d=mm&r=g","contentUrl":"https:\/\/secure.gravatar.com\/avatar\/7f2c48bdc33b30088f941fb6082e555f2874c98e20cb159d7b92b50eadfce793?s=96&d=mm&r=g","caption":"ulises"},"sameAs":["http:\/\/www.celttv.com.ar"]}]}},"_links":{"self":[{"href":"https:\/\/www.celttv.com.ar\/index.php\/wp-json\/wp\/v2\/posts\/62007","targetHints":{"allow":["GET"]}}],"collection":[{"href":"https:\/\/www.celttv.com.ar\/index.php\/wp-json\/wp\/v2\/posts"}],"about":[{"href":"https:\/\/www.celttv.com.ar\/index.php\/wp-json\/wp\/v2\/types\/post"}],"author":[{"embeddable":true,"href":"https:\/\/www.celttv.com.ar\/index.php\/wp-json\/wp\/v2\/users\/1"}],"replies":[{"embeddable":true,"href":"https:\/\/www.celttv.com.ar\/index.php\/wp-json\/wp\/v2\/comments?post=62007"}],"version-history":[{"count":0,"href":"https:\/\/www.celttv.com.ar\/index.php\/wp-json\/wp\/v2\/posts\/62007\/revisions"}],"wp:featuredmedia":[{"embeddable":true,"href":"https:\/\/www.celttv.com.ar\/index.php\/wp-json\/wp\/v2\/media\/62011"}],"wp:attachment":[{"href":"https:\/\/www.celttv.com.ar\/index.php\/wp-json\/wp\/v2\/media?parent=62007"}],"wp:term":[{"taxonomy":"category","embeddable":true,"href":"https:\/\/www.celttv.com.ar\/index.php\/wp-json\/wp\/v2\/categories?post=62007"},{"taxonomy":"post_tag","embeddable":true,"href":"https:\/\/www.celttv.com.ar\/index.php\/wp-json\/wp\/v2\/tags?post=62007"}],"curies":[{"name":"wp","href":"https:\/\/api.w.org\/{rel}","templated":true}]}}