{"id":6215,"date":"2012-04-23T20:53:56","date_gmt":"2012-04-23T20:53:56","guid":{"rendered":"http:\/\/www.tvcnoticias.com.ar\/?p=6215"},"modified":"2012-04-23T20:53:56","modified_gmt":"2012-04-23T20:53:56","slug":"entregan-equipamientos-para-centros-de-salud-fotos-y-proximamente-video","status":"publish","type":"post","link":"https:\/\/www.celttv.com.ar\/index.php\/2012\/04\/23\/entregan-equipamientos-para-centros-de-salud-fotos-y-proximamente-video\/","title":{"rendered":"ENTREGAN EQUIPAMIENTOS PARA CENTROS DE SALUD (Fotos y pr\u00f3ximamente video)"},"content":{"rendered":"<p><br \/>\nEquipamiento de \u00faltima tecnolog\u00eda para distintos centros asistenciales de nuestro distrito fueron entregados hoy por el intendente municipal, licenciado Gustavo Trankels. Se trata de dos esterilizadoras, cuatro computadoras y una impresora, que facilitar\u00e1n el trabajo en el \u00e1rea respectiva.<br \/>\n\u00a0\u00a0 \u201cUna de las esterilizadoras cumplir\u00e1 funciones en Chasic\u00f3, donde ya hab\u00edamos incorporado otra a fines del a\u00f1o pasado, mientras que la restante ser\u00e1 para el hospital de la cabecera del distrito\u201d, cont\u00f3 el jefe comunal.<br \/>\n\u00a0\u00a0 \u201cTambi\u00e9n recibimos cuatro computadoras y una impresora, todos elementos aportados por el Ministerio de Salud de la Provincia de Buenos Aires, a trav\u00e9s de un programa con financiamiento del Banco Mundial, pero que llega gratuitamente a la Municipalidad\u201d, agreg\u00f3.<br \/>\n\u00a0\u00a0 Del acto de recepci\u00f3n participaron la Secretaria de Salud y Bromatolog\u00eda, licenciada Mirta Avila; la Subsecretaria de la mencionada dependencia, doctora Ver\u00f3nica Castro; y los agentes municipales Victoria Castelli y Oscar Tobares.<br \/>\n\u00a0\u00a0 \u201cEste es un trabajo programado que viene realizando la Secretar\u00eda de Salud, donde se plantean las distintas necesidades y en funci\u00f3n de ello vamos adquiriendo por intermedio de los distintos programas que poseen la Provincia y la Naci\u00f3n para equipamiento e infraestructura\u201d, resalt\u00f3.<br \/>\n\u00a0\u00a0 \u201cLe agradezco profundamente al Ministro de Salud, Alejandro Collia, y al gobernador Daniel Scioli por el acompa\u00f1amiento permanente\u201d, asegur\u00f3.<br \/>\n\u00a0\u00a0 Los equipos inform\u00e1ticos se distribuir\u00e1n entre el Hospital Municipal y las unidades sanitarias del Barrio Sur de Tornquist, Chasic\u00f3 y Saldungaray, mientras que la impresora recalar\u00e1 en Chasic\u00f3.<br \/>\nPrensa Municipalidad de Tornquist (<a href=\"mailto:prensa@tornquist.gov.ar\">prensa@tornquist.gov.ar<\/a>)<br \/>\nTwitter: @prensatornquist<br \/>\n<a href=\"http:\/\/www.tornquist.gov.ar\/\">www.tornquist.gov.ar<\/a><\/p>\n","protected":false},"excerpt":{"rendered":"<p>Equipamiento de \u00faltima tecnolog\u00eda para distintos centros asistenciales de nuestro distrito fueron entregados hoy por el intendente municipal, licenciado Gustavo Trankels. Se trata de dos esterilizadoras, cuatro computadoras y una impresora, que facilitar\u00e1n el trabajo en el \u00e1rea respectiva. \u00a0\u00a0 \u201cUna de las esterilizadoras cumplir\u00e1 funciones en Chasic\u00f3, donde ya hab\u00edamos incorporado otra a fines [&hellip;]<\/p>\n","protected":false},"author":1,"featured_media":0,"comment_status":"closed","ping_status":"open","sticky":false,"template":"","format":"standard","meta":{"footnotes":""},"categories":[51,52,53],"tags":[],"class_list":["post-6215","post","type-post","status-publish","format-standard","hentry","category-comunidad","category-destacadas","category-politica"],"yoast_head":"<!-- This site is optimized with the Yoast SEO plugin v19.7.1 - https:\/\/yoast.com\/wordpress\/plugins\/seo\/ -->\n<title>ENTREGAN EQUIPAMIENTOS PARA CENTROS DE SALUD (Fotos y pr\u00f3ximamente video) - CELTTV<\/title>\n<meta name=\"description\" content=\"Sitio web de noticias de la localidad de Tornquist, provincia de Buenos Aires, Rep\u00fablica Argentina. Contenido propio originado por periodistas de CELTTV, el canal de TV local de la Cooperativa El\u00e9ctrica de Tornquist. Turismo, Pol\u00edtica, Sociedad, Deporte, Cultura y todo el contenido de inter\u00e9s general que la gente del pueblo y la regi\u00f3n debe conocer.\" \/>\n<meta name=\"robots\" content=\"index, follow, max-snippet:-1, max-image-preview:large, max-video-preview:-1\" \/>\n<link rel=\"canonical\" href=\"https:\/\/www.celttv.com.ar\/index.php\/2012\/04\/23\/entregan-equipamientos-para-centros-de-salud-fotos-y-proximamente-video\/\" \/>\n<meta property=\"og:locale\" content=\"es_ES\" \/>\n<meta property=\"og:type\" content=\"article\" \/>\n<meta property=\"og:title\" content=\"ENTREGAN EQUIPAMIENTOS PARA CENTROS DE SALUD (Fotos y pr\u00f3ximamente video) - CELTTV\" \/>\n<meta property=\"og:description\" content=\"Sitio web de noticias de la localidad de Tornquist, provincia de Buenos Aires, Rep\u00fablica Argentina. Contenido propio originado por periodistas de CELTTV, el canal de TV local de la Cooperativa El\u00e9ctrica de Tornquist. Turismo, Pol\u00edtica, Sociedad, Deporte, Cultura y todo el contenido de inter\u00e9s general que la gente del pueblo y la regi\u00f3n debe conocer.\" \/>\n<meta property=\"og:url\" content=\"https:\/\/www.celttv.com.ar\/index.php\/2012\/04\/23\/entregan-equipamientos-para-centros-de-salud-fotos-y-proximamente-video\/\" \/>\n<meta property=\"og:site_name\" content=\"CELTTV\" \/>\n<meta property=\"article:publisher\" content=\"https:\/\/www.facebook.com\/celtTV\/\" \/>\n<meta property=\"article:published_time\" content=\"2012-04-23T20:53:56+00:00\" \/>\n<meta name=\"author\" content=\"ulises\" \/>\n<meta name=\"twitter:card\" content=\"summary_large_image\" \/>\n<meta name=\"twitter:label1\" content=\"Escrito por\" \/>\n\t<meta name=\"twitter:data1\" content=\"ulises\" \/>\n\t<meta name=\"twitter:label2\" content=\"Tiempo de lectura\" \/>\n\t<meta name=\"twitter:data2\" content=\"1 minuto\" \/>\n<script type=\"application\/ld+json\" class=\"yoast-schema-graph\">{\"@context\":\"https:\/\/schema.org\",\"@graph\":[{\"@type\":\"NewsArticle\",\"@id\":\"https:\/\/www.celttv.com.ar\/index.php\/2012\/04\/23\/entregan-equipamientos-para-centros-de-salud-fotos-y-proximamente-video\/#article\",\"isPartOf\":{\"@id\":\"https:\/\/www.celttv.com.ar\/index.php\/2012\/04\/23\/entregan-equipamientos-para-centros-de-salud-fotos-y-proximamente-video\/\"},\"author\":{\"name\":\"ulises\",\"@id\":\"https:\/\/www.celttv.com.ar\/#\/schema\/person\/6d99c072dba59953809c81446e9d0ace\"},\"headline\":\"ENTREGAN EQUIPAMIENTOS PARA CENTROS DE SALUD (Fotos y pr\u00f3ximamente video)\",\"datePublished\":\"2012-04-23T20:53:56+00:00\",\"dateModified\":\"2012-04-23T20:53:56+00:00\",\"mainEntityOfPage\":{\"@id\":\"https:\/\/www.celttv.com.ar\/index.php\/2012\/04\/23\/entregan-equipamientos-para-centros-de-salud-fotos-y-proximamente-video\/\"},\"wordCount\":279,\"publisher\":{\"@id\":\"https:\/\/www.celttv.com.ar\/#organization\"},\"articleSection\":[\"Comunidad\",\"Destacadas\",\"Pol\u00edtica\"],\"inLanguage\":\"es\"},{\"@type\":\"WebPage\",\"@id\":\"https:\/\/www.celttv.com.ar\/index.php\/2012\/04\/23\/entregan-equipamientos-para-centros-de-salud-fotos-y-proximamente-video\/\",\"url\":\"https:\/\/www.celttv.com.ar\/index.php\/2012\/04\/23\/entregan-equipamientos-para-centros-de-salud-fotos-y-proximamente-video\/\",\"name\":\"ENTREGAN EQUIPAMIENTOS PARA CENTROS DE SALUD (Fotos y pr\u00f3ximamente video) - CELTTV\",\"isPartOf\":{\"@id\":\"https:\/\/www.celttv.com.ar\/#website\"},\"datePublished\":\"2012-04-23T20:53:56+00:00\",\"dateModified\":\"2012-04-23T20:53:56+00:00\",\"description\":\"Sitio web de noticias de la localidad de Tornquist, provincia de Buenos Aires, Rep\u00fablica Argentina. Contenido propio originado por periodistas de CELTTV, el canal de TV local de la Cooperativa El\u00e9ctrica de Tornquist. Turismo, Pol\u00edtica, Sociedad, Deporte, Cultura y todo el contenido de inter\u00e9s general que la gente del pueblo y la regi\u00f3n debe conocer.\",\"breadcrumb\":{\"@id\":\"https:\/\/www.celttv.com.ar\/index.php\/2012\/04\/23\/entregan-equipamientos-para-centros-de-salud-fotos-y-proximamente-video\/#breadcrumb\"},\"inLanguage\":\"es\",\"potentialAction\":[{\"@type\":\"ReadAction\",\"target\":[\"https:\/\/www.celttv.com.ar\/index.php\/2012\/04\/23\/entregan-equipamientos-para-centros-de-salud-fotos-y-proximamente-video\/\"]}]},{\"@type\":\"BreadcrumbList\",\"@id\":\"https:\/\/www.celttv.com.ar\/index.php\/2012\/04\/23\/entregan-equipamientos-para-centros-de-salud-fotos-y-proximamente-video\/#breadcrumb\",\"itemListElement\":[{\"@type\":\"ListItem\",\"position\":1,\"name\":\"Inicio\",\"item\":\"https:\/\/www.celttv.com.ar\/\"},{\"@type\":\"ListItem\",\"position\":2,\"name\":\"ENTREGAN EQUIPAMIENTOS PARA CENTROS DE SALUD (Fotos y pr\u00f3ximamente video)\"}]},{\"@type\":\"WebSite\",\"@id\":\"https:\/\/www.celttv.com.ar\/#website\",\"url\":\"https:\/\/www.celttv.com.ar\/\",\"name\":\"CELTTV\",\"description\":\"Cooperativa El\u00e9ctrica de Tornquist\",\"publisher\":{\"@id\":\"https:\/\/www.celttv.com.ar\/#organization\"},\"potentialAction\":[{\"@type\":\"SearchAction\",\"target\":{\"@type\":\"EntryPoint\",\"urlTemplate\":\"https:\/\/www.celttv.com.ar\/?s={search_term_string}\"},\"query-input\":\"required name=search_term_string\"}],\"inLanguage\":\"es\"},{\"@type\":\"Organization\",\"@id\":\"https:\/\/www.celttv.com.ar\/#organization\",\"name\":\"CELTTV\",\"url\":\"https:\/\/www.celttv.com.ar\/\",\"sameAs\":[\"https:\/\/www.youtube.com\/channel\/UCz_oIt8Hig64Ub-EmcNPIhg\",\"https:\/\/www.facebook.com\/celtTV\/\"],\"logo\":{\"@type\":\"ImageObject\",\"inLanguage\":\"es\",\"@id\":\"https:\/\/www.celttv.com.ar\/#\/schema\/logo\/image\/\",\"url\":\"http:\/\/www.celttv.com.ar\/wp-content\/uploads\/2022\/08\/logo-1.png\",\"contentUrl\":\"http:\/\/www.celttv.com.ar\/wp-content\/uploads\/2022\/08\/logo-1.png\",\"width\":461,\"height\":159,\"caption\":\"CELTTV\"},\"image\":{\"@id\":\"https:\/\/www.celttv.com.ar\/#\/schema\/logo\/image\/\"}},{\"@type\":\"Person\",\"@id\":\"https:\/\/www.celttv.com.ar\/#\/schema\/person\/6d99c072dba59953809c81446e9d0ace\",\"name\":\"ulises\",\"image\":{\"@type\":\"ImageObject\",\"inLanguage\":\"es\",\"@id\":\"https:\/\/www.celttv.com.ar\/#\/schema\/person\/image\/\",\"url\":\"https:\/\/secure.gravatar.com\/avatar\/7f2c48bdc33b30088f941fb6082e555f2874c98e20cb159d7b92b50eadfce793?s=96&d=mm&r=g\",\"contentUrl\":\"https:\/\/secure.gravatar.com\/avatar\/7f2c48bdc33b30088f941fb6082e555f2874c98e20cb159d7b92b50eadfce793?s=96&d=mm&r=g\",\"caption\":\"ulises\"},\"sameAs\":[\"http:\/\/www.celttv.com.ar\"]}]}<\/script>\n<!-- \/ Yoast SEO plugin. -->","yoast_head_json":{"title":"ENTREGAN EQUIPAMIENTOS PARA CENTROS DE SALUD (Fotos y pr\u00f3ximamente video) - CELTTV","description":"Sitio web de noticias de la localidad de Tornquist, provincia de Buenos Aires, Rep\u00fablica Argentina. Contenido propio originado por periodistas de CELTTV, el canal de TV local de la Cooperativa El\u00e9ctrica de Tornquist. Turismo, Pol\u00edtica, Sociedad, Deporte, Cultura y todo el contenido de inter\u00e9s general que la gente del pueblo y la regi\u00f3n debe conocer.","robots":{"index":"index","follow":"follow","max-snippet":"max-snippet:-1","max-image-preview":"max-image-preview:large","max-video-preview":"max-video-preview:-1"},"canonical":"https:\/\/www.celttv.com.ar\/index.php\/2012\/04\/23\/entregan-equipamientos-para-centros-de-salud-fotos-y-proximamente-video\/","og_locale":"es_ES","og_type":"article","og_title":"ENTREGAN EQUIPAMIENTOS PARA CENTROS DE SALUD (Fotos y pr\u00f3ximamente video) - CELTTV","og_description":"Sitio web de noticias de la localidad de Tornquist, provincia de Buenos Aires, Rep\u00fablica Argentina. Contenido propio originado por periodistas de CELTTV, el canal de TV local de la Cooperativa El\u00e9ctrica de Tornquist. Turismo, Pol\u00edtica, Sociedad, Deporte, Cultura y todo el contenido de inter\u00e9s general que la gente del pueblo y la regi\u00f3n debe conocer.","og_url":"https:\/\/www.celttv.com.ar\/index.php\/2012\/04\/23\/entregan-equipamientos-para-centros-de-salud-fotos-y-proximamente-video\/","og_site_name":"CELTTV","article_publisher":"https:\/\/www.facebook.com\/celtTV\/","article_published_time":"2012-04-23T20:53:56+00:00","author":"ulises","twitter_card":"summary_large_image","twitter_misc":{"Escrito por":"ulises","Tiempo de lectura":"1 minuto"},"schema":{"@context":"https:\/\/schema.org","@graph":[{"@type":"NewsArticle","@id":"https:\/\/www.celttv.com.ar\/index.php\/2012\/04\/23\/entregan-equipamientos-para-centros-de-salud-fotos-y-proximamente-video\/#article","isPartOf":{"@id":"https:\/\/www.celttv.com.ar\/index.php\/2012\/04\/23\/entregan-equipamientos-para-centros-de-salud-fotos-y-proximamente-video\/"},"author":{"name":"ulises","@id":"https:\/\/www.celttv.com.ar\/#\/schema\/person\/6d99c072dba59953809c81446e9d0ace"},"headline":"ENTREGAN EQUIPAMIENTOS PARA CENTROS DE SALUD (Fotos y pr\u00f3ximamente video)","datePublished":"2012-04-23T20:53:56+00:00","dateModified":"2012-04-23T20:53:56+00:00","mainEntityOfPage":{"@id":"https:\/\/www.celttv.com.ar\/index.php\/2012\/04\/23\/entregan-equipamientos-para-centros-de-salud-fotos-y-proximamente-video\/"},"wordCount":279,"publisher":{"@id":"https:\/\/www.celttv.com.ar\/#organization"},"articleSection":["Comunidad","Destacadas","Pol\u00edtica"],"inLanguage":"es"},{"@type":"WebPage","@id":"https:\/\/www.celttv.com.ar\/index.php\/2012\/04\/23\/entregan-equipamientos-para-centros-de-salud-fotos-y-proximamente-video\/","url":"https:\/\/www.celttv.com.ar\/index.php\/2012\/04\/23\/entregan-equipamientos-para-centros-de-salud-fotos-y-proximamente-video\/","name":"ENTREGAN EQUIPAMIENTOS PARA CENTROS DE SALUD (Fotos y pr\u00f3ximamente video) - CELTTV","isPartOf":{"@id":"https:\/\/www.celttv.com.ar\/#website"},"datePublished":"2012-04-23T20:53:56+00:00","dateModified":"2012-04-23T20:53:56+00:00","description":"Sitio web de noticias de la localidad de Tornquist, provincia de Buenos Aires, Rep\u00fablica Argentina. Contenido propio originado por periodistas de CELTTV, el canal de TV local de la Cooperativa El\u00e9ctrica de Tornquist. Turismo, Pol\u00edtica, Sociedad, Deporte, Cultura y todo el contenido de inter\u00e9s general que la gente del pueblo y la regi\u00f3n debe conocer.","breadcrumb":{"@id":"https:\/\/www.celttv.com.ar\/index.php\/2012\/04\/23\/entregan-equipamientos-para-centros-de-salud-fotos-y-proximamente-video\/#breadcrumb"},"inLanguage":"es","potentialAction":[{"@type":"ReadAction","target":["https:\/\/www.celttv.com.ar\/index.php\/2012\/04\/23\/entregan-equipamientos-para-centros-de-salud-fotos-y-proximamente-video\/"]}]},{"@type":"BreadcrumbList","@id":"https:\/\/www.celttv.com.ar\/index.php\/2012\/04\/23\/entregan-equipamientos-para-centros-de-salud-fotos-y-proximamente-video\/#breadcrumb","itemListElement":[{"@type":"ListItem","position":1,"name":"Inicio","item":"https:\/\/www.celttv.com.ar\/"},{"@type":"ListItem","position":2,"name":"ENTREGAN EQUIPAMIENTOS PARA CENTROS DE SALUD (Fotos y pr\u00f3ximamente video)"}]},{"@type":"WebSite","@id":"https:\/\/www.celttv.com.ar\/#website","url":"https:\/\/www.celttv.com.ar\/","name":"CELTTV","description":"Cooperativa El\u00e9ctrica de Tornquist","publisher":{"@id":"https:\/\/www.celttv.com.ar\/#organization"},"potentialAction":[{"@type":"SearchAction","target":{"@type":"EntryPoint","urlTemplate":"https:\/\/www.celttv.com.ar\/?s={search_term_string}"},"query-input":"required name=search_term_string"}],"inLanguage":"es"},{"@type":"Organization","@id":"https:\/\/www.celttv.com.ar\/#organization","name":"CELTTV","url":"https:\/\/www.celttv.com.ar\/","sameAs":["https:\/\/www.youtube.com\/channel\/UCz_oIt8Hig64Ub-EmcNPIhg","https:\/\/www.facebook.com\/celtTV\/"],"logo":{"@type":"ImageObject","inLanguage":"es","@id":"https:\/\/www.celttv.com.ar\/#\/schema\/logo\/image\/","url":"http:\/\/www.celttv.com.ar\/wp-content\/uploads\/2022\/08\/logo-1.png","contentUrl":"http:\/\/www.celttv.com.ar\/wp-content\/uploads\/2022\/08\/logo-1.png","width":461,"height":159,"caption":"CELTTV"},"image":{"@id":"https:\/\/www.celttv.com.ar\/#\/schema\/logo\/image\/"}},{"@type":"Person","@id":"https:\/\/www.celttv.com.ar\/#\/schema\/person\/6d99c072dba59953809c81446e9d0ace","name":"ulises","image":{"@type":"ImageObject","inLanguage":"es","@id":"https:\/\/www.celttv.com.ar\/#\/schema\/person\/image\/","url":"https:\/\/secure.gravatar.com\/avatar\/7f2c48bdc33b30088f941fb6082e555f2874c98e20cb159d7b92b50eadfce793?s=96&d=mm&r=g","contentUrl":"https:\/\/secure.gravatar.com\/avatar\/7f2c48bdc33b30088f941fb6082e555f2874c98e20cb159d7b92b50eadfce793?s=96&d=mm&r=g","caption":"ulises"},"sameAs":["http:\/\/www.celttv.com.ar"]}]}},"_links":{"self":[{"href":"https:\/\/www.celttv.com.ar\/index.php\/wp-json\/wp\/v2\/posts\/6215","targetHints":{"allow":["GET"]}}],"collection":[{"href":"https:\/\/www.celttv.com.ar\/index.php\/wp-json\/wp\/v2\/posts"}],"about":[{"href":"https:\/\/www.celttv.com.ar\/index.php\/wp-json\/wp\/v2\/types\/post"}],"author":[{"embeddable":true,"href":"https:\/\/www.celttv.com.ar\/index.php\/wp-json\/wp\/v2\/users\/1"}],"replies":[{"embeddable":true,"href":"https:\/\/www.celttv.com.ar\/index.php\/wp-json\/wp\/v2\/comments?post=6215"}],"version-history":[{"count":0,"href":"https:\/\/www.celttv.com.ar\/index.php\/wp-json\/wp\/v2\/posts\/6215\/revisions"}],"wp:attachment":[{"href":"https:\/\/www.celttv.com.ar\/index.php\/wp-json\/wp\/v2\/media?parent=6215"}],"wp:term":[{"taxonomy":"category","embeddable":true,"href":"https:\/\/www.celttv.com.ar\/index.php\/wp-json\/wp\/v2\/categories?post=6215"},{"taxonomy":"post_tag","embeddable":true,"href":"https:\/\/www.celttv.com.ar\/index.php\/wp-json\/wp\/v2\/tags?post=6215"}],"curies":[{"name":"wp","href":"https:\/\/api.w.org\/{rel}","templated":true}]}}