{"id":6222,"date":"2012-04-24T14:21:33","date_gmt":"2012-04-24T14:21:33","guid":{"rendered":"http:\/\/www.tvcnoticias.com.ar\/?p=6222"},"modified":"2012-04-24T14:21:33","modified_gmt":"2012-04-24T14:21:33","slug":"convenio-entre-el-municipio-y-la-celt-la-cooperativa-electrica-apadrinara-dos-plazas-de-la-ciudad-fotos-y-proximamente-videoentrevistas","status":"publish","type":"post","link":"https:\/\/www.celttv.com.ar\/index.php\/2012\/04\/24\/convenio-entre-el-municipio-y-la-celt-la-cooperativa-electrica-apadrinara-dos-plazas-de-la-ciudad-fotos-y-proximamente-videoentrevistas\/","title":{"rendered":"CONVENIO ENTRE EL MUNICIPIO Y LA CELT.: LA COOPERATIVA ELECTRICA APADRINARA DOS PLAZAS DE LA CIUDAD (Fotos y videoentrevistas)"},"content":{"rendered":"<p><br \/>\n<a>httpv:\/\/www.youtube.com\/watch?v=R8N2OKyiNeU<\/a><br \/>\nUn convenio entre la Municipalidad de Tornquist y la Cooperativa El\u00e9ctrica Limitada, mediante el cual la entidad intermedia apadrinar\u00e1 dos plazas de la ciudad cabecera del distrito, fue suscripto en la tarde de hoy por el intendente municipal,\u00a0 licenciado Gustavo Trankels, y el presidente de la instituci\u00f3n, Alberto Rubio.<br \/>\n\u00a0\u00a0 La iniciativa involucra a los espacios verdes pertenecientes al Barrio Sur y al Barrio Norte de Tornquist, y por intermedio de la misma, la Cooperativa se compromete \u201ca la preservaci\u00f3n y el desarrollo del recurso ecol\u00f3gico, con acciones concretas de mantenimiento, embellecimiento y refacci\u00f3n de los denominados espacios de dominio municipal\u201d.<br \/>\n\u00a0\u00a0 Antes del desarrollo, \u201cdeber\u00e1 presentar proyecto y memoria descriptiva de las tareas que se llevar\u00e1n a cabo en los mencionados lugares. Los mismos comenzar\u00e1n a desarrollarse una vez supervisado y aprobado por la Secretar\u00eda de Obras y Servicios P\u00fablicos y la Secretar\u00eda de Producci\u00f3n y Medio Ambiente\u201d.<br \/>\n\u00a0\u00a0 De la r\u00fabrica del convenio tambi\u00e9n participaron el Secretario de Gobierno y Hacienda, Guillermo L\u00f6ffler, y los consejeros de la Cooperativa Roberto Delfino, Ignacio Bucci, Gabriel Artola y Carlos Capodano, adem\u00e1s del gerente de la entidad, Edgard Barone.<br \/>\n\u00a0\u00a0 \u201cEstoy muy contento y le quiero agradecer el gesto a todo el Consejo de la Cooperativa, encabezado por Alberto Rubio, porque a partir de la firma de este convenio ponemos en vigencia una ordenanza que ya llevaba un tiempo sancionada y que le permite al municipio conveniar con instituciones o privados el cuidado de determinados espacios p\u00fablicos. Esto fortalece institucionalmente tanto del municipio como a la Cooperativa y eso redunda en beneficio de los vecinos\u201d, asever\u00f3 Trankels.<br \/>\n\u00a0\u00a0 \u201cHay un acuerdo general, que es el que le da el marco a la iniciativa, que es el del mantenimiento del lugar. Luego, todas las intervenciones que decida realizar la Cooperativa deber\u00e1n ser autorizadas. Ya surgieron algunas ideas que acordamos de ponerlas en pr\u00e1ctica incluso involucrando a otra instituci\u00f3n, como la Junta Vecinal del Barrio Sur, y en pocos d\u00edas comenzar\u00eda la construcci\u00f3n de la vereda en ese lugar, el SUM y la unidad sanitaria. Ser\u00e1 un trabajo en conjunto\u201d, afirm\u00f3.<br \/>\n\u00a0\u00a0 Por su parte, Rubio destac\u00f3 la buena iniciativa de las partes.<br \/>\n\u00a0\u00a0 \u201cAdem\u00e1s de las veredas, intentaremos hacer alguna obra que sea necesaria, siempre con la aprobaci\u00f3n de Obras P\u00fablicas municipal. Obviamente que ir\u00e1n surgiendo ideas\u201d, se\u00f1al\u00f3.<br \/>\nPrensa Municipalidad de Tornquist (<a href=\"mailto:prensa@tornquist.gov.ar\">prensa@tornquist.gov.ar<\/a>)<br \/>\nTwitter: @prensatornquist<br \/>\n<a href=\"http:\/\/www.tornquist.gov.ar\/\">www.tornquist.gov.ar<\/a><\/p>\n","protected":false},"excerpt":{"rendered":"<p>httpv:\/\/www.youtube.com\/watch?v=R8N2OKyiNeU Un convenio entre la Municipalidad de Tornquist y la Cooperativa El\u00e9ctrica Limitada, mediante el cual la entidad intermedia apadrinar\u00e1 dos plazas de la ciudad cabecera del distrito, fue suscripto en la tarde de hoy por el intendente municipal,\u00a0 licenciado Gustavo Trankels, y el presidente de la instituci\u00f3n, Alberto Rubio. \u00a0\u00a0 La iniciativa involucra a [&hellip;]<\/p>\n","protected":false},"author":1,"featured_media":0,"comment_status":"closed","ping_status":"open","sticky":false,"template":"","format":"standard","meta":{"footnotes":""},"categories":[51,52,53],"tags":[],"class_list":["post-6222","post","type-post","status-publish","format-standard","hentry","category-comunidad","category-destacadas","category-politica"],"yoast_head":"<!-- This site is optimized with the Yoast SEO plugin v19.7.1 - https:\/\/yoast.com\/wordpress\/plugins\/seo\/ -->\n<title>CONVENIO ENTRE EL MUNICIPIO Y LA CELT.: LA COOPERATIVA ELECTRICA APADRINARA DOS PLAZAS DE LA CIUDAD (Fotos y videoentrevistas) - CELTTV<\/title>\n<meta name=\"description\" content=\"Sitio web de noticias de la localidad de Tornquist, provincia de Buenos Aires, Rep\u00fablica Argentina. Contenido propio originado por periodistas de CELTTV, el canal de TV local de la Cooperativa El\u00e9ctrica de Tornquist. Turismo, Pol\u00edtica, Sociedad, Deporte, Cultura y todo el contenido de inter\u00e9s general que la gente del pueblo y la regi\u00f3n debe conocer.\" \/>\n<meta name=\"robots\" content=\"index, follow, max-snippet:-1, max-image-preview:large, max-video-preview:-1\" \/>\n<link rel=\"canonical\" href=\"https:\/\/www.celttv.com.ar\/index.php\/2012\/04\/24\/convenio-entre-el-municipio-y-la-celt-la-cooperativa-electrica-apadrinara-dos-plazas-de-la-ciudad-fotos-y-proximamente-videoentrevistas\/\" \/>\n<meta property=\"og:locale\" content=\"es_ES\" \/>\n<meta property=\"og:type\" content=\"article\" \/>\n<meta property=\"og:title\" content=\"CONVENIO ENTRE EL MUNICIPIO Y LA CELT.: LA COOPERATIVA ELECTRICA APADRINARA DOS PLAZAS DE LA CIUDAD (Fotos y videoentrevistas) - CELTTV\" \/>\n<meta property=\"og:description\" content=\"Sitio web de noticias de la localidad de Tornquist, provincia de Buenos Aires, Rep\u00fablica Argentina. Contenido propio originado por periodistas de CELTTV, el canal de TV local de la Cooperativa El\u00e9ctrica de Tornquist. Turismo, Pol\u00edtica, Sociedad, Deporte, Cultura y todo el contenido de inter\u00e9s general que la gente del pueblo y la regi\u00f3n debe conocer.\" \/>\n<meta property=\"og:url\" content=\"https:\/\/www.celttv.com.ar\/index.php\/2012\/04\/24\/convenio-entre-el-municipio-y-la-celt-la-cooperativa-electrica-apadrinara-dos-plazas-de-la-ciudad-fotos-y-proximamente-videoentrevistas\/\" \/>\n<meta property=\"og:site_name\" content=\"CELTTV\" \/>\n<meta property=\"article:publisher\" content=\"https:\/\/www.facebook.com\/celtTV\/\" \/>\n<meta property=\"article:published_time\" content=\"2012-04-24T14:21:33+00:00\" \/>\n<meta name=\"author\" content=\"ulises\" \/>\n<meta name=\"twitter:card\" content=\"summary_large_image\" \/>\n<meta name=\"twitter:label1\" content=\"Escrito por\" \/>\n\t<meta name=\"twitter:data1\" content=\"ulises\" \/>\n\t<meta name=\"twitter:label2\" content=\"Tiempo de lectura\" \/>\n\t<meta name=\"twitter:data2\" content=\"2 minutos\" \/>\n<script type=\"application\/ld+json\" class=\"yoast-schema-graph\">{\"@context\":\"https:\/\/schema.org\",\"@graph\":[{\"@type\":\"NewsArticle\",\"@id\":\"https:\/\/www.celttv.com.ar\/index.php\/2012\/04\/24\/convenio-entre-el-municipio-y-la-celt-la-cooperativa-electrica-apadrinara-dos-plazas-de-la-ciudad-fotos-y-proximamente-videoentrevistas\/#article\",\"isPartOf\":{\"@id\":\"https:\/\/www.celttv.com.ar\/index.php\/2012\/04\/24\/convenio-entre-el-municipio-y-la-celt-la-cooperativa-electrica-apadrinara-dos-plazas-de-la-ciudad-fotos-y-proximamente-videoentrevistas\/\"},\"author\":{\"name\":\"ulises\",\"@id\":\"https:\/\/www.celttv.com.ar\/#\/schema\/person\/6d99c072dba59953809c81446e9d0ace\"},\"headline\":\"CONVENIO ENTRE EL MUNICIPIO Y LA CELT.: LA COOPERATIVA ELECTRICA APADRINARA DOS PLAZAS DE LA CIUDAD (Fotos y videoentrevistas)\",\"datePublished\":\"2012-04-24T14:21:33+00:00\",\"dateModified\":\"2012-04-24T14:21:33+00:00\",\"mainEntityOfPage\":{\"@id\":\"https:\/\/www.celttv.com.ar\/index.php\/2012\/04\/24\/convenio-entre-el-municipio-y-la-celt-la-cooperativa-electrica-apadrinara-dos-plazas-de-la-ciudad-fotos-y-proximamente-videoentrevistas\/\"},\"wordCount\":452,\"publisher\":{\"@id\":\"https:\/\/www.celttv.com.ar\/#organization\"},\"articleSection\":[\"Comunidad\",\"Destacadas\",\"Pol\u00edtica\"],\"inLanguage\":\"es\"},{\"@type\":\"WebPage\",\"@id\":\"https:\/\/www.celttv.com.ar\/index.php\/2012\/04\/24\/convenio-entre-el-municipio-y-la-celt-la-cooperativa-electrica-apadrinara-dos-plazas-de-la-ciudad-fotos-y-proximamente-videoentrevistas\/\",\"url\":\"https:\/\/www.celttv.com.ar\/index.php\/2012\/04\/24\/convenio-entre-el-municipio-y-la-celt-la-cooperativa-electrica-apadrinara-dos-plazas-de-la-ciudad-fotos-y-proximamente-videoentrevistas\/\",\"name\":\"CONVENIO ENTRE EL MUNICIPIO Y LA CELT.: LA COOPERATIVA ELECTRICA APADRINARA DOS PLAZAS DE LA CIUDAD (Fotos y videoentrevistas) - CELTTV\",\"isPartOf\":{\"@id\":\"https:\/\/www.celttv.com.ar\/#website\"},\"datePublished\":\"2012-04-24T14:21:33+00:00\",\"dateModified\":\"2012-04-24T14:21:33+00:00\",\"description\":\"Sitio web de noticias de la localidad de Tornquist, provincia de Buenos Aires, Rep\u00fablica Argentina. Contenido propio originado por periodistas de CELTTV, el canal de TV local de la Cooperativa El\u00e9ctrica de Tornquist. Turismo, Pol\u00edtica, Sociedad, Deporte, Cultura y todo el contenido de inter\u00e9s general que la gente del pueblo y la regi\u00f3n debe conocer.\",\"breadcrumb\":{\"@id\":\"https:\/\/www.celttv.com.ar\/index.php\/2012\/04\/24\/convenio-entre-el-municipio-y-la-celt-la-cooperativa-electrica-apadrinara-dos-plazas-de-la-ciudad-fotos-y-proximamente-videoentrevistas\/#breadcrumb\"},\"inLanguage\":\"es\",\"potentialAction\":[{\"@type\":\"ReadAction\",\"target\":[\"https:\/\/www.celttv.com.ar\/index.php\/2012\/04\/24\/convenio-entre-el-municipio-y-la-celt-la-cooperativa-electrica-apadrinara-dos-plazas-de-la-ciudad-fotos-y-proximamente-videoentrevistas\/\"]}]},{\"@type\":\"BreadcrumbList\",\"@id\":\"https:\/\/www.celttv.com.ar\/index.php\/2012\/04\/24\/convenio-entre-el-municipio-y-la-celt-la-cooperativa-electrica-apadrinara-dos-plazas-de-la-ciudad-fotos-y-proximamente-videoentrevistas\/#breadcrumb\",\"itemListElement\":[{\"@type\":\"ListItem\",\"position\":1,\"name\":\"Inicio\",\"item\":\"https:\/\/www.celttv.com.ar\/\"},{\"@type\":\"ListItem\",\"position\":2,\"name\":\"CONVENIO ENTRE EL MUNICIPIO Y LA CELT.: LA COOPERATIVA ELECTRICA APADRINARA DOS PLAZAS DE LA CIUDAD (Fotos y videoentrevistas)\"}]},{\"@type\":\"WebSite\",\"@id\":\"https:\/\/www.celttv.com.ar\/#website\",\"url\":\"https:\/\/www.celttv.com.ar\/\",\"name\":\"CELTTV\",\"description\":\"Cooperativa El\u00e9ctrica de Tornquist\",\"publisher\":{\"@id\":\"https:\/\/www.celttv.com.ar\/#organization\"},\"potentialAction\":[{\"@type\":\"SearchAction\",\"target\":{\"@type\":\"EntryPoint\",\"urlTemplate\":\"https:\/\/www.celttv.com.ar\/?s={search_term_string}\"},\"query-input\":\"required name=search_term_string\"}],\"inLanguage\":\"es\"},{\"@type\":\"Organization\",\"@id\":\"https:\/\/www.celttv.com.ar\/#organization\",\"name\":\"CELTTV\",\"url\":\"https:\/\/www.celttv.com.ar\/\",\"sameAs\":[\"https:\/\/www.youtube.com\/channel\/UCz_oIt8Hig64Ub-EmcNPIhg\",\"https:\/\/www.facebook.com\/celtTV\/\"],\"logo\":{\"@type\":\"ImageObject\",\"inLanguage\":\"es\",\"@id\":\"https:\/\/www.celttv.com.ar\/#\/schema\/logo\/image\/\",\"url\":\"http:\/\/www.celttv.com.ar\/wp-content\/uploads\/2022\/08\/logo-1.png\",\"contentUrl\":\"http:\/\/www.celttv.com.ar\/wp-content\/uploads\/2022\/08\/logo-1.png\",\"width\":461,\"height\":159,\"caption\":\"CELTTV\"},\"image\":{\"@id\":\"https:\/\/www.celttv.com.ar\/#\/schema\/logo\/image\/\"}},{\"@type\":\"Person\",\"@id\":\"https:\/\/www.celttv.com.ar\/#\/schema\/person\/6d99c072dba59953809c81446e9d0ace\",\"name\":\"ulises\",\"image\":{\"@type\":\"ImageObject\",\"inLanguage\":\"es\",\"@id\":\"https:\/\/www.celttv.com.ar\/#\/schema\/person\/image\/\",\"url\":\"https:\/\/secure.gravatar.com\/avatar\/7f2c48bdc33b30088f941fb6082e555f2874c98e20cb159d7b92b50eadfce793?s=96&d=mm&r=g\",\"contentUrl\":\"https:\/\/secure.gravatar.com\/avatar\/7f2c48bdc33b30088f941fb6082e555f2874c98e20cb159d7b92b50eadfce793?s=96&d=mm&r=g\",\"caption\":\"ulises\"},\"sameAs\":[\"http:\/\/www.celttv.com.ar\"]}]}<\/script>\n<!-- \/ Yoast SEO plugin. -->","yoast_head_json":{"title":"CONVENIO ENTRE EL MUNICIPIO Y LA CELT.: LA COOPERATIVA ELECTRICA APADRINARA DOS PLAZAS DE LA CIUDAD (Fotos y videoentrevistas) - CELTTV","description":"Sitio web de noticias de la localidad de Tornquist, provincia de Buenos Aires, Rep\u00fablica Argentina. Contenido propio originado por periodistas de CELTTV, el canal de TV local de la Cooperativa El\u00e9ctrica de Tornquist. Turismo, Pol\u00edtica, Sociedad, Deporte, Cultura y todo el contenido de inter\u00e9s general que la gente del pueblo y la regi\u00f3n debe conocer.","robots":{"index":"index","follow":"follow","max-snippet":"max-snippet:-1","max-image-preview":"max-image-preview:large","max-video-preview":"max-video-preview:-1"},"canonical":"https:\/\/www.celttv.com.ar\/index.php\/2012\/04\/24\/convenio-entre-el-municipio-y-la-celt-la-cooperativa-electrica-apadrinara-dos-plazas-de-la-ciudad-fotos-y-proximamente-videoentrevistas\/","og_locale":"es_ES","og_type":"article","og_title":"CONVENIO ENTRE EL MUNICIPIO Y LA CELT.: LA COOPERATIVA ELECTRICA APADRINARA DOS PLAZAS DE LA CIUDAD (Fotos y videoentrevistas) - CELTTV","og_description":"Sitio web de noticias de la localidad de Tornquist, provincia de Buenos Aires, Rep\u00fablica Argentina. Contenido propio originado por periodistas de CELTTV, el canal de TV local de la Cooperativa El\u00e9ctrica de Tornquist. Turismo, Pol\u00edtica, Sociedad, Deporte, Cultura y todo el contenido de inter\u00e9s general que la gente del pueblo y la regi\u00f3n debe conocer.","og_url":"https:\/\/www.celttv.com.ar\/index.php\/2012\/04\/24\/convenio-entre-el-municipio-y-la-celt-la-cooperativa-electrica-apadrinara-dos-plazas-de-la-ciudad-fotos-y-proximamente-videoentrevistas\/","og_site_name":"CELTTV","article_publisher":"https:\/\/www.facebook.com\/celtTV\/","article_published_time":"2012-04-24T14:21:33+00:00","author":"ulises","twitter_card":"summary_large_image","twitter_misc":{"Escrito por":"ulises","Tiempo de lectura":"2 minutos"},"schema":{"@context":"https:\/\/schema.org","@graph":[{"@type":"NewsArticle","@id":"https:\/\/www.celttv.com.ar\/index.php\/2012\/04\/24\/convenio-entre-el-municipio-y-la-celt-la-cooperativa-electrica-apadrinara-dos-plazas-de-la-ciudad-fotos-y-proximamente-videoentrevistas\/#article","isPartOf":{"@id":"https:\/\/www.celttv.com.ar\/index.php\/2012\/04\/24\/convenio-entre-el-municipio-y-la-celt-la-cooperativa-electrica-apadrinara-dos-plazas-de-la-ciudad-fotos-y-proximamente-videoentrevistas\/"},"author":{"name":"ulises","@id":"https:\/\/www.celttv.com.ar\/#\/schema\/person\/6d99c072dba59953809c81446e9d0ace"},"headline":"CONVENIO ENTRE EL MUNICIPIO Y LA CELT.: LA COOPERATIVA ELECTRICA APADRINARA DOS PLAZAS DE LA CIUDAD (Fotos y videoentrevistas)","datePublished":"2012-04-24T14:21:33+00:00","dateModified":"2012-04-24T14:21:33+00:00","mainEntityOfPage":{"@id":"https:\/\/www.celttv.com.ar\/index.php\/2012\/04\/24\/convenio-entre-el-municipio-y-la-celt-la-cooperativa-electrica-apadrinara-dos-plazas-de-la-ciudad-fotos-y-proximamente-videoentrevistas\/"},"wordCount":452,"publisher":{"@id":"https:\/\/www.celttv.com.ar\/#organization"},"articleSection":["Comunidad","Destacadas","Pol\u00edtica"],"inLanguage":"es"},{"@type":"WebPage","@id":"https:\/\/www.celttv.com.ar\/index.php\/2012\/04\/24\/convenio-entre-el-municipio-y-la-celt-la-cooperativa-electrica-apadrinara-dos-plazas-de-la-ciudad-fotos-y-proximamente-videoentrevistas\/","url":"https:\/\/www.celttv.com.ar\/index.php\/2012\/04\/24\/convenio-entre-el-municipio-y-la-celt-la-cooperativa-electrica-apadrinara-dos-plazas-de-la-ciudad-fotos-y-proximamente-videoentrevistas\/","name":"CONVENIO ENTRE EL MUNICIPIO Y LA CELT.: LA COOPERATIVA ELECTRICA APADRINARA DOS PLAZAS DE LA CIUDAD (Fotos y videoentrevistas) - CELTTV","isPartOf":{"@id":"https:\/\/www.celttv.com.ar\/#website"},"datePublished":"2012-04-24T14:21:33+00:00","dateModified":"2012-04-24T14:21:33+00:00","description":"Sitio web de noticias de la localidad de Tornquist, provincia de Buenos Aires, Rep\u00fablica Argentina. Contenido propio originado por periodistas de CELTTV, el canal de TV local de la Cooperativa El\u00e9ctrica de Tornquist. Turismo, Pol\u00edtica, Sociedad, Deporte, Cultura y todo el contenido de inter\u00e9s general que la gente del pueblo y la regi\u00f3n debe conocer.","breadcrumb":{"@id":"https:\/\/www.celttv.com.ar\/index.php\/2012\/04\/24\/convenio-entre-el-municipio-y-la-celt-la-cooperativa-electrica-apadrinara-dos-plazas-de-la-ciudad-fotos-y-proximamente-videoentrevistas\/#breadcrumb"},"inLanguage":"es","potentialAction":[{"@type":"ReadAction","target":["https:\/\/www.celttv.com.ar\/index.php\/2012\/04\/24\/convenio-entre-el-municipio-y-la-celt-la-cooperativa-electrica-apadrinara-dos-plazas-de-la-ciudad-fotos-y-proximamente-videoentrevistas\/"]}]},{"@type":"BreadcrumbList","@id":"https:\/\/www.celttv.com.ar\/index.php\/2012\/04\/24\/convenio-entre-el-municipio-y-la-celt-la-cooperativa-electrica-apadrinara-dos-plazas-de-la-ciudad-fotos-y-proximamente-videoentrevistas\/#breadcrumb","itemListElement":[{"@type":"ListItem","position":1,"name":"Inicio","item":"https:\/\/www.celttv.com.ar\/"},{"@type":"ListItem","position":2,"name":"CONVENIO ENTRE EL MUNICIPIO Y LA CELT.: LA COOPERATIVA ELECTRICA APADRINARA DOS PLAZAS DE LA CIUDAD (Fotos y videoentrevistas)"}]},{"@type":"WebSite","@id":"https:\/\/www.celttv.com.ar\/#website","url":"https:\/\/www.celttv.com.ar\/","name":"CELTTV","description":"Cooperativa El\u00e9ctrica de Tornquist","publisher":{"@id":"https:\/\/www.celttv.com.ar\/#organization"},"potentialAction":[{"@type":"SearchAction","target":{"@type":"EntryPoint","urlTemplate":"https:\/\/www.celttv.com.ar\/?s={search_term_string}"},"query-input":"required name=search_term_string"}],"inLanguage":"es"},{"@type":"Organization","@id":"https:\/\/www.celttv.com.ar\/#organization","name":"CELTTV","url":"https:\/\/www.celttv.com.ar\/","sameAs":["https:\/\/www.youtube.com\/channel\/UCz_oIt8Hig64Ub-EmcNPIhg","https:\/\/www.facebook.com\/celtTV\/"],"logo":{"@type":"ImageObject","inLanguage":"es","@id":"https:\/\/www.celttv.com.ar\/#\/schema\/logo\/image\/","url":"http:\/\/www.celttv.com.ar\/wp-content\/uploads\/2022\/08\/logo-1.png","contentUrl":"http:\/\/www.celttv.com.ar\/wp-content\/uploads\/2022\/08\/logo-1.png","width":461,"height":159,"caption":"CELTTV"},"image":{"@id":"https:\/\/www.celttv.com.ar\/#\/schema\/logo\/image\/"}},{"@type":"Person","@id":"https:\/\/www.celttv.com.ar\/#\/schema\/person\/6d99c072dba59953809c81446e9d0ace","name":"ulises","image":{"@type":"ImageObject","inLanguage":"es","@id":"https:\/\/www.celttv.com.ar\/#\/schema\/person\/image\/","url":"https:\/\/secure.gravatar.com\/avatar\/7f2c48bdc33b30088f941fb6082e555f2874c98e20cb159d7b92b50eadfce793?s=96&d=mm&r=g","contentUrl":"https:\/\/secure.gravatar.com\/avatar\/7f2c48bdc33b30088f941fb6082e555f2874c98e20cb159d7b92b50eadfce793?s=96&d=mm&r=g","caption":"ulises"},"sameAs":["http:\/\/www.celttv.com.ar"]}]}},"_links":{"self":[{"href":"https:\/\/www.celttv.com.ar\/index.php\/wp-json\/wp\/v2\/posts\/6222","targetHints":{"allow":["GET"]}}],"collection":[{"href":"https:\/\/www.celttv.com.ar\/index.php\/wp-json\/wp\/v2\/posts"}],"about":[{"href":"https:\/\/www.celttv.com.ar\/index.php\/wp-json\/wp\/v2\/types\/post"}],"author":[{"embeddable":true,"href":"https:\/\/www.celttv.com.ar\/index.php\/wp-json\/wp\/v2\/users\/1"}],"replies":[{"embeddable":true,"href":"https:\/\/www.celttv.com.ar\/index.php\/wp-json\/wp\/v2\/comments?post=6222"}],"version-history":[{"count":0,"href":"https:\/\/www.celttv.com.ar\/index.php\/wp-json\/wp\/v2\/posts\/6222\/revisions"}],"wp:attachment":[{"href":"https:\/\/www.celttv.com.ar\/index.php\/wp-json\/wp\/v2\/media?parent=6222"}],"wp:term":[{"taxonomy":"category","embeddable":true,"href":"https:\/\/www.celttv.com.ar\/index.php\/wp-json\/wp\/v2\/categories?post=6222"},{"taxonomy":"post_tag","embeddable":true,"href":"https:\/\/www.celttv.com.ar\/index.php\/wp-json\/wp\/v2\/tags?post=6222"}],"curies":[{"name":"wp","href":"https:\/\/api.w.org\/{rel}","templated":true}]}}