{"id":62458,"date":"2021-12-13T15:09:21","date_gmt":"2021-12-13T15:09:21","guid":{"rendered":"http:\/\/www.celttv.com.ar\/?p=62458"},"modified":"2021-12-13T15:09:21","modified_gmt":"2021-12-13T15:09:21","slug":"pisandelli-subir-al-cerro-tres-picos-parece-una-locura-pero-sigo-entrenando-para-hacer-cumbre-video","status":"publish","type":"post","link":"https:\/\/www.celttv.com.ar\/index.php\/2021\/12\/13\/pisandelli-subir-al-cerro-tres-picos-parece-una-locura-pero-sigo-entrenando-para-hacer-cumbre-video\/","title":{"rendered":"Pisandelli: &#8220;Subir al Cerro Tres Picos parece una locura, pero sigo entrenando para hacer cumbre&#8221; (Video)"},"content":{"rendered":"\n<p>Con mucho esfuerzo y el acompa\u00f1amiento de familiares y amigos, Nicol\u00e1s Pisandelli, un j\u00f3ven de 21 a\u00f1os, estudiante de educaci\u00f3n f\u00edsica, ascendi\u00f3 con su sillas de ruedas 850 metros de los 1239 que tiene el Cerro Tres Picos. <\/p>\n\n\n\n<p>Una afecci\u00f3n de nacimiento en la m\u00e9dula espinal lo dej\u00f3 en sillas de ruedas pero eso no es un condicionante a la hora de plantearse desaf\u00edos en la vida.<\/p>\n\n\n\n<p>M\u00e1s all\u00e1 de haber practicado b\u00e1squet, tenis, nataci\u00f3n y tenis de mesa, mientras cursa el profesorado de educaci\u00f3n f\u00edsica, decidi\u00f3 intentar con su silla de ruedas adaptada el ascenso al cerro m\u00e1s alto de la provincia de Buenos Aires.<\/p>\n\n\n\n<p>Nico comparti\u00f3 su experiencia en el programa MAGAZINE SPORT que se emite los martes a las 21 hs por Canal 2 CELTTV. <\/p>\n\n\n\n<figure class=\"wp-block-embed is-type-video is-provider-youtube wp-block-embed-youtube wp-embed-aspect-16-9 wp-has-aspect-ratio\"><div class=\"wp-block-embed__wrapper\">\n<iframe loading=\"lazy\" title=\"2021 12 09 MAGAZINE SPORT: NICOLAS PISANDELLI (SUBI\u00d3 EN SILLA DE RUEDAS EL CERRO TRES PICOS)\" width=\"500\" height=\"281\" src=\"https:\/\/www.youtube.com\/embed\/uBPapDF_kWM?feature=oembed\" frameborder=\"0\" allow=\"accelerometer; autoplay; clipboard-write; encrypted-media; gyroscope; picture-in-picture; web-share\" referrerpolicy=\"strict-origin-when-cross-origin\" allowfullscreen><\/iframe>\n<\/div><\/figure>\n\n\n\n<figure class=\"wp-block-image size-large\"><img loading=\"lazy\" decoding=\"async\" width=\"1024\" height=\"576\" src=\"http:\/\/www.celttv.com.ar\/wp-content\/uploads\/2021\/12\/1637876345576-1024x576-1.png\" alt=\"\" class=\"wp-image-62459\" srcset=\"https:\/\/www.celttv.com.ar\/wp-content\/uploads\/2021\/12\/1637876345576-1024x576-1.png 1024w, https:\/\/www.celttv.com.ar\/wp-content\/uploads\/2021\/12\/1637876345576-1024x576-1-300x169.png 300w, https:\/\/www.celttv.com.ar\/wp-content\/uploads\/2021\/12\/1637876345576-1024x576-1-768x432.png 768w, https:\/\/www.celttv.com.ar\/wp-content\/uploads\/2021\/12\/1637876345576-1024x576-1-750x422.png 750w\" sizes=\"auto, (max-width: 1024px) 100vw, 1024px\" \/><\/figure>\n\n\n\n<figure class=\"wp-block-image size-large\"><img loading=\"lazy\" decoding=\"async\" width=\"913\" height=\"1024\" src=\"http:\/\/www.celttv.com.ar\/wp-content\/uploads\/2021\/12\/WhatsApp-Image-2021-11-24-at-12.00.51-913x1024-1.jpeg\" alt=\"\" class=\"wp-image-62460\" srcset=\"https:\/\/www.celttv.com.ar\/wp-content\/uploads\/2021\/12\/WhatsApp-Image-2021-11-24-at-12.00.51-913x1024-1.jpeg 913w, https:\/\/www.celttv.com.ar\/wp-content\/uploads\/2021\/12\/WhatsApp-Image-2021-11-24-at-12.00.51-913x1024-1-267x300.jpeg 267w, https:\/\/www.celttv.com.ar\/wp-content\/uploads\/2021\/12\/WhatsApp-Image-2021-11-24-at-12.00.51-913x1024-1-768x861.jpeg 768w, https:\/\/www.celttv.com.ar\/wp-content\/uploads\/2021\/12\/WhatsApp-Image-2021-11-24-at-12.00.51-913x1024-1-750x841.jpeg 750w\" sizes=\"auto, (max-width: 913px) 100vw, 913px\" \/><\/figure>\n","protected":false},"excerpt":{"rendered":"<p>Con mucho esfuerzo y el acompa\u00f1amiento de familiares y amigos, Nicol\u00e1s Pisandelli, un j\u00f3ven de 21 a\u00f1os, estudiante de educaci\u00f3n f\u00edsica, ascendi\u00f3 con su sillas de ruedas 850 metros de los 1239 que tiene el Cerro Tres Picos. Una afecci\u00f3n de nacimiento en la m\u00e9dula espinal lo dej\u00f3 en sillas de ruedas pero eso no [&hellip;]<\/p>\n","protected":false},"author":1,"featured_media":62460,"comment_status":"closed","ping_status":"open","sticky":false,"template":"","format":"standard","meta":{"footnotes":""},"categories":[55,60,62,52,63],"tags":[],"class_list":["post-62458","post","type-post","status-publish","format-standard","has-post-thumbnail","hentry","category-celt-tv-noticias","category-deporte","category-deportes","category-destacadas","category-magazine-sport"],"yoast_head":"<!-- This site is optimized with the Yoast SEO plugin v19.7.1 - https:\/\/yoast.com\/wordpress\/plugins\/seo\/ -->\n<title>Pisandelli: &quot;Subir al Cerro Tres Picos parece una locura, pero sigo entrenando para hacer cumbre&quot; (Video) - CELTTV<\/title>\n<meta name=\"description\" content=\"Sitio web de noticias de la localidad de Tornquist, provincia de Buenos Aires, Rep\u00fablica Argentina. Contenido propio originado por periodistas de CELTTV, el canal de TV local de la Cooperativa El\u00e9ctrica de Tornquist. Turismo, Pol\u00edtica, Sociedad, Deporte, Cultura y todo el contenido de inter\u00e9s general que la gente del pueblo y la regi\u00f3n debe conocer.\" \/>\n<meta name=\"robots\" content=\"index, follow, max-snippet:-1, max-image-preview:large, max-video-preview:-1\" \/>\n<link rel=\"canonical\" href=\"https:\/\/www.celttv.com.ar\/index.php\/2021\/12\/13\/pisandelli-subir-al-cerro-tres-picos-parece-una-locura-pero-sigo-entrenando-para-hacer-cumbre-video\/\" \/>\n<meta property=\"og:locale\" content=\"es_ES\" \/>\n<meta property=\"og:type\" content=\"article\" \/>\n<meta property=\"og:title\" content=\"Pisandelli: &quot;Subir al Cerro Tres Picos parece una locura, pero sigo entrenando para hacer cumbre&quot; (Video) - CELTTV\" \/>\n<meta property=\"og:description\" content=\"Sitio web de noticias de la localidad de Tornquist, provincia de Buenos Aires, Rep\u00fablica Argentina. Contenido propio originado por periodistas de CELTTV, el canal de TV local de la Cooperativa El\u00e9ctrica de Tornquist. Turismo, Pol\u00edtica, Sociedad, Deporte, Cultura y todo el contenido de inter\u00e9s general que la gente del pueblo y la regi\u00f3n debe conocer.\" \/>\n<meta property=\"og:url\" content=\"https:\/\/www.celttv.com.ar\/index.php\/2021\/12\/13\/pisandelli-subir-al-cerro-tres-picos-parece-una-locura-pero-sigo-entrenando-para-hacer-cumbre-video\/\" \/>\n<meta property=\"og:site_name\" content=\"CELTTV\" \/>\n<meta property=\"article:publisher\" content=\"https:\/\/www.facebook.com\/celtTV\/\" \/>\n<meta property=\"article:published_time\" content=\"2021-12-13T15:09:21+00:00\" \/>\n<meta property=\"og:image\" content=\"https:\/\/www.celttv.com.ar\/wp-content\/uploads\/2021\/12\/WhatsApp-Image-2021-11-24-at-12.00.51-913x1024-1.jpeg\" \/>\n\t<meta property=\"og:image:width\" content=\"913\" \/>\n\t<meta property=\"og:image:height\" content=\"1024\" \/>\n\t<meta property=\"og:image:type\" content=\"image\/jpeg\" \/>\n<meta name=\"author\" content=\"ulises\" \/>\n<meta name=\"twitter:card\" content=\"summary_large_image\" \/>\n<meta name=\"twitter:label1\" content=\"Escrito por\" \/>\n\t<meta name=\"twitter:data1\" content=\"ulises\" \/>\n\t<meta name=\"twitter:label2\" content=\"Tiempo de lectura\" \/>\n\t<meta name=\"twitter:data2\" content=\"1 minuto\" \/>\n<script type=\"application\/ld+json\" class=\"yoast-schema-graph\">{\"@context\":\"https:\/\/schema.org\",\"@graph\":[{\"@type\":\"NewsArticle\",\"@id\":\"https:\/\/www.celttv.com.ar\/index.php\/2021\/12\/13\/pisandelli-subir-al-cerro-tres-picos-parece-una-locura-pero-sigo-entrenando-para-hacer-cumbre-video\/#article\",\"isPartOf\":{\"@id\":\"https:\/\/www.celttv.com.ar\/index.php\/2021\/12\/13\/pisandelli-subir-al-cerro-tres-picos-parece-una-locura-pero-sigo-entrenando-para-hacer-cumbre-video\/\"},\"author\":{\"name\":\"ulises\",\"@id\":\"https:\/\/www.celttv.com.ar\/#\/schema\/person\/6d99c072dba59953809c81446e9d0ace\"},\"headline\":\"Pisandelli: &#8220;Subir al Cerro Tres Picos parece una locura, pero sigo entrenando para hacer cumbre&#8221; (Video)\",\"datePublished\":\"2021-12-13T15:09:21+00:00\",\"dateModified\":\"2021-12-13T15:09:21+00:00\",\"mainEntityOfPage\":{\"@id\":\"https:\/\/www.celttv.com.ar\/index.php\/2021\/12\/13\/pisandelli-subir-al-cerro-tres-picos-parece-una-locura-pero-sigo-entrenando-para-hacer-cumbre-video\/\"},\"wordCount\":159,\"publisher\":{\"@id\":\"https:\/\/www.celttv.com.ar\/#organization\"},\"articleSection\":[\"Celt TV Noticias\",\"Deporte\",\"Deportes\",\"Destacadas\",\"Magazine Sport\"],\"inLanguage\":\"es\"},{\"@type\":\"WebPage\",\"@id\":\"https:\/\/www.celttv.com.ar\/index.php\/2021\/12\/13\/pisandelli-subir-al-cerro-tres-picos-parece-una-locura-pero-sigo-entrenando-para-hacer-cumbre-video\/\",\"url\":\"https:\/\/www.celttv.com.ar\/index.php\/2021\/12\/13\/pisandelli-subir-al-cerro-tres-picos-parece-una-locura-pero-sigo-entrenando-para-hacer-cumbre-video\/\",\"name\":\"Pisandelli: \\\"Subir al Cerro Tres Picos parece una locura, pero sigo entrenando para hacer cumbre\\\" (Video) - CELTTV\",\"isPartOf\":{\"@id\":\"https:\/\/www.celttv.com.ar\/#website\"},\"datePublished\":\"2021-12-13T15:09:21+00:00\",\"dateModified\":\"2021-12-13T15:09:21+00:00\",\"description\":\"Sitio web de noticias de la localidad de Tornquist, provincia de Buenos Aires, Rep\u00fablica Argentina. Contenido propio originado por periodistas de CELTTV, el canal de TV local de la Cooperativa El\u00e9ctrica de Tornquist. Turismo, Pol\u00edtica, Sociedad, Deporte, Cultura y todo el contenido de inter\u00e9s general que la gente del pueblo y la regi\u00f3n debe conocer.\",\"breadcrumb\":{\"@id\":\"https:\/\/www.celttv.com.ar\/index.php\/2021\/12\/13\/pisandelli-subir-al-cerro-tres-picos-parece-una-locura-pero-sigo-entrenando-para-hacer-cumbre-video\/#breadcrumb\"},\"inLanguage\":\"es\",\"potentialAction\":[{\"@type\":\"ReadAction\",\"target\":[\"https:\/\/www.celttv.com.ar\/index.php\/2021\/12\/13\/pisandelli-subir-al-cerro-tres-picos-parece-una-locura-pero-sigo-entrenando-para-hacer-cumbre-video\/\"]}]},{\"@type\":\"BreadcrumbList\",\"@id\":\"https:\/\/www.celttv.com.ar\/index.php\/2021\/12\/13\/pisandelli-subir-al-cerro-tres-picos-parece-una-locura-pero-sigo-entrenando-para-hacer-cumbre-video\/#breadcrumb\",\"itemListElement\":[{\"@type\":\"ListItem\",\"position\":1,\"name\":\"Inicio\",\"item\":\"https:\/\/www.celttv.com.ar\/\"},{\"@type\":\"ListItem\",\"position\":2,\"name\":\"Pisandelli: &#8220;Subir al Cerro Tres Picos parece una locura, pero sigo entrenando para hacer cumbre&#8221; (Video)\"}]},{\"@type\":\"WebSite\",\"@id\":\"https:\/\/www.celttv.com.ar\/#website\",\"url\":\"https:\/\/www.celttv.com.ar\/\",\"name\":\"CELTTV\",\"description\":\"Cooperativa El\u00e9ctrica de Tornquist\",\"publisher\":{\"@id\":\"https:\/\/www.celttv.com.ar\/#organization\"},\"potentialAction\":[{\"@type\":\"SearchAction\",\"target\":{\"@type\":\"EntryPoint\",\"urlTemplate\":\"https:\/\/www.celttv.com.ar\/?s={search_term_string}\"},\"query-input\":\"required name=search_term_string\"}],\"inLanguage\":\"es\"},{\"@type\":\"Organization\",\"@id\":\"https:\/\/www.celttv.com.ar\/#organization\",\"name\":\"CELTTV\",\"url\":\"https:\/\/www.celttv.com.ar\/\",\"sameAs\":[\"https:\/\/www.youtube.com\/channel\/UCz_oIt8Hig64Ub-EmcNPIhg\",\"https:\/\/www.facebook.com\/celtTV\/\"],\"logo\":{\"@type\":\"ImageObject\",\"inLanguage\":\"es\",\"@id\":\"https:\/\/www.celttv.com.ar\/#\/schema\/logo\/image\/\",\"url\":\"http:\/\/www.celttv.com.ar\/wp-content\/uploads\/2022\/08\/logo-1.png\",\"contentUrl\":\"http:\/\/www.celttv.com.ar\/wp-content\/uploads\/2022\/08\/logo-1.png\",\"width\":461,\"height\":159,\"caption\":\"CELTTV\"},\"image\":{\"@id\":\"https:\/\/www.celttv.com.ar\/#\/schema\/logo\/image\/\"}},{\"@type\":\"Person\",\"@id\":\"https:\/\/www.celttv.com.ar\/#\/schema\/person\/6d99c072dba59953809c81446e9d0ace\",\"name\":\"ulises\",\"image\":{\"@type\":\"ImageObject\",\"inLanguage\":\"es\",\"@id\":\"https:\/\/www.celttv.com.ar\/#\/schema\/person\/image\/\",\"url\":\"https:\/\/secure.gravatar.com\/avatar\/7f2c48bdc33b30088f941fb6082e555f2874c98e20cb159d7b92b50eadfce793?s=96&d=mm&r=g\",\"contentUrl\":\"https:\/\/secure.gravatar.com\/avatar\/7f2c48bdc33b30088f941fb6082e555f2874c98e20cb159d7b92b50eadfce793?s=96&d=mm&r=g\",\"caption\":\"ulises\"},\"sameAs\":[\"http:\/\/www.celttv.com.ar\"]}]}<\/script>\n<!-- \/ Yoast SEO plugin. -->","yoast_head_json":{"title":"Pisandelli: \"Subir al Cerro Tres Picos parece una locura, pero sigo entrenando para hacer cumbre\" (Video) - CELTTV","description":"Sitio web de noticias de la localidad de Tornquist, provincia de Buenos Aires, Rep\u00fablica Argentina. Contenido propio originado por periodistas de CELTTV, el canal de TV local de la Cooperativa El\u00e9ctrica de Tornquist. Turismo, Pol\u00edtica, Sociedad, Deporte, Cultura y todo el contenido de inter\u00e9s general que la gente del pueblo y la regi\u00f3n debe conocer.","robots":{"index":"index","follow":"follow","max-snippet":"max-snippet:-1","max-image-preview":"max-image-preview:large","max-video-preview":"max-video-preview:-1"},"canonical":"https:\/\/www.celttv.com.ar\/index.php\/2021\/12\/13\/pisandelli-subir-al-cerro-tres-picos-parece-una-locura-pero-sigo-entrenando-para-hacer-cumbre-video\/","og_locale":"es_ES","og_type":"article","og_title":"Pisandelli: \"Subir al Cerro Tres Picos parece una locura, pero sigo entrenando para hacer cumbre\" (Video) - CELTTV","og_description":"Sitio web de noticias de la localidad de Tornquist, provincia de Buenos Aires, Rep\u00fablica Argentina. Contenido propio originado por periodistas de CELTTV, el canal de TV local de la Cooperativa El\u00e9ctrica de Tornquist. Turismo, Pol\u00edtica, Sociedad, Deporte, Cultura y todo el contenido de inter\u00e9s general que la gente del pueblo y la regi\u00f3n debe conocer.","og_url":"https:\/\/www.celttv.com.ar\/index.php\/2021\/12\/13\/pisandelli-subir-al-cerro-tres-picos-parece-una-locura-pero-sigo-entrenando-para-hacer-cumbre-video\/","og_site_name":"CELTTV","article_publisher":"https:\/\/www.facebook.com\/celtTV\/","article_published_time":"2021-12-13T15:09:21+00:00","og_image":[{"width":913,"height":1024,"url":"https:\/\/www.celttv.com.ar\/wp-content\/uploads\/2021\/12\/WhatsApp-Image-2021-11-24-at-12.00.51-913x1024-1.jpeg","type":"image\/jpeg"}],"author":"ulises","twitter_card":"summary_large_image","twitter_misc":{"Escrito por":"ulises","Tiempo de lectura":"1 minuto"},"schema":{"@context":"https:\/\/schema.org","@graph":[{"@type":"NewsArticle","@id":"https:\/\/www.celttv.com.ar\/index.php\/2021\/12\/13\/pisandelli-subir-al-cerro-tres-picos-parece-una-locura-pero-sigo-entrenando-para-hacer-cumbre-video\/#article","isPartOf":{"@id":"https:\/\/www.celttv.com.ar\/index.php\/2021\/12\/13\/pisandelli-subir-al-cerro-tres-picos-parece-una-locura-pero-sigo-entrenando-para-hacer-cumbre-video\/"},"author":{"name":"ulises","@id":"https:\/\/www.celttv.com.ar\/#\/schema\/person\/6d99c072dba59953809c81446e9d0ace"},"headline":"Pisandelli: &#8220;Subir al Cerro Tres Picos parece una locura, pero sigo entrenando para hacer cumbre&#8221; (Video)","datePublished":"2021-12-13T15:09:21+00:00","dateModified":"2021-12-13T15:09:21+00:00","mainEntityOfPage":{"@id":"https:\/\/www.celttv.com.ar\/index.php\/2021\/12\/13\/pisandelli-subir-al-cerro-tres-picos-parece-una-locura-pero-sigo-entrenando-para-hacer-cumbre-video\/"},"wordCount":159,"publisher":{"@id":"https:\/\/www.celttv.com.ar\/#organization"},"articleSection":["Celt TV Noticias","Deporte","Deportes","Destacadas","Magazine Sport"],"inLanguage":"es"},{"@type":"WebPage","@id":"https:\/\/www.celttv.com.ar\/index.php\/2021\/12\/13\/pisandelli-subir-al-cerro-tres-picos-parece-una-locura-pero-sigo-entrenando-para-hacer-cumbre-video\/","url":"https:\/\/www.celttv.com.ar\/index.php\/2021\/12\/13\/pisandelli-subir-al-cerro-tres-picos-parece-una-locura-pero-sigo-entrenando-para-hacer-cumbre-video\/","name":"Pisandelli: \"Subir al Cerro Tres Picos parece una locura, pero sigo entrenando para hacer cumbre\" (Video) - CELTTV","isPartOf":{"@id":"https:\/\/www.celttv.com.ar\/#website"},"datePublished":"2021-12-13T15:09:21+00:00","dateModified":"2021-12-13T15:09:21+00:00","description":"Sitio web de noticias de la localidad de Tornquist, provincia de Buenos Aires, Rep\u00fablica Argentina. Contenido propio originado por periodistas de CELTTV, el canal de TV local de la Cooperativa El\u00e9ctrica de Tornquist. Turismo, Pol\u00edtica, Sociedad, Deporte, Cultura y todo el contenido de inter\u00e9s general que la gente del pueblo y la regi\u00f3n debe conocer.","breadcrumb":{"@id":"https:\/\/www.celttv.com.ar\/index.php\/2021\/12\/13\/pisandelli-subir-al-cerro-tres-picos-parece-una-locura-pero-sigo-entrenando-para-hacer-cumbre-video\/#breadcrumb"},"inLanguage":"es","potentialAction":[{"@type":"ReadAction","target":["https:\/\/www.celttv.com.ar\/index.php\/2021\/12\/13\/pisandelli-subir-al-cerro-tres-picos-parece-una-locura-pero-sigo-entrenando-para-hacer-cumbre-video\/"]}]},{"@type":"BreadcrumbList","@id":"https:\/\/www.celttv.com.ar\/index.php\/2021\/12\/13\/pisandelli-subir-al-cerro-tres-picos-parece-una-locura-pero-sigo-entrenando-para-hacer-cumbre-video\/#breadcrumb","itemListElement":[{"@type":"ListItem","position":1,"name":"Inicio","item":"https:\/\/www.celttv.com.ar\/"},{"@type":"ListItem","position":2,"name":"Pisandelli: &#8220;Subir al Cerro Tres Picos parece una locura, pero sigo entrenando para hacer cumbre&#8221; (Video)"}]},{"@type":"WebSite","@id":"https:\/\/www.celttv.com.ar\/#website","url":"https:\/\/www.celttv.com.ar\/","name":"CELTTV","description":"Cooperativa El\u00e9ctrica de Tornquist","publisher":{"@id":"https:\/\/www.celttv.com.ar\/#organization"},"potentialAction":[{"@type":"SearchAction","target":{"@type":"EntryPoint","urlTemplate":"https:\/\/www.celttv.com.ar\/?s={search_term_string}"},"query-input":"required name=search_term_string"}],"inLanguage":"es"},{"@type":"Organization","@id":"https:\/\/www.celttv.com.ar\/#organization","name":"CELTTV","url":"https:\/\/www.celttv.com.ar\/","sameAs":["https:\/\/www.youtube.com\/channel\/UCz_oIt8Hig64Ub-EmcNPIhg","https:\/\/www.facebook.com\/celtTV\/"],"logo":{"@type":"ImageObject","inLanguage":"es","@id":"https:\/\/www.celttv.com.ar\/#\/schema\/logo\/image\/","url":"http:\/\/www.celttv.com.ar\/wp-content\/uploads\/2022\/08\/logo-1.png","contentUrl":"http:\/\/www.celttv.com.ar\/wp-content\/uploads\/2022\/08\/logo-1.png","width":461,"height":159,"caption":"CELTTV"},"image":{"@id":"https:\/\/www.celttv.com.ar\/#\/schema\/logo\/image\/"}},{"@type":"Person","@id":"https:\/\/www.celttv.com.ar\/#\/schema\/person\/6d99c072dba59953809c81446e9d0ace","name":"ulises","image":{"@type":"ImageObject","inLanguage":"es","@id":"https:\/\/www.celttv.com.ar\/#\/schema\/person\/image\/","url":"https:\/\/secure.gravatar.com\/avatar\/7f2c48bdc33b30088f941fb6082e555f2874c98e20cb159d7b92b50eadfce793?s=96&d=mm&r=g","contentUrl":"https:\/\/secure.gravatar.com\/avatar\/7f2c48bdc33b30088f941fb6082e555f2874c98e20cb159d7b92b50eadfce793?s=96&d=mm&r=g","caption":"ulises"},"sameAs":["http:\/\/www.celttv.com.ar"]}]}},"_links":{"self":[{"href":"https:\/\/www.celttv.com.ar\/index.php\/wp-json\/wp\/v2\/posts\/62458","targetHints":{"allow":["GET"]}}],"collection":[{"href":"https:\/\/www.celttv.com.ar\/index.php\/wp-json\/wp\/v2\/posts"}],"about":[{"href":"https:\/\/www.celttv.com.ar\/index.php\/wp-json\/wp\/v2\/types\/post"}],"author":[{"embeddable":true,"href":"https:\/\/www.celttv.com.ar\/index.php\/wp-json\/wp\/v2\/users\/1"}],"replies":[{"embeddable":true,"href":"https:\/\/www.celttv.com.ar\/index.php\/wp-json\/wp\/v2\/comments?post=62458"}],"version-history":[{"count":0,"href":"https:\/\/www.celttv.com.ar\/index.php\/wp-json\/wp\/v2\/posts\/62458\/revisions"}],"wp:featuredmedia":[{"embeddable":true,"href":"https:\/\/www.celttv.com.ar\/index.php\/wp-json\/wp\/v2\/media\/62460"}],"wp:attachment":[{"href":"https:\/\/www.celttv.com.ar\/index.php\/wp-json\/wp\/v2\/media?parent=62458"}],"wp:term":[{"taxonomy":"category","embeddable":true,"href":"https:\/\/www.celttv.com.ar\/index.php\/wp-json\/wp\/v2\/categories?post=62458"},{"taxonomy":"post_tag","embeddable":true,"href":"https:\/\/www.celttv.com.ar\/index.php\/wp-json\/wp\/v2\/tags?post=62458"}],"curies":[{"name":"wp","href":"https:\/\/api.w.org\/{rel}","templated":true}]}}