{"id":62467,"date":"2021-12-13T21:26:12","date_gmt":"2021-12-13T21:26:12","guid":{"rendered":"http:\/\/www.celttv.com.ar\/?p=62467"},"modified":"2021-12-13T21:26:12","modified_gmt":"2021-12-13T21:26:12","slug":"reparacion-de-la-ruta-76-final-de-un-reclamo-historico","status":"publish","type":"post","link":"https:\/\/www.celttv.com.ar\/index.php\/2021\/12\/13\/reparacion-de-la-ruta-76-final-de-un-reclamo-historico\/","title":{"rendered":"Reparaci\u00f3n de la Ruta 76: final de un reclamo hist\u00f3rico?"},"content":{"rendered":"\n<p>Luego de d\u00e9cadas de reclamos por el calamitoso estado de la ruta provincial 76, las obras de bacheo profundo han alcanzado un significativo avance, marcando una verdadera diferencia de cara a una nueva temporada estival en las&nbsp;<strong>Sierras de la Ventana<\/strong>.<\/p>\n\n\n\n<p>Tras muchos a\u00f1os de reclamos y anuncios vac\u00edos e incumplidos, los 38 kms de la ruta provincial 76 en el tramo que une San Eloy con el empalme de la ruta 72 en el acceso a&nbsp;<a href=\"https:\/\/www.sierrasdelaventana.com.ar\/\">Sierra de la Ventana<\/a>, &nbsp;presentan al d\u00eda de hoy un sustancial avance y mejora en la calidad de su transitar y su seguridad vial.<\/p>\n\n\n\n<p>Para conocer m\u00e1s sobre los detalles de las tareas que se est\u00e1n realizando y lo que est\u00e1 previsto realizar, Sierrasdelaventana.com.ar recorri\u00f3 el tramo de la ruta, y se comunic\u00f3 con el\u00a0<strong>Ingeniero Arturo Prado<\/strong>\u00a0a cargo de las obras de la empresa\u00a0<strong>Vial Agro<\/strong>\u00a0de la localidad de Tres Arroyos.<\/p>\n\n\n\n<p><\/p>\n\n\n\n<p>Seg\u00fan nos informa Prado, las obras de bacheo asfaltico profundo fueron licitadas en noviembre del a\u00f1o 2020 por el Gobierno de la Provincia de Buenos Aires, e iniciadas hace escasos tres meses en agosto de este a\u00f1o.<\/p>\n\n\n\n<p>Al d\u00eda de hoy, el equipo de tareas que avanza en sentido a Sierra de la Ventana, se encuentra en el tramo del Abra de la Estancia el Pantanoso, el tramo que en peor estado se encontraba, y van a continuar durante todo el verano, estimando finalizar con el tramo de esos hist\u00f3ricos 38 kms aproximadamente en febrero pr\u00f3ximo.<\/p>\n\n\n\n<p>Estas obras contemplan una serie de mejoras en numerosas rutas provinciales de toda la regi\u00f3n, y en lo particular para nuestro distrito, las tareas que avanzan hoy por la ruta 76 incluyen cubrir hasta el empalme con la ruta nacional 33 (Tornquist), y la ruta provincial 76 pasando por la localidad de Sierra de la Ventana hasta el empalme con la ruta provincial 51 en el Paraje Frapal.<\/p>\n\n\n\n<p>Un punto que quedar\u00e1 pendiente ser\u00e1 la instalaci\u00f3n de se\u00f1alizaci\u00f3n horizontal y vertical, ya que estas no est\u00e1n previstas en las obras licitadas por la empresa.<\/p>\n\n\n\n<p>Si bien no se trata de una soluci\u00f3n definitiva como lo ser\u00eda la repavimentaci\u00f3n de la totalidad de la ruta, es un enorme paso adelante garantizando un tr\u00e1nsito fluido y seguro en el principal acceso tur\u00edstico de toda la Comarca Serrana.<\/p>\n\n\n\n<p>Cabe recordar que este tramo presentaba muchos baches, cortadas, desniveles y otras anomal\u00edas que dificultaban enormemente el tr\u00e1nsito, transform\u00e1ndola en una ruta que deb\u00eda transitarse con much\u00edsima precauci\u00f3n, y que consecuentemente generaron en el pasado m\u00faltiples accidentes viales.<\/p>\n\n\n\n<p>Fuente: Sergio Marto &#8211; www.sierrasdelaventana.com.ar<\/p>\n\n\n\n<figure class=\"wp-block-gallery columns-3 is-cropped wp-block-gallery-1 is-layout-flex wp-block-gallery-is-layout-flex\"><ul class=\"blocks-gallery-grid\"><li class=\"blocks-gallery-item\"><figure><img loading=\"lazy\" decoding=\"async\" width=\"1024\" height=\"721\" src=\"http:\/\/www.celttv.com.ar\/wp-content\/uploads\/2021\/12\/ruta-76-sierra-de-la-ventana-1-log-1024x721.jpg\" alt=\"\" data-id=\"62468\" data-full-url=\"http:\/\/www.celttv.com.ar\/wp-content\/uploads\/2021\/12\/ruta-76-sierra-de-la-ventana-1-log.jpg\" data-link=\"http:\/\/www.celttv.com.ar\/?attachment_id=62468\" class=\"wp-image-62468\" srcset=\"https:\/\/www.celttv.com.ar\/wp-content\/uploads\/2021\/12\/ruta-76-sierra-de-la-ventana-1-log-1024x721.jpg 1024w, https:\/\/www.celttv.com.ar\/wp-content\/uploads\/2021\/12\/ruta-76-sierra-de-la-ventana-1-log-300x211.jpg 300w, https:\/\/www.celttv.com.ar\/wp-content\/uploads\/2021\/12\/ruta-76-sierra-de-la-ventana-1-log-768x541.jpg 768w, https:\/\/www.celttv.com.ar\/wp-content\/uploads\/2021\/12\/ruta-76-sierra-de-la-ventana-1-log-750x528.jpg 750w, https:\/\/www.celttv.com.ar\/wp-content\/uploads\/2021\/12\/ruta-76-sierra-de-la-ventana-1-log-1140x803.jpg 1140w, https:\/\/www.celttv.com.ar\/wp-content\/uploads\/2021\/12\/ruta-76-sierra-de-la-ventana-1-log.jpg 1400w\" sizes=\"auto, (max-width: 1024px) 100vw, 1024px\" \/><\/figure><\/li><li class=\"blocks-gallery-item\"><figure><img loading=\"lazy\" decoding=\"async\" width=\"700\" height=\"395\" src=\"http:\/\/www.celttv.com.ar\/wp-content\/uploads\/2021\/12\/ruta-76-sierra-de-la-ventana-6-700x395-1.jpg\" alt=\"\" data-id=\"62469\" data-full-url=\"http:\/\/www.celttv.com.ar\/wp-content\/uploads\/2021\/12\/ruta-76-sierra-de-la-ventana-6-700x395-1.jpg\" data-link=\"http:\/\/www.celttv.com.ar\/?attachment_id=62469\" class=\"wp-image-62469\" srcset=\"https:\/\/www.celttv.com.ar\/wp-content\/uploads\/2021\/12\/ruta-76-sierra-de-la-ventana-6-700x395-1.jpg 700w, https:\/\/www.celttv.com.ar\/wp-content\/uploads\/2021\/12\/ruta-76-sierra-de-la-ventana-6-700x395-1-300x169.jpg 300w\" sizes=\"auto, (max-width: 700px) 100vw, 700px\" \/><\/figure><\/li><li class=\"blocks-gallery-item\"><figure><img loading=\"lazy\" decoding=\"async\" width=\"1024\" height=\"578\" src=\"http:\/\/www.celttv.com.ar\/wp-content\/uploads\/2021\/12\/ruta-76-sierra-de-la-ventana-8-1024x578-1.jpg\" alt=\"\" data-id=\"62470\" data-full-url=\"http:\/\/www.celttv.com.ar\/wp-content\/uploads\/2021\/12\/ruta-76-sierra-de-la-ventana-8-1024x578-1.jpg\" data-link=\"http:\/\/www.celttv.com.ar\/?attachment_id=62470\" class=\"wp-image-62470\" srcset=\"https:\/\/www.celttv.com.ar\/wp-content\/uploads\/2021\/12\/ruta-76-sierra-de-la-ventana-8-1024x578-1.jpg 1024w, https:\/\/www.celttv.com.ar\/wp-content\/uploads\/2021\/12\/ruta-76-sierra-de-la-ventana-8-1024x578-1-300x169.jpg 300w, https:\/\/www.celttv.com.ar\/wp-content\/uploads\/2021\/12\/ruta-76-sierra-de-la-ventana-8-1024x578-1-768x434.jpg 768w, https:\/\/www.celttv.com.ar\/wp-content\/uploads\/2021\/12\/ruta-76-sierra-de-la-ventana-8-1024x578-1-750x423.jpg 750w\" sizes=\"auto, (max-width: 1024px) 100vw, 1024px\" \/><\/figure><\/li><li class=\"blocks-gallery-item\"><figure><img loading=\"lazy\" decoding=\"async\" width=\"1024\" height=\"578\" src=\"http:\/\/www.celttv.com.ar\/wp-content\/uploads\/2021\/12\/ruta-76-sierra-de-la-ventana-9-1024x578-1.jpg\" alt=\"\" data-id=\"62471\" data-full-url=\"http:\/\/www.celttv.com.ar\/wp-content\/uploads\/2021\/12\/ruta-76-sierra-de-la-ventana-9-1024x578-1.jpg\" data-link=\"http:\/\/www.celttv.com.ar\/?attachment_id=62471\" class=\"wp-image-62471\" srcset=\"https:\/\/www.celttv.com.ar\/wp-content\/uploads\/2021\/12\/ruta-76-sierra-de-la-ventana-9-1024x578-1.jpg 1024w, https:\/\/www.celttv.com.ar\/wp-content\/uploads\/2021\/12\/ruta-76-sierra-de-la-ventana-9-1024x578-1-300x169.jpg 300w, https:\/\/www.celttv.com.ar\/wp-content\/uploads\/2021\/12\/ruta-76-sierra-de-la-ventana-9-1024x578-1-768x434.jpg 768w, https:\/\/www.celttv.com.ar\/wp-content\/uploads\/2021\/12\/ruta-76-sierra-de-la-ventana-9-1024x578-1-750x423.jpg 750w\" sizes=\"auto, (max-width: 1024px) 100vw, 1024px\" \/><\/figure><\/li><li class=\"blocks-gallery-item\"><figure><img loading=\"lazy\" decoding=\"async\" width=\"600\" height=\"450\" src=\"http:\/\/www.celttv.com.ar\/wp-content\/uploads\/2021\/12\/ruta-76-sierra-de-la-ventana-10-600x450-1.jpg\" alt=\"\" data-id=\"62472\" data-full-url=\"http:\/\/www.celttv.com.ar\/wp-content\/uploads\/2021\/12\/ruta-76-sierra-de-la-ventana-10-600x450-1.jpg\" data-link=\"http:\/\/www.celttv.com.ar\/?attachment_id=62472\" class=\"wp-image-62472\" srcset=\"https:\/\/www.celttv.com.ar\/wp-content\/uploads\/2021\/12\/ruta-76-sierra-de-la-ventana-10-600x450-1.jpg 600w, https:\/\/www.celttv.com.ar\/wp-content\/uploads\/2021\/12\/ruta-76-sierra-de-la-ventana-10-600x450-1-300x225.jpg 300w\" sizes=\"auto, (max-width: 600px) 100vw, 600px\" \/><\/figure><\/li><li class=\"blocks-gallery-item\"><figure><img loading=\"lazy\" decoding=\"async\" width=\"1024\" height=\"768\" src=\"http:\/\/www.celttv.com.ar\/wp-content\/uploads\/2021\/12\/ruta-76-sierra-de-la-ventana-11-1024x768-1.jpg\" alt=\"\" data-id=\"62473\" data-full-url=\"http:\/\/www.celttv.com.ar\/wp-content\/uploads\/2021\/12\/ruta-76-sierra-de-la-ventana-11-1024x768-1.jpg\" data-link=\"http:\/\/www.celttv.com.ar\/?attachment_id=62473\" class=\"wp-image-62473\" srcset=\"https:\/\/www.celttv.com.ar\/wp-content\/uploads\/2021\/12\/ruta-76-sierra-de-la-ventana-11-1024x768-1.jpg 1024w, https:\/\/www.celttv.com.ar\/wp-content\/uploads\/2021\/12\/ruta-76-sierra-de-la-ventana-11-1024x768-1-300x225.jpg 300w, https:\/\/www.celttv.com.ar\/wp-content\/uploads\/2021\/12\/ruta-76-sierra-de-la-ventana-11-1024x768-1-768x576.jpg 768w, https:\/\/www.celttv.com.ar\/wp-content\/uploads\/2021\/12\/ruta-76-sierra-de-la-ventana-11-1024x768-1-750x563.jpg 750w\" sizes=\"auto, (max-width: 1024px) 100vw, 1024px\" \/><\/figure><\/li><\/ul><\/figure>\n","protected":false},"excerpt":{"rendered":"<p>Luego de d\u00e9cadas de reclamos por el calamitoso estado de la ruta provincial 76, las obras de bacheo profundo han alcanzado un significativo avance, marcando una verdadera diferencia de cara a una nueva temporada estival en las&nbsp;Sierras de la Ventana. Tras muchos a\u00f1os de reclamos y anuncios vac\u00edos e incumplidos, los 38 kms de la [&hellip;]<\/p>\n","protected":false},"author":1,"featured_media":62468,"comment_status":"closed","ping_status":"open","sticky":false,"template":"","format":"standard","meta":{"footnotes":""},"categories":[51,52,65,58],"tags":[],"class_list":["post-62467","post","type-post","status-publish","format-standard","has-post-thumbnail","hentry","category-comunidad","category-destacadas","category-produccion","category-turismo"],"yoast_head":"<!-- This site is optimized with the Yoast SEO plugin v19.7.1 - https:\/\/yoast.com\/wordpress\/plugins\/seo\/ -->\n<title>Reparaci\u00f3n de la Ruta 76: final de un reclamo hist\u00f3rico? - CELTTV<\/title>\n<meta name=\"description\" content=\"Sitio web de noticias de la localidad de Tornquist, provincia de Buenos Aires, Rep\u00fablica Argentina. Contenido propio originado por periodistas de CELTTV, el canal de TV local de la Cooperativa El\u00e9ctrica de Tornquist. Turismo, Pol\u00edtica, Sociedad, Deporte, Cultura y todo el contenido de inter\u00e9s general que la gente del pueblo y la regi\u00f3n debe conocer.\" \/>\n<meta name=\"robots\" content=\"index, follow, max-snippet:-1, max-image-preview:large, max-video-preview:-1\" \/>\n<link rel=\"canonical\" href=\"https:\/\/www.celttv.com.ar\/index.php\/2021\/12\/13\/reparacion-de-la-ruta-76-final-de-un-reclamo-historico\/\" \/>\n<meta property=\"og:locale\" content=\"es_ES\" \/>\n<meta property=\"og:type\" content=\"article\" \/>\n<meta property=\"og:title\" content=\"Reparaci\u00f3n de la Ruta 76: final de un reclamo hist\u00f3rico? - CELTTV\" \/>\n<meta property=\"og:description\" content=\"Sitio web de noticias de la localidad de Tornquist, provincia de Buenos Aires, Rep\u00fablica Argentina. Contenido propio originado por periodistas de CELTTV, el canal de TV local de la Cooperativa El\u00e9ctrica de Tornquist. Turismo, Pol\u00edtica, Sociedad, Deporte, Cultura y todo el contenido de inter\u00e9s general que la gente del pueblo y la regi\u00f3n debe conocer.\" \/>\n<meta property=\"og:url\" content=\"https:\/\/www.celttv.com.ar\/index.php\/2021\/12\/13\/reparacion-de-la-ruta-76-final-de-un-reclamo-historico\/\" \/>\n<meta property=\"og:site_name\" content=\"CELTTV\" \/>\n<meta property=\"article:publisher\" content=\"https:\/\/www.facebook.com\/celtTV\/\" \/>\n<meta property=\"article:published_time\" content=\"2021-12-13T21:26:12+00:00\" \/>\n<meta property=\"og:image\" content=\"https:\/\/www.celttv.com.ar\/wp-content\/uploads\/2021\/12\/ruta-76-sierra-de-la-ventana-1-log.jpg\" \/>\n\t<meta property=\"og:image:width\" content=\"1400\" \/>\n\t<meta property=\"og:image:height\" content=\"986\" \/>\n\t<meta property=\"og:image:type\" content=\"image\/jpeg\" \/>\n<meta name=\"author\" content=\"ulises\" \/>\n<meta name=\"twitter:card\" content=\"summary_large_image\" \/>\n<meta name=\"twitter:label1\" content=\"Escrito por\" \/>\n\t<meta name=\"twitter:data1\" content=\"ulises\" \/>\n\t<meta name=\"twitter:label2\" content=\"Tiempo de lectura\" \/>\n\t<meta name=\"twitter:data2\" content=\"2 minutos\" \/>\n<script type=\"application\/ld+json\" class=\"yoast-schema-graph\">{\"@context\":\"https:\/\/schema.org\",\"@graph\":[{\"@type\":\"NewsArticle\",\"@id\":\"https:\/\/www.celttv.com.ar\/index.php\/2021\/12\/13\/reparacion-de-la-ruta-76-final-de-un-reclamo-historico\/#article\",\"isPartOf\":{\"@id\":\"https:\/\/www.celttv.com.ar\/index.php\/2021\/12\/13\/reparacion-de-la-ruta-76-final-de-un-reclamo-historico\/\"},\"author\":{\"name\":\"ulises\",\"@id\":\"https:\/\/www.celttv.com.ar\/#\/schema\/person\/6d99c072dba59953809c81446e9d0ace\"},\"headline\":\"Reparaci\u00f3n de la Ruta 76: final de un reclamo hist\u00f3rico?\",\"datePublished\":\"2021-12-13T21:26:12+00:00\",\"dateModified\":\"2021-12-13T21:26:12+00:00\",\"mainEntityOfPage\":{\"@id\":\"https:\/\/www.celttv.com.ar\/index.php\/2021\/12\/13\/reparacion-de-la-ruta-76-final-de-un-reclamo-historico\/\"},\"wordCount\":463,\"publisher\":{\"@id\":\"https:\/\/www.celttv.com.ar\/#organization\"},\"articleSection\":[\"Comunidad\",\"Destacadas\",\"Producci\u00f3n y Medio Ambiente\",\"Turismo\"],\"inLanguage\":\"es\"},{\"@type\":\"WebPage\",\"@id\":\"https:\/\/www.celttv.com.ar\/index.php\/2021\/12\/13\/reparacion-de-la-ruta-76-final-de-un-reclamo-historico\/\",\"url\":\"https:\/\/www.celttv.com.ar\/index.php\/2021\/12\/13\/reparacion-de-la-ruta-76-final-de-un-reclamo-historico\/\",\"name\":\"Reparaci\u00f3n de la Ruta 76: final de un reclamo hist\u00f3rico? - CELTTV\",\"isPartOf\":{\"@id\":\"https:\/\/www.celttv.com.ar\/#website\"},\"datePublished\":\"2021-12-13T21:26:12+00:00\",\"dateModified\":\"2021-12-13T21:26:12+00:00\",\"description\":\"Sitio web de noticias de la localidad de Tornquist, provincia de Buenos Aires, Rep\u00fablica Argentina. Contenido propio originado por periodistas de CELTTV, el canal de TV local de la Cooperativa El\u00e9ctrica de Tornquist. Turismo, Pol\u00edtica, Sociedad, Deporte, Cultura y todo el contenido de inter\u00e9s general que la gente del pueblo y la regi\u00f3n debe conocer.\",\"breadcrumb\":{\"@id\":\"https:\/\/www.celttv.com.ar\/index.php\/2021\/12\/13\/reparacion-de-la-ruta-76-final-de-un-reclamo-historico\/#breadcrumb\"},\"inLanguage\":\"es\",\"potentialAction\":[{\"@type\":\"ReadAction\",\"target\":[\"https:\/\/www.celttv.com.ar\/index.php\/2021\/12\/13\/reparacion-de-la-ruta-76-final-de-un-reclamo-historico\/\"]}]},{\"@type\":\"BreadcrumbList\",\"@id\":\"https:\/\/www.celttv.com.ar\/index.php\/2021\/12\/13\/reparacion-de-la-ruta-76-final-de-un-reclamo-historico\/#breadcrumb\",\"itemListElement\":[{\"@type\":\"ListItem\",\"position\":1,\"name\":\"Inicio\",\"item\":\"https:\/\/www.celttv.com.ar\/\"},{\"@type\":\"ListItem\",\"position\":2,\"name\":\"Reparaci\u00f3n de la Ruta 76: final de un reclamo hist\u00f3rico?\"}]},{\"@type\":\"WebSite\",\"@id\":\"https:\/\/www.celttv.com.ar\/#website\",\"url\":\"https:\/\/www.celttv.com.ar\/\",\"name\":\"CELTTV\",\"description\":\"Cooperativa El\u00e9ctrica de Tornquist\",\"publisher\":{\"@id\":\"https:\/\/www.celttv.com.ar\/#organization\"},\"potentialAction\":[{\"@type\":\"SearchAction\",\"target\":{\"@type\":\"EntryPoint\",\"urlTemplate\":\"https:\/\/www.celttv.com.ar\/?s={search_term_string}\"},\"query-input\":\"required name=search_term_string\"}],\"inLanguage\":\"es\"},{\"@type\":\"Organization\",\"@id\":\"https:\/\/www.celttv.com.ar\/#organization\",\"name\":\"CELTTV\",\"url\":\"https:\/\/www.celttv.com.ar\/\",\"sameAs\":[\"https:\/\/www.youtube.com\/channel\/UCz_oIt8Hig64Ub-EmcNPIhg\",\"https:\/\/www.facebook.com\/celtTV\/\"],\"logo\":{\"@type\":\"ImageObject\",\"inLanguage\":\"es\",\"@id\":\"https:\/\/www.celttv.com.ar\/#\/schema\/logo\/image\/\",\"url\":\"http:\/\/www.celttv.com.ar\/wp-content\/uploads\/2022\/08\/logo-1.png\",\"contentUrl\":\"http:\/\/www.celttv.com.ar\/wp-content\/uploads\/2022\/08\/logo-1.png\",\"width\":461,\"height\":159,\"caption\":\"CELTTV\"},\"image\":{\"@id\":\"https:\/\/www.celttv.com.ar\/#\/schema\/logo\/image\/\"}},{\"@type\":\"Person\",\"@id\":\"https:\/\/www.celttv.com.ar\/#\/schema\/person\/6d99c072dba59953809c81446e9d0ace\",\"name\":\"ulises\",\"image\":{\"@type\":\"ImageObject\",\"inLanguage\":\"es\",\"@id\":\"https:\/\/www.celttv.com.ar\/#\/schema\/person\/image\/\",\"url\":\"https:\/\/secure.gravatar.com\/avatar\/7f2c48bdc33b30088f941fb6082e555f2874c98e20cb159d7b92b50eadfce793?s=96&d=mm&r=g\",\"contentUrl\":\"https:\/\/secure.gravatar.com\/avatar\/7f2c48bdc33b30088f941fb6082e555f2874c98e20cb159d7b92b50eadfce793?s=96&d=mm&r=g\",\"caption\":\"ulises\"},\"sameAs\":[\"http:\/\/www.celttv.com.ar\"]}]}<\/script>\n<!-- \/ Yoast SEO plugin. -->","yoast_head_json":{"title":"Reparaci\u00f3n de la Ruta 76: final de un reclamo hist\u00f3rico? - CELTTV","description":"Sitio web de noticias de la localidad de Tornquist, provincia de Buenos Aires, Rep\u00fablica Argentina. Contenido propio originado por periodistas de CELTTV, el canal de TV local de la Cooperativa El\u00e9ctrica de Tornquist. Turismo, Pol\u00edtica, Sociedad, Deporte, Cultura y todo el contenido de inter\u00e9s general que la gente del pueblo y la regi\u00f3n debe conocer.","robots":{"index":"index","follow":"follow","max-snippet":"max-snippet:-1","max-image-preview":"max-image-preview:large","max-video-preview":"max-video-preview:-1"},"canonical":"https:\/\/www.celttv.com.ar\/index.php\/2021\/12\/13\/reparacion-de-la-ruta-76-final-de-un-reclamo-historico\/","og_locale":"es_ES","og_type":"article","og_title":"Reparaci\u00f3n de la Ruta 76: final de un reclamo hist\u00f3rico? - CELTTV","og_description":"Sitio web de noticias de la localidad de Tornquist, provincia de Buenos Aires, Rep\u00fablica Argentina. Contenido propio originado por periodistas de CELTTV, el canal de TV local de la Cooperativa El\u00e9ctrica de Tornquist. Turismo, Pol\u00edtica, Sociedad, Deporte, Cultura y todo el contenido de inter\u00e9s general que la gente del pueblo y la regi\u00f3n debe conocer.","og_url":"https:\/\/www.celttv.com.ar\/index.php\/2021\/12\/13\/reparacion-de-la-ruta-76-final-de-un-reclamo-historico\/","og_site_name":"CELTTV","article_publisher":"https:\/\/www.facebook.com\/celtTV\/","article_published_time":"2021-12-13T21:26:12+00:00","og_image":[{"width":1400,"height":986,"url":"https:\/\/www.celttv.com.ar\/wp-content\/uploads\/2021\/12\/ruta-76-sierra-de-la-ventana-1-log.jpg","type":"image\/jpeg"}],"author":"ulises","twitter_card":"summary_large_image","twitter_misc":{"Escrito por":"ulises","Tiempo de lectura":"2 minutos"},"schema":{"@context":"https:\/\/schema.org","@graph":[{"@type":"NewsArticle","@id":"https:\/\/www.celttv.com.ar\/index.php\/2021\/12\/13\/reparacion-de-la-ruta-76-final-de-un-reclamo-historico\/#article","isPartOf":{"@id":"https:\/\/www.celttv.com.ar\/index.php\/2021\/12\/13\/reparacion-de-la-ruta-76-final-de-un-reclamo-historico\/"},"author":{"name":"ulises","@id":"https:\/\/www.celttv.com.ar\/#\/schema\/person\/6d99c072dba59953809c81446e9d0ace"},"headline":"Reparaci\u00f3n de la Ruta 76: final de un reclamo hist\u00f3rico?","datePublished":"2021-12-13T21:26:12+00:00","dateModified":"2021-12-13T21:26:12+00:00","mainEntityOfPage":{"@id":"https:\/\/www.celttv.com.ar\/index.php\/2021\/12\/13\/reparacion-de-la-ruta-76-final-de-un-reclamo-historico\/"},"wordCount":463,"publisher":{"@id":"https:\/\/www.celttv.com.ar\/#organization"},"articleSection":["Comunidad","Destacadas","Producci\u00f3n y Medio Ambiente","Turismo"],"inLanguage":"es"},{"@type":"WebPage","@id":"https:\/\/www.celttv.com.ar\/index.php\/2021\/12\/13\/reparacion-de-la-ruta-76-final-de-un-reclamo-historico\/","url":"https:\/\/www.celttv.com.ar\/index.php\/2021\/12\/13\/reparacion-de-la-ruta-76-final-de-un-reclamo-historico\/","name":"Reparaci\u00f3n de la Ruta 76: final de un reclamo hist\u00f3rico? - CELTTV","isPartOf":{"@id":"https:\/\/www.celttv.com.ar\/#website"},"datePublished":"2021-12-13T21:26:12+00:00","dateModified":"2021-12-13T21:26:12+00:00","description":"Sitio web de noticias de la localidad de Tornquist, provincia de Buenos Aires, Rep\u00fablica Argentina. Contenido propio originado por periodistas de CELTTV, el canal de TV local de la Cooperativa El\u00e9ctrica de Tornquist. Turismo, Pol\u00edtica, Sociedad, Deporte, Cultura y todo el contenido de inter\u00e9s general que la gente del pueblo y la regi\u00f3n debe conocer.","breadcrumb":{"@id":"https:\/\/www.celttv.com.ar\/index.php\/2021\/12\/13\/reparacion-de-la-ruta-76-final-de-un-reclamo-historico\/#breadcrumb"},"inLanguage":"es","potentialAction":[{"@type":"ReadAction","target":["https:\/\/www.celttv.com.ar\/index.php\/2021\/12\/13\/reparacion-de-la-ruta-76-final-de-un-reclamo-historico\/"]}]},{"@type":"BreadcrumbList","@id":"https:\/\/www.celttv.com.ar\/index.php\/2021\/12\/13\/reparacion-de-la-ruta-76-final-de-un-reclamo-historico\/#breadcrumb","itemListElement":[{"@type":"ListItem","position":1,"name":"Inicio","item":"https:\/\/www.celttv.com.ar\/"},{"@type":"ListItem","position":2,"name":"Reparaci\u00f3n de la Ruta 76: final de un reclamo hist\u00f3rico?"}]},{"@type":"WebSite","@id":"https:\/\/www.celttv.com.ar\/#website","url":"https:\/\/www.celttv.com.ar\/","name":"CELTTV","description":"Cooperativa El\u00e9ctrica de Tornquist","publisher":{"@id":"https:\/\/www.celttv.com.ar\/#organization"},"potentialAction":[{"@type":"SearchAction","target":{"@type":"EntryPoint","urlTemplate":"https:\/\/www.celttv.com.ar\/?s={search_term_string}"},"query-input":"required name=search_term_string"}],"inLanguage":"es"},{"@type":"Organization","@id":"https:\/\/www.celttv.com.ar\/#organization","name":"CELTTV","url":"https:\/\/www.celttv.com.ar\/","sameAs":["https:\/\/www.youtube.com\/channel\/UCz_oIt8Hig64Ub-EmcNPIhg","https:\/\/www.facebook.com\/celtTV\/"],"logo":{"@type":"ImageObject","inLanguage":"es","@id":"https:\/\/www.celttv.com.ar\/#\/schema\/logo\/image\/","url":"http:\/\/www.celttv.com.ar\/wp-content\/uploads\/2022\/08\/logo-1.png","contentUrl":"http:\/\/www.celttv.com.ar\/wp-content\/uploads\/2022\/08\/logo-1.png","width":461,"height":159,"caption":"CELTTV"},"image":{"@id":"https:\/\/www.celttv.com.ar\/#\/schema\/logo\/image\/"}},{"@type":"Person","@id":"https:\/\/www.celttv.com.ar\/#\/schema\/person\/6d99c072dba59953809c81446e9d0ace","name":"ulises","image":{"@type":"ImageObject","inLanguage":"es","@id":"https:\/\/www.celttv.com.ar\/#\/schema\/person\/image\/","url":"https:\/\/secure.gravatar.com\/avatar\/7f2c48bdc33b30088f941fb6082e555f2874c98e20cb159d7b92b50eadfce793?s=96&d=mm&r=g","contentUrl":"https:\/\/secure.gravatar.com\/avatar\/7f2c48bdc33b30088f941fb6082e555f2874c98e20cb159d7b92b50eadfce793?s=96&d=mm&r=g","caption":"ulises"},"sameAs":["http:\/\/www.celttv.com.ar"]}]}},"_links":{"self":[{"href":"https:\/\/www.celttv.com.ar\/index.php\/wp-json\/wp\/v2\/posts\/62467","targetHints":{"allow":["GET"]}}],"collection":[{"href":"https:\/\/www.celttv.com.ar\/index.php\/wp-json\/wp\/v2\/posts"}],"about":[{"href":"https:\/\/www.celttv.com.ar\/index.php\/wp-json\/wp\/v2\/types\/post"}],"author":[{"embeddable":true,"href":"https:\/\/www.celttv.com.ar\/index.php\/wp-json\/wp\/v2\/users\/1"}],"replies":[{"embeddable":true,"href":"https:\/\/www.celttv.com.ar\/index.php\/wp-json\/wp\/v2\/comments?post=62467"}],"version-history":[{"count":0,"href":"https:\/\/www.celttv.com.ar\/index.php\/wp-json\/wp\/v2\/posts\/62467\/revisions"}],"wp:featuredmedia":[{"embeddable":true,"href":"https:\/\/www.celttv.com.ar\/index.php\/wp-json\/wp\/v2\/media\/62468"}],"wp:attachment":[{"href":"https:\/\/www.celttv.com.ar\/index.php\/wp-json\/wp\/v2\/media?parent=62467"}],"wp:term":[{"taxonomy":"category","embeddable":true,"href":"https:\/\/www.celttv.com.ar\/index.php\/wp-json\/wp\/v2\/categories?post=62467"},{"taxonomy":"post_tag","embeddable":true,"href":"https:\/\/www.celttv.com.ar\/index.php\/wp-json\/wp\/v2\/tags?post=62467"}],"curies":[{"name":"wp","href":"https:\/\/api.w.org\/{rel}","templated":true}]}}