{"id":62475,"date":"2021-12-14T00:30:27","date_gmt":"2021-12-14T00:30:27","guid":{"rendered":"http:\/\/www.celttv.com.ar\/?p=62475"},"modified":"2021-12-14T00:30:27","modified_gmt":"2021-12-14T00:30:27","slug":"a-partir-del-martes-14-no-dejar-autos-estacionados-sobre-newbery-entre-lavalle-y-12-de-octubre","status":"publish","type":"post","link":"https:\/\/www.celttv.com.ar\/index.php\/2021\/12\/14\/a-partir-del-martes-14-no-dejar-autos-estacionados-sobre-newbery-entre-lavalle-y-12-de-octubre\/","title":{"rendered":"A partir del martes 14: No dejar autos estacionados sobre Newbery entre Lavalle y 12 de Octubre"},"content":{"rendered":"\n<p>El pr\u00f3ximo martes 22, la Secretar\u00eda de Obras y Servicios P\u00fablicos continuar\u00e1con los trabajos de movimientos de suelo sobre la calle J. Newbert de Tornquist, entre Lavalle y 12 Octubre.<\/p>\n\n\n\n<p>En ese sentido, solicita a los vecinos no dejar autos estacionados sobre la calzada desde la mencionada fecha y hasta que concluyan las tareas, con el fin de llevar adelante los trabajos sin inconvenientes.<\/p>\n\n\n\n<p>Las tareas se encuentran enmarcadas en la obra de pavimento que tiene previsto iniciarse en los pr\u00f3ximos d\u00edas.<\/p>\n\n\n\n<figure class=\"wp-block-image size-large\"><img loading=\"lazy\" decoding=\"async\" width=\"768\" height=\"1024\" src=\"http:\/\/www.celttv.com.ar\/wp-content\/uploads\/2021\/12\/WhatsApp-Image-2021-12-13-at-17.39.58-768x1024.jpeg\" alt=\"\" class=\"wp-image-62476\" srcset=\"https:\/\/www.celttv.com.ar\/wp-content\/uploads\/2021\/12\/WhatsApp-Image-2021-12-13-at-17.39.58-768x1024.jpeg 768w, https:\/\/www.celttv.com.ar\/wp-content\/uploads\/2021\/12\/WhatsApp-Image-2021-12-13-at-17.39.58-225x300.jpeg 225w, https:\/\/www.celttv.com.ar\/wp-content\/uploads\/2021\/12\/WhatsApp-Image-2021-12-13-at-17.39.58-1152x1536.jpeg 1152w, https:\/\/www.celttv.com.ar\/wp-content\/uploads\/2021\/12\/WhatsApp-Image-2021-12-13-at-17.39.58-750x1000.jpeg 750w, https:\/\/www.celttv.com.ar\/wp-content\/uploads\/2021\/12\/WhatsApp-Image-2021-12-13-at-17.39.58-1140x1520.jpeg 1140w, https:\/\/www.celttv.com.ar\/wp-content\/uploads\/2021\/12\/WhatsApp-Image-2021-12-13-at-17.39.58.jpeg 1200w\" sizes=\"auto, (max-width: 768px) 100vw, 768px\" \/><\/figure>\n","protected":false},"excerpt":{"rendered":"<p>El pr\u00f3ximo martes 22, la Secretar\u00eda de Obras y Servicios P\u00fablicos continuar\u00e1con los trabajos de movimientos de suelo sobre la calle J. Newbert de Tornquist, entre Lavalle y 12 Octubre. En ese sentido, solicita a los vecinos no dejar autos estacionados sobre la calzada desde la mencionada fecha y hasta que concluyan las tareas, con [&hellip;]<\/p>\n","protected":false},"author":1,"featured_media":62476,"comment_status":"closed","ping_status":"open","sticky":false,"template":"","format":"standard","meta":{"footnotes":""},"categories":[51,52,59],"tags":[],"class_list":["post-62475","post","type-post","status-publish","format-standard","has-post-thumbnail","hentry","category-comunidad","category-destacadas","category-municipales"],"yoast_head":"<!-- This site is optimized with the Yoast SEO plugin v19.7.1 - https:\/\/yoast.com\/wordpress\/plugins\/seo\/ -->\n<title>A partir del martes 14: No dejar autos estacionados sobre Newbery entre Lavalle y 12 de Octubre - CELTTV<\/title>\n<meta name=\"description\" content=\"Sitio web de noticias de la localidad de Tornquist, provincia de Buenos Aires, Rep\u00fablica Argentina. Contenido propio originado por periodistas de CELTTV, el canal de TV local de la Cooperativa El\u00e9ctrica de Tornquist. Turismo, Pol\u00edtica, Sociedad, Deporte, Cultura y todo el contenido de inter\u00e9s general que la gente del pueblo y la regi\u00f3n debe conocer.\" \/>\n<meta name=\"robots\" content=\"index, follow, max-snippet:-1, max-image-preview:large, max-video-preview:-1\" \/>\n<link rel=\"canonical\" href=\"https:\/\/www.celttv.com.ar\/index.php\/2021\/12\/14\/a-partir-del-martes-14-no-dejar-autos-estacionados-sobre-newbery-entre-lavalle-y-12-de-octubre\/\" \/>\n<meta property=\"og:locale\" content=\"es_ES\" \/>\n<meta property=\"og:type\" content=\"article\" \/>\n<meta property=\"og:title\" content=\"A partir del martes 14: No dejar autos estacionados sobre Newbery entre Lavalle y 12 de Octubre - CELTTV\" \/>\n<meta property=\"og:description\" content=\"Sitio web de noticias de la localidad de Tornquist, provincia de Buenos Aires, Rep\u00fablica Argentina. Contenido propio originado por periodistas de CELTTV, el canal de TV local de la Cooperativa El\u00e9ctrica de Tornquist. Turismo, Pol\u00edtica, Sociedad, Deporte, Cultura y todo el contenido de inter\u00e9s general que la gente del pueblo y la regi\u00f3n debe conocer.\" \/>\n<meta property=\"og:url\" content=\"https:\/\/www.celttv.com.ar\/index.php\/2021\/12\/14\/a-partir-del-martes-14-no-dejar-autos-estacionados-sobre-newbery-entre-lavalle-y-12-de-octubre\/\" \/>\n<meta property=\"og:site_name\" content=\"CELTTV\" \/>\n<meta property=\"article:publisher\" content=\"https:\/\/www.facebook.com\/celtTV\/\" \/>\n<meta property=\"article:published_time\" content=\"2021-12-14T00:30:27+00:00\" \/>\n<meta property=\"og:image\" content=\"https:\/\/www.celttv.com.ar\/wp-content\/uploads\/2021\/12\/WhatsApp-Image-2021-12-13-at-17.39.58.jpeg\" \/>\n\t<meta property=\"og:image:width\" content=\"1200\" \/>\n\t<meta property=\"og:image:height\" content=\"1600\" \/>\n\t<meta property=\"og:image:type\" content=\"image\/jpeg\" \/>\n<meta name=\"author\" content=\"ulises\" \/>\n<meta name=\"twitter:card\" content=\"summary_large_image\" \/>\n<meta name=\"twitter:label1\" content=\"Escrito por\" \/>\n\t<meta name=\"twitter:data1\" content=\"ulises\" \/>\n<script type=\"application\/ld+json\" class=\"yoast-schema-graph\">{\"@context\":\"https:\/\/schema.org\",\"@graph\":[{\"@type\":\"NewsArticle\",\"@id\":\"https:\/\/www.celttv.com.ar\/index.php\/2021\/12\/14\/a-partir-del-martes-14-no-dejar-autos-estacionados-sobre-newbery-entre-lavalle-y-12-de-octubre\/#article\",\"isPartOf\":{\"@id\":\"https:\/\/www.celttv.com.ar\/index.php\/2021\/12\/14\/a-partir-del-martes-14-no-dejar-autos-estacionados-sobre-newbery-entre-lavalle-y-12-de-octubre\/\"},\"author\":{\"name\":\"ulises\",\"@id\":\"https:\/\/www.celttv.com.ar\/#\/schema\/person\/6d99c072dba59953809c81446e9d0ace\"},\"headline\":\"A partir del martes 14: No dejar autos estacionados sobre Newbery entre Lavalle y 12 de Octubre\",\"datePublished\":\"2021-12-14T00:30:27+00:00\",\"dateModified\":\"2021-12-14T00:30:27+00:00\",\"mainEntityOfPage\":{\"@id\":\"https:\/\/www.celttv.com.ar\/index.php\/2021\/12\/14\/a-partir-del-martes-14-no-dejar-autos-estacionados-sobre-newbery-entre-lavalle-y-12-de-octubre\/\"},\"wordCount\":101,\"publisher\":{\"@id\":\"https:\/\/www.celttv.com.ar\/#organization\"},\"articleSection\":[\"Comunidad\",\"Destacadas\",\"Municipales\"],\"inLanguage\":\"es\"},{\"@type\":\"WebPage\",\"@id\":\"https:\/\/www.celttv.com.ar\/index.php\/2021\/12\/14\/a-partir-del-martes-14-no-dejar-autos-estacionados-sobre-newbery-entre-lavalle-y-12-de-octubre\/\",\"url\":\"https:\/\/www.celttv.com.ar\/index.php\/2021\/12\/14\/a-partir-del-martes-14-no-dejar-autos-estacionados-sobre-newbery-entre-lavalle-y-12-de-octubre\/\",\"name\":\"A partir del martes 14: No dejar autos estacionados sobre Newbery entre Lavalle y 12 de Octubre - CELTTV\",\"isPartOf\":{\"@id\":\"https:\/\/www.celttv.com.ar\/#website\"},\"datePublished\":\"2021-12-14T00:30:27+00:00\",\"dateModified\":\"2021-12-14T00:30:27+00:00\",\"description\":\"Sitio web de noticias de la localidad de Tornquist, provincia de Buenos Aires, Rep\u00fablica Argentina. Contenido propio originado por periodistas de CELTTV, el canal de TV local de la Cooperativa El\u00e9ctrica de Tornquist. Turismo, Pol\u00edtica, Sociedad, Deporte, Cultura y todo el contenido de inter\u00e9s general que la gente del pueblo y la regi\u00f3n debe conocer.\",\"breadcrumb\":{\"@id\":\"https:\/\/www.celttv.com.ar\/index.php\/2021\/12\/14\/a-partir-del-martes-14-no-dejar-autos-estacionados-sobre-newbery-entre-lavalle-y-12-de-octubre\/#breadcrumb\"},\"inLanguage\":\"es\",\"potentialAction\":[{\"@type\":\"ReadAction\",\"target\":[\"https:\/\/www.celttv.com.ar\/index.php\/2021\/12\/14\/a-partir-del-martes-14-no-dejar-autos-estacionados-sobre-newbery-entre-lavalle-y-12-de-octubre\/\"]}]},{\"@type\":\"BreadcrumbList\",\"@id\":\"https:\/\/www.celttv.com.ar\/index.php\/2021\/12\/14\/a-partir-del-martes-14-no-dejar-autos-estacionados-sobre-newbery-entre-lavalle-y-12-de-octubre\/#breadcrumb\",\"itemListElement\":[{\"@type\":\"ListItem\",\"position\":1,\"name\":\"Inicio\",\"item\":\"https:\/\/www.celttv.com.ar\/\"},{\"@type\":\"ListItem\",\"position\":2,\"name\":\"A partir del martes 14: No dejar autos estacionados sobre Newbery entre Lavalle y 12 de Octubre\"}]},{\"@type\":\"WebSite\",\"@id\":\"https:\/\/www.celttv.com.ar\/#website\",\"url\":\"https:\/\/www.celttv.com.ar\/\",\"name\":\"CELTTV\",\"description\":\"Cooperativa El\u00e9ctrica de Tornquist\",\"publisher\":{\"@id\":\"https:\/\/www.celttv.com.ar\/#organization\"},\"potentialAction\":[{\"@type\":\"SearchAction\",\"target\":{\"@type\":\"EntryPoint\",\"urlTemplate\":\"https:\/\/www.celttv.com.ar\/?s={search_term_string}\"},\"query-input\":\"required name=search_term_string\"}],\"inLanguage\":\"es\"},{\"@type\":\"Organization\",\"@id\":\"https:\/\/www.celttv.com.ar\/#organization\",\"name\":\"CELTTV\",\"url\":\"https:\/\/www.celttv.com.ar\/\",\"sameAs\":[\"https:\/\/www.youtube.com\/channel\/UCz_oIt8Hig64Ub-EmcNPIhg\",\"https:\/\/www.facebook.com\/celtTV\/\"],\"logo\":{\"@type\":\"ImageObject\",\"inLanguage\":\"es\",\"@id\":\"https:\/\/www.celttv.com.ar\/#\/schema\/logo\/image\/\",\"url\":\"http:\/\/www.celttv.com.ar\/wp-content\/uploads\/2022\/08\/logo-1.png\",\"contentUrl\":\"http:\/\/www.celttv.com.ar\/wp-content\/uploads\/2022\/08\/logo-1.png\",\"width\":461,\"height\":159,\"caption\":\"CELTTV\"},\"image\":{\"@id\":\"https:\/\/www.celttv.com.ar\/#\/schema\/logo\/image\/\"}},{\"@type\":\"Person\",\"@id\":\"https:\/\/www.celttv.com.ar\/#\/schema\/person\/6d99c072dba59953809c81446e9d0ace\",\"name\":\"ulises\",\"image\":{\"@type\":\"ImageObject\",\"inLanguage\":\"es\",\"@id\":\"https:\/\/www.celttv.com.ar\/#\/schema\/person\/image\/\",\"url\":\"https:\/\/secure.gravatar.com\/avatar\/7f2c48bdc33b30088f941fb6082e555f2874c98e20cb159d7b92b50eadfce793?s=96&d=mm&r=g\",\"contentUrl\":\"https:\/\/secure.gravatar.com\/avatar\/7f2c48bdc33b30088f941fb6082e555f2874c98e20cb159d7b92b50eadfce793?s=96&d=mm&r=g\",\"caption\":\"ulises\"},\"sameAs\":[\"http:\/\/www.celttv.com.ar\"]}]}<\/script>\n<!-- \/ Yoast SEO plugin. -->","yoast_head_json":{"title":"A partir del martes 14: No dejar autos estacionados sobre Newbery entre Lavalle y 12 de Octubre - CELTTV","description":"Sitio web de noticias de la localidad de Tornquist, provincia de Buenos Aires, Rep\u00fablica Argentina. Contenido propio originado por periodistas de CELTTV, el canal de TV local de la Cooperativa El\u00e9ctrica de Tornquist. Turismo, Pol\u00edtica, Sociedad, Deporte, Cultura y todo el contenido de inter\u00e9s general que la gente del pueblo y la regi\u00f3n debe conocer.","robots":{"index":"index","follow":"follow","max-snippet":"max-snippet:-1","max-image-preview":"max-image-preview:large","max-video-preview":"max-video-preview:-1"},"canonical":"https:\/\/www.celttv.com.ar\/index.php\/2021\/12\/14\/a-partir-del-martes-14-no-dejar-autos-estacionados-sobre-newbery-entre-lavalle-y-12-de-octubre\/","og_locale":"es_ES","og_type":"article","og_title":"A partir del martes 14: No dejar autos estacionados sobre Newbery entre Lavalle y 12 de Octubre - CELTTV","og_description":"Sitio web de noticias de la localidad de Tornquist, provincia de Buenos Aires, Rep\u00fablica Argentina. Contenido propio originado por periodistas de CELTTV, el canal de TV local de la Cooperativa El\u00e9ctrica de Tornquist. Turismo, Pol\u00edtica, Sociedad, Deporte, Cultura y todo el contenido de inter\u00e9s general que la gente del pueblo y la regi\u00f3n debe conocer.","og_url":"https:\/\/www.celttv.com.ar\/index.php\/2021\/12\/14\/a-partir-del-martes-14-no-dejar-autos-estacionados-sobre-newbery-entre-lavalle-y-12-de-octubre\/","og_site_name":"CELTTV","article_publisher":"https:\/\/www.facebook.com\/celtTV\/","article_published_time":"2021-12-14T00:30:27+00:00","og_image":[{"width":1200,"height":1600,"url":"https:\/\/www.celttv.com.ar\/wp-content\/uploads\/2021\/12\/WhatsApp-Image-2021-12-13-at-17.39.58.jpeg","type":"image\/jpeg"}],"author":"ulises","twitter_card":"summary_large_image","twitter_misc":{"Escrito por":"ulises"},"schema":{"@context":"https:\/\/schema.org","@graph":[{"@type":"NewsArticle","@id":"https:\/\/www.celttv.com.ar\/index.php\/2021\/12\/14\/a-partir-del-martes-14-no-dejar-autos-estacionados-sobre-newbery-entre-lavalle-y-12-de-octubre\/#article","isPartOf":{"@id":"https:\/\/www.celttv.com.ar\/index.php\/2021\/12\/14\/a-partir-del-martes-14-no-dejar-autos-estacionados-sobre-newbery-entre-lavalle-y-12-de-octubre\/"},"author":{"name":"ulises","@id":"https:\/\/www.celttv.com.ar\/#\/schema\/person\/6d99c072dba59953809c81446e9d0ace"},"headline":"A partir del martes 14: No dejar autos estacionados sobre Newbery entre Lavalle y 12 de Octubre","datePublished":"2021-12-14T00:30:27+00:00","dateModified":"2021-12-14T00:30:27+00:00","mainEntityOfPage":{"@id":"https:\/\/www.celttv.com.ar\/index.php\/2021\/12\/14\/a-partir-del-martes-14-no-dejar-autos-estacionados-sobre-newbery-entre-lavalle-y-12-de-octubre\/"},"wordCount":101,"publisher":{"@id":"https:\/\/www.celttv.com.ar\/#organization"},"articleSection":["Comunidad","Destacadas","Municipales"],"inLanguage":"es"},{"@type":"WebPage","@id":"https:\/\/www.celttv.com.ar\/index.php\/2021\/12\/14\/a-partir-del-martes-14-no-dejar-autos-estacionados-sobre-newbery-entre-lavalle-y-12-de-octubre\/","url":"https:\/\/www.celttv.com.ar\/index.php\/2021\/12\/14\/a-partir-del-martes-14-no-dejar-autos-estacionados-sobre-newbery-entre-lavalle-y-12-de-octubre\/","name":"A partir del martes 14: No dejar autos estacionados sobre Newbery entre Lavalle y 12 de Octubre - CELTTV","isPartOf":{"@id":"https:\/\/www.celttv.com.ar\/#website"},"datePublished":"2021-12-14T00:30:27+00:00","dateModified":"2021-12-14T00:30:27+00:00","description":"Sitio web de noticias de la localidad de Tornquist, provincia de Buenos Aires, Rep\u00fablica Argentina. Contenido propio originado por periodistas de CELTTV, el canal de TV local de la Cooperativa El\u00e9ctrica de Tornquist. Turismo, Pol\u00edtica, Sociedad, Deporte, Cultura y todo el contenido de inter\u00e9s general que la gente del pueblo y la regi\u00f3n debe conocer.","breadcrumb":{"@id":"https:\/\/www.celttv.com.ar\/index.php\/2021\/12\/14\/a-partir-del-martes-14-no-dejar-autos-estacionados-sobre-newbery-entre-lavalle-y-12-de-octubre\/#breadcrumb"},"inLanguage":"es","potentialAction":[{"@type":"ReadAction","target":["https:\/\/www.celttv.com.ar\/index.php\/2021\/12\/14\/a-partir-del-martes-14-no-dejar-autos-estacionados-sobre-newbery-entre-lavalle-y-12-de-octubre\/"]}]},{"@type":"BreadcrumbList","@id":"https:\/\/www.celttv.com.ar\/index.php\/2021\/12\/14\/a-partir-del-martes-14-no-dejar-autos-estacionados-sobre-newbery-entre-lavalle-y-12-de-octubre\/#breadcrumb","itemListElement":[{"@type":"ListItem","position":1,"name":"Inicio","item":"https:\/\/www.celttv.com.ar\/"},{"@type":"ListItem","position":2,"name":"A partir del martes 14: No dejar autos estacionados sobre Newbery entre Lavalle y 12 de Octubre"}]},{"@type":"WebSite","@id":"https:\/\/www.celttv.com.ar\/#website","url":"https:\/\/www.celttv.com.ar\/","name":"CELTTV","description":"Cooperativa El\u00e9ctrica de Tornquist","publisher":{"@id":"https:\/\/www.celttv.com.ar\/#organization"},"potentialAction":[{"@type":"SearchAction","target":{"@type":"EntryPoint","urlTemplate":"https:\/\/www.celttv.com.ar\/?s={search_term_string}"},"query-input":"required name=search_term_string"}],"inLanguage":"es"},{"@type":"Organization","@id":"https:\/\/www.celttv.com.ar\/#organization","name":"CELTTV","url":"https:\/\/www.celttv.com.ar\/","sameAs":["https:\/\/www.youtube.com\/channel\/UCz_oIt8Hig64Ub-EmcNPIhg","https:\/\/www.facebook.com\/celtTV\/"],"logo":{"@type":"ImageObject","inLanguage":"es","@id":"https:\/\/www.celttv.com.ar\/#\/schema\/logo\/image\/","url":"http:\/\/www.celttv.com.ar\/wp-content\/uploads\/2022\/08\/logo-1.png","contentUrl":"http:\/\/www.celttv.com.ar\/wp-content\/uploads\/2022\/08\/logo-1.png","width":461,"height":159,"caption":"CELTTV"},"image":{"@id":"https:\/\/www.celttv.com.ar\/#\/schema\/logo\/image\/"}},{"@type":"Person","@id":"https:\/\/www.celttv.com.ar\/#\/schema\/person\/6d99c072dba59953809c81446e9d0ace","name":"ulises","image":{"@type":"ImageObject","inLanguage":"es","@id":"https:\/\/www.celttv.com.ar\/#\/schema\/person\/image\/","url":"https:\/\/secure.gravatar.com\/avatar\/7f2c48bdc33b30088f941fb6082e555f2874c98e20cb159d7b92b50eadfce793?s=96&d=mm&r=g","contentUrl":"https:\/\/secure.gravatar.com\/avatar\/7f2c48bdc33b30088f941fb6082e555f2874c98e20cb159d7b92b50eadfce793?s=96&d=mm&r=g","caption":"ulises"},"sameAs":["http:\/\/www.celttv.com.ar"]}]}},"_links":{"self":[{"href":"https:\/\/www.celttv.com.ar\/index.php\/wp-json\/wp\/v2\/posts\/62475","targetHints":{"allow":["GET"]}}],"collection":[{"href":"https:\/\/www.celttv.com.ar\/index.php\/wp-json\/wp\/v2\/posts"}],"about":[{"href":"https:\/\/www.celttv.com.ar\/index.php\/wp-json\/wp\/v2\/types\/post"}],"author":[{"embeddable":true,"href":"https:\/\/www.celttv.com.ar\/index.php\/wp-json\/wp\/v2\/users\/1"}],"replies":[{"embeddable":true,"href":"https:\/\/www.celttv.com.ar\/index.php\/wp-json\/wp\/v2\/comments?post=62475"}],"version-history":[{"count":0,"href":"https:\/\/www.celttv.com.ar\/index.php\/wp-json\/wp\/v2\/posts\/62475\/revisions"}],"wp:featuredmedia":[{"embeddable":true,"href":"https:\/\/www.celttv.com.ar\/index.php\/wp-json\/wp\/v2\/media\/62476"}],"wp:attachment":[{"href":"https:\/\/www.celttv.com.ar\/index.php\/wp-json\/wp\/v2\/media?parent=62475"}],"wp:term":[{"taxonomy":"category","embeddable":true,"href":"https:\/\/www.celttv.com.ar\/index.php\/wp-json\/wp\/v2\/categories?post=62475"},{"taxonomy":"post_tag","embeddable":true,"href":"https:\/\/www.celttv.com.ar\/index.php\/wp-json\/wp\/v2\/tags?post=62475"}],"curies":[{"name":"wp","href":"https:\/\/api.w.org\/{rel}","templated":true}]}}