{"id":62478,"date":"2021-12-14T00:50:43","date_gmt":"2021-12-14T00:50:43","guid":{"rendered":"http:\/\/www.celttv.com.ar\/?p=62478"},"modified":"2021-12-14T00:50:43","modified_gmt":"2021-12-14T00:50:43","slug":"saldungaray-ya-cuenta-con-un-corazon-solidario","status":"publish","type":"post","link":"https:\/\/www.celttv.com.ar\/index.php\/2021\/12\/14\/saldungaray-ya-cuenta-con-un-corazon-solidario\/","title":{"rendered":"Saldungaray ya cuenta con un Coraz\u00f3n Solidario"},"content":{"rendered":"\n<p>Este domingo qued\u00f3 inaugurado un Coraz\u00f3n Solidario en la plaza principal deSaldungaray, destinado a que los vecinos depositen all\u00ed tapitas pl\u00e1sticas para ser donadas al Hospital de Ni\u00f1os &#8220;Dr. Juan P. Garrahan&#8221;.<\/p>\n\n\n\n<p>La iniciativa fue llevada adelante en el marco de un proyecto de inclusi\u00f3n, entre la Escuela Especial 502, la Cooperativa 3 R y el municipio de Tornquist.<\/p>\n\n\n\n<p>Desde la Direcci\u00f3n de Medio Ambiente agradecen a los integrantes de la Cooperativa 3R, al Prof. de Carpinter\u00eda Eduardo Dimeglio, Carla Mart\u00edn, Daniel Torres y a la EEE N\u00b0 502.<\/p>\n\n\n\n<figure class=\"wp-block-gallery columns-3 is-cropped wp-block-gallery-1 is-layout-flex wp-block-gallery-is-layout-flex\"><ul class=\"blocks-gallery-grid\"><li class=\"blocks-gallery-item\"><figure><img loading=\"lazy\" decoding=\"async\" width=\"1024\" height=\"461\" src=\"http:\/\/www.celttv.com.ar\/wp-content\/uploads\/2021\/12\/Corazon-Solidario-Saldungaray-1-1024x461.jpeg\" alt=\"\" data-id=\"62479\" data-full-url=\"http:\/\/www.celttv.com.ar\/wp-content\/uploads\/2021\/12\/Corazon-Solidario-Saldungaray-1.jpeg\" data-link=\"http:\/\/www.celttv.com.ar\/?attachment_id=62479\" class=\"wp-image-62479\" srcset=\"https:\/\/www.celttv.com.ar\/wp-content\/uploads\/2021\/12\/Corazon-Solidario-Saldungaray-1-1024x461.jpeg 1024w, https:\/\/www.celttv.com.ar\/wp-content\/uploads\/2021\/12\/Corazon-Solidario-Saldungaray-1-300x135.jpeg 300w, https:\/\/www.celttv.com.ar\/wp-content\/uploads\/2021\/12\/Corazon-Solidario-Saldungaray-1-768x346.jpeg 768w, https:\/\/www.celttv.com.ar\/wp-content\/uploads\/2021\/12\/Corazon-Solidario-Saldungaray-1-1536x691.jpeg 1536w, https:\/\/www.celttv.com.ar\/wp-content\/uploads\/2021\/12\/Corazon-Solidario-Saldungaray-1-750x338.jpeg 750w, https:\/\/www.celttv.com.ar\/wp-content\/uploads\/2021\/12\/Corazon-Solidario-Saldungaray-1-1140x513.jpeg 1140w, https:\/\/www.celttv.com.ar\/wp-content\/uploads\/2021\/12\/Corazon-Solidario-Saldungaray-1.jpeg 1600w\" sizes=\"auto, (max-width: 1024px) 100vw, 1024px\" \/><\/figure><\/li><li class=\"blocks-gallery-item\"><figure><img loading=\"lazy\" decoding=\"async\" width=\"1024\" height=\"1024\" src=\"http:\/\/www.celttv.com.ar\/wp-content\/uploads\/2021\/12\/Corazon-Solidario-Saldungaray-2-1024x1024.jpeg\" alt=\"\" data-id=\"62480\" data-full-url=\"http:\/\/www.celttv.com.ar\/wp-content\/uploads\/2021\/12\/Corazon-Solidario-Saldungaray-2.jpeg\" data-link=\"http:\/\/www.celttv.com.ar\/?attachment_id=62480\" class=\"wp-image-62480\" srcset=\"https:\/\/www.celttv.com.ar\/wp-content\/uploads\/2021\/12\/Corazon-Solidario-Saldungaray-2-1024x1024.jpeg 1024w, https:\/\/www.celttv.com.ar\/wp-content\/uploads\/2021\/12\/Corazon-Solidario-Saldungaray-2-300x300.jpeg 300w, https:\/\/www.celttv.com.ar\/wp-content\/uploads\/2021\/12\/Corazon-Solidario-Saldungaray-2-150x150.jpeg 150w, https:\/\/www.celttv.com.ar\/wp-content\/uploads\/2021\/12\/Corazon-Solidario-Saldungaray-2-768x768.jpeg 768w, https:\/\/www.celttv.com.ar\/wp-content\/uploads\/2021\/12\/Corazon-Solidario-Saldungaray-2-75x75.jpeg 75w, https:\/\/www.celttv.com.ar\/wp-content\/uploads\/2021\/12\/Corazon-Solidario-Saldungaray-2-750x750.jpeg 750w, https:\/\/www.celttv.com.ar\/wp-content\/uploads\/2021\/12\/Corazon-Solidario-Saldungaray-2.jpeg 1080w\" sizes=\"auto, (max-width: 1024px) 100vw, 1024px\" \/><\/figure><\/li><li class=\"blocks-gallery-item\"><figure><img loading=\"lazy\" decoding=\"async\" width=\"900\" height=\"900\" src=\"http:\/\/www.celttv.com.ar\/wp-content\/uploads\/2021\/12\/Corazon-Solidario-Saldungaray-3.jpeg\" alt=\"\" data-id=\"62481\" data-full-url=\"http:\/\/www.celttv.com.ar\/wp-content\/uploads\/2021\/12\/Corazon-Solidario-Saldungaray-3.jpeg\" data-link=\"http:\/\/www.celttv.com.ar\/?attachment_id=62481\" class=\"wp-image-62481\" srcset=\"https:\/\/www.celttv.com.ar\/wp-content\/uploads\/2021\/12\/Corazon-Solidario-Saldungaray-3.jpeg 900w, https:\/\/www.celttv.com.ar\/wp-content\/uploads\/2021\/12\/Corazon-Solidario-Saldungaray-3-300x300.jpeg 300w, https:\/\/www.celttv.com.ar\/wp-content\/uploads\/2021\/12\/Corazon-Solidario-Saldungaray-3-150x150.jpeg 150w, https:\/\/www.celttv.com.ar\/wp-content\/uploads\/2021\/12\/Corazon-Solidario-Saldungaray-3-768x768.jpeg 768w, https:\/\/www.celttv.com.ar\/wp-content\/uploads\/2021\/12\/Corazon-Solidario-Saldungaray-3-75x75.jpeg 75w, https:\/\/www.celttv.com.ar\/wp-content\/uploads\/2021\/12\/Corazon-Solidario-Saldungaray-3-750x750.jpeg 750w\" sizes=\"auto, (max-width: 900px) 100vw, 900px\" \/><\/figure><\/li><li class=\"blocks-gallery-item\"><figure><img loading=\"lazy\" decoding=\"async\" width=\"1024\" height=\"1024\" src=\"http:\/\/www.celttv.com.ar\/wp-content\/uploads\/2021\/12\/Corazon-Solidario-Saldungaray-4-1024x1024.jpeg\" alt=\"\" data-id=\"62482\" data-full-url=\"http:\/\/www.celttv.com.ar\/wp-content\/uploads\/2021\/12\/Corazon-Solidario-Saldungaray-4.jpeg\" data-link=\"http:\/\/www.celttv.com.ar\/?attachment_id=62482\" class=\"wp-image-62482\" srcset=\"https:\/\/www.celttv.com.ar\/wp-content\/uploads\/2021\/12\/Corazon-Solidario-Saldungaray-4-1024x1024.jpeg 1024w, https:\/\/www.celttv.com.ar\/wp-content\/uploads\/2021\/12\/Corazon-Solidario-Saldungaray-4-300x300.jpeg 300w, https:\/\/www.celttv.com.ar\/wp-content\/uploads\/2021\/12\/Corazon-Solidario-Saldungaray-4-150x150.jpeg 150w, https:\/\/www.celttv.com.ar\/wp-content\/uploads\/2021\/12\/Corazon-Solidario-Saldungaray-4-768x768.jpeg 768w, https:\/\/www.celttv.com.ar\/wp-content\/uploads\/2021\/12\/Corazon-Solidario-Saldungaray-4-75x75.jpeg 75w, https:\/\/www.celttv.com.ar\/wp-content\/uploads\/2021\/12\/Corazon-Solidario-Saldungaray-4-750x750.jpeg 750w, https:\/\/www.celttv.com.ar\/wp-content\/uploads\/2021\/12\/Corazon-Solidario-Saldungaray-4.jpeg 1080w\" sizes=\"auto, (max-width: 1024px) 100vw, 1024px\" \/><\/figure><\/li><\/ul><\/figure>\n","protected":false},"excerpt":{"rendered":"<p>Este domingo qued\u00f3 inaugurado un Coraz\u00f3n Solidario en la plaza principal deSaldungaray, destinado a que los vecinos depositen all\u00ed tapitas pl\u00e1sticas para ser donadas al Hospital de Ni\u00f1os &#8220;Dr. Juan P. Garrahan&#8221;. La iniciativa fue llevada adelante en el marco de un proyecto de inclusi\u00f3n, entre la Escuela Especial 502, la Cooperativa 3 R y [&hellip;]<\/p>\n","protected":false},"author":1,"featured_media":62479,"comment_status":"closed","ping_status":"open","sticky":false,"template":"","format":"standard","meta":{"footnotes":""},"categories":[51,52,59],"tags":[],"class_list":["post-62478","post","type-post","status-publish","format-standard","has-post-thumbnail","hentry","category-comunidad","category-destacadas","category-municipales"],"yoast_head":"<!-- This site is optimized with the Yoast SEO plugin v19.7.1 - https:\/\/yoast.com\/wordpress\/plugins\/seo\/ -->\n<title>Saldungaray ya cuenta con un Coraz\u00f3n Solidario - CELTTV<\/title>\n<meta name=\"description\" content=\"Sitio web de noticias de la localidad de Tornquist, provincia de Buenos Aires, Rep\u00fablica Argentina. Contenido propio originado por periodistas de CELTTV, el canal de TV local de la Cooperativa El\u00e9ctrica de Tornquist. Turismo, Pol\u00edtica, Sociedad, Deporte, Cultura y todo el contenido de inter\u00e9s general que la gente del pueblo y la regi\u00f3n debe conocer.\" \/>\n<meta name=\"robots\" content=\"index, follow, max-snippet:-1, max-image-preview:large, max-video-preview:-1\" \/>\n<link rel=\"canonical\" href=\"https:\/\/www.celttv.com.ar\/index.php\/2021\/12\/14\/saldungaray-ya-cuenta-con-un-corazon-solidario\/\" \/>\n<meta property=\"og:locale\" content=\"es_ES\" \/>\n<meta property=\"og:type\" content=\"article\" \/>\n<meta property=\"og:title\" content=\"Saldungaray ya cuenta con un Coraz\u00f3n Solidario - CELTTV\" \/>\n<meta property=\"og:description\" content=\"Sitio web de noticias de la localidad de Tornquist, provincia de Buenos Aires, Rep\u00fablica Argentina. Contenido propio originado por periodistas de CELTTV, el canal de TV local de la Cooperativa El\u00e9ctrica de Tornquist. Turismo, Pol\u00edtica, Sociedad, Deporte, Cultura y todo el contenido de inter\u00e9s general que la gente del pueblo y la regi\u00f3n debe conocer.\" \/>\n<meta property=\"og:url\" content=\"https:\/\/www.celttv.com.ar\/index.php\/2021\/12\/14\/saldungaray-ya-cuenta-con-un-corazon-solidario\/\" \/>\n<meta property=\"og:site_name\" content=\"CELTTV\" \/>\n<meta property=\"article:publisher\" content=\"https:\/\/www.facebook.com\/celtTV\/\" \/>\n<meta property=\"article:published_time\" content=\"2021-12-14T00:50:43+00:00\" \/>\n<meta property=\"og:image\" content=\"https:\/\/www.celttv.com.ar\/wp-content\/uploads\/2021\/12\/Corazon-Solidario-Saldungaray-1.jpeg\" \/>\n\t<meta property=\"og:image:width\" content=\"1600\" \/>\n\t<meta property=\"og:image:height\" content=\"720\" \/>\n\t<meta property=\"og:image:type\" content=\"image\/jpeg\" \/>\n<meta name=\"author\" content=\"ulises\" \/>\n<meta name=\"twitter:card\" content=\"summary_large_image\" \/>\n<meta name=\"twitter:label1\" content=\"Escrito por\" \/>\n\t<meta name=\"twitter:data1\" content=\"ulises\" \/>\n<script type=\"application\/ld+json\" class=\"yoast-schema-graph\">{\"@context\":\"https:\/\/schema.org\",\"@graph\":[{\"@type\":\"NewsArticle\",\"@id\":\"https:\/\/www.celttv.com.ar\/index.php\/2021\/12\/14\/saldungaray-ya-cuenta-con-un-corazon-solidario\/#article\",\"isPartOf\":{\"@id\":\"https:\/\/www.celttv.com.ar\/index.php\/2021\/12\/14\/saldungaray-ya-cuenta-con-un-corazon-solidario\/\"},\"author\":{\"name\":\"ulises\",\"@id\":\"https:\/\/www.celttv.com.ar\/#\/schema\/person\/6d99c072dba59953809c81446e9d0ace\"},\"headline\":\"Saldungaray ya cuenta con un Coraz\u00f3n Solidario\",\"datePublished\":\"2021-12-14T00:50:43+00:00\",\"dateModified\":\"2021-12-14T00:50:43+00:00\",\"mainEntityOfPage\":{\"@id\":\"https:\/\/www.celttv.com.ar\/index.php\/2021\/12\/14\/saldungaray-ya-cuenta-con-un-corazon-solidario\/\"},\"wordCount\":101,\"publisher\":{\"@id\":\"https:\/\/www.celttv.com.ar\/#organization\"},\"articleSection\":[\"Comunidad\",\"Destacadas\",\"Municipales\"],\"inLanguage\":\"es\"},{\"@type\":\"WebPage\",\"@id\":\"https:\/\/www.celttv.com.ar\/index.php\/2021\/12\/14\/saldungaray-ya-cuenta-con-un-corazon-solidario\/\",\"url\":\"https:\/\/www.celttv.com.ar\/index.php\/2021\/12\/14\/saldungaray-ya-cuenta-con-un-corazon-solidario\/\",\"name\":\"Saldungaray ya cuenta con un Coraz\u00f3n Solidario - CELTTV\",\"isPartOf\":{\"@id\":\"https:\/\/www.celttv.com.ar\/#website\"},\"datePublished\":\"2021-12-14T00:50:43+00:00\",\"dateModified\":\"2021-12-14T00:50:43+00:00\",\"description\":\"Sitio web de noticias de la localidad de Tornquist, provincia de Buenos Aires, Rep\u00fablica Argentina. Contenido propio originado por periodistas de CELTTV, el canal de TV local de la Cooperativa El\u00e9ctrica de Tornquist. Turismo, Pol\u00edtica, Sociedad, Deporte, Cultura y todo el contenido de inter\u00e9s general que la gente del pueblo y la regi\u00f3n debe conocer.\",\"breadcrumb\":{\"@id\":\"https:\/\/www.celttv.com.ar\/index.php\/2021\/12\/14\/saldungaray-ya-cuenta-con-un-corazon-solidario\/#breadcrumb\"},\"inLanguage\":\"es\",\"potentialAction\":[{\"@type\":\"ReadAction\",\"target\":[\"https:\/\/www.celttv.com.ar\/index.php\/2021\/12\/14\/saldungaray-ya-cuenta-con-un-corazon-solidario\/\"]}]},{\"@type\":\"BreadcrumbList\",\"@id\":\"https:\/\/www.celttv.com.ar\/index.php\/2021\/12\/14\/saldungaray-ya-cuenta-con-un-corazon-solidario\/#breadcrumb\",\"itemListElement\":[{\"@type\":\"ListItem\",\"position\":1,\"name\":\"Inicio\",\"item\":\"https:\/\/www.celttv.com.ar\/\"},{\"@type\":\"ListItem\",\"position\":2,\"name\":\"Saldungaray ya cuenta con un Coraz\u00f3n Solidario\"}]},{\"@type\":\"WebSite\",\"@id\":\"https:\/\/www.celttv.com.ar\/#website\",\"url\":\"https:\/\/www.celttv.com.ar\/\",\"name\":\"CELTTV\",\"description\":\"Cooperativa El\u00e9ctrica de Tornquist\",\"publisher\":{\"@id\":\"https:\/\/www.celttv.com.ar\/#organization\"},\"potentialAction\":[{\"@type\":\"SearchAction\",\"target\":{\"@type\":\"EntryPoint\",\"urlTemplate\":\"https:\/\/www.celttv.com.ar\/?s={search_term_string}\"},\"query-input\":\"required name=search_term_string\"}],\"inLanguage\":\"es\"},{\"@type\":\"Organization\",\"@id\":\"https:\/\/www.celttv.com.ar\/#organization\",\"name\":\"CELTTV\",\"url\":\"https:\/\/www.celttv.com.ar\/\",\"sameAs\":[\"https:\/\/www.youtube.com\/channel\/UCz_oIt8Hig64Ub-EmcNPIhg\",\"https:\/\/www.facebook.com\/celtTV\/\"],\"logo\":{\"@type\":\"ImageObject\",\"inLanguage\":\"es\",\"@id\":\"https:\/\/www.celttv.com.ar\/#\/schema\/logo\/image\/\",\"url\":\"http:\/\/www.celttv.com.ar\/wp-content\/uploads\/2022\/08\/logo-1.png\",\"contentUrl\":\"http:\/\/www.celttv.com.ar\/wp-content\/uploads\/2022\/08\/logo-1.png\",\"width\":461,\"height\":159,\"caption\":\"CELTTV\"},\"image\":{\"@id\":\"https:\/\/www.celttv.com.ar\/#\/schema\/logo\/image\/\"}},{\"@type\":\"Person\",\"@id\":\"https:\/\/www.celttv.com.ar\/#\/schema\/person\/6d99c072dba59953809c81446e9d0ace\",\"name\":\"ulises\",\"image\":{\"@type\":\"ImageObject\",\"inLanguage\":\"es\",\"@id\":\"https:\/\/www.celttv.com.ar\/#\/schema\/person\/image\/\",\"url\":\"https:\/\/secure.gravatar.com\/avatar\/7f2c48bdc33b30088f941fb6082e555f2874c98e20cb159d7b92b50eadfce793?s=96&d=mm&r=g\",\"contentUrl\":\"https:\/\/secure.gravatar.com\/avatar\/7f2c48bdc33b30088f941fb6082e555f2874c98e20cb159d7b92b50eadfce793?s=96&d=mm&r=g\",\"caption\":\"ulises\"},\"sameAs\":[\"http:\/\/www.celttv.com.ar\"]}]}<\/script>\n<!-- \/ Yoast SEO plugin. -->","yoast_head_json":{"title":"Saldungaray ya cuenta con un Coraz\u00f3n Solidario - CELTTV","description":"Sitio web de noticias de la localidad de Tornquist, provincia de Buenos Aires, Rep\u00fablica Argentina. Contenido propio originado por periodistas de CELTTV, el canal de TV local de la Cooperativa El\u00e9ctrica de Tornquist. Turismo, Pol\u00edtica, Sociedad, Deporte, Cultura y todo el contenido de inter\u00e9s general que la gente del pueblo y la regi\u00f3n debe conocer.","robots":{"index":"index","follow":"follow","max-snippet":"max-snippet:-1","max-image-preview":"max-image-preview:large","max-video-preview":"max-video-preview:-1"},"canonical":"https:\/\/www.celttv.com.ar\/index.php\/2021\/12\/14\/saldungaray-ya-cuenta-con-un-corazon-solidario\/","og_locale":"es_ES","og_type":"article","og_title":"Saldungaray ya cuenta con un Coraz\u00f3n Solidario - CELTTV","og_description":"Sitio web de noticias de la localidad de Tornquist, provincia de Buenos Aires, Rep\u00fablica Argentina. Contenido propio originado por periodistas de CELTTV, el canal de TV local de la Cooperativa El\u00e9ctrica de Tornquist. Turismo, Pol\u00edtica, Sociedad, Deporte, Cultura y todo el contenido de inter\u00e9s general que la gente del pueblo y la regi\u00f3n debe conocer.","og_url":"https:\/\/www.celttv.com.ar\/index.php\/2021\/12\/14\/saldungaray-ya-cuenta-con-un-corazon-solidario\/","og_site_name":"CELTTV","article_publisher":"https:\/\/www.facebook.com\/celtTV\/","article_published_time":"2021-12-14T00:50:43+00:00","og_image":[{"width":1600,"height":720,"url":"https:\/\/www.celttv.com.ar\/wp-content\/uploads\/2021\/12\/Corazon-Solidario-Saldungaray-1.jpeg","type":"image\/jpeg"}],"author":"ulises","twitter_card":"summary_large_image","twitter_misc":{"Escrito por":"ulises"},"schema":{"@context":"https:\/\/schema.org","@graph":[{"@type":"NewsArticle","@id":"https:\/\/www.celttv.com.ar\/index.php\/2021\/12\/14\/saldungaray-ya-cuenta-con-un-corazon-solidario\/#article","isPartOf":{"@id":"https:\/\/www.celttv.com.ar\/index.php\/2021\/12\/14\/saldungaray-ya-cuenta-con-un-corazon-solidario\/"},"author":{"name":"ulises","@id":"https:\/\/www.celttv.com.ar\/#\/schema\/person\/6d99c072dba59953809c81446e9d0ace"},"headline":"Saldungaray ya cuenta con un Coraz\u00f3n Solidario","datePublished":"2021-12-14T00:50:43+00:00","dateModified":"2021-12-14T00:50:43+00:00","mainEntityOfPage":{"@id":"https:\/\/www.celttv.com.ar\/index.php\/2021\/12\/14\/saldungaray-ya-cuenta-con-un-corazon-solidario\/"},"wordCount":101,"publisher":{"@id":"https:\/\/www.celttv.com.ar\/#organization"},"articleSection":["Comunidad","Destacadas","Municipales"],"inLanguage":"es"},{"@type":"WebPage","@id":"https:\/\/www.celttv.com.ar\/index.php\/2021\/12\/14\/saldungaray-ya-cuenta-con-un-corazon-solidario\/","url":"https:\/\/www.celttv.com.ar\/index.php\/2021\/12\/14\/saldungaray-ya-cuenta-con-un-corazon-solidario\/","name":"Saldungaray ya cuenta con un Coraz\u00f3n Solidario - CELTTV","isPartOf":{"@id":"https:\/\/www.celttv.com.ar\/#website"},"datePublished":"2021-12-14T00:50:43+00:00","dateModified":"2021-12-14T00:50:43+00:00","description":"Sitio web de noticias de la localidad de Tornquist, provincia de Buenos Aires, Rep\u00fablica Argentina. Contenido propio originado por periodistas de CELTTV, el canal de TV local de la Cooperativa El\u00e9ctrica de Tornquist. Turismo, Pol\u00edtica, Sociedad, Deporte, Cultura y todo el contenido de inter\u00e9s general que la gente del pueblo y la regi\u00f3n debe conocer.","breadcrumb":{"@id":"https:\/\/www.celttv.com.ar\/index.php\/2021\/12\/14\/saldungaray-ya-cuenta-con-un-corazon-solidario\/#breadcrumb"},"inLanguage":"es","potentialAction":[{"@type":"ReadAction","target":["https:\/\/www.celttv.com.ar\/index.php\/2021\/12\/14\/saldungaray-ya-cuenta-con-un-corazon-solidario\/"]}]},{"@type":"BreadcrumbList","@id":"https:\/\/www.celttv.com.ar\/index.php\/2021\/12\/14\/saldungaray-ya-cuenta-con-un-corazon-solidario\/#breadcrumb","itemListElement":[{"@type":"ListItem","position":1,"name":"Inicio","item":"https:\/\/www.celttv.com.ar\/"},{"@type":"ListItem","position":2,"name":"Saldungaray ya cuenta con un Coraz\u00f3n Solidario"}]},{"@type":"WebSite","@id":"https:\/\/www.celttv.com.ar\/#website","url":"https:\/\/www.celttv.com.ar\/","name":"CELTTV","description":"Cooperativa El\u00e9ctrica de Tornquist","publisher":{"@id":"https:\/\/www.celttv.com.ar\/#organization"},"potentialAction":[{"@type":"SearchAction","target":{"@type":"EntryPoint","urlTemplate":"https:\/\/www.celttv.com.ar\/?s={search_term_string}"},"query-input":"required name=search_term_string"}],"inLanguage":"es"},{"@type":"Organization","@id":"https:\/\/www.celttv.com.ar\/#organization","name":"CELTTV","url":"https:\/\/www.celttv.com.ar\/","sameAs":["https:\/\/www.youtube.com\/channel\/UCz_oIt8Hig64Ub-EmcNPIhg","https:\/\/www.facebook.com\/celtTV\/"],"logo":{"@type":"ImageObject","inLanguage":"es","@id":"https:\/\/www.celttv.com.ar\/#\/schema\/logo\/image\/","url":"http:\/\/www.celttv.com.ar\/wp-content\/uploads\/2022\/08\/logo-1.png","contentUrl":"http:\/\/www.celttv.com.ar\/wp-content\/uploads\/2022\/08\/logo-1.png","width":461,"height":159,"caption":"CELTTV"},"image":{"@id":"https:\/\/www.celttv.com.ar\/#\/schema\/logo\/image\/"}},{"@type":"Person","@id":"https:\/\/www.celttv.com.ar\/#\/schema\/person\/6d99c072dba59953809c81446e9d0ace","name":"ulises","image":{"@type":"ImageObject","inLanguage":"es","@id":"https:\/\/www.celttv.com.ar\/#\/schema\/person\/image\/","url":"https:\/\/secure.gravatar.com\/avatar\/7f2c48bdc33b30088f941fb6082e555f2874c98e20cb159d7b92b50eadfce793?s=96&d=mm&r=g","contentUrl":"https:\/\/secure.gravatar.com\/avatar\/7f2c48bdc33b30088f941fb6082e555f2874c98e20cb159d7b92b50eadfce793?s=96&d=mm&r=g","caption":"ulises"},"sameAs":["http:\/\/www.celttv.com.ar"]}]}},"_links":{"self":[{"href":"https:\/\/www.celttv.com.ar\/index.php\/wp-json\/wp\/v2\/posts\/62478","targetHints":{"allow":["GET"]}}],"collection":[{"href":"https:\/\/www.celttv.com.ar\/index.php\/wp-json\/wp\/v2\/posts"}],"about":[{"href":"https:\/\/www.celttv.com.ar\/index.php\/wp-json\/wp\/v2\/types\/post"}],"author":[{"embeddable":true,"href":"https:\/\/www.celttv.com.ar\/index.php\/wp-json\/wp\/v2\/users\/1"}],"replies":[{"embeddable":true,"href":"https:\/\/www.celttv.com.ar\/index.php\/wp-json\/wp\/v2\/comments?post=62478"}],"version-history":[{"count":0,"href":"https:\/\/www.celttv.com.ar\/index.php\/wp-json\/wp\/v2\/posts\/62478\/revisions"}],"wp:featuredmedia":[{"embeddable":true,"href":"https:\/\/www.celttv.com.ar\/index.php\/wp-json\/wp\/v2\/media\/62479"}],"wp:attachment":[{"href":"https:\/\/www.celttv.com.ar\/index.php\/wp-json\/wp\/v2\/media?parent=62478"}],"wp:term":[{"taxonomy":"category","embeddable":true,"href":"https:\/\/www.celttv.com.ar\/index.php\/wp-json\/wp\/v2\/categories?post=62478"},{"taxonomy":"post_tag","embeddable":true,"href":"https:\/\/www.celttv.com.ar\/index.php\/wp-json\/wp\/v2\/tags?post=62478"}],"curies":[{"name":"wp","href":"https:\/\/api.w.org\/{rel}","templated":true}]}}