{"id":62484,"date":"2021-12-14T12:57:51","date_gmt":"2021-12-14T12:57:51","guid":{"rendered":"http:\/\/www.celttv.com.ar\/?p=62484"},"modified":"2021-12-14T12:57:51","modified_gmt":"2021-12-14T12:57:51","slug":"alberto-rubio-fue-reelecto-presidente-de-la-celt-por-un-nuevo-periodo","status":"publish","type":"post","link":"https:\/\/www.celttv.com.ar\/index.php\/2021\/12\/14\/alberto-rubio-fue-reelecto-presidente-de-la-celt-por-un-nuevo-periodo\/","title":{"rendered":"Alberto Rubio fue reelecto presidente de la CELT. por un nuevo per\u00edodo"},"content":{"rendered":"\n<p>En la Asamblea anual realizada ayer en dependencias de la entidad cooperativa se procedi\u00f3 a la renovaci\u00f3n parcial del Consejo de administraci\u00f3n.<\/p>\n\n\n\n<p>Luego de aprobarse los puntos incluidos en el orden del d\u00eda se procedi\u00f3 a nominar la \u00fanica lista presentada y, una vez concluida la reuni\u00f3n, se realiz\u00f3 la reuni\u00f3n de distribuci\u00f3n de cargos y se inform\u00f3 la nueva constituci\u00f3n del Consejo de Administraci\u00f3n que por un nuevo per\u00edodo continuar\u00e1 presidido por Alberto <strong>Rubio<\/strong>.<\/p>\n\n\n\n<p>Acompa\u00f1ar\u00e1n a Rubio como <\/p>\n\n\n\n<p>Vice: David <strong>Dupuy<\/strong><\/p>\n\n\n\n<p>Secretaria Maria L <strong>Barrenechea<\/strong><\/p>\n\n\n\n<p>Pro Secretaria: Karen <strong>Callava<\/strong><\/p>\n\n\n\n<p>Tesorera: Sandra <strong>Parmigiani<\/strong><\/p>\n\n\n\n<p>Pro tesorero: Enrique <strong>Gonzalez<\/strong><\/p>\n\n\n\n<p>Vocales Titulares<br>Alejandro <strong>Caporicci<\/strong><\/p>\n\n\n\n<p>Adrian <strong>Cutini<\/strong><\/p>\n\n\n\n<p>Juan C <strong>Gisler<\/strong><\/p>\n\n\n\n<p>Claudia <strong>Gutierrez<\/strong><\/p>\n\n\n\n<p>Segundo <strong>Olmedo<\/strong><\/p>\n\n\n\n<p>Hugo <strong>Vallucci<\/strong><\/p>\n\n\n\n<p>Suplentes<br>Branco <strong>de Sabarte<\/strong><\/p>\n\n\n\n<p>Emiliano <strong>Gimenez<\/strong><\/p>\n\n\n\n<p>Gast\u00f3n <strong>Muscillo<\/strong><\/p>\n\n\n\n<p>Santiago <strong>Vazquez<\/strong><\/p>\n\n\n\n<p> <\/p>\n\n\n\n<p><strong>Se aplicar\u00e1  una nueva cuota de capitalizaci\u00f3n<\/strong><\/p>\n\n\n\n<p>La asamblea, autoriz\u00f3 al Consejo de Administraci\u00f3n a aplicar una nueva cuota de capitalizaci\u00f3n sobre el consumo de energ\u00eda el\u00e9ctrica.<\/p>\n\n\n\n<p>&#8220;A partir de esta asamblea se va a pagar una cuota capital que va a paliar la dif\u00edcil situaci\u00f3n que estamos pasando por la falta de tarifa y el aumento del resto de los insumos que requiere la cooperativa\u201d explic\u00f3 el reelecto presidente Alberto Rubio.<\/p>\n\n\n\n<p> \u201cTenemos servicios con tarifas congeladas , telecomunicaciones, energ\u00eda, cable que han dado p\u00e9rdida. El usuario ver\u00e1 reflejado esta cuota capital sobre el costo neto de la energ\u00eda. El grueso de los usuarios residenciales abonar\u00edan entre 170 y 300 pesos y los altos consumos importes superiores\u201d se\u00f1al\u00f3 el presidente de la CELT.<\/p>\n\n\n\n<p><strong>Los importes de la cuota de capitalizci\u00f3n<\/strong><\/p>\n\n\n\n<p>La tarifa social hasta 100Kv el importe de cuota ser\u00eda de 81 pesos. Entre 100 y 200 Kv 300 pesos y entre 400 a 500 Kv ser\u00eda de aproximadamente de 930 pesos de cuota capital.<\/p>\n\n\n\n<p>La intenci\u00f3n es que esto permanezca durante el tiempo que no se recupere el tema de las tarifas.<\/p>\n\n\n\n<figure class=\"wp-block-gallery columns-3 is-cropped wp-block-gallery-1 is-layout-flex wp-block-gallery-is-layout-flex\"><ul class=\"blocks-gallery-grid\"><li class=\"blocks-gallery-item\"><figure><img loading=\"lazy\" decoding=\"async\" width=\"1024\" height=\"683\" src=\"http:\/\/www.celttv.com.ar\/wp-content\/uploads\/2021\/12\/IMG_7293-Medium-1024x683.jpg\" alt=\"\" data-id=\"62485\" data-full-url=\"http:\/\/www.celttv.com.ar\/wp-content\/uploads\/2021\/12\/IMG_7293-Medium.jpg\" data-link=\"http:\/\/www.celttv.com.ar\/?attachment_id=62485\" class=\"wp-image-62485\" srcset=\"https:\/\/www.celttv.com.ar\/wp-content\/uploads\/2021\/12\/IMG_7293-Medium-1024x683.jpg 1024w, https:\/\/www.celttv.com.ar\/wp-content\/uploads\/2021\/12\/IMG_7293-Medium-300x200.jpg 300w, https:\/\/www.celttv.com.ar\/wp-content\/uploads\/2021\/12\/IMG_7293-Medium-768x512.jpg 768w, https:\/\/www.celttv.com.ar\/wp-content\/uploads\/2021\/12\/IMG_7293-Medium-750x500.jpg 750w, https:\/\/www.celttv.com.ar\/wp-content\/uploads\/2021\/12\/IMG_7293-Medium-1140x760.jpg 1140w, https:\/\/www.celttv.com.ar\/wp-content\/uploads\/2021\/12\/IMG_7293-Medium.jpg 1152w\" sizes=\"auto, (max-width: 1024px) 100vw, 1024px\" \/><\/figure><\/li><li class=\"blocks-gallery-item\"><figure><img loading=\"lazy\" decoding=\"async\" width=\"1024\" height=\"683\" src=\"http:\/\/www.celttv.com.ar\/wp-content\/uploads\/2021\/12\/IMG_7294-Medium-1024x683.jpg\" alt=\"\" data-id=\"62486\" data-full-url=\"http:\/\/www.celttv.com.ar\/wp-content\/uploads\/2021\/12\/IMG_7294-Medium.jpg\" data-link=\"http:\/\/www.celttv.com.ar\/?attachment_id=62486\" class=\"wp-image-62486\" srcset=\"https:\/\/www.celttv.com.ar\/wp-content\/uploads\/2021\/12\/IMG_7294-Medium-1024x683.jpg 1024w, https:\/\/www.celttv.com.ar\/wp-content\/uploads\/2021\/12\/IMG_7294-Medium-300x200.jpg 300w, https:\/\/www.celttv.com.ar\/wp-content\/uploads\/2021\/12\/IMG_7294-Medium-768x512.jpg 768w, https:\/\/www.celttv.com.ar\/wp-content\/uploads\/2021\/12\/IMG_7294-Medium-750x500.jpg 750w, https:\/\/www.celttv.com.ar\/wp-content\/uploads\/2021\/12\/IMG_7294-Medium-1140x760.jpg 1140w, https:\/\/www.celttv.com.ar\/wp-content\/uploads\/2021\/12\/IMG_7294-Medium.jpg 1152w\" sizes=\"auto, (max-width: 1024px) 100vw, 1024px\" \/><\/figure><\/li><li class=\"blocks-gallery-item\"><figure><img loading=\"lazy\" decoding=\"async\" width=\"1024\" height=\"683\" src=\"http:\/\/www.celttv.com.ar\/wp-content\/uploads\/2021\/12\/IMG_7295-Medium-1024x683.jpg\" alt=\"\" data-id=\"62487\" data-full-url=\"http:\/\/www.celttv.com.ar\/wp-content\/uploads\/2021\/12\/IMG_7295-Medium.jpg\" data-link=\"http:\/\/www.celttv.com.ar\/?attachment_id=62487\" class=\"wp-image-62487\" srcset=\"https:\/\/www.celttv.com.ar\/wp-content\/uploads\/2021\/12\/IMG_7295-Medium-1024x683.jpg 1024w, https:\/\/www.celttv.com.ar\/wp-content\/uploads\/2021\/12\/IMG_7295-Medium-300x200.jpg 300w, https:\/\/www.celttv.com.ar\/wp-content\/uploads\/2021\/12\/IMG_7295-Medium-768x512.jpg 768w, https:\/\/www.celttv.com.ar\/wp-content\/uploads\/2021\/12\/IMG_7295-Medium-750x500.jpg 750w, https:\/\/www.celttv.com.ar\/wp-content\/uploads\/2021\/12\/IMG_7295-Medium-1140x760.jpg 1140w, https:\/\/www.celttv.com.ar\/wp-content\/uploads\/2021\/12\/IMG_7295-Medium.jpg 1152w\" sizes=\"auto, (max-width: 1024px) 100vw, 1024px\" \/><\/figure><\/li><li class=\"blocks-gallery-item\"><figure><img loading=\"lazy\" decoding=\"async\" width=\"1024\" height=\"683\" src=\"http:\/\/www.celttv.com.ar\/wp-content\/uploads\/2021\/12\/IMG_7296-Medium-1024x683.jpg\" alt=\"\" data-id=\"62488\" data-full-url=\"http:\/\/www.celttv.com.ar\/wp-content\/uploads\/2021\/12\/IMG_7296-Medium.jpg\" data-link=\"http:\/\/www.celttv.com.ar\/?attachment_id=62488\" class=\"wp-image-62488\" srcset=\"https:\/\/www.celttv.com.ar\/wp-content\/uploads\/2021\/12\/IMG_7296-Medium-1024x683.jpg 1024w, https:\/\/www.celttv.com.ar\/wp-content\/uploads\/2021\/12\/IMG_7296-Medium-300x200.jpg 300w, https:\/\/www.celttv.com.ar\/wp-content\/uploads\/2021\/12\/IMG_7296-Medium-768x512.jpg 768w, https:\/\/www.celttv.com.ar\/wp-content\/uploads\/2021\/12\/IMG_7296-Medium-750x500.jpg 750w, https:\/\/www.celttv.com.ar\/wp-content\/uploads\/2021\/12\/IMG_7296-Medium-1140x760.jpg 1140w, https:\/\/www.celttv.com.ar\/wp-content\/uploads\/2021\/12\/IMG_7296-Medium.jpg 1152w\" sizes=\"auto, (max-width: 1024px) 100vw, 1024px\" \/><\/figure><\/li><\/ul><\/figure>\n","protected":false},"excerpt":{"rendered":"<p>En la Asamblea anual realizada ayer en dependencias de la entidad cooperativa se procedi\u00f3 a la renovaci\u00f3n parcial del Consejo de administraci\u00f3n. Luego de aprobarse los puntos incluidos en el orden del d\u00eda se procedi\u00f3 a nominar la \u00fanica lista presentada y, una vez concluida la reuni\u00f3n, se realiz\u00f3 la reuni\u00f3n de distribuci\u00f3n de cargos [&hellip;]<\/p>\n","protected":false},"author":1,"featured_media":62485,"comment_status":"closed","ping_status":"open","sticky":false,"template":"","format":"standard","meta":{"footnotes":""},"categories":[55,51,52,66],"tags":[],"class_list":["post-62484","post","type-post","status-publish","format-standard","has-post-thumbnail","hentry","category-celt-tv-noticias","category-comunidad","category-destacadas","category-informacion-cooperativa"],"yoast_head":"<!-- This site is optimized with the Yoast SEO plugin v19.7.1 - https:\/\/yoast.com\/wordpress\/plugins\/seo\/ -->\n<title>Alberto Rubio fue reelecto presidente de la CELT. por un nuevo per\u00edodo - CELTTV<\/title>\n<meta name=\"description\" content=\"Sitio web de noticias de la localidad de Tornquist, provincia de Buenos Aires, Rep\u00fablica Argentina. Contenido propio originado por periodistas de CELTTV, el canal de TV local de la Cooperativa El\u00e9ctrica de Tornquist. Turismo, Pol\u00edtica, Sociedad, Deporte, Cultura y todo el contenido de inter\u00e9s general que la gente del pueblo y la regi\u00f3n debe conocer.\" \/>\n<meta name=\"robots\" content=\"index, follow, max-snippet:-1, max-image-preview:large, max-video-preview:-1\" \/>\n<link rel=\"canonical\" href=\"https:\/\/www.celttv.com.ar\/index.php\/2021\/12\/14\/alberto-rubio-fue-reelecto-presidente-de-la-celt-por-un-nuevo-periodo\/\" \/>\n<meta property=\"og:locale\" content=\"es_ES\" \/>\n<meta property=\"og:type\" content=\"article\" \/>\n<meta property=\"og:title\" content=\"Alberto Rubio fue reelecto presidente de la CELT. por un nuevo per\u00edodo - CELTTV\" \/>\n<meta property=\"og:description\" content=\"Sitio web de noticias de la localidad de Tornquist, provincia de Buenos Aires, Rep\u00fablica Argentina. Contenido propio originado por periodistas de CELTTV, el canal de TV local de la Cooperativa El\u00e9ctrica de Tornquist. Turismo, Pol\u00edtica, Sociedad, Deporte, Cultura y todo el contenido de inter\u00e9s general que la gente del pueblo y la regi\u00f3n debe conocer.\" \/>\n<meta property=\"og:url\" content=\"https:\/\/www.celttv.com.ar\/index.php\/2021\/12\/14\/alberto-rubio-fue-reelecto-presidente-de-la-celt-por-un-nuevo-periodo\/\" \/>\n<meta property=\"og:site_name\" content=\"CELTTV\" \/>\n<meta property=\"article:publisher\" content=\"https:\/\/www.facebook.com\/celtTV\/\" \/>\n<meta property=\"article:published_time\" content=\"2021-12-14T12:57:51+00:00\" \/>\n<meta property=\"og:image\" content=\"https:\/\/www.celttv.com.ar\/wp-content\/uploads\/2021\/12\/IMG_7293-Medium.jpg\" \/>\n\t<meta property=\"og:image:width\" content=\"1152\" \/>\n\t<meta property=\"og:image:height\" content=\"768\" \/>\n\t<meta property=\"og:image:type\" content=\"image\/jpeg\" \/>\n<meta name=\"author\" content=\"ulises\" \/>\n<meta name=\"twitter:card\" content=\"summary_large_image\" \/>\n<meta name=\"twitter:label1\" content=\"Escrito por\" \/>\n\t<meta name=\"twitter:data1\" content=\"ulises\" \/>\n\t<meta name=\"twitter:label2\" content=\"Tiempo de lectura\" \/>\n\t<meta name=\"twitter:data2\" content=\"2 minutos\" \/>\n<script type=\"application\/ld+json\" class=\"yoast-schema-graph\">{\"@context\":\"https:\/\/schema.org\",\"@graph\":[{\"@type\":\"NewsArticle\",\"@id\":\"https:\/\/www.celttv.com.ar\/index.php\/2021\/12\/14\/alberto-rubio-fue-reelecto-presidente-de-la-celt-por-un-nuevo-periodo\/#article\",\"isPartOf\":{\"@id\":\"https:\/\/www.celttv.com.ar\/index.php\/2021\/12\/14\/alberto-rubio-fue-reelecto-presidente-de-la-celt-por-un-nuevo-periodo\/\"},\"author\":{\"name\":\"ulises\",\"@id\":\"https:\/\/www.celttv.com.ar\/#\/schema\/person\/6d99c072dba59953809c81446e9d0ace\"},\"headline\":\"Alberto Rubio fue reelecto presidente de la CELT. por un nuevo per\u00edodo\",\"datePublished\":\"2021-12-14T12:57:51+00:00\",\"dateModified\":\"2021-12-14T12:57:51+00:00\",\"mainEntityOfPage\":{\"@id\":\"https:\/\/www.celttv.com.ar\/index.php\/2021\/12\/14\/alberto-rubio-fue-reelecto-presidente-de-la-celt-por-un-nuevo-periodo\/\"},\"wordCount\":334,\"publisher\":{\"@id\":\"https:\/\/www.celttv.com.ar\/#organization\"},\"articleSection\":[\"Celt TV Noticias\",\"Comunidad\",\"Destacadas\",\"Informaci\u00f3n Cooperativa\"],\"inLanguage\":\"es\"},{\"@type\":\"WebPage\",\"@id\":\"https:\/\/www.celttv.com.ar\/index.php\/2021\/12\/14\/alberto-rubio-fue-reelecto-presidente-de-la-celt-por-un-nuevo-periodo\/\",\"url\":\"https:\/\/www.celttv.com.ar\/index.php\/2021\/12\/14\/alberto-rubio-fue-reelecto-presidente-de-la-celt-por-un-nuevo-periodo\/\",\"name\":\"Alberto Rubio fue reelecto presidente de la CELT. por un nuevo per\u00edodo - CELTTV\",\"isPartOf\":{\"@id\":\"https:\/\/www.celttv.com.ar\/#website\"},\"datePublished\":\"2021-12-14T12:57:51+00:00\",\"dateModified\":\"2021-12-14T12:57:51+00:00\",\"description\":\"Sitio web de noticias de la localidad de Tornquist, provincia de Buenos Aires, Rep\u00fablica Argentina. Contenido propio originado por periodistas de CELTTV, el canal de TV local de la Cooperativa El\u00e9ctrica de Tornquist. Turismo, Pol\u00edtica, Sociedad, Deporte, Cultura y todo el contenido de inter\u00e9s general que la gente del pueblo y la regi\u00f3n debe conocer.\",\"breadcrumb\":{\"@id\":\"https:\/\/www.celttv.com.ar\/index.php\/2021\/12\/14\/alberto-rubio-fue-reelecto-presidente-de-la-celt-por-un-nuevo-periodo\/#breadcrumb\"},\"inLanguage\":\"es\",\"potentialAction\":[{\"@type\":\"ReadAction\",\"target\":[\"https:\/\/www.celttv.com.ar\/index.php\/2021\/12\/14\/alberto-rubio-fue-reelecto-presidente-de-la-celt-por-un-nuevo-periodo\/\"]}]},{\"@type\":\"BreadcrumbList\",\"@id\":\"https:\/\/www.celttv.com.ar\/index.php\/2021\/12\/14\/alberto-rubio-fue-reelecto-presidente-de-la-celt-por-un-nuevo-periodo\/#breadcrumb\",\"itemListElement\":[{\"@type\":\"ListItem\",\"position\":1,\"name\":\"Inicio\",\"item\":\"https:\/\/www.celttv.com.ar\/\"},{\"@type\":\"ListItem\",\"position\":2,\"name\":\"Alberto Rubio fue reelecto presidente de la CELT. por un nuevo per\u00edodo\"}]},{\"@type\":\"WebSite\",\"@id\":\"https:\/\/www.celttv.com.ar\/#website\",\"url\":\"https:\/\/www.celttv.com.ar\/\",\"name\":\"CELTTV\",\"description\":\"Cooperativa El\u00e9ctrica de Tornquist\",\"publisher\":{\"@id\":\"https:\/\/www.celttv.com.ar\/#organization\"},\"potentialAction\":[{\"@type\":\"SearchAction\",\"target\":{\"@type\":\"EntryPoint\",\"urlTemplate\":\"https:\/\/www.celttv.com.ar\/?s={search_term_string}\"},\"query-input\":\"required name=search_term_string\"}],\"inLanguage\":\"es\"},{\"@type\":\"Organization\",\"@id\":\"https:\/\/www.celttv.com.ar\/#organization\",\"name\":\"CELTTV\",\"url\":\"https:\/\/www.celttv.com.ar\/\",\"sameAs\":[\"https:\/\/www.youtube.com\/channel\/UCz_oIt8Hig64Ub-EmcNPIhg\",\"https:\/\/www.facebook.com\/celtTV\/\"],\"logo\":{\"@type\":\"ImageObject\",\"inLanguage\":\"es\",\"@id\":\"https:\/\/www.celttv.com.ar\/#\/schema\/logo\/image\/\",\"url\":\"http:\/\/www.celttv.com.ar\/wp-content\/uploads\/2022\/08\/logo-1.png\",\"contentUrl\":\"http:\/\/www.celttv.com.ar\/wp-content\/uploads\/2022\/08\/logo-1.png\",\"width\":461,\"height\":159,\"caption\":\"CELTTV\"},\"image\":{\"@id\":\"https:\/\/www.celttv.com.ar\/#\/schema\/logo\/image\/\"}},{\"@type\":\"Person\",\"@id\":\"https:\/\/www.celttv.com.ar\/#\/schema\/person\/6d99c072dba59953809c81446e9d0ace\",\"name\":\"ulises\",\"image\":{\"@type\":\"ImageObject\",\"inLanguage\":\"es\",\"@id\":\"https:\/\/www.celttv.com.ar\/#\/schema\/person\/image\/\",\"url\":\"https:\/\/secure.gravatar.com\/avatar\/7f2c48bdc33b30088f941fb6082e555f2874c98e20cb159d7b92b50eadfce793?s=96&d=mm&r=g\",\"contentUrl\":\"https:\/\/secure.gravatar.com\/avatar\/7f2c48bdc33b30088f941fb6082e555f2874c98e20cb159d7b92b50eadfce793?s=96&d=mm&r=g\",\"caption\":\"ulises\"},\"sameAs\":[\"http:\/\/www.celttv.com.ar\"]}]}<\/script>\n<!-- \/ Yoast SEO plugin. -->","yoast_head_json":{"title":"Alberto Rubio fue reelecto presidente de la CELT. por un nuevo per\u00edodo - CELTTV","description":"Sitio web de noticias de la localidad de Tornquist, provincia de Buenos Aires, Rep\u00fablica Argentina. Contenido propio originado por periodistas de CELTTV, el canal de TV local de la Cooperativa El\u00e9ctrica de Tornquist. Turismo, Pol\u00edtica, Sociedad, Deporte, Cultura y todo el contenido de inter\u00e9s general que la gente del pueblo y la regi\u00f3n debe conocer.","robots":{"index":"index","follow":"follow","max-snippet":"max-snippet:-1","max-image-preview":"max-image-preview:large","max-video-preview":"max-video-preview:-1"},"canonical":"https:\/\/www.celttv.com.ar\/index.php\/2021\/12\/14\/alberto-rubio-fue-reelecto-presidente-de-la-celt-por-un-nuevo-periodo\/","og_locale":"es_ES","og_type":"article","og_title":"Alberto Rubio fue reelecto presidente de la CELT. por un nuevo per\u00edodo - CELTTV","og_description":"Sitio web de noticias de la localidad de Tornquist, provincia de Buenos Aires, Rep\u00fablica Argentina. Contenido propio originado por periodistas de CELTTV, el canal de TV local de la Cooperativa El\u00e9ctrica de Tornquist. Turismo, Pol\u00edtica, Sociedad, Deporte, Cultura y todo el contenido de inter\u00e9s general que la gente del pueblo y la regi\u00f3n debe conocer.","og_url":"https:\/\/www.celttv.com.ar\/index.php\/2021\/12\/14\/alberto-rubio-fue-reelecto-presidente-de-la-celt-por-un-nuevo-periodo\/","og_site_name":"CELTTV","article_publisher":"https:\/\/www.facebook.com\/celtTV\/","article_published_time":"2021-12-14T12:57:51+00:00","og_image":[{"width":1152,"height":768,"url":"https:\/\/www.celttv.com.ar\/wp-content\/uploads\/2021\/12\/IMG_7293-Medium.jpg","type":"image\/jpeg"}],"author":"ulises","twitter_card":"summary_large_image","twitter_misc":{"Escrito por":"ulises","Tiempo de lectura":"2 minutos"},"schema":{"@context":"https:\/\/schema.org","@graph":[{"@type":"NewsArticle","@id":"https:\/\/www.celttv.com.ar\/index.php\/2021\/12\/14\/alberto-rubio-fue-reelecto-presidente-de-la-celt-por-un-nuevo-periodo\/#article","isPartOf":{"@id":"https:\/\/www.celttv.com.ar\/index.php\/2021\/12\/14\/alberto-rubio-fue-reelecto-presidente-de-la-celt-por-un-nuevo-periodo\/"},"author":{"name":"ulises","@id":"https:\/\/www.celttv.com.ar\/#\/schema\/person\/6d99c072dba59953809c81446e9d0ace"},"headline":"Alberto Rubio fue reelecto presidente de la CELT. por un nuevo per\u00edodo","datePublished":"2021-12-14T12:57:51+00:00","dateModified":"2021-12-14T12:57:51+00:00","mainEntityOfPage":{"@id":"https:\/\/www.celttv.com.ar\/index.php\/2021\/12\/14\/alberto-rubio-fue-reelecto-presidente-de-la-celt-por-un-nuevo-periodo\/"},"wordCount":334,"publisher":{"@id":"https:\/\/www.celttv.com.ar\/#organization"},"articleSection":["Celt TV Noticias","Comunidad","Destacadas","Informaci\u00f3n Cooperativa"],"inLanguage":"es"},{"@type":"WebPage","@id":"https:\/\/www.celttv.com.ar\/index.php\/2021\/12\/14\/alberto-rubio-fue-reelecto-presidente-de-la-celt-por-un-nuevo-periodo\/","url":"https:\/\/www.celttv.com.ar\/index.php\/2021\/12\/14\/alberto-rubio-fue-reelecto-presidente-de-la-celt-por-un-nuevo-periodo\/","name":"Alberto Rubio fue reelecto presidente de la CELT. por un nuevo per\u00edodo - CELTTV","isPartOf":{"@id":"https:\/\/www.celttv.com.ar\/#website"},"datePublished":"2021-12-14T12:57:51+00:00","dateModified":"2021-12-14T12:57:51+00:00","description":"Sitio web de noticias de la localidad de Tornquist, provincia de Buenos Aires, Rep\u00fablica Argentina. Contenido propio originado por periodistas de CELTTV, el canal de TV local de la Cooperativa El\u00e9ctrica de Tornquist. Turismo, Pol\u00edtica, Sociedad, Deporte, Cultura y todo el contenido de inter\u00e9s general que la gente del pueblo y la regi\u00f3n debe conocer.","breadcrumb":{"@id":"https:\/\/www.celttv.com.ar\/index.php\/2021\/12\/14\/alberto-rubio-fue-reelecto-presidente-de-la-celt-por-un-nuevo-periodo\/#breadcrumb"},"inLanguage":"es","potentialAction":[{"@type":"ReadAction","target":["https:\/\/www.celttv.com.ar\/index.php\/2021\/12\/14\/alberto-rubio-fue-reelecto-presidente-de-la-celt-por-un-nuevo-periodo\/"]}]},{"@type":"BreadcrumbList","@id":"https:\/\/www.celttv.com.ar\/index.php\/2021\/12\/14\/alberto-rubio-fue-reelecto-presidente-de-la-celt-por-un-nuevo-periodo\/#breadcrumb","itemListElement":[{"@type":"ListItem","position":1,"name":"Inicio","item":"https:\/\/www.celttv.com.ar\/"},{"@type":"ListItem","position":2,"name":"Alberto Rubio fue reelecto presidente de la CELT. por un nuevo per\u00edodo"}]},{"@type":"WebSite","@id":"https:\/\/www.celttv.com.ar\/#website","url":"https:\/\/www.celttv.com.ar\/","name":"CELTTV","description":"Cooperativa El\u00e9ctrica de Tornquist","publisher":{"@id":"https:\/\/www.celttv.com.ar\/#organization"},"potentialAction":[{"@type":"SearchAction","target":{"@type":"EntryPoint","urlTemplate":"https:\/\/www.celttv.com.ar\/?s={search_term_string}"},"query-input":"required name=search_term_string"}],"inLanguage":"es"},{"@type":"Organization","@id":"https:\/\/www.celttv.com.ar\/#organization","name":"CELTTV","url":"https:\/\/www.celttv.com.ar\/","sameAs":["https:\/\/www.youtube.com\/channel\/UCz_oIt8Hig64Ub-EmcNPIhg","https:\/\/www.facebook.com\/celtTV\/"],"logo":{"@type":"ImageObject","inLanguage":"es","@id":"https:\/\/www.celttv.com.ar\/#\/schema\/logo\/image\/","url":"http:\/\/www.celttv.com.ar\/wp-content\/uploads\/2022\/08\/logo-1.png","contentUrl":"http:\/\/www.celttv.com.ar\/wp-content\/uploads\/2022\/08\/logo-1.png","width":461,"height":159,"caption":"CELTTV"},"image":{"@id":"https:\/\/www.celttv.com.ar\/#\/schema\/logo\/image\/"}},{"@type":"Person","@id":"https:\/\/www.celttv.com.ar\/#\/schema\/person\/6d99c072dba59953809c81446e9d0ace","name":"ulises","image":{"@type":"ImageObject","inLanguage":"es","@id":"https:\/\/www.celttv.com.ar\/#\/schema\/person\/image\/","url":"https:\/\/secure.gravatar.com\/avatar\/7f2c48bdc33b30088f941fb6082e555f2874c98e20cb159d7b92b50eadfce793?s=96&d=mm&r=g","contentUrl":"https:\/\/secure.gravatar.com\/avatar\/7f2c48bdc33b30088f941fb6082e555f2874c98e20cb159d7b92b50eadfce793?s=96&d=mm&r=g","caption":"ulises"},"sameAs":["http:\/\/www.celttv.com.ar"]}]}},"_links":{"self":[{"href":"https:\/\/www.celttv.com.ar\/index.php\/wp-json\/wp\/v2\/posts\/62484","targetHints":{"allow":["GET"]}}],"collection":[{"href":"https:\/\/www.celttv.com.ar\/index.php\/wp-json\/wp\/v2\/posts"}],"about":[{"href":"https:\/\/www.celttv.com.ar\/index.php\/wp-json\/wp\/v2\/types\/post"}],"author":[{"embeddable":true,"href":"https:\/\/www.celttv.com.ar\/index.php\/wp-json\/wp\/v2\/users\/1"}],"replies":[{"embeddable":true,"href":"https:\/\/www.celttv.com.ar\/index.php\/wp-json\/wp\/v2\/comments?post=62484"}],"version-history":[{"count":0,"href":"https:\/\/www.celttv.com.ar\/index.php\/wp-json\/wp\/v2\/posts\/62484\/revisions"}],"wp:featuredmedia":[{"embeddable":true,"href":"https:\/\/www.celttv.com.ar\/index.php\/wp-json\/wp\/v2\/media\/62485"}],"wp:attachment":[{"href":"https:\/\/www.celttv.com.ar\/index.php\/wp-json\/wp\/v2\/media?parent=62484"}],"wp:term":[{"taxonomy":"category","embeddable":true,"href":"https:\/\/www.celttv.com.ar\/index.php\/wp-json\/wp\/v2\/categories?post=62484"},{"taxonomy":"post_tag","embeddable":true,"href":"https:\/\/www.celttv.com.ar\/index.php\/wp-json\/wp\/v2\/tags?post=62484"}],"curies":[{"name":"wp","href":"https:\/\/api.w.org\/{rel}","templated":true}]}}