{"id":62681,"date":"2021-12-21T13:05:41","date_gmt":"2021-12-21T13:05:41","guid":{"rendered":"http:\/\/www.celttv.com.ar\/?p=62681"},"modified":"2021-12-21T13:05:41","modified_gmt":"2021-12-21T13:05:41","slug":"nuevamente-aparecen-residuos-inadecuados-en-la-via-publica","status":"publish","type":"post","link":"https:\/\/www.celttv.com.ar\/index.php\/2021\/12\/21\/nuevamente-aparecen-residuos-inadecuados-en-la-via-publica\/","title":{"rendered":"Nuevamente aparecen residuos inadecuados en la v\u00eda p\u00fablica"},"content":{"rendered":"\n<p>A d\u00edas de haber sancionado a un vecino de la localidad de Tornquist, la Subsecretar\u00eda de Servicios Urbanos y la Direcci\u00f3n de Medio Ambiente, vuelven a reiterar a los vecinos que no deben arrojarse residuos en la v\u00eda p\u00fablica, ya que el d\u00eda de hoy, agentes municipales del \u00e1rea, encontraron basura en lugares inadecuados.<\/p>\n\n\n\n<p>Se refuerza que para el retiro de residuos voluminosos como, escombros, ramas y restos de poda, los vecinos deber\u00e1n comunicarse previamente al 4941.075 int 152 (Servicios Urbanos),donde se les informar\u00e1 el valor de la prestaci\u00f3n y podr\u00e1n solicitar la maquinaria municipal. Se recuerda que esta tarea se llevar\u00e1 a cabo \u00fanicamente para retirar residuos que por su magnitud no correspondan al servicio normal de limpieza de predios.<\/p>\n\n\n\n<p>El c\u00f3digo tributario establece multas para los propietarios que no cumplimenten con las normas de higiene y preservaci\u00f3n de viviendas y\/o terrenos bald\u00edos.<\/p>\n\n\n\n<figure class=\"wp-block-gallery columns-3 is-cropped wp-block-gallery-1 is-layout-flex wp-block-gallery-is-layout-flex\"><ul class=\"blocks-gallery-grid\"><li class=\"blocks-gallery-item\"><figure><img loading=\"lazy\" decoding=\"async\" width=\"768\" height=\"1024\" src=\"http:\/\/www.celttv.com.ar\/wp-content\/uploads\/2021\/12\/WhatsApp-Image-2021-12-20-at-10.44.13-768x1024.jpeg\" alt=\"\" data-id=\"62682\" data-full-url=\"http:\/\/www.celttv.com.ar\/wp-content\/uploads\/2021\/12\/WhatsApp-Image-2021-12-20-at-10.44.13.jpeg\" data-link=\"http:\/\/www.celttv.com.ar\/?attachment_id=62682\" class=\"wp-image-62682\" srcset=\"https:\/\/www.celttv.com.ar\/wp-content\/uploads\/2021\/12\/WhatsApp-Image-2021-12-20-at-10.44.13-768x1024.jpeg 768w, https:\/\/www.celttv.com.ar\/wp-content\/uploads\/2021\/12\/WhatsApp-Image-2021-12-20-at-10.44.13-225x300.jpeg 225w, https:\/\/www.celttv.com.ar\/wp-content\/uploads\/2021\/12\/WhatsApp-Image-2021-12-20-at-10.44.13-1152x1536.jpeg 1152w, https:\/\/www.celttv.com.ar\/wp-content\/uploads\/2021\/12\/WhatsApp-Image-2021-12-20-at-10.44.13-750x1000.jpeg 750w, https:\/\/www.celttv.com.ar\/wp-content\/uploads\/2021\/12\/WhatsApp-Image-2021-12-20-at-10.44.13-1140x1520.jpeg 1140w, https:\/\/www.celttv.com.ar\/wp-content\/uploads\/2021\/12\/WhatsApp-Image-2021-12-20-at-10.44.13.jpeg 1200w\" sizes=\"auto, (max-width: 768px) 100vw, 768px\" \/><\/figure><\/li><li class=\"blocks-gallery-item\"><figure><img loading=\"lazy\" decoding=\"async\" width=\"768\" height=\"1024\" src=\"http:\/\/www.celttv.com.ar\/wp-content\/uploads\/2021\/12\/WhatsApp-Image-2021-12-20-at-10.44.14-768x1024.jpeg\" alt=\"\" data-id=\"62683\" data-full-url=\"http:\/\/www.celttv.com.ar\/wp-content\/uploads\/2021\/12\/WhatsApp-Image-2021-12-20-at-10.44.14.jpeg\" data-link=\"http:\/\/www.celttv.com.ar\/?attachment_id=62683\" class=\"wp-image-62683\" srcset=\"https:\/\/www.celttv.com.ar\/wp-content\/uploads\/2021\/12\/WhatsApp-Image-2021-12-20-at-10.44.14-768x1024.jpeg 768w, https:\/\/www.celttv.com.ar\/wp-content\/uploads\/2021\/12\/WhatsApp-Image-2021-12-20-at-10.44.14-225x300.jpeg 225w, https:\/\/www.celttv.com.ar\/wp-content\/uploads\/2021\/12\/WhatsApp-Image-2021-12-20-at-10.44.14-1152x1536.jpeg 1152w, https:\/\/www.celttv.com.ar\/wp-content\/uploads\/2021\/12\/WhatsApp-Image-2021-12-20-at-10.44.14-750x1000.jpeg 750w, https:\/\/www.celttv.com.ar\/wp-content\/uploads\/2021\/12\/WhatsApp-Image-2021-12-20-at-10.44.14-1140x1520.jpeg 1140w, https:\/\/www.celttv.com.ar\/wp-content\/uploads\/2021\/12\/WhatsApp-Image-2021-12-20-at-10.44.14.jpeg 1200w\" sizes=\"auto, (max-width: 768px) 100vw, 768px\" \/><\/figure><\/li><li class=\"blocks-gallery-item\"><figure><img loading=\"lazy\" decoding=\"async\" width=\"768\" height=\"1024\" src=\"http:\/\/www.celttv.com.ar\/wp-content\/uploads\/2021\/12\/WhatsApp-Image-2021-12-20-at-10.57.53-768x1024.jpeg\" alt=\"\" data-id=\"62684\" data-full-url=\"http:\/\/www.celttv.com.ar\/wp-content\/uploads\/2021\/12\/WhatsApp-Image-2021-12-20-at-10.57.53.jpeg\" data-link=\"http:\/\/www.celttv.com.ar\/?attachment_id=62684\" class=\"wp-image-62684\" srcset=\"https:\/\/www.celttv.com.ar\/wp-content\/uploads\/2021\/12\/WhatsApp-Image-2021-12-20-at-10.57.53-768x1024.jpeg 768w, https:\/\/www.celttv.com.ar\/wp-content\/uploads\/2021\/12\/WhatsApp-Image-2021-12-20-at-10.57.53-225x300.jpeg 225w, https:\/\/www.celttv.com.ar\/wp-content\/uploads\/2021\/12\/WhatsApp-Image-2021-12-20-at-10.57.53-1152x1536.jpeg 1152w, https:\/\/www.celttv.com.ar\/wp-content\/uploads\/2021\/12\/WhatsApp-Image-2021-12-20-at-10.57.53-750x1000.jpeg 750w, https:\/\/www.celttv.com.ar\/wp-content\/uploads\/2021\/12\/WhatsApp-Image-2021-12-20-at-10.57.53-1140x1520.jpeg 1140w, https:\/\/www.celttv.com.ar\/wp-content\/uploads\/2021\/12\/WhatsApp-Image-2021-12-20-at-10.57.53.jpeg 1200w\" sizes=\"auto, (max-width: 768px) 100vw, 768px\" \/><\/figure><\/li><li class=\"blocks-gallery-item\"><figure><img loading=\"lazy\" decoding=\"async\" width=\"768\" height=\"1024\" src=\"http:\/\/www.celttv.com.ar\/wp-content\/uploads\/2021\/12\/WhatsApp-Image-2021-12-20-at-10.57.54-1-768x1024.jpeg\" alt=\"\" data-id=\"62685\" data-full-url=\"http:\/\/www.celttv.com.ar\/wp-content\/uploads\/2021\/12\/WhatsApp-Image-2021-12-20-at-10.57.54-1.jpeg\" data-link=\"http:\/\/www.celttv.com.ar\/?attachment_id=62685\" class=\"wp-image-62685\" srcset=\"https:\/\/www.celttv.com.ar\/wp-content\/uploads\/2021\/12\/WhatsApp-Image-2021-12-20-at-10.57.54-1-768x1024.jpeg 768w, https:\/\/www.celttv.com.ar\/wp-content\/uploads\/2021\/12\/WhatsApp-Image-2021-12-20-at-10.57.54-1-225x300.jpeg 225w, https:\/\/www.celttv.com.ar\/wp-content\/uploads\/2021\/12\/WhatsApp-Image-2021-12-20-at-10.57.54-1-1152x1536.jpeg 1152w, https:\/\/www.celttv.com.ar\/wp-content\/uploads\/2021\/12\/WhatsApp-Image-2021-12-20-at-10.57.54-1-750x1000.jpeg 750w, https:\/\/www.celttv.com.ar\/wp-content\/uploads\/2021\/12\/WhatsApp-Image-2021-12-20-at-10.57.54-1-1140x1520.jpeg 1140w, https:\/\/www.celttv.com.ar\/wp-content\/uploads\/2021\/12\/WhatsApp-Image-2021-12-20-at-10.57.54-1.jpeg 1200w\" sizes=\"auto, (max-width: 768px) 100vw, 768px\" \/><\/figure><\/li><li class=\"blocks-gallery-item\"><figure><img loading=\"lazy\" decoding=\"async\" width=\"768\" height=\"1024\" src=\"http:\/\/www.celttv.com.ar\/wp-content\/uploads\/2021\/12\/WhatsApp-Image-2021-12-20-at-10.57.54-2-768x1024.jpeg\" alt=\"\" data-id=\"62686\" data-full-url=\"http:\/\/www.celttv.com.ar\/wp-content\/uploads\/2021\/12\/WhatsApp-Image-2021-12-20-at-10.57.54-2.jpeg\" data-link=\"http:\/\/www.celttv.com.ar\/?attachment_id=62686\" class=\"wp-image-62686\" srcset=\"https:\/\/www.celttv.com.ar\/wp-content\/uploads\/2021\/12\/WhatsApp-Image-2021-12-20-at-10.57.54-2-768x1024.jpeg 768w, https:\/\/www.celttv.com.ar\/wp-content\/uploads\/2021\/12\/WhatsApp-Image-2021-12-20-at-10.57.54-2-225x300.jpeg 225w, https:\/\/www.celttv.com.ar\/wp-content\/uploads\/2021\/12\/WhatsApp-Image-2021-12-20-at-10.57.54-2-1152x1536.jpeg 1152w, https:\/\/www.celttv.com.ar\/wp-content\/uploads\/2021\/12\/WhatsApp-Image-2021-12-20-at-10.57.54-2-750x1000.jpeg 750w, https:\/\/www.celttv.com.ar\/wp-content\/uploads\/2021\/12\/WhatsApp-Image-2021-12-20-at-10.57.54-2-1140x1520.jpeg 1140w, https:\/\/www.celttv.com.ar\/wp-content\/uploads\/2021\/12\/WhatsApp-Image-2021-12-20-at-10.57.54-2.jpeg 1200w\" sizes=\"auto, (max-width: 768px) 100vw, 768px\" \/><\/figure><\/li><li class=\"blocks-gallery-item\"><figure><img loading=\"lazy\" decoding=\"async\" width=\"1024\" height=\"768\" src=\"http:\/\/www.celttv.com.ar\/wp-content\/uploads\/2021\/12\/WhatsApp-Image-2021-12-20-at-10.57.54-1024x768.jpeg\" alt=\"\" data-id=\"62687\" data-full-url=\"http:\/\/www.celttv.com.ar\/wp-content\/uploads\/2021\/12\/WhatsApp-Image-2021-12-20-at-10.57.54.jpeg\" data-link=\"http:\/\/www.celttv.com.ar\/?attachment_id=62687\" class=\"wp-image-62687\" srcset=\"https:\/\/www.celttv.com.ar\/wp-content\/uploads\/2021\/12\/WhatsApp-Image-2021-12-20-at-10.57.54-1024x768.jpeg 1024w, https:\/\/www.celttv.com.ar\/wp-content\/uploads\/2021\/12\/WhatsApp-Image-2021-12-20-at-10.57.54-300x225.jpeg 300w, https:\/\/www.celttv.com.ar\/wp-content\/uploads\/2021\/12\/WhatsApp-Image-2021-12-20-at-10.57.54-768x576.jpeg 768w, https:\/\/www.celttv.com.ar\/wp-content\/uploads\/2021\/12\/WhatsApp-Image-2021-12-20-at-10.57.54-1536x1152.jpeg 1536w, https:\/\/www.celttv.com.ar\/wp-content\/uploads\/2021\/12\/WhatsApp-Image-2021-12-20-at-10.57.54-750x563.jpeg 750w, https:\/\/www.celttv.com.ar\/wp-content\/uploads\/2021\/12\/WhatsApp-Image-2021-12-20-at-10.57.54-1140x855.jpeg 1140w, https:\/\/www.celttv.com.ar\/wp-content\/uploads\/2021\/12\/WhatsApp-Image-2021-12-20-at-10.57.54.jpeg 1600w\" sizes=\"auto, (max-width: 1024px) 100vw, 1024px\" \/><\/figure><\/li><\/ul><\/figure>\n","protected":false},"excerpt":{"rendered":"<p>A d\u00edas de haber sancionado a un vecino de la localidad de Tornquist, la Subsecretar\u00eda de Servicios Urbanos y la Direcci\u00f3n de Medio Ambiente, vuelven a reiterar a los vecinos que no deben arrojarse residuos en la v\u00eda p\u00fablica, ya que el d\u00eda de hoy, agentes municipales del \u00e1rea, encontraron basura en lugares inadecuados. Se [&hellip;]<\/p>\n","protected":false},"author":1,"featured_media":62686,"comment_status":"closed","ping_status":"open","sticky":false,"template":"","format":"standard","meta":{"footnotes":""},"categories":[51,52,59,65],"tags":[],"class_list":["post-62681","post","type-post","status-publish","format-standard","has-post-thumbnail","hentry","category-comunidad","category-destacadas","category-municipales","category-produccion"],"yoast_head":"<!-- This site is optimized with the Yoast SEO plugin v19.7.1 - https:\/\/yoast.com\/wordpress\/plugins\/seo\/ -->\n<title>Nuevamente aparecen residuos inadecuados en la v\u00eda p\u00fablica - CELTTV<\/title>\n<meta name=\"description\" content=\"Sitio web de noticias de la localidad de Tornquist, provincia de Buenos Aires, Rep\u00fablica Argentina. Contenido propio originado por periodistas de CELTTV, el canal de TV local de la Cooperativa El\u00e9ctrica de Tornquist. Turismo, Pol\u00edtica, Sociedad, Deporte, Cultura y todo el contenido de inter\u00e9s general que la gente del pueblo y la regi\u00f3n debe conocer.\" \/>\n<meta name=\"robots\" content=\"index, follow, max-snippet:-1, max-image-preview:large, max-video-preview:-1\" \/>\n<link rel=\"canonical\" href=\"https:\/\/www.celttv.com.ar\/index.php\/2021\/12\/21\/nuevamente-aparecen-residuos-inadecuados-en-la-via-publica\/\" \/>\n<meta property=\"og:locale\" content=\"es_ES\" \/>\n<meta property=\"og:type\" content=\"article\" \/>\n<meta property=\"og:title\" content=\"Nuevamente aparecen residuos inadecuados en la v\u00eda p\u00fablica - CELTTV\" \/>\n<meta property=\"og:description\" content=\"Sitio web de noticias de la localidad de Tornquist, provincia de Buenos Aires, Rep\u00fablica Argentina. Contenido propio originado por periodistas de CELTTV, el canal de TV local de la Cooperativa El\u00e9ctrica de Tornquist. Turismo, Pol\u00edtica, Sociedad, Deporte, Cultura y todo el contenido de inter\u00e9s general que la gente del pueblo y la regi\u00f3n debe conocer.\" \/>\n<meta property=\"og:url\" content=\"https:\/\/www.celttv.com.ar\/index.php\/2021\/12\/21\/nuevamente-aparecen-residuos-inadecuados-en-la-via-publica\/\" \/>\n<meta property=\"og:site_name\" content=\"CELTTV\" \/>\n<meta property=\"article:publisher\" content=\"https:\/\/www.facebook.com\/celtTV\/\" \/>\n<meta property=\"article:published_time\" content=\"2021-12-21T13:05:41+00:00\" \/>\n<meta property=\"og:image\" content=\"https:\/\/www.celttv.com.ar\/wp-content\/uploads\/2021\/12\/WhatsApp-Image-2021-12-20-at-10.57.54-2.jpeg\" \/>\n\t<meta property=\"og:image:width\" content=\"1200\" \/>\n\t<meta property=\"og:image:height\" content=\"1600\" \/>\n\t<meta property=\"og:image:type\" content=\"image\/jpeg\" \/>\n<meta name=\"author\" content=\"ulises\" \/>\n<meta name=\"twitter:card\" content=\"summary_large_image\" \/>\n<meta name=\"twitter:label1\" content=\"Escrito por\" \/>\n\t<meta name=\"twitter:data1\" content=\"ulises\" \/>\n\t<meta name=\"twitter:label2\" content=\"Tiempo de lectura\" \/>\n\t<meta name=\"twitter:data2\" content=\"1 minuto\" \/>\n<script type=\"application\/ld+json\" class=\"yoast-schema-graph\">{\"@context\":\"https:\/\/schema.org\",\"@graph\":[{\"@type\":\"NewsArticle\",\"@id\":\"https:\/\/www.celttv.com.ar\/index.php\/2021\/12\/21\/nuevamente-aparecen-residuos-inadecuados-en-la-via-publica\/#article\",\"isPartOf\":{\"@id\":\"https:\/\/www.celttv.com.ar\/index.php\/2021\/12\/21\/nuevamente-aparecen-residuos-inadecuados-en-la-via-publica\/\"},\"author\":{\"name\":\"ulises\",\"@id\":\"https:\/\/www.celttv.com.ar\/#\/schema\/person\/6d99c072dba59953809c81446e9d0ace\"},\"headline\":\"Nuevamente aparecen residuos inadecuados en la v\u00eda p\u00fablica\",\"datePublished\":\"2021-12-21T13:05:41+00:00\",\"dateModified\":\"2021-12-21T13:05:41+00:00\",\"mainEntityOfPage\":{\"@id\":\"https:\/\/www.celttv.com.ar\/index.php\/2021\/12\/21\/nuevamente-aparecen-residuos-inadecuados-en-la-via-publica\/\"},\"wordCount\":166,\"publisher\":{\"@id\":\"https:\/\/www.celttv.com.ar\/#organization\"},\"articleSection\":[\"Comunidad\",\"Destacadas\",\"Municipales\",\"Producci\u00f3n y Medio Ambiente\"],\"inLanguage\":\"es\"},{\"@type\":\"WebPage\",\"@id\":\"https:\/\/www.celttv.com.ar\/index.php\/2021\/12\/21\/nuevamente-aparecen-residuos-inadecuados-en-la-via-publica\/\",\"url\":\"https:\/\/www.celttv.com.ar\/index.php\/2021\/12\/21\/nuevamente-aparecen-residuos-inadecuados-en-la-via-publica\/\",\"name\":\"Nuevamente aparecen residuos inadecuados en la v\u00eda p\u00fablica - CELTTV\",\"isPartOf\":{\"@id\":\"https:\/\/www.celttv.com.ar\/#website\"},\"datePublished\":\"2021-12-21T13:05:41+00:00\",\"dateModified\":\"2021-12-21T13:05:41+00:00\",\"description\":\"Sitio web de noticias de la localidad de Tornquist, provincia de Buenos Aires, Rep\u00fablica Argentina. Contenido propio originado por periodistas de CELTTV, el canal de TV local de la Cooperativa El\u00e9ctrica de Tornquist. Turismo, Pol\u00edtica, Sociedad, Deporte, Cultura y todo el contenido de inter\u00e9s general que la gente del pueblo y la regi\u00f3n debe conocer.\",\"breadcrumb\":{\"@id\":\"https:\/\/www.celttv.com.ar\/index.php\/2021\/12\/21\/nuevamente-aparecen-residuos-inadecuados-en-la-via-publica\/#breadcrumb\"},\"inLanguage\":\"es\",\"potentialAction\":[{\"@type\":\"ReadAction\",\"target\":[\"https:\/\/www.celttv.com.ar\/index.php\/2021\/12\/21\/nuevamente-aparecen-residuos-inadecuados-en-la-via-publica\/\"]}]},{\"@type\":\"BreadcrumbList\",\"@id\":\"https:\/\/www.celttv.com.ar\/index.php\/2021\/12\/21\/nuevamente-aparecen-residuos-inadecuados-en-la-via-publica\/#breadcrumb\",\"itemListElement\":[{\"@type\":\"ListItem\",\"position\":1,\"name\":\"Inicio\",\"item\":\"https:\/\/www.celttv.com.ar\/\"},{\"@type\":\"ListItem\",\"position\":2,\"name\":\"Nuevamente aparecen residuos inadecuados en la v\u00eda p\u00fablica\"}]},{\"@type\":\"WebSite\",\"@id\":\"https:\/\/www.celttv.com.ar\/#website\",\"url\":\"https:\/\/www.celttv.com.ar\/\",\"name\":\"CELTTV\",\"description\":\"Cooperativa El\u00e9ctrica de Tornquist\",\"publisher\":{\"@id\":\"https:\/\/www.celttv.com.ar\/#organization\"},\"potentialAction\":[{\"@type\":\"SearchAction\",\"target\":{\"@type\":\"EntryPoint\",\"urlTemplate\":\"https:\/\/www.celttv.com.ar\/?s={search_term_string}\"},\"query-input\":\"required name=search_term_string\"}],\"inLanguage\":\"es\"},{\"@type\":\"Organization\",\"@id\":\"https:\/\/www.celttv.com.ar\/#organization\",\"name\":\"CELTTV\",\"url\":\"https:\/\/www.celttv.com.ar\/\",\"sameAs\":[\"https:\/\/www.youtube.com\/channel\/UCz_oIt8Hig64Ub-EmcNPIhg\",\"https:\/\/www.facebook.com\/celtTV\/\"],\"logo\":{\"@type\":\"ImageObject\",\"inLanguage\":\"es\",\"@id\":\"https:\/\/www.celttv.com.ar\/#\/schema\/logo\/image\/\",\"url\":\"http:\/\/www.celttv.com.ar\/wp-content\/uploads\/2022\/08\/logo-1.png\",\"contentUrl\":\"http:\/\/www.celttv.com.ar\/wp-content\/uploads\/2022\/08\/logo-1.png\",\"width\":461,\"height\":159,\"caption\":\"CELTTV\"},\"image\":{\"@id\":\"https:\/\/www.celttv.com.ar\/#\/schema\/logo\/image\/\"}},{\"@type\":\"Person\",\"@id\":\"https:\/\/www.celttv.com.ar\/#\/schema\/person\/6d99c072dba59953809c81446e9d0ace\",\"name\":\"ulises\",\"image\":{\"@type\":\"ImageObject\",\"inLanguage\":\"es\",\"@id\":\"https:\/\/www.celttv.com.ar\/#\/schema\/person\/image\/\",\"url\":\"https:\/\/secure.gravatar.com\/avatar\/7f2c48bdc33b30088f941fb6082e555f2874c98e20cb159d7b92b50eadfce793?s=96&d=mm&r=g\",\"contentUrl\":\"https:\/\/secure.gravatar.com\/avatar\/7f2c48bdc33b30088f941fb6082e555f2874c98e20cb159d7b92b50eadfce793?s=96&d=mm&r=g\",\"caption\":\"ulises\"},\"sameAs\":[\"http:\/\/www.celttv.com.ar\"]}]}<\/script>\n<!-- \/ Yoast SEO plugin. -->","yoast_head_json":{"title":"Nuevamente aparecen residuos inadecuados en la v\u00eda p\u00fablica - CELTTV","description":"Sitio web de noticias de la localidad de Tornquist, provincia de Buenos Aires, Rep\u00fablica Argentina. Contenido propio originado por periodistas de CELTTV, el canal de TV local de la Cooperativa El\u00e9ctrica de Tornquist. Turismo, Pol\u00edtica, Sociedad, Deporte, Cultura y todo el contenido de inter\u00e9s general que la gente del pueblo y la regi\u00f3n debe conocer.","robots":{"index":"index","follow":"follow","max-snippet":"max-snippet:-1","max-image-preview":"max-image-preview:large","max-video-preview":"max-video-preview:-1"},"canonical":"https:\/\/www.celttv.com.ar\/index.php\/2021\/12\/21\/nuevamente-aparecen-residuos-inadecuados-en-la-via-publica\/","og_locale":"es_ES","og_type":"article","og_title":"Nuevamente aparecen residuos inadecuados en la v\u00eda p\u00fablica - CELTTV","og_description":"Sitio web de noticias de la localidad de Tornquist, provincia de Buenos Aires, Rep\u00fablica Argentina. Contenido propio originado por periodistas de CELTTV, el canal de TV local de la Cooperativa El\u00e9ctrica de Tornquist. Turismo, Pol\u00edtica, Sociedad, Deporte, Cultura y todo el contenido de inter\u00e9s general que la gente del pueblo y la regi\u00f3n debe conocer.","og_url":"https:\/\/www.celttv.com.ar\/index.php\/2021\/12\/21\/nuevamente-aparecen-residuos-inadecuados-en-la-via-publica\/","og_site_name":"CELTTV","article_publisher":"https:\/\/www.facebook.com\/celtTV\/","article_published_time":"2021-12-21T13:05:41+00:00","og_image":[{"width":1200,"height":1600,"url":"https:\/\/www.celttv.com.ar\/wp-content\/uploads\/2021\/12\/WhatsApp-Image-2021-12-20-at-10.57.54-2.jpeg","type":"image\/jpeg"}],"author":"ulises","twitter_card":"summary_large_image","twitter_misc":{"Escrito por":"ulises","Tiempo de lectura":"1 minuto"},"schema":{"@context":"https:\/\/schema.org","@graph":[{"@type":"NewsArticle","@id":"https:\/\/www.celttv.com.ar\/index.php\/2021\/12\/21\/nuevamente-aparecen-residuos-inadecuados-en-la-via-publica\/#article","isPartOf":{"@id":"https:\/\/www.celttv.com.ar\/index.php\/2021\/12\/21\/nuevamente-aparecen-residuos-inadecuados-en-la-via-publica\/"},"author":{"name":"ulises","@id":"https:\/\/www.celttv.com.ar\/#\/schema\/person\/6d99c072dba59953809c81446e9d0ace"},"headline":"Nuevamente aparecen residuos inadecuados en la v\u00eda p\u00fablica","datePublished":"2021-12-21T13:05:41+00:00","dateModified":"2021-12-21T13:05:41+00:00","mainEntityOfPage":{"@id":"https:\/\/www.celttv.com.ar\/index.php\/2021\/12\/21\/nuevamente-aparecen-residuos-inadecuados-en-la-via-publica\/"},"wordCount":166,"publisher":{"@id":"https:\/\/www.celttv.com.ar\/#organization"},"articleSection":["Comunidad","Destacadas","Municipales","Producci\u00f3n y Medio Ambiente"],"inLanguage":"es"},{"@type":"WebPage","@id":"https:\/\/www.celttv.com.ar\/index.php\/2021\/12\/21\/nuevamente-aparecen-residuos-inadecuados-en-la-via-publica\/","url":"https:\/\/www.celttv.com.ar\/index.php\/2021\/12\/21\/nuevamente-aparecen-residuos-inadecuados-en-la-via-publica\/","name":"Nuevamente aparecen residuos inadecuados en la v\u00eda p\u00fablica - CELTTV","isPartOf":{"@id":"https:\/\/www.celttv.com.ar\/#website"},"datePublished":"2021-12-21T13:05:41+00:00","dateModified":"2021-12-21T13:05:41+00:00","description":"Sitio web de noticias de la localidad de Tornquist, provincia de Buenos Aires, Rep\u00fablica Argentina. Contenido propio originado por periodistas de CELTTV, el canal de TV local de la Cooperativa El\u00e9ctrica de Tornquist. Turismo, Pol\u00edtica, Sociedad, Deporte, Cultura y todo el contenido de inter\u00e9s general que la gente del pueblo y la regi\u00f3n debe conocer.","breadcrumb":{"@id":"https:\/\/www.celttv.com.ar\/index.php\/2021\/12\/21\/nuevamente-aparecen-residuos-inadecuados-en-la-via-publica\/#breadcrumb"},"inLanguage":"es","potentialAction":[{"@type":"ReadAction","target":["https:\/\/www.celttv.com.ar\/index.php\/2021\/12\/21\/nuevamente-aparecen-residuos-inadecuados-en-la-via-publica\/"]}]},{"@type":"BreadcrumbList","@id":"https:\/\/www.celttv.com.ar\/index.php\/2021\/12\/21\/nuevamente-aparecen-residuos-inadecuados-en-la-via-publica\/#breadcrumb","itemListElement":[{"@type":"ListItem","position":1,"name":"Inicio","item":"https:\/\/www.celttv.com.ar\/"},{"@type":"ListItem","position":2,"name":"Nuevamente aparecen residuos inadecuados en la v\u00eda p\u00fablica"}]},{"@type":"WebSite","@id":"https:\/\/www.celttv.com.ar\/#website","url":"https:\/\/www.celttv.com.ar\/","name":"CELTTV","description":"Cooperativa El\u00e9ctrica de Tornquist","publisher":{"@id":"https:\/\/www.celttv.com.ar\/#organization"},"potentialAction":[{"@type":"SearchAction","target":{"@type":"EntryPoint","urlTemplate":"https:\/\/www.celttv.com.ar\/?s={search_term_string}"},"query-input":"required name=search_term_string"}],"inLanguage":"es"},{"@type":"Organization","@id":"https:\/\/www.celttv.com.ar\/#organization","name":"CELTTV","url":"https:\/\/www.celttv.com.ar\/","sameAs":["https:\/\/www.youtube.com\/channel\/UCz_oIt8Hig64Ub-EmcNPIhg","https:\/\/www.facebook.com\/celtTV\/"],"logo":{"@type":"ImageObject","inLanguage":"es","@id":"https:\/\/www.celttv.com.ar\/#\/schema\/logo\/image\/","url":"http:\/\/www.celttv.com.ar\/wp-content\/uploads\/2022\/08\/logo-1.png","contentUrl":"http:\/\/www.celttv.com.ar\/wp-content\/uploads\/2022\/08\/logo-1.png","width":461,"height":159,"caption":"CELTTV"},"image":{"@id":"https:\/\/www.celttv.com.ar\/#\/schema\/logo\/image\/"}},{"@type":"Person","@id":"https:\/\/www.celttv.com.ar\/#\/schema\/person\/6d99c072dba59953809c81446e9d0ace","name":"ulises","image":{"@type":"ImageObject","inLanguage":"es","@id":"https:\/\/www.celttv.com.ar\/#\/schema\/person\/image\/","url":"https:\/\/secure.gravatar.com\/avatar\/7f2c48bdc33b30088f941fb6082e555f2874c98e20cb159d7b92b50eadfce793?s=96&d=mm&r=g","contentUrl":"https:\/\/secure.gravatar.com\/avatar\/7f2c48bdc33b30088f941fb6082e555f2874c98e20cb159d7b92b50eadfce793?s=96&d=mm&r=g","caption":"ulises"},"sameAs":["http:\/\/www.celttv.com.ar"]}]}},"_links":{"self":[{"href":"https:\/\/www.celttv.com.ar\/index.php\/wp-json\/wp\/v2\/posts\/62681","targetHints":{"allow":["GET"]}}],"collection":[{"href":"https:\/\/www.celttv.com.ar\/index.php\/wp-json\/wp\/v2\/posts"}],"about":[{"href":"https:\/\/www.celttv.com.ar\/index.php\/wp-json\/wp\/v2\/types\/post"}],"author":[{"embeddable":true,"href":"https:\/\/www.celttv.com.ar\/index.php\/wp-json\/wp\/v2\/users\/1"}],"replies":[{"embeddable":true,"href":"https:\/\/www.celttv.com.ar\/index.php\/wp-json\/wp\/v2\/comments?post=62681"}],"version-history":[{"count":0,"href":"https:\/\/www.celttv.com.ar\/index.php\/wp-json\/wp\/v2\/posts\/62681\/revisions"}],"wp:featuredmedia":[{"embeddable":true,"href":"https:\/\/www.celttv.com.ar\/index.php\/wp-json\/wp\/v2\/media\/62686"}],"wp:attachment":[{"href":"https:\/\/www.celttv.com.ar\/index.php\/wp-json\/wp\/v2\/media?parent=62681"}],"wp:term":[{"taxonomy":"category","embeddable":true,"href":"https:\/\/www.celttv.com.ar\/index.php\/wp-json\/wp\/v2\/categories?post=62681"},{"taxonomy":"post_tag","embeddable":true,"href":"https:\/\/www.celttv.com.ar\/index.php\/wp-json\/wp\/v2\/tags?post=62681"}],"curies":[{"name":"wp","href":"https:\/\/api.w.org\/{rel}","templated":true}]}}