{"id":6270,"date":"2012-04-26T16:22:48","date_gmt":"2012-04-26T16:22:48","guid":{"rendered":"http:\/\/www.tvcnoticias.com.ar\/?p=6270"},"modified":"2012-04-26T16:22:48","modified_gmt":"2012-04-26T16:22:48","slug":"se-inauguro-la-muestra-itinerante-del-museo-de-la-infanteria-de-la-armada-sobre-malvinas","status":"publish","type":"post","link":"https:\/\/www.celttv.com.ar\/index.php\/2012\/04\/26\/se-inauguro-la-muestra-itinerante-del-museo-de-la-infanteria-de-la-armada-sobre-malvinas\/","title":{"rendered":"SE INAUGURO LA MUESTRA ITINERANTE DEL MUSEO DE LA INFANTERIA DE LA ARMADA SOBRE MALVINAS"},"content":{"rendered":"<p>La Muestra Itinerante del Museo Hist\u00f3rico de la Infanter\u00eda de Marina de la Armada Argentina ya se encuentra instalada en el Teatro Municipal Rodolfo Funke, donde en la ma\u00f1ana de hoy fue inaugurada oficialmente.<br \/>\n\u00a0 \u00a0Participaron de la puesta en marcha de la iniciativa, el Secretario de Gobierno y Hacienda, Guillermo L\u00f6ffler; el Secretario de Turismo, Cultura y Deportes, Rub\u00e9n Testa; el Subsecretario de Obras y Servicios P\u00fablicos, Christian Trankels; el Director de Deportes, Jorge Schmidt; el Director de Producci\u00f3n, V\u00edctor Ant\u00f3n; y los ex combatientes Ricardo Canale y Enrique Cabral.<br \/>\n\u00a0\u00a0 \u201cEs un momento de reconocimiento a nuestros ex combatientes, por eso le quiero dar una especial y sincera bienvenida a Ricardo Canale y Enrique Cabral. Esta iniciativa sirve para mantener la memoria y que no se vuelva a repetir\u201d, expres\u00f3 Testa.<br \/>\n\u00a0\u00a0 Posteriormente, empezaron a realizarse los talleres para alumnos de las escuelas.<br \/>\n<strong><span style=\"text-decoration: underline;\">Cronograma:<\/span><\/strong><\/p>\n<ul>\n<li>Hoy:<\/li>\n<\/ul>\n<p>15:00 a 17:00 \u2013 Talleres educativos para escuelas.<br \/>\n17:00 \u2013 Exposici\u00f3n abierta a la comunidad.<br \/>\n19:00 \u2013 Conferencia interactiva del Sub Oficial Mayor de Infanter\u00eda de Marina<br \/>\n\u00a0\u00a0\u00a0\u00a0\u00a0\u00a0\u00a0\u00a0\u00a0\u00a0\u00a0\u00a0 Veterano de Malvinas: Almircar Tejada, con proyecci\u00f3n de im\u00e1genes<br \/>\n\u00a0\u00a0\u00a0\u00a0\u00a0\u00a0\u00a0\u00a0\u00a0\u00a0\u00a0\u00a0\u00a0 y pel\u00edculas.<\/p>\n<ul>\n<li>Ma\u00f1ana:<\/li>\n<\/ul>\n<p>9:00 a 12:00 \u2013 Talleres educativos para escuelas.<br \/>\n15:00 a 17:00 \u2013 Talleres educativos para escuelas.<br \/>\n17:00 \u2013 Exposici\u00f3n abierta a la comunidad.<br \/>\n19:00 \u2013 Conferencia interactiva del Sub Oficial Mayor de Infanter\u00eda de Marina<br \/>\n\u00a0\u00a0\u00a0\u00a0\u00a0\u00a0\u00a0\u00a0\u00a0\u00a0\u00a0\u00a0 Veterano de Malvinas: Almircar Tejada, con proyecci\u00f3n de im\u00e1genes<br \/>\n\u00a0\u00a0\u00a0\u00a0\u00a0\u00a0\u00a0\u00a0\u00a0\u00a0\u00a0\u00a0\u00a0 y pel\u00edculas.<br \/>\n21:30 \u2013 Cierre de la Muestra Itinerante y entrega de presentes.<br \/>\n\u00a0<\/p>\n","protected":false},"excerpt":{"rendered":"<p>La Muestra Itinerante del Museo Hist\u00f3rico de la Infanter\u00eda de Marina de la Armada Argentina ya se encuentra instalada en el Teatro Municipal Rodolfo Funke, donde en la ma\u00f1ana de hoy fue inaugurada oficialmente. \u00a0 \u00a0Participaron de la puesta en marcha de la iniciativa, el Secretario de Gobierno y Hacienda, Guillermo L\u00f6ffler; el Secretario de [&hellip;]<\/p>\n","protected":false},"author":1,"featured_media":0,"comment_status":"closed","ping_status":"open","sticky":false,"template":"","format":"standard","meta":{"footnotes":""},"categories":[51,52,53],"tags":[],"class_list":["post-6270","post","type-post","status-publish","format-standard","hentry","category-comunidad","category-destacadas","category-politica"],"yoast_head":"<!-- This site is optimized with the Yoast SEO plugin v19.7.1 - https:\/\/yoast.com\/wordpress\/plugins\/seo\/ -->\n<title>SE INAUGURO LA MUESTRA ITINERANTE DEL MUSEO DE LA INFANTERIA DE LA ARMADA SOBRE MALVINAS - CELTTV<\/title>\n<meta name=\"description\" content=\"Sitio web de noticias de la localidad de Tornquist, provincia de Buenos Aires, Rep\u00fablica Argentina. Contenido propio originado por periodistas de CELTTV, el canal de TV local de la Cooperativa El\u00e9ctrica de Tornquist. Turismo, Pol\u00edtica, Sociedad, Deporte, Cultura y todo el contenido de inter\u00e9s general que la gente del pueblo y la regi\u00f3n debe conocer.\" \/>\n<meta name=\"robots\" content=\"index, follow, max-snippet:-1, max-image-preview:large, max-video-preview:-1\" \/>\n<link rel=\"canonical\" href=\"https:\/\/www.celttv.com.ar\/index.php\/2012\/04\/26\/se-inauguro-la-muestra-itinerante-del-museo-de-la-infanteria-de-la-armada-sobre-malvinas\/\" \/>\n<meta property=\"og:locale\" content=\"es_ES\" \/>\n<meta property=\"og:type\" content=\"article\" \/>\n<meta property=\"og:title\" content=\"SE INAUGURO LA MUESTRA ITINERANTE DEL MUSEO DE LA INFANTERIA DE LA ARMADA SOBRE MALVINAS - CELTTV\" \/>\n<meta property=\"og:description\" content=\"Sitio web de noticias de la localidad de Tornquist, provincia de Buenos Aires, Rep\u00fablica Argentina. Contenido propio originado por periodistas de CELTTV, el canal de TV local de la Cooperativa El\u00e9ctrica de Tornquist. Turismo, Pol\u00edtica, Sociedad, Deporte, Cultura y todo el contenido de inter\u00e9s general que la gente del pueblo y la regi\u00f3n debe conocer.\" \/>\n<meta property=\"og:url\" content=\"https:\/\/www.celttv.com.ar\/index.php\/2012\/04\/26\/se-inauguro-la-muestra-itinerante-del-museo-de-la-infanteria-de-la-armada-sobre-malvinas\/\" \/>\n<meta property=\"og:site_name\" content=\"CELTTV\" \/>\n<meta property=\"article:publisher\" content=\"https:\/\/www.facebook.com\/celtTV\/\" \/>\n<meta property=\"article:published_time\" content=\"2012-04-26T16:22:48+00:00\" \/>\n<meta name=\"author\" content=\"ulises\" \/>\n<meta name=\"twitter:card\" content=\"summary_large_image\" \/>\n<meta name=\"twitter:label1\" content=\"Escrito por\" \/>\n\t<meta name=\"twitter:data1\" content=\"ulises\" \/>\n\t<meta name=\"twitter:label2\" content=\"Tiempo de lectura\" \/>\n\t<meta name=\"twitter:data2\" content=\"1 minuto\" \/>\n<script type=\"application\/ld+json\" class=\"yoast-schema-graph\">{\"@context\":\"https:\/\/schema.org\",\"@graph\":[{\"@type\":\"NewsArticle\",\"@id\":\"https:\/\/www.celttv.com.ar\/index.php\/2012\/04\/26\/se-inauguro-la-muestra-itinerante-del-museo-de-la-infanteria-de-la-armada-sobre-malvinas\/#article\",\"isPartOf\":{\"@id\":\"https:\/\/www.celttv.com.ar\/index.php\/2012\/04\/26\/se-inauguro-la-muestra-itinerante-del-museo-de-la-infanteria-de-la-armada-sobre-malvinas\/\"},\"author\":{\"name\":\"ulises\",\"@id\":\"https:\/\/www.celttv.com.ar\/#\/schema\/person\/6d99c072dba59953809c81446e9d0ace\"},\"headline\":\"SE INAUGURO LA MUESTRA ITINERANTE DEL MUSEO DE LA INFANTERIA DE LA ARMADA SOBRE MALVINAS\",\"datePublished\":\"2012-04-26T16:22:48+00:00\",\"dateModified\":\"2012-04-26T16:22:48+00:00\",\"mainEntityOfPage\":{\"@id\":\"https:\/\/www.celttv.com.ar\/index.php\/2012\/04\/26\/se-inauguro-la-muestra-itinerante-del-museo-de-la-infanteria-de-la-armada-sobre-malvinas\/\"},\"wordCount\":260,\"publisher\":{\"@id\":\"https:\/\/www.celttv.com.ar\/#organization\"},\"articleSection\":[\"Comunidad\",\"Destacadas\",\"Pol\u00edtica\"],\"inLanguage\":\"es\"},{\"@type\":\"WebPage\",\"@id\":\"https:\/\/www.celttv.com.ar\/index.php\/2012\/04\/26\/se-inauguro-la-muestra-itinerante-del-museo-de-la-infanteria-de-la-armada-sobre-malvinas\/\",\"url\":\"https:\/\/www.celttv.com.ar\/index.php\/2012\/04\/26\/se-inauguro-la-muestra-itinerante-del-museo-de-la-infanteria-de-la-armada-sobre-malvinas\/\",\"name\":\"SE INAUGURO LA MUESTRA ITINERANTE DEL MUSEO DE LA INFANTERIA DE LA ARMADA SOBRE MALVINAS - CELTTV\",\"isPartOf\":{\"@id\":\"https:\/\/www.celttv.com.ar\/#website\"},\"datePublished\":\"2012-04-26T16:22:48+00:00\",\"dateModified\":\"2012-04-26T16:22:48+00:00\",\"description\":\"Sitio web de noticias de la localidad de Tornquist, provincia de Buenos Aires, Rep\u00fablica Argentina. Contenido propio originado por periodistas de CELTTV, el canal de TV local de la Cooperativa El\u00e9ctrica de Tornquist. Turismo, Pol\u00edtica, Sociedad, Deporte, Cultura y todo el contenido de inter\u00e9s general que la gente del pueblo y la regi\u00f3n debe conocer.\",\"breadcrumb\":{\"@id\":\"https:\/\/www.celttv.com.ar\/index.php\/2012\/04\/26\/se-inauguro-la-muestra-itinerante-del-museo-de-la-infanteria-de-la-armada-sobre-malvinas\/#breadcrumb\"},\"inLanguage\":\"es\",\"potentialAction\":[{\"@type\":\"ReadAction\",\"target\":[\"https:\/\/www.celttv.com.ar\/index.php\/2012\/04\/26\/se-inauguro-la-muestra-itinerante-del-museo-de-la-infanteria-de-la-armada-sobre-malvinas\/\"]}]},{\"@type\":\"BreadcrumbList\",\"@id\":\"https:\/\/www.celttv.com.ar\/index.php\/2012\/04\/26\/se-inauguro-la-muestra-itinerante-del-museo-de-la-infanteria-de-la-armada-sobre-malvinas\/#breadcrumb\",\"itemListElement\":[{\"@type\":\"ListItem\",\"position\":1,\"name\":\"Inicio\",\"item\":\"https:\/\/www.celttv.com.ar\/\"},{\"@type\":\"ListItem\",\"position\":2,\"name\":\"SE INAUGURO LA MUESTRA ITINERANTE DEL MUSEO DE LA INFANTERIA DE LA ARMADA SOBRE MALVINAS\"}]},{\"@type\":\"WebSite\",\"@id\":\"https:\/\/www.celttv.com.ar\/#website\",\"url\":\"https:\/\/www.celttv.com.ar\/\",\"name\":\"CELTTV\",\"description\":\"Cooperativa El\u00e9ctrica de Tornquist\",\"publisher\":{\"@id\":\"https:\/\/www.celttv.com.ar\/#organization\"},\"potentialAction\":[{\"@type\":\"SearchAction\",\"target\":{\"@type\":\"EntryPoint\",\"urlTemplate\":\"https:\/\/www.celttv.com.ar\/?s={search_term_string}\"},\"query-input\":\"required name=search_term_string\"}],\"inLanguage\":\"es\"},{\"@type\":\"Organization\",\"@id\":\"https:\/\/www.celttv.com.ar\/#organization\",\"name\":\"CELTTV\",\"url\":\"https:\/\/www.celttv.com.ar\/\",\"sameAs\":[\"https:\/\/www.youtube.com\/channel\/UCz_oIt8Hig64Ub-EmcNPIhg\",\"https:\/\/www.facebook.com\/celtTV\/\"],\"logo\":{\"@type\":\"ImageObject\",\"inLanguage\":\"es\",\"@id\":\"https:\/\/www.celttv.com.ar\/#\/schema\/logo\/image\/\",\"url\":\"http:\/\/www.celttv.com.ar\/wp-content\/uploads\/2022\/08\/logo-1.png\",\"contentUrl\":\"http:\/\/www.celttv.com.ar\/wp-content\/uploads\/2022\/08\/logo-1.png\",\"width\":461,\"height\":159,\"caption\":\"CELTTV\"},\"image\":{\"@id\":\"https:\/\/www.celttv.com.ar\/#\/schema\/logo\/image\/\"}},{\"@type\":\"Person\",\"@id\":\"https:\/\/www.celttv.com.ar\/#\/schema\/person\/6d99c072dba59953809c81446e9d0ace\",\"name\":\"ulises\",\"image\":{\"@type\":\"ImageObject\",\"inLanguage\":\"es\",\"@id\":\"https:\/\/www.celttv.com.ar\/#\/schema\/person\/image\/\",\"url\":\"https:\/\/secure.gravatar.com\/avatar\/7f2c48bdc33b30088f941fb6082e555f2874c98e20cb159d7b92b50eadfce793?s=96&d=mm&r=g\",\"contentUrl\":\"https:\/\/secure.gravatar.com\/avatar\/7f2c48bdc33b30088f941fb6082e555f2874c98e20cb159d7b92b50eadfce793?s=96&d=mm&r=g\",\"caption\":\"ulises\"},\"sameAs\":[\"http:\/\/www.celttv.com.ar\"]}]}<\/script>\n<!-- \/ Yoast SEO plugin. -->","yoast_head_json":{"title":"SE INAUGURO LA MUESTRA ITINERANTE DEL MUSEO DE LA INFANTERIA DE LA ARMADA SOBRE MALVINAS - CELTTV","description":"Sitio web de noticias de la localidad de Tornquist, provincia de Buenos Aires, Rep\u00fablica Argentina. Contenido propio originado por periodistas de CELTTV, el canal de TV local de la Cooperativa El\u00e9ctrica de Tornquist. Turismo, Pol\u00edtica, Sociedad, Deporte, Cultura y todo el contenido de inter\u00e9s general que la gente del pueblo y la regi\u00f3n debe conocer.","robots":{"index":"index","follow":"follow","max-snippet":"max-snippet:-1","max-image-preview":"max-image-preview:large","max-video-preview":"max-video-preview:-1"},"canonical":"https:\/\/www.celttv.com.ar\/index.php\/2012\/04\/26\/se-inauguro-la-muestra-itinerante-del-museo-de-la-infanteria-de-la-armada-sobre-malvinas\/","og_locale":"es_ES","og_type":"article","og_title":"SE INAUGURO LA MUESTRA ITINERANTE DEL MUSEO DE LA INFANTERIA DE LA ARMADA SOBRE MALVINAS - CELTTV","og_description":"Sitio web de noticias de la localidad de Tornquist, provincia de Buenos Aires, Rep\u00fablica Argentina. Contenido propio originado por periodistas de CELTTV, el canal de TV local de la Cooperativa El\u00e9ctrica de Tornquist. Turismo, Pol\u00edtica, Sociedad, Deporte, Cultura y todo el contenido de inter\u00e9s general que la gente del pueblo y la regi\u00f3n debe conocer.","og_url":"https:\/\/www.celttv.com.ar\/index.php\/2012\/04\/26\/se-inauguro-la-muestra-itinerante-del-museo-de-la-infanteria-de-la-armada-sobre-malvinas\/","og_site_name":"CELTTV","article_publisher":"https:\/\/www.facebook.com\/celtTV\/","article_published_time":"2012-04-26T16:22:48+00:00","author":"ulises","twitter_card":"summary_large_image","twitter_misc":{"Escrito por":"ulises","Tiempo de lectura":"1 minuto"},"schema":{"@context":"https:\/\/schema.org","@graph":[{"@type":"NewsArticle","@id":"https:\/\/www.celttv.com.ar\/index.php\/2012\/04\/26\/se-inauguro-la-muestra-itinerante-del-museo-de-la-infanteria-de-la-armada-sobre-malvinas\/#article","isPartOf":{"@id":"https:\/\/www.celttv.com.ar\/index.php\/2012\/04\/26\/se-inauguro-la-muestra-itinerante-del-museo-de-la-infanteria-de-la-armada-sobre-malvinas\/"},"author":{"name":"ulises","@id":"https:\/\/www.celttv.com.ar\/#\/schema\/person\/6d99c072dba59953809c81446e9d0ace"},"headline":"SE INAUGURO LA MUESTRA ITINERANTE DEL MUSEO DE LA INFANTERIA DE LA ARMADA SOBRE MALVINAS","datePublished":"2012-04-26T16:22:48+00:00","dateModified":"2012-04-26T16:22:48+00:00","mainEntityOfPage":{"@id":"https:\/\/www.celttv.com.ar\/index.php\/2012\/04\/26\/se-inauguro-la-muestra-itinerante-del-museo-de-la-infanteria-de-la-armada-sobre-malvinas\/"},"wordCount":260,"publisher":{"@id":"https:\/\/www.celttv.com.ar\/#organization"},"articleSection":["Comunidad","Destacadas","Pol\u00edtica"],"inLanguage":"es"},{"@type":"WebPage","@id":"https:\/\/www.celttv.com.ar\/index.php\/2012\/04\/26\/se-inauguro-la-muestra-itinerante-del-museo-de-la-infanteria-de-la-armada-sobre-malvinas\/","url":"https:\/\/www.celttv.com.ar\/index.php\/2012\/04\/26\/se-inauguro-la-muestra-itinerante-del-museo-de-la-infanteria-de-la-armada-sobre-malvinas\/","name":"SE INAUGURO LA MUESTRA ITINERANTE DEL MUSEO DE LA INFANTERIA DE LA ARMADA SOBRE MALVINAS - CELTTV","isPartOf":{"@id":"https:\/\/www.celttv.com.ar\/#website"},"datePublished":"2012-04-26T16:22:48+00:00","dateModified":"2012-04-26T16:22:48+00:00","description":"Sitio web de noticias de la localidad de Tornquist, provincia de Buenos Aires, Rep\u00fablica Argentina. Contenido propio originado por periodistas de CELTTV, el canal de TV local de la Cooperativa El\u00e9ctrica de Tornquist. Turismo, Pol\u00edtica, Sociedad, Deporte, Cultura y todo el contenido de inter\u00e9s general que la gente del pueblo y la regi\u00f3n debe conocer.","breadcrumb":{"@id":"https:\/\/www.celttv.com.ar\/index.php\/2012\/04\/26\/se-inauguro-la-muestra-itinerante-del-museo-de-la-infanteria-de-la-armada-sobre-malvinas\/#breadcrumb"},"inLanguage":"es","potentialAction":[{"@type":"ReadAction","target":["https:\/\/www.celttv.com.ar\/index.php\/2012\/04\/26\/se-inauguro-la-muestra-itinerante-del-museo-de-la-infanteria-de-la-armada-sobre-malvinas\/"]}]},{"@type":"BreadcrumbList","@id":"https:\/\/www.celttv.com.ar\/index.php\/2012\/04\/26\/se-inauguro-la-muestra-itinerante-del-museo-de-la-infanteria-de-la-armada-sobre-malvinas\/#breadcrumb","itemListElement":[{"@type":"ListItem","position":1,"name":"Inicio","item":"https:\/\/www.celttv.com.ar\/"},{"@type":"ListItem","position":2,"name":"SE INAUGURO LA MUESTRA ITINERANTE DEL MUSEO DE LA INFANTERIA DE LA ARMADA SOBRE MALVINAS"}]},{"@type":"WebSite","@id":"https:\/\/www.celttv.com.ar\/#website","url":"https:\/\/www.celttv.com.ar\/","name":"CELTTV","description":"Cooperativa El\u00e9ctrica de Tornquist","publisher":{"@id":"https:\/\/www.celttv.com.ar\/#organization"},"potentialAction":[{"@type":"SearchAction","target":{"@type":"EntryPoint","urlTemplate":"https:\/\/www.celttv.com.ar\/?s={search_term_string}"},"query-input":"required name=search_term_string"}],"inLanguage":"es"},{"@type":"Organization","@id":"https:\/\/www.celttv.com.ar\/#organization","name":"CELTTV","url":"https:\/\/www.celttv.com.ar\/","sameAs":["https:\/\/www.youtube.com\/channel\/UCz_oIt8Hig64Ub-EmcNPIhg","https:\/\/www.facebook.com\/celtTV\/"],"logo":{"@type":"ImageObject","inLanguage":"es","@id":"https:\/\/www.celttv.com.ar\/#\/schema\/logo\/image\/","url":"http:\/\/www.celttv.com.ar\/wp-content\/uploads\/2022\/08\/logo-1.png","contentUrl":"http:\/\/www.celttv.com.ar\/wp-content\/uploads\/2022\/08\/logo-1.png","width":461,"height":159,"caption":"CELTTV"},"image":{"@id":"https:\/\/www.celttv.com.ar\/#\/schema\/logo\/image\/"}},{"@type":"Person","@id":"https:\/\/www.celttv.com.ar\/#\/schema\/person\/6d99c072dba59953809c81446e9d0ace","name":"ulises","image":{"@type":"ImageObject","inLanguage":"es","@id":"https:\/\/www.celttv.com.ar\/#\/schema\/person\/image\/","url":"https:\/\/secure.gravatar.com\/avatar\/7f2c48bdc33b30088f941fb6082e555f2874c98e20cb159d7b92b50eadfce793?s=96&d=mm&r=g","contentUrl":"https:\/\/secure.gravatar.com\/avatar\/7f2c48bdc33b30088f941fb6082e555f2874c98e20cb159d7b92b50eadfce793?s=96&d=mm&r=g","caption":"ulises"},"sameAs":["http:\/\/www.celttv.com.ar"]}]}},"_links":{"self":[{"href":"https:\/\/www.celttv.com.ar\/index.php\/wp-json\/wp\/v2\/posts\/6270","targetHints":{"allow":["GET"]}}],"collection":[{"href":"https:\/\/www.celttv.com.ar\/index.php\/wp-json\/wp\/v2\/posts"}],"about":[{"href":"https:\/\/www.celttv.com.ar\/index.php\/wp-json\/wp\/v2\/types\/post"}],"author":[{"embeddable":true,"href":"https:\/\/www.celttv.com.ar\/index.php\/wp-json\/wp\/v2\/users\/1"}],"replies":[{"embeddable":true,"href":"https:\/\/www.celttv.com.ar\/index.php\/wp-json\/wp\/v2\/comments?post=6270"}],"version-history":[{"count":0,"href":"https:\/\/www.celttv.com.ar\/index.php\/wp-json\/wp\/v2\/posts\/6270\/revisions"}],"wp:attachment":[{"href":"https:\/\/www.celttv.com.ar\/index.php\/wp-json\/wp\/v2\/media?parent=6270"}],"wp:term":[{"taxonomy":"category","embeddable":true,"href":"https:\/\/www.celttv.com.ar\/index.php\/wp-json\/wp\/v2\/categories?post=6270"},{"taxonomy":"post_tag","embeddable":true,"href":"https:\/\/www.celttv.com.ar\/index.php\/wp-json\/wp\/v2\/tags?post=6270"}],"curies":[{"name":"wp","href":"https:\/\/api.w.org\/{rel}","templated":true}]}}