{"id":62774,"date":"2021-12-24T14:12:44","date_gmt":"2021-12-24T14:12:44","guid":{"rendered":"http:\/\/www.celttv.com.ar\/?p=62774"},"modified":"2021-12-24T14:12:44","modified_gmt":"2021-12-24T14:12:44","slug":"urriaga-comienzan-las-clases-de-natacion-en-el-complejo-de-piscinas-municipales","status":"publish","type":"post","link":"https:\/\/www.celttv.com.ar\/index.php\/2021\/12\/24\/urriaga-comienzan-las-clases-de-natacion-en-el-complejo-de-piscinas-municipales\/","title":{"rendered":"Urriaga: &#8220;Comienzan las clases de nataci\u00f3n en el complejo de piscinas municipales&#8221;"},"content":{"rendered":"\n<p>La Directora de Deportes, profesora Sof\u00eda Urriaga, confirm\u00f3 que a partir del 4 de enero comienzan las clases de nataci\u00f3n en el complejo de piscinas municipales de Tornquist.<\/p>\n\n\n\n<p>Urriaga remarc\u00f3 que se encuentra abierta la inscripci\u00f3n a la Escuela Municipal de Nataci\u00f3n, nataci\u00f3n para adultos, aquagym y matronataci\u00f3n.<\/p>\n\n\n\n<p><strong>Escuela de Nataci\u00f3nde 4 a 18 a\u00f1os (gratis):<\/strong><\/p>\n\n\n\n<p>Martes, jueves y viernes de 10 a 11 y de 11 a 12 hs;<\/p>\n\n\n\n<p>Profesores: Ivana Schmidtke, Gustavo Graff, Juan Gisler,LilenChulivery Marcelo Berdini;<\/p>\n\n\n\n<p>Inscripciones en&nbsp;<a href=\"mailto:deportestornquist@gmail.com\">deportestornquist@gmail.com<\/a>. Enviar nombre y apellido, edad, fecha de nacimiento, nombre y n\u00famero de contacto y horario a elegir: 10 u 11 hs.<\/p>\n\n\n\n<p><strong>Nataci\u00f3n para adultos (gratis):<\/strong><\/p>\n\n\n\n<p>Martes, jueves y viernes de 13 a 14 hs;<\/p>\n\n\n\n<p>Inscripciones al 2915740633<\/p>\n\n\n\n<p>Profesora: Ivana Schmidtke<\/p>\n\n\n\n<p><strong>Matronataci\u00f3n<\/strong><\/p>\n\n\n\n<p>Lunes y mi\u00e9rcoles 13hs<\/p>\n\n\n\n<p>Consultas e Inscripciones: 291474-6704<\/p>\n\n\n\n<p>Profesora: Lil\u00e9nChuliver<\/p>\n\n\n\n<p><strong>Aquagym<\/strong><\/p>\n\n\n\n<p>Lunes y mi\u00e9rcoles: 13hs<\/p>\n\n\n\n<p>Consultas e Inscripciones: 2915164431<\/p>\n\n\n\n<p>Profesora: Juliana Romero<\/p>\n\n\n\n<figure class=\"wp-block-embed is-type-video is-provider-youtube wp-block-embed-youtube wp-embed-aspect-16-9 wp-has-aspect-ratio\"><div class=\"wp-block-embed__wrapper\">\n<iframe loading=\"lazy\" title=\"2021 12 23 NOTA A SOFIA URRIAGA   CLASES DE NATACION\" width=\"500\" height=\"281\" src=\"https:\/\/www.youtube.com\/embed\/Lj7G3rpgJFg?feature=oembed\" frameborder=\"0\" allow=\"accelerometer; autoplay; clipboard-write; encrypted-media; gyroscope; picture-in-picture; web-share\" referrerpolicy=\"strict-origin-when-cross-origin\" allowfullscreen><\/iframe>\n<\/div><\/figure>\n\n\n\n<figure class=\"wp-block-image size-large\"><img loading=\"lazy\" decoding=\"async\" width=\"1024\" height=\"768\" src=\"http:\/\/www.celttv.com.ar\/wp-content\/uploads\/2021\/12\/28d3da26-7bae-4a72-984c-eb272d68e3db-1024x768.jpg\" alt=\"\" class=\"wp-image-62789\" srcset=\"https:\/\/www.celttv.com.ar\/wp-content\/uploads\/2021\/12\/28d3da26-7bae-4a72-984c-eb272d68e3db-1024x768.jpg 1024w, https:\/\/www.celttv.com.ar\/wp-content\/uploads\/2021\/12\/28d3da26-7bae-4a72-984c-eb272d68e3db-300x225.jpg 300w, https:\/\/www.celttv.com.ar\/wp-content\/uploads\/2021\/12\/28d3da26-7bae-4a72-984c-eb272d68e3db-768x576.jpg 768w, https:\/\/www.celttv.com.ar\/wp-content\/uploads\/2021\/12\/28d3da26-7bae-4a72-984c-eb272d68e3db-750x563.jpg 750w, https:\/\/www.celttv.com.ar\/wp-content\/uploads\/2021\/12\/28d3da26-7bae-4a72-984c-eb272d68e3db-1140x855.jpg 1140w, https:\/\/www.celttv.com.ar\/wp-content\/uploads\/2021\/12\/28d3da26-7bae-4a72-984c-eb272d68e3db.jpg 1280w\" sizes=\"auto, (max-width: 1024px) 100vw, 1024px\" \/><\/figure>\n","protected":false},"excerpt":{"rendered":"<p>La Directora de Deportes, profesora Sof\u00eda Urriaga, confirm\u00f3 que a partir del 4 de enero comienzan las clases de nataci\u00f3n en el complejo de piscinas municipales de Tornquist. Urriaga remarc\u00f3 que se encuentra abierta la inscripci\u00f3n a la Escuela Municipal de Nataci\u00f3n, nataci\u00f3n para adultos, aquagym y matronataci\u00f3n. Escuela de Nataci\u00f3nde 4 a 18 a\u00f1os [&hellip;]<\/p>\n","protected":false},"author":1,"featured_media":62789,"comment_status":"closed","ping_status":"open","sticky":false,"template":"","format":"standard","meta":{"footnotes":""},"categories":[55,51,60,62,52,63],"tags":[],"class_list":["post-62774","post","type-post","status-publish","format-standard","has-post-thumbnail","hentry","category-celt-tv-noticias","category-comunidad","category-deporte","category-deportes","category-destacadas","category-magazine-sport"],"yoast_head":"<!-- This site is optimized with the Yoast SEO plugin v19.7.1 - https:\/\/yoast.com\/wordpress\/plugins\/seo\/ -->\n<title>Urriaga: &quot;Comienzan las clases de nataci\u00f3n en el complejo de piscinas municipales&quot; - CELTTV<\/title>\n<meta name=\"description\" content=\"Sitio web de noticias de la localidad de Tornquist, provincia de Buenos Aires, Rep\u00fablica Argentina. Contenido propio originado por periodistas de CELTTV, el canal de TV local de la Cooperativa El\u00e9ctrica de Tornquist. Turismo, Pol\u00edtica, Sociedad, Deporte, Cultura y todo el contenido de inter\u00e9s general que la gente del pueblo y la regi\u00f3n debe conocer.\" \/>\n<meta name=\"robots\" content=\"index, follow, max-snippet:-1, max-image-preview:large, max-video-preview:-1\" \/>\n<link rel=\"canonical\" href=\"https:\/\/www.celttv.com.ar\/index.php\/2021\/12\/24\/urriaga-comienzan-las-clases-de-natacion-en-el-complejo-de-piscinas-municipales\/\" \/>\n<meta property=\"og:locale\" content=\"es_ES\" \/>\n<meta property=\"og:type\" content=\"article\" \/>\n<meta property=\"og:title\" content=\"Urriaga: &quot;Comienzan las clases de nataci\u00f3n en el complejo de piscinas municipales&quot; - CELTTV\" \/>\n<meta property=\"og:description\" content=\"Sitio web de noticias de la localidad de Tornquist, provincia de Buenos Aires, Rep\u00fablica Argentina. Contenido propio originado por periodistas de CELTTV, el canal de TV local de la Cooperativa El\u00e9ctrica de Tornquist. Turismo, Pol\u00edtica, Sociedad, Deporte, Cultura y todo el contenido de inter\u00e9s general que la gente del pueblo y la regi\u00f3n debe conocer.\" \/>\n<meta property=\"og:url\" content=\"https:\/\/www.celttv.com.ar\/index.php\/2021\/12\/24\/urriaga-comienzan-las-clases-de-natacion-en-el-complejo-de-piscinas-municipales\/\" \/>\n<meta property=\"og:site_name\" content=\"CELTTV\" \/>\n<meta property=\"article:publisher\" content=\"https:\/\/www.facebook.com\/celtTV\/\" \/>\n<meta property=\"article:published_time\" content=\"2021-12-24T14:12:44+00:00\" \/>\n<meta property=\"og:image\" content=\"https:\/\/www.celttv.com.ar\/wp-content\/uploads\/2021\/12\/28d3da26-7bae-4a72-984c-eb272d68e3db.jpg\" \/>\n\t<meta property=\"og:image:width\" content=\"1280\" \/>\n\t<meta property=\"og:image:height\" content=\"960\" \/>\n\t<meta property=\"og:image:type\" content=\"image\/jpeg\" \/>\n<meta name=\"author\" content=\"ulises\" \/>\n<meta name=\"twitter:card\" content=\"summary_large_image\" \/>\n<meta name=\"twitter:label1\" content=\"Escrito por\" \/>\n\t<meta name=\"twitter:data1\" content=\"ulises\" \/>\n\t<meta name=\"twitter:label2\" content=\"Tiempo de lectura\" \/>\n\t<meta name=\"twitter:data2\" content=\"1 minuto\" \/>\n<script type=\"application\/ld+json\" class=\"yoast-schema-graph\">{\"@context\":\"https:\/\/schema.org\",\"@graph\":[{\"@type\":\"NewsArticle\",\"@id\":\"https:\/\/www.celttv.com.ar\/index.php\/2021\/12\/24\/urriaga-comienzan-las-clases-de-natacion-en-el-complejo-de-piscinas-municipales\/#article\",\"isPartOf\":{\"@id\":\"https:\/\/www.celttv.com.ar\/index.php\/2021\/12\/24\/urriaga-comienzan-las-clases-de-natacion-en-el-complejo-de-piscinas-municipales\/\"},\"author\":{\"name\":\"ulises\",\"@id\":\"https:\/\/www.celttv.com.ar\/#\/schema\/person\/6d99c072dba59953809c81446e9d0ace\"},\"headline\":\"Urriaga: &#8220;Comienzan las clases de nataci\u00f3n en el complejo de piscinas municipales&#8221;\",\"datePublished\":\"2021-12-24T14:12:44+00:00\",\"dateModified\":\"2021-12-24T14:12:44+00:00\",\"mainEntityOfPage\":{\"@id\":\"https:\/\/www.celttv.com.ar\/index.php\/2021\/12\/24\/urriaga-comienzan-las-clases-de-natacion-en-el-complejo-de-piscinas-municipales\/\"},\"wordCount\":169,\"publisher\":{\"@id\":\"https:\/\/www.celttv.com.ar\/#organization\"},\"articleSection\":[\"Celt TV Noticias\",\"Comunidad\",\"Deporte\",\"Deportes\",\"Destacadas\",\"Magazine Sport\"],\"inLanguage\":\"es\"},{\"@type\":\"WebPage\",\"@id\":\"https:\/\/www.celttv.com.ar\/index.php\/2021\/12\/24\/urriaga-comienzan-las-clases-de-natacion-en-el-complejo-de-piscinas-municipales\/\",\"url\":\"https:\/\/www.celttv.com.ar\/index.php\/2021\/12\/24\/urriaga-comienzan-las-clases-de-natacion-en-el-complejo-de-piscinas-municipales\/\",\"name\":\"Urriaga: \\\"Comienzan las clases de nataci\u00f3n en el complejo de piscinas municipales\\\" - CELTTV\",\"isPartOf\":{\"@id\":\"https:\/\/www.celttv.com.ar\/#website\"},\"datePublished\":\"2021-12-24T14:12:44+00:00\",\"dateModified\":\"2021-12-24T14:12:44+00:00\",\"description\":\"Sitio web de noticias de la localidad de Tornquist, provincia de Buenos Aires, Rep\u00fablica Argentina. Contenido propio originado por periodistas de CELTTV, el canal de TV local de la Cooperativa El\u00e9ctrica de Tornquist. Turismo, Pol\u00edtica, Sociedad, Deporte, Cultura y todo el contenido de inter\u00e9s general que la gente del pueblo y la regi\u00f3n debe conocer.\",\"breadcrumb\":{\"@id\":\"https:\/\/www.celttv.com.ar\/index.php\/2021\/12\/24\/urriaga-comienzan-las-clases-de-natacion-en-el-complejo-de-piscinas-municipales\/#breadcrumb\"},\"inLanguage\":\"es\",\"potentialAction\":[{\"@type\":\"ReadAction\",\"target\":[\"https:\/\/www.celttv.com.ar\/index.php\/2021\/12\/24\/urriaga-comienzan-las-clases-de-natacion-en-el-complejo-de-piscinas-municipales\/\"]}]},{\"@type\":\"BreadcrumbList\",\"@id\":\"https:\/\/www.celttv.com.ar\/index.php\/2021\/12\/24\/urriaga-comienzan-las-clases-de-natacion-en-el-complejo-de-piscinas-municipales\/#breadcrumb\",\"itemListElement\":[{\"@type\":\"ListItem\",\"position\":1,\"name\":\"Inicio\",\"item\":\"https:\/\/www.celttv.com.ar\/\"},{\"@type\":\"ListItem\",\"position\":2,\"name\":\"Urriaga: &#8220;Comienzan las clases de nataci\u00f3n en el complejo de piscinas municipales&#8221;\"}]},{\"@type\":\"WebSite\",\"@id\":\"https:\/\/www.celttv.com.ar\/#website\",\"url\":\"https:\/\/www.celttv.com.ar\/\",\"name\":\"CELTTV\",\"description\":\"Cooperativa El\u00e9ctrica de Tornquist\",\"publisher\":{\"@id\":\"https:\/\/www.celttv.com.ar\/#organization\"},\"potentialAction\":[{\"@type\":\"SearchAction\",\"target\":{\"@type\":\"EntryPoint\",\"urlTemplate\":\"https:\/\/www.celttv.com.ar\/?s={search_term_string}\"},\"query-input\":\"required name=search_term_string\"}],\"inLanguage\":\"es\"},{\"@type\":\"Organization\",\"@id\":\"https:\/\/www.celttv.com.ar\/#organization\",\"name\":\"CELTTV\",\"url\":\"https:\/\/www.celttv.com.ar\/\",\"sameAs\":[\"https:\/\/www.youtube.com\/channel\/UCz_oIt8Hig64Ub-EmcNPIhg\",\"https:\/\/www.facebook.com\/celtTV\/\"],\"logo\":{\"@type\":\"ImageObject\",\"inLanguage\":\"es\",\"@id\":\"https:\/\/www.celttv.com.ar\/#\/schema\/logo\/image\/\",\"url\":\"http:\/\/www.celttv.com.ar\/wp-content\/uploads\/2022\/08\/logo-1.png\",\"contentUrl\":\"http:\/\/www.celttv.com.ar\/wp-content\/uploads\/2022\/08\/logo-1.png\",\"width\":461,\"height\":159,\"caption\":\"CELTTV\"},\"image\":{\"@id\":\"https:\/\/www.celttv.com.ar\/#\/schema\/logo\/image\/\"}},{\"@type\":\"Person\",\"@id\":\"https:\/\/www.celttv.com.ar\/#\/schema\/person\/6d99c072dba59953809c81446e9d0ace\",\"name\":\"ulises\",\"image\":{\"@type\":\"ImageObject\",\"inLanguage\":\"es\",\"@id\":\"https:\/\/www.celttv.com.ar\/#\/schema\/person\/image\/\",\"url\":\"https:\/\/secure.gravatar.com\/avatar\/7f2c48bdc33b30088f941fb6082e555f2874c98e20cb159d7b92b50eadfce793?s=96&d=mm&r=g\",\"contentUrl\":\"https:\/\/secure.gravatar.com\/avatar\/7f2c48bdc33b30088f941fb6082e555f2874c98e20cb159d7b92b50eadfce793?s=96&d=mm&r=g\",\"caption\":\"ulises\"},\"sameAs\":[\"http:\/\/www.celttv.com.ar\"]}]}<\/script>\n<!-- \/ Yoast SEO plugin. -->","yoast_head_json":{"title":"Urriaga: \"Comienzan las clases de nataci\u00f3n en el complejo de piscinas municipales\" - CELTTV","description":"Sitio web de noticias de la localidad de Tornquist, provincia de Buenos Aires, Rep\u00fablica Argentina. Contenido propio originado por periodistas de CELTTV, el canal de TV local de la Cooperativa El\u00e9ctrica de Tornquist. Turismo, Pol\u00edtica, Sociedad, Deporte, Cultura y todo el contenido de inter\u00e9s general que la gente del pueblo y la regi\u00f3n debe conocer.","robots":{"index":"index","follow":"follow","max-snippet":"max-snippet:-1","max-image-preview":"max-image-preview:large","max-video-preview":"max-video-preview:-1"},"canonical":"https:\/\/www.celttv.com.ar\/index.php\/2021\/12\/24\/urriaga-comienzan-las-clases-de-natacion-en-el-complejo-de-piscinas-municipales\/","og_locale":"es_ES","og_type":"article","og_title":"Urriaga: \"Comienzan las clases de nataci\u00f3n en el complejo de piscinas municipales\" - CELTTV","og_description":"Sitio web de noticias de la localidad de Tornquist, provincia de Buenos Aires, Rep\u00fablica Argentina. Contenido propio originado por periodistas de CELTTV, el canal de TV local de la Cooperativa El\u00e9ctrica de Tornquist. Turismo, Pol\u00edtica, Sociedad, Deporte, Cultura y todo el contenido de inter\u00e9s general que la gente del pueblo y la regi\u00f3n debe conocer.","og_url":"https:\/\/www.celttv.com.ar\/index.php\/2021\/12\/24\/urriaga-comienzan-las-clases-de-natacion-en-el-complejo-de-piscinas-municipales\/","og_site_name":"CELTTV","article_publisher":"https:\/\/www.facebook.com\/celtTV\/","article_published_time":"2021-12-24T14:12:44+00:00","og_image":[{"width":1280,"height":960,"url":"https:\/\/www.celttv.com.ar\/wp-content\/uploads\/2021\/12\/28d3da26-7bae-4a72-984c-eb272d68e3db.jpg","type":"image\/jpeg"}],"author":"ulises","twitter_card":"summary_large_image","twitter_misc":{"Escrito por":"ulises","Tiempo de lectura":"1 minuto"},"schema":{"@context":"https:\/\/schema.org","@graph":[{"@type":"NewsArticle","@id":"https:\/\/www.celttv.com.ar\/index.php\/2021\/12\/24\/urriaga-comienzan-las-clases-de-natacion-en-el-complejo-de-piscinas-municipales\/#article","isPartOf":{"@id":"https:\/\/www.celttv.com.ar\/index.php\/2021\/12\/24\/urriaga-comienzan-las-clases-de-natacion-en-el-complejo-de-piscinas-municipales\/"},"author":{"name":"ulises","@id":"https:\/\/www.celttv.com.ar\/#\/schema\/person\/6d99c072dba59953809c81446e9d0ace"},"headline":"Urriaga: &#8220;Comienzan las clases de nataci\u00f3n en el complejo de piscinas municipales&#8221;","datePublished":"2021-12-24T14:12:44+00:00","dateModified":"2021-12-24T14:12:44+00:00","mainEntityOfPage":{"@id":"https:\/\/www.celttv.com.ar\/index.php\/2021\/12\/24\/urriaga-comienzan-las-clases-de-natacion-en-el-complejo-de-piscinas-municipales\/"},"wordCount":169,"publisher":{"@id":"https:\/\/www.celttv.com.ar\/#organization"},"articleSection":["Celt TV Noticias","Comunidad","Deporte","Deportes","Destacadas","Magazine Sport"],"inLanguage":"es"},{"@type":"WebPage","@id":"https:\/\/www.celttv.com.ar\/index.php\/2021\/12\/24\/urriaga-comienzan-las-clases-de-natacion-en-el-complejo-de-piscinas-municipales\/","url":"https:\/\/www.celttv.com.ar\/index.php\/2021\/12\/24\/urriaga-comienzan-las-clases-de-natacion-en-el-complejo-de-piscinas-municipales\/","name":"Urriaga: \"Comienzan las clases de nataci\u00f3n en el complejo de piscinas municipales\" - CELTTV","isPartOf":{"@id":"https:\/\/www.celttv.com.ar\/#website"},"datePublished":"2021-12-24T14:12:44+00:00","dateModified":"2021-12-24T14:12:44+00:00","description":"Sitio web de noticias de la localidad de Tornquist, provincia de Buenos Aires, Rep\u00fablica Argentina. Contenido propio originado por periodistas de CELTTV, el canal de TV local de la Cooperativa El\u00e9ctrica de Tornquist. Turismo, Pol\u00edtica, Sociedad, Deporte, Cultura y todo el contenido de inter\u00e9s general que la gente del pueblo y la regi\u00f3n debe conocer.","breadcrumb":{"@id":"https:\/\/www.celttv.com.ar\/index.php\/2021\/12\/24\/urriaga-comienzan-las-clases-de-natacion-en-el-complejo-de-piscinas-municipales\/#breadcrumb"},"inLanguage":"es","potentialAction":[{"@type":"ReadAction","target":["https:\/\/www.celttv.com.ar\/index.php\/2021\/12\/24\/urriaga-comienzan-las-clases-de-natacion-en-el-complejo-de-piscinas-municipales\/"]}]},{"@type":"BreadcrumbList","@id":"https:\/\/www.celttv.com.ar\/index.php\/2021\/12\/24\/urriaga-comienzan-las-clases-de-natacion-en-el-complejo-de-piscinas-municipales\/#breadcrumb","itemListElement":[{"@type":"ListItem","position":1,"name":"Inicio","item":"https:\/\/www.celttv.com.ar\/"},{"@type":"ListItem","position":2,"name":"Urriaga: &#8220;Comienzan las clases de nataci\u00f3n en el complejo de piscinas municipales&#8221;"}]},{"@type":"WebSite","@id":"https:\/\/www.celttv.com.ar\/#website","url":"https:\/\/www.celttv.com.ar\/","name":"CELTTV","description":"Cooperativa El\u00e9ctrica de Tornquist","publisher":{"@id":"https:\/\/www.celttv.com.ar\/#organization"},"potentialAction":[{"@type":"SearchAction","target":{"@type":"EntryPoint","urlTemplate":"https:\/\/www.celttv.com.ar\/?s={search_term_string}"},"query-input":"required name=search_term_string"}],"inLanguage":"es"},{"@type":"Organization","@id":"https:\/\/www.celttv.com.ar\/#organization","name":"CELTTV","url":"https:\/\/www.celttv.com.ar\/","sameAs":["https:\/\/www.youtube.com\/channel\/UCz_oIt8Hig64Ub-EmcNPIhg","https:\/\/www.facebook.com\/celtTV\/"],"logo":{"@type":"ImageObject","inLanguage":"es","@id":"https:\/\/www.celttv.com.ar\/#\/schema\/logo\/image\/","url":"http:\/\/www.celttv.com.ar\/wp-content\/uploads\/2022\/08\/logo-1.png","contentUrl":"http:\/\/www.celttv.com.ar\/wp-content\/uploads\/2022\/08\/logo-1.png","width":461,"height":159,"caption":"CELTTV"},"image":{"@id":"https:\/\/www.celttv.com.ar\/#\/schema\/logo\/image\/"}},{"@type":"Person","@id":"https:\/\/www.celttv.com.ar\/#\/schema\/person\/6d99c072dba59953809c81446e9d0ace","name":"ulises","image":{"@type":"ImageObject","inLanguage":"es","@id":"https:\/\/www.celttv.com.ar\/#\/schema\/person\/image\/","url":"https:\/\/secure.gravatar.com\/avatar\/7f2c48bdc33b30088f941fb6082e555f2874c98e20cb159d7b92b50eadfce793?s=96&d=mm&r=g","contentUrl":"https:\/\/secure.gravatar.com\/avatar\/7f2c48bdc33b30088f941fb6082e555f2874c98e20cb159d7b92b50eadfce793?s=96&d=mm&r=g","caption":"ulises"},"sameAs":["http:\/\/www.celttv.com.ar"]}]}},"_links":{"self":[{"href":"https:\/\/www.celttv.com.ar\/index.php\/wp-json\/wp\/v2\/posts\/62774","targetHints":{"allow":["GET"]}}],"collection":[{"href":"https:\/\/www.celttv.com.ar\/index.php\/wp-json\/wp\/v2\/posts"}],"about":[{"href":"https:\/\/www.celttv.com.ar\/index.php\/wp-json\/wp\/v2\/types\/post"}],"author":[{"embeddable":true,"href":"https:\/\/www.celttv.com.ar\/index.php\/wp-json\/wp\/v2\/users\/1"}],"replies":[{"embeddable":true,"href":"https:\/\/www.celttv.com.ar\/index.php\/wp-json\/wp\/v2\/comments?post=62774"}],"version-history":[{"count":0,"href":"https:\/\/www.celttv.com.ar\/index.php\/wp-json\/wp\/v2\/posts\/62774\/revisions"}],"wp:featuredmedia":[{"embeddable":true,"href":"https:\/\/www.celttv.com.ar\/index.php\/wp-json\/wp\/v2\/media\/62789"}],"wp:attachment":[{"href":"https:\/\/www.celttv.com.ar\/index.php\/wp-json\/wp\/v2\/media?parent=62774"}],"wp:term":[{"taxonomy":"category","embeddable":true,"href":"https:\/\/www.celttv.com.ar\/index.php\/wp-json\/wp\/v2\/categories?post=62774"},{"taxonomy":"post_tag","embeddable":true,"href":"https:\/\/www.celttv.com.ar\/index.php\/wp-json\/wp\/v2\/tags?post=62774"}],"curies":[{"name":"wp","href":"https:\/\/api.w.org\/{rel}","templated":true}]}}