{"id":62825,"date":"2021-12-28T01:00:53","date_gmt":"2021-12-28T01:00:53","guid":{"rendered":"http:\/\/www.celttv.com.ar\/?p=62825"},"modified":"2021-12-28T01:00:53","modified_gmt":"2021-12-28T01:00:53","slug":"temporal-voladura-de-techo-e-inundacion-en-viviendas-de-la-ciudad-video","status":"publish","type":"post","link":"https:\/\/www.celttv.com.ar\/index.php\/2021\/12\/28\/temporal-voladura-de-techo-e-inundacion-en-viviendas-de-la-ciudad-video\/","title":{"rendered":"Temporal: Voladura de techo e inundaci\u00f3n en viviendas de la ciudad (Video)"},"content":{"rendered":"\n<p>El fuerte temporal de lluvia y viento que se gener\u00f3 durante varios minutos en la noche del lunes, tuvo como consecuencia la voladura de un techo y la inundaci\u00f3n de una vivienda, ambas en la ciudad cabecera.<\/p>\n\n\n\n<p>El importante milimetraje ca\u00eddo en pocos minutos gener\u00f3 la inundaci\u00f3n de una vivienda ubicada en la Avenida Independencia al 100, lo cual demand\u00f3 de la intervenci\u00f3n de los Bomberos Voluntarios.<\/p>\n\n\n\n<p>Al mismo tiempo, otra dotaci\u00f3n se dirigi\u00f3 a la calle Juan Manuel de Rosas al 180, donde el viento desprendi\u00f3 algunas chapas de una vivienda.<\/p>\n\n\n\n<p>Tras la lluvia y durante varios minutos, las principales avenidas de la ciudad que bajan hacia Rivadavia e Irigoyen, se encontraban totalmente  cubiertas de agua y con algunas ramas ca\u00eddas en boulevares.<\/p>\n\n\n\n<figure class=\"wp-block-embed is-type-video is-provider-youtube wp-block-embed-youtube wp-embed-aspect-16-9 wp-has-aspect-ratio\"><div class=\"wp-block-embed__wrapper\">\n<iframe loading=\"lazy\" title=\"2021 12 27 VOLADURA DE TECHO E INUNDACI\u00d3N EN VIVIENDAS DE TORNQUIST\" width=\"500\" height=\"281\" src=\"https:\/\/www.youtube.com\/embed\/eHrgSLpohwc?feature=oembed\" frameborder=\"0\" allow=\"accelerometer; autoplay; clipboard-write; encrypted-media; gyroscope; picture-in-picture; web-share\" referrerpolicy=\"strict-origin-when-cross-origin\" allowfullscreen><\/iframe>\n<\/div><\/figure>\n\n\n\n<figure class=\"wp-block-image size-large\"><img loading=\"lazy\" decoding=\"async\" width=\"1024\" height=\"768\" src=\"http:\/\/www.celttv.com.ar\/wp-content\/uploads\/2021\/12\/5348c9fc-4287-4a3c-bb2d-16131de4cfe2-1024x768.jpg\" alt=\"\" class=\"wp-image-62826\" srcset=\"https:\/\/www.celttv.com.ar\/wp-content\/uploads\/2021\/12\/5348c9fc-4287-4a3c-bb2d-16131de4cfe2-1024x768.jpg 1024w, https:\/\/www.celttv.com.ar\/wp-content\/uploads\/2021\/12\/5348c9fc-4287-4a3c-bb2d-16131de4cfe2-300x225.jpg 300w, https:\/\/www.celttv.com.ar\/wp-content\/uploads\/2021\/12\/5348c9fc-4287-4a3c-bb2d-16131de4cfe2-768x576.jpg 768w, https:\/\/www.celttv.com.ar\/wp-content\/uploads\/2021\/12\/5348c9fc-4287-4a3c-bb2d-16131de4cfe2-750x563.jpg 750w, https:\/\/www.celttv.com.ar\/wp-content\/uploads\/2021\/12\/5348c9fc-4287-4a3c-bb2d-16131de4cfe2-1140x855.jpg 1140w, https:\/\/www.celttv.com.ar\/wp-content\/uploads\/2021\/12\/5348c9fc-4287-4a3c-bb2d-16131de4cfe2.jpg 1280w\" sizes=\"auto, (max-width: 1024px) 100vw, 1024px\" \/><\/figure>\n\n\n\n<figure class=\"wp-block-image size-large\"><img loading=\"lazy\" decoding=\"async\" width=\"1024\" height=\"768\" src=\"http:\/\/www.celttv.com.ar\/wp-content\/uploads\/2021\/12\/dc211267-e984-4d54-b645-31c7a2b1a0f0-1024x768.jpg\" alt=\"\" class=\"wp-image-62827\" srcset=\"https:\/\/www.celttv.com.ar\/wp-content\/uploads\/2021\/12\/dc211267-e984-4d54-b645-31c7a2b1a0f0-1024x768.jpg 1024w, https:\/\/www.celttv.com.ar\/wp-content\/uploads\/2021\/12\/dc211267-e984-4d54-b645-31c7a2b1a0f0-300x225.jpg 300w, https:\/\/www.celttv.com.ar\/wp-content\/uploads\/2021\/12\/dc211267-e984-4d54-b645-31c7a2b1a0f0-768x576.jpg 768w, https:\/\/www.celttv.com.ar\/wp-content\/uploads\/2021\/12\/dc211267-e984-4d54-b645-31c7a2b1a0f0-750x563.jpg 750w, https:\/\/www.celttv.com.ar\/wp-content\/uploads\/2021\/12\/dc211267-e984-4d54-b645-31c7a2b1a0f0-1140x855.jpg 1140w, https:\/\/www.celttv.com.ar\/wp-content\/uploads\/2021\/12\/dc211267-e984-4d54-b645-31c7a2b1a0f0.jpg 1280w\" sizes=\"auto, (max-width: 1024px) 100vw, 1024px\" \/><\/figure>\n\n\n\n<p>  <\/p>\n","protected":false},"excerpt":{"rendered":"<p>El fuerte temporal de lluvia y viento que se gener\u00f3 durante varios minutos en la noche del lunes, tuvo como consecuencia la voladura de un techo y la inundaci\u00f3n de una vivienda, ambas en la ciudad cabecera. El importante milimetraje ca\u00eddo en pocos minutos gener\u00f3 la inundaci\u00f3n de una vivienda ubicada en la Avenida Independencia [&hellip;]<\/p>\n","protected":false},"author":1,"featured_media":62826,"comment_status":"closed","ping_status":"open","sticky":false,"template":"","format":"standard","meta":{"footnotes":""},"categories":[55,51,52],"tags":[],"class_list":["post-62825","post","type-post","status-publish","format-standard","has-post-thumbnail","hentry","category-celt-tv-noticias","category-comunidad","category-destacadas"],"yoast_head":"<!-- This site is optimized with the Yoast SEO plugin v19.7.1 - https:\/\/yoast.com\/wordpress\/plugins\/seo\/ -->\n<title>Temporal: Voladura de techo e inundaci\u00f3n en viviendas de la ciudad (Video) - CELTTV<\/title>\n<meta name=\"description\" content=\"Sitio web de noticias de la localidad de Tornquist, provincia de Buenos Aires, Rep\u00fablica Argentina. Contenido propio originado por periodistas de CELTTV, el canal de TV local de la Cooperativa El\u00e9ctrica de Tornquist. Turismo, Pol\u00edtica, Sociedad, Deporte, Cultura y todo el contenido de inter\u00e9s general que la gente del pueblo y la regi\u00f3n debe conocer.\" \/>\n<meta name=\"robots\" content=\"index, follow, max-snippet:-1, max-image-preview:large, max-video-preview:-1\" \/>\n<link rel=\"canonical\" href=\"https:\/\/www.celttv.com.ar\/index.php\/2021\/12\/28\/temporal-voladura-de-techo-e-inundacion-en-viviendas-de-la-ciudad-video\/\" \/>\n<meta property=\"og:locale\" content=\"es_ES\" \/>\n<meta property=\"og:type\" content=\"article\" \/>\n<meta property=\"og:title\" content=\"Temporal: Voladura de techo e inundaci\u00f3n en viviendas de la ciudad (Video) - CELTTV\" \/>\n<meta property=\"og:description\" content=\"Sitio web de noticias de la localidad de Tornquist, provincia de Buenos Aires, Rep\u00fablica Argentina. Contenido propio originado por periodistas de CELTTV, el canal de TV local de la Cooperativa El\u00e9ctrica de Tornquist. Turismo, Pol\u00edtica, Sociedad, Deporte, Cultura y todo el contenido de inter\u00e9s general que la gente del pueblo y la regi\u00f3n debe conocer.\" \/>\n<meta property=\"og:url\" content=\"https:\/\/www.celttv.com.ar\/index.php\/2021\/12\/28\/temporal-voladura-de-techo-e-inundacion-en-viviendas-de-la-ciudad-video\/\" \/>\n<meta property=\"og:site_name\" content=\"CELTTV\" \/>\n<meta property=\"article:publisher\" content=\"https:\/\/www.facebook.com\/celtTV\/\" \/>\n<meta property=\"article:published_time\" content=\"2021-12-28T01:00:53+00:00\" \/>\n<meta property=\"og:image\" content=\"https:\/\/www.celttv.com.ar\/wp-content\/uploads\/2021\/12\/5348c9fc-4287-4a3c-bb2d-16131de4cfe2.jpg\" \/>\n\t<meta property=\"og:image:width\" content=\"1280\" \/>\n\t<meta property=\"og:image:height\" content=\"960\" \/>\n\t<meta property=\"og:image:type\" content=\"image\/jpeg\" \/>\n<meta name=\"author\" content=\"ulises\" \/>\n<meta name=\"twitter:card\" content=\"summary_large_image\" \/>\n<meta name=\"twitter:label1\" content=\"Escrito por\" \/>\n\t<meta name=\"twitter:data1\" content=\"ulises\" \/>\n\t<meta name=\"twitter:label2\" content=\"Tiempo de lectura\" \/>\n\t<meta name=\"twitter:data2\" content=\"1 minuto\" \/>\n<script type=\"application\/ld+json\" class=\"yoast-schema-graph\">{\"@context\":\"https:\/\/schema.org\",\"@graph\":[{\"@type\":\"NewsArticle\",\"@id\":\"https:\/\/www.celttv.com.ar\/index.php\/2021\/12\/28\/temporal-voladura-de-techo-e-inundacion-en-viviendas-de-la-ciudad-video\/#article\",\"isPartOf\":{\"@id\":\"https:\/\/www.celttv.com.ar\/index.php\/2021\/12\/28\/temporal-voladura-de-techo-e-inundacion-en-viviendas-de-la-ciudad-video\/\"},\"author\":{\"name\":\"ulises\",\"@id\":\"https:\/\/www.celttv.com.ar\/#\/schema\/person\/6d99c072dba59953809c81446e9d0ace\"},\"headline\":\"Temporal: Voladura de techo e inundaci\u00f3n en viviendas de la ciudad (Video)\",\"datePublished\":\"2021-12-28T01:00:53+00:00\",\"dateModified\":\"2021-12-28T01:00:53+00:00\",\"mainEntityOfPage\":{\"@id\":\"https:\/\/www.celttv.com.ar\/index.php\/2021\/12\/28\/temporal-voladura-de-techo-e-inundacion-en-viviendas-de-la-ciudad-video\/\"},\"wordCount\":145,\"publisher\":{\"@id\":\"https:\/\/www.celttv.com.ar\/#organization\"},\"articleSection\":[\"Celt TV Noticias\",\"Comunidad\",\"Destacadas\"],\"inLanguage\":\"es\"},{\"@type\":\"WebPage\",\"@id\":\"https:\/\/www.celttv.com.ar\/index.php\/2021\/12\/28\/temporal-voladura-de-techo-e-inundacion-en-viviendas-de-la-ciudad-video\/\",\"url\":\"https:\/\/www.celttv.com.ar\/index.php\/2021\/12\/28\/temporal-voladura-de-techo-e-inundacion-en-viviendas-de-la-ciudad-video\/\",\"name\":\"Temporal: Voladura de techo e inundaci\u00f3n en viviendas de la ciudad (Video) - CELTTV\",\"isPartOf\":{\"@id\":\"https:\/\/www.celttv.com.ar\/#website\"},\"datePublished\":\"2021-12-28T01:00:53+00:00\",\"dateModified\":\"2021-12-28T01:00:53+00:00\",\"description\":\"Sitio web de noticias de la localidad de Tornquist, provincia de Buenos Aires, Rep\u00fablica Argentina. Contenido propio originado por periodistas de CELTTV, el canal de TV local de la Cooperativa El\u00e9ctrica de Tornquist. Turismo, Pol\u00edtica, Sociedad, Deporte, Cultura y todo el contenido de inter\u00e9s general que la gente del pueblo y la regi\u00f3n debe conocer.\",\"breadcrumb\":{\"@id\":\"https:\/\/www.celttv.com.ar\/index.php\/2021\/12\/28\/temporal-voladura-de-techo-e-inundacion-en-viviendas-de-la-ciudad-video\/#breadcrumb\"},\"inLanguage\":\"es\",\"potentialAction\":[{\"@type\":\"ReadAction\",\"target\":[\"https:\/\/www.celttv.com.ar\/index.php\/2021\/12\/28\/temporal-voladura-de-techo-e-inundacion-en-viviendas-de-la-ciudad-video\/\"]}]},{\"@type\":\"BreadcrumbList\",\"@id\":\"https:\/\/www.celttv.com.ar\/index.php\/2021\/12\/28\/temporal-voladura-de-techo-e-inundacion-en-viviendas-de-la-ciudad-video\/#breadcrumb\",\"itemListElement\":[{\"@type\":\"ListItem\",\"position\":1,\"name\":\"Inicio\",\"item\":\"https:\/\/www.celttv.com.ar\/\"},{\"@type\":\"ListItem\",\"position\":2,\"name\":\"Temporal: Voladura de techo e inundaci\u00f3n en viviendas de la ciudad (Video)\"}]},{\"@type\":\"WebSite\",\"@id\":\"https:\/\/www.celttv.com.ar\/#website\",\"url\":\"https:\/\/www.celttv.com.ar\/\",\"name\":\"CELTTV\",\"description\":\"Cooperativa El\u00e9ctrica de Tornquist\",\"publisher\":{\"@id\":\"https:\/\/www.celttv.com.ar\/#organization\"},\"potentialAction\":[{\"@type\":\"SearchAction\",\"target\":{\"@type\":\"EntryPoint\",\"urlTemplate\":\"https:\/\/www.celttv.com.ar\/?s={search_term_string}\"},\"query-input\":\"required name=search_term_string\"}],\"inLanguage\":\"es\"},{\"@type\":\"Organization\",\"@id\":\"https:\/\/www.celttv.com.ar\/#organization\",\"name\":\"CELTTV\",\"url\":\"https:\/\/www.celttv.com.ar\/\",\"sameAs\":[\"https:\/\/www.youtube.com\/channel\/UCz_oIt8Hig64Ub-EmcNPIhg\",\"https:\/\/www.facebook.com\/celtTV\/\"],\"logo\":{\"@type\":\"ImageObject\",\"inLanguage\":\"es\",\"@id\":\"https:\/\/www.celttv.com.ar\/#\/schema\/logo\/image\/\",\"url\":\"http:\/\/www.celttv.com.ar\/wp-content\/uploads\/2022\/08\/logo-1.png\",\"contentUrl\":\"http:\/\/www.celttv.com.ar\/wp-content\/uploads\/2022\/08\/logo-1.png\",\"width\":461,\"height\":159,\"caption\":\"CELTTV\"},\"image\":{\"@id\":\"https:\/\/www.celttv.com.ar\/#\/schema\/logo\/image\/\"}},{\"@type\":\"Person\",\"@id\":\"https:\/\/www.celttv.com.ar\/#\/schema\/person\/6d99c072dba59953809c81446e9d0ace\",\"name\":\"ulises\",\"image\":{\"@type\":\"ImageObject\",\"inLanguage\":\"es\",\"@id\":\"https:\/\/www.celttv.com.ar\/#\/schema\/person\/image\/\",\"url\":\"https:\/\/secure.gravatar.com\/avatar\/7f2c48bdc33b30088f941fb6082e555f2874c98e20cb159d7b92b50eadfce793?s=96&d=mm&r=g\",\"contentUrl\":\"https:\/\/secure.gravatar.com\/avatar\/7f2c48bdc33b30088f941fb6082e555f2874c98e20cb159d7b92b50eadfce793?s=96&d=mm&r=g\",\"caption\":\"ulises\"},\"sameAs\":[\"http:\/\/www.celttv.com.ar\"]}]}<\/script>\n<!-- \/ Yoast SEO plugin. -->","yoast_head_json":{"title":"Temporal: Voladura de techo e inundaci\u00f3n en viviendas de la ciudad (Video) - CELTTV","description":"Sitio web de noticias de la localidad de Tornquist, provincia de Buenos Aires, Rep\u00fablica Argentina. Contenido propio originado por periodistas de CELTTV, el canal de TV local de la Cooperativa El\u00e9ctrica de Tornquist. Turismo, Pol\u00edtica, Sociedad, Deporte, Cultura y todo el contenido de inter\u00e9s general que la gente del pueblo y la regi\u00f3n debe conocer.","robots":{"index":"index","follow":"follow","max-snippet":"max-snippet:-1","max-image-preview":"max-image-preview:large","max-video-preview":"max-video-preview:-1"},"canonical":"https:\/\/www.celttv.com.ar\/index.php\/2021\/12\/28\/temporal-voladura-de-techo-e-inundacion-en-viviendas-de-la-ciudad-video\/","og_locale":"es_ES","og_type":"article","og_title":"Temporal: Voladura de techo e inundaci\u00f3n en viviendas de la ciudad (Video) - CELTTV","og_description":"Sitio web de noticias de la localidad de Tornquist, provincia de Buenos Aires, Rep\u00fablica Argentina. Contenido propio originado por periodistas de CELTTV, el canal de TV local de la Cooperativa El\u00e9ctrica de Tornquist. Turismo, Pol\u00edtica, Sociedad, Deporte, Cultura y todo el contenido de inter\u00e9s general que la gente del pueblo y la regi\u00f3n debe conocer.","og_url":"https:\/\/www.celttv.com.ar\/index.php\/2021\/12\/28\/temporal-voladura-de-techo-e-inundacion-en-viviendas-de-la-ciudad-video\/","og_site_name":"CELTTV","article_publisher":"https:\/\/www.facebook.com\/celtTV\/","article_published_time":"2021-12-28T01:00:53+00:00","og_image":[{"width":1280,"height":960,"url":"https:\/\/www.celttv.com.ar\/wp-content\/uploads\/2021\/12\/5348c9fc-4287-4a3c-bb2d-16131de4cfe2.jpg","type":"image\/jpeg"}],"author":"ulises","twitter_card":"summary_large_image","twitter_misc":{"Escrito por":"ulises","Tiempo de lectura":"1 minuto"},"schema":{"@context":"https:\/\/schema.org","@graph":[{"@type":"NewsArticle","@id":"https:\/\/www.celttv.com.ar\/index.php\/2021\/12\/28\/temporal-voladura-de-techo-e-inundacion-en-viviendas-de-la-ciudad-video\/#article","isPartOf":{"@id":"https:\/\/www.celttv.com.ar\/index.php\/2021\/12\/28\/temporal-voladura-de-techo-e-inundacion-en-viviendas-de-la-ciudad-video\/"},"author":{"name":"ulises","@id":"https:\/\/www.celttv.com.ar\/#\/schema\/person\/6d99c072dba59953809c81446e9d0ace"},"headline":"Temporal: Voladura de techo e inundaci\u00f3n en viviendas de la ciudad (Video)","datePublished":"2021-12-28T01:00:53+00:00","dateModified":"2021-12-28T01:00:53+00:00","mainEntityOfPage":{"@id":"https:\/\/www.celttv.com.ar\/index.php\/2021\/12\/28\/temporal-voladura-de-techo-e-inundacion-en-viviendas-de-la-ciudad-video\/"},"wordCount":145,"publisher":{"@id":"https:\/\/www.celttv.com.ar\/#organization"},"articleSection":["Celt TV Noticias","Comunidad","Destacadas"],"inLanguage":"es"},{"@type":"WebPage","@id":"https:\/\/www.celttv.com.ar\/index.php\/2021\/12\/28\/temporal-voladura-de-techo-e-inundacion-en-viviendas-de-la-ciudad-video\/","url":"https:\/\/www.celttv.com.ar\/index.php\/2021\/12\/28\/temporal-voladura-de-techo-e-inundacion-en-viviendas-de-la-ciudad-video\/","name":"Temporal: Voladura de techo e inundaci\u00f3n en viviendas de la ciudad (Video) - CELTTV","isPartOf":{"@id":"https:\/\/www.celttv.com.ar\/#website"},"datePublished":"2021-12-28T01:00:53+00:00","dateModified":"2021-12-28T01:00:53+00:00","description":"Sitio web de noticias de la localidad de Tornquist, provincia de Buenos Aires, Rep\u00fablica Argentina. Contenido propio originado por periodistas de CELTTV, el canal de TV local de la Cooperativa El\u00e9ctrica de Tornquist. Turismo, Pol\u00edtica, Sociedad, Deporte, Cultura y todo el contenido de inter\u00e9s general que la gente del pueblo y la regi\u00f3n debe conocer.","breadcrumb":{"@id":"https:\/\/www.celttv.com.ar\/index.php\/2021\/12\/28\/temporal-voladura-de-techo-e-inundacion-en-viviendas-de-la-ciudad-video\/#breadcrumb"},"inLanguage":"es","potentialAction":[{"@type":"ReadAction","target":["https:\/\/www.celttv.com.ar\/index.php\/2021\/12\/28\/temporal-voladura-de-techo-e-inundacion-en-viviendas-de-la-ciudad-video\/"]}]},{"@type":"BreadcrumbList","@id":"https:\/\/www.celttv.com.ar\/index.php\/2021\/12\/28\/temporal-voladura-de-techo-e-inundacion-en-viviendas-de-la-ciudad-video\/#breadcrumb","itemListElement":[{"@type":"ListItem","position":1,"name":"Inicio","item":"https:\/\/www.celttv.com.ar\/"},{"@type":"ListItem","position":2,"name":"Temporal: Voladura de techo e inundaci\u00f3n en viviendas de la ciudad (Video)"}]},{"@type":"WebSite","@id":"https:\/\/www.celttv.com.ar\/#website","url":"https:\/\/www.celttv.com.ar\/","name":"CELTTV","description":"Cooperativa El\u00e9ctrica de Tornquist","publisher":{"@id":"https:\/\/www.celttv.com.ar\/#organization"},"potentialAction":[{"@type":"SearchAction","target":{"@type":"EntryPoint","urlTemplate":"https:\/\/www.celttv.com.ar\/?s={search_term_string}"},"query-input":"required name=search_term_string"}],"inLanguage":"es"},{"@type":"Organization","@id":"https:\/\/www.celttv.com.ar\/#organization","name":"CELTTV","url":"https:\/\/www.celttv.com.ar\/","sameAs":["https:\/\/www.youtube.com\/channel\/UCz_oIt8Hig64Ub-EmcNPIhg","https:\/\/www.facebook.com\/celtTV\/"],"logo":{"@type":"ImageObject","inLanguage":"es","@id":"https:\/\/www.celttv.com.ar\/#\/schema\/logo\/image\/","url":"http:\/\/www.celttv.com.ar\/wp-content\/uploads\/2022\/08\/logo-1.png","contentUrl":"http:\/\/www.celttv.com.ar\/wp-content\/uploads\/2022\/08\/logo-1.png","width":461,"height":159,"caption":"CELTTV"},"image":{"@id":"https:\/\/www.celttv.com.ar\/#\/schema\/logo\/image\/"}},{"@type":"Person","@id":"https:\/\/www.celttv.com.ar\/#\/schema\/person\/6d99c072dba59953809c81446e9d0ace","name":"ulises","image":{"@type":"ImageObject","inLanguage":"es","@id":"https:\/\/www.celttv.com.ar\/#\/schema\/person\/image\/","url":"https:\/\/secure.gravatar.com\/avatar\/7f2c48bdc33b30088f941fb6082e555f2874c98e20cb159d7b92b50eadfce793?s=96&d=mm&r=g","contentUrl":"https:\/\/secure.gravatar.com\/avatar\/7f2c48bdc33b30088f941fb6082e555f2874c98e20cb159d7b92b50eadfce793?s=96&d=mm&r=g","caption":"ulises"},"sameAs":["http:\/\/www.celttv.com.ar"]}]}},"_links":{"self":[{"href":"https:\/\/www.celttv.com.ar\/index.php\/wp-json\/wp\/v2\/posts\/62825","targetHints":{"allow":["GET"]}}],"collection":[{"href":"https:\/\/www.celttv.com.ar\/index.php\/wp-json\/wp\/v2\/posts"}],"about":[{"href":"https:\/\/www.celttv.com.ar\/index.php\/wp-json\/wp\/v2\/types\/post"}],"author":[{"embeddable":true,"href":"https:\/\/www.celttv.com.ar\/index.php\/wp-json\/wp\/v2\/users\/1"}],"replies":[{"embeddable":true,"href":"https:\/\/www.celttv.com.ar\/index.php\/wp-json\/wp\/v2\/comments?post=62825"}],"version-history":[{"count":0,"href":"https:\/\/www.celttv.com.ar\/index.php\/wp-json\/wp\/v2\/posts\/62825\/revisions"}],"wp:featuredmedia":[{"embeddable":true,"href":"https:\/\/www.celttv.com.ar\/index.php\/wp-json\/wp\/v2\/media\/62826"}],"wp:attachment":[{"href":"https:\/\/www.celttv.com.ar\/index.php\/wp-json\/wp\/v2\/media?parent=62825"}],"wp:term":[{"taxonomy":"category","embeddable":true,"href":"https:\/\/www.celttv.com.ar\/index.php\/wp-json\/wp\/v2\/categories?post=62825"},{"taxonomy":"post_tag","embeddable":true,"href":"https:\/\/www.celttv.com.ar\/index.php\/wp-json\/wp\/v2\/tags?post=62825"}],"curies":[{"name":"wp","href":"https:\/\/api.w.org\/{rel}","templated":true}]}}