{"id":62849,"date":"2021-12-28T16:42:27","date_gmt":"2021-12-28T16:42:27","guid":{"rendered":"http:\/\/www.celttv.com.ar\/?p=62849"},"modified":"2021-12-28T16:42:27","modified_gmt":"2021-12-28T16:42:27","slug":"la-posta-de-vacunacion-contra-el-covid-19-ahora-funciona-en-el-salon-parroquial-video","status":"publish","type":"post","link":"https:\/\/www.celttv.com.ar\/index.php\/2021\/12\/28\/la-posta-de-vacunacion-contra-el-covid-19-ahora-funciona-en-el-salon-parroquial-video\/","title":{"rendered":"La Posta de Vacunaci\u00f3n contra el Covid-19 ahora funciona en el Sal\u00f3n Parroquial (Video)"},"content":{"rendered":"\n<p>La Posta de Vacunaci\u00f3n comenz\u00f3 a funcionar en las instalaciones del Sal\u00f3n Parroquial, ubicado sobre la plaza Ernesto Tornquist.<\/p>\n\n\n\n<p>La coordinadora de dicha Posta, Juliana Sgammini, en di\u00e1logo con CELTTV NOTICIAS,  coment\u00f3 de qu\u00e9 manera es la distribuci\u00f3n del lugar para que las personas accedan a la vacunaci\u00f3n, entre otros temas.<\/p>\n\n\n\n<figure class=\"wp-block-embed is-type-video is-provider-youtube wp-block-embed-youtube wp-embed-aspect-16-9 wp-has-aspect-ratio\"><div class=\"wp-block-embed__wrapper\">\n<iframe loading=\"lazy\" title=\"2021 12 28 JULIANA SGAMMINI   COORDINADORA   POSTA DE VACUNACION\" width=\"500\" height=\"281\" src=\"https:\/\/www.youtube.com\/embed\/84fnBp_dxl4?feature=oembed\" frameborder=\"0\" allow=\"accelerometer; autoplay; clipboard-write; encrypted-media; gyroscope; picture-in-picture; web-share\" referrerpolicy=\"strict-origin-when-cross-origin\" allowfullscreen><\/iframe>\n<\/div><\/figure>\n\n\n\n<figure class=\"wp-block-image size-large\"><img loading=\"lazy\" decoding=\"async\" width=\"1024\" height=\"768\" src=\"http:\/\/www.celttv.com.ar\/wp-content\/uploads\/2021\/12\/0cea5465-2e82-4014-b39c-d6ced5950cd7-1024x768.jpg\" alt=\"\" class=\"wp-image-62852\" srcset=\"https:\/\/www.celttv.com.ar\/wp-content\/uploads\/2021\/12\/0cea5465-2e82-4014-b39c-d6ced5950cd7-1024x768.jpg 1024w, https:\/\/www.celttv.com.ar\/wp-content\/uploads\/2021\/12\/0cea5465-2e82-4014-b39c-d6ced5950cd7-300x225.jpg 300w, https:\/\/www.celttv.com.ar\/wp-content\/uploads\/2021\/12\/0cea5465-2e82-4014-b39c-d6ced5950cd7-768x576.jpg 768w, https:\/\/www.celttv.com.ar\/wp-content\/uploads\/2021\/12\/0cea5465-2e82-4014-b39c-d6ced5950cd7-1536x1152.jpg 1536w, https:\/\/www.celttv.com.ar\/wp-content\/uploads\/2021\/12\/0cea5465-2e82-4014-b39c-d6ced5950cd7-750x563.jpg 750w, https:\/\/www.celttv.com.ar\/wp-content\/uploads\/2021\/12\/0cea5465-2e82-4014-b39c-d6ced5950cd7-1140x855.jpg 1140w, https:\/\/www.celttv.com.ar\/wp-content\/uploads\/2021\/12\/0cea5465-2e82-4014-b39c-d6ced5950cd7.jpg 1600w\" sizes=\"auto, (max-width: 1024px) 100vw, 1024px\" \/><\/figure>\n\n\n\n<figure class=\"wp-block-image size-large\"><img loading=\"lazy\" decoding=\"async\" width=\"1024\" height=\"768\" src=\"http:\/\/www.celttv.com.ar\/wp-content\/uploads\/2021\/12\/8140637b-a31a-4168-8e38-89262caeda6f-1024x768.jpg\" alt=\"\" class=\"wp-image-62850\" srcset=\"https:\/\/www.celttv.com.ar\/wp-content\/uploads\/2021\/12\/8140637b-a31a-4168-8e38-89262caeda6f-1024x768.jpg 1024w, https:\/\/www.celttv.com.ar\/wp-content\/uploads\/2021\/12\/8140637b-a31a-4168-8e38-89262caeda6f-300x225.jpg 300w, https:\/\/www.celttv.com.ar\/wp-content\/uploads\/2021\/12\/8140637b-a31a-4168-8e38-89262caeda6f-768x576.jpg 768w, https:\/\/www.celttv.com.ar\/wp-content\/uploads\/2021\/12\/8140637b-a31a-4168-8e38-89262caeda6f-1536x1152.jpg 1536w, https:\/\/www.celttv.com.ar\/wp-content\/uploads\/2021\/12\/8140637b-a31a-4168-8e38-89262caeda6f-750x563.jpg 750w, https:\/\/www.celttv.com.ar\/wp-content\/uploads\/2021\/12\/8140637b-a31a-4168-8e38-89262caeda6f-1140x855.jpg 1140w, https:\/\/www.celttv.com.ar\/wp-content\/uploads\/2021\/12\/8140637b-a31a-4168-8e38-89262caeda6f.jpg 1600w\" sizes=\"auto, (max-width: 1024px) 100vw, 1024px\" \/><\/figure>\n\n\n\n<figure class=\"wp-block-image size-large\"><img loading=\"lazy\" decoding=\"async\" width=\"1024\" height=\"768\" src=\"http:\/\/www.celttv.com.ar\/wp-content\/uploads\/2021\/12\/cea2c505-1b75-4bac-b28f-f9a955b5c329-1024x768.jpg\" alt=\"\" class=\"wp-image-62851\" srcset=\"https:\/\/www.celttv.com.ar\/wp-content\/uploads\/2021\/12\/cea2c505-1b75-4bac-b28f-f9a955b5c329-1024x768.jpg 1024w, https:\/\/www.celttv.com.ar\/wp-content\/uploads\/2021\/12\/cea2c505-1b75-4bac-b28f-f9a955b5c329-300x225.jpg 300w, https:\/\/www.celttv.com.ar\/wp-content\/uploads\/2021\/12\/cea2c505-1b75-4bac-b28f-f9a955b5c329-768x576.jpg 768w, https:\/\/www.celttv.com.ar\/wp-content\/uploads\/2021\/12\/cea2c505-1b75-4bac-b28f-f9a955b5c329-1536x1152.jpg 1536w, https:\/\/www.celttv.com.ar\/wp-content\/uploads\/2021\/12\/cea2c505-1b75-4bac-b28f-f9a955b5c329-750x563.jpg 750w, https:\/\/www.celttv.com.ar\/wp-content\/uploads\/2021\/12\/cea2c505-1b75-4bac-b28f-f9a955b5c329-1140x855.jpg 1140w, https:\/\/www.celttv.com.ar\/wp-content\/uploads\/2021\/12\/cea2c505-1b75-4bac-b28f-f9a955b5c329.jpg 1600w\" sizes=\"auto, (max-width: 1024px) 100vw, 1024px\" \/><\/figure>\n","protected":false},"excerpt":{"rendered":"<p>La Posta de Vacunaci\u00f3n comenz\u00f3 a funcionar en las instalaciones del Sal\u00f3n Parroquial, ubicado sobre la plaza Ernesto Tornquist. La coordinadora de dicha Posta, Juliana Sgammini, en di\u00e1logo con CELTTV NOTICIAS, coment\u00f3 de qu\u00e9 manera es la distribuci\u00f3n del lugar para que las personas accedan a la vacunaci\u00f3n, entre otros temas.<\/p>\n","protected":false},"author":1,"featured_media":62850,"comment_status":"closed","ping_status":"open","sticky":false,"template":"","format":"standard","meta":{"footnotes":""},"categories":[54,55,51,52],"tags":[],"class_list":["post-62849","post","type-post","status-publish","format-standard","has-post-thumbnail","hentry","category-atencion-salud","category-celt-tv-noticias","category-comunidad","category-destacadas"],"yoast_head":"<!-- This site is optimized with the Yoast SEO plugin v19.7.1 - https:\/\/yoast.com\/wordpress\/plugins\/seo\/ -->\n<title>La Posta de Vacunaci\u00f3n contra el Covid-19 ahora funciona en el Sal\u00f3n Parroquial (Video) - CELTTV<\/title>\n<meta name=\"description\" content=\"Sitio web de noticias de la localidad de Tornquist, provincia de Buenos Aires, Rep\u00fablica Argentina. Contenido propio originado por periodistas de CELTTV, el canal de TV local de la Cooperativa El\u00e9ctrica de Tornquist. Turismo, Pol\u00edtica, Sociedad, Deporte, Cultura y todo el contenido de inter\u00e9s general que la gente del pueblo y la regi\u00f3n debe conocer.\" \/>\n<meta name=\"robots\" content=\"index, follow, max-snippet:-1, max-image-preview:large, max-video-preview:-1\" \/>\n<link rel=\"canonical\" href=\"https:\/\/www.celttv.com.ar\/index.php\/2021\/12\/28\/la-posta-de-vacunacion-contra-el-covid-19-ahora-funciona-en-el-salon-parroquial-video\/\" \/>\n<meta property=\"og:locale\" content=\"es_ES\" \/>\n<meta property=\"og:type\" content=\"article\" \/>\n<meta property=\"og:title\" content=\"La Posta de Vacunaci\u00f3n contra el Covid-19 ahora funciona en el Sal\u00f3n Parroquial (Video) - CELTTV\" \/>\n<meta property=\"og:description\" content=\"Sitio web de noticias de la localidad de Tornquist, provincia de Buenos Aires, Rep\u00fablica Argentina. Contenido propio originado por periodistas de CELTTV, el canal de TV local de la Cooperativa El\u00e9ctrica de Tornquist. Turismo, Pol\u00edtica, Sociedad, Deporte, Cultura y todo el contenido de inter\u00e9s general que la gente del pueblo y la regi\u00f3n debe conocer.\" \/>\n<meta property=\"og:url\" content=\"https:\/\/www.celttv.com.ar\/index.php\/2021\/12\/28\/la-posta-de-vacunacion-contra-el-covid-19-ahora-funciona-en-el-salon-parroquial-video\/\" \/>\n<meta property=\"og:site_name\" content=\"CELTTV\" \/>\n<meta property=\"article:publisher\" content=\"https:\/\/www.facebook.com\/celtTV\/\" \/>\n<meta property=\"article:published_time\" content=\"2021-12-28T16:42:27+00:00\" \/>\n<meta property=\"og:image\" content=\"https:\/\/www.celttv.com.ar\/wp-content\/uploads\/2021\/12\/8140637b-a31a-4168-8e38-89262caeda6f.jpg\" \/>\n\t<meta property=\"og:image:width\" content=\"1600\" \/>\n\t<meta property=\"og:image:height\" content=\"1200\" \/>\n\t<meta property=\"og:image:type\" content=\"image\/jpeg\" \/>\n<meta name=\"author\" content=\"ulises\" \/>\n<meta name=\"twitter:card\" content=\"summary_large_image\" \/>\n<meta name=\"twitter:label1\" content=\"Escrito por\" \/>\n\t<meta name=\"twitter:data1\" content=\"ulises\" \/>\n<script type=\"application\/ld+json\" class=\"yoast-schema-graph\">{\"@context\":\"https:\/\/schema.org\",\"@graph\":[{\"@type\":\"NewsArticle\",\"@id\":\"https:\/\/www.celttv.com.ar\/index.php\/2021\/12\/28\/la-posta-de-vacunacion-contra-el-covid-19-ahora-funciona-en-el-salon-parroquial-video\/#article\",\"isPartOf\":{\"@id\":\"https:\/\/www.celttv.com.ar\/index.php\/2021\/12\/28\/la-posta-de-vacunacion-contra-el-covid-19-ahora-funciona-en-el-salon-parroquial-video\/\"},\"author\":{\"name\":\"ulises\",\"@id\":\"https:\/\/www.celttv.com.ar\/#\/schema\/person\/6d99c072dba59953809c81446e9d0ace\"},\"headline\":\"La Posta de Vacunaci\u00f3n contra el Covid-19 ahora funciona en el Sal\u00f3n Parroquial (Video)\",\"datePublished\":\"2021-12-28T16:42:27+00:00\",\"dateModified\":\"2021-12-28T16:42:27+00:00\",\"mainEntityOfPage\":{\"@id\":\"https:\/\/www.celttv.com.ar\/index.php\/2021\/12\/28\/la-posta-de-vacunacion-contra-el-covid-19-ahora-funciona-en-el-salon-parroquial-video\/\"},\"wordCount\":77,\"publisher\":{\"@id\":\"https:\/\/www.celttv.com.ar\/#organization\"},\"articleSection\":[\"Atenci\u00f3n Salud\",\"Celt TV Noticias\",\"Comunidad\",\"Destacadas\"],\"inLanguage\":\"es\"},{\"@type\":\"WebPage\",\"@id\":\"https:\/\/www.celttv.com.ar\/index.php\/2021\/12\/28\/la-posta-de-vacunacion-contra-el-covid-19-ahora-funciona-en-el-salon-parroquial-video\/\",\"url\":\"https:\/\/www.celttv.com.ar\/index.php\/2021\/12\/28\/la-posta-de-vacunacion-contra-el-covid-19-ahora-funciona-en-el-salon-parroquial-video\/\",\"name\":\"La Posta de Vacunaci\u00f3n contra el Covid-19 ahora funciona en el Sal\u00f3n Parroquial (Video) - CELTTV\",\"isPartOf\":{\"@id\":\"https:\/\/www.celttv.com.ar\/#website\"},\"datePublished\":\"2021-12-28T16:42:27+00:00\",\"dateModified\":\"2021-12-28T16:42:27+00:00\",\"description\":\"Sitio web de noticias de la localidad de Tornquist, provincia de Buenos Aires, Rep\u00fablica Argentina. Contenido propio originado por periodistas de CELTTV, el canal de TV local de la Cooperativa El\u00e9ctrica de Tornquist. Turismo, Pol\u00edtica, Sociedad, Deporte, Cultura y todo el contenido de inter\u00e9s general que la gente del pueblo y la regi\u00f3n debe conocer.\",\"breadcrumb\":{\"@id\":\"https:\/\/www.celttv.com.ar\/index.php\/2021\/12\/28\/la-posta-de-vacunacion-contra-el-covid-19-ahora-funciona-en-el-salon-parroquial-video\/#breadcrumb\"},\"inLanguage\":\"es\",\"potentialAction\":[{\"@type\":\"ReadAction\",\"target\":[\"https:\/\/www.celttv.com.ar\/index.php\/2021\/12\/28\/la-posta-de-vacunacion-contra-el-covid-19-ahora-funciona-en-el-salon-parroquial-video\/\"]}]},{\"@type\":\"BreadcrumbList\",\"@id\":\"https:\/\/www.celttv.com.ar\/index.php\/2021\/12\/28\/la-posta-de-vacunacion-contra-el-covid-19-ahora-funciona-en-el-salon-parroquial-video\/#breadcrumb\",\"itemListElement\":[{\"@type\":\"ListItem\",\"position\":1,\"name\":\"Inicio\",\"item\":\"https:\/\/www.celttv.com.ar\/\"},{\"@type\":\"ListItem\",\"position\":2,\"name\":\"La Posta de Vacunaci\u00f3n contra el Covid-19 ahora funciona en el Sal\u00f3n Parroquial (Video)\"}]},{\"@type\":\"WebSite\",\"@id\":\"https:\/\/www.celttv.com.ar\/#website\",\"url\":\"https:\/\/www.celttv.com.ar\/\",\"name\":\"CELTTV\",\"description\":\"Cooperativa El\u00e9ctrica de Tornquist\",\"publisher\":{\"@id\":\"https:\/\/www.celttv.com.ar\/#organization\"},\"potentialAction\":[{\"@type\":\"SearchAction\",\"target\":{\"@type\":\"EntryPoint\",\"urlTemplate\":\"https:\/\/www.celttv.com.ar\/?s={search_term_string}\"},\"query-input\":\"required name=search_term_string\"}],\"inLanguage\":\"es\"},{\"@type\":\"Organization\",\"@id\":\"https:\/\/www.celttv.com.ar\/#organization\",\"name\":\"CELTTV\",\"url\":\"https:\/\/www.celttv.com.ar\/\",\"sameAs\":[\"https:\/\/www.youtube.com\/channel\/UCz_oIt8Hig64Ub-EmcNPIhg\",\"https:\/\/www.facebook.com\/celtTV\/\"],\"logo\":{\"@type\":\"ImageObject\",\"inLanguage\":\"es\",\"@id\":\"https:\/\/www.celttv.com.ar\/#\/schema\/logo\/image\/\",\"url\":\"http:\/\/www.celttv.com.ar\/wp-content\/uploads\/2022\/08\/logo-1.png\",\"contentUrl\":\"http:\/\/www.celttv.com.ar\/wp-content\/uploads\/2022\/08\/logo-1.png\",\"width\":461,\"height\":159,\"caption\":\"CELTTV\"},\"image\":{\"@id\":\"https:\/\/www.celttv.com.ar\/#\/schema\/logo\/image\/\"}},{\"@type\":\"Person\",\"@id\":\"https:\/\/www.celttv.com.ar\/#\/schema\/person\/6d99c072dba59953809c81446e9d0ace\",\"name\":\"ulises\",\"image\":{\"@type\":\"ImageObject\",\"inLanguage\":\"es\",\"@id\":\"https:\/\/www.celttv.com.ar\/#\/schema\/person\/image\/\",\"url\":\"https:\/\/secure.gravatar.com\/avatar\/7f2c48bdc33b30088f941fb6082e555f2874c98e20cb159d7b92b50eadfce793?s=96&d=mm&r=g\",\"contentUrl\":\"https:\/\/secure.gravatar.com\/avatar\/7f2c48bdc33b30088f941fb6082e555f2874c98e20cb159d7b92b50eadfce793?s=96&d=mm&r=g\",\"caption\":\"ulises\"},\"sameAs\":[\"http:\/\/www.celttv.com.ar\"]}]}<\/script>\n<!-- \/ Yoast SEO plugin. -->","yoast_head_json":{"title":"La Posta de Vacunaci\u00f3n contra el Covid-19 ahora funciona en el Sal\u00f3n Parroquial (Video) - CELTTV","description":"Sitio web de noticias de la localidad de Tornquist, provincia de Buenos Aires, Rep\u00fablica Argentina. Contenido propio originado por periodistas de CELTTV, el canal de TV local de la Cooperativa El\u00e9ctrica de Tornquist. Turismo, Pol\u00edtica, Sociedad, Deporte, Cultura y todo el contenido de inter\u00e9s general que la gente del pueblo y la regi\u00f3n debe conocer.","robots":{"index":"index","follow":"follow","max-snippet":"max-snippet:-1","max-image-preview":"max-image-preview:large","max-video-preview":"max-video-preview:-1"},"canonical":"https:\/\/www.celttv.com.ar\/index.php\/2021\/12\/28\/la-posta-de-vacunacion-contra-el-covid-19-ahora-funciona-en-el-salon-parroquial-video\/","og_locale":"es_ES","og_type":"article","og_title":"La Posta de Vacunaci\u00f3n contra el Covid-19 ahora funciona en el Sal\u00f3n Parroquial (Video) - CELTTV","og_description":"Sitio web de noticias de la localidad de Tornquist, provincia de Buenos Aires, Rep\u00fablica Argentina. Contenido propio originado por periodistas de CELTTV, el canal de TV local de la Cooperativa El\u00e9ctrica de Tornquist. Turismo, Pol\u00edtica, Sociedad, Deporte, Cultura y todo el contenido de inter\u00e9s general que la gente del pueblo y la regi\u00f3n debe conocer.","og_url":"https:\/\/www.celttv.com.ar\/index.php\/2021\/12\/28\/la-posta-de-vacunacion-contra-el-covid-19-ahora-funciona-en-el-salon-parroquial-video\/","og_site_name":"CELTTV","article_publisher":"https:\/\/www.facebook.com\/celtTV\/","article_published_time":"2021-12-28T16:42:27+00:00","og_image":[{"width":1600,"height":1200,"url":"https:\/\/www.celttv.com.ar\/wp-content\/uploads\/2021\/12\/8140637b-a31a-4168-8e38-89262caeda6f.jpg","type":"image\/jpeg"}],"author":"ulises","twitter_card":"summary_large_image","twitter_misc":{"Escrito por":"ulises"},"schema":{"@context":"https:\/\/schema.org","@graph":[{"@type":"NewsArticle","@id":"https:\/\/www.celttv.com.ar\/index.php\/2021\/12\/28\/la-posta-de-vacunacion-contra-el-covid-19-ahora-funciona-en-el-salon-parroquial-video\/#article","isPartOf":{"@id":"https:\/\/www.celttv.com.ar\/index.php\/2021\/12\/28\/la-posta-de-vacunacion-contra-el-covid-19-ahora-funciona-en-el-salon-parroquial-video\/"},"author":{"name":"ulises","@id":"https:\/\/www.celttv.com.ar\/#\/schema\/person\/6d99c072dba59953809c81446e9d0ace"},"headline":"La Posta de Vacunaci\u00f3n contra el Covid-19 ahora funciona en el Sal\u00f3n Parroquial (Video)","datePublished":"2021-12-28T16:42:27+00:00","dateModified":"2021-12-28T16:42:27+00:00","mainEntityOfPage":{"@id":"https:\/\/www.celttv.com.ar\/index.php\/2021\/12\/28\/la-posta-de-vacunacion-contra-el-covid-19-ahora-funciona-en-el-salon-parroquial-video\/"},"wordCount":77,"publisher":{"@id":"https:\/\/www.celttv.com.ar\/#organization"},"articleSection":["Atenci\u00f3n Salud","Celt TV Noticias","Comunidad","Destacadas"],"inLanguage":"es"},{"@type":"WebPage","@id":"https:\/\/www.celttv.com.ar\/index.php\/2021\/12\/28\/la-posta-de-vacunacion-contra-el-covid-19-ahora-funciona-en-el-salon-parroquial-video\/","url":"https:\/\/www.celttv.com.ar\/index.php\/2021\/12\/28\/la-posta-de-vacunacion-contra-el-covid-19-ahora-funciona-en-el-salon-parroquial-video\/","name":"La Posta de Vacunaci\u00f3n contra el Covid-19 ahora funciona en el Sal\u00f3n Parroquial (Video) - CELTTV","isPartOf":{"@id":"https:\/\/www.celttv.com.ar\/#website"},"datePublished":"2021-12-28T16:42:27+00:00","dateModified":"2021-12-28T16:42:27+00:00","description":"Sitio web de noticias de la localidad de Tornquist, provincia de Buenos Aires, Rep\u00fablica Argentina. Contenido propio originado por periodistas de CELTTV, el canal de TV local de la Cooperativa El\u00e9ctrica de Tornquist. Turismo, Pol\u00edtica, Sociedad, Deporte, Cultura y todo el contenido de inter\u00e9s general que la gente del pueblo y la regi\u00f3n debe conocer.","breadcrumb":{"@id":"https:\/\/www.celttv.com.ar\/index.php\/2021\/12\/28\/la-posta-de-vacunacion-contra-el-covid-19-ahora-funciona-en-el-salon-parroquial-video\/#breadcrumb"},"inLanguage":"es","potentialAction":[{"@type":"ReadAction","target":["https:\/\/www.celttv.com.ar\/index.php\/2021\/12\/28\/la-posta-de-vacunacion-contra-el-covid-19-ahora-funciona-en-el-salon-parroquial-video\/"]}]},{"@type":"BreadcrumbList","@id":"https:\/\/www.celttv.com.ar\/index.php\/2021\/12\/28\/la-posta-de-vacunacion-contra-el-covid-19-ahora-funciona-en-el-salon-parroquial-video\/#breadcrumb","itemListElement":[{"@type":"ListItem","position":1,"name":"Inicio","item":"https:\/\/www.celttv.com.ar\/"},{"@type":"ListItem","position":2,"name":"La Posta de Vacunaci\u00f3n contra el Covid-19 ahora funciona en el Sal\u00f3n Parroquial (Video)"}]},{"@type":"WebSite","@id":"https:\/\/www.celttv.com.ar\/#website","url":"https:\/\/www.celttv.com.ar\/","name":"CELTTV","description":"Cooperativa El\u00e9ctrica de Tornquist","publisher":{"@id":"https:\/\/www.celttv.com.ar\/#organization"},"potentialAction":[{"@type":"SearchAction","target":{"@type":"EntryPoint","urlTemplate":"https:\/\/www.celttv.com.ar\/?s={search_term_string}"},"query-input":"required name=search_term_string"}],"inLanguage":"es"},{"@type":"Organization","@id":"https:\/\/www.celttv.com.ar\/#organization","name":"CELTTV","url":"https:\/\/www.celttv.com.ar\/","sameAs":["https:\/\/www.youtube.com\/channel\/UCz_oIt8Hig64Ub-EmcNPIhg","https:\/\/www.facebook.com\/celtTV\/"],"logo":{"@type":"ImageObject","inLanguage":"es","@id":"https:\/\/www.celttv.com.ar\/#\/schema\/logo\/image\/","url":"http:\/\/www.celttv.com.ar\/wp-content\/uploads\/2022\/08\/logo-1.png","contentUrl":"http:\/\/www.celttv.com.ar\/wp-content\/uploads\/2022\/08\/logo-1.png","width":461,"height":159,"caption":"CELTTV"},"image":{"@id":"https:\/\/www.celttv.com.ar\/#\/schema\/logo\/image\/"}},{"@type":"Person","@id":"https:\/\/www.celttv.com.ar\/#\/schema\/person\/6d99c072dba59953809c81446e9d0ace","name":"ulises","image":{"@type":"ImageObject","inLanguage":"es","@id":"https:\/\/www.celttv.com.ar\/#\/schema\/person\/image\/","url":"https:\/\/secure.gravatar.com\/avatar\/7f2c48bdc33b30088f941fb6082e555f2874c98e20cb159d7b92b50eadfce793?s=96&d=mm&r=g","contentUrl":"https:\/\/secure.gravatar.com\/avatar\/7f2c48bdc33b30088f941fb6082e555f2874c98e20cb159d7b92b50eadfce793?s=96&d=mm&r=g","caption":"ulises"},"sameAs":["http:\/\/www.celttv.com.ar"]}]}},"_links":{"self":[{"href":"https:\/\/www.celttv.com.ar\/index.php\/wp-json\/wp\/v2\/posts\/62849","targetHints":{"allow":["GET"]}}],"collection":[{"href":"https:\/\/www.celttv.com.ar\/index.php\/wp-json\/wp\/v2\/posts"}],"about":[{"href":"https:\/\/www.celttv.com.ar\/index.php\/wp-json\/wp\/v2\/types\/post"}],"author":[{"embeddable":true,"href":"https:\/\/www.celttv.com.ar\/index.php\/wp-json\/wp\/v2\/users\/1"}],"replies":[{"embeddable":true,"href":"https:\/\/www.celttv.com.ar\/index.php\/wp-json\/wp\/v2\/comments?post=62849"}],"version-history":[{"count":0,"href":"https:\/\/www.celttv.com.ar\/index.php\/wp-json\/wp\/v2\/posts\/62849\/revisions"}],"wp:featuredmedia":[{"embeddable":true,"href":"https:\/\/www.celttv.com.ar\/index.php\/wp-json\/wp\/v2\/media\/62850"}],"wp:attachment":[{"href":"https:\/\/www.celttv.com.ar\/index.php\/wp-json\/wp\/v2\/media?parent=62849"}],"wp:term":[{"taxonomy":"category","embeddable":true,"href":"https:\/\/www.celttv.com.ar\/index.php\/wp-json\/wp\/v2\/categories?post=62849"},{"taxonomy":"post_tag","embeddable":true,"href":"https:\/\/www.celttv.com.ar\/index.php\/wp-json\/wp\/v2\/tags?post=62849"}],"curies":[{"name":"wp","href":"https:\/\/api.w.org\/{rel}","templated":true}]}}