{"id":62854,"date":"2021-12-28T22:51:52","date_gmt":"2021-12-28T22:51:52","guid":{"rendered":"http:\/\/www.celttv.com.ar\/?p=62854"},"modified":"2021-12-28T22:51:52","modified_gmt":"2021-12-28T22:51:52","slug":"nuevamente-se-registraron-caidas-de-ramas-en-el-parque-lineal-producto-de-los-fuertes-vientos","status":"publish","type":"post","link":"https:\/\/www.celttv.com.ar\/index.php\/2021\/12\/28\/nuevamente-se-registraron-caidas-de-ramas-en-el-parque-lineal-producto-de-los-fuertes-vientos\/","title":{"rendered":"Nuevamente se registraron ca\u00eddas de ramas en el Parque Lineal producto de los fuertes vientos"},"content":{"rendered":"\n<p>La Subsecretar\u00eda de Servicios Urbanos junto a la Direcci\u00f3n de Medio Ambiente, llevaron a cabo en el d\u00eda de hoy, un relevamiento de los da\u00f1os sufridos a causa de los fuertes vientos que azotaron el distrito en la tarde noche de la jornada de ayer.<\/p>\n\n\n\n<p>Se trabaj\u00f3 sobre varios puntos del Parque Lineal y bulevares de la ciudad cabecera, podando las ramas quebradas por las intensas r\u00e1fagas. Asimismo, se procedi\u00f3 a retirar ramas ca\u00eddas que hab\u00edan quedado sobre la cinta asf\u00e1ltica y espacios p\u00fablicos; y se talo una rama de importante tama\u00f1o de un ejemplar resentido por la tormenta.<\/p>\n\n\n\n<p>Las tareas continuar\u00e1n y se evaluar\u00e1n todas las situaciones que amenazan la seguridad de los vecinos.<\/p>\n\n\n\n<p>Por el lapso de 48hs el Parque Lineal continuar\u00e1 cerrado, se recomienda no ingresar ni transitar por el lugar.<\/p>\n\n\n\n<figure class=\"wp-block-image size-large\"><img loading=\"lazy\" decoding=\"async\" width=\"484\" height=\"1024\" src=\"http:\/\/www.celttv.com.ar\/wp-content\/uploads\/2021\/12\/WhatsApp-Image-2021-12-28-at-12.50.33-1-484x1024.jpeg\" alt=\"\" class=\"wp-image-62855\" srcset=\"https:\/\/www.celttv.com.ar\/wp-content\/uploads\/2021\/12\/WhatsApp-Image-2021-12-28-at-12.50.33-1-484x1024.jpeg 484w, https:\/\/www.celttv.com.ar\/wp-content\/uploads\/2021\/12\/WhatsApp-Image-2021-12-28-at-12.50.33-1-142x300.jpeg 142w, https:\/\/www.celttv.com.ar\/wp-content\/uploads\/2021\/12\/WhatsApp-Image-2021-12-28-at-12.50.33-1-727x1536.jpeg 727w, https:\/\/www.celttv.com.ar\/wp-content\/uploads\/2021\/12\/WhatsApp-Image-2021-12-28-at-12.50.33-1-750x1585.jpeg 750w, https:\/\/www.celttv.com.ar\/wp-content\/uploads\/2021\/12\/WhatsApp-Image-2021-12-28-at-12.50.33-1.jpeg 757w\" sizes=\"auto, (max-width: 484px) 100vw, 484px\" \/><\/figure>\n\n\n\n<figure class=\"wp-block-image size-large\"><img loading=\"lazy\" decoding=\"async\" width=\"576\" height=\"1024\" src=\"http:\/\/www.celttv.com.ar\/wp-content\/uploads\/2021\/12\/WhatsApp-Image-2021-12-28-at-12.50.34-1-576x1024.jpeg\" alt=\"\" class=\"wp-image-62856\" srcset=\"https:\/\/www.celttv.com.ar\/wp-content\/uploads\/2021\/12\/WhatsApp-Image-2021-12-28-at-12.50.34-1-576x1024.jpeg 576w, https:\/\/www.celttv.com.ar\/wp-content\/uploads\/2021\/12\/WhatsApp-Image-2021-12-28-at-12.50.34-1-169x300.jpeg 169w, https:\/\/www.celttv.com.ar\/wp-content\/uploads\/2021\/12\/WhatsApp-Image-2021-12-28-at-12.50.34-1.jpeg 720w\" sizes=\"auto, (max-width: 576px) 100vw, 576px\" \/><\/figure>\n\n\n\n<figure class=\"wp-block-image size-large\"><img loading=\"lazy\" decoding=\"async\" width=\"576\" height=\"1024\" src=\"http:\/\/www.celttv.com.ar\/wp-content\/uploads\/2021\/12\/WhatsApp-Image-2021-12-28-at-12.50.34-576x1024.jpeg\" alt=\"\" class=\"wp-image-62857\" srcset=\"https:\/\/www.celttv.com.ar\/wp-content\/uploads\/2021\/12\/WhatsApp-Image-2021-12-28-at-12.50.34-576x1024.jpeg 576w, https:\/\/www.celttv.com.ar\/wp-content\/uploads\/2021\/12\/WhatsApp-Image-2021-12-28-at-12.50.34-169x300.jpeg 169w, https:\/\/www.celttv.com.ar\/wp-content\/uploads\/2021\/12\/WhatsApp-Image-2021-12-28-at-12.50.34-768x1365.jpeg 768w, https:\/\/www.celttv.com.ar\/wp-content\/uploads\/2021\/12\/WhatsApp-Image-2021-12-28-at-12.50.34-864x1536.jpeg 864w, https:\/\/www.celttv.com.ar\/wp-content\/uploads\/2021\/12\/WhatsApp-Image-2021-12-28-at-12.50.34-750x1333.jpeg 750w, https:\/\/www.celttv.com.ar\/wp-content\/uploads\/2021\/12\/WhatsApp-Image-2021-12-28-at-12.50.34.jpeg 900w\" sizes=\"auto, (max-width: 576px) 100vw, 576px\" \/><\/figure>\n","protected":false},"excerpt":{"rendered":"<p>La Subsecretar\u00eda de Servicios Urbanos junto a la Direcci\u00f3n de Medio Ambiente, llevaron a cabo en el d\u00eda de hoy, un relevamiento de los da\u00f1os sufridos a causa de los fuertes vientos que azotaron el distrito en la tarde noche de la jornada de ayer. Se trabaj\u00f3 sobre varios puntos del Parque Lineal y bulevares [&hellip;]<\/p>\n","protected":false},"author":1,"featured_media":62858,"comment_status":"closed","ping_status":"open","sticky":false,"template":"","format":"standard","meta":{"footnotes":""},"categories":[55,51,52],"tags":[],"class_list":["post-62854","post","type-post","status-publish","format-standard","has-post-thumbnail","hentry","category-celt-tv-noticias","category-comunidad","category-destacadas"],"yoast_head":"<!-- This site is optimized with the Yoast SEO plugin v19.7.1 - https:\/\/yoast.com\/wordpress\/plugins\/seo\/ -->\n<title>Nuevamente se registraron ca\u00eddas de ramas en el Parque Lineal producto de los fuertes vientos - CELTTV<\/title>\n<meta name=\"description\" content=\"Sitio web de noticias de la localidad de Tornquist, provincia de Buenos Aires, Rep\u00fablica Argentina. Contenido propio originado por periodistas de CELTTV, el canal de TV local de la Cooperativa El\u00e9ctrica de Tornquist. Turismo, Pol\u00edtica, Sociedad, Deporte, Cultura y todo el contenido de inter\u00e9s general que la gente del pueblo y la regi\u00f3n debe conocer.\" \/>\n<meta name=\"robots\" content=\"index, follow, max-snippet:-1, max-image-preview:large, max-video-preview:-1\" \/>\n<link rel=\"canonical\" href=\"https:\/\/www.celttv.com.ar\/index.php\/2021\/12\/28\/nuevamente-se-registraron-caidas-de-ramas-en-el-parque-lineal-producto-de-los-fuertes-vientos\/\" \/>\n<meta property=\"og:locale\" content=\"es_ES\" \/>\n<meta property=\"og:type\" content=\"article\" \/>\n<meta property=\"og:title\" content=\"Nuevamente se registraron ca\u00eddas de ramas en el Parque Lineal producto de los fuertes vientos - CELTTV\" \/>\n<meta property=\"og:description\" content=\"Sitio web de noticias de la localidad de Tornquist, provincia de Buenos Aires, Rep\u00fablica Argentina. Contenido propio originado por periodistas de CELTTV, el canal de TV local de la Cooperativa El\u00e9ctrica de Tornquist. Turismo, Pol\u00edtica, Sociedad, Deporte, Cultura y todo el contenido de inter\u00e9s general que la gente del pueblo y la regi\u00f3n debe conocer.\" \/>\n<meta property=\"og:url\" content=\"https:\/\/www.celttv.com.ar\/index.php\/2021\/12\/28\/nuevamente-se-registraron-caidas-de-ramas-en-el-parque-lineal-producto-de-los-fuertes-vientos\/\" \/>\n<meta property=\"og:site_name\" content=\"CELTTV\" \/>\n<meta property=\"article:publisher\" content=\"https:\/\/www.facebook.com\/celtTV\/\" \/>\n<meta property=\"article:published_time\" content=\"2021-12-28T22:51:52+00:00\" \/>\n<meta property=\"og:image\" content=\"https:\/\/www.celttv.com.ar\/wp-content\/uploads\/2021\/12\/WhatsApp-Image-2021-12-28-at-12.50.34-1-1.jpeg\" \/>\n\t<meta property=\"og:image:width\" content=\"709\" \/>\n\t<meta property=\"og:image:height\" content=\"561\" \/>\n\t<meta property=\"og:image:type\" content=\"image\/jpeg\" \/>\n<meta name=\"author\" content=\"ulises\" \/>\n<meta name=\"twitter:card\" content=\"summary_large_image\" \/>\n<meta name=\"twitter:label1\" content=\"Escrito por\" \/>\n\t<meta name=\"twitter:data1\" content=\"ulises\" \/>\n\t<meta name=\"twitter:label2\" content=\"Tiempo de lectura\" \/>\n\t<meta name=\"twitter:data2\" content=\"1 minuto\" \/>\n<script type=\"application\/ld+json\" class=\"yoast-schema-graph\">{\"@context\":\"https:\/\/schema.org\",\"@graph\":[{\"@type\":\"NewsArticle\",\"@id\":\"https:\/\/www.celttv.com.ar\/index.php\/2021\/12\/28\/nuevamente-se-registraron-caidas-de-ramas-en-el-parque-lineal-producto-de-los-fuertes-vientos\/#article\",\"isPartOf\":{\"@id\":\"https:\/\/www.celttv.com.ar\/index.php\/2021\/12\/28\/nuevamente-se-registraron-caidas-de-ramas-en-el-parque-lineal-producto-de-los-fuertes-vientos\/\"},\"author\":{\"name\":\"ulises\",\"@id\":\"https:\/\/www.celttv.com.ar\/#\/schema\/person\/6d99c072dba59953809c81446e9d0ace\"},\"headline\":\"Nuevamente se registraron ca\u00eddas de ramas en el Parque Lineal producto de los fuertes vientos\",\"datePublished\":\"2021-12-28T22:51:52+00:00\",\"dateModified\":\"2021-12-28T22:51:52+00:00\",\"mainEntityOfPage\":{\"@id\":\"https:\/\/www.celttv.com.ar\/index.php\/2021\/12\/28\/nuevamente-se-registraron-caidas-de-ramas-en-el-parque-lineal-producto-de-los-fuertes-vientos\/\"},\"wordCount\":162,\"publisher\":{\"@id\":\"https:\/\/www.celttv.com.ar\/#organization\"},\"articleSection\":[\"Celt TV Noticias\",\"Comunidad\",\"Destacadas\"],\"inLanguage\":\"es\"},{\"@type\":\"WebPage\",\"@id\":\"https:\/\/www.celttv.com.ar\/index.php\/2021\/12\/28\/nuevamente-se-registraron-caidas-de-ramas-en-el-parque-lineal-producto-de-los-fuertes-vientos\/\",\"url\":\"https:\/\/www.celttv.com.ar\/index.php\/2021\/12\/28\/nuevamente-se-registraron-caidas-de-ramas-en-el-parque-lineal-producto-de-los-fuertes-vientos\/\",\"name\":\"Nuevamente se registraron ca\u00eddas de ramas en el Parque Lineal producto de los fuertes vientos - CELTTV\",\"isPartOf\":{\"@id\":\"https:\/\/www.celttv.com.ar\/#website\"},\"datePublished\":\"2021-12-28T22:51:52+00:00\",\"dateModified\":\"2021-12-28T22:51:52+00:00\",\"description\":\"Sitio web de noticias de la localidad de Tornquist, provincia de Buenos Aires, Rep\u00fablica Argentina. Contenido propio originado por periodistas de CELTTV, el canal de TV local de la Cooperativa El\u00e9ctrica de Tornquist. Turismo, Pol\u00edtica, Sociedad, Deporte, Cultura y todo el contenido de inter\u00e9s general que la gente del pueblo y la regi\u00f3n debe conocer.\",\"breadcrumb\":{\"@id\":\"https:\/\/www.celttv.com.ar\/index.php\/2021\/12\/28\/nuevamente-se-registraron-caidas-de-ramas-en-el-parque-lineal-producto-de-los-fuertes-vientos\/#breadcrumb\"},\"inLanguage\":\"es\",\"potentialAction\":[{\"@type\":\"ReadAction\",\"target\":[\"https:\/\/www.celttv.com.ar\/index.php\/2021\/12\/28\/nuevamente-se-registraron-caidas-de-ramas-en-el-parque-lineal-producto-de-los-fuertes-vientos\/\"]}]},{\"@type\":\"BreadcrumbList\",\"@id\":\"https:\/\/www.celttv.com.ar\/index.php\/2021\/12\/28\/nuevamente-se-registraron-caidas-de-ramas-en-el-parque-lineal-producto-de-los-fuertes-vientos\/#breadcrumb\",\"itemListElement\":[{\"@type\":\"ListItem\",\"position\":1,\"name\":\"Inicio\",\"item\":\"https:\/\/www.celttv.com.ar\/\"},{\"@type\":\"ListItem\",\"position\":2,\"name\":\"Nuevamente se registraron ca\u00eddas de ramas en el Parque Lineal producto de los fuertes vientos\"}]},{\"@type\":\"WebSite\",\"@id\":\"https:\/\/www.celttv.com.ar\/#website\",\"url\":\"https:\/\/www.celttv.com.ar\/\",\"name\":\"CELTTV\",\"description\":\"Cooperativa El\u00e9ctrica de Tornquist\",\"publisher\":{\"@id\":\"https:\/\/www.celttv.com.ar\/#organization\"},\"potentialAction\":[{\"@type\":\"SearchAction\",\"target\":{\"@type\":\"EntryPoint\",\"urlTemplate\":\"https:\/\/www.celttv.com.ar\/?s={search_term_string}\"},\"query-input\":\"required name=search_term_string\"}],\"inLanguage\":\"es\"},{\"@type\":\"Organization\",\"@id\":\"https:\/\/www.celttv.com.ar\/#organization\",\"name\":\"CELTTV\",\"url\":\"https:\/\/www.celttv.com.ar\/\",\"sameAs\":[\"https:\/\/www.youtube.com\/channel\/UCz_oIt8Hig64Ub-EmcNPIhg\",\"https:\/\/www.facebook.com\/celtTV\/\"],\"logo\":{\"@type\":\"ImageObject\",\"inLanguage\":\"es\",\"@id\":\"https:\/\/www.celttv.com.ar\/#\/schema\/logo\/image\/\",\"url\":\"http:\/\/www.celttv.com.ar\/wp-content\/uploads\/2022\/08\/logo-1.png\",\"contentUrl\":\"http:\/\/www.celttv.com.ar\/wp-content\/uploads\/2022\/08\/logo-1.png\",\"width\":461,\"height\":159,\"caption\":\"CELTTV\"},\"image\":{\"@id\":\"https:\/\/www.celttv.com.ar\/#\/schema\/logo\/image\/\"}},{\"@type\":\"Person\",\"@id\":\"https:\/\/www.celttv.com.ar\/#\/schema\/person\/6d99c072dba59953809c81446e9d0ace\",\"name\":\"ulises\",\"image\":{\"@type\":\"ImageObject\",\"inLanguage\":\"es\",\"@id\":\"https:\/\/www.celttv.com.ar\/#\/schema\/person\/image\/\",\"url\":\"https:\/\/secure.gravatar.com\/avatar\/7f2c48bdc33b30088f941fb6082e555f2874c98e20cb159d7b92b50eadfce793?s=96&d=mm&r=g\",\"contentUrl\":\"https:\/\/secure.gravatar.com\/avatar\/7f2c48bdc33b30088f941fb6082e555f2874c98e20cb159d7b92b50eadfce793?s=96&d=mm&r=g\",\"caption\":\"ulises\"},\"sameAs\":[\"http:\/\/www.celttv.com.ar\"]}]}<\/script>\n<!-- \/ Yoast SEO plugin. -->","yoast_head_json":{"title":"Nuevamente se registraron ca\u00eddas de ramas en el Parque Lineal producto de los fuertes vientos - CELTTV","description":"Sitio web de noticias de la localidad de Tornquist, provincia de Buenos Aires, Rep\u00fablica Argentina. Contenido propio originado por periodistas de CELTTV, el canal de TV local de la Cooperativa El\u00e9ctrica de Tornquist. Turismo, Pol\u00edtica, Sociedad, Deporte, Cultura y todo el contenido de inter\u00e9s general que la gente del pueblo y la regi\u00f3n debe conocer.","robots":{"index":"index","follow":"follow","max-snippet":"max-snippet:-1","max-image-preview":"max-image-preview:large","max-video-preview":"max-video-preview:-1"},"canonical":"https:\/\/www.celttv.com.ar\/index.php\/2021\/12\/28\/nuevamente-se-registraron-caidas-de-ramas-en-el-parque-lineal-producto-de-los-fuertes-vientos\/","og_locale":"es_ES","og_type":"article","og_title":"Nuevamente se registraron ca\u00eddas de ramas en el Parque Lineal producto de los fuertes vientos - CELTTV","og_description":"Sitio web de noticias de la localidad de Tornquist, provincia de Buenos Aires, Rep\u00fablica Argentina. Contenido propio originado por periodistas de CELTTV, el canal de TV local de la Cooperativa El\u00e9ctrica de Tornquist. Turismo, Pol\u00edtica, Sociedad, Deporte, Cultura y todo el contenido de inter\u00e9s general que la gente del pueblo y la regi\u00f3n debe conocer.","og_url":"https:\/\/www.celttv.com.ar\/index.php\/2021\/12\/28\/nuevamente-se-registraron-caidas-de-ramas-en-el-parque-lineal-producto-de-los-fuertes-vientos\/","og_site_name":"CELTTV","article_publisher":"https:\/\/www.facebook.com\/celtTV\/","article_published_time":"2021-12-28T22:51:52+00:00","og_image":[{"width":709,"height":561,"url":"https:\/\/www.celttv.com.ar\/wp-content\/uploads\/2021\/12\/WhatsApp-Image-2021-12-28-at-12.50.34-1-1.jpeg","type":"image\/jpeg"}],"author":"ulises","twitter_card":"summary_large_image","twitter_misc":{"Escrito por":"ulises","Tiempo de lectura":"1 minuto"},"schema":{"@context":"https:\/\/schema.org","@graph":[{"@type":"NewsArticle","@id":"https:\/\/www.celttv.com.ar\/index.php\/2021\/12\/28\/nuevamente-se-registraron-caidas-de-ramas-en-el-parque-lineal-producto-de-los-fuertes-vientos\/#article","isPartOf":{"@id":"https:\/\/www.celttv.com.ar\/index.php\/2021\/12\/28\/nuevamente-se-registraron-caidas-de-ramas-en-el-parque-lineal-producto-de-los-fuertes-vientos\/"},"author":{"name":"ulises","@id":"https:\/\/www.celttv.com.ar\/#\/schema\/person\/6d99c072dba59953809c81446e9d0ace"},"headline":"Nuevamente se registraron ca\u00eddas de ramas en el Parque Lineal producto de los fuertes vientos","datePublished":"2021-12-28T22:51:52+00:00","dateModified":"2021-12-28T22:51:52+00:00","mainEntityOfPage":{"@id":"https:\/\/www.celttv.com.ar\/index.php\/2021\/12\/28\/nuevamente-se-registraron-caidas-de-ramas-en-el-parque-lineal-producto-de-los-fuertes-vientos\/"},"wordCount":162,"publisher":{"@id":"https:\/\/www.celttv.com.ar\/#organization"},"articleSection":["Celt TV Noticias","Comunidad","Destacadas"],"inLanguage":"es"},{"@type":"WebPage","@id":"https:\/\/www.celttv.com.ar\/index.php\/2021\/12\/28\/nuevamente-se-registraron-caidas-de-ramas-en-el-parque-lineal-producto-de-los-fuertes-vientos\/","url":"https:\/\/www.celttv.com.ar\/index.php\/2021\/12\/28\/nuevamente-se-registraron-caidas-de-ramas-en-el-parque-lineal-producto-de-los-fuertes-vientos\/","name":"Nuevamente se registraron ca\u00eddas de ramas en el Parque Lineal producto de los fuertes vientos - CELTTV","isPartOf":{"@id":"https:\/\/www.celttv.com.ar\/#website"},"datePublished":"2021-12-28T22:51:52+00:00","dateModified":"2021-12-28T22:51:52+00:00","description":"Sitio web de noticias de la localidad de Tornquist, provincia de Buenos Aires, Rep\u00fablica Argentina. Contenido propio originado por periodistas de CELTTV, el canal de TV local de la Cooperativa El\u00e9ctrica de Tornquist. Turismo, Pol\u00edtica, Sociedad, Deporte, Cultura y todo el contenido de inter\u00e9s general que la gente del pueblo y la regi\u00f3n debe conocer.","breadcrumb":{"@id":"https:\/\/www.celttv.com.ar\/index.php\/2021\/12\/28\/nuevamente-se-registraron-caidas-de-ramas-en-el-parque-lineal-producto-de-los-fuertes-vientos\/#breadcrumb"},"inLanguage":"es","potentialAction":[{"@type":"ReadAction","target":["https:\/\/www.celttv.com.ar\/index.php\/2021\/12\/28\/nuevamente-se-registraron-caidas-de-ramas-en-el-parque-lineal-producto-de-los-fuertes-vientos\/"]}]},{"@type":"BreadcrumbList","@id":"https:\/\/www.celttv.com.ar\/index.php\/2021\/12\/28\/nuevamente-se-registraron-caidas-de-ramas-en-el-parque-lineal-producto-de-los-fuertes-vientos\/#breadcrumb","itemListElement":[{"@type":"ListItem","position":1,"name":"Inicio","item":"https:\/\/www.celttv.com.ar\/"},{"@type":"ListItem","position":2,"name":"Nuevamente se registraron ca\u00eddas de ramas en el Parque Lineal producto de los fuertes vientos"}]},{"@type":"WebSite","@id":"https:\/\/www.celttv.com.ar\/#website","url":"https:\/\/www.celttv.com.ar\/","name":"CELTTV","description":"Cooperativa El\u00e9ctrica de Tornquist","publisher":{"@id":"https:\/\/www.celttv.com.ar\/#organization"},"potentialAction":[{"@type":"SearchAction","target":{"@type":"EntryPoint","urlTemplate":"https:\/\/www.celttv.com.ar\/?s={search_term_string}"},"query-input":"required name=search_term_string"}],"inLanguage":"es"},{"@type":"Organization","@id":"https:\/\/www.celttv.com.ar\/#organization","name":"CELTTV","url":"https:\/\/www.celttv.com.ar\/","sameAs":["https:\/\/www.youtube.com\/channel\/UCz_oIt8Hig64Ub-EmcNPIhg","https:\/\/www.facebook.com\/celtTV\/"],"logo":{"@type":"ImageObject","inLanguage":"es","@id":"https:\/\/www.celttv.com.ar\/#\/schema\/logo\/image\/","url":"http:\/\/www.celttv.com.ar\/wp-content\/uploads\/2022\/08\/logo-1.png","contentUrl":"http:\/\/www.celttv.com.ar\/wp-content\/uploads\/2022\/08\/logo-1.png","width":461,"height":159,"caption":"CELTTV"},"image":{"@id":"https:\/\/www.celttv.com.ar\/#\/schema\/logo\/image\/"}},{"@type":"Person","@id":"https:\/\/www.celttv.com.ar\/#\/schema\/person\/6d99c072dba59953809c81446e9d0ace","name":"ulises","image":{"@type":"ImageObject","inLanguage":"es","@id":"https:\/\/www.celttv.com.ar\/#\/schema\/person\/image\/","url":"https:\/\/secure.gravatar.com\/avatar\/7f2c48bdc33b30088f941fb6082e555f2874c98e20cb159d7b92b50eadfce793?s=96&d=mm&r=g","contentUrl":"https:\/\/secure.gravatar.com\/avatar\/7f2c48bdc33b30088f941fb6082e555f2874c98e20cb159d7b92b50eadfce793?s=96&d=mm&r=g","caption":"ulises"},"sameAs":["http:\/\/www.celttv.com.ar"]}]}},"_links":{"self":[{"href":"https:\/\/www.celttv.com.ar\/index.php\/wp-json\/wp\/v2\/posts\/62854","targetHints":{"allow":["GET"]}}],"collection":[{"href":"https:\/\/www.celttv.com.ar\/index.php\/wp-json\/wp\/v2\/posts"}],"about":[{"href":"https:\/\/www.celttv.com.ar\/index.php\/wp-json\/wp\/v2\/types\/post"}],"author":[{"embeddable":true,"href":"https:\/\/www.celttv.com.ar\/index.php\/wp-json\/wp\/v2\/users\/1"}],"replies":[{"embeddable":true,"href":"https:\/\/www.celttv.com.ar\/index.php\/wp-json\/wp\/v2\/comments?post=62854"}],"version-history":[{"count":0,"href":"https:\/\/www.celttv.com.ar\/index.php\/wp-json\/wp\/v2\/posts\/62854\/revisions"}],"wp:featuredmedia":[{"embeddable":true,"href":"https:\/\/www.celttv.com.ar\/index.php\/wp-json\/wp\/v2\/media\/62858"}],"wp:attachment":[{"href":"https:\/\/www.celttv.com.ar\/index.php\/wp-json\/wp\/v2\/media?parent=62854"}],"wp:term":[{"taxonomy":"category","embeddable":true,"href":"https:\/\/www.celttv.com.ar\/index.php\/wp-json\/wp\/v2\/categories?post=62854"},{"taxonomy":"post_tag","embeddable":true,"href":"https:\/\/www.celttv.com.ar\/index.php\/wp-json\/wp\/v2\/tags?post=62854"}],"curies":[{"name":"wp","href":"https:\/\/api.w.org\/{rel}","templated":true}]}}