{"id":62872,"date":"2021-12-29T14:22:51","date_gmt":"2021-12-29T14:22:51","guid":{"rendered":"http:\/\/www.celttv.com.ar\/?p=62872"},"modified":"2021-12-29T14:22:51","modified_gmt":"2021-12-29T14:22:51","slug":"los-concejales-hoy-trataran-el-calculo-de-recursos-y-presupuesto-de-gastos-para-el-ejercicio-2022","status":"publish","type":"post","link":"https:\/\/www.celttv.com.ar\/index.php\/2021\/12\/29\/los-concejales-hoy-trataran-el-calculo-de-recursos-y-presupuesto-de-gastos-para-el-ejercicio-2022\/","title":{"rendered":"Los concejales hoy tratar\u00e1n el C\u00e1lculo de Recursos y Presupuesto de Gastos para el Ejercicio 2022"},"content":{"rendered":"\n<p>Convocatoria a sesi\u00f3n extraordinaria del HCD para hoy (mi\u00e9rcoles), a las 20, donde se tratar\u00e1 -entre otros temas- el C\u00e1lculo de Recursos y Presupuesto de Gastos Ejercicio 2022.<\/p>\n\n\n\n<p><strong>DECRETO N\u00ba 28\/21<\/strong><\/p>\n\n\n\n<p><strong>VISTO:<\/strong><\/p>\n\n\n\n<p>Las facultades otorgadas a la Presidente del Honorable Concejo Deliberante por el Art\u00edculo 68\u00ba de la Ley Org\u00e1nica de las Municipalidades, a efectos de que se convoque a Sesi\u00f3n Extraordinaria para el d\u00eda 29 de diciembre de 2021, y;<\/p>\n\n\n\n<p><strong>CONSIDERANDO:<\/strong><\/p>\n\n\n\n<p>Que la Presidente del Honorable Concejo Deliberante, se encuentra num\u00e9ricamente facultada para que tal solicitud proceda, conforme a las disposiciones del Art\u00edculo anteriormente mencionado, Inciso 5\u00ba de la Ley Org\u00e1nica de la Municipalidades y al Art\u00edculo 5\u00ba, Inciso 5\u00ba del Reglamento Interno de este Cuerpo.<\/p>\n\n\n\n<p><strong>POR ELLO:<\/strong><\/p>\n\n\n\n<p>la presidente del Honorable Concejo Deliberante, en uso de sus facultades &#8230;<\/p>\n\n\n\n<p><strong>D E C R E T A<\/strong><\/p>\n\n\n\n<p><strong>ART\u00cdCULO 1\u00ba:<\/strong> Conv\u00f3quese a los miembros del Honorable Concejo Deliberante a Sesi\u00f3n Extraordinaria, para el d\u00eda 29 de diciembre de 2021, a la hora 20:00, con el objeto de dar tratamiento a los siguientes temas:<\/p>\n\n\n\n<ul class=\"wp-block-list\"><li><strong>Expte. N\u00ba 015\/21:<\/strong> D.E. Convalida la firma del Convenio de Colaboraci\u00f3n celebrado entre la Municipalidad de Tornquist y el Circulo-Pacientes de PAMI.-<\/li><li><strong>Expte. N\u00ba 016\/21:<\/strong> D.E. Convalida la firma del Convenio de Colaboraci\u00f3n Circulo M\u00e9dico celebrado entre la Municipalidad de Tornquist y el C\u00edrculo M\u00e9dico Tornquist- Guardias.-<\/li><li><strong>Expte. N\u00ba 298\/21:<\/strong> Llamado a Licitaci\u00f3n P\u00fablica para contrataci\u00f3n de Aseguradora de Riesgo de Trabajo y Seguro de Vida Obligatorio- Licitaci\u00f3n P\u00fablica N\u00ba 13\/21- Cuerpos I, II, III, y IV.-<\/li><li><strong>Expte. N\u00ba 316\/21:<\/strong> D.E. C\u00e1lculos de Recursos y Presupuesto de Gastos Ejercicio 2022.-<\/li><li><strong>Expte. N\u00ba 346\/21:<\/strong> D.E. Convalida la firma del Contrato de Locaci\u00f3n celebrado e\/el Sr. Dar\u00edo Jorge Laurenco y el Municipio de Tornquist.-<\/li><li><strong>Expte. N\u00ba 7313\/21:<\/strong> N.P. Alejandro Aiello: Solicita aumento de tarifa de Transporte Silver \u2013 L\u00ednea urbana Saldungaray-Tornquist.-<\/li><\/ul>\n\n\n\n<p><strong>ART\u00cdCULO 2\u00ba:<\/strong> Comun\u00edquese, Publ\u00edquese, Reg\u00edstrese y Cumplido: ARCH\u00cdVESE.-<\/p>\n\n\n\n<p><strong>Jos\u00e9 M. Castro Sandra Gabriela Kifer<\/strong><\/p>\n\n\n\n<p><strong>Secretario Presidente<\/strong><\/p>\n\n\n\n<p><strong>H.C.D. H.C.D.<\/strong><\/p>\n","protected":false},"excerpt":{"rendered":"<p>Convocatoria a sesi\u00f3n extraordinaria del HCD para hoy (mi\u00e9rcoles), a las 20, donde se tratar\u00e1 -entre otros temas- el C\u00e1lculo de Recursos y Presupuesto de Gastos Ejercicio 2022. DECRETO N\u00ba 28\/21 VISTO: Las facultades otorgadas a la Presidente del Honorable Concejo Deliberante por el Art\u00edculo 68\u00ba de la Ley Org\u00e1nica de las Municipalidades, a efectos [&hellip;]<\/p>\n","protected":false},"author":1,"featured_media":62873,"comment_status":"closed","ping_status":"open","sticky":false,"template":"","format":"standard","meta":{"footnotes":""},"categories":[55,51,52],"tags":[],"class_list":["post-62872","post","type-post","status-publish","format-standard","has-post-thumbnail","hentry","category-celt-tv-noticias","category-comunidad","category-destacadas"],"yoast_head":"<!-- This site is optimized with the Yoast SEO plugin v19.7.1 - https:\/\/yoast.com\/wordpress\/plugins\/seo\/ -->\n<title>Los concejales hoy tratar\u00e1n el C\u00e1lculo de Recursos y Presupuesto de Gastos para el Ejercicio 2022 - CELTTV<\/title>\n<meta name=\"description\" content=\"Sitio web de noticias de la localidad de Tornquist, provincia de Buenos Aires, Rep\u00fablica Argentina. Contenido propio originado por periodistas de CELTTV, el canal de TV local de la Cooperativa El\u00e9ctrica de Tornquist. Turismo, Pol\u00edtica, Sociedad, Deporte, Cultura y todo el contenido de inter\u00e9s general que la gente del pueblo y la regi\u00f3n debe conocer.\" \/>\n<meta name=\"robots\" content=\"index, follow, max-snippet:-1, max-image-preview:large, max-video-preview:-1\" \/>\n<link rel=\"canonical\" href=\"https:\/\/www.celttv.com.ar\/index.php\/2021\/12\/29\/los-concejales-hoy-trataran-el-calculo-de-recursos-y-presupuesto-de-gastos-para-el-ejercicio-2022\/\" \/>\n<meta property=\"og:locale\" content=\"es_ES\" \/>\n<meta property=\"og:type\" content=\"article\" \/>\n<meta property=\"og:title\" content=\"Los concejales hoy tratar\u00e1n el C\u00e1lculo de Recursos y Presupuesto de Gastos para el Ejercicio 2022 - CELTTV\" \/>\n<meta property=\"og:description\" content=\"Sitio web de noticias de la localidad de Tornquist, provincia de Buenos Aires, Rep\u00fablica Argentina. Contenido propio originado por periodistas de CELTTV, el canal de TV local de la Cooperativa El\u00e9ctrica de Tornquist. Turismo, Pol\u00edtica, Sociedad, Deporte, Cultura y todo el contenido de inter\u00e9s general que la gente del pueblo y la regi\u00f3n debe conocer.\" \/>\n<meta property=\"og:url\" content=\"https:\/\/www.celttv.com.ar\/index.php\/2021\/12\/29\/los-concejales-hoy-trataran-el-calculo-de-recursos-y-presupuesto-de-gastos-para-el-ejercicio-2022\/\" \/>\n<meta property=\"og:site_name\" content=\"CELTTV\" \/>\n<meta property=\"article:publisher\" content=\"https:\/\/www.facebook.com\/celtTV\/\" \/>\n<meta property=\"article:published_time\" content=\"2021-12-29T14:22:51+00:00\" \/>\n<meta property=\"og:image\" content=\"https:\/\/www.celttv.com.ar\/wp-content\/uploads\/2021\/12\/descarga.png\" \/>\n\t<meta property=\"og:image:width\" content=\"225\" \/>\n\t<meta property=\"og:image:height\" content=\"225\" \/>\n\t<meta property=\"og:image:type\" content=\"image\/png\" \/>\n<meta name=\"author\" content=\"ulises\" \/>\n<meta name=\"twitter:card\" content=\"summary_large_image\" \/>\n<meta name=\"twitter:label1\" content=\"Escrito por\" \/>\n\t<meta name=\"twitter:data1\" content=\"ulises\" \/>\n\t<meta name=\"twitter:label2\" content=\"Tiempo de lectura\" \/>\n\t<meta name=\"twitter:data2\" content=\"2 minutos\" \/>\n<script type=\"application\/ld+json\" class=\"yoast-schema-graph\">{\"@context\":\"https:\/\/schema.org\",\"@graph\":[{\"@type\":\"NewsArticle\",\"@id\":\"https:\/\/www.celttv.com.ar\/index.php\/2021\/12\/29\/los-concejales-hoy-trataran-el-calculo-de-recursos-y-presupuesto-de-gastos-para-el-ejercicio-2022\/#article\",\"isPartOf\":{\"@id\":\"https:\/\/www.celttv.com.ar\/index.php\/2021\/12\/29\/los-concejales-hoy-trataran-el-calculo-de-recursos-y-presupuesto-de-gastos-para-el-ejercicio-2022\/\"},\"author\":{\"name\":\"ulises\",\"@id\":\"https:\/\/www.celttv.com.ar\/#\/schema\/person\/6d99c072dba59953809c81446e9d0ace\"},\"headline\":\"Los concejales hoy tratar\u00e1n el C\u00e1lculo de Recursos y Presupuesto de Gastos para el Ejercicio 2022\",\"datePublished\":\"2021-12-29T14:22:51+00:00\",\"dateModified\":\"2021-12-29T14:22:51+00:00\",\"mainEntityOfPage\":{\"@id\":\"https:\/\/www.celttv.com.ar\/index.php\/2021\/12\/29\/los-concejales-hoy-trataran-el-calculo-de-recursos-y-presupuesto-de-gastos-para-el-ejercicio-2022\/\"},\"wordCount\":360,\"publisher\":{\"@id\":\"https:\/\/www.celttv.com.ar\/#organization\"},\"articleSection\":[\"Celt TV Noticias\",\"Comunidad\",\"Destacadas\"],\"inLanguage\":\"es\"},{\"@type\":\"WebPage\",\"@id\":\"https:\/\/www.celttv.com.ar\/index.php\/2021\/12\/29\/los-concejales-hoy-trataran-el-calculo-de-recursos-y-presupuesto-de-gastos-para-el-ejercicio-2022\/\",\"url\":\"https:\/\/www.celttv.com.ar\/index.php\/2021\/12\/29\/los-concejales-hoy-trataran-el-calculo-de-recursos-y-presupuesto-de-gastos-para-el-ejercicio-2022\/\",\"name\":\"Los concejales hoy tratar\u00e1n el C\u00e1lculo de Recursos y Presupuesto de Gastos para el Ejercicio 2022 - CELTTV\",\"isPartOf\":{\"@id\":\"https:\/\/www.celttv.com.ar\/#website\"},\"datePublished\":\"2021-12-29T14:22:51+00:00\",\"dateModified\":\"2021-12-29T14:22:51+00:00\",\"description\":\"Sitio web de noticias de la localidad de Tornquist, provincia de Buenos Aires, Rep\u00fablica Argentina. Contenido propio originado por periodistas de CELTTV, el canal de TV local de la Cooperativa El\u00e9ctrica de Tornquist. Turismo, Pol\u00edtica, Sociedad, Deporte, Cultura y todo el contenido de inter\u00e9s general que la gente del pueblo y la regi\u00f3n debe conocer.\",\"breadcrumb\":{\"@id\":\"https:\/\/www.celttv.com.ar\/index.php\/2021\/12\/29\/los-concejales-hoy-trataran-el-calculo-de-recursos-y-presupuesto-de-gastos-para-el-ejercicio-2022\/#breadcrumb\"},\"inLanguage\":\"es\",\"potentialAction\":[{\"@type\":\"ReadAction\",\"target\":[\"https:\/\/www.celttv.com.ar\/index.php\/2021\/12\/29\/los-concejales-hoy-trataran-el-calculo-de-recursos-y-presupuesto-de-gastos-para-el-ejercicio-2022\/\"]}]},{\"@type\":\"BreadcrumbList\",\"@id\":\"https:\/\/www.celttv.com.ar\/index.php\/2021\/12\/29\/los-concejales-hoy-trataran-el-calculo-de-recursos-y-presupuesto-de-gastos-para-el-ejercicio-2022\/#breadcrumb\",\"itemListElement\":[{\"@type\":\"ListItem\",\"position\":1,\"name\":\"Inicio\",\"item\":\"https:\/\/www.celttv.com.ar\/\"},{\"@type\":\"ListItem\",\"position\":2,\"name\":\"Los concejales hoy tratar\u00e1n el C\u00e1lculo de Recursos y Presupuesto de Gastos para el Ejercicio 2022\"}]},{\"@type\":\"WebSite\",\"@id\":\"https:\/\/www.celttv.com.ar\/#website\",\"url\":\"https:\/\/www.celttv.com.ar\/\",\"name\":\"CELTTV\",\"description\":\"Cooperativa El\u00e9ctrica de Tornquist\",\"publisher\":{\"@id\":\"https:\/\/www.celttv.com.ar\/#organization\"},\"potentialAction\":[{\"@type\":\"SearchAction\",\"target\":{\"@type\":\"EntryPoint\",\"urlTemplate\":\"https:\/\/www.celttv.com.ar\/?s={search_term_string}\"},\"query-input\":\"required name=search_term_string\"}],\"inLanguage\":\"es\"},{\"@type\":\"Organization\",\"@id\":\"https:\/\/www.celttv.com.ar\/#organization\",\"name\":\"CELTTV\",\"url\":\"https:\/\/www.celttv.com.ar\/\",\"sameAs\":[\"https:\/\/www.youtube.com\/channel\/UCz_oIt8Hig64Ub-EmcNPIhg\",\"https:\/\/www.facebook.com\/celtTV\/\"],\"logo\":{\"@type\":\"ImageObject\",\"inLanguage\":\"es\",\"@id\":\"https:\/\/www.celttv.com.ar\/#\/schema\/logo\/image\/\",\"url\":\"http:\/\/www.celttv.com.ar\/wp-content\/uploads\/2022\/08\/logo-1.png\",\"contentUrl\":\"http:\/\/www.celttv.com.ar\/wp-content\/uploads\/2022\/08\/logo-1.png\",\"width\":461,\"height\":159,\"caption\":\"CELTTV\"},\"image\":{\"@id\":\"https:\/\/www.celttv.com.ar\/#\/schema\/logo\/image\/\"}},{\"@type\":\"Person\",\"@id\":\"https:\/\/www.celttv.com.ar\/#\/schema\/person\/6d99c072dba59953809c81446e9d0ace\",\"name\":\"ulises\",\"image\":{\"@type\":\"ImageObject\",\"inLanguage\":\"es\",\"@id\":\"https:\/\/www.celttv.com.ar\/#\/schema\/person\/image\/\",\"url\":\"https:\/\/secure.gravatar.com\/avatar\/7f2c48bdc33b30088f941fb6082e555f2874c98e20cb159d7b92b50eadfce793?s=96&d=mm&r=g\",\"contentUrl\":\"https:\/\/secure.gravatar.com\/avatar\/7f2c48bdc33b30088f941fb6082e555f2874c98e20cb159d7b92b50eadfce793?s=96&d=mm&r=g\",\"caption\":\"ulises\"},\"sameAs\":[\"http:\/\/www.celttv.com.ar\"]}]}<\/script>\n<!-- \/ Yoast SEO plugin. -->","yoast_head_json":{"title":"Los concejales hoy tratar\u00e1n el C\u00e1lculo de Recursos y Presupuesto de Gastos para el Ejercicio 2022 - CELTTV","description":"Sitio web de noticias de la localidad de Tornquist, provincia de Buenos Aires, Rep\u00fablica Argentina. Contenido propio originado por periodistas de CELTTV, el canal de TV local de la Cooperativa El\u00e9ctrica de Tornquist. Turismo, Pol\u00edtica, Sociedad, Deporte, Cultura y todo el contenido de inter\u00e9s general que la gente del pueblo y la regi\u00f3n debe conocer.","robots":{"index":"index","follow":"follow","max-snippet":"max-snippet:-1","max-image-preview":"max-image-preview:large","max-video-preview":"max-video-preview:-1"},"canonical":"https:\/\/www.celttv.com.ar\/index.php\/2021\/12\/29\/los-concejales-hoy-trataran-el-calculo-de-recursos-y-presupuesto-de-gastos-para-el-ejercicio-2022\/","og_locale":"es_ES","og_type":"article","og_title":"Los concejales hoy tratar\u00e1n el C\u00e1lculo de Recursos y Presupuesto de Gastos para el Ejercicio 2022 - CELTTV","og_description":"Sitio web de noticias de la localidad de Tornquist, provincia de Buenos Aires, Rep\u00fablica Argentina. Contenido propio originado por periodistas de CELTTV, el canal de TV local de la Cooperativa El\u00e9ctrica de Tornquist. Turismo, Pol\u00edtica, Sociedad, Deporte, Cultura y todo el contenido de inter\u00e9s general que la gente del pueblo y la regi\u00f3n debe conocer.","og_url":"https:\/\/www.celttv.com.ar\/index.php\/2021\/12\/29\/los-concejales-hoy-trataran-el-calculo-de-recursos-y-presupuesto-de-gastos-para-el-ejercicio-2022\/","og_site_name":"CELTTV","article_publisher":"https:\/\/www.facebook.com\/celtTV\/","article_published_time":"2021-12-29T14:22:51+00:00","og_image":[{"width":225,"height":225,"url":"https:\/\/www.celttv.com.ar\/wp-content\/uploads\/2021\/12\/descarga.png","type":"image\/png"}],"author":"ulises","twitter_card":"summary_large_image","twitter_misc":{"Escrito por":"ulises","Tiempo de lectura":"2 minutos"},"schema":{"@context":"https:\/\/schema.org","@graph":[{"@type":"NewsArticle","@id":"https:\/\/www.celttv.com.ar\/index.php\/2021\/12\/29\/los-concejales-hoy-trataran-el-calculo-de-recursos-y-presupuesto-de-gastos-para-el-ejercicio-2022\/#article","isPartOf":{"@id":"https:\/\/www.celttv.com.ar\/index.php\/2021\/12\/29\/los-concejales-hoy-trataran-el-calculo-de-recursos-y-presupuesto-de-gastos-para-el-ejercicio-2022\/"},"author":{"name":"ulises","@id":"https:\/\/www.celttv.com.ar\/#\/schema\/person\/6d99c072dba59953809c81446e9d0ace"},"headline":"Los concejales hoy tratar\u00e1n el C\u00e1lculo de Recursos y Presupuesto de Gastos para el Ejercicio 2022","datePublished":"2021-12-29T14:22:51+00:00","dateModified":"2021-12-29T14:22:51+00:00","mainEntityOfPage":{"@id":"https:\/\/www.celttv.com.ar\/index.php\/2021\/12\/29\/los-concejales-hoy-trataran-el-calculo-de-recursos-y-presupuesto-de-gastos-para-el-ejercicio-2022\/"},"wordCount":360,"publisher":{"@id":"https:\/\/www.celttv.com.ar\/#organization"},"articleSection":["Celt TV Noticias","Comunidad","Destacadas"],"inLanguage":"es"},{"@type":"WebPage","@id":"https:\/\/www.celttv.com.ar\/index.php\/2021\/12\/29\/los-concejales-hoy-trataran-el-calculo-de-recursos-y-presupuesto-de-gastos-para-el-ejercicio-2022\/","url":"https:\/\/www.celttv.com.ar\/index.php\/2021\/12\/29\/los-concejales-hoy-trataran-el-calculo-de-recursos-y-presupuesto-de-gastos-para-el-ejercicio-2022\/","name":"Los concejales hoy tratar\u00e1n el C\u00e1lculo de Recursos y Presupuesto de Gastos para el Ejercicio 2022 - CELTTV","isPartOf":{"@id":"https:\/\/www.celttv.com.ar\/#website"},"datePublished":"2021-12-29T14:22:51+00:00","dateModified":"2021-12-29T14:22:51+00:00","description":"Sitio web de noticias de la localidad de Tornquist, provincia de Buenos Aires, Rep\u00fablica Argentina. Contenido propio originado por periodistas de CELTTV, el canal de TV local de la Cooperativa El\u00e9ctrica de Tornquist. Turismo, Pol\u00edtica, Sociedad, Deporte, Cultura y todo el contenido de inter\u00e9s general que la gente del pueblo y la regi\u00f3n debe conocer.","breadcrumb":{"@id":"https:\/\/www.celttv.com.ar\/index.php\/2021\/12\/29\/los-concejales-hoy-trataran-el-calculo-de-recursos-y-presupuesto-de-gastos-para-el-ejercicio-2022\/#breadcrumb"},"inLanguage":"es","potentialAction":[{"@type":"ReadAction","target":["https:\/\/www.celttv.com.ar\/index.php\/2021\/12\/29\/los-concejales-hoy-trataran-el-calculo-de-recursos-y-presupuesto-de-gastos-para-el-ejercicio-2022\/"]}]},{"@type":"BreadcrumbList","@id":"https:\/\/www.celttv.com.ar\/index.php\/2021\/12\/29\/los-concejales-hoy-trataran-el-calculo-de-recursos-y-presupuesto-de-gastos-para-el-ejercicio-2022\/#breadcrumb","itemListElement":[{"@type":"ListItem","position":1,"name":"Inicio","item":"https:\/\/www.celttv.com.ar\/"},{"@type":"ListItem","position":2,"name":"Los concejales hoy tratar\u00e1n el C\u00e1lculo de Recursos y Presupuesto de Gastos para el Ejercicio 2022"}]},{"@type":"WebSite","@id":"https:\/\/www.celttv.com.ar\/#website","url":"https:\/\/www.celttv.com.ar\/","name":"CELTTV","description":"Cooperativa El\u00e9ctrica de Tornquist","publisher":{"@id":"https:\/\/www.celttv.com.ar\/#organization"},"potentialAction":[{"@type":"SearchAction","target":{"@type":"EntryPoint","urlTemplate":"https:\/\/www.celttv.com.ar\/?s={search_term_string}"},"query-input":"required name=search_term_string"}],"inLanguage":"es"},{"@type":"Organization","@id":"https:\/\/www.celttv.com.ar\/#organization","name":"CELTTV","url":"https:\/\/www.celttv.com.ar\/","sameAs":["https:\/\/www.youtube.com\/channel\/UCz_oIt8Hig64Ub-EmcNPIhg","https:\/\/www.facebook.com\/celtTV\/"],"logo":{"@type":"ImageObject","inLanguage":"es","@id":"https:\/\/www.celttv.com.ar\/#\/schema\/logo\/image\/","url":"http:\/\/www.celttv.com.ar\/wp-content\/uploads\/2022\/08\/logo-1.png","contentUrl":"http:\/\/www.celttv.com.ar\/wp-content\/uploads\/2022\/08\/logo-1.png","width":461,"height":159,"caption":"CELTTV"},"image":{"@id":"https:\/\/www.celttv.com.ar\/#\/schema\/logo\/image\/"}},{"@type":"Person","@id":"https:\/\/www.celttv.com.ar\/#\/schema\/person\/6d99c072dba59953809c81446e9d0ace","name":"ulises","image":{"@type":"ImageObject","inLanguage":"es","@id":"https:\/\/www.celttv.com.ar\/#\/schema\/person\/image\/","url":"https:\/\/secure.gravatar.com\/avatar\/7f2c48bdc33b30088f941fb6082e555f2874c98e20cb159d7b92b50eadfce793?s=96&d=mm&r=g","contentUrl":"https:\/\/secure.gravatar.com\/avatar\/7f2c48bdc33b30088f941fb6082e555f2874c98e20cb159d7b92b50eadfce793?s=96&d=mm&r=g","caption":"ulises"},"sameAs":["http:\/\/www.celttv.com.ar"]}]}},"_links":{"self":[{"href":"https:\/\/www.celttv.com.ar\/index.php\/wp-json\/wp\/v2\/posts\/62872","targetHints":{"allow":["GET"]}}],"collection":[{"href":"https:\/\/www.celttv.com.ar\/index.php\/wp-json\/wp\/v2\/posts"}],"about":[{"href":"https:\/\/www.celttv.com.ar\/index.php\/wp-json\/wp\/v2\/types\/post"}],"author":[{"embeddable":true,"href":"https:\/\/www.celttv.com.ar\/index.php\/wp-json\/wp\/v2\/users\/1"}],"replies":[{"embeddable":true,"href":"https:\/\/www.celttv.com.ar\/index.php\/wp-json\/wp\/v2\/comments?post=62872"}],"version-history":[{"count":0,"href":"https:\/\/www.celttv.com.ar\/index.php\/wp-json\/wp\/v2\/posts\/62872\/revisions"}],"wp:featuredmedia":[{"embeddable":true,"href":"https:\/\/www.celttv.com.ar\/index.php\/wp-json\/wp\/v2\/media\/62873"}],"wp:attachment":[{"href":"https:\/\/www.celttv.com.ar\/index.php\/wp-json\/wp\/v2\/media?parent=62872"}],"wp:term":[{"taxonomy":"category","embeddable":true,"href":"https:\/\/www.celttv.com.ar\/index.php\/wp-json\/wp\/v2\/categories?post=62872"},{"taxonomy":"post_tag","embeddable":true,"href":"https:\/\/www.celttv.com.ar\/index.php\/wp-json\/wp\/v2\/tags?post=62872"}],"curies":[{"name":"wp","href":"https:\/\/api.w.org\/{rel}","templated":true}]}}