{"id":63191,"date":"2022-01-12T20:11:38","date_gmt":"2022-01-12T20:11:38","guid":{"rendered":"http:\/\/www.celttv.com.ar\/?p=63191"},"modified":"2022-01-12T20:11:38","modified_gmt":"2022-01-12T20:11:38","slug":"coopersive-se-reunio-con-instituciones-para-informar-sobre-la-situacion-del-suministro-electrico","status":"publish","type":"post","link":"https:\/\/www.celttv.com.ar\/index.php\/2022\/01\/12\/coopersive-se-reunio-con-instituciones-para-informar-sobre-la-situacion-del-suministro-electrico\/","title":{"rendered":"Coopersive se reuni\u00f3 con instituciones para informar sobre la situaci\u00f3n del suministro el\u00e9ctrico"},"content":{"rendered":"\n<p><a><strong>COMUNICADO INFORMATIVO<\/strong><\/a><\/p>\n\n\n<p>El d\u00eda 11-ene-2022 el Consejo de Administraci\u00f3n de Coopersive Ltda. invit\u00f3 a participar de una reuni\u00f3n informativa a las instituciones representativas de Sierra de la Ventana, a la cual asistieron:<\/p>\n\n\n<ul class=\"wp-block-list\"><li>CAMCOTISAS<\/li><li>Club Atl\u00e9tico Ventana<\/li><li>Cooperativa Agua Barrio Golf<\/li><li>Centro de Jubilados<\/li><li>Asociaci\u00f3n Bomberos Voluntarios<\/li><li>Golf Club Sierra de la Ventana<\/li><\/ul>\n\n\n<p>En la misma, el Consejo de Administraci\u00f3n, la gerencia y el jefe de redes informaron sobre la problem\u00e1tica de la situaci\u00f3n con el suministro energ\u00e9tico que se viene sucediendo desde el d\u00eda domingo 09-ene-2022.<\/p>\n\n\n<p>Al respecto se explic\u00f3 que, gracias a la inversi\u00f3n que la Cooperativa ha venido efectuando en los \u00faltimos a\u00f1os, la red interna est\u00e1 adecuadamente preparada para atender la demanda actual, as\u00ed como tambi\u00e9n un crecimiento de la misma al doble. Por cuestiones que afectan al proveedor de Coopersive Ltda. (EDES S.A.), el suministro de energ\u00eda no es el adecuado y se nos ha solicitado una disminuci\u00f3n en el consumo de nuestra red. Esta disminuci\u00f3n necesariamente debe realizarse a trav\u00e9s de cortes programados y rotativos, que oportunamente han sido comunicados a la poblaci\u00f3n.<\/p>\n\n\n<p>Luego de un intercambio de opiniones, las instituciones ofrecieron acompa\u00f1ar a Coopersive Ltda. en los reclamos a realizar ante las empresas responsables de la prestaci\u00f3n del servicio y los municipios de Tornquist y Coronel Su\u00e1rez para atender en un futuro las inversiones necesarias que deber\u00e1n efectuar en virtud del crecimiento poblacional que se espera para la Comarca en los pr\u00f3ximos a\u00f1os.<\/p>\n\n\n<p>Consejo de Administraci\u00f3n<\/p>\n\n\n<p>Coopersive Ltda. ene-2022<\/p>\n","protected":false},"excerpt":{"rendered":"<p>COMUNICADO INFORMATIVO El d\u00eda 11-ene-2022 el Consejo de Administraci\u00f3n de Coopersive Ltda. invit\u00f3 a participar de una reuni\u00f3n informativa a las instituciones representativas de Sierra de la Ventana, a la cual asistieron: CAMCOTISAS Club Atl\u00e9tico Ventana Cooperativa Agua Barrio Golf Centro de Jubilados Asociaci\u00f3n Bomberos Voluntarios Golf Club Sierra de la Ventana En la misma, [&hellip;]<\/p>\n","protected":false},"author":1,"featured_media":63192,"comment_status":"closed","ping_status":"open","sticky":false,"template":"","format":"standard","meta":{"footnotes":""},"categories":[51,52,66,65,58],"tags":[],"class_list":["post-63191","post","type-post","status-publish","format-standard","has-post-thumbnail","hentry","category-comunidad","category-destacadas","category-informacion-cooperativa","category-produccion","category-turismo"],"yoast_head":"<!-- This site is optimized with the Yoast SEO plugin v19.7.1 - https:\/\/yoast.com\/wordpress\/plugins\/seo\/ -->\n<title>Coopersive se reuni\u00f3 con instituciones para informar sobre la situaci\u00f3n del suministro el\u00e9ctrico - CELTTV<\/title>\n<meta name=\"description\" content=\"Sitio web de noticias de la localidad de Tornquist, provincia de Buenos Aires, Rep\u00fablica Argentina. Contenido propio originado por periodistas de CELTTV, el canal de TV local de la Cooperativa El\u00e9ctrica de Tornquist. Turismo, Pol\u00edtica, Sociedad, Deporte, Cultura y todo el contenido de inter\u00e9s general que la gente del pueblo y la regi\u00f3n debe conocer.\" \/>\n<meta name=\"robots\" content=\"index, follow, max-snippet:-1, max-image-preview:large, max-video-preview:-1\" \/>\n<link rel=\"canonical\" href=\"https:\/\/www.celttv.com.ar\/index.php\/2022\/01\/12\/coopersive-se-reunio-con-instituciones-para-informar-sobre-la-situacion-del-suministro-electrico\/\" \/>\n<meta property=\"og:locale\" content=\"es_ES\" \/>\n<meta property=\"og:type\" content=\"article\" \/>\n<meta property=\"og:title\" content=\"Coopersive se reuni\u00f3 con instituciones para informar sobre la situaci\u00f3n del suministro el\u00e9ctrico - CELTTV\" \/>\n<meta property=\"og:description\" content=\"Sitio web de noticias de la localidad de Tornquist, provincia de Buenos Aires, Rep\u00fablica Argentina. Contenido propio originado por periodistas de CELTTV, el canal de TV local de la Cooperativa El\u00e9ctrica de Tornquist. Turismo, Pol\u00edtica, Sociedad, Deporte, Cultura y todo el contenido de inter\u00e9s general que la gente del pueblo y la regi\u00f3n debe conocer.\" \/>\n<meta property=\"og:url\" content=\"https:\/\/www.celttv.com.ar\/index.php\/2022\/01\/12\/coopersive-se-reunio-con-instituciones-para-informar-sobre-la-situacion-del-suministro-electrico\/\" \/>\n<meta property=\"og:site_name\" content=\"CELTTV\" \/>\n<meta property=\"article:publisher\" content=\"https:\/\/www.facebook.com\/celtTV\/\" \/>\n<meta property=\"article:published_time\" content=\"2022-01-12T20:11:38+00:00\" \/>\n<meta property=\"og:image\" content=\"https:\/\/www.celttv.com.ar\/wp-content\/uploads\/2022\/01\/coopersive.jpg\" \/>\n\t<meta property=\"og:image:width\" content=\"236\" \/>\n\t<meta property=\"og:image:height\" content=\"213\" \/>\n\t<meta property=\"og:image:type\" content=\"image\/jpeg\" \/>\n<meta name=\"author\" content=\"ulises\" \/>\n<meta name=\"twitter:card\" content=\"summary_large_image\" \/>\n<meta name=\"twitter:label1\" content=\"Escrito por\" \/>\n\t<meta name=\"twitter:data1\" content=\"ulises\" \/>\n\t<meta name=\"twitter:label2\" content=\"Tiempo de lectura\" \/>\n\t<meta name=\"twitter:data2\" content=\"1 minuto\" \/>\n<script type=\"application\/ld+json\" class=\"yoast-schema-graph\">{\"@context\":\"https:\/\/schema.org\",\"@graph\":[{\"@type\":\"NewsArticle\",\"@id\":\"https:\/\/www.celttv.com.ar\/index.php\/2022\/01\/12\/coopersive-se-reunio-con-instituciones-para-informar-sobre-la-situacion-del-suministro-electrico\/#article\",\"isPartOf\":{\"@id\":\"https:\/\/www.celttv.com.ar\/index.php\/2022\/01\/12\/coopersive-se-reunio-con-instituciones-para-informar-sobre-la-situacion-del-suministro-electrico\/\"},\"author\":{\"name\":\"ulises\",\"@id\":\"https:\/\/www.celttv.com.ar\/#\/schema\/person\/6d99c072dba59953809c81446e9d0ace\"},\"headline\":\"Coopersive se reuni\u00f3 con instituciones para informar sobre la situaci\u00f3n del suministro el\u00e9ctrico\",\"datePublished\":\"2022-01-12T20:11:38+00:00\",\"dateModified\":\"2022-01-12T20:11:38+00:00\",\"mainEntityOfPage\":{\"@id\":\"https:\/\/www.celttv.com.ar\/index.php\/2022\/01\/12\/coopersive-se-reunio-con-instituciones-para-informar-sobre-la-situacion-del-suministro-electrico\/\"},\"wordCount\":281,\"publisher\":{\"@id\":\"https:\/\/www.celttv.com.ar\/#organization\"},\"articleSection\":[\"Comunidad\",\"Destacadas\",\"Informaci\u00f3n Cooperativa\",\"Producci\u00f3n y Medio Ambiente\",\"Turismo\"],\"inLanguage\":\"es\"},{\"@type\":\"WebPage\",\"@id\":\"https:\/\/www.celttv.com.ar\/index.php\/2022\/01\/12\/coopersive-se-reunio-con-instituciones-para-informar-sobre-la-situacion-del-suministro-electrico\/\",\"url\":\"https:\/\/www.celttv.com.ar\/index.php\/2022\/01\/12\/coopersive-se-reunio-con-instituciones-para-informar-sobre-la-situacion-del-suministro-electrico\/\",\"name\":\"Coopersive se reuni\u00f3 con instituciones para informar sobre la situaci\u00f3n del suministro el\u00e9ctrico - CELTTV\",\"isPartOf\":{\"@id\":\"https:\/\/www.celttv.com.ar\/#website\"},\"datePublished\":\"2022-01-12T20:11:38+00:00\",\"dateModified\":\"2022-01-12T20:11:38+00:00\",\"description\":\"Sitio web de noticias de la localidad de Tornquist, provincia de Buenos Aires, Rep\u00fablica Argentina. Contenido propio originado por periodistas de CELTTV, el canal de TV local de la Cooperativa El\u00e9ctrica de Tornquist. Turismo, Pol\u00edtica, Sociedad, Deporte, Cultura y todo el contenido de inter\u00e9s general que la gente del pueblo y la regi\u00f3n debe conocer.\",\"breadcrumb\":{\"@id\":\"https:\/\/www.celttv.com.ar\/index.php\/2022\/01\/12\/coopersive-se-reunio-con-instituciones-para-informar-sobre-la-situacion-del-suministro-electrico\/#breadcrumb\"},\"inLanguage\":\"es\",\"potentialAction\":[{\"@type\":\"ReadAction\",\"target\":[\"https:\/\/www.celttv.com.ar\/index.php\/2022\/01\/12\/coopersive-se-reunio-con-instituciones-para-informar-sobre-la-situacion-del-suministro-electrico\/\"]}]},{\"@type\":\"BreadcrumbList\",\"@id\":\"https:\/\/www.celttv.com.ar\/index.php\/2022\/01\/12\/coopersive-se-reunio-con-instituciones-para-informar-sobre-la-situacion-del-suministro-electrico\/#breadcrumb\",\"itemListElement\":[{\"@type\":\"ListItem\",\"position\":1,\"name\":\"Inicio\",\"item\":\"https:\/\/www.celttv.com.ar\/\"},{\"@type\":\"ListItem\",\"position\":2,\"name\":\"Coopersive se reuni\u00f3 con instituciones para informar sobre la situaci\u00f3n del suministro el\u00e9ctrico\"}]},{\"@type\":\"WebSite\",\"@id\":\"https:\/\/www.celttv.com.ar\/#website\",\"url\":\"https:\/\/www.celttv.com.ar\/\",\"name\":\"CELTTV\",\"description\":\"Cooperativa El\u00e9ctrica de Tornquist\",\"publisher\":{\"@id\":\"https:\/\/www.celttv.com.ar\/#organization\"},\"potentialAction\":[{\"@type\":\"SearchAction\",\"target\":{\"@type\":\"EntryPoint\",\"urlTemplate\":\"https:\/\/www.celttv.com.ar\/?s={search_term_string}\"},\"query-input\":\"required name=search_term_string\"}],\"inLanguage\":\"es\"},{\"@type\":\"Organization\",\"@id\":\"https:\/\/www.celttv.com.ar\/#organization\",\"name\":\"CELTTV\",\"url\":\"https:\/\/www.celttv.com.ar\/\",\"sameAs\":[\"https:\/\/www.youtube.com\/channel\/UCz_oIt8Hig64Ub-EmcNPIhg\",\"https:\/\/www.facebook.com\/celtTV\/\"],\"logo\":{\"@type\":\"ImageObject\",\"inLanguage\":\"es\",\"@id\":\"https:\/\/www.celttv.com.ar\/#\/schema\/logo\/image\/\",\"url\":\"http:\/\/www.celttv.com.ar\/wp-content\/uploads\/2022\/08\/logo-1.png\",\"contentUrl\":\"http:\/\/www.celttv.com.ar\/wp-content\/uploads\/2022\/08\/logo-1.png\",\"width\":461,\"height\":159,\"caption\":\"CELTTV\"},\"image\":{\"@id\":\"https:\/\/www.celttv.com.ar\/#\/schema\/logo\/image\/\"}},{\"@type\":\"Person\",\"@id\":\"https:\/\/www.celttv.com.ar\/#\/schema\/person\/6d99c072dba59953809c81446e9d0ace\",\"name\":\"ulises\",\"image\":{\"@type\":\"ImageObject\",\"inLanguage\":\"es\",\"@id\":\"https:\/\/www.celttv.com.ar\/#\/schema\/person\/image\/\",\"url\":\"https:\/\/secure.gravatar.com\/avatar\/7f2c48bdc33b30088f941fb6082e555f2874c98e20cb159d7b92b50eadfce793?s=96&d=mm&r=g\",\"contentUrl\":\"https:\/\/secure.gravatar.com\/avatar\/7f2c48bdc33b30088f941fb6082e555f2874c98e20cb159d7b92b50eadfce793?s=96&d=mm&r=g\",\"caption\":\"ulises\"},\"sameAs\":[\"http:\/\/www.celttv.com.ar\"]}]}<\/script>\n<!-- \/ Yoast SEO plugin. -->","yoast_head_json":{"title":"Coopersive se reuni\u00f3 con instituciones para informar sobre la situaci\u00f3n del suministro el\u00e9ctrico - CELTTV","description":"Sitio web de noticias de la localidad de Tornquist, provincia de Buenos Aires, Rep\u00fablica Argentina. Contenido propio originado por periodistas de CELTTV, el canal de TV local de la Cooperativa El\u00e9ctrica de Tornquist. Turismo, Pol\u00edtica, Sociedad, Deporte, Cultura y todo el contenido de inter\u00e9s general que la gente del pueblo y la regi\u00f3n debe conocer.","robots":{"index":"index","follow":"follow","max-snippet":"max-snippet:-1","max-image-preview":"max-image-preview:large","max-video-preview":"max-video-preview:-1"},"canonical":"https:\/\/www.celttv.com.ar\/index.php\/2022\/01\/12\/coopersive-se-reunio-con-instituciones-para-informar-sobre-la-situacion-del-suministro-electrico\/","og_locale":"es_ES","og_type":"article","og_title":"Coopersive se reuni\u00f3 con instituciones para informar sobre la situaci\u00f3n del suministro el\u00e9ctrico - CELTTV","og_description":"Sitio web de noticias de la localidad de Tornquist, provincia de Buenos Aires, Rep\u00fablica Argentina. Contenido propio originado por periodistas de CELTTV, el canal de TV local de la Cooperativa El\u00e9ctrica de Tornquist. Turismo, Pol\u00edtica, Sociedad, Deporte, Cultura y todo el contenido de inter\u00e9s general que la gente del pueblo y la regi\u00f3n debe conocer.","og_url":"https:\/\/www.celttv.com.ar\/index.php\/2022\/01\/12\/coopersive-se-reunio-con-instituciones-para-informar-sobre-la-situacion-del-suministro-electrico\/","og_site_name":"CELTTV","article_publisher":"https:\/\/www.facebook.com\/celtTV\/","article_published_time":"2022-01-12T20:11:38+00:00","og_image":[{"width":236,"height":213,"url":"https:\/\/www.celttv.com.ar\/wp-content\/uploads\/2022\/01\/coopersive.jpg","type":"image\/jpeg"}],"author":"ulises","twitter_card":"summary_large_image","twitter_misc":{"Escrito por":"ulises","Tiempo de lectura":"1 minuto"},"schema":{"@context":"https:\/\/schema.org","@graph":[{"@type":"NewsArticle","@id":"https:\/\/www.celttv.com.ar\/index.php\/2022\/01\/12\/coopersive-se-reunio-con-instituciones-para-informar-sobre-la-situacion-del-suministro-electrico\/#article","isPartOf":{"@id":"https:\/\/www.celttv.com.ar\/index.php\/2022\/01\/12\/coopersive-se-reunio-con-instituciones-para-informar-sobre-la-situacion-del-suministro-electrico\/"},"author":{"name":"ulises","@id":"https:\/\/www.celttv.com.ar\/#\/schema\/person\/6d99c072dba59953809c81446e9d0ace"},"headline":"Coopersive se reuni\u00f3 con instituciones para informar sobre la situaci\u00f3n del suministro el\u00e9ctrico","datePublished":"2022-01-12T20:11:38+00:00","dateModified":"2022-01-12T20:11:38+00:00","mainEntityOfPage":{"@id":"https:\/\/www.celttv.com.ar\/index.php\/2022\/01\/12\/coopersive-se-reunio-con-instituciones-para-informar-sobre-la-situacion-del-suministro-electrico\/"},"wordCount":281,"publisher":{"@id":"https:\/\/www.celttv.com.ar\/#organization"},"articleSection":["Comunidad","Destacadas","Informaci\u00f3n Cooperativa","Producci\u00f3n y Medio Ambiente","Turismo"],"inLanguage":"es"},{"@type":"WebPage","@id":"https:\/\/www.celttv.com.ar\/index.php\/2022\/01\/12\/coopersive-se-reunio-con-instituciones-para-informar-sobre-la-situacion-del-suministro-electrico\/","url":"https:\/\/www.celttv.com.ar\/index.php\/2022\/01\/12\/coopersive-se-reunio-con-instituciones-para-informar-sobre-la-situacion-del-suministro-electrico\/","name":"Coopersive se reuni\u00f3 con instituciones para informar sobre la situaci\u00f3n del suministro el\u00e9ctrico - CELTTV","isPartOf":{"@id":"https:\/\/www.celttv.com.ar\/#website"},"datePublished":"2022-01-12T20:11:38+00:00","dateModified":"2022-01-12T20:11:38+00:00","description":"Sitio web de noticias de la localidad de Tornquist, provincia de Buenos Aires, Rep\u00fablica Argentina. Contenido propio originado por periodistas de CELTTV, el canal de TV local de la Cooperativa El\u00e9ctrica de Tornquist. Turismo, Pol\u00edtica, Sociedad, Deporte, Cultura y todo el contenido de inter\u00e9s general que la gente del pueblo y la regi\u00f3n debe conocer.","breadcrumb":{"@id":"https:\/\/www.celttv.com.ar\/index.php\/2022\/01\/12\/coopersive-se-reunio-con-instituciones-para-informar-sobre-la-situacion-del-suministro-electrico\/#breadcrumb"},"inLanguage":"es","potentialAction":[{"@type":"ReadAction","target":["https:\/\/www.celttv.com.ar\/index.php\/2022\/01\/12\/coopersive-se-reunio-con-instituciones-para-informar-sobre-la-situacion-del-suministro-electrico\/"]}]},{"@type":"BreadcrumbList","@id":"https:\/\/www.celttv.com.ar\/index.php\/2022\/01\/12\/coopersive-se-reunio-con-instituciones-para-informar-sobre-la-situacion-del-suministro-electrico\/#breadcrumb","itemListElement":[{"@type":"ListItem","position":1,"name":"Inicio","item":"https:\/\/www.celttv.com.ar\/"},{"@type":"ListItem","position":2,"name":"Coopersive se reuni\u00f3 con instituciones para informar sobre la situaci\u00f3n del suministro el\u00e9ctrico"}]},{"@type":"WebSite","@id":"https:\/\/www.celttv.com.ar\/#website","url":"https:\/\/www.celttv.com.ar\/","name":"CELTTV","description":"Cooperativa El\u00e9ctrica de Tornquist","publisher":{"@id":"https:\/\/www.celttv.com.ar\/#organization"},"potentialAction":[{"@type":"SearchAction","target":{"@type":"EntryPoint","urlTemplate":"https:\/\/www.celttv.com.ar\/?s={search_term_string}"},"query-input":"required name=search_term_string"}],"inLanguage":"es"},{"@type":"Organization","@id":"https:\/\/www.celttv.com.ar\/#organization","name":"CELTTV","url":"https:\/\/www.celttv.com.ar\/","sameAs":["https:\/\/www.youtube.com\/channel\/UCz_oIt8Hig64Ub-EmcNPIhg","https:\/\/www.facebook.com\/celtTV\/"],"logo":{"@type":"ImageObject","inLanguage":"es","@id":"https:\/\/www.celttv.com.ar\/#\/schema\/logo\/image\/","url":"http:\/\/www.celttv.com.ar\/wp-content\/uploads\/2022\/08\/logo-1.png","contentUrl":"http:\/\/www.celttv.com.ar\/wp-content\/uploads\/2022\/08\/logo-1.png","width":461,"height":159,"caption":"CELTTV"},"image":{"@id":"https:\/\/www.celttv.com.ar\/#\/schema\/logo\/image\/"}},{"@type":"Person","@id":"https:\/\/www.celttv.com.ar\/#\/schema\/person\/6d99c072dba59953809c81446e9d0ace","name":"ulises","image":{"@type":"ImageObject","inLanguage":"es","@id":"https:\/\/www.celttv.com.ar\/#\/schema\/person\/image\/","url":"https:\/\/secure.gravatar.com\/avatar\/7f2c48bdc33b30088f941fb6082e555f2874c98e20cb159d7b92b50eadfce793?s=96&d=mm&r=g","contentUrl":"https:\/\/secure.gravatar.com\/avatar\/7f2c48bdc33b30088f941fb6082e555f2874c98e20cb159d7b92b50eadfce793?s=96&d=mm&r=g","caption":"ulises"},"sameAs":["http:\/\/www.celttv.com.ar"]}]}},"_links":{"self":[{"href":"https:\/\/www.celttv.com.ar\/index.php\/wp-json\/wp\/v2\/posts\/63191","targetHints":{"allow":["GET"]}}],"collection":[{"href":"https:\/\/www.celttv.com.ar\/index.php\/wp-json\/wp\/v2\/posts"}],"about":[{"href":"https:\/\/www.celttv.com.ar\/index.php\/wp-json\/wp\/v2\/types\/post"}],"author":[{"embeddable":true,"href":"https:\/\/www.celttv.com.ar\/index.php\/wp-json\/wp\/v2\/users\/1"}],"replies":[{"embeddable":true,"href":"https:\/\/www.celttv.com.ar\/index.php\/wp-json\/wp\/v2\/comments?post=63191"}],"version-history":[{"count":0,"href":"https:\/\/www.celttv.com.ar\/index.php\/wp-json\/wp\/v2\/posts\/63191\/revisions"}],"wp:featuredmedia":[{"embeddable":true,"href":"https:\/\/www.celttv.com.ar\/index.php\/wp-json\/wp\/v2\/media\/63192"}],"wp:attachment":[{"href":"https:\/\/www.celttv.com.ar\/index.php\/wp-json\/wp\/v2\/media?parent=63191"}],"wp:term":[{"taxonomy":"category","embeddable":true,"href":"https:\/\/www.celttv.com.ar\/index.php\/wp-json\/wp\/v2\/categories?post=63191"},{"taxonomy":"post_tag","embeddable":true,"href":"https:\/\/www.celttv.com.ar\/index.php\/wp-json\/wp\/v2\/tags?post=63191"}],"curies":[{"name":"wp","href":"https:\/\/api.w.org\/{rel}","templated":true}]}}