{"id":63258,"date":"2022-01-17T17:58:56","date_gmt":"2022-01-17T17:58:56","guid":{"rendered":"http:\/\/www.celttv.com.ar\/?p=63258"},"modified":"2022-01-17T17:58:56","modified_gmt":"2022-01-17T17:58:56","slug":"el-12-de-febrero-la-sociedad-germanica-realizara-el-9-patio-cervecero-videos","status":"publish","type":"post","link":"https:\/\/www.celttv.com.ar\/index.php\/2022\/01\/17\/el-12-de-febrero-la-sociedad-germanica-realizara-el-9-patio-cervecero-videos\/","title":{"rendered":"El 12 de febrero la Sociedad Germ\u00e1nica realizar\u00e1 el 9\u00b0 Patio Cervecero (Videos)"},"content":{"rendered":"\n<p>La Sociedad Germ\u00e1nica realizar\u00b4\u00e1 el 12 de febrero, la 9\u00b0 edici\u00f3n del Patio Cervercero, en su amplio predio ubicado sobre la intersecci\u00f3n de las Avenidas Belgrano e Irigoyen.<\/p>\n\n\n<p>A punto de festejar sus 100 a\u00f1os de vida (8 de Octubre), la comisi\u00f3n directiva de dicha instituci\u00f3n se encuentra organizando el Patio Cervecero, el cual contar\u00e1 con una excelente gastronom\u00eda, cervezas artesanales, como as\u00ed tambi\u00e9n Speecher de la cerveza.<\/p>\n\n\n<p>Se presentar\u00e1 el\u00a0Ballet de Coronel Suarez Alles Froh\u00a0y la amenizaci\u00f3n estar\u00e1 a cargo del reconocido\u00a0GRUPO ASTRAL.<\/p>\n\n\n<p>CELTTV  NOTICIAS dialog\u00f3 con la presidente de la Sociedad Germ\u00e1nica, Mercedes Stuhldreher y Graciela Del Po, integrante de la comisi\u00f3n directiva.<\/p>\n\n\n<figure class=\"wp-block-embed is-type-video is-provider-youtube wp-block-embed-youtube wp-embed-aspect-16-9 wp-has-aspect-ratio\"><div class=\"wp-block-embed__wrapper\">\n<iframe loading=\"lazy\" title=\"2022 01 17 9 PATIO CERVECERO   MERCEDES STUHLDREHER\" width=\"500\" height=\"281\" src=\"https:\/\/www.youtube.com\/embed\/3iU66wcEwBU?feature=oembed\" frameborder=\"0\" allow=\"accelerometer; autoplay; clipboard-write; encrypted-media; gyroscope; picture-in-picture; web-share\" referrerpolicy=\"strict-origin-when-cross-origin\" allowfullscreen><\/iframe>\n<\/div><\/figure>\n\n\n<figure class=\"wp-block-embed is-type-video is-provider-youtube wp-block-embed-youtube wp-embed-aspect-16-9 wp-has-aspect-ratio\"><div class=\"wp-block-embed__wrapper\">\n<iframe loading=\"lazy\" title=\"2022 01 17 9 PATIO CERVECERO   GRACIELA DEL PO\" width=\"500\" height=\"281\" src=\"https:\/\/www.youtube.com\/embed\/F8g3d_QuTr8?feature=oembed\" frameborder=\"0\" allow=\"accelerometer; autoplay; clipboard-write; encrypted-media; gyroscope; picture-in-picture; web-share\" referrerpolicy=\"strict-origin-when-cross-origin\" allowfullscreen><\/iframe>\n<\/div><\/figure>\n","protected":false},"excerpt":{"rendered":"<p>La Sociedad Germ\u00e1nica realizar\u00b4\u00e1 el 12 de febrero, la 9\u00b0 edici\u00f3n del Patio Cervercero, en su amplio predio ubicado sobre la intersecci\u00f3n de las Avenidas Belgrano e Irigoyen. A punto de festejar sus 100 a\u00f1os de vida (8 de Octubre), la comisi\u00f3n directiva de dicha instituci\u00f3n se encuentra organizando el Patio Cervecero, el cual contar\u00e1 [&hellip;]<\/p>\n","protected":false},"author":1,"featured_media":63259,"comment_status":"closed","ping_status":"open","sticky":false,"template":"","format":"standard","meta":{"footnotes":""},"categories":[55,51,52,56,58],"tags":[],"class_list":["post-63258","post","type-post","status-publish","format-standard","has-post-thumbnail","hentry","category-celt-tv-noticias","category-comunidad","category-destacadas","category-espectaculos","category-turismo"],"yoast_head":"<!-- This site is optimized with the Yoast SEO plugin v19.7.1 - https:\/\/yoast.com\/wordpress\/plugins\/seo\/ -->\n<title>El 12 de febrero la Sociedad Germ\u00e1nica realizar\u00e1 el 9\u00b0 Patio Cervecero (Videos) - CELTTV<\/title>\n<meta name=\"description\" content=\"Sitio web de noticias de la localidad de Tornquist, provincia de Buenos Aires, Rep\u00fablica Argentina. Contenido propio originado por periodistas de CELTTV, el canal de TV local de la Cooperativa El\u00e9ctrica de Tornquist. Turismo, Pol\u00edtica, Sociedad, Deporte, Cultura y todo el contenido de inter\u00e9s general que la gente del pueblo y la regi\u00f3n debe conocer.\" \/>\n<meta name=\"robots\" content=\"index, follow, max-snippet:-1, max-image-preview:large, max-video-preview:-1\" \/>\n<link rel=\"canonical\" href=\"https:\/\/www.celttv.com.ar\/index.php\/2022\/01\/17\/el-12-de-febrero-la-sociedad-germanica-realizara-el-9-patio-cervecero-videos\/\" \/>\n<meta property=\"og:locale\" content=\"es_ES\" \/>\n<meta property=\"og:type\" content=\"article\" \/>\n<meta property=\"og:title\" content=\"El 12 de febrero la Sociedad Germ\u00e1nica realizar\u00e1 el 9\u00b0 Patio Cervecero (Videos) - CELTTV\" \/>\n<meta property=\"og:description\" content=\"Sitio web de noticias de la localidad de Tornquist, provincia de Buenos Aires, Rep\u00fablica Argentina. Contenido propio originado por periodistas de CELTTV, el canal de TV local de la Cooperativa El\u00e9ctrica de Tornquist. Turismo, Pol\u00edtica, Sociedad, Deporte, Cultura y todo el contenido de inter\u00e9s general que la gente del pueblo y la regi\u00f3n debe conocer.\" \/>\n<meta property=\"og:url\" content=\"https:\/\/www.celttv.com.ar\/index.php\/2022\/01\/17\/el-12-de-febrero-la-sociedad-germanica-realizara-el-9-patio-cervecero-videos\/\" \/>\n<meta property=\"og:site_name\" content=\"CELTTV\" \/>\n<meta property=\"article:publisher\" content=\"https:\/\/www.facebook.com\/celtTV\/\" \/>\n<meta property=\"article:published_time\" content=\"2022-01-17T17:58:56+00:00\" \/>\n<meta property=\"og:image\" content=\"https:\/\/www.celttv.com.ar\/wp-content\/uploads\/2022\/01\/52440761_2506597142745521_4975660719824437248_n.jpg\" \/>\n\t<meta property=\"og:image:width\" content=\"1280\" \/>\n\t<meta property=\"og:image:height\" content=\"720\" \/>\n\t<meta property=\"og:image:type\" content=\"image\/jpeg\" \/>\n<meta name=\"author\" content=\"ulises\" \/>\n<meta name=\"twitter:card\" content=\"summary_large_image\" \/>\n<meta name=\"twitter:label1\" content=\"Escrito por\" \/>\n\t<meta name=\"twitter:data1\" content=\"ulises\" \/>\n\t<meta name=\"twitter:label2\" content=\"Tiempo de lectura\" \/>\n\t<meta name=\"twitter:data2\" content=\"1 minuto\" \/>\n<script type=\"application\/ld+json\" class=\"yoast-schema-graph\">{\"@context\":\"https:\/\/schema.org\",\"@graph\":[{\"@type\":\"NewsArticle\",\"@id\":\"https:\/\/www.celttv.com.ar\/index.php\/2022\/01\/17\/el-12-de-febrero-la-sociedad-germanica-realizara-el-9-patio-cervecero-videos\/#article\",\"isPartOf\":{\"@id\":\"https:\/\/www.celttv.com.ar\/index.php\/2022\/01\/17\/el-12-de-febrero-la-sociedad-germanica-realizara-el-9-patio-cervecero-videos\/\"},\"author\":{\"name\":\"ulises\",\"@id\":\"https:\/\/www.celttv.com.ar\/#\/schema\/person\/6d99c072dba59953809c81446e9d0ace\"},\"headline\":\"El 12 de febrero la Sociedad Germ\u00e1nica realizar\u00e1 el 9\u00b0 Patio Cervecero (Videos)\",\"datePublished\":\"2022-01-17T17:58:56+00:00\",\"dateModified\":\"2022-01-17T17:58:56+00:00\",\"mainEntityOfPage\":{\"@id\":\"https:\/\/www.celttv.com.ar\/index.php\/2022\/01\/17\/el-12-de-febrero-la-sociedad-germanica-realizara-el-9-patio-cervecero-videos\/\"},\"wordCount\":139,\"publisher\":{\"@id\":\"https:\/\/www.celttv.com.ar\/#organization\"},\"articleSection\":[\"Celt TV Noticias\",\"Comunidad\",\"Destacadas\",\"Espect\u00e1culos\",\"Turismo\"],\"inLanguage\":\"es\"},{\"@type\":\"WebPage\",\"@id\":\"https:\/\/www.celttv.com.ar\/index.php\/2022\/01\/17\/el-12-de-febrero-la-sociedad-germanica-realizara-el-9-patio-cervecero-videos\/\",\"url\":\"https:\/\/www.celttv.com.ar\/index.php\/2022\/01\/17\/el-12-de-febrero-la-sociedad-germanica-realizara-el-9-patio-cervecero-videos\/\",\"name\":\"El 12 de febrero la Sociedad Germ\u00e1nica realizar\u00e1 el 9\u00b0 Patio Cervecero (Videos) - CELTTV\",\"isPartOf\":{\"@id\":\"https:\/\/www.celttv.com.ar\/#website\"},\"datePublished\":\"2022-01-17T17:58:56+00:00\",\"dateModified\":\"2022-01-17T17:58:56+00:00\",\"description\":\"Sitio web de noticias de la localidad de Tornquist, provincia de Buenos Aires, Rep\u00fablica Argentina. Contenido propio originado por periodistas de CELTTV, el canal de TV local de la Cooperativa El\u00e9ctrica de Tornquist. Turismo, Pol\u00edtica, Sociedad, Deporte, Cultura y todo el contenido de inter\u00e9s general que la gente del pueblo y la regi\u00f3n debe conocer.\",\"breadcrumb\":{\"@id\":\"https:\/\/www.celttv.com.ar\/index.php\/2022\/01\/17\/el-12-de-febrero-la-sociedad-germanica-realizara-el-9-patio-cervecero-videos\/#breadcrumb\"},\"inLanguage\":\"es\",\"potentialAction\":[{\"@type\":\"ReadAction\",\"target\":[\"https:\/\/www.celttv.com.ar\/index.php\/2022\/01\/17\/el-12-de-febrero-la-sociedad-germanica-realizara-el-9-patio-cervecero-videos\/\"]}]},{\"@type\":\"BreadcrumbList\",\"@id\":\"https:\/\/www.celttv.com.ar\/index.php\/2022\/01\/17\/el-12-de-febrero-la-sociedad-germanica-realizara-el-9-patio-cervecero-videos\/#breadcrumb\",\"itemListElement\":[{\"@type\":\"ListItem\",\"position\":1,\"name\":\"Inicio\",\"item\":\"https:\/\/www.celttv.com.ar\/\"},{\"@type\":\"ListItem\",\"position\":2,\"name\":\"El 12 de febrero la Sociedad Germ\u00e1nica realizar\u00e1 el 9\u00b0 Patio Cervecero (Videos)\"}]},{\"@type\":\"WebSite\",\"@id\":\"https:\/\/www.celttv.com.ar\/#website\",\"url\":\"https:\/\/www.celttv.com.ar\/\",\"name\":\"CELTTV\",\"description\":\"Cooperativa El\u00e9ctrica de Tornquist\",\"publisher\":{\"@id\":\"https:\/\/www.celttv.com.ar\/#organization\"},\"potentialAction\":[{\"@type\":\"SearchAction\",\"target\":{\"@type\":\"EntryPoint\",\"urlTemplate\":\"https:\/\/www.celttv.com.ar\/?s={search_term_string}\"},\"query-input\":\"required name=search_term_string\"}],\"inLanguage\":\"es\"},{\"@type\":\"Organization\",\"@id\":\"https:\/\/www.celttv.com.ar\/#organization\",\"name\":\"CELTTV\",\"url\":\"https:\/\/www.celttv.com.ar\/\",\"sameAs\":[\"https:\/\/www.youtube.com\/channel\/UCz_oIt8Hig64Ub-EmcNPIhg\",\"https:\/\/www.facebook.com\/celtTV\/\"],\"logo\":{\"@type\":\"ImageObject\",\"inLanguage\":\"es\",\"@id\":\"https:\/\/www.celttv.com.ar\/#\/schema\/logo\/image\/\",\"url\":\"http:\/\/www.celttv.com.ar\/wp-content\/uploads\/2022\/08\/logo-1.png\",\"contentUrl\":\"http:\/\/www.celttv.com.ar\/wp-content\/uploads\/2022\/08\/logo-1.png\",\"width\":461,\"height\":159,\"caption\":\"CELTTV\"},\"image\":{\"@id\":\"https:\/\/www.celttv.com.ar\/#\/schema\/logo\/image\/\"}},{\"@type\":\"Person\",\"@id\":\"https:\/\/www.celttv.com.ar\/#\/schema\/person\/6d99c072dba59953809c81446e9d0ace\",\"name\":\"ulises\",\"image\":{\"@type\":\"ImageObject\",\"inLanguage\":\"es\",\"@id\":\"https:\/\/www.celttv.com.ar\/#\/schema\/person\/image\/\",\"url\":\"https:\/\/secure.gravatar.com\/avatar\/7f2c48bdc33b30088f941fb6082e555f2874c98e20cb159d7b92b50eadfce793?s=96&d=mm&r=g\",\"contentUrl\":\"https:\/\/secure.gravatar.com\/avatar\/7f2c48bdc33b30088f941fb6082e555f2874c98e20cb159d7b92b50eadfce793?s=96&d=mm&r=g\",\"caption\":\"ulises\"},\"sameAs\":[\"http:\/\/www.celttv.com.ar\"]}]}<\/script>\n<!-- \/ Yoast SEO plugin. -->","yoast_head_json":{"title":"El 12 de febrero la Sociedad Germ\u00e1nica realizar\u00e1 el 9\u00b0 Patio Cervecero (Videos) - CELTTV","description":"Sitio web de noticias de la localidad de Tornquist, provincia de Buenos Aires, Rep\u00fablica Argentina. Contenido propio originado por periodistas de CELTTV, el canal de TV local de la Cooperativa El\u00e9ctrica de Tornquist. Turismo, Pol\u00edtica, Sociedad, Deporte, Cultura y todo el contenido de inter\u00e9s general que la gente del pueblo y la regi\u00f3n debe conocer.","robots":{"index":"index","follow":"follow","max-snippet":"max-snippet:-1","max-image-preview":"max-image-preview:large","max-video-preview":"max-video-preview:-1"},"canonical":"https:\/\/www.celttv.com.ar\/index.php\/2022\/01\/17\/el-12-de-febrero-la-sociedad-germanica-realizara-el-9-patio-cervecero-videos\/","og_locale":"es_ES","og_type":"article","og_title":"El 12 de febrero la Sociedad Germ\u00e1nica realizar\u00e1 el 9\u00b0 Patio Cervecero (Videos) - CELTTV","og_description":"Sitio web de noticias de la localidad de Tornquist, provincia de Buenos Aires, Rep\u00fablica Argentina. Contenido propio originado por periodistas de CELTTV, el canal de TV local de la Cooperativa El\u00e9ctrica de Tornquist. Turismo, Pol\u00edtica, Sociedad, Deporte, Cultura y todo el contenido de inter\u00e9s general que la gente del pueblo y la regi\u00f3n debe conocer.","og_url":"https:\/\/www.celttv.com.ar\/index.php\/2022\/01\/17\/el-12-de-febrero-la-sociedad-germanica-realizara-el-9-patio-cervecero-videos\/","og_site_name":"CELTTV","article_publisher":"https:\/\/www.facebook.com\/celtTV\/","article_published_time":"2022-01-17T17:58:56+00:00","og_image":[{"width":1280,"height":720,"url":"https:\/\/www.celttv.com.ar\/wp-content\/uploads\/2022\/01\/52440761_2506597142745521_4975660719824437248_n.jpg","type":"image\/jpeg"}],"author":"ulises","twitter_card":"summary_large_image","twitter_misc":{"Escrito por":"ulises","Tiempo de lectura":"1 minuto"},"schema":{"@context":"https:\/\/schema.org","@graph":[{"@type":"NewsArticle","@id":"https:\/\/www.celttv.com.ar\/index.php\/2022\/01\/17\/el-12-de-febrero-la-sociedad-germanica-realizara-el-9-patio-cervecero-videos\/#article","isPartOf":{"@id":"https:\/\/www.celttv.com.ar\/index.php\/2022\/01\/17\/el-12-de-febrero-la-sociedad-germanica-realizara-el-9-patio-cervecero-videos\/"},"author":{"name":"ulises","@id":"https:\/\/www.celttv.com.ar\/#\/schema\/person\/6d99c072dba59953809c81446e9d0ace"},"headline":"El 12 de febrero la Sociedad Germ\u00e1nica realizar\u00e1 el 9\u00b0 Patio Cervecero (Videos)","datePublished":"2022-01-17T17:58:56+00:00","dateModified":"2022-01-17T17:58:56+00:00","mainEntityOfPage":{"@id":"https:\/\/www.celttv.com.ar\/index.php\/2022\/01\/17\/el-12-de-febrero-la-sociedad-germanica-realizara-el-9-patio-cervecero-videos\/"},"wordCount":139,"publisher":{"@id":"https:\/\/www.celttv.com.ar\/#organization"},"articleSection":["Celt TV Noticias","Comunidad","Destacadas","Espect\u00e1culos","Turismo"],"inLanguage":"es"},{"@type":"WebPage","@id":"https:\/\/www.celttv.com.ar\/index.php\/2022\/01\/17\/el-12-de-febrero-la-sociedad-germanica-realizara-el-9-patio-cervecero-videos\/","url":"https:\/\/www.celttv.com.ar\/index.php\/2022\/01\/17\/el-12-de-febrero-la-sociedad-germanica-realizara-el-9-patio-cervecero-videos\/","name":"El 12 de febrero la Sociedad Germ\u00e1nica realizar\u00e1 el 9\u00b0 Patio Cervecero (Videos) - CELTTV","isPartOf":{"@id":"https:\/\/www.celttv.com.ar\/#website"},"datePublished":"2022-01-17T17:58:56+00:00","dateModified":"2022-01-17T17:58:56+00:00","description":"Sitio web de noticias de la localidad de Tornquist, provincia de Buenos Aires, Rep\u00fablica Argentina. Contenido propio originado por periodistas de CELTTV, el canal de TV local de la Cooperativa El\u00e9ctrica de Tornquist. Turismo, Pol\u00edtica, Sociedad, Deporte, Cultura y todo el contenido de inter\u00e9s general que la gente del pueblo y la regi\u00f3n debe conocer.","breadcrumb":{"@id":"https:\/\/www.celttv.com.ar\/index.php\/2022\/01\/17\/el-12-de-febrero-la-sociedad-germanica-realizara-el-9-patio-cervecero-videos\/#breadcrumb"},"inLanguage":"es","potentialAction":[{"@type":"ReadAction","target":["https:\/\/www.celttv.com.ar\/index.php\/2022\/01\/17\/el-12-de-febrero-la-sociedad-germanica-realizara-el-9-patio-cervecero-videos\/"]}]},{"@type":"BreadcrumbList","@id":"https:\/\/www.celttv.com.ar\/index.php\/2022\/01\/17\/el-12-de-febrero-la-sociedad-germanica-realizara-el-9-patio-cervecero-videos\/#breadcrumb","itemListElement":[{"@type":"ListItem","position":1,"name":"Inicio","item":"https:\/\/www.celttv.com.ar\/"},{"@type":"ListItem","position":2,"name":"El 12 de febrero la Sociedad Germ\u00e1nica realizar\u00e1 el 9\u00b0 Patio Cervecero (Videos)"}]},{"@type":"WebSite","@id":"https:\/\/www.celttv.com.ar\/#website","url":"https:\/\/www.celttv.com.ar\/","name":"CELTTV","description":"Cooperativa El\u00e9ctrica de Tornquist","publisher":{"@id":"https:\/\/www.celttv.com.ar\/#organization"},"potentialAction":[{"@type":"SearchAction","target":{"@type":"EntryPoint","urlTemplate":"https:\/\/www.celttv.com.ar\/?s={search_term_string}"},"query-input":"required name=search_term_string"}],"inLanguage":"es"},{"@type":"Organization","@id":"https:\/\/www.celttv.com.ar\/#organization","name":"CELTTV","url":"https:\/\/www.celttv.com.ar\/","sameAs":["https:\/\/www.youtube.com\/channel\/UCz_oIt8Hig64Ub-EmcNPIhg","https:\/\/www.facebook.com\/celtTV\/"],"logo":{"@type":"ImageObject","inLanguage":"es","@id":"https:\/\/www.celttv.com.ar\/#\/schema\/logo\/image\/","url":"http:\/\/www.celttv.com.ar\/wp-content\/uploads\/2022\/08\/logo-1.png","contentUrl":"http:\/\/www.celttv.com.ar\/wp-content\/uploads\/2022\/08\/logo-1.png","width":461,"height":159,"caption":"CELTTV"},"image":{"@id":"https:\/\/www.celttv.com.ar\/#\/schema\/logo\/image\/"}},{"@type":"Person","@id":"https:\/\/www.celttv.com.ar\/#\/schema\/person\/6d99c072dba59953809c81446e9d0ace","name":"ulises","image":{"@type":"ImageObject","inLanguage":"es","@id":"https:\/\/www.celttv.com.ar\/#\/schema\/person\/image\/","url":"https:\/\/secure.gravatar.com\/avatar\/7f2c48bdc33b30088f941fb6082e555f2874c98e20cb159d7b92b50eadfce793?s=96&d=mm&r=g","contentUrl":"https:\/\/secure.gravatar.com\/avatar\/7f2c48bdc33b30088f941fb6082e555f2874c98e20cb159d7b92b50eadfce793?s=96&d=mm&r=g","caption":"ulises"},"sameAs":["http:\/\/www.celttv.com.ar"]}]}},"_links":{"self":[{"href":"https:\/\/www.celttv.com.ar\/index.php\/wp-json\/wp\/v2\/posts\/63258","targetHints":{"allow":["GET"]}}],"collection":[{"href":"https:\/\/www.celttv.com.ar\/index.php\/wp-json\/wp\/v2\/posts"}],"about":[{"href":"https:\/\/www.celttv.com.ar\/index.php\/wp-json\/wp\/v2\/types\/post"}],"author":[{"embeddable":true,"href":"https:\/\/www.celttv.com.ar\/index.php\/wp-json\/wp\/v2\/users\/1"}],"replies":[{"embeddable":true,"href":"https:\/\/www.celttv.com.ar\/index.php\/wp-json\/wp\/v2\/comments?post=63258"}],"version-history":[{"count":0,"href":"https:\/\/www.celttv.com.ar\/index.php\/wp-json\/wp\/v2\/posts\/63258\/revisions"}],"wp:featuredmedia":[{"embeddable":true,"href":"https:\/\/www.celttv.com.ar\/index.php\/wp-json\/wp\/v2\/media\/63259"}],"wp:attachment":[{"href":"https:\/\/www.celttv.com.ar\/index.php\/wp-json\/wp\/v2\/media?parent=63258"}],"wp:term":[{"taxonomy":"category","embeddable":true,"href":"https:\/\/www.celttv.com.ar\/index.php\/wp-json\/wp\/v2\/categories?post=63258"},{"taxonomy":"post_tag","embeddable":true,"href":"https:\/\/www.celttv.com.ar\/index.php\/wp-json\/wp\/v2\/tags?post=63258"}],"curies":[{"name":"wp","href":"https:\/\/api.w.org\/{rel}","templated":true}]}}