{"id":63261,"date":"2022-01-17T19:31:06","date_gmt":"2022-01-17T19:31:06","guid":{"rendered":"http:\/\/www.celttv.com.ar\/?p=63261"},"modified":"2022-01-17T19:31:06","modified_gmt":"2022-01-17T19:31:06","slug":"anton-el-11-y-12-de-marzo-se-realizara-la-fiesta-pcial-de-la-vendimia-en-saldungaray-video","status":"publish","type":"post","link":"https:\/\/www.celttv.com.ar\/index.php\/2022\/01\/17\/anton-el-11-y-12-de-marzo-se-realizara-la-fiesta-pcial-de-la-vendimia-en-saldungaray-video\/","title":{"rendered":"Ant\u00f3n: &#8220;El 11 y 12 de marzo se realizar\u00e1 la Fiesta Pcial. de la Vendimia en Saldungaray&#8221; (Video)"},"content":{"rendered":"\n<p>El secretario de Producci\u00f3n, Comercio e Industria de Tornquist, Victor Ant\u00f3n, estuvo en el programa CELTTV NOTICIAS y brind\u00f3 detalles de la agenda 2022 de dicha \u00e1rea.<\/p>\n\n\n<p>Entre las novedades que surgieron al mediod\u00eda de hoy, el municipio ya confirm\u00f3 la realizaci\u00f3n de la Fiesta Provincial de la Vendimia para el 11 y 12 de Marzo, en el predio del ferrocarril de la localidad de Saldungaray.<\/p>\n\n\n<figure class=\"wp-block-embed is-type-video is-provider-youtube wp-block-embed-youtube wp-embed-aspect-16-9 wp-has-aspect-ratio\"><div class=\"wp-block-embed__wrapper\">\n<iframe loading=\"lazy\" title=\"2022 01 17 VICTOR ANTON VIA ZOOM\" width=\"500\" height=\"281\" src=\"https:\/\/www.youtube.com\/embed\/X8VbfZy0IuI?feature=oembed\" frameborder=\"0\" allow=\"accelerometer; autoplay; clipboard-write; encrypted-media; gyroscope; picture-in-picture; web-share\" referrerpolicy=\"strict-origin-when-cross-origin\" allowfullscreen><\/iframe>\n<\/div><\/figure>\n\n\n<p> <\/p>\n","protected":false},"excerpt":{"rendered":"<p>El secretario de Producci\u00f3n, Comercio e Industria de Tornquist, Victor Ant\u00f3n, estuvo en el programa CELTTV NOTICIAS y brind\u00f3 detalles de la agenda 2022 de dicha \u00e1rea. Entre las novedades que surgieron al mediod\u00eda de hoy, el municipio ya confirm\u00f3 la realizaci\u00f3n de la Fiesta Provincial de la Vendimia para el 11 y 12 de [&hellip;]<\/p>\n","protected":false},"author":1,"featured_media":63262,"comment_status":"closed","ping_status":"open","sticky":false,"template":"","format":"standard","meta":{"footnotes":""},"categories":[55,51,52,65],"tags":[],"class_list":["post-63261","post","type-post","status-publish","format-standard","has-post-thumbnail","hentry","category-celt-tv-noticias","category-comunidad","category-destacadas","category-produccion"],"yoast_head":"<!-- This site is optimized with the Yoast SEO plugin v19.7.1 - https:\/\/yoast.com\/wordpress\/plugins\/seo\/ -->\n<title>Ant\u00f3n: &quot;El 11 y 12 de marzo se realizar\u00e1 la Fiesta Pcial. de la Vendimia en Saldungaray&quot; (Video) - CELTTV<\/title>\n<meta name=\"description\" content=\"Sitio web de noticias de la localidad de Tornquist, provincia de Buenos Aires, Rep\u00fablica Argentina. Contenido propio originado por periodistas de CELTTV, el canal de TV local de la Cooperativa El\u00e9ctrica de Tornquist. Turismo, Pol\u00edtica, Sociedad, Deporte, Cultura y todo el contenido de inter\u00e9s general que la gente del pueblo y la regi\u00f3n debe conocer.\" \/>\n<meta name=\"robots\" content=\"index, follow, max-snippet:-1, max-image-preview:large, max-video-preview:-1\" \/>\n<link rel=\"canonical\" href=\"https:\/\/www.celttv.com.ar\/index.php\/2022\/01\/17\/anton-el-11-y-12-de-marzo-se-realizara-la-fiesta-pcial-de-la-vendimia-en-saldungaray-video\/\" \/>\n<meta property=\"og:locale\" content=\"es_ES\" \/>\n<meta property=\"og:type\" content=\"article\" \/>\n<meta property=\"og:title\" content=\"Ant\u00f3n: &quot;El 11 y 12 de marzo se realizar\u00e1 la Fiesta Pcial. de la Vendimia en Saldungaray&quot; (Video) - CELTTV\" \/>\n<meta property=\"og:description\" content=\"Sitio web de noticias de la localidad de Tornquist, provincia de Buenos Aires, Rep\u00fablica Argentina. Contenido propio originado por periodistas de CELTTV, el canal de TV local de la Cooperativa El\u00e9ctrica de Tornquist. Turismo, Pol\u00edtica, Sociedad, Deporte, Cultura y todo el contenido de inter\u00e9s general que la gente del pueblo y la regi\u00f3n debe conocer.\" \/>\n<meta property=\"og:url\" content=\"https:\/\/www.celttv.com.ar\/index.php\/2022\/01\/17\/anton-el-11-y-12-de-marzo-se-realizara-la-fiesta-pcial-de-la-vendimia-en-saldungaray-video\/\" \/>\n<meta property=\"og:site_name\" content=\"CELTTV\" \/>\n<meta property=\"article:publisher\" content=\"https:\/\/www.facebook.com\/celtTV\/\" \/>\n<meta property=\"article:published_time\" content=\"2022-01-17T19:31:06+00:00\" \/>\n<meta property=\"og:image\" content=\"https:\/\/www.celttv.com.ar\/wp-content\/uploads\/2022\/01\/pers_Victor_Anton280716133315.jpg\" \/>\n\t<meta property=\"og:image:width\" content=\"700\" \/>\n\t<meta property=\"og:image:height\" content=\"467\" \/>\n\t<meta property=\"og:image:type\" content=\"image\/jpeg\" \/>\n<meta name=\"author\" content=\"ulises\" \/>\n<meta name=\"twitter:card\" content=\"summary_large_image\" \/>\n<meta name=\"twitter:label1\" content=\"Escrito por\" \/>\n\t<meta name=\"twitter:data1\" content=\"ulises\" \/>\n<script type=\"application\/ld+json\" class=\"yoast-schema-graph\">{\"@context\":\"https:\/\/schema.org\",\"@graph\":[{\"@type\":\"NewsArticle\",\"@id\":\"https:\/\/www.celttv.com.ar\/index.php\/2022\/01\/17\/anton-el-11-y-12-de-marzo-se-realizara-la-fiesta-pcial-de-la-vendimia-en-saldungaray-video\/#article\",\"isPartOf\":{\"@id\":\"https:\/\/www.celttv.com.ar\/index.php\/2022\/01\/17\/anton-el-11-y-12-de-marzo-se-realizara-la-fiesta-pcial-de-la-vendimia-en-saldungaray-video\/\"},\"author\":{\"name\":\"ulises\",\"@id\":\"https:\/\/www.celttv.com.ar\/#\/schema\/person\/6d99c072dba59953809c81446e9d0ace\"},\"headline\":\"Ant\u00f3n: &#8220;El 11 y 12 de marzo se realizar\u00e1 la Fiesta Pcial. de la Vendimia en Saldungaray&#8221; (Video)\",\"datePublished\":\"2022-01-17T19:31:06+00:00\",\"dateModified\":\"2022-01-17T19:31:06+00:00\",\"mainEntityOfPage\":{\"@id\":\"https:\/\/www.celttv.com.ar\/index.php\/2022\/01\/17\/anton-el-11-y-12-de-marzo-se-realizara-la-fiesta-pcial-de-la-vendimia-en-saldungaray-video\/\"},\"wordCount\":90,\"publisher\":{\"@id\":\"https:\/\/www.celttv.com.ar\/#organization\"},\"articleSection\":[\"Celt TV Noticias\",\"Comunidad\",\"Destacadas\",\"Producci\u00f3n y Medio Ambiente\"],\"inLanguage\":\"es\"},{\"@type\":\"WebPage\",\"@id\":\"https:\/\/www.celttv.com.ar\/index.php\/2022\/01\/17\/anton-el-11-y-12-de-marzo-se-realizara-la-fiesta-pcial-de-la-vendimia-en-saldungaray-video\/\",\"url\":\"https:\/\/www.celttv.com.ar\/index.php\/2022\/01\/17\/anton-el-11-y-12-de-marzo-se-realizara-la-fiesta-pcial-de-la-vendimia-en-saldungaray-video\/\",\"name\":\"Ant\u00f3n: \\\"El 11 y 12 de marzo se realizar\u00e1 la Fiesta Pcial. de la Vendimia en Saldungaray\\\" (Video) - CELTTV\",\"isPartOf\":{\"@id\":\"https:\/\/www.celttv.com.ar\/#website\"},\"datePublished\":\"2022-01-17T19:31:06+00:00\",\"dateModified\":\"2022-01-17T19:31:06+00:00\",\"description\":\"Sitio web de noticias de la localidad de Tornquist, provincia de Buenos Aires, Rep\u00fablica Argentina. Contenido propio originado por periodistas de CELTTV, el canal de TV local de la Cooperativa El\u00e9ctrica de Tornquist. Turismo, Pol\u00edtica, Sociedad, Deporte, Cultura y todo el contenido de inter\u00e9s general que la gente del pueblo y la regi\u00f3n debe conocer.\",\"breadcrumb\":{\"@id\":\"https:\/\/www.celttv.com.ar\/index.php\/2022\/01\/17\/anton-el-11-y-12-de-marzo-se-realizara-la-fiesta-pcial-de-la-vendimia-en-saldungaray-video\/#breadcrumb\"},\"inLanguage\":\"es\",\"potentialAction\":[{\"@type\":\"ReadAction\",\"target\":[\"https:\/\/www.celttv.com.ar\/index.php\/2022\/01\/17\/anton-el-11-y-12-de-marzo-se-realizara-la-fiesta-pcial-de-la-vendimia-en-saldungaray-video\/\"]}]},{\"@type\":\"BreadcrumbList\",\"@id\":\"https:\/\/www.celttv.com.ar\/index.php\/2022\/01\/17\/anton-el-11-y-12-de-marzo-se-realizara-la-fiesta-pcial-de-la-vendimia-en-saldungaray-video\/#breadcrumb\",\"itemListElement\":[{\"@type\":\"ListItem\",\"position\":1,\"name\":\"Inicio\",\"item\":\"https:\/\/www.celttv.com.ar\/\"},{\"@type\":\"ListItem\",\"position\":2,\"name\":\"Ant\u00f3n: &#8220;El 11 y 12 de marzo se realizar\u00e1 la Fiesta Pcial. de la Vendimia en Saldungaray&#8221; (Video)\"}]},{\"@type\":\"WebSite\",\"@id\":\"https:\/\/www.celttv.com.ar\/#website\",\"url\":\"https:\/\/www.celttv.com.ar\/\",\"name\":\"CELTTV\",\"description\":\"Cooperativa El\u00e9ctrica de Tornquist\",\"publisher\":{\"@id\":\"https:\/\/www.celttv.com.ar\/#organization\"},\"potentialAction\":[{\"@type\":\"SearchAction\",\"target\":{\"@type\":\"EntryPoint\",\"urlTemplate\":\"https:\/\/www.celttv.com.ar\/?s={search_term_string}\"},\"query-input\":\"required name=search_term_string\"}],\"inLanguage\":\"es\"},{\"@type\":\"Organization\",\"@id\":\"https:\/\/www.celttv.com.ar\/#organization\",\"name\":\"CELTTV\",\"url\":\"https:\/\/www.celttv.com.ar\/\",\"sameAs\":[\"https:\/\/www.youtube.com\/channel\/UCz_oIt8Hig64Ub-EmcNPIhg\",\"https:\/\/www.facebook.com\/celtTV\/\"],\"logo\":{\"@type\":\"ImageObject\",\"inLanguage\":\"es\",\"@id\":\"https:\/\/www.celttv.com.ar\/#\/schema\/logo\/image\/\",\"url\":\"http:\/\/www.celttv.com.ar\/wp-content\/uploads\/2022\/08\/logo-1.png\",\"contentUrl\":\"http:\/\/www.celttv.com.ar\/wp-content\/uploads\/2022\/08\/logo-1.png\",\"width\":461,\"height\":159,\"caption\":\"CELTTV\"},\"image\":{\"@id\":\"https:\/\/www.celttv.com.ar\/#\/schema\/logo\/image\/\"}},{\"@type\":\"Person\",\"@id\":\"https:\/\/www.celttv.com.ar\/#\/schema\/person\/6d99c072dba59953809c81446e9d0ace\",\"name\":\"ulises\",\"image\":{\"@type\":\"ImageObject\",\"inLanguage\":\"es\",\"@id\":\"https:\/\/www.celttv.com.ar\/#\/schema\/person\/image\/\",\"url\":\"https:\/\/secure.gravatar.com\/avatar\/7f2c48bdc33b30088f941fb6082e555f2874c98e20cb159d7b92b50eadfce793?s=96&d=mm&r=g\",\"contentUrl\":\"https:\/\/secure.gravatar.com\/avatar\/7f2c48bdc33b30088f941fb6082e555f2874c98e20cb159d7b92b50eadfce793?s=96&d=mm&r=g\",\"caption\":\"ulises\"},\"sameAs\":[\"http:\/\/www.celttv.com.ar\"]}]}<\/script>\n<!-- \/ Yoast SEO plugin. -->","yoast_head_json":{"title":"Ant\u00f3n: \"El 11 y 12 de marzo se realizar\u00e1 la Fiesta Pcial. de la Vendimia en Saldungaray\" (Video) - CELTTV","description":"Sitio web de noticias de la localidad de Tornquist, provincia de Buenos Aires, Rep\u00fablica Argentina. Contenido propio originado por periodistas de CELTTV, el canal de TV local de la Cooperativa El\u00e9ctrica de Tornquist. Turismo, Pol\u00edtica, Sociedad, Deporte, Cultura y todo el contenido de inter\u00e9s general que la gente del pueblo y la regi\u00f3n debe conocer.","robots":{"index":"index","follow":"follow","max-snippet":"max-snippet:-1","max-image-preview":"max-image-preview:large","max-video-preview":"max-video-preview:-1"},"canonical":"https:\/\/www.celttv.com.ar\/index.php\/2022\/01\/17\/anton-el-11-y-12-de-marzo-se-realizara-la-fiesta-pcial-de-la-vendimia-en-saldungaray-video\/","og_locale":"es_ES","og_type":"article","og_title":"Ant\u00f3n: \"El 11 y 12 de marzo se realizar\u00e1 la Fiesta Pcial. de la Vendimia en Saldungaray\" (Video) - CELTTV","og_description":"Sitio web de noticias de la localidad de Tornquist, provincia de Buenos Aires, Rep\u00fablica Argentina. Contenido propio originado por periodistas de CELTTV, el canal de TV local de la Cooperativa El\u00e9ctrica de Tornquist. Turismo, Pol\u00edtica, Sociedad, Deporte, Cultura y todo el contenido de inter\u00e9s general que la gente del pueblo y la regi\u00f3n debe conocer.","og_url":"https:\/\/www.celttv.com.ar\/index.php\/2022\/01\/17\/anton-el-11-y-12-de-marzo-se-realizara-la-fiesta-pcial-de-la-vendimia-en-saldungaray-video\/","og_site_name":"CELTTV","article_publisher":"https:\/\/www.facebook.com\/celtTV\/","article_published_time":"2022-01-17T19:31:06+00:00","og_image":[{"width":700,"height":467,"url":"https:\/\/www.celttv.com.ar\/wp-content\/uploads\/2022\/01\/pers_Victor_Anton280716133315.jpg","type":"image\/jpeg"}],"author":"ulises","twitter_card":"summary_large_image","twitter_misc":{"Escrito por":"ulises"},"schema":{"@context":"https:\/\/schema.org","@graph":[{"@type":"NewsArticle","@id":"https:\/\/www.celttv.com.ar\/index.php\/2022\/01\/17\/anton-el-11-y-12-de-marzo-se-realizara-la-fiesta-pcial-de-la-vendimia-en-saldungaray-video\/#article","isPartOf":{"@id":"https:\/\/www.celttv.com.ar\/index.php\/2022\/01\/17\/anton-el-11-y-12-de-marzo-se-realizara-la-fiesta-pcial-de-la-vendimia-en-saldungaray-video\/"},"author":{"name":"ulises","@id":"https:\/\/www.celttv.com.ar\/#\/schema\/person\/6d99c072dba59953809c81446e9d0ace"},"headline":"Ant\u00f3n: &#8220;El 11 y 12 de marzo se realizar\u00e1 la Fiesta Pcial. de la Vendimia en Saldungaray&#8221; (Video)","datePublished":"2022-01-17T19:31:06+00:00","dateModified":"2022-01-17T19:31:06+00:00","mainEntityOfPage":{"@id":"https:\/\/www.celttv.com.ar\/index.php\/2022\/01\/17\/anton-el-11-y-12-de-marzo-se-realizara-la-fiesta-pcial-de-la-vendimia-en-saldungaray-video\/"},"wordCount":90,"publisher":{"@id":"https:\/\/www.celttv.com.ar\/#organization"},"articleSection":["Celt TV Noticias","Comunidad","Destacadas","Producci\u00f3n y Medio Ambiente"],"inLanguage":"es"},{"@type":"WebPage","@id":"https:\/\/www.celttv.com.ar\/index.php\/2022\/01\/17\/anton-el-11-y-12-de-marzo-se-realizara-la-fiesta-pcial-de-la-vendimia-en-saldungaray-video\/","url":"https:\/\/www.celttv.com.ar\/index.php\/2022\/01\/17\/anton-el-11-y-12-de-marzo-se-realizara-la-fiesta-pcial-de-la-vendimia-en-saldungaray-video\/","name":"Ant\u00f3n: \"El 11 y 12 de marzo se realizar\u00e1 la Fiesta Pcial. de la Vendimia en Saldungaray\" (Video) - CELTTV","isPartOf":{"@id":"https:\/\/www.celttv.com.ar\/#website"},"datePublished":"2022-01-17T19:31:06+00:00","dateModified":"2022-01-17T19:31:06+00:00","description":"Sitio web de noticias de la localidad de Tornquist, provincia de Buenos Aires, Rep\u00fablica Argentina. Contenido propio originado por periodistas de CELTTV, el canal de TV local de la Cooperativa El\u00e9ctrica de Tornquist. Turismo, Pol\u00edtica, Sociedad, Deporte, Cultura y todo el contenido de inter\u00e9s general que la gente del pueblo y la regi\u00f3n debe conocer.","breadcrumb":{"@id":"https:\/\/www.celttv.com.ar\/index.php\/2022\/01\/17\/anton-el-11-y-12-de-marzo-se-realizara-la-fiesta-pcial-de-la-vendimia-en-saldungaray-video\/#breadcrumb"},"inLanguage":"es","potentialAction":[{"@type":"ReadAction","target":["https:\/\/www.celttv.com.ar\/index.php\/2022\/01\/17\/anton-el-11-y-12-de-marzo-se-realizara-la-fiesta-pcial-de-la-vendimia-en-saldungaray-video\/"]}]},{"@type":"BreadcrumbList","@id":"https:\/\/www.celttv.com.ar\/index.php\/2022\/01\/17\/anton-el-11-y-12-de-marzo-se-realizara-la-fiesta-pcial-de-la-vendimia-en-saldungaray-video\/#breadcrumb","itemListElement":[{"@type":"ListItem","position":1,"name":"Inicio","item":"https:\/\/www.celttv.com.ar\/"},{"@type":"ListItem","position":2,"name":"Ant\u00f3n: &#8220;El 11 y 12 de marzo se realizar\u00e1 la Fiesta Pcial. de la Vendimia en Saldungaray&#8221; (Video)"}]},{"@type":"WebSite","@id":"https:\/\/www.celttv.com.ar\/#website","url":"https:\/\/www.celttv.com.ar\/","name":"CELTTV","description":"Cooperativa El\u00e9ctrica de Tornquist","publisher":{"@id":"https:\/\/www.celttv.com.ar\/#organization"},"potentialAction":[{"@type":"SearchAction","target":{"@type":"EntryPoint","urlTemplate":"https:\/\/www.celttv.com.ar\/?s={search_term_string}"},"query-input":"required name=search_term_string"}],"inLanguage":"es"},{"@type":"Organization","@id":"https:\/\/www.celttv.com.ar\/#organization","name":"CELTTV","url":"https:\/\/www.celttv.com.ar\/","sameAs":["https:\/\/www.youtube.com\/channel\/UCz_oIt8Hig64Ub-EmcNPIhg","https:\/\/www.facebook.com\/celtTV\/"],"logo":{"@type":"ImageObject","inLanguage":"es","@id":"https:\/\/www.celttv.com.ar\/#\/schema\/logo\/image\/","url":"http:\/\/www.celttv.com.ar\/wp-content\/uploads\/2022\/08\/logo-1.png","contentUrl":"http:\/\/www.celttv.com.ar\/wp-content\/uploads\/2022\/08\/logo-1.png","width":461,"height":159,"caption":"CELTTV"},"image":{"@id":"https:\/\/www.celttv.com.ar\/#\/schema\/logo\/image\/"}},{"@type":"Person","@id":"https:\/\/www.celttv.com.ar\/#\/schema\/person\/6d99c072dba59953809c81446e9d0ace","name":"ulises","image":{"@type":"ImageObject","inLanguage":"es","@id":"https:\/\/www.celttv.com.ar\/#\/schema\/person\/image\/","url":"https:\/\/secure.gravatar.com\/avatar\/7f2c48bdc33b30088f941fb6082e555f2874c98e20cb159d7b92b50eadfce793?s=96&d=mm&r=g","contentUrl":"https:\/\/secure.gravatar.com\/avatar\/7f2c48bdc33b30088f941fb6082e555f2874c98e20cb159d7b92b50eadfce793?s=96&d=mm&r=g","caption":"ulises"},"sameAs":["http:\/\/www.celttv.com.ar"]}]}},"_links":{"self":[{"href":"https:\/\/www.celttv.com.ar\/index.php\/wp-json\/wp\/v2\/posts\/63261","targetHints":{"allow":["GET"]}}],"collection":[{"href":"https:\/\/www.celttv.com.ar\/index.php\/wp-json\/wp\/v2\/posts"}],"about":[{"href":"https:\/\/www.celttv.com.ar\/index.php\/wp-json\/wp\/v2\/types\/post"}],"author":[{"embeddable":true,"href":"https:\/\/www.celttv.com.ar\/index.php\/wp-json\/wp\/v2\/users\/1"}],"replies":[{"embeddable":true,"href":"https:\/\/www.celttv.com.ar\/index.php\/wp-json\/wp\/v2\/comments?post=63261"}],"version-history":[{"count":0,"href":"https:\/\/www.celttv.com.ar\/index.php\/wp-json\/wp\/v2\/posts\/63261\/revisions"}],"wp:featuredmedia":[{"embeddable":true,"href":"https:\/\/www.celttv.com.ar\/index.php\/wp-json\/wp\/v2\/media\/63262"}],"wp:attachment":[{"href":"https:\/\/www.celttv.com.ar\/index.php\/wp-json\/wp\/v2\/media?parent=63261"}],"wp:term":[{"taxonomy":"category","embeddable":true,"href":"https:\/\/www.celttv.com.ar\/index.php\/wp-json\/wp\/v2\/categories?post=63261"},{"taxonomy":"post_tag","embeddable":true,"href":"https:\/\/www.celttv.com.ar\/index.php\/wp-json\/wp\/v2\/tags?post=63261"}],"curies":[{"name":"wp","href":"https:\/\/api.w.org\/{rel}","templated":true}]}}