{"id":63277,"date":"2022-01-18T14:54:37","date_gmt":"2022-01-18T14:54:37","guid":{"rendered":"http:\/\/www.celttv.com.ar\/?p=63277"},"modified":"2022-01-18T14:54:37","modified_gmt":"2022-01-18T14:54:37","slug":"fue-lanzado-el-catalogo-turistico-de-la-comarca-una-herramienta-para-turistas-prestadores-y-vecinos","status":"publish","type":"post","link":"https:\/\/www.celttv.com.ar\/index.php\/2022\/01\/18\/fue-lanzado-el-catalogo-turistico-de-la-comarca-una-herramienta-para-turistas-prestadores-y-vecinos\/","title":{"rendered":"Fue lanzado el Cat\u00e1logo Tur\u00edstico de la Comarca, una herramienta para turistas, prestadores y vecinos"},"content":{"rendered":"\n<p>La Secretar\u00eda de Turismo de Tornquist Municipio lanz\u00f3 este lunes el Cat\u00e1logo Tur\u00edstico de la Comarca Sierras de la Ventana en formato PDF, una herramienta pensada para el turista, el prestador y el vecino.<\/p>\n\n\n<p>El cat\u00e1logo contiene informaci\u00f3n de atractivos y actividades de cada una de las localidades que conforman la Comarca, como as\u00ed tambi\u00e9n los contactos de los prestadores de actividades, los establecimientos gastron\u00f3micos, comercios de regionales y alojamientos habilitados del distrito de Tornquist. Adem\u00e1s, incluye los planos tur\u00edsticos de las localidades en formato vectorial, lo que permite hacerles zoom sin perder calidad.<\/p>\n\n\n<p>Se trata de un documento que ocupa tan solo 3,5 MB, de muy f\u00e1cil distribuci\u00f3n por redes sociales, principalmente WhatsApp, de muy r\u00e1pida descarga que, una vez en el dispositivo, funciona de manera offline, ya que es un simple archivo que no necesita de conexi\u00f3n a internet para ser utilizado y consultado.<\/p>\n\n\n<p>Cuenta con 75 paginas, con opciones interactivas desde su \u00edndice general y secciones, para que sea m\u00e1s f\u00e1cil utilizarlo y encontrar de manera r\u00e1pida la informaci\u00f3n buscada; y tendr\u00e1 revisiones frecuentes para que siempre se encuentre actualizado con la \u00faltima informaci\u00f3n del directorio de prestadores habilitados.<\/p>\n\n\n<p>Para descargarlo, ingresar a\u00a0<a href=\"https:\/\/sierrasdelaventana.tur.ar\/catalogo_turistico\/Catalogo_Turistico_Sierras-de-la-Venatana.pdf\">https:\/\/sierrasdelaventana.tur.ar\/catalogo_turistico\/Catalogo_Turistico_Sierras-de-la-Venatana.pdf<\/a>\u00a0.<\/p>\n\n\n<figure class=\"wp-block-image size-large\"><img loading=\"lazy\" decoding=\"async\" width=\"731\" height=\"1024\" src=\"http:\/\/www.celttv.com.ar\/wp-content\/uploads\/2022\/01\/catalogo-turistico-tqt.jpeg_914-731x1024.jpeg\" alt=\"\" class=\"wp-image-63278\" srcset=\"https:\/\/www.celttv.com.ar\/wp-content\/uploads\/2022\/01\/catalogo-turistico-tqt.jpeg_914-731x1024.jpeg 731w, https:\/\/www.celttv.com.ar\/wp-content\/uploads\/2022\/01\/catalogo-turistico-tqt.jpeg_914-214x300.jpeg 214w, https:\/\/www.celttv.com.ar\/wp-content\/uploads\/2022\/01\/catalogo-turistico-tqt.jpeg_914-768x1076.jpeg 768w, https:\/\/www.celttv.com.ar\/wp-content\/uploads\/2022\/01\/catalogo-turistico-tqt.jpeg_914-360x504.jpeg 360w, https:\/\/www.celttv.com.ar\/wp-content\/uploads\/2022\/01\/catalogo-turistico-tqt.jpeg_914-750x1050.jpeg 750w, https:\/\/www.celttv.com.ar\/wp-content\/uploads\/2022\/01\/catalogo-turistico-tqt.jpeg_914.jpeg 914w\" sizes=\"auto, (max-width: 731px) 100vw, 731px\" \/><\/figure>\n","protected":false},"excerpt":{"rendered":"<p>La Secretar\u00eda de Turismo de Tornquist Municipio lanz\u00f3 este lunes el Cat\u00e1logo Tur\u00edstico de la Comarca Sierras de la Ventana en formato PDF, una herramienta pensada para el turista, el prestador y el vecino. El cat\u00e1logo contiene informaci\u00f3n de atractivos y actividades de cada una de las localidades que conforman la Comarca, como as\u00ed tambi\u00e9n [&hellip;]<\/p>\n","protected":false},"author":1,"featured_media":63281,"comment_status":"closed","ping_status":"open","sticky":false,"template":"","format":"standard","meta":{"footnotes":""},"categories":[55,51,52,58],"tags":[],"class_list":["post-63277","post","type-post","status-publish","format-standard","has-post-thumbnail","hentry","category-celt-tv-noticias","category-comunidad","category-destacadas","category-turismo"],"yoast_head":"<!-- This site is optimized with the Yoast SEO plugin v19.7.1 - https:\/\/yoast.com\/wordpress\/plugins\/seo\/ -->\n<title>Fue lanzado el Cat\u00e1logo Tur\u00edstico de la Comarca, una herramienta para turistas, prestadores y vecinos - CELTTV<\/title>\n<meta name=\"description\" content=\"Sitio web de noticias de la localidad de Tornquist, provincia de Buenos Aires, Rep\u00fablica Argentina. Contenido propio originado por periodistas de CELTTV, el canal de TV local de la Cooperativa El\u00e9ctrica de Tornquist. Turismo, Pol\u00edtica, Sociedad, Deporte, Cultura y todo el contenido de inter\u00e9s general que la gente del pueblo y la regi\u00f3n debe conocer.\" \/>\n<meta name=\"robots\" content=\"index, follow, max-snippet:-1, max-image-preview:large, max-video-preview:-1\" \/>\n<link rel=\"canonical\" href=\"https:\/\/www.celttv.com.ar\/index.php\/2022\/01\/18\/fue-lanzado-el-catalogo-turistico-de-la-comarca-una-herramienta-para-turistas-prestadores-y-vecinos\/\" \/>\n<meta property=\"og:locale\" content=\"es_ES\" \/>\n<meta property=\"og:type\" content=\"article\" \/>\n<meta property=\"og:title\" content=\"Fue lanzado el Cat\u00e1logo Tur\u00edstico de la Comarca, una herramienta para turistas, prestadores y vecinos - CELTTV\" \/>\n<meta property=\"og:description\" content=\"Sitio web de noticias de la localidad de Tornquist, provincia de Buenos Aires, Rep\u00fablica Argentina. Contenido propio originado por periodistas de CELTTV, el canal de TV local de la Cooperativa El\u00e9ctrica de Tornquist. Turismo, Pol\u00edtica, Sociedad, Deporte, Cultura y todo el contenido de inter\u00e9s general que la gente del pueblo y la regi\u00f3n debe conocer.\" \/>\n<meta property=\"og:url\" content=\"https:\/\/www.celttv.com.ar\/index.php\/2022\/01\/18\/fue-lanzado-el-catalogo-turistico-de-la-comarca-una-herramienta-para-turistas-prestadores-y-vecinos\/\" \/>\n<meta property=\"og:site_name\" content=\"CELTTV\" \/>\n<meta property=\"article:publisher\" content=\"https:\/\/www.facebook.com\/celtTV\/\" \/>\n<meta property=\"article:published_time\" content=\"2022-01-18T14:54:37+00:00\" \/>\n<meta property=\"og:image\" content=\"https:\/\/www.celttv.com.ar\/wp-content\/uploads\/2022\/01\/catalogo-turistico-tqt-2.jpeg_914-2.jpeg\" \/>\n\t<meta property=\"og:image:width\" content=\"899\" \/>\n\t<meta property=\"og:image:height\" content=\"543\" \/>\n\t<meta property=\"og:image:type\" content=\"image\/jpeg\" \/>\n<meta name=\"author\" content=\"ulises\" \/>\n<meta name=\"twitter:card\" content=\"summary_large_image\" \/>\n<meta name=\"twitter:label1\" content=\"Escrito por\" \/>\n\t<meta name=\"twitter:data1\" content=\"ulises\" \/>\n\t<meta name=\"twitter:label2\" content=\"Tiempo de lectura\" \/>\n\t<meta name=\"twitter:data2\" content=\"1 minuto\" \/>\n<script type=\"application\/ld+json\" class=\"yoast-schema-graph\">{\"@context\":\"https:\/\/schema.org\",\"@graph\":[{\"@type\":\"NewsArticle\",\"@id\":\"https:\/\/www.celttv.com.ar\/index.php\/2022\/01\/18\/fue-lanzado-el-catalogo-turistico-de-la-comarca-una-herramienta-para-turistas-prestadores-y-vecinos\/#article\",\"isPartOf\":{\"@id\":\"https:\/\/www.celttv.com.ar\/index.php\/2022\/01\/18\/fue-lanzado-el-catalogo-turistico-de-la-comarca-una-herramienta-para-turistas-prestadores-y-vecinos\/\"},\"author\":{\"name\":\"ulises\",\"@id\":\"https:\/\/www.celttv.com.ar\/#\/schema\/person\/6d99c072dba59953809c81446e9d0ace\"},\"headline\":\"Fue lanzado el Cat\u00e1logo Tur\u00edstico de la Comarca, una herramienta para turistas, prestadores y vecinos\",\"datePublished\":\"2022-01-18T14:54:37+00:00\",\"dateModified\":\"2022-01-18T14:54:37+00:00\",\"mainEntityOfPage\":{\"@id\":\"https:\/\/www.celttv.com.ar\/index.php\/2022\/01\/18\/fue-lanzado-el-catalogo-turistico-de-la-comarca-una-herramienta-para-turistas-prestadores-y-vecinos\/\"},\"wordCount\":239,\"publisher\":{\"@id\":\"https:\/\/www.celttv.com.ar\/#organization\"},\"articleSection\":[\"Celt TV Noticias\",\"Comunidad\",\"Destacadas\",\"Turismo\"],\"inLanguage\":\"es\"},{\"@type\":\"WebPage\",\"@id\":\"https:\/\/www.celttv.com.ar\/index.php\/2022\/01\/18\/fue-lanzado-el-catalogo-turistico-de-la-comarca-una-herramienta-para-turistas-prestadores-y-vecinos\/\",\"url\":\"https:\/\/www.celttv.com.ar\/index.php\/2022\/01\/18\/fue-lanzado-el-catalogo-turistico-de-la-comarca-una-herramienta-para-turistas-prestadores-y-vecinos\/\",\"name\":\"Fue lanzado el Cat\u00e1logo Tur\u00edstico de la Comarca, una herramienta para turistas, prestadores y vecinos - CELTTV\",\"isPartOf\":{\"@id\":\"https:\/\/www.celttv.com.ar\/#website\"},\"datePublished\":\"2022-01-18T14:54:37+00:00\",\"dateModified\":\"2022-01-18T14:54:37+00:00\",\"description\":\"Sitio web de noticias de la localidad de Tornquist, provincia de Buenos Aires, Rep\u00fablica Argentina. Contenido propio originado por periodistas de CELTTV, el canal de TV local de la Cooperativa El\u00e9ctrica de Tornquist. Turismo, Pol\u00edtica, Sociedad, Deporte, Cultura y todo el contenido de inter\u00e9s general que la gente del pueblo y la regi\u00f3n debe conocer.\",\"breadcrumb\":{\"@id\":\"https:\/\/www.celttv.com.ar\/index.php\/2022\/01\/18\/fue-lanzado-el-catalogo-turistico-de-la-comarca-una-herramienta-para-turistas-prestadores-y-vecinos\/#breadcrumb\"},\"inLanguage\":\"es\",\"potentialAction\":[{\"@type\":\"ReadAction\",\"target\":[\"https:\/\/www.celttv.com.ar\/index.php\/2022\/01\/18\/fue-lanzado-el-catalogo-turistico-de-la-comarca-una-herramienta-para-turistas-prestadores-y-vecinos\/\"]}]},{\"@type\":\"BreadcrumbList\",\"@id\":\"https:\/\/www.celttv.com.ar\/index.php\/2022\/01\/18\/fue-lanzado-el-catalogo-turistico-de-la-comarca-una-herramienta-para-turistas-prestadores-y-vecinos\/#breadcrumb\",\"itemListElement\":[{\"@type\":\"ListItem\",\"position\":1,\"name\":\"Inicio\",\"item\":\"https:\/\/www.celttv.com.ar\/\"},{\"@type\":\"ListItem\",\"position\":2,\"name\":\"Fue lanzado el Cat\u00e1logo Tur\u00edstico de la Comarca, una herramienta para turistas, prestadores y vecinos\"}]},{\"@type\":\"WebSite\",\"@id\":\"https:\/\/www.celttv.com.ar\/#website\",\"url\":\"https:\/\/www.celttv.com.ar\/\",\"name\":\"CELTTV\",\"description\":\"Cooperativa El\u00e9ctrica de Tornquist\",\"publisher\":{\"@id\":\"https:\/\/www.celttv.com.ar\/#organization\"},\"potentialAction\":[{\"@type\":\"SearchAction\",\"target\":{\"@type\":\"EntryPoint\",\"urlTemplate\":\"https:\/\/www.celttv.com.ar\/?s={search_term_string}\"},\"query-input\":\"required name=search_term_string\"}],\"inLanguage\":\"es\"},{\"@type\":\"Organization\",\"@id\":\"https:\/\/www.celttv.com.ar\/#organization\",\"name\":\"CELTTV\",\"url\":\"https:\/\/www.celttv.com.ar\/\",\"sameAs\":[\"https:\/\/www.youtube.com\/channel\/UCz_oIt8Hig64Ub-EmcNPIhg\",\"https:\/\/www.facebook.com\/celtTV\/\"],\"logo\":{\"@type\":\"ImageObject\",\"inLanguage\":\"es\",\"@id\":\"https:\/\/www.celttv.com.ar\/#\/schema\/logo\/image\/\",\"url\":\"http:\/\/www.celttv.com.ar\/wp-content\/uploads\/2022\/08\/logo-1.png\",\"contentUrl\":\"http:\/\/www.celttv.com.ar\/wp-content\/uploads\/2022\/08\/logo-1.png\",\"width\":461,\"height\":159,\"caption\":\"CELTTV\"},\"image\":{\"@id\":\"https:\/\/www.celttv.com.ar\/#\/schema\/logo\/image\/\"}},{\"@type\":\"Person\",\"@id\":\"https:\/\/www.celttv.com.ar\/#\/schema\/person\/6d99c072dba59953809c81446e9d0ace\",\"name\":\"ulises\",\"image\":{\"@type\":\"ImageObject\",\"inLanguage\":\"es\",\"@id\":\"https:\/\/www.celttv.com.ar\/#\/schema\/person\/image\/\",\"url\":\"https:\/\/secure.gravatar.com\/avatar\/7f2c48bdc33b30088f941fb6082e555f2874c98e20cb159d7b92b50eadfce793?s=96&d=mm&r=g\",\"contentUrl\":\"https:\/\/secure.gravatar.com\/avatar\/7f2c48bdc33b30088f941fb6082e555f2874c98e20cb159d7b92b50eadfce793?s=96&d=mm&r=g\",\"caption\":\"ulises\"},\"sameAs\":[\"http:\/\/www.celttv.com.ar\"]}]}<\/script>\n<!-- \/ Yoast SEO plugin. -->","yoast_head_json":{"title":"Fue lanzado el Cat\u00e1logo Tur\u00edstico de la Comarca, una herramienta para turistas, prestadores y vecinos - CELTTV","description":"Sitio web de noticias de la localidad de Tornquist, provincia de Buenos Aires, Rep\u00fablica Argentina. Contenido propio originado por periodistas de CELTTV, el canal de TV local de la Cooperativa El\u00e9ctrica de Tornquist. Turismo, Pol\u00edtica, Sociedad, Deporte, Cultura y todo el contenido de inter\u00e9s general que la gente del pueblo y la regi\u00f3n debe conocer.","robots":{"index":"index","follow":"follow","max-snippet":"max-snippet:-1","max-image-preview":"max-image-preview:large","max-video-preview":"max-video-preview:-1"},"canonical":"https:\/\/www.celttv.com.ar\/index.php\/2022\/01\/18\/fue-lanzado-el-catalogo-turistico-de-la-comarca-una-herramienta-para-turistas-prestadores-y-vecinos\/","og_locale":"es_ES","og_type":"article","og_title":"Fue lanzado el Cat\u00e1logo Tur\u00edstico de la Comarca, una herramienta para turistas, prestadores y vecinos - CELTTV","og_description":"Sitio web de noticias de la localidad de Tornquist, provincia de Buenos Aires, Rep\u00fablica Argentina. Contenido propio originado por periodistas de CELTTV, el canal de TV local de la Cooperativa El\u00e9ctrica de Tornquist. Turismo, Pol\u00edtica, Sociedad, Deporte, Cultura y todo el contenido de inter\u00e9s general que la gente del pueblo y la regi\u00f3n debe conocer.","og_url":"https:\/\/www.celttv.com.ar\/index.php\/2022\/01\/18\/fue-lanzado-el-catalogo-turistico-de-la-comarca-una-herramienta-para-turistas-prestadores-y-vecinos\/","og_site_name":"CELTTV","article_publisher":"https:\/\/www.facebook.com\/celtTV\/","article_published_time":"2022-01-18T14:54:37+00:00","og_image":[{"width":899,"height":543,"url":"https:\/\/www.celttv.com.ar\/wp-content\/uploads\/2022\/01\/catalogo-turistico-tqt-2.jpeg_914-2.jpeg","type":"image\/jpeg"}],"author":"ulises","twitter_card":"summary_large_image","twitter_misc":{"Escrito por":"ulises","Tiempo de lectura":"1 minuto"},"schema":{"@context":"https:\/\/schema.org","@graph":[{"@type":"NewsArticle","@id":"https:\/\/www.celttv.com.ar\/index.php\/2022\/01\/18\/fue-lanzado-el-catalogo-turistico-de-la-comarca-una-herramienta-para-turistas-prestadores-y-vecinos\/#article","isPartOf":{"@id":"https:\/\/www.celttv.com.ar\/index.php\/2022\/01\/18\/fue-lanzado-el-catalogo-turistico-de-la-comarca-una-herramienta-para-turistas-prestadores-y-vecinos\/"},"author":{"name":"ulises","@id":"https:\/\/www.celttv.com.ar\/#\/schema\/person\/6d99c072dba59953809c81446e9d0ace"},"headline":"Fue lanzado el Cat\u00e1logo Tur\u00edstico de la Comarca, una herramienta para turistas, prestadores y vecinos","datePublished":"2022-01-18T14:54:37+00:00","dateModified":"2022-01-18T14:54:37+00:00","mainEntityOfPage":{"@id":"https:\/\/www.celttv.com.ar\/index.php\/2022\/01\/18\/fue-lanzado-el-catalogo-turistico-de-la-comarca-una-herramienta-para-turistas-prestadores-y-vecinos\/"},"wordCount":239,"publisher":{"@id":"https:\/\/www.celttv.com.ar\/#organization"},"articleSection":["Celt TV Noticias","Comunidad","Destacadas","Turismo"],"inLanguage":"es"},{"@type":"WebPage","@id":"https:\/\/www.celttv.com.ar\/index.php\/2022\/01\/18\/fue-lanzado-el-catalogo-turistico-de-la-comarca-una-herramienta-para-turistas-prestadores-y-vecinos\/","url":"https:\/\/www.celttv.com.ar\/index.php\/2022\/01\/18\/fue-lanzado-el-catalogo-turistico-de-la-comarca-una-herramienta-para-turistas-prestadores-y-vecinos\/","name":"Fue lanzado el Cat\u00e1logo Tur\u00edstico de la Comarca, una herramienta para turistas, prestadores y vecinos - CELTTV","isPartOf":{"@id":"https:\/\/www.celttv.com.ar\/#website"},"datePublished":"2022-01-18T14:54:37+00:00","dateModified":"2022-01-18T14:54:37+00:00","description":"Sitio web de noticias de la localidad de Tornquist, provincia de Buenos Aires, Rep\u00fablica Argentina. Contenido propio originado por periodistas de CELTTV, el canal de TV local de la Cooperativa El\u00e9ctrica de Tornquist. Turismo, Pol\u00edtica, Sociedad, Deporte, Cultura y todo el contenido de inter\u00e9s general que la gente del pueblo y la regi\u00f3n debe conocer.","breadcrumb":{"@id":"https:\/\/www.celttv.com.ar\/index.php\/2022\/01\/18\/fue-lanzado-el-catalogo-turistico-de-la-comarca-una-herramienta-para-turistas-prestadores-y-vecinos\/#breadcrumb"},"inLanguage":"es","potentialAction":[{"@type":"ReadAction","target":["https:\/\/www.celttv.com.ar\/index.php\/2022\/01\/18\/fue-lanzado-el-catalogo-turistico-de-la-comarca-una-herramienta-para-turistas-prestadores-y-vecinos\/"]}]},{"@type":"BreadcrumbList","@id":"https:\/\/www.celttv.com.ar\/index.php\/2022\/01\/18\/fue-lanzado-el-catalogo-turistico-de-la-comarca-una-herramienta-para-turistas-prestadores-y-vecinos\/#breadcrumb","itemListElement":[{"@type":"ListItem","position":1,"name":"Inicio","item":"https:\/\/www.celttv.com.ar\/"},{"@type":"ListItem","position":2,"name":"Fue lanzado el Cat\u00e1logo Tur\u00edstico de la Comarca, una herramienta para turistas, prestadores y vecinos"}]},{"@type":"WebSite","@id":"https:\/\/www.celttv.com.ar\/#website","url":"https:\/\/www.celttv.com.ar\/","name":"CELTTV","description":"Cooperativa El\u00e9ctrica de Tornquist","publisher":{"@id":"https:\/\/www.celttv.com.ar\/#organization"},"potentialAction":[{"@type":"SearchAction","target":{"@type":"EntryPoint","urlTemplate":"https:\/\/www.celttv.com.ar\/?s={search_term_string}"},"query-input":"required name=search_term_string"}],"inLanguage":"es"},{"@type":"Organization","@id":"https:\/\/www.celttv.com.ar\/#organization","name":"CELTTV","url":"https:\/\/www.celttv.com.ar\/","sameAs":["https:\/\/www.youtube.com\/channel\/UCz_oIt8Hig64Ub-EmcNPIhg","https:\/\/www.facebook.com\/celtTV\/"],"logo":{"@type":"ImageObject","inLanguage":"es","@id":"https:\/\/www.celttv.com.ar\/#\/schema\/logo\/image\/","url":"http:\/\/www.celttv.com.ar\/wp-content\/uploads\/2022\/08\/logo-1.png","contentUrl":"http:\/\/www.celttv.com.ar\/wp-content\/uploads\/2022\/08\/logo-1.png","width":461,"height":159,"caption":"CELTTV"},"image":{"@id":"https:\/\/www.celttv.com.ar\/#\/schema\/logo\/image\/"}},{"@type":"Person","@id":"https:\/\/www.celttv.com.ar\/#\/schema\/person\/6d99c072dba59953809c81446e9d0ace","name":"ulises","image":{"@type":"ImageObject","inLanguage":"es","@id":"https:\/\/www.celttv.com.ar\/#\/schema\/person\/image\/","url":"https:\/\/secure.gravatar.com\/avatar\/7f2c48bdc33b30088f941fb6082e555f2874c98e20cb159d7b92b50eadfce793?s=96&d=mm&r=g","contentUrl":"https:\/\/secure.gravatar.com\/avatar\/7f2c48bdc33b30088f941fb6082e555f2874c98e20cb159d7b92b50eadfce793?s=96&d=mm&r=g","caption":"ulises"},"sameAs":["http:\/\/www.celttv.com.ar"]}]}},"_links":{"self":[{"href":"https:\/\/www.celttv.com.ar\/index.php\/wp-json\/wp\/v2\/posts\/63277","targetHints":{"allow":["GET"]}}],"collection":[{"href":"https:\/\/www.celttv.com.ar\/index.php\/wp-json\/wp\/v2\/posts"}],"about":[{"href":"https:\/\/www.celttv.com.ar\/index.php\/wp-json\/wp\/v2\/types\/post"}],"author":[{"embeddable":true,"href":"https:\/\/www.celttv.com.ar\/index.php\/wp-json\/wp\/v2\/users\/1"}],"replies":[{"embeddable":true,"href":"https:\/\/www.celttv.com.ar\/index.php\/wp-json\/wp\/v2\/comments?post=63277"}],"version-history":[{"count":0,"href":"https:\/\/www.celttv.com.ar\/index.php\/wp-json\/wp\/v2\/posts\/63277\/revisions"}],"wp:featuredmedia":[{"embeddable":true,"href":"https:\/\/www.celttv.com.ar\/index.php\/wp-json\/wp\/v2\/media\/63281"}],"wp:attachment":[{"href":"https:\/\/www.celttv.com.ar\/index.php\/wp-json\/wp\/v2\/media?parent=63277"}],"wp:term":[{"taxonomy":"category","embeddable":true,"href":"https:\/\/www.celttv.com.ar\/index.php\/wp-json\/wp\/v2\/categories?post=63277"},{"taxonomy":"post_tag","embeddable":true,"href":"https:\/\/www.celttv.com.ar\/index.php\/wp-json\/wp\/v2\/tags?post=63277"}],"curies":[{"name":"wp","href":"https:\/\/api.w.org\/{rel}","templated":true}]}}