{"id":63525,"date":"2022-02-01T23:58:40","date_gmt":"2022-02-01T23:58:40","guid":{"rendered":"http:\/\/www.celttv.com.ar\/?p=63525"},"modified":"2022-02-01T23:58:40","modified_gmt":"2022-02-01T23:58:40","slug":"soy-rada-llega-a-tornquist-de-la-mano-del-1-campamento-flipex","status":"publish","type":"post","link":"https:\/\/www.celttv.com.ar\/index.php\/2022\/02\/01\/soy-rada-llega-a-tornquist-de-la-mano-del-1-campamento-flipex\/","title":{"rendered":"\u2018Soy Rada\u2019 llega a Tornquist de la mano del 1\u00b0 Campamento Flipex"},"content":{"rendered":"\n<p>Avanza la organizaci\u00f3n del 1\u00b0 Campamento Flipex, que se desarrollar\u00e1 los d\u00edas 18, 19 y 20 de marzo en Tornquist con la organizaci\u00f3n de la firma local Baraca Regional, en el Club Papelero y el Parque Lineal.<\/p>\n\n\n<p>El evento, que tiene por tem\u00e1ticas cannabis, agroecolog\u00eda y bienestar, fue declarado de Inter\u00e9s Municipal por el Honorable Concejo Deliberante y cuenta con el auspicio de Tornquist Municipio, INTA y REPROCAN.<\/p>\n\n\n<p>El campamento, tiene como objetivo la difusi\u00f3n y concientizaci\u00f3n de los fines y utilidades medicinales y productivas del cannabis; y dar continuidad al proceso de intercambio de conocimientos entre los habitantes de Tornquist y el resto de los actores cann\u00e1bicos del pa\u00eds. Tambi\u00e9n, busca fomentar el turismo y dar a conocer todo el potencial que tiene el distrito para desarrollar emprendimientos relacionados con el rubro.<\/p>\n\n\n<p>En cuanto a las actividades programadas, durante la ma\u00f1ana y las primeras horas de la tarde de cada jornada, estar\u00e1n distribuidas en distintos espacios, charlas, talleres y simposios relacionados con la tem\u00e1tica del evento.<\/p>\n\n\n<p>En tanto, sobre el atardecer, el centro de atenci\u00f3n estar\u00e1 puesto en el escenario principal, donde habr\u00e1 una amplia oferta cultural. En ese sentido, se confirm\u00f3 que el s\u00e1bado 19 se presentar\u00e1 en vivo \u2018Soy Rada and TheColibriquis\u2019, la banda del reconocido Agust\u00edn Aristar\u00e1n \u2018Radagast\u2019, con su nuevo show \u2018Revuelto\u2019, que antes de llegar a nuestra ciudad estar\u00e1 en los festivales Cosqu\u00edn Rock y Quilmes Rock.<\/p>\n\n\n<p>Adem\u00e1s, durante el evento habr\u00e1 stands de venta minorista y mayorista de productos, insumos y servicios cann\u00e1bicos, como as\u00ed tambi\u00e9n sitos de arte, terapias hol\u00edsticas y diferentes propuestas gastron\u00f3micas.<\/p>\n\n\n<figure class=\"wp-block-image size-large\"><img loading=\"lazy\" decoding=\"async\" width=\"850\" height=\"819\" src=\"http:\/\/www.celttv.com.ar\/wp-content\/uploads\/2022\/02\/Soy-Rada-en-Flipex.jpg\" alt=\"\" class=\"wp-image-63526\" srcset=\"https:\/\/www.celttv.com.ar\/wp-content\/uploads\/2022\/02\/Soy-Rada-en-Flipex.jpg 850w, https:\/\/www.celttv.com.ar\/wp-content\/uploads\/2022\/02\/Soy-Rada-en-Flipex-300x289.jpg 300w, https:\/\/www.celttv.com.ar\/wp-content\/uploads\/2022\/02\/Soy-Rada-en-Flipex-768x740.jpg 768w, https:\/\/www.celttv.com.ar\/wp-content\/uploads\/2022\/02\/Soy-Rada-en-Flipex-750x723.jpg 750w\" sizes=\"auto, (max-width: 850px) 100vw, 850px\" \/><\/figure>\n","protected":false},"excerpt":{"rendered":"<p>Avanza la organizaci\u00f3n del 1\u00b0 Campamento Flipex, que se desarrollar\u00e1 los d\u00edas 18, 19 y 20 de marzo en Tornquist con la organizaci\u00f3n de la firma local Baraca Regional, en el Club Papelero y el Parque Lineal. El evento, que tiene por tem\u00e1ticas cannabis, agroecolog\u00eda y bienestar, fue declarado de Inter\u00e9s Municipal por el Honorable [&hellip;]<\/p>\n","protected":false},"author":1,"featured_media":63526,"comment_status":"closed","ping_status":"open","sticky":false,"template":"","format":"standard","meta":{"footnotes":""},"categories":[55,51,52,59,65],"tags":[],"class_list":["post-63525","post","type-post","status-publish","format-standard","has-post-thumbnail","hentry","category-celt-tv-noticias","category-comunidad","category-destacadas","category-municipales","category-produccion"],"yoast_head":"<!-- This site is optimized with the Yoast SEO plugin v19.7.1 - https:\/\/yoast.com\/wordpress\/plugins\/seo\/ -->\n<title>\u2018Soy Rada\u2019 llega a Tornquist de la mano del 1\u00b0 Campamento Flipex - CELTTV<\/title>\n<meta name=\"description\" content=\"Sitio web de noticias de la localidad de Tornquist, provincia de Buenos Aires, Rep\u00fablica Argentina. Contenido propio originado por periodistas de CELTTV, el canal de TV local de la Cooperativa El\u00e9ctrica de Tornquist. Turismo, Pol\u00edtica, Sociedad, Deporte, Cultura y todo el contenido de inter\u00e9s general que la gente del pueblo y la regi\u00f3n debe conocer.\" \/>\n<meta name=\"robots\" content=\"index, follow, max-snippet:-1, max-image-preview:large, max-video-preview:-1\" \/>\n<link rel=\"canonical\" href=\"https:\/\/www.celttv.com.ar\/index.php\/2022\/02\/01\/soy-rada-llega-a-tornquist-de-la-mano-del-1-campamento-flipex\/\" \/>\n<meta property=\"og:locale\" content=\"es_ES\" \/>\n<meta property=\"og:type\" content=\"article\" \/>\n<meta property=\"og:title\" content=\"\u2018Soy Rada\u2019 llega a Tornquist de la mano del 1\u00b0 Campamento Flipex - CELTTV\" \/>\n<meta property=\"og:description\" content=\"Sitio web de noticias de la localidad de Tornquist, provincia de Buenos Aires, Rep\u00fablica Argentina. Contenido propio originado por periodistas de CELTTV, el canal de TV local de la Cooperativa El\u00e9ctrica de Tornquist. Turismo, Pol\u00edtica, Sociedad, Deporte, Cultura y todo el contenido de inter\u00e9s general que la gente del pueblo y la regi\u00f3n debe conocer.\" \/>\n<meta property=\"og:url\" content=\"https:\/\/www.celttv.com.ar\/index.php\/2022\/02\/01\/soy-rada-llega-a-tornquist-de-la-mano-del-1-campamento-flipex\/\" \/>\n<meta property=\"og:site_name\" content=\"CELTTV\" \/>\n<meta property=\"article:publisher\" content=\"https:\/\/www.facebook.com\/celtTV\/\" \/>\n<meta property=\"article:published_time\" content=\"2022-02-01T23:58:40+00:00\" \/>\n<meta property=\"og:image\" content=\"https:\/\/www.celttv.com.ar\/wp-content\/uploads\/2022\/02\/Soy-Rada-en-Flipex.jpg\" \/>\n\t<meta property=\"og:image:width\" content=\"850\" \/>\n\t<meta property=\"og:image:height\" content=\"819\" \/>\n\t<meta property=\"og:image:type\" content=\"image\/jpeg\" \/>\n<meta name=\"author\" content=\"ulises\" \/>\n<meta name=\"twitter:card\" content=\"summary_large_image\" \/>\n<meta name=\"twitter:label1\" content=\"Escrito por\" \/>\n\t<meta name=\"twitter:data1\" content=\"ulises\" \/>\n\t<meta name=\"twitter:label2\" content=\"Tiempo de lectura\" \/>\n\t<meta name=\"twitter:data2\" content=\"1 minuto\" \/>\n<script type=\"application\/ld+json\" class=\"yoast-schema-graph\">{\"@context\":\"https:\/\/schema.org\",\"@graph\":[{\"@type\":\"NewsArticle\",\"@id\":\"https:\/\/www.celttv.com.ar\/index.php\/2022\/02\/01\/soy-rada-llega-a-tornquist-de-la-mano-del-1-campamento-flipex\/#article\",\"isPartOf\":{\"@id\":\"https:\/\/www.celttv.com.ar\/index.php\/2022\/02\/01\/soy-rada-llega-a-tornquist-de-la-mano-del-1-campamento-flipex\/\"},\"author\":{\"name\":\"ulises\",\"@id\":\"https:\/\/www.celttv.com.ar\/#\/schema\/person\/6d99c072dba59953809c81446e9d0ace\"},\"headline\":\"\u2018Soy Rada\u2019 llega a Tornquist de la mano del 1\u00b0 Campamento Flipex\",\"datePublished\":\"2022-02-01T23:58:40+00:00\",\"dateModified\":\"2022-02-01T23:58:40+00:00\",\"mainEntityOfPage\":{\"@id\":\"https:\/\/www.celttv.com.ar\/index.php\/2022\/02\/01\/soy-rada-llega-a-tornquist-de-la-mano-del-1-campamento-flipex\/\"},\"wordCount\":292,\"publisher\":{\"@id\":\"https:\/\/www.celttv.com.ar\/#organization\"},\"articleSection\":[\"Celt TV Noticias\",\"Comunidad\",\"Destacadas\",\"Municipales\",\"Producci\u00f3n y Medio Ambiente\"],\"inLanguage\":\"es\"},{\"@type\":\"WebPage\",\"@id\":\"https:\/\/www.celttv.com.ar\/index.php\/2022\/02\/01\/soy-rada-llega-a-tornquist-de-la-mano-del-1-campamento-flipex\/\",\"url\":\"https:\/\/www.celttv.com.ar\/index.php\/2022\/02\/01\/soy-rada-llega-a-tornquist-de-la-mano-del-1-campamento-flipex\/\",\"name\":\"\u2018Soy Rada\u2019 llega a Tornquist de la mano del 1\u00b0 Campamento Flipex - CELTTV\",\"isPartOf\":{\"@id\":\"https:\/\/www.celttv.com.ar\/#website\"},\"datePublished\":\"2022-02-01T23:58:40+00:00\",\"dateModified\":\"2022-02-01T23:58:40+00:00\",\"description\":\"Sitio web de noticias de la localidad de Tornquist, provincia de Buenos Aires, Rep\u00fablica Argentina. Contenido propio originado por periodistas de CELTTV, el canal de TV local de la Cooperativa El\u00e9ctrica de Tornquist. Turismo, Pol\u00edtica, Sociedad, Deporte, Cultura y todo el contenido de inter\u00e9s general que la gente del pueblo y la regi\u00f3n debe conocer.\",\"breadcrumb\":{\"@id\":\"https:\/\/www.celttv.com.ar\/index.php\/2022\/02\/01\/soy-rada-llega-a-tornquist-de-la-mano-del-1-campamento-flipex\/#breadcrumb\"},\"inLanguage\":\"es\",\"potentialAction\":[{\"@type\":\"ReadAction\",\"target\":[\"https:\/\/www.celttv.com.ar\/index.php\/2022\/02\/01\/soy-rada-llega-a-tornquist-de-la-mano-del-1-campamento-flipex\/\"]}]},{\"@type\":\"BreadcrumbList\",\"@id\":\"https:\/\/www.celttv.com.ar\/index.php\/2022\/02\/01\/soy-rada-llega-a-tornquist-de-la-mano-del-1-campamento-flipex\/#breadcrumb\",\"itemListElement\":[{\"@type\":\"ListItem\",\"position\":1,\"name\":\"Inicio\",\"item\":\"https:\/\/www.celttv.com.ar\/\"},{\"@type\":\"ListItem\",\"position\":2,\"name\":\"\u2018Soy Rada\u2019 llega a Tornquist de la mano del 1\u00b0 Campamento Flipex\"}]},{\"@type\":\"WebSite\",\"@id\":\"https:\/\/www.celttv.com.ar\/#website\",\"url\":\"https:\/\/www.celttv.com.ar\/\",\"name\":\"CELTTV\",\"description\":\"Cooperativa El\u00e9ctrica de Tornquist\",\"publisher\":{\"@id\":\"https:\/\/www.celttv.com.ar\/#organization\"},\"potentialAction\":[{\"@type\":\"SearchAction\",\"target\":{\"@type\":\"EntryPoint\",\"urlTemplate\":\"https:\/\/www.celttv.com.ar\/?s={search_term_string}\"},\"query-input\":\"required name=search_term_string\"}],\"inLanguage\":\"es\"},{\"@type\":\"Organization\",\"@id\":\"https:\/\/www.celttv.com.ar\/#organization\",\"name\":\"CELTTV\",\"url\":\"https:\/\/www.celttv.com.ar\/\",\"sameAs\":[\"https:\/\/www.youtube.com\/channel\/UCz_oIt8Hig64Ub-EmcNPIhg\",\"https:\/\/www.facebook.com\/celtTV\/\"],\"logo\":{\"@type\":\"ImageObject\",\"inLanguage\":\"es\",\"@id\":\"https:\/\/www.celttv.com.ar\/#\/schema\/logo\/image\/\",\"url\":\"http:\/\/www.celttv.com.ar\/wp-content\/uploads\/2022\/08\/logo-1.png\",\"contentUrl\":\"http:\/\/www.celttv.com.ar\/wp-content\/uploads\/2022\/08\/logo-1.png\",\"width\":461,\"height\":159,\"caption\":\"CELTTV\"},\"image\":{\"@id\":\"https:\/\/www.celttv.com.ar\/#\/schema\/logo\/image\/\"}},{\"@type\":\"Person\",\"@id\":\"https:\/\/www.celttv.com.ar\/#\/schema\/person\/6d99c072dba59953809c81446e9d0ace\",\"name\":\"ulises\",\"image\":{\"@type\":\"ImageObject\",\"inLanguage\":\"es\",\"@id\":\"https:\/\/www.celttv.com.ar\/#\/schema\/person\/image\/\",\"url\":\"https:\/\/secure.gravatar.com\/avatar\/7f2c48bdc33b30088f941fb6082e555f2874c98e20cb159d7b92b50eadfce793?s=96&d=mm&r=g\",\"contentUrl\":\"https:\/\/secure.gravatar.com\/avatar\/7f2c48bdc33b30088f941fb6082e555f2874c98e20cb159d7b92b50eadfce793?s=96&d=mm&r=g\",\"caption\":\"ulises\"},\"sameAs\":[\"http:\/\/www.celttv.com.ar\"]}]}<\/script>\n<!-- \/ Yoast SEO plugin. -->","yoast_head_json":{"title":"\u2018Soy Rada\u2019 llega a Tornquist de la mano del 1\u00b0 Campamento Flipex - CELTTV","description":"Sitio web de noticias de la localidad de Tornquist, provincia de Buenos Aires, Rep\u00fablica Argentina. Contenido propio originado por periodistas de CELTTV, el canal de TV local de la Cooperativa El\u00e9ctrica de Tornquist. Turismo, Pol\u00edtica, Sociedad, Deporte, Cultura y todo el contenido de inter\u00e9s general que la gente del pueblo y la regi\u00f3n debe conocer.","robots":{"index":"index","follow":"follow","max-snippet":"max-snippet:-1","max-image-preview":"max-image-preview:large","max-video-preview":"max-video-preview:-1"},"canonical":"https:\/\/www.celttv.com.ar\/index.php\/2022\/02\/01\/soy-rada-llega-a-tornquist-de-la-mano-del-1-campamento-flipex\/","og_locale":"es_ES","og_type":"article","og_title":"\u2018Soy Rada\u2019 llega a Tornquist de la mano del 1\u00b0 Campamento Flipex - CELTTV","og_description":"Sitio web de noticias de la localidad de Tornquist, provincia de Buenos Aires, Rep\u00fablica Argentina. Contenido propio originado por periodistas de CELTTV, el canal de TV local de la Cooperativa El\u00e9ctrica de Tornquist. Turismo, Pol\u00edtica, Sociedad, Deporte, Cultura y todo el contenido de inter\u00e9s general que la gente del pueblo y la regi\u00f3n debe conocer.","og_url":"https:\/\/www.celttv.com.ar\/index.php\/2022\/02\/01\/soy-rada-llega-a-tornquist-de-la-mano-del-1-campamento-flipex\/","og_site_name":"CELTTV","article_publisher":"https:\/\/www.facebook.com\/celtTV\/","article_published_time":"2022-02-01T23:58:40+00:00","og_image":[{"width":850,"height":819,"url":"https:\/\/www.celttv.com.ar\/wp-content\/uploads\/2022\/02\/Soy-Rada-en-Flipex.jpg","type":"image\/jpeg"}],"author":"ulises","twitter_card":"summary_large_image","twitter_misc":{"Escrito por":"ulises","Tiempo de lectura":"1 minuto"},"schema":{"@context":"https:\/\/schema.org","@graph":[{"@type":"NewsArticle","@id":"https:\/\/www.celttv.com.ar\/index.php\/2022\/02\/01\/soy-rada-llega-a-tornquist-de-la-mano-del-1-campamento-flipex\/#article","isPartOf":{"@id":"https:\/\/www.celttv.com.ar\/index.php\/2022\/02\/01\/soy-rada-llega-a-tornquist-de-la-mano-del-1-campamento-flipex\/"},"author":{"name":"ulises","@id":"https:\/\/www.celttv.com.ar\/#\/schema\/person\/6d99c072dba59953809c81446e9d0ace"},"headline":"\u2018Soy Rada\u2019 llega a Tornquist de la mano del 1\u00b0 Campamento Flipex","datePublished":"2022-02-01T23:58:40+00:00","dateModified":"2022-02-01T23:58:40+00:00","mainEntityOfPage":{"@id":"https:\/\/www.celttv.com.ar\/index.php\/2022\/02\/01\/soy-rada-llega-a-tornquist-de-la-mano-del-1-campamento-flipex\/"},"wordCount":292,"publisher":{"@id":"https:\/\/www.celttv.com.ar\/#organization"},"articleSection":["Celt TV Noticias","Comunidad","Destacadas","Municipales","Producci\u00f3n y Medio Ambiente"],"inLanguage":"es"},{"@type":"WebPage","@id":"https:\/\/www.celttv.com.ar\/index.php\/2022\/02\/01\/soy-rada-llega-a-tornquist-de-la-mano-del-1-campamento-flipex\/","url":"https:\/\/www.celttv.com.ar\/index.php\/2022\/02\/01\/soy-rada-llega-a-tornquist-de-la-mano-del-1-campamento-flipex\/","name":"\u2018Soy Rada\u2019 llega a Tornquist de la mano del 1\u00b0 Campamento Flipex - CELTTV","isPartOf":{"@id":"https:\/\/www.celttv.com.ar\/#website"},"datePublished":"2022-02-01T23:58:40+00:00","dateModified":"2022-02-01T23:58:40+00:00","description":"Sitio web de noticias de la localidad de Tornquist, provincia de Buenos Aires, Rep\u00fablica Argentina. Contenido propio originado por periodistas de CELTTV, el canal de TV local de la Cooperativa El\u00e9ctrica de Tornquist. Turismo, Pol\u00edtica, Sociedad, Deporte, Cultura y todo el contenido de inter\u00e9s general que la gente del pueblo y la regi\u00f3n debe conocer.","breadcrumb":{"@id":"https:\/\/www.celttv.com.ar\/index.php\/2022\/02\/01\/soy-rada-llega-a-tornquist-de-la-mano-del-1-campamento-flipex\/#breadcrumb"},"inLanguage":"es","potentialAction":[{"@type":"ReadAction","target":["https:\/\/www.celttv.com.ar\/index.php\/2022\/02\/01\/soy-rada-llega-a-tornquist-de-la-mano-del-1-campamento-flipex\/"]}]},{"@type":"BreadcrumbList","@id":"https:\/\/www.celttv.com.ar\/index.php\/2022\/02\/01\/soy-rada-llega-a-tornquist-de-la-mano-del-1-campamento-flipex\/#breadcrumb","itemListElement":[{"@type":"ListItem","position":1,"name":"Inicio","item":"https:\/\/www.celttv.com.ar\/"},{"@type":"ListItem","position":2,"name":"\u2018Soy Rada\u2019 llega a Tornquist de la mano del 1\u00b0 Campamento Flipex"}]},{"@type":"WebSite","@id":"https:\/\/www.celttv.com.ar\/#website","url":"https:\/\/www.celttv.com.ar\/","name":"CELTTV","description":"Cooperativa El\u00e9ctrica de Tornquist","publisher":{"@id":"https:\/\/www.celttv.com.ar\/#organization"},"potentialAction":[{"@type":"SearchAction","target":{"@type":"EntryPoint","urlTemplate":"https:\/\/www.celttv.com.ar\/?s={search_term_string}"},"query-input":"required name=search_term_string"}],"inLanguage":"es"},{"@type":"Organization","@id":"https:\/\/www.celttv.com.ar\/#organization","name":"CELTTV","url":"https:\/\/www.celttv.com.ar\/","sameAs":["https:\/\/www.youtube.com\/channel\/UCz_oIt8Hig64Ub-EmcNPIhg","https:\/\/www.facebook.com\/celtTV\/"],"logo":{"@type":"ImageObject","inLanguage":"es","@id":"https:\/\/www.celttv.com.ar\/#\/schema\/logo\/image\/","url":"http:\/\/www.celttv.com.ar\/wp-content\/uploads\/2022\/08\/logo-1.png","contentUrl":"http:\/\/www.celttv.com.ar\/wp-content\/uploads\/2022\/08\/logo-1.png","width":461,"height":159,"caption":"CELTTV"},"image":{"@id":"https:\/\/www.celttv.com.ar\/#\/schema\/logo\/image\/"}},{"@type":"Person","@id":"https:\/\/www.celttv.com.ar\/#\/schema\/person\/6d99c072dba59953809c81446e9d0ace","name":"ulises","image":{"@type":"ImageObject","inLanguage":"es","@id":"https:\/\/www.celttv.com.ar\/#\/schema\/person\/image\/","url":"https:\/\/secure.gravatar.com\/avatar\/7f2c48bdc33b30088f941fb6082e555f2874c98e20cb159d7b92b50eadfce793?s=96&d=mm&r=g","contentUrl":"https:\/\/secure.gravatar.com\/avatar\/7f2c48bdc33b30088f941fb6082e555f2874c98e20cb159d7b92b50eadfce793?s=96&d=mm&r=g","caption":"ulises"},"sameAs":["http:\/\/www.celttv.com.ar"]}]}},"_links":{"self":[{"href":"https:\/\/www.celttv.com.ar\/index.php\/wp-json\/wp\/v2\/posts\/63525","targetHints":{"allow":["GET"]}}],"collection":[{"href":"https:\/\/www.celttv.com.ar\/index.php\/wp-json\/wp\/v2\/posts"}],"about":[{"href":"https:\/\/www.celttv.com.ar\/index.php\/wp-json\/wp\/v2\/types\/post"}],"author":[{"embeddable":true,"href":"https:\/\/www.celttv.com.ar\/index.php\/wp-json\/wp\/v2\/users\/1"}],"replies":[{"embeddable":true,"href":"https:\/\/www.celttv.com.ar\/index.php\/wp-json\/wp\/v2\/comments?post=63525"}],"version-history":[{"count":0,"href":"https:\/\/www.celttv.com.ar\/index.php\/wp-json\/wp\/v2\/posts\/63525\/revisions"}],"wp:featuredmedia":[{"embeddable":true,"href":"https:\/\/www.celttv.com.ar\/index.php\/wp-json\/wp\/v2\/media\/63526"}],"wp:attachment":[{"href":"https:\/\/www.celttv.com.ar\/index.php\/wp-json\/wp\/v2\/media?parent=63525"}],"wp:term":[{"taxonomy":"category","embeddable":true,"href":"https:\/\/www.celttv.com.ar\/index.php\/wp-json\/wp\/v2\/categories?post=63525"},{"taxonomy":"post_tag","embeddable":true,"href":"https:\/\/www.celttv.com.ar\/index.php\/wp-json\/wp\/v2\/tags?post=63525"}],"curies":[{"name":"wp","href":"https:\/\/api.w.org\/{rel}","templated":true}]}}