{"id":6377,"date":"2012-05-06T14:34:08","date_gmt":"2012-05-06T14:34:08","guid":{"rendered":"http:\/\/www.tvcnoticias.com.ar\/?p=6377"},"modified":"2012-05-06T14:34:08","modified_gmt":"2012-05-06T14:34:08","slug":"no-al-tarifazo-del-agua-por-un-plan-de-inversiones-controlado-por-los-trabajadores","status":"publish","type":"post","link":"https:\/\/www.celttv.com.ar\/index.php\/2012\/05\/06\/no-al-tarifazo-del-agua-por-un-plan-de-inversiones-controlado-por-los-trabajadores\/","title":{"rendered":"NO AL TARIFAZO DEL AGUA: POR UN PLAN DE INVERSIONES CONTROLADO POR LOS TRABAJADORES"},"content":{"rendered":"<p><span style=\"font-size: x-small; font-family: Times New Roman;\">ABSA inform\u00f3 que a partir de Junio la factura del agua aumentar\u00e1 un 180%. La decisi\u00f3n del gobierno de Scioli se inscribe en la pol\u00edtica de aumento de impuesto, tasas y tarifas con las que el gobierno trata de facturarles la crisis fiscal y financiera de la provincia a los trabajadores. <\/span><br \/>\n<span style=\"font-size: x-small; font-family: Times New Roman;\">En Bah\u00eda Blanca esto es inaceptable por partida doble. Nos quieren aumentar un servicio que nos provee agua contaminada, con instalaciones obsoletas, ca\u00f1er\u00edas pinchadas y con una provisi\u00f3n que amenaza colapsar permanentemente. <\/span><br \/>\n<span style=\"font-size: x-small; font-family: Times New Roman;\">El Intendente Interino Bevilacqua escamotea la responsabilidad de su partido en \u00a0la falta de inversiones a lo largo de varios a\u00f1os en Bah\u00eda Blanca, motivo por el cual la situaci\u00f3n h\u00eddrica en la ciudad se encuentra hoy en estado cr\u00edtico, oscilando entre el agotamiento y la intoxicaci\u00f3n. <\/span><br \/>\n<span style=\"font-size: x-small; font-family: Times New Roman;\">Si se investigara se encontrar\u00eda la responsabilidad directa de los dos partidos que han gobernado la ciudad. Para colmo Bevilacqua y su jefe Larraburu salen en defensa de las empresas contaminantes y precarizadoras del Polo Petroqu\u00edmico y en funci\u00f3n de enfrentamientos internos, ajenos a los intereses populares. <\/span><br \/>\n<span style=\"font-size: x-small; font-family: Times New Roman;\">Menci\u00f3n aparte merecen las declaraciones de Linares, como si \u00e9l no fuera parte del problema habiendo gobernado Bah\u00eda. \u00a0\u00a0<\/span><br \/>\n<span style=\"font-size: x-small; font-family: Times New Roman;\">El control del servicio por parte de los trabajadores y usuarios va a permitir acabar con esta crisis profunda, que ya tuvo a cientos de vecinos como protagonistas en las calles, exigiendo que se hagan las inversiones correspondientes y los controles pertinentes al consumo y tarifa al Polo Petroqu\u00edmico. \u00a0<\/span><br \/>\n<span style=\"font-size: x-small; font-family: Times New Roman;\">La desinversi\u00f3n oper\u00f3 a la par de negociados en los contratos de las obras que gestion\u00f3 ABSA en diversos puntos de la provincia, y que en Bah\u00eda Blanca las autoridades municipales nunca tomaron las acciones correspondientes para atender el problema. Se trata de un mismo m\u00e9todo para gobernar y proveer servicios con el Estado como garante y rescatista de los negociados \u00a0(ver sino la relaci\u00f3n del Municipio con Plaza, y ahora Fournier)<\/span><br \/>\n<span style=\"font-size: x-small; font-family: Times New Roman;\">Bevilacqua y Larraburu proponen la municipalizaci\u00f3n, para luego ser ellos los que sean aumenten y embolsen la tarifa del agua, prometiendo una vez m\u00e1s la futura mejora del servicio. El del agua es un nuevo servicio que colapsa como parte de la pol\u00edtica de privatizaciones y estatizaciones truchas para rescatar\u00a0 los \u201cinversores\u201d\u00a0.<\/span><br \/>\n<span style=\"font-size: x-small; font-family: Times New Roman;\">El camino es la organizaci\u00f3n popular de cada barrio para rechazar el tarifazo en curso y exigir las obras. Llamamos a todas las organizaciones populares a sumarse a esta campa\u00f1a.<\/span><br \/>\n<strong><span style=\"font-size: large; font-family: Times New Roman;\">PARTIDO OBRERO<\/span><\/strong><strong><span style=\"font-size: medium;\"> de Bah\u00eda Blanca en el Frente de Izquierda y de los Trabajadores<\/span><\/strong><\/p>\n","protected":false},"excerpt":{"rendered":"<p>ABSA inform\u00f3 que a partir de Junio la factura del agua aumentar\u00e1 un 180%. La decisi\u00f3n del gobierno de Scioli se inscribe en la pol\u00edtica de aumento de impuesto, tasas y tarifas con las que el gobierno trata de facturarles la crisis fiscal y financiera de la provincia a los trabajadores. En Bah\u00eda Blanca esto [&hellip;]<\/p>\n","protected":false},"author":1,"featured_media":0,"comment_status":"closed","ping_status":"open","sticky":false,"template":"","format":"standard","meta":{"footnotes":""},"categories":[95],"tags":[],"class_list":["post-6377","post","type-post","status-publish","format-standard","hentry","category-opiniones"],"yoast_head":"<!-- This site is optimized with the Yoast SEO plugin v19.7.1 - https:\/\/yoast.com\/wordpress\/plugins\/seo\/ -->\n<title>NO AL TARIFAZO DEL AGUA: POR UN PLAN DE INVERSIONES CONTROLADO POR LOS TRABAJADORES - CELTTV<\/title>\n<meta name=\"description\" content=\"Sitio web de noticias de la localidad de Tornquist, provincia de Buenos Aires, Rep\u00fablica Argentina. Contenido propio originado por periodistas de CELTTV, el canal de TV local de la Cooperativa El\u00e9ctrica de Tornquist. Turismo, Pol\u00edtica, Sociedad, Deporte, Cultura y todo el contenido de inter\u00e9s general que la gente del pueblo y la regi\u00f3n debe conocer.\" \/>\n<meta name=\"robots\" content=\"index, follow, max-snippet:-1, max-image-preview:large, max-video-preview:-1\" \/>\n<link rel=\"canonical\" href=\"https:\/\/www.celttv.com.ar\/index.php\/2012\/05\/06\/no-al-tarifazo-del-agua-por-un-plan-de-inversiones-controlado-por-los-trabajadores\/\" \/>\n<meta property=\"og:locale\" content=\"es_ES\" \/>\n<meta property=\"og:type\" content=\"article\" \/>\n<meta property=\"og:title\" content=\"NO AL TARIFAZO DEL AGUA: POR UN PLAN DE INVERSIONES CONTROLADO POR LOS TRABAJADORES - CELTTV\" \/>\n<meta property=\"og:description\" content=\"Sitio web de noticias de la localidad de Tornquist, provincia de Buenos Aires, Rep\u00fablica Argentina. Contenido propio originado por periodistas de CELTTV, el canal de TV local de la Cooperativa El\u00e9ctrica de Tornquist. Turismo, Pol\u00edtica, Sociedad, Deporte, Cultura y todo el contenido de inter\u00e9s general que la gente del pueblo y la regi\u00f3n debe conocer.\" \/>\n<meta property=\"og:url\" content=\"https:\/\/www.celttv.com.ar\/index.php\/2012\/05\/06\/no-al-tarifazo-del-agua-por-un-plan-de-inversiones-controlado-por-los-trabajadores\/\" \/>\n<meta property=\"og:site_name\" content=\"CELTTV\" \/>\n<meta property=\"article:publisher\" content=\"https:\/\/www.facebook.com\/celtTV\/\" \/>\n<meta property=\"article:published_time\" content=\"2012-05-06T14:34:08+00:00\" \/>\n<meta name=\"author\" content=\"ulises\" \/>\n<meta name=\"twitter:card\" content=\"summary_large_image\" \/>\n<meta name=\"twitter:label1\" content=\"Escrito por\" \/>\n\t<meta name=\"twitter:data1\" content=\"ulises\" \/>\n\t<meta name=\"twitter:label2\" content=\"Tiempo de lectura\" \/>\n\t<meta name=\"twitter:data2\" content=\"2 minutos\" \/>\n<script type=\"application\/ld+json\" class=\"yoast-schema-graph\">{\"@context\":\"https:\/\/schema.org\",\"@graph\":[{\"@type\":\"NewsArticle\",\"@id\":\"https:\/\/www.celttv.com.ar\/index.php\/2012\/05\/06\/no-al-tarifazo-del-agua-por-un-plan-de-inversiones-controlado-por-los-trabajadores\/#article\",\"isPartOf\":{\"@id\":\"https:\/\/www.celttv.com.ar\/index.php\/2012\/05\/06\/no-al-tarifazo-del-agua-por-un-plan-de-inversiones-controlado-por-los-trabajadores\/\"},\"author\":{\"name\":\"ulises\",\"@id\":\"https:\/\/www.celttv.com.ar\/#\/schema\/person\/6d99c072dba59953809c81446e9d0ace\"},\"headline\":\"NO AL TARIFAZO DEL AGUA: POR UN PLAN DE INVERSIONES CONTROLADO POR LOS TRABAJADORES\",\"datePublished\":\"2012-05-06T14:34:08+00:00\",\"dateModified\":\"2012-05-06T14:34:08+00:00\",\"mainEntityOfPage\":{\"@id\":\"https:\/\/www.celttv.com.ar\/index.php\/2012\/05\/06\/no-al-tarifazo-del-agua-por-un-plan-de-inversiones-controlado-por-los-trabajadores\/\"},\"wordCount\":453,\"publisher\":{\"@id\":\"https:\/\/www.celttv.com.ar\/#organization\"},\"articleSection\":[\"Opiniones\"],\"inLanguage\":\"es\"},{\"@type\":\"WebPage\",\"@id\":\"https:\/\/www.celttv.com.ar\/index.php\/2012\/05\/06\/no-al-tarifazo-del-agua-por-un-plan-de-inversiones-controlado-por-los-trabajadores\/\",\"url\":\"https:\/\/www.celttv.com.ar\/index.php\/2012\/05\/06\/no-al-tarifazo-del-agua-por-un-plan-de-inversiones-controlado-por-los-trabajadores\/\",\"name\":\"NO AL TARIFAZO DEL AGUA: POR UN PLAN DE INVERSIONES CONTROLADO POR LOS TRABAJADORES - CELTTV\",\"isPartOf\":{\"@id\":\"https:\/\/www.celttv.com.ar\/#website\"},\"datePublished\":\"2012-05-06T14:34:08+00:00\",\"dateModified\":\"2012-05-06T14:34:08+00:00\",\"description\":\"Sitio web de noticias de la localidad de Tornquist, provincia de Buenos Aires, Rep\u00fablica Argentina. Contenido propio originado por periodistas de CELTTV, el canal de TV local de la Cooperativa El\u00e9ctrica de Tornquist. Turismo, Pol\u00edtica, Sociedad, Deporte, Cultura y todo el contenido de inter\u00e9s general que la gente del pueblo y la regi\u00f3n debe conocer.\",\"breadcrumb\":{\"@id\":\"https:\/\/www.celttv.com.ar\/index.php\/2012\/05\/06\/no-al-tarifazo-del-agua-por-un-plan-de-inversiones-controlado-por-los-trabajadores\/#breadcrumb\"},\"inLanguage\":\"es\",\"potentialAction\":[{\"@type\":\"ReadAction\",\"target\":[\"https:\/\/www.celttv.com.ar\/index.php\/2012\/05\/06\/no-al-tarifazo-del-agua-por-un-plan-de-inversiones-controlado-por-los-trabajadores\/\"]}]},{\"@type\":\"BreadcrumbList\",\"@id\":\"https:\/\/www.celttv.com.ar\/index.php\/2012\/05\/06\/no-al-tarifazo-del-agua-por-un-plan-de-inversiones-controlado-por-los-trabajadores\/#breadcrumb\",\"itemListElement\":[{\"@type\":\"ListItem\",\"position\":1,\"name\":\"Inicio\",\"item\":\"https:\/\/www.celttv.com.ar\/\"},{\"@type\":\"ListItem\",\"position\":2,\"name\":\"NO AL TARIFAZO DEL AGUA: POR UN PLAN DE INVERSIONES CONTROLADO POR LOS TRABAJADORES\"}]},{\"@type\":\"WebSite\",\"@id\":\"https:\/\/www.celttv.com.ar\/#website\",\"url\":\"https:\/\/www.celttv.com.ar\/\",\"name\":\"CELTTV\",\"description\":\"Cooperativa El\u00e9ctrica de Tornquist\",\"publisher\":{\"@id\":\"https:\/\/www.celttv.com.ar\/#organization\"},\"potentialAction\":[{\"@type\":\"SearchAction\",\"target\":{\"@type\":\"EntryPoint\",\"urlTemplate\":\"https:\/\/www.celttv.com.ar\/?s={search_term_string}\"},\"query-input\":\"required name=search_term_string\"}],\"inLanguage\":\"es\"},{\"@type\":\"Organization\",\"@id\":\"https:\/\/www.celttv.com.ar\/#organization\",\"name\":\"CELTTV\",\"url\":\"https:\/\/www.celttv.com.ar\/\",\"sameAs\":[\"https:\/\/www.youtube.com\/channel\/UCz_oIt8Hig64Ub-EmcNPIhg\",\"https:\/\/www.facebook.com\/celtTV\/\"],\"logo\":{\"@type\":\"ImageObject\",\"inLanguage\":\"es\",\"@id\":\"https:\/\/www.celttv.com.ar\/#\/schema\/logo\/image\/\",\"url\":\"http:\/\/www.celttv.com.ar\/wp-content\/uploads\/2022\/08\/logo-1.png\",\"contentUrl\":\"http:\/\/www.celttv.com.ar\/wp-content\/uploads\/2022\/08\/logo-1.png\",\"width\":461,\"height\":159,\"caption\":\"CELTTV\"},\"image\":{\"@id\":\"https:\/\/www.celttv.com.ar\/#\/schema\/logo\/image\/\"}},{\"@type\":\"Person\",\"@id\":\"https:\/\/www.celttv.com.ar\/#\/schema\/person\/6d99c072dba59953809c81446e9d0ace\",\"name\":\"ulises\",\"image\":{\"@type\":\"ImageObject\",\"inLanguage\":\"es\",\"@id\":\"https:\/\/www.celttv.com.ar\/#\/schema\/person\/image\/\",\"url\":\"https:\/\/secure.gravatar.com\/avatar\/7f2c48bdc33b30088f941fb6082e555f2874c98e20cb159d7b92b50eadfce793?s=96&d=mm&r=g\",\"contentUrl\":\"https:\/\/secure.gravatar.com\/avatar\/7f2c48bdc33b30088f941fb6082e555f2874c98e20cb159d7b92b50eadfce793?s=96&d=mm&r=g\",\"caption\":\"ulises\"},\"sameAs\":[\"http:\/\/www.celttv.com.ar\"]}]}<\/script>\n<!-- \/ Yoast SEO plugin. -->","yoast_head_json":{"title":"NO AL TARIFAZO DEL AGUA: POR UN PLAN DE INVERSIONES CONTROLADO POR LOS TRABAJADORES - CELTTV","description":"Sitio web de noticias de la localidad de Tornquist, provincia de Buenos Aires, Rep\u00fablica Argentina. Contenido propio originado por periodistas de CELTTV, el canal de TV local de la Cooperativa El\u00e9ctrica de Tornquist. Turismo, Pol\u00edtica, Sociedad, Deporte, Cultura y todo el contenido de inter\u00e9s general que la gente del pueblo y la regi\u00f3n debe conocer.","robots":{"index":"index","follow":"follow","max-snippet":"max-snippet:-1","max-image-preview":"max-image-preview:large","max-video-preview":"max-video-preview:-1"},"canonical":"https:\/\/www.celttv.com.ar\/index.php\/2012\/05\/06\/no-al-tarifazo-del-agua-por-un-plan-de-inversiones-controlado-por-los-trabajadores\/","og_locale":"es_ES","og_type":"article","og_title":"NO AL TARIFAZO DEL AGUA: POR UN PLAN DE INVERSIONES CONTROLADO POR LOS TRABAJADORES - CELTTV","og_description":"Sitio web de noticias de la localidad de Tornquist, provincia de Buenos Aires, Rep\u00fablica Argentina. Contenido propio originado por periodistas de CELTTV, el canal de TV local de la Cooperativa El\u00e9ctrica de Tornquist. Turismo, Pol\u00edtica, Sociedad, Deporte, Cultura y todo el contenido de inter\u00e9s general que la gente del pueblo y la regi\u00f3n debe conocer.","og_url":"https:\/\/www.celttv.com.ar\/index.php\/2012\/05\/06\/no-al-tarifazo-del-agua-por-un-plan-de-inversiones-controlado-por-los-trabajadores\/","og_site_name":"CELTTV","article_publisher":"https:\/\/www.facebook.com\/celtTV\/","article_published_time":"2012-05-06T14:34:08+00:00","author":"ulises","twitter_card":"summary_large_image","twitter_misc":{"Escrito por":"ulises","Tiempo de lectura":"2 minutos"},"schema":{"@context":"https:\/\/schema.org","@graph":[{"@type":"NewsArticle","@id":"https:\/\/www.celttv.com.ar\/index.php\/2012\/05\/06\/no-al-tarifazo-del-agua-por-un-plan-de-inversiones-controlado-por-los-trabajadores\/#article","isPartOf":{"@id":"https:\/\/www.celttv.com.ar\/index.php\/2012\/05\/06\/no-al-tarifazo-del-agua-por-un-plan-de-inversiones-controlado-por-los-trabajadores\/"},"author":{"name":"ulises","@id":"https:\/\/www.celttv.com.ar\/#\/schema\/person\/6d99c072dba59953809c81446e9d0ace"},"headline":"NO AL TARIFAZO DEL AGUA: POR UN PLAN DE INVERSIONES CONTROLADO POR LOS TRABAJADORES","datePublished":"2012-05-06T14:34:08+00:00","dateModified":"2012-05-06T14:34:08+00:00","mainEntityOfPage":{"@id":"https:\/\/www.celttv.com.ar\/index.php\/2012\/05\/06\/no-al-tarifazo-del-agua-por-un-plan-de-inversiones-controlado-por-los-trabajadores\/"},"wordCount":453,"publisher":{"@id":"https:\/\/www.celttv.com.ar\/#organization"},"articleSection":["Opiniones"],"inLanguage":"es"},{"@type":"WebPage","@id":"https:\/\/www.celttv.com.ar\/index.php\/2012\/05\/06\/no-al-tarifazo-del-agua-por-un-plan-de-inversiones-controlado-por-los-trabajadores\/","url":"https:\/\/www.celttv.com.ar\/index.php\/2012\/05\/06\/no-al-tarifazo-del-agua-por-un-plan-de-inversiones-controlado-por-los-trabajadores\/","name":"NO AL TARIFAZO DEL AGUA: POR UN PLAN DE INVERSIONES CONTROLADO POR LOS TRABAJADORES - CELTTV","isPartOf":{"@id":"https:\/\/www.celttv.com.ar\/#website"},"datePublished":"2012-05-06T14:34:08+00:00","dateModified":"2012-05-06T14:34:08+00:00","description":"Sitio web de noticias de la localidad de Tornquist, provincia de Buenos Aires, Rep\u00fablica Argentina. Contenido propio originado por periodistas de CELTTV, el canal de TV local de la Cooperativa El\u00e9ctrica de Tornquist. Turismo, Pol\u00edtica, Sociedad, Deporte, Cultura y todo el contenido de inter\u00e9s general que la gente del pueblo y la regi\u00f3n debe conocer.","breadcrumb":{"@id":"https:\/\/www.celttv.com.ar\/index.php\/2012\/05\/06\/no-al-tarifazo-del-agua-por-un-plan-de-inversiones-controlado-por-los-trabajadores\/#breadcrumb"},"inLanguage":"es","potentialAction":[{"@type":"ReadAction","target":["https:\/\/www.celttv.com.ar\/index.php\/2012\/05\/06\/no-al-tarifazo-del-agua-por-un-plan-de-inversiones-controlado-por-los-trabajadores\/"]}]},{"@type":"BreadcrumbList","@id":"https:\/\/www.celttv.com.ar\/index.php\/2012\/05\/06\/no-al-tarifazo-del-agua-por-un-plan-de-inversiones-controlado-por-los-trabajadores\/#breadcrumb","itemListElement":[{"@type":"ListItem","position":1,"name":"Inicio","item":"https:\/\/www.celttv.com.ar\/"},{"@type":"ListItem","position":2,"name":"NO AL TARIFAZO DEL AGUA: POR UN PLAN DE INVERSIONES CONTROLADO POR LOS TRABAJADORES"}]},{"@type":"WebSite","@id":"https:\/\/www.celttv.com.ar\/#website","url":"https:\/\/www.celttv.com.ar\/","name":"CELTTV","description":"Cooperativa El\u00e9ctrica de Tornquist","publisher":{"@id":"https:\/\/www.celttv.com.ar\/#organization"},"potentialAction":[{"@type":"SearchAction","target":{"@type":"EntryPoint","urlTemplate":"https:\/\/www.celttv.com.ar\/?s={search_term_string}"},"query-input":"required name=search_term_string"}],"inLanguage":"es"},{"@type":"Organization","@id":"https:\/\/www.celttv.com.ar\/#organization","name":"CELTTV","url":"https:\/\/www.celttv.com.ar\/","sameAs":["https:\/\/www.youtube.com\/channel\/UCz_oIt8Hig64Ub-EmcNPIhg","https:\/\/www.facebook.com\/celtTV\/"],"logo":{"@type":"ImageObject","inLanguage":"es","@id":"https:\/\/www.celttv.com.ar\/#\/schema\/logo\/image\/","url":"http:\/\/www.celttv.com.ar\/wp-content\/uploads\/2022\/08\/logo-1.png","contentUrl":"http:\/\/www.celttv.com.ar\/wp-content\/uploads\/2022\/08\/logo-1.png","width":461,"height":159,"caption":"CELTTV"},"image":{"@id":"https:\/\/www.celttv.com.ar\/#\/schema\/logo\/image\/"}},{"@type":"Person","@id":"https:\/\/www.celttv.com.ar\/#\/schema\/person\/6d99c072dba59953809c81446e9d0ace","name":"ulises","image":{"@type":"ImageObject","inLanguage":"es","@id":"https:\/\/www.celttv.com.ar\/#\/schema\/person\/image\/","url":"https:\/\/secure.gravatar.com\/avatar\/7f2c48bdc33b30088f941fb6082e555f2874c98e20cb159d7b92b50eadfce793?s=96&d=mm&r=g","contentUrl":"https:\/\/secure.gravatar.com\/avatar\/7f2c48bdc33b30088f941fb6082e555f2874c98e20cb159d7b92b50eadfce793?s=96&d=mm&r=g","caption":"ulises"},"sameAs":["http:\/\/www.celttv.com.ar"]}]}},"_links":{"self":[{"href":"https:\/\/www.celttv.com.ar\/index.php\/wp-json\/wp\/v2\/posts\/6377","targetHints":{"allow":["GET"]}}],"collection":[{"href":"https:\/\/www.celttv.com.ar\/index.php\/wp-json\/wp\/v2\/posts"}],"about":[{"href":"https:\/\/www.celttv.com.ar\/index.php\/wp-json\/wp\/v2\/types\/post"}],"author":[{"embeddable":true,"href":"https:\/\/www.celttv.com.ar\/index.php\/wp-json\/wp\/v2\/users\/1"}],"replies":[{"embeddable":true,"href":"https:\/\/www.celttv.com.ar\/index.php\/wp-json\/wp\/v2\/comments?post=6377"}],"version-history":[{"count":0,"href":"https:\/\/www.celttv.com.ar\/index.php\/wp-json\/wp\/v2\/posts\/6377\/revisions"}],"wp:attachment":[{"href":"https:\/\/www.celttv.com.ar\/index.php\/wp-json\/wp\/v2\/media?parent=6377"}],"wp:term":[{"taxonomy":"category","embeddable":true,"href":"https:\/\/www.celttv.com.ar\/index.php\/wp-json\/wp\/v2\/categories?post=6377"},{"taxonomy":"post_tag","embeddable":true,"href":"https:\/\/www.celttv.com.ar\/index.php\/wp-json\/wp\/v2\/tags?post=6377"}],"curies":[{"name":"wp","href":"https:\/\/api.w.org\/{rel}","templated":true}]}}