{"id":63978,"date":"2022-02-23T14:25:43","date_gmt":"2022-02-23T14:25:43","guid":{"rendered":"http:\/\/www.celttv.com.ar\/?p=63978"},"modified":"2022-02-23T14:25:43","modified_gmt":"2022-02-23T14:25:43","slug":"ediles-de-juntos-y-juntos-por-el-cambio-entregaron-petitorio-a-kicillof","status":"publish","type":"post","link":"https:\/\/www.celttv.com.ar\/index.php\/2022\/02\/23\/ediles-de-juntos-y-juntos-por-el-cambio-entregaron-petitorio-a-kicillof\/","title":{"rendered":"Ediles de Juntos y Juntos por el Cambio entregaron petitorio a Kicillof"},"content":{"rendered":"\n<p>Un grupo de concejales de Juntos del distrito de Tornquist, quienes indicaron que no fueron invitados a participar de la reuni\u00f3n junto al gobernador Axel Kicillof, le entregaron un petitorio con diferentes reclamos.<\/p>\n\n\n<p>Los temas fueron los siguientes:<\/p>\n\n\n<ul class=\"wp-block-list\"><li>Recuperaci\u00f3n de 154 hect\u00e1reas pertenecientesal Municipio en manos de privados (Silenka S.A. \u2013 Sierra de la Ventana).<\/li><li>Camino de circunvalaci\u00f3n en la localidad de Sierra de la Ventanapara sacar transito pensado de la localidad.<\/li><li>Transporte para alumnos de la Escuela T\u00e9cnica N\u00b0 1 de Tornquist.<\/li><\/ul>\n\n\n<p>Los ediles que entregaron dicho petitorio, aclararon que el HCD no fue invitado a la visita oficial del gobernador, pero lo concejales de Juntos se acercaron al Hotel Provincial de Sierra de la Ventana, donde Sandra Kifer, presidente del HCD, durante la reuni\u00f3n, hizo uso de la palabra explicando el contenido del mismo.<\/p>\n\n\n<p><strong>Misiva referida a la recuperaci\u00f3n de las 154 hect\u00e1reas <\/strong><\/p>\n\n\n<p>&#8220;Los concejales&nbsp; de JUNTOS nos dirigimos a Ud. para solicitarle la colaboraci\u00f3n legal y la pronta intervenci\u00f3n necesaria en un asunto que consideramos&nbsp; fundamental&nbsp; para el desarrollo de la localidad de Sierra de la Ventana.<\/p>\n\n\n<p>El tema en cuesti\u00f3n que a la fecha no se ha podido resolver refiere a la imperiosa necesidad de <strong><u>poder recuperar 154 ha. (ciento cincuenta y cuatro hect\u00e1reas)<\/u><\/strong> <strong><u>que pertenecen a nuestro Municipio<\/u><\/strong> y son linderas al casco urbano de la localidad anteriormente mencionada. Estas valiosas tierras han sido tomadas por la firma privada SILENKA S.A. y de las que tambi\u00e9n hacen usufructo.<\/p>\n\n\n<p class=\"has-text-align-left\">Cabe mencionar que en el a\u00f1o 2014, este mismo \u00f3rgano realiz\u00f3 gestiones en la Direcci\u00f3n Provincial del Registro de la Propiedad de la Ciudad de La Plata, constatando la titularidad de dominio&nbsp; a favor de la Municipalidad de Tornquist (Circunscripci\u00f3n: 9. Parcela: 576 J. Partida 006220 \u2013 6), lo mismo&nbsp; consta en los archivos de Catastro de Rentas y en los antiguos planos de geodesia del distrito.<\/p>\n\n\n<p>Adem\u00e1s del consecuente perjuicio econ\u00f3mico que viene afectando tanto a las arcas municipales como provinciales y nacionales, una parte de estas tierras corresponden al cord\u00f3n serrano y residen en el plano hist\u00f3rico y de preservaci\u00f3n, ya que en el lugar hay tumbas abor\u00edgenes y monumentos megal\u00edticos de origen precolombino denominados menhires, los cuales cuentan con <strong><u>gran valor arqueol\u00f3gico y antropol\u00f3gico con caracter\u00edsticas \u00fanicas en la regi\u00f3n.<\/u><\/strong><\/p>\n\n\n<p>Es por todo lo expuesto que consideramos muy importante sus gestiones para abordar esta problem\u00e1tica, ya que permitir\u00eda otro desarrollo social y econ\u00f3mico que actualmente se encuentra trunco no s\u00f3lo para Sierra de la Ventana sino tambi\u00e9n al resto de la comarca serrana.<\/p>\n\n\n<p>Para finalizar queremos hacerle saber que los vecinos de Sierra de la Ventana hace m\u00e1s de 25 a\u00f1os que no reciben del estado ning\u00fan tipo de viviendas sociales debido, principalmente a la \u201causencia\u201d de tierras municipales. Tambi\u00e9n en \u00e9se mismo sector de tierras se encuentra planificado y proyectado el camino de circunvalaci\u00f3n que a la fecha no es transitable&#8221;.<\/p>\n\n\n<p><strong>Reclamaron contar con un camino de circunvalaci\u00f3n en la localidad de Sierra de la Ventana<\/strong><\/p>\n\n\n<p>&#8220;Los Concejales\u00a0 de JUNTOS nos dirigimos a Ud. para expresarle la necesidad de contar con un camino de circunvalaci\u00f3n en la localidad de Sierra de la Ventana.<\/p>\n\n\n<p>Esta localidad es atravesada por la Ruta Provincial N.\u00ba 72 en la principal arteria c\u00e9ntrica y comercial, generando que el transito pesado (camiones y maquinarias rurales), tenga que circular por el centro urbano del pueblo ya que no cuenta con un camino de circunvalaci\u00f3n.<\/p>\n\n\n<p>Sobre el centro urbano de la localidad se encuentra la<strong> Escuela Primaria N.\u00ba 6, el Hospital \u201cDr. Emilio Aldaya\u201d, el Jard\u00edn de Infante \u201cMartha Salotti\u201d y la zona comercial.<\/strong> El tr\u00e1nsito de ni\u00f1os y vecinos en general es muy alto, lo que genera un riesgo muy grande frente a la circulaci\u00f3n de camiones y maquinaria rural.<\/p>\n\n\n<p>Dicho camino es un <strong>anhelo hist\u00f3rico de los vecinos de la localidad<\/strong>, ya que el mismo es de fundamental importancia para la seguridad y el desarrollo de la misma.<\/p>\n\n\n<p>El camino mencionado figura en el C\u00f3digo de Planeamiento Urbano del Distrito de Tornquist, Ordenanza N.\u00ba 1461\/02 y sus modificatorias, como parte del trazado de la Ruta Provincial N.\u00ba 72. Por ello es responsabilidad del Estado Provincial llevar a cabo la obra del camino de circunvalaci\u00f3n.<\/p>\n\n\n<p>Dicho camino atraviesa establecimientos rurales privados, por lo tanto el Estado Provincial deber\u00e1 arbitrar los medios para declarar de Utilidad P\u00fablica y expropiar las tierras que ocupe el trazado del mismo&#8221;<\/p>\n\n\n<p>Ahora los ediles aguardan las respuestas del Ejecutivo Provincial. <\/p>\n","protected":false},"excerpt":{"rendered":"<p>Un grupo de concejales de Juntos del distrito de Tornquist, quienes indicaron que no fueron invitados a participar de la reuni\u00f3n junto al gobernador Axel Kicillof, le entregaron un petitorio con diferentes reclamos. Los temas fueron los siguientes: Recuperaci\u00f3n de 154 hect\u00e1reas pertenecientesal Municipio en manos de privados (Silenka S.A. \u2013 Sierra de la Ventana). [&hellip;]<\/p>\n","protected":false},"author":1,"featured_media":63979,"comment_status":"closed","ping_status":"open","sticky":false,"template":"","format":"standard","meta":{"footnotes":""},"categories":[55,51,52],"tags":[],"class_list":["post-63978","post","type-post","status-publish","format-standard","has-post-thumbnail","hentry","category-celt-tv-noticias","category-comunidad","category-destacadas"],"yoast_head":"<!-- This site is optimized with the Yoast SEO plugin v19.7.1 - https:\/\/yoast.com\/wordpress\/plugins\/seo\/ -->\n<title>Ediles de Juntos y Juntos por el Cambio entregaron petitorio a Kicillof - CELTTV<\/title>\n<meta name=\"description\" content=\"Sitio web de noticias de la localidad de Tornquist, provincia de Buenos Aires, Rep\u00fablica Argentina. Contenido propio originado por periodistas de CELTTV, el canal de TV local de la Cooperativa El\u00e9ctrica de Tornquist. Turismo, Pol\u00edtica, Sociedad, Deporte, Cultura y todo el contenido de inter\u00e9s general que la gente del pueblo y la regi\u00f3n debe conocer.\" \/>\n<meta name=\"robots\" content=\"index, follow, max-snippet:-1, max-image-preview:large, max-video-preview:-1\" \/>\n<link rel=\"canonical\" href=\"https:\/\/www.celttv.com.ar\/index.php\/2022\/02\/23\/ediles-de-juntos-y-juntos-por-el-cambio-entregaron-petitorio-a-kicillof\/\" \/>\n<meta property=\"og:locale\" content=\"es_ES\" \/>\n<meta property=\"og:type\" content=\"article\" \/>\n<meta property=\"og:title\" content=\"Ediles de Juntos y Juntos por el Cambio entregaron petitorio a Kicillof - CELTTV\" \/>\n<meta property=\"og:description\" content=\"Sitio web de noticias de la localidad de Tornquist, provincia de Buenos Aires, Rep\u00fablica Argentina. Contenido propio originado por periodistas de CELTTV, el canal de TV local de la Cooperativa El\u00e9ctrica de Tornquist. Turismo, Pol\u00edtica, Sociedad, Deporte, Cultura y todo el contenido de inter\u00e9s general que la gente del pueblo y la regi\u00f3n debe conocer.\" \/>\n<meta property=\"og:url\" content=\"https:\/\/www.celttv.com.ar\/index.php\/2022\/02\/23\/ediles-de-juntos-y-juntos-por-el-cambio-entregaron-petitorio-a-kicillof\/\" \/>\n<meta property=\"og:site_name\" content=\"CELTTV\" \/>\n<meta property=\"article:publisher\" content=\"https:\/\/www.facebook.com\/celtTV\/\" \/>\n<meta property=\"article:published_time\" content=\"2022-02-23T14:25:43+00:00\" \/>\n<meta property=\"og:image\" content=\"https:\/\/www.celttv.com.ar\/wp-content\/uploads\/2022\/02\/Visita-Axel-Kicillof-4.jpeg\" \/>\n\t<meta property=\"og:image:width\" content=\"1280\" \/>\n\t<meta property=\"og:image:height\" content=\"854\" \/>\n\t<meta property=\"og:image:type\" content=\"image\/jpeg\" \/>\n<meta name=\"author\" content=\"ulises\" \/>\n<meta name=\"twitter:card\" content=\"summary_large_image\" \/>\n<meta name=\"twitter:label1\" content=\"Escrito por\" \/>\n\t<meta name=\"twitter:data1\" content=\"ulises\" \/>\n\t<meta name=\"twitter:label2\" content=\"Tiempo de lectura\" \/>\n\t<meta name=\"twitter:data2\" content=\"4 minutos\" \/>\n<script type=\"application\/ld+json\" class=\"yoast-schema-graph\">{\"@context\":\"https:\/\/schema.org\",\"@graph\":[{\"@type\":\"NewsArticle\",\"@id\":\"https:\/\/www.celttv.com.ar\/index.php\/2022\/02\/23\/ediles-de-juntos-y-juntos-por-el-cambio-entregaron-petitorio-a-kicillof\/#article\",\"isPartOf\":{\"@id\":\"https:\/\/www.celttv.com.ar\/index.php\/2022\/02\/23\/ediles-de-juntos-y-juntos-por-el-cambio-entregaron-petitorio-a-kicillof\/\"},\"author\":{\"name\":\"ulises\",\"@id\":\"https:\/\/www.celttv.com.ar\/#\/schema\/person\/6d99c072dba59953809c81446e9d0ace\"},\"headline\":\"Ediles de Juntos y Juntos por el Cambio entregaron petitorio a Kicillof\",\"datePublished\":\"2022-02-23T14:25:43+00:00\",\"dateModified\":\"2022-02-23T14:25:43+00:00\",\"mainEntityOfPage\":{\"@id\":\"https:\/\/www.celttv.com.ar\/index.php\/2022\/02\/23\/ediles-de-juntos-y-juntos-por-el-cambio-entregaron-petitorio-a-kicillof\/\"},\"wordCount\":787,\"publisher\":{\"@id\":\"https:\/\/www.celttv.com.ar\/#organization\"},\"articleSection\":[\"Celt TV Noticias\",\"Comunidad\",\"Destacadas\"],\"inLanguage\":\"es\"},{\"@type\":\"WebPage\",\"@id\":\"https:\/\/www.celttv.com.ar\/index.php\/2022\/02\/23\/ediles-de-juntos-y-juntos-por-el-cambio-entregaron-petitorio-a-kicillof\/\",\"url\":\"https:\/\/www.celttv.com.ar\/index.php\/2022\/02\/23\/ediles-de-juntos-y-juntos-por-el-cambio-entregaron-petitorio-a-kicillof\/\",\"name\":\"Ediles de Juntos y Juntos por el Cambio entregaron petitorio a Kicillof - CELTTV\",\"isPartOf\":{\"@id\":\"https:\/\/www.celttv.com.ar\/#website\"},\"datePublished\":\"2022-02-23T14:25:43+00:00\",\"dateModified\":\"2022-02-23T14:25:43+00:00\",\"description\":\"Sitio web de noticias de la localidad de Tornquist, provincia de Buenos Aires, Rep\u00fablica Argentina. Contenido propio originado por periodistas de CELTTV, el canal de TV local de la Cooperativa El\u00e9ctrica de Tornquist. Turismo, Pol\u00edtica, Sociedad, Deporte, Cultura y todo el contenido de inter\u00e9s general que la gente del pueblo y la regi\u00f3n debe conocer.\",\"breadcrumb\":{\"@id\":\"https:\/\/www.celttv.com.ar\/index.php\/2022\/02\/23\/ediles-de-juntos-y-juntos-por-el-cambio-entregaron-petitorio-a-kicillof\/#breadcrumb\"},\"inLanguage\":\"es\",\"potentialAction\":[{\"@type\":\"ReadAction\",\"target\":[\"https:\/\/www.celttv.com.ar\/index.php\/2022\/02\/23\/ediles-de-juntos-y-juntos-por-el-cambio-entregaron-petitorio-a-kicillof\/\"]}]},{\"@type\":\"BreadcrumbList\",\"@id\":\"https:\/\/www.celttv.com.ar\/index.php\/2022\/02\/23\/ediles-de-juntos-y-juntos-por-el-cambio-entregaron-petitorio-a-kicillof\/#breadcrumb\",\"itemListElement\":[{\"@type\":\"ListItem\",\"position\":1,\"name\":\"Inicio\",\"item\":\"https:\/\/www.celttv.com.ar\/\"},{\"@type\":\"ListItem\",\"position\":2,\"name\":\"Ediles de Juntos y Juntos por el Cambio entregaron petitorio a Kicillof\"}]},{\"@type\":\"WebSite\",\"@id\":\"https:\/\/www.celttv.com.ar\/#website\",\"url\":\"https:\/\/www.celttv.com.ar\/\",\"name\":\"CELTTV\",\"description\":\"Cooperativa El\u00e9ctrica de Tornquist\",\"publisher\":{\"@id\":\"https:\/\/www.celttv.com.ar\/#organization\"},\"potentialAction\":[{\"@type\":\"SearchAction\",\"target\":{\"@type\":\"EntryPoint\",\"urlTemplate\":\"https:\/\/www.celttv.com.ar\/?s={search_term_string}\"},\"query-input\":\"required name=search_term_string\"}],\"inLanguage\":\"es\"},{\"@type\":\"Organization\",\"@id\":\"https:\/\/www.celttv.com.ar\/#organization\",\"name\":\"CELTTV\",\"url\":\"https:\/\/www.celttv.com.ar\/\",\"sameAs\":[\"https:\/\/www.youtube.com\/channel\/UCz_oIt8Hig64Ub-EmcNPIhg\",\"https:\/\/www.facebook.com\/celtTV\/\"],\"logo\":{\"@type\":\"ImageObject\",\"inLanguage\":\"es\",\"@id\":\"https:\/\/www.celttv.com.ar\/#\/schema\/logo\/image\/\",\"url\":\"http:\/\/www.celttv.com.ar\/wp-content\/uploads\/2022\/08\/logo-1.png\",\"contentUrl\":\"http:\/\/www.celttv.com.ar\/wp-content\/uploads\/2022\/08\/logo-1.png\",\"width\":461,\"height\":159,\"caption\":\"CELTTV\"},\"image\":{\"@id\":\"https:\/\/www.celttv.com.ar\/#\/schema\/logo\/image\/\"}},{\"@type\":\"Person\",\"@id\":\"https:\/\/www.celttv.com.ar\/#\/schema\/person\/6d99c072dba59953809c81446e9d0ace\",\"name\":\"ulises\",\"image\":{\"@type\":\"ImageObject\",\"inLanguage\":\"es\",\"@id\":\"https:\/\/www.celttv.com.ar\/#\/schema\/person\/image\/\",\"url\":\"https:\/\/secure.gravatar.com\/avatar\/7f2c48bdc33b30088f941fb6082e555f2874c98e20cb159d7b92b50eadfce793?s=96&d=mm&r=g\",\"contentUrl\":\"https:\/\/secure.gravatar.com\/avatar\/7f2c48bdc33b30088f941fb6082e555f2874c98e20cb159d7b92b50eadfce793?s=96&d=mm&r=g\",\"caption\":\"ulises\"},\"sameAs\":[\"http:\/\/www.celttv.com.ar\"]}]}<\/script>\n<!-- \/ Yoast SEO plugin. -->","yoast_head_json":{"title":"Ediles de Juntos y Juntos por el Cambio entregaron petitorio a Kicillof - CELTTV","description":"Sitio web de noticias de la localidad de Tornquist, provincia de Buenos Aires, Rep\u00fablica Argentina. Contenido propio originado por periodistas de CELTTV, el canal de TV local de la Cooperativa El\u00e9ctrica de Tornquist. Turismo, Pol\u00edtica, Sociedad, Deporte, Cultura y todo el contenido de inter\u00e9s general que la gente del pueblo y la regi\u00f3n debe conocer.","robots":{"index":"index","follow":"follow","max-snippet":"max-snippet:-1","max-image-preview":"max-image-preview:large","max-video-preview":"max-video-preview:-1"},"canonical":"https:\/\/www.celttv.com.ar\/index.php\/2022\/02\/23\/ediles-de-juntos-y-juntos-por-el-cambio-entregaron-petitorio-a-kicillof\/","og_locale":"es_ES","og_type":"article","og_title":"Ediles de Juntos y Juntos por el Cambio entregaron petitorio a Kicillof - CELTTV","og_description":"Sitio web de noticias de la localidad de Tornquist, provincia de Buenos Aires, Rep\u00fablica Argentina. Contenido propio originado por periodistas de CELTTV, el canal de TV local de la Cooperativa El\u00e9ctrica de Tornquist. Turismo, Pol\u00edtica, Sociedad, Deporte, Cultura y todo el contenido de inter\u00e9s general que la gente del pueblo y la regi\u00f3n debe conocer.","og_url":"https:\/\/www.celttv.com.ar\/index.php\/2022\/02\/23\/ediles-de-juntos-y-juntos-por-el-cambio-entregaron-petitorio-a-kicillof\/","og_site_name":"CELTTV","article_publisher":"https:\/\/www.facebook.com\/celtTV\/","article_published_time":"2022-02-23T14:25:43+00:00","og_image":[{"width":1280,"height":854,"url":"https:\/\/www.celttv.com.ar\/wp-content\/uploads\/2022\/02\/Visita-Axel-Kicillof-4.jpeg","type":"image\/jpeg"}],"author":"ulises","twitter_card":"summary_large_image","twitter_misc":{"Escrito por":"ulises","Tiempo de lectura":"4 minutos"},"schema":{"@context":"https:\/\/schema.org","@graph":[{"@type":"NewsArticle","@id":"https:\/\/www.celttv.com.ar\/index.php\/2022\/02\/23\/ediles-de-juntos-y-juntos-por-el-cambio-entregaron-petitorio-a-kicillof\/#article","isPartOf":{"@id":"https:\/\/www.celttv.com.ar\/index.php\/2022\/02\/23\/ediles-de-juntos-y-juntos-por-el-cambio-entregaron-petitorio-a-kicillof\/"},"author":{"name":"ulises","@id":"https:\/\/www.celttv.com.ar\/#\/schema\/person\/6d99c072dba59953809c81446e9d0ace"},"headline":"Ediles de Juntos y Juntos por el Cambio entregaron petitorio a Kicillof","datePublished":"2022-02-23T14:25:43+00:00","dateModified":"2022-02-23T14:25:43+00:00","mainEntityOfPage":{"@id":"https:\/\/www.celttv.com.ar\/index.php\/2022\/02\/23\/ediles-de-juntos-y-juntos-por-el-cambio-entregaron-petitorio-a-kicillof\/"},"wordCount":787,"publisher":{"@id":"https:\/\/www.celttv.com.ar\/#organization"},"articleSection":["Celt TV Noticias","Comunidad","Destacadas"],"inLanguage":"es"},{"@type":"WebPage","@id":"https:\/\/www.celttv.com.ar\/index.php\/2022\/02\/23\/ediles-de-juntos-y-juntos-por-el-cambio-entregaron-petitorio-a-kicillof\/","url":"https:\/\/www.celttv.com.ar\/index.php\/2022\/02\/23\/ediles-de-juntos-y-juntos-por-el-cambio-entregaron-petitorio-a-kicillof\/","name":"Ediles de Juntos y Juntos por el Cambio entregaron petitorio a Kicillof - CELTTV","isPartOf":{"@id":"https:\/\/www.celttv.com.ar\/#website"},"datePublished":"2022-02-23T14:25:43+00:00","dateModified":"2022-02-23T14:25:43+00:00","description":"Sitio web de noticias de la localidad de Tornquist, provincia de Buenos Aires, Rep\u00fablica Argentina. Contenido propio originado por periodistas de CELTTV, el canal de TV local de la Cooperativa El\u00e9ctrica de Tornquist. Turismo, Pol\u00edtica, Sociedad, Deporte, Cultura y todo el contenido de inter\u00e9s general que la gente del pueblo y la regi\u00f3n debe conocer.","breadcrumb":{"@id":"https:\/\/www.celttv.com.ar\/index.php\/2022\/02\/23\/ediles-de-juntos-y-juntos-por-el-cambio-entregaron-petitorio-a-kicillof\/#breadcrumb"},"inLanguage":"es","potentialAction":[{"@type":"ReadAction","target":["https:\/\/www.celttv.com.ar\/index.php\/2022\/02\/23\/ediles-de-juntos-y-juntos-por-el-cambio-entregaron-petitorio-a-kicillof\/"]}]},{"@type":"BreadcrumbList","@id":"https:\/\/www.celttv.com.ar\/index.php\/2022\/02\/23\/ediles-de-juntos-y-juntos-por-el-cambio-entregaron-petitorio-a-kicillof\/#breadcrumb","itemListElement":[{"@type":"ListItem","position":1,"name":"Inicio","item":"https:\/\/www.celttv.com.ar\/"},{"@type":"ListItem","position":2,"name":"Ediles de Juntos y Juntos por el Cambio entregaron petitorio a Kicillof"}]},{"@type":"WebSite","@id":"https:\/\/www.celttv.com.ar\/#website","url":"https:\/\/www.celttv.com.ar\/","name":"CELTTV","description":"Cooperativa El\u00e9ctrica de Tornquist","publisher":{"@id":"https:\/\/www.celttv.com.ar\/#organization"},"potentialAction":[{"@type":"SearchAction","target":{"@type":"EntryPoint","urlTemplate":"https:\/\/www.celttv.com.ar\/?s={search_term_string}"},"query-input":"required name=search_term_string"}],"inLanguage":"es"},{"@type":"Organization","@id":"https:\/\/www.celttv.com.ar\/#organization","name":"CELTTV","url":"https:\/\/www.celttv.com.ar\/","sameAs":["https:\/\/www.youtube.com\/channel\/UCz_oIt8Hig64Ub-EmcNPIhg","https:\/\/www.facebook.com\/celtTV\/"],"logo":{"@type":"ImageObject","inLanguage":"es","@id":"https:\/\/www.celttv.com.ar\/#\/schema\/logo\/image\/","url":"http:\/\/www.celttv.com.ar\/wp-content\/uploads\/2022\/08\/logo-1.png","contentUrl":"http:\/\/www.celttv.com.ar\/wp-content\/uploads\/2022\/08\/logo-1.png","width":461,"height":159,"caption":"CELTTV"},"image":{"@id":"https:\/\/www.celttv.com.ar\/#\/schema\/logo\/image\/"}},{"@type":"Person","@id":"https:\/\/www.celttv.com.ar\/#\/schema\/person\/6d99c072dba59953809c81446e9d0ace","name":"ulises","image":{"@type":"ImageObject","inLanguage":"es","@id":"https:\/\/www.celttv.com.ar\/#\/schema\/person\/image\/","url":"https:\/\/secure.gravatar.com\/avatar\/7f2c48bdc33b30088f941fb6082e555f2874c98e20cb159d7b92b50eadfce793?s=96&d=mm&r=g","contentUrl":"https:\/\/secure.gravatar.com\/avatar\/7f2c48bdc33b30088f941fb6082e555f2874c98e20cb159d7b92b50eadfce793?s=96&d=mm&r=g","caption":"ulises"},"sameAs":["http:\/\/www.celttv.com.ar"]}]}},"_links":{"self":[{"href":"https:\/\/www.celttv.com.ar\/index.php\/wp-json\/wp\/v2\/posts\/63978","targetHints":{"allow":["GET"]}}],"collection":[{"href":"https:\/\/www.celttv.com.ar\/index.php\/wp-json\/wp\/v2\/posts"}],"about":[{"href":"https:\/\/www.celttv.com.ar\/index.php\/wp-json\/wp\/v2\/types\/post"}],"author":[{"embeddable":true,"href":"https:\/\/www.celttv.com.ar\/index.php\/wp-json\/wp\/v2\/users\/1"}],"replies":[{"embeddable":true,"href":"https:\/\/www.celttv.com.ar\/index.php\/wp-json\/wp\/v2\/comments?post=63978"}],"version-history":[{"count":0,"href":"https:\/\/www.celttv.com.ar\/index.php\/wp-json\/wp\/v2\/posts\/63978\/revisions"}],"wp:featuredmedia":[{"embeddable":true,"href":"https:\/\/www.celttv.com.ar\/index.php\/wp-json\/wp\/v2\/media\/63979"}],"wp:attachment":[{"href":"https:\/\/www.celttv.com.ar\/index.php\/wp-json\/wp\/v2\/media?parent=63978"}],"wp:term":[{"taxonomy":"category","embeddable":true,"href":"https:\/\/www.celttv.com.ar\/index.php\/wp-json\/wp\/v2\/categories?post=63978"},{"taxonomy":"post_tag","embeddable":true,"href":"https:\/\/www.celttv.com.ar\/index.php\/wp-json\/wp\/v2\/tags?post=63978"}],"curies":[{"name":"wp","href":"https:\/\/api.w.org\/{rel}","templated":true}]}}