{"id":63984,"date":"2022-02-24T13:34:16","date_gmt":"2022-02-24T13:34:16","guid":{"rendered":"http:\/\/www.celttv.com.ar\/?p=63984"},"modified":"2022-02-24T13:34:16","modified_gmt":"2022-02-24T13:34:16","slug":"desde-la-antartida-la-dra-jimena-reyes-y-su-experiencia-en-la-base-carlini-video","status":"publish","type":"post","link":"https:\/\/www.celttv.com.ar\/index.php\/2022\/02\/24\/desde-la-antartida-la-dra-jimena-reyes-y-su-experiencia-en-la-base-carlini-video\/","title":{"rendered":"Desde la Ant\u00e1rtida: La Dra. Jimena Reyes y su experiencia en la Base Carlini (Video)"},"content":{"rendered":"\n<p>El 22 de febrero se celebra\u00a0el D\u00eda de la Ant\u00e1rtida\u00a0Argentina porque en dicha fecha (en 1904)  se\u00a0instal\u00f3 la Base Orcadas, la primera permanente de Argentina en la Ant\u00e1rtida.<\/p>\n\n\n<p>Desde CELTTV NOTICIAS quer\u00edamos sumarnos a los festejos y tuvimos la posibilidad de dialogar con la doctora Jimena Reyes, una j\u00f3ven cardi\u00f3loga marplatense, que eligi\u00f3 ejercer su profesi\u00f3n en el continente blanco.<\/p>\n\n\n<p>Jimena, se encuentra hace varios meses desarrollando su actividad en la Base Ant\u00e1rtica Carlini.<\/p>\n\n\n<p> Dicha base, que el pasado 12 de febrero cumpli\u00f3 40 a\u00f1os de existencia , cumple un importante rol en materia de investigaciones cient\u00edficas que\u00a0abarcan la biolog\u00eda costera y terrestre, oceanograf\u00eda, geolog\u00eda y glaciolog\u00eda.<\/p>\n\n\n<p>Con lujo de detalles, el relato de Jimena permiti\u00f3 conocer el d\u00eda a d\u00eda de las tareas que se llevan a cabo en la base y la importancia de las mismas.<\/p>\n\n\n<figure class=\"wp-block-embed is-type-video is-provider-youtube wp-block-embed-youtube wp-embed-aspect-16-9 wp-has-aspect-ratio\"><div class=\"wp-block-embed__wrapper\">\n<iframe loading=\"lazy\" title=\"2022 02 23 NOTA VIA ZOOM CON JIMENA REYES   BASE CARLINI   ANTARTIDA\" width=\"500\" height=\"281\" src=\"https:\/\/www.youtube.com\/embed\/C7qkiaJCbWI?feature=oembed\" frameborder=\"0\" allow=\"accelerometer; autoplay; clipboard-write; encrypted-media; gyroscope; picture-in-picture; web-share\" referrerpolicy=\"strict-origin-when-cross-origin\" allowfullscreen><\/iframe>\n<\/div><\/figure>\n\n\n<figure class=\"wp-block-image size-large\"><img loading=\"lazy\" decoding=\"async\" width=\"960\" height=\"718\" src=\"http:\/\/www.celttv.com.ar\/wp-content\/uploads\/2022\/02\/272982654_10225919817958776_8619705675668808653_n.jpg\" alt=\"\" class=\"wp-image-63985\" srcset=\"https:\/\/www.celttv.com.ar\/wp-content\/uploads\/2022\/02\/272982654_10225919817958776_8619705675668808653_n.jpg 960w, https:\/\/www.celttv.com.ar\/wp-content\/uploads\/2022\/02\/272982654_10225919817958776_8619705675668808653_n-300x224.jpg 300w, https:\/\/www.celttv.com.ar\/wp-content\/uploads\/2022\/02\/272982654_10225919817958776_8619705675668808653_n-768x574.jpg 768w, https:\/\/www.celttv.com.ar\/wp-content\/uploads\/2022\/02\/272982654_10225919817958776_8619705675668808653_n-750x561.jpg 750w\" sizes=\"auto, (max-width: 960px) 100vw, 960px\" \/><\/figure>\n\n\n<figure class=\"wp-block-image size-large\"><img loading=\"lazy\" decoding=\"async\" width=\"721\" height=\"721\" src=\"http:\/\/www.celttv.com.ar\/wp-content\/uploads\/2022\/02\/272957349_1121586018596758_4849027489194052221_n.png\" alt=\"\" class=\"wp-image-63986\" srcset=\"https:\/\/www.celttv.com.ar\/wp-content\/uploads\/2022\/02\/272957349_1121586018596758_4849027489194052221_n.png 721w, https:\/\/www.celttv.com.ar\/wp-content\/uploads\/2022\/02\/272957349_1121586018596758_4849027489194052221_n-300x300.png 300w, https:\/\/www.celttv.com.ar\/wp-content\/uploads\/2022\/02\/272957349_1121586018596758_4849027489194052221_n-150x150.png 150w, https:\/\/www.celttv.com.ar\/wp-content\/uploads\/2022\/02\/272957349_1121586018596758_4849027489194052221_n-75x75.png 75w\" sizes=\"auto, (max-width: 721px) 100vw, 721px\" \/><\/figure>\n\n\n<figure class=\"wp-block-image size-large\"><img loading=\"lazy\" decoding=\"async\" width=\"960\" height=\"718\" src=\"http:\/\/www.celttv.com.ar\/wp-content\/uploads\/2022\/02\/272977177_10225919806518490_3954024908063407934_n.jpg\" alt=\"\" class=\"wp-image-63987\" srcset=\"https:\/\/www.celttv.com.ar\/wp-content\/uploads\/2022\/02\/272977177_10225919806518490_3954024908063407934_n.jpg 960w, https:\/\/www.celttv.com.ar\/wp-content\/uploads\/2022\/02\/272977177_10225919806518490_3954024908063407934_n-300x224.jpg 300w, https:\/\/www.celttv.com.ar\/wp-content\/uploads\/2022\/02\/272977177_10225919806518490_3954024908063407934_n-768x574.jpg 768w, https:\/\/www.celttv.com.ar\/wp-content\/uploads\/2022\/02\/272977177_10225919806518490_3954024908063407934_n-750x561.jpg 750w\" sizes=\"auto, (max-width: 960px) 100vw, 960px\" \/><\/figure>\n","protected":false},"excerpt":{"rendered":"<p>El 22 de febrero se celebra\u00a0el D\u00eda de la Ant\u00e1rtida\u00a0Argentina porque en dicha fecha (en 1904) se\u00a0instal\u00f3 la Base Orcadas, la primera permanente de Argentina en la Ant\u00e1rtida. Desde CELTTV NOTICIAS quer\u00edamos sumarnos a los festejos y tuvimos la posibilidad de dialogar con la doctora Jimena Reyes, una j\u00f3ven cardi\u00f3loga marplatense, que eligi\u00f3 ejercer su [&hellip;]<\/p>\n","protected":false},"author":1,"featured_media":63985,"comment_status":"closed","ping_status":"open","sticky":false,"template":"","format":"standard","meta":{"footnotes":""},"categories":[55,51,52],"tags":[],"class_list":["post-63984","post","type-post","status-publish","format-standard","has-post-thumbnail","hentry","category-celt-tv-noticias","category-comunidad","category-destacadas"],"yoast_head":"<!-- This site is optimized with the Yoast SEO plugin v19.7.1 - https:\/\/yoast.com\/wordpress\/plugins\/seo\/ -->\n<title>Desde la Ant\u00e1rtida: La Dra. Jimena Reyes y su experiencia en la Base Carlini (Video) - CELTTV<\/title>\n<meta name=\"description\" content=\"Sitio web de noticias de la localidad de Tornquist, provincia de Buenos Aires, Rep\u00fablica Argentina. Contenido propio originado por periodistas de CELTTV, el canal de TV local de la Cooperativa El\u00e9ctrica de Tornquist. Turismo, Pol\u00edtica, Sociedad, Deporte, Cultura y todo el contenido de inter\u00e9s general que la gente del pueblo y la regi\u00f3n debe conocer.\" \/>\n<meta name=\"robots\" content=\"index, follow, max-snippet:-1, max-image-preview:large, max-video-preview:-1\" \/>\n<link rel=\"canonical\" href=\"https:\/\/www.celttv.com.ar\/index.php\/2022\/02\/24\/desde-la-antartida-la-dra-jimena-reyes-y-su-experiencia-en-la-base-carlini-video\/\" \/>\n<meta property=\"og:locale\" content=\"es_ES\" \/>\n<meta property=\"og:type\" content=\"article\" \/>\n<meta property=\"og:title\" content=\"Desde la Ant\u00e1rtida: La Dra. Jimena Reyes y su experiencia en la Base Carlini (Video) - CELTTV\" \/>\n<meta property=\"og:description\" content=\"Sitio web de noticias de la localidad de Tornquist, provincia de Buenos Aires, Rep\u00fablica Argentina. Contenido propio originado por periodistas de CELTTV, el canal de TV local de la Cooperativa El\u00e9ctrica de Tornquist. Turismo, Pol\u00edtica, Sociedad, Deporte, Cultura y todo el contenido de inter\u00e9s general que la gente del pueblo y la regi\u00f3n debe conocer.\" \/>\n<meta property=\"og:url\" content=\"https:\/\/www.celttv.com.ar\/index.php\/2022\/02\/24\/desde-la-antartida-la-dra-jimena-reyes-y-su-experiencia-en-la-base-carlini-video\/\" \/>\n<meta property=\"og:site_name\" content=\"CELTTV\" \/>\n<meta property=\"article:publisher\" content=\"https:\/\/www.facebook.com\/celtTV\/\" \/>\n<meta property=\"article:published_time\" content=\"2022-02-24T13:34:16+00:00\" \/>\n<meta property=\"og:image\" content=\"https:\/\/www.celttv.com.ar\/wp-content\/uploads\/2022\/02\/272982654_10225919817958776_8619705675668808653_n.jpg\" \/>\n\t<meta property=\"og:image:width\" content=\"960\" \/>\n\t<meta property=\"og:image:height\" content=\"718\" \/>\n\t<meta property=\"og:image:type\" content=\"image\/jpeg\" \/>\n<meta name=\"author\" content=\"ulises\" \/>\n<meta name=\"twitter:card\" content=\"summary_large_image\" \/>\n<meta name=\"twitter:label1\" content=\"Escrito por\" \/>\n\t<meta name=\"twitter:data1\" content=\"ulises\" \/>\n\t<meta name=\"twitter:label2\" content=\"Tiempo de lectura\" \/>\n\t<meta name=\"twitter:data2\" content=\"1 minuto\" \/>\n<script type=\"application\/ld+json\" class=\"yoast-schema-graph\">{\"@context\":\"https:\/\/schema.org\",\"@graph\":[{\"@type\":\"NewsArticle\",\"@id\":\"https:\/\/www.celttv.com.ar\/index.php\/2022\/02\/24\/desde-la-antartida-la-dra-jimena-reyes-y-su-experiencia-en-la-base-carlini-video\/#article\",\"isPartOf\":{\"@id\":\"https:\/\/www.celttv.com.ar\/index.php\/2022\/02\/24\/desde-la-antartida-la-dra-jimena-reyes-y-su-experiencia-en-la-base-carlini-video\/\"},\"author\":{\"name\":\"ulises\",\"@id\":\"https:\/\/www.celttv.com.ar\/#\/schema\/person\/6d99c072dba59953809c81446e9d0ace\"},\"headline\":\"Desde la Ant\u00e1rtida: La Dra. Jimena Reyes y su experiencia en la Base Carlini (Video)\",\"datePublished\":\"2022-02-24T13:34:16+00:00\",\"dateModified\":\"2022-02-24T13:34:16+00:00\",\"mainEntityOfPage\":{\"@id\":\"https:\/\/www.celttv.com.ar\/index.php\/2022\/02\/24\/desde-la-antartida-la-dra-jimena-reyes-y-su-experiencia-en-la-base-carlini-video\/\"},\"wordCount\":174,\"publisher\":{\"@id\":\"https:\/\/www.celttv.com.ar\/#organization\"},\"articleSection\":[\"Celt TV Noticias\",\"Comunidad\",\"Destacadas\"],\"inLanguage\":\"es\"},{\"@type\":\"WebPage\",\"@id\":\"https:\/\/www.celttv.com.ar\/index.php\/2022\/02\/24\/desde-la-antartida-la-dra-jimena-reyes-y-su-experiencia-en-la-base-carlini-video\/\",\"url\":\"https:\/\/www.celttv.com.ar\/index.php\/2022\/02\/24\/desde-la-antartida-la-dra-jimena-reyes-y-su-experiencia-en-la-base-carlini-video\/\",\"name\":\"Desde la Ant\u00e1rtida: La Dra. Jimena Reyes y su experiencia en la Base Carlini (Video) - CELTTV\",\"isPartOf\":{\"@id\":\"https:\/\/www.celttv.com.ar\/#website\"},\"datePublished\":\"2022-02-24T13:34:16+00:00\",\"dateModified\":\"2022-02-24T13:34:16+00:00\",\"description\":\"Sitio web de noticias de la localidad de Tornquist, provincia de Buenos Aires, Rep\u00fablica Argentina. Contenido propio originado por periodistas de CELTTV, el canal de TV local de la Cooperativa El\u00e9ctrica de Tornquist. Turismo, Pol\u00edtica, Sociedad, Deporte, Cultura y todo el contenido de inter\u00e9s general que la gente del pueblo y la regi\u00f3n debe conocer.\",\"breadcrumb\":{\"@id\":\"https:\/\/www.celttv.com.ar\/index.php\/2022\/02\/24\/desde-la-antartida-la-dra-jimena-reyes-y-su-experiencia-en-la-base-carlini-video\/#breadcrumb\"},\"inLanguage\":\"es\",\"potentialAction\":[{\"@type\":\"ReadAction\",\"target\":[\"https:\/\/www.celttv.com.ar\/index.php\/2022\/02\/24\/desde-la-antartida-la-dra-jimena-reyes-y-su-experiencia-en-la-base-carlini-video\/\"]}]},{\"@type\":\"BreadcrumbList\",\"@id\":\"https:\/\/www.celttv.com.ar\/index.php\/2022\/02\/24\/desde-la-antartida-la-dra-jimena-reyes-y-su-experiencia-en-la-base-carlini-video\/#breadcrumb\",\"itemListElement\":[{\"@type\":\"ListItem\",\"position\":1,\"name\":\"Inicio\",\"item\":\"https:\/\/www.celttv.com.ar\/\"},{\"@type\":\"ListItem\",\"position\":2,\"name\":\"Desde la Ant\u00e1rtida: La Dra. Jimena Reyes y su experiencia en la Base Carlini (Video)\"}]},{\"@type\":\"WebSite\",\"@id\":\"https:\/\/www.celttv.com.ar\/#website\",\"url\":\"https:\/\/www.celttv.com.ar\/\",\"name\":\"CELTTV\",\"description\":\"Cooperativa El\u00e9ctrica de Tornquist\",\"publisher\":{\"@id\":\"https:\/\/www.celttv.com.ar\/#organization\"},\"potentialAction\":[{\"@type\":\"SearchAction\",\"target\":{\"@type\":\"EntryPoint\",\"urlTemplate\":\"https:\/\/www.celttv.com.ar\/?s={search_term_string}\"},\"query-input\":\"required name=search_term_string\"}],\"inLanguage\":\"es\"},{\"@type\":\"Organization\",\"@id\":\"https:\/\/www.celttv.com.ar\/#organization\",\"name\":\"CELTTV\",\"url\":\"https:\/\/www.celttv.com.ar\/\",\"sameAs\":[\"https:\/\/www.youtube.com\/channel\/UCz_oIt8Hig64Ub-EmcNPIhg\",\"https:\/\/www.facebook.com\/celtTV\/\"],\"logo\":{\"@type\":\"ImageObject\",\"inLanguage\":\"es\",\"@id\":\"https:\/\/www.celttv.com.ar\/#\/schema\/logo\/image\/\",\"url\":\"http:\/\/www.celttv.com.ar\/wp-content\/uploads\/2022\/08\/logo-1.png\",\"contentUrl\":\"http:\/\/www.celttv.com.ar\/wp-content\/uploads\/2022\/08\/logo-1.png\",\"width\":461,\"height\":159,\"caption\":\"CELTTV\"},\"image\":{\"@id\":\"https:\/\/www.celttv.com.ar\/#\/schema\/logo\/image\/\"}},{\"@type\":\"Person\",\"@id\":\"https:\/\/www.celttv.com.ar\/#\/schema\/person\/6d99c072dba59953809c81446e9d0ace\",\"name\":\"ulises\",\"image\":{\"@type\":\"ImageObject\",\"inLanguage\":\"es\",\"@id\":\"https:\/\/www.celttv.com.ar\/#\/schema\/person\/image\/\",\"url\":\"https:\/\/secure.gravatar.com\/avatar\/7f2c48bdc33b30088f941fb6082e555f2874c98e20cb159d7b92b50eadfce793?s=96&d=mm&r=g\",\"contentUrl\":\"https:\/\/secure.gravatar.com\/avatar\/7f2c48bdc33b30088f941fb6082e555f2874c98e20cb159d7b92b50eadfce793?s=96&d=mm&r=g\",\"caption\":\"ulises\"},\"sameAs\":[\"http:\/\/www.celttv.com.ar\"]}]}<\/script>\n<!-- \/ Yoast SEO plugin. -->","yoast_head_json":{"title":"Desde la Ant\u00e1rtida: La Dra. Jimena Reyes y su experiencia en la Base Carlini (Video) - CELTTV","description":"Sitio web de noticias de la localidad de Tornquist, provincia de Buenos Aires, Rep\u00fablica Argentina. Contenido propio originado por periodistas de CELTTV, el canal de TV local de la Cooperativa El\u00e9ctrica de Tornquist. Turismo, Pol\u00edtica, Sociedad, Deporte, Cultura y todo el contenido de inter\u00e9s general que la gente del pueblo y la regi\u00f3n debe conocer.","robots":{"index":"index","follow":"follow","max-snippet":"max-snippet:-1","max-image-preview":"max-image-preview:large","max-video-preview":"max-video-preview:-1"},"canonical":"https:\/\/www.celttv.com.ar\/index.php\/2022\/02\/24\/desde-la-antartida-la-dra-jimena-reyes-y-su-experiencia-en-la-base-carlini-video\/","og_locale":"es_ES","og_type":"article","og_title":"Desde la Ant\u00e1rtida: La Dra. Jimena Reyes y su experiencia en la Base Carlini (Video) - CELTTV","og_description":"Sitio web de noticias de la localidad de Tornquist, provincia de Buenos Aires, Rep\u00fablica Argentina. Contenido propio originado por periodistas de CELTTV, el canal de TV local de la Cooperativa El\u00e9ctrica de Tornquist. Turismo, Pol\u00edtica, Sociedad, Deporte, Cultura y todo el contenido de inter\u00e9s general que la gente del pueblo y la regi\u00f3n debe conocer.","og_url":"https:\/\/www.celttv.com.ar\/index.php\/2022\/02\/24\/desde-la-antartida-la-dra-jimena-reyes-y-su-experiencia-en-la-base-carlini-video\/","og_site_name":"CELTTV","article_publisher":"https:\/\/www.facebook.com\/celtTV\/","article_published_time":"2022-02-24T13:34:16+00:00","og_image":[{"width":960,"height":718,"url":"https:\/\/www.celttv.com.ar\/wp-content\/uploads\/2022\/02\/272982654_10225919817958776_8619705675668808653_n.jpg","type":"image\/jpeg"}],"author":"ulises","twitter_card":"summary_large_image","twitter_misc":{"Escrito por":"ulises","Tiempo de lectura":"1 minuto"},"schema":{"@context":"https:\/\/schema.org","@graph":[{"@type":"NewsArticle","@id":"https:\/\/www.celttv.com.ar\/index.php\/2022\/02\/24\/desde-la-antartida-la-dra-jimena-reyes-y-su-experiencia-en-la-base-carlini-video\/#article","isPartOf":{"@id":"https:\/\/www.celttv.com.ar\/index.php\/2022\/02\/24\/desde-la-antartida-la-dra-jimena-reyes-y-su-experiencia-en-la-base-carlini-video\/"},"author":{"name":"ulises","@id":"https:\/\/www.celttv.com.ar\/#\/schema\/person\/6d99c072dba59953809c81446e9d0ace"},"headline":"Desde la Ant\u00e1rtida: La Dra. Jimena Reyes y su experiencia en la Base Carlini (Video)","datePublished":"2022-02-24T13:34:16+00:00","dateModified":"2022-02-24T13:34:16+00:00","mainEntityOfPage":{"@id":"https:\/\/www.celttv.com.ar\/index.php\/2022\/02\/24\/desde-la-antartida-la-dra-jimena-reyes-y-su-experiencia-en-la-base-carlini-video\/"},"wordCount":174,"publisher":{"@id":"https:\/\/www.celttv.com.ar\/#organization"},"articleSection":["Celt TV Noticias","Comunidad","Destacadas"],"inLanguage":"es"},{"@type":"WebPage","@id":"https:\/\/www.celttv.com.ar\/index.php\/2022\/02\/24\/desde-la-antartida-la-dra-jimena-reyes-y-su-experiencia-en-la-base-carlini-video\/","url":"https:\/\/www.celttv.com.ar\/index.php\/2022\/02\/24\/desde-la-antartida-la-dra-jimena-reyes-y-su-experiencia-en-la-base-carlini-video\/","name":"Desde la Ant\u00e1rtida: La Dra. Jimena Reyes y su experiencia en la Base Carlini (Video) - CELTTV","isPartOf":{"@id":"https:\/\/www.celttv.com.ar\/#website"},"datePublished":"2022-02-24T13:34:16+00:00","dateModified":"2022-02-24T13:34:16+00:00","description":"Sitio web de noticias de la localidad de Tornquist, provincia de Buenos Aires, Rep\u00fablica Argentina. Contenido propio originado por periodistas de CELTTV, el canal de TV local de la Cooperativa El\u00e9ctrica de Tornquist. Turismo, Pol\u00edtica, Sociedad, Deporte, Cultura y todo el contenido de inter\u00e9s general que la gente del pueblo y la regi\u00f3n debe conocer.","breadcrumb":{"@id":"https:\/\/www.celttv.com.ar\/index.php\/2022\/02\/24\/desde-la-antartida-la-dra-jimena-reyes-y-su-experiencia-en-la-base-carlini-video\/#breadcrumb"},"inLanguage":"es","potentialAction":[{"@type":"ReadAction","target":["https:\/\/www.celttv.com.ar\/index.php\/2022\/02\/24\/desde-la-antartida-la-dra-jimena-reyes-y-su-experiencia-en-la-base-carlini-video\/"]}]},{"@type":"BreadcrumbList","@id":"https:\/\/www.celttv.com.ar\/index.php\/2022\/02\/24\/desde-la-antartida-la-dra-jimena-reyes-y-su-experiencia-en-la-base-carlini-video\/#breadcrumb","itemListElement":[{"@type":"ListItem","position":1,"name":"Inicio","item":"https:\/\/www.celttv.com.ar\/"},{"@type":"ListItem","position":2,"name":"Desde la Ant\u00e1rtida: La Dra. Jimena Reyes y su experiencia en la Base Carlini (Video)"}]},{"@type":"WebSite","@id":"https:\/\/www.celttv.com.ar\/#website","url":"https:\/\/www.celttv.com.ar\/","name":"CELTTV","description":"Cooperativa El\u00e9ctrica de Tornquist","publisher":{"@id":"https:\/\/www.celttv.com.ar\/#organization"},"potentialAction":[{"@type":"SearchAction","target":{"@type":"EntryPoint","urlTemplate":"https:\/\/www.celttv.com.ar\/?s={search_term_string}"},"query-input":"required name=search_term_string"}],"inLanguage":"es"},{"@type":"Organization","@id":"https:\/\/www.celttv.com.ar\/#organization","name":"CELTTV","url":"https:\/\/www.celttv.com.ar\/","sameAs":["https:\/\/www.youtube.com\/channel\/UCz_oIt8Hig64Ub-EmcNPIhg","https:\/\/www.facebook.com\/celtTV\/"],"logo":{"@type":"ImageObject","inLanguage":"es","@id":"https:\/\/www.celttv.com.ar\/#\/schema\/logo\/image\/","url":"http:\/\/www.celttv.com.ar\/wp-content\/uploads\/2022\/08\/logo-1.png","contentUrl":"http:\/\/www.celttv.com.ar\/wp-content\/uploads\/2022\/08\/logo-1.png","width":461,"height":159,"caption":"CELTTV"},"image":{"@id":"https:\/\/www.celttv.com.ar\/#\/schema\/logo\/image\/"}},{"@type":"Person","@id":"https:\/\/www.celttv.com.ar\/#\/schema\/person\/6d99c072dba59953809c81446e9d0ace","name":"ulises","image":{"@type":"ImageObject","inLanguage":"es","@id":"https:\/\/www.celttv.com.ar\/#\/schema\/person\/image\/","url":"https:\/\/secure.gravatar.com\/avatar\/7f2c48bdc33b30088f941fb6082e555f2874c98e20cb159d7b92b50eadfce793?s=96&d=mm&r=g","contentUrl":"https:\/\/secure.gravatar.com\/avatar\/7f2c48bdc33b30088f941fb6082e555f2874c98e20cb159d7b92b50eadfce793?s=96&d=mm&r=g","caption":"ulises"},"sameAs":["http:\/\/www.celttv.com.ar"]}]}},"_links":{"self":[{"href":"https:\/\/www.celttv.com.ar\/index.php\/wp-json\/wp\/v2\/posts\/63984","targetHints":{"allow":["GET"]}}],"collection":[{"href":"https:\/\/www.celttv.com.ar\/index.php\/wp-json\/wp\/v2\/posts"}],"about":[{"href":"https:\/\/www.celttv.com.ar\/index.php\/wp-json\/wp\/v2\/types\/post"}],"author":[{"embeddable":true,"href":"https:\/\/www.celttv.com.ar\/index.php\/wp-json\/wp\/v2\/users\/1"}],"replies":[{"embeddable":true,"href":"https:\/\/www.celttv.com.ar\/index.php\/wp-json\/wp\/v2\/comments?post=63984"}],"version-history":[{"count":0,"href":"https:\/\/www.celttv.com.ar\/index.php\/wp-json\/wp\/v2\/posts\/63984\/revisions"}],"wp:featuredmedia":[{"embeddable":true,"href":"https:\/\/www.celttv.com.ar\/index.php\/wp-json\/wp\/v2\/media\/63985"}],"wp:attachment":[{"href":"https:\/\/www.celttv.com.ar\/index.php\/wp-json\/wp\/v2\/media?parent=63984"}],"wp:term":[{"taxonomy":"category","embeddable":true,"href":"https:\/\/www.celttv.com.ar\/index.php\/wp-json\/wp\/v2\/categories?post=63984"},{"taxonomy":"post_tag","embeddable":true,"href":"https:\/\/www.celttv.com.ar\/index.php\/wp-json\/wp\/v2\/tags?post=63984"}],"curies":[{"name":"wp","href":"https:\/\/api.w.org\/{rel}","templated":true}]}}