{"id":63990,"date":"2022-02-24T16:38:13","date_gmt":"2022-02-24T16:38:13","guid":{"rendered":"http:\/\/www.celttv.com.ar\/?p=63990"},"modified":"2022-02-24T16:38:13","modified_gmt":"2022-02-24T16:38:13","slug":"gestiones-conjuntas-entre-el-municipio-y-las-cooperativas-para-la-ampliacion-de-la-capacidad-energetica-del-distrito","status":"publish","type":"post","link":"https:\/\/www.celttv.com.ar\/index.php\/2022\/02\/24\/gestiones-conjuntas-entre-el-municipio-y-las-cooperativas-para-la-ampliacion-de-la-capacidad-energetica-del-distrito\/","title":{"rendered":"Gestiones conjuntas entre el municipio y las cooperativas para la ampliaci\u00f3n de la capacidad energ\u00e9tica del distrito"},"content":{"rendered":"\n<p>El \u00faltimo martes en la delegaci\u00f3n de Sierra de la Ventana, autoridades municipales se reunieron con representantes de las cuatro cooperativas el\u00e9ctricas del distrito.<\/p>\n\n\n<p>El objetivo fue unificar criterios respecto a la ampliaci\u00f3n de la subestaci\u00f3n transformadora de Tornquist, una obra fundamental para contar con mayor capacidad energ\u00e9tica y evitar interrupciones en el servicio, sobre todo en los momentos de mayor demanda y consumo.<\/p>\n\n\n<p>Participaron el intendente Sergio Bordoni; el Secretario de Desarrollo, Dr. Gonzalo Iparraguirre; el Secretario de Producci\u00f3n, Comercio e Industria, V\u00edctor Ant\u00f3n; y miembros de las cooperativas el\u00e9ctricas de Tornquist, Sierra de la Ventana, Saldungaray y Chasic\u00f3.<\/p>\n\n\n<figure class=\"wp-block-image size-large\"><img loading=\"lazy\" decoding=\"async\" width=\"1024\" height=\"683\" src=\"http:\/\/www.celttv.com.ar\/wp-content\/uploads\/2022\/02\/Reunio-cooperativas-2-1-1024x683.jpeg\" alt=\"\" class=\"wp-image-63995\" srcset=\"https:\/\/www.celttv.com.ar\/wp-content\/uploads\/2022\/02\/Reunio-cooperativas-2-1-1024x683.jpeg 1024w, https:\/\/www.celttv.com.ar\/wp-content\/uploads\/2022\/02\/Reunio-cooperativas-2-1-300x200.jpeg 300w, https:\/\/www.celttv.com.ar\/wp-content\/uploads\/2022\/02\/Reunio-cooperativas-2-1-768x512.jpeg 768w, https:\/\/www.celttv.com.ar\/wp-content\/uploads\/2022\/02\/Reunio-cooperativas-2-1-750x500.jpeg 750w, https:\/\/www.celttv.com.ar\/wp-content\/uploads\/2022\/02\/Reunio-cooperativas-2-1-1140x761.jpeg 1140w, https:\/\/www.celttv.com.ar\/wp-content\/uploads\/2022\/02\/Reunio-cooperativas-2-1.jpeg 1280w\" sizes=\"auto, (max-width: 1024px) 100vw, 1024px\" \/><\/figure>\n\n\n<p>Luego, el proyecto fue presentado en el encuentro encabezado por el Gobernador de la Provincia de Buenos Aires, Axel Kicillof, en la localidad serrana y entregado en mano al Jefe de Asesores, Carlos Bianco, quien se comprometi\u00f3 a trabajar el tema con las autoridades del \u00e1rea provincial de energ\u00eda.<\/p>\n\n\n<p>El presidente del consejo de administraci\u00f3n de la Cooperativa El\u00e9ctrica Ltda. de Tornquist, fue el encargado de explicar a las autoridades provinciales el contenido del proyecto energ\u00e9tico, el cual se viene gestando desde el 2014. <\/p>\n\n\n<figure class=\"wp-block-image size-large\"><img loading=\"lazy\" decoding=\"async\" width=\"1024\" height=\"684\" src=\"http:\/\/www.celttv.com.ar\/wp-content\/uploads\/2022\/02\/Reunio-cooperativas-2-1024x684.jpg\" alt=\"\" class=\"wp-image-63991\" srcset=\"https:\/\/www.celttv.com.ar\/wp-content\/uploads\/2022\/02\/Reunio-cooperativas-2-1024x684.jpg 1024w, https:\/\/www.celttv.com.ar\/wp-content\/uploads\/2022\/02\/Reunio-cooperativas-2-300x200.jpg 300w, https:\/\/www.celttv.com.ar\/wp-content\/uploads\/2022\/02\/Reunio-cooperativas-2-768x513.jpg 768w, https:\/\/www.celttv.com.ar\/wp-content\/uploads\/2022\/02\/Reunio-cooperativas-2-1536x1025.jpg 1536w, https:\/\/www.celttv.com.ar\/wp-content\/uploads\/2022\/02\/Reunio-cooperativas-2-750x501.jpg 750w, https:\/\/www.celttv.com.ar\/wp-content\/uploads\/2022\/02\/Reunio-cooperativas-2-1140x761.jpg 1140w, https:\/\/www.celttv.com.ar\/wp-content\/uploads\/2022\/02\/Reunio-cooperativas-2.jpg 2000w\" sizes=\"auto, (max-width: 1024px) 100vw, 1024px\" \/><\/figure>\n\n\n<figure class=\"wp-block-image size-large\"><img decoding=\"async\" src=\"http:\/\/www.celttv.com.ar\/wp-content\/uploads\/2022\/02\/Reunio-cooperativas-1-1024x683.jpg\" alt=\"\" class=\"wp-image-63993\"\/><\/figure>\n\n\n<figure class=\"wp-block-image size-large\"><img loading=\"lazy\" decoding=\"async\" width=\"924\" height=\"617\" src=\"http:\/\/www.celttv.com.ar\/wp-content\/uploads\/2022\/02\/Reunio-cooperativas-3.jpg\" alt=\"\" class=\"wp-image-63994\" srcset=\"https:\/\/www.celttv.com.ar\/wp-content\/uploads\/2022\/02\/Reunio-cooperativas-3.jpg 924w, https:\/\/www.celttv.com.ar\/wp-content\/uploads\/2022\/02\/Reunio-cooperativas-3-300x200.jpg 300w, https:\/\/www.celttv.com.ar\/wp-content\/uploads\/2022\/02\/Reunio-cooperativas-3-768x513.jpg 768w, https:\/\/www.celttv.com.ar\/wp-content\/uploads\/2022\/02\/Reunio-cooperativas-3-750x501.jpg 750w\" sizes=\"auto, (max-width: 924px) 100vw, 924px\" \/><\/figure>\n","protected":false},"excerpt":{"rendered":"<p>El \u00faltimo martes en la delegaci\u00f3n de Sierra de la Ventana, autoridades municipales se reunieron con representantes de las cuatro cooperativas el\u00e9ctricas del distrito. El objetivo fue unificar criterios respecto a la ampliaci\u00f3n de la subestaci\u00f3n transformadora de Tornquist, una obra fundamental para contar con mayor capacidad energ\u00e9tica y evitar interrupciones en el servicio, sobre [&hellip;]<\/p>\n","protected":false},"author":1,"featured_media":63991,"comment_status":"closed","ping_status":"open","sticky":false,"template":"","format":"standard","meta":{"footnotes":""},"categories":[55,51,52],"tags":[],"class_list":["post-63990","post","type-post","status-publish","format-standard","has-post-thumbnail","hentry","category-celt-tv-noticias","category-comunidad","category-destacadas"],"yoast_head":"<!-- This site is optimized with the Yoast SEO plugin v19.7.1 - https:\/\/yoast.com\/wordpress\/plugins\/seo\/ -->\n<title>Gestiones conjuntas entre el municipio y las cooperativas para la ampliaci\u00f3n de la capacidad energ\u00e9tica del distrito - CELTTV<\/title>\n<meta name=\"description\" content=\"Sitio web de noticias de la localidad de Tornquist, provincia de Buenos Aires, Rep\u00fablica Argentina. Contenido propio originado por periodistas de CELTTV, el canal de TV local de la Cooperativa El\u00e9ctrica de Tornquist. Turismo, Pol\u00edtica, Sociedad, Deporte, Cultura y todo el contenido de inter\u00e9s general que la gente del pueblo y la regi\u00f3n debe conocer.\" \/>\n<meta name=\"robots\" content=\"index, follow, max-snippet:-1, max-image-preview:large, max-video-preview:-1\" \/>\n<link rel=\"canonical\" href=\"https:\/\/www.celttv.com.ar\/index.php\/2022\/02\/24\/gestiones-conjuntas-entre-el-municipio-y-las-cooperativas-para-la-ampliacion-de-la-capacidad-energetica-del-distrito\/\" \/>\n<meta property=\"og:locale\" content=\"es_ES\" \/>\n<meta property=\"og:type\" content=\"article\" \/>\n<meta property=\"og:title\" content=\"Gestiones conjuntas entre el municipio y las cooperativas para la ampliaci\u00f3n de la capacidad energ\u00e9tica del distrito - CELTTV\" \/>\n<meta property=\"og:description\" content=\"Sitio web de noticias de la localidad de Tornquist, provincia de Buenos Aires, Rep\u00fablica Argentina. Contenido propio originado por periodistas de CELTTV, el canal de TV local de la Cooperativa El\u00e9ctrica de Tornquist. Turismo, Pol\u00edtica, Sociedad, Deporte, Cultura y todo el contenido de inter\u00e9s general que la gente del pueblo y la regi\u00f3n debe conocer.\" \/>\n<meta property=\"og:url\" content=\"https:\/\/www.celttv.com.ar\/index.php\/2022\/02\/24\/gestiones-conjuntas-entre-el-municipio-y-las-cooperativas-para-la-ampliacion-de-la-capacidad-energetica-del-distrito\/\" \/>\n<meta property=\"og:site_name\" content=\"CELTTV\" \/>\n<meta property=\"article:publisher\" content=\"https:\/\/www.facebook.com\/celtTV\/\" \/>\n<meta property=\"article:published_time\" content=\"2022-02-24T16:38:13+00:00\" \/>\n<meta property=\"og:image\" content=\"https:\/\/www.celttv.com.ar\/wp-content\/uploads\/2022\/02\/Reunio-cooperativas-2.jpg\" \/>\n\t<meta property=\"og:image:width\" content=\"2000\" \/>\n\t<meta property=\"og:image:height\" content=\"1335\" \/>\n\t<meta property=\"og:image:type\" content=\"image\/jpeg\" \/>\n<meta name=\"author\" content=\"ulises\" \/>\n<meta name=\"twitter:card\" content=\"summary_large_image\" \/>\n<meta name=\"twitter:label1\" content=\"Escrito por\" \/>\n\t<meta name=\"twitter:data1\" content=\"ulises\" \/>\n\t<meta name=\"twitter:label2\" content=\"Tiempo de lectura\" \/>\n\t<meta name=\"twitter:data2\" content=\"1 minuto\" \/>\n<script type=\"application\/ld+json\" class=\"yoast-schema-graph\">{\"@context\":\"https:\/\/schema.org\",\"@graph\":[{\"@type\":\"NewsArticle\",\"@id\":\"https:\/\/www.celttv.com.ar\/index.php\/2022\/02\/24\/gestiones-conjuntas-entre-el-municipio-y-las-cooperativas-para-la-ampliacion-de-la-capacidad-energetica-del-distrito\/#article\",\"isPartOf\":{\"@id\":\"https:\/\/www.celttv.com.ar\/index.php\/2022\/02\/24\/gestiones-conjuntas-entre-el-municipio-y-las-cooperativas-para-la-ampliacion-de-la-capacidad-energetica-del-distrito\/\"},\"author\":{\"name\":\"ulises\",\"@id\":\"https:\/\/www.celttv.com.ar\/#\/schema\/person\/6d99c072dba59953809c81446e9d0ace\"},\"headline\":\"Gestiones conjuntas entre el municipio y las cooperativas para la ampliaci\u00f3n de la capacidad energ\u00e9tica del distrito\",\"datePublished\":\"2022-02-24T16:38:13+00:00\",\"dateModified\":\"2022-02-24T16:38:13+00:00\",\"mainEntityOfPage\":{\"@id\":\"https:\/\/www.celttv.com.ar\/index.php\/2022\/02\/24\/gestiones-conjuntas-entre-el-municipio-y-las-cooperativas-para-la-ampliacion-de-la-capacidad-energetica-del-distrito\/\"},\"wordCount\":215,\"publisher\":{\"@id\":\"https:\/\/www.celttv.com.ar\/#organization\"},\"articleSection\":[\"Celt TV Noticias\",\"Comunidad\",\"Destacadas\"],\"inLanguage\":\"es\"},{\"@type\":\"WebPage\",\"@id\":\"https:\/\/www.celttv.com.ar\/index.php\/2022\/02\/24\/gestiones-conjuntas-entre-el-municipio-y-las-cooperativas-para-la-ampliacion-de-la-capacidad-energetica-del-distrito\/\",\"url\":\"https:\/\/www.celttv.com.ar\/index.php\/2022\/02\/24\/gestiones-conjuntas-entre-el-municipio-y-las-cooperativas-para-la-ampliacion-de-la-capacidad-energetica-del-distrito\/\",\"name\":\"Gestiones conjuntas entre el municipio y las cooperativas para la ampliaci\u00f3n de la capacidad energ\u00e9tica del distrito - CELTTV\",\"isPartOf\":{\"@id\":\"https:\/\/www.celttv.com.ar\/#website\"},\"datePublished\":\"2022-02-24T16:38:13+00:00\",\"dateModified\":\"2022-02-24T16:38:13+00:00\",\"description\":\"Sitio web de noticias de la localidad de Tornquist, provincia de Buenos Aires, Rep\u00fablica Argentina. Contenido propio originado por periodistas de CELTTV, el canal de TV local de la Cooperativa El\u00e9ctrica de Tornquist. Turismo, Pol\u00edtica, Sociedad, Deporte, Cultura y todo el contenido de inter\u00e9s general que la gente del pueblo y la regi\u00f3n debe conocer.\",\"breadcrumb\":{\"@id\":\"https:\/\/www.celttv.com.ar\/index.php\/2022\/02\/24\/gestiones-conjuntas-entre-el-municipio-y-las-cooperativas-para-la-ampliacion-de-la-capacidad-energetica-del-distrito\/#breadcrumb\"},\"inLanguage\":\"es\",\"potentialAction\":[{\"@type\":\"ReadAction\",\"target\":[\"https:\/\/www.celttv.com.ar\/index.php\/2022\/02\/24\/gestiones-conjuntas-entre-el-municipio-y-las-cooperativas-para-la-ampliacion-de-la-capacidad-energetica-del-distrito\/\"]}]},{\"@type\":\"BreadcrumbList\",\"@id\":\"https:\/\/www.celttv.com.ar\/index.php\/2022\/02\/24\/gestiones-conjuntas-entre-el-municipio-y-las-cooperativas-para-la-ampliacion-de-la-capacidad-energetica-del-distrito\/#breadcrumb\",\"itemListElement\":[{\"@type\":\"ListItem\",\"position\":1,\"name\":\"Inicio\",\"item\":\"https:\/\/www.celttv.com.ar\/\"},{\"@type\":\"ListItem\",\"position\":2,\"name\":\"Gestiones conjuntas entre el municipio y las cooperativas para la ampliaci\u00f3n de la capacidad energ\u00e9tica del distrito\"}]},{\"@type\":\"WebSite\",\"@id\":\"https:\/\/www.celttv.com.ar\/#website\",\"url\":\"https:\/\/www.celttv.com.ar\/\",\"name\":\"CELTTV\",\"description\":\"Cooperativa El\u00e9ctrica de Tornquist\",\"publisher\":{\"@id\":\"https:\/\/www.celttv.com.ar\/#organization\"},\"potentialAction\":[{\"@type\":\"SearchAction\",\"target\":{\"@type\":\"EntryPoint\",\"urlTemplate\":\"https:\/\/www.celttv.com.ar\/?s={search_term_string}\"},\"query-input\":\"required name=search_term_string\"}],\"inLanguage\":\"es\"},{\"@type\":\"Organization\",\"@id\":\"https:\/\/www.celttv.com.ar\/#organization\",\"name\":\"CELTTV\",\"url\":\"https:\/\/www.celttv.com.ar\/\",\"sameAs\":[\"https:\/\/www.youtube.com\/channel\/UCz_oIt8Hig64Ub-EmcNPIhg\",\"https:\/\/www.facebook.com\/celtTV\/\"],\"logo\":{\"@type\":\"ImageObject\",\"inLanguage\":\"es\",\"@id\":\"https:\/\/www.celttv.com.ar\/#\/schema\/logo\/image\/\",\"url\":\"http:\/\/www.celttv.com.ar\/wp-content\/uploads\/2022\/08\/logo-1.png\",\"contentUrl\":\"http:\/\/www.celttv.com.ar\/wp-content\/uploads\/2022\/08\/logo-1.png\",\"width\":461,\"height\":159,\"caption\":\"CELTTV\"},\"image\":{\"@id\":\"https:\/\/www.celttv.com.ar\/#\/schema\/logo\/image\/\"}},{\"@type\":\"Person\",\"@id\":\"https:\/\/www.celttv.com.ar\/#\/schema\/person\/6d99c072dba59953809c81446e9d0ace\",\"name\":\"ulises\",\"image\":{\"@type\":\"ImageObject\",\"inLanguage\":\"es\",\"@id\":\"https:\/\/www.celttv.com.ar\/#\/schema\/person\/image\/\",\"url\":\"https:\/\/secure.gravatar.com\/avatar\/7f2c48bdc33b30088f941fb6082e555f2874c98e20cb159d7b92b50eadfce793?s=96&d=mm&r=g\",\"contentUrl\":\"https:\/\/secure.gravatar.com\/avatar\/7f2c48bdc33b30088f941fb6082e555f2874c98e20cb159d7b92b50eadfce793?s=96&d=mm&r=g\",\"caption\":\"ulises\"},\"sameAs\":[\"http:\/\/www.celttv.com.ar\"]}]}<\/script>\n<!-- \/ Yoast SEO plugin. -->","yoast_head_json":{"title":"Gestiones conjuntas entre el municipio y las cooperativas para la ampliaci\u00f3n de la capacidad energ\u00e9tica del distrito - CELTTV","description":"Sitio web de noticias de la localidad de Tornquist, provincia de Buenos Aires, Rep\u00fablica Argentina. Contenido propio originado por periodistas de CELTTV, el canal de TV local de la Cooperativa El\u00e9ctrica de Tornquist. Turismo, Pol\u00edtica, Sociedad, Deporte, Cultura y todo el contenido de inter\u00e9s general que la gente del pueblo y la regi\u00f3n debe conocer.","robots":{"index":"index","follow":"follow","max-snippet":"max-snippet:-1","max-image-preview":"max-image-preview:large","max-video-preview":"max-video-preview:-1"},"canonical":"https:\/\/www.celttv.com.ar\/index.php\/2022\/02\/24\/gestiones-conjuntas-entre-el-municipio-y-las-cooperativas-para-la-ampliacion-de-la-capacidad-energetica-del-distrito\/","og_locale":"es_ES","og_type":"article","og_title":"Gestiones conjuntas entre el municipio y las cooperativas para la ampliaci\u00f3n de la capacidad energ\u00e9tica del distrito - CELTTV","og_description":"Sitio web de noticias de la localidad de Tornquist, provincia de Buenos Aires, Rep\u00fablica Argentina. Contenido propio originado por periodistas de CELTTV, el canal de TV local de la Cooperativa El\u00e9ctrica de Tornquist. Turismo, Pol\u00edtica, Sociedad, Deporte, Cultura y todo el contenido de inter\u00e9s general que la gente del pueblo y la regi\u00f3n debe conocer.","og_url":"https:\/\/www.celttv.com.ar\/index.php\/2022\/02\/24\/gestiones-conjuntas-entre-el-municipio-y-las-cooperativas-para-la-ampliacion-de-la-capacidad-energetica-del-distrito\/","og_site_name":"CELTTV","article_publisher":"https:\/\/www.facebook.com\/celtTV\/","article_published_time":"2022-02-24T16:38:13+00:00","og_image":[{"width":2000,"height":1335,"url":"https:\/\/www.celttv.com.ar\/wp-content\/uploads\/2022\/02\/Reunio-cooperativas-2.jpg","type":"image\/jpeg"}],"author":"ulises","twitter_card":"summary_large_image","twitter_misc":{"Escrito por":"ulises","Tiempo de lectura":"1 minuto"},"schema":{"@context":"https:\/\/schema.org","@graph":[{"@type":"NewsArticle","@id":"https:\/\/www.celttv.com.ar\/index.php\/2022\/02\/24\/gestiones-conjuntas-entre-el-municipio-y-las-cooperativas-para-la-ampliacion-de-la-capacidad-energetica-del-distrito\/#article","isPartOf":{"@id":"https:\/\/www.celttv.com.ar\/index.php\/2022\/02\/24\/gestiones-conjuntas-entre-el-municipio-y-las-cooperativas-para-la-ampliacion-de-la-capacidad-energetica-del-distrito\/"},"author":{"name":"ulises","@id":"https:\/\/www.celttv.com.ar\/#\/schema\/person\/6d99c072dba59953809c81446e9d0ace"},"headline":"Gestiones conjuntas entre el municipio y las cooperativas para la ampliaci\u00f3n de la capacidad energ\u00e9tica del distrito","datePublished":"2022-02-24T16:38:13+00:00","dateModified":"2022-02-24T16:38:13+00:00","mainEntityOfPage":{"@id":"https:\/\/www.celttv.com.ar\/index.php\/2022\/02\/24\/gestiones-conjuntas-entre-el-municipio-y-las-cooperativas-para-la-ampliacion-de-la-capacidad-energetica-del-distrito\/"},"wordCount":215,"publisher":{"@id":"https:\/\/www.celttv.com.ar\/#organization"},"articleSection":["Celt TV Noticias","Comunidad","Destacadas"],"inLanguage":"es"},{"@type":"WebPage","@id":"https:\/\/www.celttv.com.ar\/index.php\/2022\/02\/24\/gestiones-conjuntas-entre-el-municipio-y-las-cooperativas-para-la-ampliacion-de-la-capacidad-energetica-del-distrito\/","url":"https:\/\/www.celttv.com.ar\/index.php\/2022\/02\/24\/gestiones-conjuntas-entre-el-municipio-y-las-cooperativas-para-la-ampliacion-de-la-capacidad-energetica-del-distrito\/","name":"Gestiones conjuntas entre el municipio y las cooperativas para la ampliaci\u00f3n de la capacidad energ\u00e9tica del distrito - CELTTV","isPartOf":{"@id":"https:\/\/www.celttv.com.ar\/#website"},"datePublished":"2022-02-24T16:38:13+00:00","dateModified":"2022-02-24T16:38:13+00:00","description":"Sitio web de noticias de la localidad de Tornquist, provincia de Buenos Aires, Rep\u00fablica Argentina. Contenido propio originado por periodistas de CELTTV, el canal de TV local de la Cooperativa El\u00e9ctrica de Tornquist. Turismo, Pol\u00edtica, Sociedad, Deporte, Cultura y todo el contenido de inter\u00e9s general que la gente del pueblo y la regi\u00f3n debe conocer.","breadcrumb":{"@id":"https:\/\/www.celttv.com.ar\/index.php\/2022\/02\/24\/gestiones-conjuntas-entre-el-municipio-y-las-cooperativas-para-la-ampliacion-de-la-capacidad-energetica-del-distrito\/#breadcrumb"},"inLanguage":"es","potentialAction":[{"@type":"ReadAction","target":["https:\/\/www.celttv.com.ar\/index.php\/2022\/02\/24\/gestiones-conjuntas-entre-el-municipio-y-las-cooperativas-para-la-ampliacion-de-la-capacidad-energetica-del-distrito\/"]}]},{"@type":"BreadcrumbList","@id":"https:\/\/www.celttv.com.ar\/index.php\/2022\/02\/24\/gestiones-conjuntas-entre-el-municipio-y-las-cooperativas-para-la-ampliacion-de-la-capacidad-energetica-del-distrito\/#breadcrumb","itemListElement":[{"@type":"ListItem","position":1,"name":"Inicio","item":"https:\/\/www.celttv.com.ar\/"},{"@type":"ListItem","position":2,"name":"Gestiones conjuntas entre el municipio y las cooperativas para la ampliaci\u00f3n de la capacidad energ\u00e9tica del distrito"}]},{"@type":"WebSite","@id":"https:\/\/www.celttv.com.ar\/#website","url":"https:\/\/www.celttv.com.ar\/","name":"CELTTV","description":"Cooperativa El\u00e9ctrica de Tornquist","publisher":{"@id":"https:\/\/www.celttv.com.ar\/#organization"},"potentialAction":[{"@type":"SearchAction","target":{"@type":"EntryPoint","urlTemplate":"https:\/\/www.celttv.com.ar\/?s={search_term_string}"},"query-input":"required name=search_term_string"}],"inLanguage":"es"},{"@type":"Organization","@id":"https:\/\/www.celttv.com.ar\/#organization","name":"CELTTV","url":"https:\/\/www.celttv.com.ar\/","sameAs":["https:\/\/www.youtube.com\/channel\/UCz_oIt8Hig64Ub-EmcNPIhg","https:\/\/www.facebook.com\/celtTV\/"],"logo":{"@type":"ImageObject","inLanguage":"es","@id":"https:\/\/www.celttv.com.ar\/#\/schema\/logo\/image\/","url":"http:\/\/www.celttv.com.ar\/wp-content\/uploads\/2022\/08\/logo-1.png","contentUrl":"http:\/\/www.celttv.com.ar\/wp-content\/uploads\/2022\/08\/logo-1.png","width":461,"height":159,"caption":"CELTTV"},"image":{"@id":"https:\/\/www.celttv.com.ar\/#\/schema\/logo\/image\/"}},{"@type":"Person","@id":"https:\/\/www.celttv.com.ar\/#\/schema\/person\/6d99c072dba59953809c81446e9d0ace","name":"ulises","image":{"@type":"ImageObject","inLanguage":"es","@id":"https:\/\/www.celttv.com.ar\/#\/schema\/person\/image\/","url":"https:\/\/secure.gravatar.com\/avatar\/7f2c48bdc33b30088f941fb6082e555f2874c98e20cb159d7b92b50eadfce793?s=96&d=mm&r=g","contentUrl":"https:\/\/secure.gravatar.com\/avatar\/7f2c48bdc33b30088f941fb6082e555f2874c98e20cb159d7b92b50eadfce793?s=96&d=mm&r=g","caption":"ulises"},"sameAs":["http:\/\/www.celttv.com.ar"]}]}},"_links":{"self":[{"href":"https:\/\/www.celttv.com.ar\/index.php\/wp-json\/wp\/v2\/posts\/63990","targetHints":{"allow":["GET"]}}],"collection":[{"href":"https:\/\/www.celttv.com.ar\/index.php\/wp-json\/wp\/v2\/posts"}],"about":[{"href":"https:\/\/www.celttv.com.ar\/index.php\/wp-json\/wp\/v2\/types\/post"}],"author":[{"embeddable":true,"href":"https:\/\/www.celttv.com.ar\/index.php\/wp-json\/wp\/v2\/users\/1"}],"replies":[{"embeddable":true,"href":"https:\/\/www.celttv.com.ar\/index.php\/wp-json\/wp\/v2\/comments?post=63990"}],"version-history":[{"count":0,"href":"https:\/\/www.celttv.com.ar\/index.php\/wp-json\/wp\/v2\/posts\/63990\/revisions"}],"wp:featuredmedia":[{"embeddable":true,"href":"https:\/\/www.celttv.com.ar\/index.php\/wp-json\/wp\/v2\/media\/63991"}],"wp:attachment":[{"href":"https:\/\/www.celttv.com.ar\/index.php\/wp-json\/wp\/v2\/media?parent=63990"}],"wp:term":[{"taxonomy":"category","embeddable":true,"href":"https:\/\/www.celttv.com.ar\/index.php\/wp-json\/wp\/v2\/categories?post=63990"},{"taxonomy":"post_tag","embeddable":true,"href":"https:\/\/www.celttv.com.ar\/index.php\/wp-json\/wp\/v2\/tags?post=63990"}],"curies":[{"name":"wp","href":"https:\/\/api.w.org\/{rel}","templated":true}]}}