{"id":63997,"date":"2022-02-24T16:49:39","date_gmt":"2022-02-24T16:49:39","guid":{"rendered":"http:\/\/www.celttv.com.ar\/?p=63997"},"modified":"2022-02-24T16:49:39","modified_gmt":"2022-02-24T16:49:39","slug":"el-2-de-marzo-se-realizara-la-sesion-ordinaria-inaugural-del-hcd","status":"publish","type":"post","link":"https:\/\/www.celttv.com.ar\/index.php\/2022\/02\/24\/el-2-de-marzo-se-realizara-la-sesion-ordinaria-inaugural-del-hcd\/","title":{"rendered":"El 2 de Marzo se realizar\u00e1 la sesi\u00f3n ordinaria inaugural del HCD"},"content":{"rendered":"\n<p>El Honorable Concejo Deliberante, convoca a la Sesi\u00f3n ORDINARIA INAUGURAL del per\u00edodo 2022, la que se llevar\u00e1 a cabo el d\u00eda mi\u00e9rcoles 2 de MARZO, a la hora 19:00.<\/p>\n\n\n<p>Convocatoria para la sesi\u00f3n inaugural:<\/p>\n\n\n<p><strong>DECRETO N\u00ba 06\/22<\/strong><\/p>\n\n\n<p><strong>VISTO:<\/strong><\/p>\n\n\n<p>Que el 2 de Marzo es el primer d\u00eda h\u00e1bil del mes, y;<\/p>\n\n\n<p><strong>CONSIDERANDO:<\/strong><\/p>\n\n\n<p>Que la Sesi\u00f3n Ordinaria Inaugural del Cuerpo Deliberativo, debe celebrarse el 1\u00ba d\u00eda del mes de Marzo de cada a\u00f1o conforme a lo dispuesto por la Ley Org\u00e1nica de las Municipalidades en su Art\u00edculo 68\u00ba inciso 2\u00ba (modificado por Ley Provincial N\u00ba 15.103, sancionada el 03\/12\/18, y promulgada el 27\/12\/18), y en su Art\u00edculo 76\u00ba, como asimismo en nuestro Reglamento Interno, en los art\u00edculos 6\u00ba y 30\u00ba;<\/p>\n\n\n<p>Que adem\u00e1s de lo antes mencionado, el Cuerpo debe fijar en tal oportunidad, los d\u00edas y el horario para la realizaci\u00f3n de las Sesiones Ordinarias (Art\u00edculo 6\u00ba del Reglamento Interno);<\/p>\n\n\n<p><strong>POR ELLO:<\/strong><\/p>\n\n\n<p><strong>LA PRESIDENTE del HONORABLE CONCEJO DELIBERANTE<\/strong><\/p>\n\n\n<p><strong>en uso de sus facultades,<\/strong><\/p>\n\n\n<p><strong>D E C R E T A<\/strong><\/p>\n\n\n<p><strong>ART\u00cdCULO 1\u00ba:<\/strong>Conv\u00f3quese a los miembros que componen el Honorable Concejo Deliberante, a la Sesi\u00f3n ORDINARIA INAUGURAL del per\u00edodo 2022, la que se llevar\u00e1 a cabo el d\u00eda mi\u00e9rcoles 2 de MARZO, a la hora 19:00; en cuyo transcurso deber\u00e1 tratarse lo siguiente:<\/p>\n\n\n<ul class=\"wp-block-list\"><li>Determinaci\u00f3n de los d\u00edas y el horario de las Sesiones Ordinarias, como as\u00ed tambi\u00e9n de las Reuniones de Trabajo, sin perjuicio de lo establecido en el Art\u00edculo 48\u00ba del Reglamento Interno.<\/li><li>Designaci\u00f3n de las Comisiones Permanentes Internas de este Cuerpo Deliberativo, de conformidad con el Art\u00edculo 30\u00ba del Reglamento Interno, a saber: ECOLOGIA y MEDIO AMBIENTE, TURISMO y DESARROLLO, PRODUCCION, COMERCIO e INDUSTRIA, OBRAS PUBLICAS, PRESUPUESTO y HACIENDA, INTERPRETACION y REGLAMENTO, ASUNTOS MUNICIPALES, SALUD PUBLICA y CULTURA, EDUCACI\u00d3N, CIENCIA Y TECNOLOG\u00cdA.<\/li><\/ul>\n\n\n<p><strong>ART\u00cdCULO 2\u00ba:<\/strong> Comun\u00edquese a los Sres. Concejales y al Departamento Ejecutivo, Publ\u00edquese, Reg\u00edstrese y Cumplido: ARCHIVESE.-<\/p>\n\n\n<p>Tornquist, 23 de febrero de 2022.<\/p>\n\n\n<p><strong>Jos\u00e9 M. Castro Sandra G. Kifer<\/strong><\/p>\n\n\n<p><strong>Secretario Presidente<\/strong><\/p>\n\n\n<p><strong>H.C.D. <\/strong><strong>H.C.D.<\/strong><\/p>\n","protected":false},"excerpt":{"rendered":"<p>El Honorable Concejo Deliberante, convoca a la Sesi\u00f3n ORDINARIA INAUGURAL del per\u00edodo 2022, la que se llevar\u00e1 a cabo el d\u00eda mi\u00e9rcoles 2 de MARZO, a la hora 19:00. Convocatoria para la sesi\u00f3n inaugural: DECRETO N\u00ba 06\/22 VISTO: Que el 2 de Marzo es el primer d\u00eda h\u00e1bil del mes, y; CONSIDERANDO: Que la Sesi\u00f3n [&hellip;]<\/p>\n","protected":false},"author":1,"featured_media":63998,"comment_status":"closed","ping_status":"open","sticky":false,"template":"","format":"standard","meta":{"footnotes":""},"categories":[55,51,52,53],"tags":[],"class_list":["post-63997","post","type-post","status-publish","format-standard","has-post-thumbnail","hentry","category-celt-tv-noticias","category-comunidad","category-destacadas","category-politica"],"yoast_head":"<!-- This site is optimized with the Yoast SEO plugin v19.7.1 - https:\/\/yoast.com\/wordpress\/plugins\/seo\/ -->\n<title>El 2 de Marzo se realizar\u00e1 la sesi\u00f3n ordinaria inaugural del HCD - CELTTV<\/title>\n<meta name=\"description\" content=\"Sitio web de noticias de la localidad de Tornquist, provincia de Buenos Aires, Rep\u00fablica Argentina. Contenido propio originado por periodistas de CELTTV, el canal de TV local de la Cooperativa El\u00e9ctrica de Tornquist. Turismo, Pol\u00edtica, Sociedad, Deporte, Cultura y todo el contenido de inter\u00e9s general que la gente del pueblo y la regi\u00f3n debe conocer.\" \/>\n<meta name=\"robots\" content=\"index, follow, max-snippet:-1, max-image-preview:large, max-video-preview:-1\" \/>\n<link rel=\"canonical\" href=\"https:\/\/www.celttv.com.ar\/index.php\/2022\/02\/24\/el-2-de-marzo-se-realizara-la-sesion-ordinaria-inaugural-del-hcd\/\" \/>\n<meta property=\"og:locale\" content=\"es_ES\" \/>\n<meta property=\"og:type\" content=\"article\" \/>\n<meta property=\"og:title\" content=\"El 2 de Marzo se realizar\u00e1 la sesi\u00f3n ordinaria inaugural del HCD - CELTTV\" \/>\n<meta property=\"og:description\" content=\"Sitio web de noticias de la localidad de Tornquist, provincia de Buenos Aires, Rep\u00fablica Argentina. Contenido propio originado por periodistas de CELTTV, el canal de TV local de la Cooperativa El\u00e9ctrica de Tornquist. Turismo, Pol\u00edtica, Sociedad, Deporte, Cultura y todo el contenido de inter\u00e9s general que la gente del pueblo y la regi\u00f3n debe conocer.\" \/>\n<meta property=\"og:url\" content=\"https:\/\/www.celttv.com.ar\/index.php\/2022\/02\/24\/el-2-de-marzo-se-realizara-la-sesion-ordinaria-inaugural-del-hcd\/\" \/>\n<meta property=\"og:site_name\" content=\"CELTTV\" \/>\n<meta property=\"article:publisher\" content=\"https:\/\/www.facebook.com\/celtTV\/\" \/>\n<meta property=\"article:published_time\" content=\"2022-02-24T16:49:39+00:00\" \/>\n<meta property=\"og:image\" content=\"https:\/\/www.celttv.com.ar\/wp-content\/uploads\/2022\/02\/51611967735_2cd2387b50_z.jpg\" \/>\n\t<meta property=\"og:image:width\" content=\"640\" \/>\n\t<meta property=\"og:image:height\" content=\"346\" \/>\n\t<meta property=\"og:image:type\" content=\"image\/jpeg\" \/>\n<meta name=\"author\" content=\"ulises\" \/>\n<meta name=\"twitter:card\" content=\"summary_large_image\" \/>\n<meta name=\"twitter:label1\" content=\"Escrito por\" \/>\n\t<meta name=\"twitter:data1\" content=\"ulises\" \/>\n\t<meta name=\"twitter:label2\" content=\"Tiempo de lectura\" \/>\n\t<meta name=\"twitter:data2\" content=\"2 minutos\" \/>\n<script type=\"application\/ld+json\" class=\"yoast-schema-graph\">{\"@context\":\"https:\/\/schema.org\",\"@graph\":[{\"@type\":\"NewsArticle\",\"@id\":\"https:\/\/www.celttv.com.ar\/index.php\/2022\/02\/24\/el-2-de-marzo-se-realizara-la-sesion-ordinaria-inaugural-del-hcd\/#article\",\"isPartOf\":{\"@id\":\"https:\/\/www.celttv.com.ar\/index.php\/2022\/02\/24\/el-2-de-marzo-se-realizara-la-sesion-ordinaria-inaugural-del-hcd\/\"},\"author\":{\"name\":\"ulises\",\"@id\":\"https:\/\/www.celttv.com.ar\/#\/schema\/person\/6d99c072dba59953809c81446e9d0ace\"},\"headline\":\"El 2 de Marzo se realizar\u00e1 la sesi\u00f3n ordinaria inaugural del HCD\",\"datePublished\":\"2022-02-24T16:49:39+00:00\",\"dateModified\":\"2022-02-24T16:49:39+00:00\",\"mainEntityOfPage\":{\"@id\":\"https:\/\/www.celttv.com.ar\/index.php\/2022\/02\/24\/el-2-de-marzo-se-realizara-la-sesion-ordinaria-inaugural-del-hcd\/\"},\"wordCount\":354,\"publisher\":{\"@id\":\"https:\/\/www.celttv.com.ar\/#organization\"},\"articleSection\":[\"Celt TV Noticias\",\"Comunidad\",\"Destacadas\",\"Pol\u00edtica\"],\"inLanguage\":\"es\"},{\"@type\":\"WebPage\",\"@id\":\"https:\/\/www.celttv.com.ar\/index.php\/2022\/02\/24\/el-2-de-marzo-se-realizara-la-sesion-ordinaria-inaugural-del-hcd\/\",\"url\":\"https:\/\/www.celttv.com.ar\/index.php\/2022\/02\/24\/el-2-de-marzo-se-realizara-la-sesion-ordinaria-inaugural-del-hcd\/\",\"name\":\"El 2 de Marzo se realizar\u00e1 la sesi\u00f3n ordinaria inaugural del HCD - CELTTV\",\"isPartOf\":{\"@id\":\"https:\/\/www.celttv.com.ar\/#website\"},\"datePublished\":\"2022-02-24T16:49:39+00:00\",\"dateModified\":\"2022-02-24T16:49:39+00:00\",\"description\":\"Sitio web de noticias de la localidad de Tornquist, provincia de Buenos Aires, Rep\u00fablica Argentina. Contenido propio originado por periodistas de CELTTV, el canal de TV local de la Cooperativa El\u00e9ctrica de Tornquist. Turismo, Pol\u00edtica, Sociedad, Deporte, Cultura y todo el contenido de inter\u00e9s general que la gente del pueblo y la regi\u00f3n debe conocer.\",\"breadcrumb\":{\"@id\":\"https:\/\/www.celttv.com.ar\/index.php\/2022\/02\/24\/el-2-de-marzo-se-realizara-la-sesion-ordinaria-inaugural-del-hcd\/#breadcrumb\"},\"inLanguage\":\"es\",\"potentialAction\":[{\"@type\":\"ReadAction\",\"target\":[\"https:\/\/www.celttv.com.ar\/index.php\/2022\/02\/24\/el-2-de-marzo-se-realizara-la-sesion-ordinaria-inaugural-del-hcd\/\"]}]},{\"@type\":\"BreadcrumbList\",\"@id\":\"https:\/\/www.celttv.com.ar\/index.php\/2022\/02\/24\/el-2-de-marzo-se-realizara-la-sesion-ordinaria-inaugural-del-hcd\/#breadcrumb\",\"itemListElement\":[{\"@type\":\"ListItem\",\"position\":1,\"name\":\"Inicio\",\"item\":\"https:\/\/www.celttv.com.ar\/\"},{\"@type\":\"ListItem\",\"position\":2,\"name\":\"El 2 de Marzo se realizar\u00e1 la sesi\u00f3n ordinaria inaugural del HCD\"}]},{\"@type\":\"WebSite\",\"@id\":\"https:\/\/www.celttv.com.ar\/#website\",\"url\":\"https:\/\/www.celttv.com.ar\/\",\"name\":\"CELTTV\",\"description\":\"Cooperativa El\u00e9ctrica de Tornquist\",\"publisher\":{\"@id\":\"https:\/\/www.celttv.com.ar\/#organization\"},\"potentialAction\":[{\"@type\":\"SearchAction\",\"target\":{\"@type\":\"EntryPoint\",\"urlTemplate\":\"https:\/\/www.celttv.com.ar\/?s={search_term_string}\"},\"query-input\":\"required name=search_term_string\"}],\"inLanguage\":\"es\"},{\"@type\":\"Organization\",\"@id\":\"https:\/\/www.celttv.com.ar\/#organization\",\"name\":\"CELTTV\",\"url\":\"https:\/\/www.celttv.com.ar\/\",\"sameAs\":[\"https:\/\/www.youtube.com\/channel\/UCz_oIt8Hig64Ub-EmcNPIhg\",\"https:\/\/www.facebook.com\/celtTV\/\"],\"logo\":{\"@type\":\"ImageObject\",\"inLanguage\":\"es\",\"@id\":\"https:\/\/www.celttv.com.ar\/#\/schema\/logo\/image\/\",\"url\":\"http:\/\/www.celttv.com.ar\/wp-content\/uploads\/2022\/08\/logo-1.png\",\"contentUrl\":\"http:\/\/www.celttv.com.ar\/wp-content\/uploads\/2022\/08\/logo-1.png\",\"width\":461,\"height\":159,\"caption\":\"CELTTV\"},\"image\":{\"@id\":\"https:\/\/www.celttv.com.ar\/#\/schema\/logo\/image\/\"}},{\"@type\":\"Person\",\"@id\":\"https:\/\/www.celttv.com.ar\/#\/schema\/person\/6d99c072dba59953809c81446e9d0ace\",\"name\":\"ulises\",\"image\":{\"@type\":\"ImageObject\",\"inLanguage\":\"es\",\"@id\":\"https:\/\/www.celttv.com.ar\/#\/schema\/person\/image\/\",\"url\":\"https:\/\/secure.gravatar.com\/avatar\/7f2c48bdc33b30088f941fb6082e555f2874c98e20cb159d7b92b50eadfce793?s=96&d=mm&r=g\",\"contentUrl\":\"https:\/\/secure.gravatar.com\/avatar\/7f2c48bdc33b30088f941fb6082e555f2874c98e20cb159d7b92b50eadfce793?s=96&d=mm&r=g\",\"caption\":\"ulises\"},\"sameAs\":[\"http:\/\/www.celttv.com.ar\"]}]}<\/script>\n<!-- \/ Yoast SEO plugin. -->","yoast_head_json":{"title":"El 2 de Marzo se realizar\u00e1 la sesi\u00f3n ordinaria inaugural del HCD - CELTTV","description":"Sitio web de noticias de la localidad de Tornquist, provincia de Buenos Aires, Rep\u00fablica Argentina. Contenido propio originado por periodistas de CELTTV, el canal de TV local de la Cooperativa El\u00e9ctrica de Tornquist. Turismo, Pol\u00edtica, Sociedad, Deporte, Cultura y todo el contenido de inter\u00e9s general que la gente del pueblo y la regi\u00f3n debe conocer.","robots":{"index":"index","follow":"follow","max-snippet":"max-snippet:-1","max-image-preview":"max-image-preview:large","max-video-preview":"max-video-preview:-1"},"canonical":"https:\/\/www.celttv.com.ar\/index.php\/2022\/02\/24\/el-2-de-marzo-se-realizara-la-sesion-ordinaria-inaugural-del-hcd\/","og_locale":"es_ES","og_type":"article","og_title":"El 2 de Marzo se realizar\u00e1 la sesi\u00f3n ordinaria inaugural del HCD - CELTTV","og_description":"Sitio web de noticias de la localidad de Tornquist, provincia de Buenos Aires, Rep\u00fablica Argentina. Contenido propio originado por periodistas de CELTTV, el canal de TV local de la Cooperativa El\u00e9ctrica de Tornquist. Turismo, Pol\u00edtica, Sociedad, Deporte, Cultura y todo el contenido de inter\u00e9s general que la gente del pueblo y la regi\u00f3n debe conocer.","og_url":"https:\/\/www.celttv.com.ar\/index.php\/2022\/02\/24\/el-2-de-marzo-se-realizara-la-sesion-ordinaria-inaugural-del-hcd\/","og_site_name":"CELTTV","article_publisher":"https:\/\/www.facebook.com\/celtTV\/","article_published_time":"2022-02-24T16:49:39+00:00","og_image":[{"width":640,"height":346,"url":"https:\/\/www.celttv.com.ar\/wp-content\/uploads\/2022\/02\/51611967735_2cd2387b50_z.jpg","type":"image\/jpeg"}],"author":"ulises","twitter_card":"summary_large_image","twitter_misc":{"Escrito por":"ulises","Tiempo de lectura":"2 minutos"},"schema":{"@context":"https:\/\/schema.org","@graph":[{"@type":"NewsArticle","@id":"https:\/\/www.celttv.com.ar\/index.php\/2022\/02\/24\/el-2-de-marzo-se-realizara-la-sesion-ordinaria-inaugural-del-hcd\/#article","isPartOf":{"@id":"https:\/\/www.celttv.com.ar\/index.php\/2022\/02\/24\/el-2-de-marzo-se-realizara-la-sesion-ordinaria-inaugural-del-hcd\/"},"author":{"name":"ulises","@id":"https:\/\/www.celttv.com.ar\/#\/schema\/person\/6d99c072dba59953809c81446e9d0ace"},"headline":"El 2 de Marzo se realizar\u00e1 la sesi\u00f3n ordinaria inaugural del HCD","datePublished":"2022-02-24T16:49:39+00:00","dateModified":"2022-02-24T16:49:39+00:00","mainEntityOfPage":{"@id":"https:\/\/www.celttv.com.ar\/index.php\/2022\/02\/24\/el-2-de-marzo-se-realizara-la-sesion-ordinaria-inaugural-del-hcd\/"},"wordCount":354,"publisher":{"@id":"https:\/\/www.celttv.com.ar\/#organization"},"articleSection":["Celt TV Noticias","Comunidad","Destacadas","Pol\u00edtica"],"inLanguage":"es"},{"@type":"WebPage","@id":"https:\/\/www.celttv.com.ar\/index.php\/2022\/02\/24\/el-2-de-marzo-se-realizara-la-sesion-ordinaria-inaugural-del-hcd\/","url":"https:\/\/www.celttv.com.ar\/index.php\/2022\/02\/24\/el-2-de-marzo-se-realizara-la-sesion-ordinaria-inaugural-del-hcd\/","name":"El 2 de Marzo se realizar\u00e1 la sesi\u00f3n ordinaria inaugural del HCD - CELTTV","isPartOf":{"@id":"https:\/\/www.celttv.com.ar\/#website"},"datePublished":"2022-02-24T16:49:39+00:00","dateModified":"2022-02-24T16:49:39+00:00","description":"Sitio web de noticias de la localidad de Tornquist, provincia de Buenos Aires, Rep\u00fablica Argentina. Contenido propio originado por periodistas de CELTTV, el canal de TV local de la Cooperativa El\u00e9ctrica de Tornquist. Turismo, Pol\u00edtica, Sociedad, Deporte, Cultura y todo el contenido de inter\u00e9s general que la gente del pueblo y la regi\u00f3n debe conocer.","breadcrumb":{"@id":"https:\/\/www.celttv.com.ar\/index.php\/2022\/02\/24\/el-2-de-marzo-se-realizara-la-sesion-ordinaria-inaugural-del-hcd\/#breadcrumb"},"inLanguage":"es","potentialAction":[{"@type":"ReadAction","target":["https:\/\/www.celttv.com.ar\/index.php\/2022\/02\/24\/el-2-de-marzo-se-realizara-la-sesion-ordinaria-inaugural-del-hcd\/"]}]},{"@type":"BreadcrumbList","@id":"https:\/\/www.celttv.com.ar\/index.php\/2022\/02\/24\/el-2-de-marzo-se-realizara-la-sesion-ordinaria-inaugural-del-hcd\/#breadcrumb","itemListElement":[{"@type":"ListItem","position":1,"name":"Inicio","item":"https:\/\/www.celttv.com.ar\/"},{"@type":"ListItem","position":2,"name":"El 2 de Marzo se realizar\u00e1 la sesi\u00f3n ordinaria inaugural del HCD"}]},{"@type":"WebSite","@id":"https:\/\/www.celttv.com.ar\/#website","url":"https:\/\/www.celttv.com.ar\/","name":"CELTTV","description":"Cooperativa El\u00e9ctrica de Tornquist","publisher":{"@id":"https:\/\/www.celttv.com.ar\/#organization"},"potentialAction":[{"@type":"SearchAction","target":{"@type":"EntryPoint","urlTemplate":"https:\/\/www.celttv.com.ar\/?s={search_term_string}"},"query-input":"required name=search_term_string"}],"inLanguage":"es"},{"@type":"Organization","@id":"https:\/\/www.celttv.com.ar\/#organization","name":"CELTTV","url":"https:\/\/www.celttv.com.ar\/","sameAs":["https:\/\/www.youtube.com\/channel\/UCz_oIt8Hig64Ub-EmcNPIhg","https:\/\/www.facebook.com\/celtTV\/"],"logo":{"@type":"ImageObject","inLanguage":"es","@id":"https:\/\/www.celttv.com.ar\/#\/schema\/logo\/image\/","url":"http:\/\/www.celttv.com.ar\/wp-content\/uploads\/2022\/08\/logo-1.png","contentUrl":"http:\/\/www.celttv.com.ar\/wp-content\/uploads\/2022\/08\/logo-1.png","width":461,"height":159,"caption":"CELTTV"},"image":{"@id":"https:\/\/www.celttv.com.ar\/#\/schema\/logo\/image\/"}},{"@type":"Person","@id":"https:\/\/www.celttv.com.ar\/#\/schema\/person\/6d99c072dba59953809c81446e9d0ace","name":"ulises","image":{"@type":"ImageObject","inLanguage":"es","@id":"https:\/\/www.celttv.com.ar\/#\/schema\/person\/image\/","url":"https:\/\/secure.gravatar.com\/avatar\/7f2c48bdc33b30088f941fb6082e555f2874c98e20cb159d7b92b50eadfce793?s=96&d=mm&r=g","contentUrl":"https:\/\/secure.gravatar.com\/avatar\/7f2c48bdc33b30088f941fb6082e555f2874c98e20cb159d7b92b50eadfce793?s=96&d=mm&r=g","caption":"ulises"},"sameAs":["http:\/\/www.celttv.com.ar"]}]}},"_links":{"self":[{"href":"https:\/\/www.celttv.com.ar\/index.php\/wp-json\/wp\/v2\/posts\/63997","targetHints":{"allow":["GET"]}}],"collection":[{"href":"https:\/\/www.celttv.com.ar\/index.php\/wp-json\/wp\/v2\/posts"}],"about":[{"href":"https:\/\/www.celttv.com.ar\/index.php\/wp-json\/wp\/v2\/types\/post"}],"author":[{"embeddable":true,"href":"https:\/\/www.celttv.com.ar\/index.php\/wp-json\/wp\/v2\/users\/1"}],"replies":[{"embeddable":true,"href":"https:\/\/www.celttv.com.ar\/index.php\/wp-json\/wp\/v2\/comments?post=63997"}],"version-history":[{"count":0,"href":"https:\/\/www.celttv.com.ar\/index.php\/wp-json\/wp\/v2\/posts\/63997\/revisions"}],"wp:featuredmedia":[{"embeddable":true,"href":"https:\/\/www.celttv.com.ar\/index.php\/wp-json\/wp\/v2\/media\/63998"}],"wp:attachment":[{"href":"https:\/\/www.celttv.com.ar\/index.php\/wp-json\/wp\/v2\/media?parent=63997"}],"wp:term":[{"taxonomy":"category","embeddable":true,"href":"https:\/\/www.celttv.com.ar\/index.php\/wp-json\/wp\/v2\/categories?post=63997"},{"taxonomy":"post_tag","embeddable":true,"href":"https:\/\/www.celttv.com.ar\/index.php\/wp-json\/wp\/v2\/tags?post=63997"}],"curies":[{"name":"wp","href":"https:\/\/api.w.org\/{rel}","templated":true}]}}