{"id":6407,"date":"2012-05-08T14:33:37","date_gmt":"2012-05-08T14:33:37","guid":{"rendered":"http:\/\/www.tvcnoticias.com.ar\/?p=6407"},"modified":"2012-05-08T14:33:37","modified_gmt":"2012-05-08T14:33:37","slug":"cultura-y-educacion-escribe-el-dr-mario-e-brozzone","status":"publish","type":"post","link":"https:\/\/www.celttv.com.ar\/index.php\/2012\/05\/08\/cultura-y-educacion-escribe-el-dr-mario-e-brozzone\/","title":{"rendered":"\u00bfCULTURA Y EDUCACION? (Escribe el Dr. Mario E. Bruzzone)"},"content":{"rendered":"<p>Redact\u00e9 lo esencial de estas l\u00edneas hace varios meses, pero por considerarlas importantes, ante la proximidad de las elecciones prefer\u00ed esperar para publicarlas, evitando que alguien pudiese \u201csospechar\u201d en ellas un trasfondo meramente electoralista, cosa que \u2014dicho sea de paso\u2014 jam\u00e1s pas\u00f3 por mi mente.<br \/>\nLuego la \u201cefervescencia\u201d del resultado electoral, y la proximidad de las vacaciones, hicieron que considerase que pod\u00edan pasar desapercibidas, y \u2014nuevamente lo digo\u2014 por la trascendencia que creo tiene el tema al que me referir\u00e9, estim\u00e9 conveniente aguardar al ciclo lectivo 2012 para difundirlas.<br \/>\n&#8211; &#8211; &#8211; &#8211;<br \/>\nHace tiempo que autoridades gubernamentales vienen mencionando \u2014y con todo \u201cbombo y platillo\u201d\u2014 el \u201cenorme avance\u201d alcanzado en el \u00e1mbito educativo, hecho que se habr\u00eda logrado al facilitar \u201cnetbooks\u201d a los alumnos secundarios.<br \/>\nIncluso, y como parte de la equivocada, e injusta cr\u00edtica a los docentes, fue un aspecto al que se refiri\u00f3 la Se\u00f1ora Presidente de la Naci\u00f3n, en el discurso inaugural de las sesiones ordinarias del Congreso.<br \/>\nCuando se inici\u00f3 el sistema, se asegur\u00f3 que hab\u00edan resuelto entregarlas para que todos los estudiantes del \u00e1mbito oficial pudieran aprovechar tal adelanto t\u00e9cnico, pues les permitir\u00eda mejorar sus expectativas de aprendizaje, hecho al que antes solo ten\u00edan acceso quienes prove\u00edan de hogares donde su capacidad econ\u00f3mica les facilitaba adquirir dicho elemento.<br \/>\nAnte ese argumento, ya por entonces llam\u00f3 mi atenci\u00f3n que la entrega no se realizara en forma m\u00e1s \u201cselectiva\u201d. Es decir, adjudic\u00e1ndoselas \u00fanicamente a los alumnos de escasos recursos econ\u00f3micos, y no a todos por igual.<br \/>\nPero, interpretando que era una m\u00e1s de las acostumbradas actitudes \u201celectoralistas\u201d a la que nos tienen acostumbrados los integrantes de la \u201cclase pol\u00edtica\u201d, consider\u00e9 innecesario efectuar comentario alguno al respecto.<br \/>\nTranscurrieron muchos meses hasta que las \u201cbenditas\u201c netbooks llegaron a uno de los lugares donde dicto clases (Tornquist) ya que se repartieron primero en los lugares densamente poblados, circunstancia que \u2014siguiendo la misma l\u00ednea de mi pensamiento\u2014 interpret\u00e9 que suced\u00eda porque es all\u00ed donde se encuentra el mayor n\u00famero de estudiantes, y, por supuesto, porque es tambi\u00e9n donde se encuentra la \u201cgran cantidad de votos\u201d, y por ende en los que se ten\u00eda mayor inter\u00e9s en repartirlas.<br \/>\nHasta all\u00ed, y como semejante accionar pol\u00edtico (o \u201cpolitiquero\u201d, ponga usted, amable lector, el nombre que prefiera al respecto) es algo que constituye una constante de la \u201cclase pol\u00edtica\u201d, no s\u00f3lo en nuestro pa\u00eds, sino de todo el mundo, continu\u00f3 sin preocuparme.<br \/>\nCuando finalmente pude verlas en poder de algunos de mis alumnos, me permiti\u00f3 conocer directamente el alcance que tienen y su contenido, as\u00ed como \u2014<strong>y \u00e9ste es el aspecto que me interesa recalcar, y que me llev\u00f3 a redactar estas l\u00edneas<\/strong>\u2014 el uso que los j\u00f3venes hacen de dichos aparatos.<br \/>\nLes pregunt\u00e9 si la famosa maquinita tra\u00eda juegos instalados (como sucede normalmente con todas las computadoras que adquirimos) ya que descontaba que, si era as\u00ed, ellos dedicar\u00edan una importante parte del d\u00eda a demostrar su destreza en tan \u201ceducativos\u201d menesteres.<br \/>\nPara mi tranquilidad me explicaron que no los tra\u00edan.<br \/>\nAunque \u2014a rengl\u00f3n seguido\u2014 me aclararon que contaban con la posibilidad de colocarles un \u201cpendriver\u201d con juegos, motivo por el cual igual pod\u00edan usarla para eso, acotaci\u00f3n que de inmediato ech\u00f3 por tierra la serenidad que me hab\u00eda suministrado la inicial respuesta recibida.<br \/>\nY con semejante posibilidad \u2014casi es superfluo mencion\u00e1rselos\u2014 es una de las actividades a la que, junto con las famosas \u201credes sociales\u201d, m\u00e1s dedican las netbooks.<br \/>\nPero lo que me intranquiliz\u00f3 mucho m\u00e1s, y es por lo que me siento obligado a publicar este art\u00edculo, es el otro uso masivo que reciben, pues me comentaron que poseen \u201cplena capacidad\u201d para navegar por Internet, por lo cual, profundizando mi interrogatorio, supe que tambi\u00e9n les permite ingresar \u2014y con absoluta libertad\u2014 en p\u00e1ginas de <strong><em><span style=\"text-decoration: underline;\">pornograf\u00eda<\/span><\/em><\/strong>.<br \/>\nY es fundamentalmente sobre ese aspecto que deseo llamar la atenci\u00f3n, ya que evidentemente eso choca, no s\u00f3lo con cualquier concepto de \u201ccultura y educaci\u00f3n\u201d \u2014a\u00fan el m\u00e1s bajo que uno pueda imaginar\u2014 sino que adem\u00e1s constituye algo absolutamente nefasto para el desarrollo de la juventud, conforme es f\u00e1cil verificarlo consultando especialistas al respecto, o ingresando en p\u00e1ginas que analizan los riesgos que presenta la pornograf\u00eda, sobre todo en los adolescentes y preadolescentes.<br \/>\nPor supuesto que podr\u00e1n decirme que las netbook son suministradas a los alumnos de los cursos superiores.<br \/>\nPero no es dif\u00edcil comprender, que ellos se encargan de difundir ese material entre las ni\u00f1as de menor edad.<br \/>\nPues bien; creo que la posibilidad de acceder a esas p\u00e1ginas que les otorgan las netbooks, no s\u00f3lo afecta seriamente el normal desarrollo de nuestra juventud, sino que adem\u00e1s permite a los j\u00f3venes evadir cualquier control que sus respectivos padres puedan efectuar en las computadoras que ellos adquieren para sus hijos, coloc\u00e1ndoles programas que impiden el acceso al material pornogr\u00e1fico.<br \/>\nY tal vez sea \u00e9se el \u00fanico sentido en que resulte real, que el suministrar dichas m\u00e1quinas sirva para poner en un pie de igualdad a \u201ctodos\u201d los estudiantes.<br \/>\nY como el espacio disponible es limitado no profundizar\u00e9 en m\u00e1s explicaciones sobre el tema, raz\u00f3n por la cual me permito se\u00f1alar algunas p\u00e1ginas que pueden consultar al respecto, aclar\u00e1ndoles que hay muchas m\u00e1s para ilustrarse sobre el particular.<br \/>\n<a href=\"http:\/\/www.educacioninfantil.com\/displayarticle97.html\">http:\/\/www.educacioninfantil.com\/displayarticle97.html<\/a><br \/>\n<a href=\"http:\/\/es.catholic.net\/sexualidadybioetica\/346\/781\/articulo.php?id=48356\">http:\/\/es.catholic.net\/sexualidadybioetica\/346\/781\/articulo.php?id=48356<\/a><br \/>\n<a href=\"http:\/\/www.monografias.com\/trabajos15\/pornografia\/pornografia.shtml\">http:\/\/www.monografias.com\/trabajos15\/pornografia\/pornografia.shtml<\/a><br \/>\nPor eso considero que es ineludible colocarles programas que impidan el acceso a la pornograf\u00eda, cosa que \u2014seg\u00fan me explicaron algunos docentes especializados en computaci\u00f3n\u2014 fue lo que se mencion\u00f3 inicialmente que se efectuar\u00eda.<br \/>\nMario Enrique Bruzzone<br \/>\nD.N.I. n\u00ba 5.502.542<br \/>\nVon Bulow s\/n\u00ba<br \/>\nSierra de La Ventana<\/p>\n","protected":false},"excerpt":{"rendered":"<p>Redact\u00e9 lo esencial de estas l\u00edneas hace varios meses, pero por considerarlas importantes, ante la proximidad de las elecciones prefer\u00ed esperar para publicarlas, evitando que alguien pudiese \u201csospechar\u201d en ellas un trasfondo meramente electoralista, cosa que \u2014dicho sea de paso\u2014 jam\u00e1s pas\u00f3 por mi mente. Luego la \u201cefervescencia\u201d del resultado electoral, y la proximidad de [&hellip;]<\/p>\n","protected":false},"author":1,"featured_media":0,"comment_status":"closed","ping_status":"open","sticky":false,"template":"","format":"standard","meta":{"footnotes":""},"categories":[95],"tags":[],"class_list":["post-6407","post","type-post","status-publish","format-standard","hentry","category-opiniones"],"yoast_head":"<!-- This site is optimized with the Yoast SEO plugin v19.7.1 - https:\/\/yoast.com\/wordpress\/plugins\/seo\/ -->\n<title>\u00bfCULTURA Y EDUCACION? (Escribe el Dr. Mario E. Bruzzone) - CELTTV<\/title>\n<meta name=\"description\" content=\"Sitio web de noticias de la localidad de Tornquist, provincia de Buenos Aires, Rep\u00fablica Argentina. Contenido propio originado por periodistas de CELTTV, el canal de TV local de la Cooperativa El\u00e9ctrica de Tornquist. Turismo, Pol\u00edtica, Sociedad, Deporte, Cultura y todo el contenido de inter\u00e9s general que la gente del pueblo y la regi\u00f3n debe conocer.\" \/>\n<meta name=\"robots\" content=\"index, follow, max-snippet:-1, max-image-preview:large, max-video-preview:-1\" \/>\n<link rel=\"canonical\" href=\"https:\/\/www.celttv.com.ar\/index.php\/2012\/05\/08\/cultura-y-educacion-escribe-el-dr-mario-e-brozzone\/\" \/>\n<meta property=\"og:locale\" content=\"es_ES\" \/>\n<meta property=\"og:type\" content=\"article\" \/>\n<meta property=\"og:title\" content=\"\u00bfCULTURA Y EDUCACION? (Escribe el Dr. Mario E. Bruzzone) - CELTTV\" \/>\n<meta property=\"og:description\" content=\"Sitio web de noticias de la localidad de Tornquist, provincia de Buenos Aires, Rep\u00fablica Argentina. Contenido propio originado por periodistas de CELTTV, el canal de TV local de la Cooperativa El\u00e9ctrica de Tornquist. Turismo, Pol\u00edtica, Sociedad, Deporte, Cultura y todo el contenido de inter\u00e9s general que la gente del pueblo y la regi\u00f3n debe conocer.\" \/>\n<meta property=\"og:url\" content=\"https:\/\/www.celttv.com.ar\/index.php\/2012\/05\/08\/cultura-y-educacion-escribe-el-dr-mario-e-brozzone\/\" \/>\n<meta property=\"og:site_name\" content=\"CELTTV\" \/>\n<meta property=\"article:publisher\" content=\"https:\/\/www.facebook.com\/celtTV\/\" \/>\n<meta property=\"article:published_time\" content=\"2012-05-08T14:33:37+00:00\" \/>\n<meta name=\"author\" content=\"ulises\" \/>\n<meta name=\"twitter:card\" content=\"summary_large_image\" \/>\n<meta name=\"twitter:label1\" content=\"Escrito por\" \/>\n\t<meta name=\"twitter:data1\" content=\"ulises\" \/>\n\t<meta name=\"twitter:label2\" content=\"Tiempo de lectura\" \/>\n\t<meta name=\"twitter:data2\" content=\"5 minutos\" \/>\n<script type=\"application\/ld+json\" class=\"yoast-schema-graph\">{\"@context\":\"https:\/\/schema.org\",\"@graph\":[{\"@type\":\"NewsArticle\",\"@id\":\"https:\/\/www.celttv.com.ar\/index.php\/2012\/05\/08\/cultura-y-educacion-escribe-el-dr-mario-e-brozzone\/#article\",\"isPartOf\":{\"@id\":\"https:\/\/www.celttv.com.ar\/index.php\/2012\/05\/08\/cultura-y-educacion-escribe-el-dr-mario-e-brozzone\/\"},\"author\":{\"name\":\"ulises\",\"@id\":\"https:\/\/www.celttv.com.ar\/#\/schema\/person\/6d99c072dba59953809c81446e9d0ace\"},\"headline\":\"\u00bfCULTURA Y EDUCACION? (Escribe el Dr. Mario E. Bruzzone)\",\"datePublished\":\"2012-05-08T14:33:37+00:00\",\"dateModified\":\"2012-05-08T14:33:37+00:00\",\"mainEntityOfPage\":{\"@id\":\"https:\/\/www.celttv.com.ar\/index.php\/2012\/05\/08\/cultura-y-educacion-escribe-el-dr-mario-e-brozzone\/\"},\"wordCount\":1015,\"publisher\":{\"@id\":\"https:\/\/www.celttv.com.ar\/#organization\"},\"articleSection\":[\"Opiniones\"],\"inLanguage\":\"es\"},{\"@type\":\"WebPage\",\"@id\":\"https:\/\/www.celttv.com.ar\/index.php\/2012\/05\/08\/cultura-y-educacion-escribe-el-dr-mario-e-brozzone\/\",\"url\":\"https:\/\/www.celttv.com.ar\/index.php\/2012\/05\/08\/cultura-y-educacion-escribe-el-dr-mario-e-brozzone\/\",\"name\":\"\u00bfCULTURA Y EDUCACION? (Escribe el Dr. Mario E. Bruzzone) - CELTTV\",\"isPartOf\":{\"@id\":\"https:\/\/www.celttv.com.ar\/#website\"},\"datePublished\":\"2012-05-08T14:33:37+00:00\",\"dateModified\":\"2012-05-08T14:33:37+00:00\",\"description\":\"Sitio web de noticias de la localidad de Tornquist, provincia de Buenos Aires, Rep\u00fablica Argentina. Contenido propio originado por periodistas de CELTTV, el canal de TV local de la Cooperativa El\u00e9ctrica de Tornquist. Turismo, Pol\u00edtica, Sociedad, Deporte, Cultura y todo el contenido de inter\u00e9s general que la gente del pueblo y la regi\u00f3n debe conocer.\",\"breadcrumb\":{\"@id\":\"https:\/\/www.celttv.com.ar\/index.php\/2012\/05\/08\/cultura-y-educacion-escribe-el-dr-mario-e-brozzone\/#breadcrumb\"},\"inLanguage\":\"es\",\"potentialAction\":[{\"@type\":\"ReadAction\",\"target\":[\"https:\/\/www.celttv.com.ar\/index.php\/2012\/05\/08\/cultura-y-educacion-escribe-el-dr-mario-e-brozzone\/\"]}]},{\"@type\":\"BreadcrumbList\",\"@id\":\"https:\/\/www.celttv.com.ar\/index.php\/2012\/05\/08\/cultura-y-educacion-escribe-el-dr-mario-e-brozzone\/#breadcrumb\",\"itemListElement\":[{\"@type\":\"ListItem\",\"position\":1,\"name\":\"Inicio\",\"item\":\"https:\/\/www.celttv.com.ar\/\"},{\"@type\":\"ListItem\",\"position\":2,\"name\":\"\u00bfCULTURA Y EDUCACION? (Escribe el Dr. Mario E. Bruzzone)\"}]},{\"@type\":\"WebSite\",\"@id\":\"https:\/\/www.celttv.com.ar\/#website\",\"url\":\"https:\/\/www.celttv.com.ar\/\",\"name\":\"CELTTV\",\"description\":\"Cooperativa El\u00e9ctrica de Tornquist\",\"publisher\":{\"@id\":\"https:\/\/www.celttv.com.ar\/#organization\"},\"potentialAction\":[{\"@type\":\"SearchAction\",\"target\":{\"@type\":\"EntryPoint\",\"urlTemplate\":\"https:\/\/www.celttv.com.ar\/?s={search_term_string}\"},\"query-input\":\"required name=search_term_string\"}],\"inLanguage\":\"es\"},{\"@type\":\"Organization\",\"@id\":\"https:\/\/www.celttv.com.ar\/#organization\",\"name\":\"CELTTV\",\"url\":\"https:\/\/www.celttv.com.ar\/\",\"sameAs\":[\"https:\/\/www.youtube.com\/channel\/UCz_oIt8Hig64Ub-EmcNPIhg\",\"https:\/\/www.facebook.com\/celtTV\/\"],\"logo\":{\"@type\":\"ImageObject\",\"inLanguage\":\"es\",\"@id\":\"https:\/\/www.celttv.com.ar\/#\/schema\/logo\/image\/\",\"url\":\"http:\/\/www.celttv.com.ar\/wp-content\/uploads\/2022\/08\/logo-1.png\",\"contentUrl\":\"http:\/\/www.celttv.com.ar\/wp-content\/uploads\/2022\/08\/logo-1.png\",\"width\":461,\"height\":159,\"caption\":\"CELTTV\"},\"image\":{\"@id\":\"https:\/\/www.celttv.com.ar\/#\/schema\/logo\/image\/\"}},{\"@type\":\"Person\",\"@id\":\"https:\/\/www.celttv.com.ar\/#\/schema\/person\/6d99c072dba59953809c81446e9d0ace\",\"name\":\"ulises\",\"image\":{\"@type\":\"ImageObject\",\"inLanguage\":\"es\",\"@id\":\"https:\/\/www.celttv.com.ar\/#\/schema\/person\/image\/\",\"url\":\"https:\/\/secure.gravatar.com\/avatar\/7f2c48bdc33b30088f941fb6082e555f2874c98e20cb159d7b92b50eadfce793?s=96&d=mm&r=g\",\"contentUrl\":\"https:\/\/secure.gravatar.com\/avatar\/7f2c48bdc33b30088f941fb6082e555f2874c98e20cb159d7b92b50eadfce793?s=96&d=mm&r=g\",\"caption\":\"ulises\"},\"sameAs\":[\"http:\/\/www.celttv.com.ar\"]}]}<\/script>\n<!-- \/ Yoast SEO plugin. -->","yoast_head_json":{"title":"\u00bfCULTURA Y EDUCACION? (Escribe el Dr. Mario E. Bruzzone) - CELTTV","description":"Sitio web de noticias de la localidad de Tornquist, provincia de Buenos Aires, Rep\u00fablica Argentina. Contenido propio originado por periodistas de CELTTV, el canal de TV local de la Cooperativa El\u00e9ctrica de Tornquist. Turismo, Pol\u00edtica, Sociedad, Deporte, Cultura y todo el contenido de inter\u00e9s general que la gente del pueblo y la regi\u00f3n debe conocer.","robots":{"index":"index","follow":"follow","max-snippet":"max-snippet:-1","max-image-preview":"max-image-preview:large","max-video-preview":"max-video-preview:-1"},"canonical":"https:\/\/www.celttv.com.ar\/index.php\/2012\/05\/08\/cultura-y-educacion-escribe-el-dr-mario-e-brozzone\/","og_locale":"es_ES","og_type":"article","og_title":"\u00bfCULTURA Y EDUCACION? (Escribe el Dr. Mario E. Bruzzone) - CELTTV","og_description":"Sitio web de noticias de la localidad de Tornquist, provincia de Buenos Aires, Rep\u00fablica Argentina. Contenido propio originado por periodistas de CELTTV, el canal de TV local de la Cooperativa El\u00e9ctrica de Tornquist. Turismo, Pol\u00edtica, Sociedad, Deporte, Cultura y todo el contenido de inter\u00e9s general que la gente del pueblo y la regi\u00f3n debe conocer.","og_url":"https:\/\/www.celttv.com.ar\/index.php\/2012\/05\/08\/cultura-y-educacion-escribe-el-dr-mario-e-brozzone\/","og_site_name":"CELTTV","article_publisher":"https:\/\/www.facebook.com\/celtTV\/","article_published_time":"2012-05-08T14:33:37+00:00","author":"ulises","twitter_card":"summary_large_image","twitter_misc":{"Escrito por":"ulises","Tiempo de lectura":"5 minutos"},"schema":{"@context":"https:\/\/schema.org","@graph":[{"@type":"NewsArticle","@id":"https:\/\/www.celttv.com.ar\/index.php\/2012\/05\/08\/cultura-y-educacion-escribe-el-dr-mario-e-brozzone\/#article","isPartOf":{"@id":"https:\/\/www.celttv.com.ar\/index.php\/2012\/05\/08\/cultura-y-educacion-escribe-el-dr-mario-e-brozzone\/"},"author":{"name":"ulises","@id":"https:\/\/www.celttv.com.ar\/#\/schema\/person\/6d99c072dba59953809c81446e9d0ace"},"headline":"\u00bfCULTURA Y EDUCACION? (Escribe el Dr. Mario E. Bruzzone)","datePublished":"2012-05-08T14:33:37+00:00","dateModified":"2012-05-08T14:33:37+00:00","mainEntityOfPage":{"@id":"https:\/\/www.celttv.com.ar\/index.php\/2012\/05\/08\/cultura-y-educacion-escribe-el-dr-mario-e-brozzone\/"},"wordCount":1015,"publisher":{"@id":"https:\/\/www.celttv.com.ar\/#organization"},"articleSection":["Opiniones"],"inLanguage":"es"},{"@type":"WebPage","@id":"https:\/\/www.celttv.com.ar\/index.php\/2012\/05\/08\/cultura-y-educacion-escribe-el-dr-mario-e-brozzone\/","url":"https:\/\/www.celttv.com.ar\/index.php\/2012\/05\/08\/cultura-y-educacion-escribe-el-dr-mario-e-brozzone\/","name":"\u00bfCULTURA Y EDUCACION? (Escribe el Dr. Mario E. Bruzzone) - CELTTV","isPartOf":{"@id":"https:\/\/www.celttv.com.ar\/#website"},"datePublished":"2012-05-08T14:33:37+00:00","dateModified":"2012-05-08T14:33:37+00:00","description":"Sitio web de noticias de la localidad de Tornquist, provincia de Buenos Aires, Rep\u00fablica Argentina. Contenido propio originado por periodistas de CELTTV, el canal de TV local de la Cooperativa El\u00e9ctrica de Tornquist. Turismo, Pol\u00edtica, Sociedad, Deporte, Cultura y todo el contenido de inter\u00e9s general que la gente del pueblo y la regi\u00f3n debe conocer.","breadcrumb":{"@id":"https:\/\/www.celttv.com.ar\/index.php\/2012\/05\/08\/cultura-y-educacion-escribe-el-dr-mario-e-brozzone\/#breadcrumb"},"inLanguage":"es","potentialAction":[{"@type":"ReadAction","target":["https:\/\/www.celttv.com.ar\/index.php\/2012\/05\/08\/cultura-y-educacion-escribe-el-dr-mario-e-brozzone\/"]}]},{"@type":"BreadcrumbList","@id":"https:\/\/www.celttv.com.ar\/index.php\/2012\/05\/08\/cultura-y-educacion-escribe-el-dr-mario-e-brozzone\/#breadcrumb","itemListElement":[{"@type":"ListItem","position":1,"name":"Inicio","item":"https:\/\/www.celttv.com.ar\/"},{"@type":"ListItem","position":2,"name":"\u00bfCULTURA Y EDUCACION? (Escribe el Dr. Mario E. Bruzzone)"}]},{"@type":"WebSite","@id":"https:\/\/www.celttv.com.ar\/#website","url":"https:\/\/www.celttv.com.ar\/","name":"CELTTV","description":"Cooperativa El\u00e9ctrica de Tornquist","publisher":{"@id":"https:\/\/www.celttv.com.ar\/#organization"},"potentialAction":[{"@type":"SearchAction","target":{"@type":"EntryPoint","urlTemplate":"https:\/\/www.celttv.com.ar\/?s={search_term_string}"},"query-input":"required name=search_term_string"}],"inLanguage":"es"},{"@type":"Organization","@id":"https:\/\/www.celttv.com.ar\/#organization","name":"CELTTV","url":"https:\/\/www.celttv.com.ar\/","sameAs":["https:\/\/www.youtube.com\/channel\/UCz_oIt8Hig64Ub-EmcNPIhg","https:\/\/www.facebook.com\/celtTV\/"],"logo":{"@type":"ImageObject","inLanguage":"es","@id":"https:\/\/www.celttv.com.ar\/#\/schema\/logo\/image\/","url":"http:\/\/www.celttv.com.ar\/wp-content\/uploads\/2022\/08\/logo-1.png","contentUrl":"http:\/\/www.celttv.com.ar\/wp-content\/uploads\/2022\/08\/logo-1.png","width":461,"height":159,"caption":"CELTTV"},"image":{"@id":"https:\/\/www.celttv.com.ar\/#\/schema\/logo\/image\/"}},{"@type":"Person","@id":"https:\/\/www.celttv.com.ar\/#\/schema\/person\/6d99c072dba59953809c81446e9d0ace","name":"ulises","image":{"@type":"ImageObject","inLanguage":"es","@id":"https:\/\/www.celttv.com.ar\/#\/schema\/person\/image\/","url":"https:\/\/secure.gravatar.com\/avatar\/7f2c48bdc33b30088f941fb6082e555f2874c98e20cb159d7b92b50eadfce793?s=96&d=mm&r=g","contentUrl":"https:\/\/secure.gravatar.com\/avatar\/7f2c48bdc33b30088f941fb6082e555f2874c98e20cb159d7b92b50eadfce793?s=96&d=mm&r=g","caption":"ulises"},"sameAs":["http:\/\/www.celttv.com.ar"]}]}},"_links":{"self":[{"href":"https:\/\/www.celttv.com.ar\/index.php\/wp-json\/wp\/v2\/posts\/6407","targetHints":{"allow":["GET"]}}],"collection":[{"href":"https:\/\/www.celttv.com.ar\/index.php\/wp-json\/wp\/v2\/posts"}],"about":[{"href":"https:\/\/www.celttv.com.ar\/index.php\/wp-json\/wp\/v2\/types\/post"}],"author":[{"embeddable":true,"href":"https:\/\/www.celttv.com.ar\/index.php\/wp-json\/wp\/v2\/users\/1"}],"replies":[{"embeddable":true,"href":"https:\/\/www.celttv.com.ar\/index.php\/wp-json\/wp\/v2\/comments?post=6407"}],"version-history":[{"count":0,"href":"https:\/\/www.celttv.com.ar\/index.php\/wp-json\/wp\/v2\/posts\/6407\/revisions"}],"wp:attachment":[{"href":"https:\/\/www.celttv.com.ar\/index.php\/wp-json\/wp\/v2\/media?parent=6407"}],"wp:term":[{"taxonomy":"category","embeddable":true,"href":"https:\/\/www.celttv.com.ar\/index.php\/wp-json\/wp\/v2\/categories?post=6407"},{"taxonomy":"post_tag","embeddable":true,"href":"https:\/\/www.celttv.com.ar\/index.php\/wp-json\/wp\/v2\/tags?post=6407"}],"curies":[{"name":"wp","href":"https:\/\/api.w.org\/{rel}","templated":true}]}}