{"id":6437,"date":"2012-05-10T18:06:29","date_gmt":"2012-05-10T18:06:29","guid":{"rendered":"http:\/\/www.tvcnoticias.com.ar\/?p=6437"},"modified":"2012-05-10T18:06:29","modified_gmt":"2012-05-10T18:06:29","slug":"medio-ambiente-el-miercoles-se-recolectara-el-aceite-vegetal-usado","status":"publish","type":"post","link":"https:\/\/www.celttv.com.ar\/index.php\/2012\/05\/10\/medio-ambiente-el-miercoles-se-recolectara-el-aceite-vegetal-usado\/","title":{"rendered":"MEDIO AMBIENTE: EL MIERCOLES SE RECOLECTARA EL ACEITE VEGETAL USADO"},"content":{"rendered":"<p><img loading=\"lazy\" decoding=\"async\" class=\"aligncenter size-full wp-image-6438\" title=\"ACEITE RECICLADO (Medium)\" src=\"http:\/\/www.tvcnoticias.com.ar\/wp-content\/uploads\/2012\/05\/ACEITE-RECICLADO-Medium.jpg\" alt=\"\" width=\"800\" height=\"600\" \/><br \/>\nLa primera recolecci\u00f3n de aceite comestible usado se realizar\u00e1 el pr\u00f3ximo mi\u00e9rcoles, cuando el cami\u00f3n de la empresa RBA Ambiental visite el distrito y recorra los lugares en donde se encuentran colocados los recipientes para tal fin.<br \/>\n\u00a0\u00a0 Esta acci\u00f3n se encuentra enmarcada dentro del Programa BIO, que lleva adelante la Secretar\u00eda de Producci\u00f3n y Medio Ambiente de la Municipalidad de Tornquist, y tiene como objetivo disminuir la contaminaci\u00f3n\u00a0provocada por el vertido de aceite vegetal usado en la red cloacal y en el basurero local.<br \/>\n\u00a0\u00a0 Mediante\u00a0 este l\u00edquido se obtiene biodiesel, un combustible renovable que puede reemplazar al gasoil.\u00a0 Gracias al aporte de los vecinos y comerciantes del sector gastron\u00f3mico adheridos (Kalas, \u00a0T\u00eda Maruca, Su Restobar, \u00a0Confiter\u00eda Automoto, \u00a0Del\u00edvery Pizza, Pizzer\u00eda Bon Piaccere y Rotiser\u00eda Zokos), la\u00a0firma recolectora entregar\u00e1 una ayuda econ\u00f3mica al Taller Protegido de Tornquist y la ONG Ambiente Comarca de Sierra de la Ventana.<br \/>\n\u00a0\u00a0\u00a0 Para colaborar, se debe depositar el aceite vegetal ya utilizado, sin restos de comidas u otros, en un recipiente adecuado, para despu\u00e9s acercarlo a los lugares dispuestos para su recolecci\u00f3n: en Tornquist, la sede del Taller Protegido, en el horario de 9.00 a 13.00, y en Sierra de la Ventana, en la Delegaci\u00f3n Municipal, de 8.00 a 13.00.<br \/>\n\u00a0\u00a0\u00a0 Por otro lado, se comunica que aquellos comercios y empresas gastron\u00f3micas que deseen adherirse ser\u00e1n informados del circuito de recolecci\u00f3n correspondiente.<br \/>\n\u00a0\u00a0 Es importante destacar que en la implementaci\u00f3n de este programa trabajan conjuntamente el Municipio de Tornquist, el Organismo Provincial para el Desarrollo Sostenible de la Provincia de Buenos Aires (OPDS), el Taller Protegido de Tornquist y la ONG Ambiente Comarca.<br \/>\n\u00a0\u00a0 Para mayor informaci\u00f3n pueden comunicarse al tel\u00e9fono 0291-4940075\/076 Interno 104 o por correo electr\u00f3nico a la direcci\u00f3n <a href=\"mailto:unidadcoordinadora@yahoo.com.ar\" target=\"_blank\" rel=\"noopener\">unidadcoordinadora@yahoo.com.ar<\/a><\/p>\n","protected":false},"excerpt":{"rendered":"<p>La primera recolecci\u00f3n de aceite comestible usado se realizar\u00e1 el pr\u00f3ximo mi\u00e9rcoles, cuando el cami\u00f3n de la empresa RBA Ambiental visite el distrito y recorra los lugares en donde se encuentran colocados los recipientes para tal fin. \u00a0\u00a0 Esta acci\u00f3n se encuentra enmarcada dentro del Programa BIO, que lleva adelante la Secretar\u00eda de Producci\u00f3n y [&hellip;]<\/p>\n","protected":false},"author":1,"featured_media":0,"comment_status":"closed","ping_status":"open","sticky":false,"template":"","format":"standard","meta":{"footnotes":""},"categories":[51,52,53],"tags":[],"class_list":["post-6437","post","type-post","status-publish","format-standard","hentry","category-comunidad","category-destacadas","category-politica"],"yoast_head":"<!-- This site is optimized with the Yoast SEO plugin v19.7.1 - https:\/\/yoast.com\/wordpress\/plugins\/seo\/ -->\n<title>MEDIO AMBIENTE: EL MIERCOLES SE RECOLECTARA EL ACEITE VEGETAL USADO - CELTTV<\/title>\n<meta name=\"description\" content=\"Sitio web de noticias de la localidad de Tornquist, provincia de Buenos Aires, Rep\u00fablica Argentina. Contenido propio originado por periodistas de CELTTV, el canal de TV local de la Cooperativa El\u00e9ctrica de Tornquist. Turismo, Pol\u00edtica, Sociedad, Deporte, Cultura y todo el contenido de inter\u00e9s general que la gente del pueblo y la regi\u00f3n debe conocer.\" \/>\n<meta name=\"robots\" content=\"index, follow, max-snippet:-1, max-image-preview:large, max-video-preview:-1\" \/>\n<link rel=\"canonical\" href=\"https:\/\/www.celttv.com.ar\/index.php\/2012\/05\/10\/medio-ambiente-el-miercoles-se-recolectara-el-aceite-vegetal-usado\/\" \/>\n<meta property=\"og:locale\" content=\"es_ES\" \/>\n<meta property=\"og:type\" content=\"article\" \/>\n<meta property=\"og:title\" content=\"MEDIO AMBIENTE: EL MIERCOLES SE RECOLECTARA EL ACEITE VEGETAL USADO - CELTTV\" \/>\n<meta property=\"og:description\" content=\"Sitio web de noticias de la localidad de Tornquist, provincia de Buenos Aires, Rep\u00fablica Argentina. Contenido propio originado por periodistas de CELTTV, el canal de TV local de la Cooperativa El\u00e9ctrica de Tornquist. Turismo, Pol\u00edtica, Sociedad, Deporte, Cultura y todo el contenido de inter\u00e9s general que la gente del pueblo y la regi\u00f3n debe conocer.\" \/>\n<meta property=\"og:url\" content=\"https:\/\/www.celttv.com.ar\/index.php\/2012\/05\/10\/medio-ambiente-el-miercoles-se-recolectara-el-aceite-vegetal-usado\/\" \/>\n<meta property=\"og:site_name\" content=\"CELTTV\" \/>\n<meta property=\"article:publisher\" content=\"https:\/\/www.facebook.com\/celtTV\/\" \/>\n<meta property=\"article:published_time\" content=\"2012-05-10T18:06:29+00:00\" \/>\n<meta property=\"og:image\" content=\"http:\/\/www.tvcnoticias.com.ar\/wp-content\/uploads\/2012\/05\/ACEITE-RECICLADO-Medium.jpg\" \/>\n<meta name=\"author\" content=\"ulises\" \/>\n<meta name=\"twitter:card\" content=\"summary_large_image\" \/>\n<meta name=\"twitter:label1\" content=\"Escrito por\" \/>\n\t<meta name=\"twitter:data1\" content=\"ulises\" \/>\n\t<meta name=\"twitter:label2\" content=\"Tiempo de lectura\" \/>\n\t<meta name=\"twitter:data2\" content=\"2 minutos\" \/>\n<script type=\"application\/ld+json\" class=\"yoast-schema-graph\">{\"@context\":\"https:\/\/schema.org\",\"@graph\":[{\"@type\":\"NewsArticle\",\"@id\":\"https:\/\/www.celttv.com.ar\/index.php\/2012\/05\/10\/medio-ambiente-el-miercoles-se-recolectara-el-aceite-vegetal-usado\/#article\",\"isPartOf\":{\"@id\":\"https:\/\/www.celttv.com.ar\/index.php\/2012\/05\/10\/medio-ambiente-el-miercoles-se-recolectara-el-aceite-vegetal-usado\/\"},\"author\":{\"name\":\"ulises\",\"@id\":\"https:\/\/www.celttv.com.ar\/#\/schema\/person\/6d99c072dba59953809c81446e9d0ace\"},\"headline\":\"MEDIO AMBIENTE: EL MIERCOLES SE RECOLECTARA EL ACEITE VEGETAL USADO\",\"datePublished\":\"2012-05-10T18:06:29+00:00\",\"dateModified\":\"2012-05-10T18:06:29+00:00\",\"mainEntityOfPage\":{\"@id\":\"https:\/\/www.celttv.com.ar\/index.php\/2012\/05\/10\/medio-ambiente-el-miercoles-se-recolectara-el-aceite-vegetal-usado\/\"},\"wordCount\":320,\"publisher\":{\"@id\":\"https:\/\/www.celttv.com.ar\/#organization\"},\"articleSection\":[\"Comunidad\",\"Destacadas\",\"Pol\u00edtica\"],\"inLanguage\":\"es\"},{\"@type\":\"WebPage\",\"@id\":\"https:\/\/www.celttv.com.ar\/index.php\/2012\/05\/10\/medio-ambiente-el-miercoles-se-recolectara-el-aceite-vegetal-usado\/\",\"url\":\"https:\/\/www.celttv.com.ar\/index.php\/2012\/05\/10\/medio-ambiente-el-miercoles-se-recolectara-el-aceite-vegetal-usado\/\",\"name\":\"MEDIO AMBIENTE: EL MIERCOLES SE RECOLECTARA EL ACEITE VEGETAL USADO - CELTTV\",\"isPartOf\":{\"@id\":\"https:\/\/www.celttv.com.ar\/#website\"},\"datePublished\":\"2012-05-10T18:06:29+00:00\",\"dateModified\":\"2012-05-10T18:06:29+00:00\",\"description\":\"Sitio web de noticias de la localidad de Tornquist, provincia de Buenos Aires, Rep\u00fablica Argentina. Contenido propio originado por periodistas de CELTTV, el canal de TV local de la Cooperativa El\u00e9ctrica de Tornquist. Turismo, Pol\u00edtica, Sociedad, Deporte, Cultura y todo el contenido de inter\u00e9s general que la gente del pueblo y la regi\u00f3n debe conocer.\",\"breadcrumb\":{\"@id\":\"https:\/\/www.celttv.com.ar\/index.php\/2012\/05\/10\/medio-ambiente-el-miercoles-se-recolectara-el-aceite-vegetal-usado\/#breadcrumb\"},\"inLanguage\":\"es\",\"potentialAction\":[{\"@type\":\"ReadAction\",\"target\":[\"https:\/\/www.celttv.com.ar\/index.php\/2012\/05\/10\/medio-ambiente-el-miercoles-se-recolectara-el-aceite-vegetal-usado\/\"]}]},{\"@type\":\"BreadcrumbList\",\"@id\":\"https:\/\/www.celttv.com.ar\/index.php\/2012\/05\/10\/medio-ambiente-el-miercoles-se-recolectara-el-aceite-vegetal-usado\/#breadcrumb\",\"itemListElement\":[{\"@type\":\"ListItem\",\"position\":1,\"name\":\"Inicio\",\"item\":\"https:\/\/www.celttv.com.ar\/\"},{\"@type\":\"ListItem\",\"position\":2,\"name\":\"MEDIO AMBIENTE: EL MIERCOLES SE RECOLECTARA EL ACEITE VEGETAL USADO\"}]},{\"@type\":\"WebSite\",\"@id\":\"https:\/\/www.celttv.com.ar\/#website\",\"url\":\"https:\/\/www.celttv.com.ar\/\",\"name\":\"CELTTV\",\"description\":\"Cooperativa El\u00e9ctrica de Tornquist\",\"publisher\":{\"@id\":\"https:\/\/www.celttv.com.ar\/#organization\"},\"potentialAction\":[{\"@type\":\"SearchAction\",\"target\":{\"@type\":\"EntryPoint\",\"urlTemplate\":\"https:\/\/www.celttv.com.ar\/?s={search_term_string}\"},\"query-input\":\"required name=search_term_string\"}],\"inLanguage\":\"es\"},{\"@type\":\"Organization\",\"@id\":\"https:\/\/www.celttv.com.ar\/#organization\",\"name\":\"CELTTV\",\"url\":\"https:\/\/www.celttv.com.ar\/\",\"sameAs\":[\"https:\/\/www.youtube.com\/channel\/UCz_oIt8Hig64Ub-EmcNPIhg\",\"https:\/\/www.facebook.com\/celtTV\/\"],\"logo\":{\"@type\":\"ImageObject\",\"inLanguage\":\"es\",\"@id\":\"https:\/\/www.celttv.com.ar\/#\/schema\/logo\/image\/\",\"url\":\"http:\/\/www.celttv.com.ar\/wp-content\/uploads\/2022\/08\/logo-1.png\",\"contentUrl\":\"http:\/\/www.celttv.com.ar\/wp-content\/uploads\/2022\/08\/logo-1.png\",\"width\":461,\"height\":159,\"caption\":\"CELTTV\"},\"image\":{\"@id\":\"https:\/\/www.celttv.com.ar\/#\/schema\/logo\/image\/\"}},{\"@type\":\"Person\",\"@id\":\"https:\/\/www.celttv.com.ar\/#\/schema\/person\/6d99c072dba59953809c81446e9d0ace\",\"name\":\"ulises\",\"image\":{\"@type\":\"ImageObject\",\"inLanguage\":\"es\",\"@id\":\"https:\/\/www.celttv.com.ar\/#\/schema\/person\/image\/\",\"url\":\"https:\/\/secure.gravatar.com\/avatar\/7f2c48bdc33b30088f941fb6082e555f2874c98e20cb159d7b92b50eadfce793?s=96&d=mm&r=g\",\"contentUrl\":\"https:\/\/secure.gravatar.com\/avatar\/7f2c48bdc33b30088f941fb6082e555f2874c98e20cb159d7b92b50eadfce793?s=96&d=mm&r=g\",\"caption\":\"ulises\"},\"sameAs\":[\"http:\/\/www.celttv.com.ar\"]}]}<\/script>\n<!-- \/ Yoast SEO plugin. -->","yoast_head_json":{"title":"MEDIO AMBIENTE: EL MIERCOLES SE RECOLECTARA EL ACEITE VEGETAL USADO - CELTTV","description":"Sitio web de noticias de la localidad de Tornquist, provincia de Buenos Aires, Rep\u00fablica Argentina. Contenido propio originado por periodistas de CELTTV, el canal de TV local de la Cooperativa El\u00e9ctrica de Tornquist. Turismo, Pol\u00edtica, Sociedad, Deporte, Cultura y todo el contenido de inter\u00e9s general que la gente del pueblo y la regi\u00f3n debe conocer.","robots":{"index":"index","follow":"follow","max-snippet":"max-snippet:-1","max-image-preview":"max-image-preview:large","max-video-preview":"max-video-preview:-1"},"canonical":"https:\/\/www.celttv.com.ar\/index.php\/2012\/05\/10\/medio-ambiente-el-miercoles-se-recolectara-el-aceite-vegetal-usado\/","og_locale":"es_ES","og_type":"article","og_title":"MEDIO AMBIENTE: EL MIERCOLES SE RECOLECTARA EL ACEITE VEGETAL USADO - CELTTV","og_description":"Sitio web de noticias de la localidad de Tornquist, provincia de Buenos Aires, Rep\u00fablica Argentina. Contenido propio originado por periodistas de CELTTV, el canal de TV local de la Cooperativa El\u00e9ctrica de Tornquist. Turismo, Pol\u00edtica, Sociedad, Deporte, Cultura y todo el contenido de inter\u00e9s general que la gente del pueblo y la regi\u00f3n debe conocer.","og_url":"https:\/\/www.celttv.com.ar\/index.php\/2012\/05\/10\/medio-ambiente-el-miercoles-se-recolectara-el-aceite-vegetal-usado\/","og_site_name":"CELTTV","article_publisher":"https:\/\/www.facebook.com\/celtTV\/","article_published_time":"2012-05-10T18:06:29+00:00","og_image":[{"url":"http:\/\/www.tvcnoticias.com.ar\/wp-content\/uploads\/2012\/05\/ACEITE-RECICLADO-Medium.jpg"}],"author":"ulises","twitter_card":"summary_large_image","twitter_misc":{"Escrito por":"ulises","Tiempo de lectura":"2 minutos"},"schema":{"@context":"https:\/\/schema.org","@graph":[{"@type":"NewsArticle","@id":"https:\/\/www.celttv.com.ar\/index.php\/2012\/05\/10\/medio-ambiente-el-miercoles-se-recolectara-el-aceite-vegetal-usado\/#article","isPartOf":{"@id":"https:\/\/www.celttv.com.ar\/index.php\/2012\/05\/10\/medio-ambiente-el-miercoles-se-recolectara-el-aceite-vegetal-usado\/"},"author":{"name":"ulises","@id":"https:\/\/www.celttv.com.ar\/#\/schema\/person\/6d99c072dba59953809c81446e9d0ace"},"headline":"MEDIO AMBIENTE: EL MIERCOLES SE RECOLECTARA EL ACEITE VEGETAL USADO","datePublished":"2012-05-10T18:06:29+00:00","dateModified":"2012-05-10T18:06:29+00:00","mainEntityOfPage":{"@id":"https:\/\/www.celttv.com.ar\/index.php\/2012\/05\/10\/medio-ambiente-el-miercoles-se-recolectara-el-aceite-vegetal-usado\/"},"wordCount":320,"publisher":{"@id":"https:\/\/www.celttv.com.ar\/#organization"},"articleSection":["Comunidad","Destacadas","Pol\u00edtica"],"inLanguage":"es"},{"@type":"WebPage","@id":"https:\/\/www.celttv.com.ar\/index.php\/2012\/05\/10\/medio-ambiente-el-miercoles-se-recolectara-el-aceite-vegetal-usado\/","url":"https:\/\/www.celttv.com.ar\/index.php\/2012\/05\/10\/medio-ambiente-el-miercoles-se-recolectara-el-aceite-vegetal-usado\/","name":"MEDIO AMBIENTE: EL MIERCOLES SE RECOLECTARA EL ACEITE VEGETAL USADO - CELTTV","isPartOf":{"@id":"https:\/\/www.celttv.com.ar\/#website"},"datePublished":"2012-05-10T18:06:29+00:00","dateModified":"2012-05-10T18:06:29+00:00","description":"Sitio web de noticias de la localidad de Tornquist, provincia de Buenos Aires, Rep\u00fablica Argentina. Contenido propio originado por periodistas de CELTTV, el canal de TV local de la Cooperativa El\u00e9ctrica de Tornquist. Turismo, Pol\u00edtica, Sociedad, Deporte, Cultura y todo el contenido de inter\u00e9s general que la gente del pueblo y la regi\u00f3n debe conocer.","breadcrumb":{"@id":"https:\/\/www.celttv.com.ar\/index.php\/2012\/05\/10\/medio-ambiente-el-miercoles-se-recolectara-el-aceite-vegetal-usado\/#breadcrumb"},"inLanguage":"es","potentialAction":[{"@type":"ReadAction","target":["https:\/\/www.celttv.com.ar\/index.php\/2012\/05\/10\/medio-ambiente-el-miercoles-se-recolectara-el-aceite-vegetal-usado\/"]}]},{"@type":"BreadcrumbList","@id":"https:\/\/www.celttv.com.ar\/index.php\/2012\/05\/10\/medio-ambiente-el-miercoles-se-recolectara-el-aceite-vegetal-usado\/#breadcrumb","itemListElement":[{"@type":"ListItem","position":1,"name":"Inicio","item":"https:\/\/www.celttv.com.ar\/"},{"@type":"ListItem","position":2,"name":"MEDIO AMBIENTE: EL MIERCOLES SE RECOLECTARA EL ACEITE VEGETAL USADO"}]},{"@type":"WebSite","@id":"https:\/\/www.celttv.com.ar\/#website","url":"https:\/\/www.celttv.com.ar\/","name":"CELTTV","description":"Cooperativa El\u00e9ctrica de Tornquist","publisher":{"@id":"https:\/\/www.celttv.com.ar\/#organization"},"potentialAction":[{"@type":"SearchAction","target":{"@type":"EntryPoint","urlTemplate":"https:\/\/www.celttv.com.ar\/?s={search_term_string}"},"query-input":"required name=search_term_string"}],"inLanguage":"es"},{"@type":"Organization","@id":"https:\/\/www.celttv.com.ar\/#organization","name":"CELTTV","url":"https:\/\/www.celttv.com.ar\/","sameAs":["https:\/\/www.youtube.com\/channel\/UCz_oIt8Hig64Ub-EmcNPIhg","https:\/\/www.facebook.com\/celtTV\/"],"logo":{"@type":"ImageObject","inLanguage":"es","@id":"https:\/\/www.celttv.com.ar\/#\/schema\/logo\/image\/","url":"http:\/\/www.celttv.com.ar\/wp-content\/uploads\/2022\/08\/logo-1.png","contentUrl":"http:\/\/www.celttv.com.ar\/wp-content\/uploads\/2022\/08\/logo-1.png","width":461,"height":159,"caption":"CELTTV"},"image":{"@id":"https:\/\/www.celttv.com.ar\/#\/schema\/logo\/image\/"}},{"@type":"Person","@id":"https:\/\/www.celttv.com.ar\/#\/schema\/person\/6d99c072dba59953809c81446e9d0ace","name":"ulises","image":{"@type":"ImageObject","inLanguage":"es","@id":"https:\/\/www.celttv.com.ar\/#\/schema\/person\/image\/","url":"https:\/\/secure.gravatar.com\/avatar\/7f2c48bdc33b30088f941fb6082e555f2874c98e20cb159d7b92b50eadfce793?s=96&d=mm&r=g","contentUrl":"https:\/\/secure.gravatar.com\/avatar\/7f2c48bdc33b30088f941fb6082e555f2874c98e20cb159d7b92b50eadfce793?s=96&d=mm&r=g","caption":"ulises"},"sameAs":["http:\/\/www.celttv.com.ar"]}]}},"_links":{"self":[{"href":"https:\/\/www.celttv.com.ar\/index.php\/wp-json\/wp\/v2\/posts\/6437","targetHints":{"allow":["GET"]}}],"collection":[{"href":"https:\/\/www.celttv.com.ar\/index.php\/wp-json\/wp\/v2\/posts"}],"about":[{"href":"https:\/\/www.celttv.com.ar\/index.php\/wp-json\/wp\/v2\/types\/post"}],"author":[{"embeddable":true,"href":"https:\/\/www.celttv.com.ar\/index.php\/wp-json\/wp\/v2\/users\/1"}],"replies":[{"embeddable":true,"href":"https:\/\/www.celttv.com.ar\/index.php\/wp-json\/wp\/v2\/comments?post=6437"}],"version-history":[{"count":0,"href":"https:\/\/www.celttv.com.ar\/index.php\/wp-json\/wp\/v2\/posts\/6437\/revisions"}],"wp:attachment":[{"href":"https:\/\/www.celttv.com.ar\/index.php\/wp-json\/wp\/v2\/media?parent=6437"}],"wp:term":[{"taxonomy":"category","embeddable":true,"href":"https:\/\/www.celttv.com.ar\/index.php\/wp-json\/wp\/v2\/categories?post=6437"},{"taxonomy":"post_tag","embeddable":true,"href":"https:\/\/www.celttv.com.ar\/index.php\/wp-json\/wp\/v2\/tags?post=6437"}],"curies":[{"name":"wp","href":"https:\/\/api.w.org\/{rel}","templated":true}]}}