{"id":6441,"date":"2012-05-10T18:46:13","date_gmt":"2012-05-10T18:46:13","guid":{"rendered":"http:\/\/www.tvcnoticias.com.ar\/?p=6441"},"modified":"2012-05-10T18:46:13","modified_gmt":"2012-05-10T18:46:13","slug":"medio-ambiente-reunion-por-los-residuos-en-sierra-de-la-ventana","status":"publish","type":"post","link":"https:\/\/www.celttv.com.ar\/index.php\/2012\/05\/10\/medio-ambiente-reunion-por-los-residuos-en-sierra-de-la-ventana\/","title":{"rendered":"MEDIO AMBIENTE: REUNION POR LOS RESIDUOS EN SIERRA DE LA VENTANA"},"content":{"rendered":"<p><br \/>\nUna reuni\u00f3n en la cual se trataron temas inherentes a la recolecci\u00f3n de residuos s\u00f3lidos urbanos, el Programa Tu Manzana Recicla y el arbolado urbano, se desarroll\u00f3 en la ma\u00f1ana de hoy en Sierra de la Ventana, con la participaci\u00f3n de funcionarios comunales y entidades intermedias de la localidad.<br \/>\n\u00a0\u00a0 Al encuentro asistieron el Director de Producci\u00f3n y Medio Ambiente, V\u00edctor Ant\u00f3n; el Secretario de Recursos Humanos y Gabinete, Guillermo Beck; el delegado de Sierra de la Ventana, Daniel Lagos; N\u00e9stor Hansen, encargado de la planta de residuos reciclables de Saldungaray; y representantes del Club Ventana, de las sociedades de Fomento del Barrio Golf y Valle Hermoso, del Barrio El Mirador, de la ONG Ambiente Comarca y de la Agrupaci\u00f3n Floral de Sierra de la Ventana.<br \/>\n\u00a0\u00a0 En el caso de los residuos s\u00f3lidos urbanos, las autoridades efectuaron una exposici\u00f3n respecto de c\u00f3mo viene trabajando el municipio y las cuestiones que deber\u00e1 mejorar.\u00a0 En este sentido, se lleg\u00f3 a un acuerdo para trabajar de manera conjunta, a fin de conseguir la concientizaci\u00f3n respecto de la separaci\u00f3n de los residuos a nivel localidad y el cuidado de los Puntos Limpios, con la intenci\u00f3n de que no ocurran acciones vand\u00e1licas como las sucedidas d\u00edas pasados.<br \/>\nPrensa Municipalidad de Tornquist (<a href=\"mailto:prensa@tornquist.gov.ar\">prensa@tornquist.gov.ar<\/a>)<br \/>\nTwitter: @prensatornquist<br \/>\n<a href=\"http:\/\/www.tornquist.gov.ar\/\">www.tornquist.gov.ar<\/a><\/p>\n","protected":false},"excerpt":{"rendered":"<p>Una reuni\u00f3n en la cual se trataron temas inherentes a la recolecci\u00f3n de residuos s\u00f3lidos urbanos, el Programa Tu Manzana Recicla y el arbolado urbano, se desarroll\u00f3 en la ma\u00f1ana de hoy en Sierra de la Ventana, con la participaci\u00f3n de funcionarios comunales y entidades intermedias de la localidad. \u00a0\u00a0 Al encuentro asistieron el Director [&hellip;]<\/p>\n","protected":false},"author":1,"featured_media":0,"comment_status":"closed","ping_status":"open","sticky":false,"template":"","format":"standard","meta":{"footnotes":""},"categories":[51,52,53],"tags":[],"class_list":["post-6441","post","type-post","status-publish","format-standard","hentry","category-comunidad","category-destacadas","category-politica"],"yoast_head":"<!-- This site is optimized with the Yoast SEO plugin v19.7.1 - https:\/\/yoast.com\/wordpress\/plugins\/seo\/ -->\n<title>MEDIO AMBIENTE: REUNION POR LOS RESIDUOS EN SIERRA DE LA VENTANA - CELTTV<\/title>\n<meta name=\"description\" content=\"Sitio web de noticias de la localidad de Tornquist, provincia de Buenos Aires, Rep\u00fablica Argentina. Contenido propio originado por periodistas de CELTTV, el canal de TV local de la Cooperativa El\u00e9ctrica de Tornquist. Turismo, Pol\u00edtica, Sociedad, Deporte, Cultura y todo el contenido de inter\u00e9s general que la gente del pueblo y la regi\u00f3n debe conocer.\" \/>\n<meta name=\"robots\" content=\"index, follow, max-snippet:-1, max-image-preview:large, max-video-preview:-1\" \/>\n<link rel=\"canonical\" href=\"https:\/\/www.celttv.com.ar\/index.php\/2012\/05\/10\/medio-ambiente-reunion-por-los-residuos-en-sierra-de-la-ventana\/\" \/>\n<meta property=\"og:locale\" content=\"es_ES\" \/>\n<meta property=\"og:type\" content=\"article\" \/>\n<meta property=\"og:title\" content=\"MEDIO AMBIENTE: REUNION POR LOS RESIDUOS EN SIERRA DE LA VENTANA - CELTTV\" \/>\n<meta property=\"og:description\" content=\"Sitio web de noticias de la localidad de Tornquist, provincia de Buenos Aires, Rep\u00fablica Argentina. Contenido propio originado por periodistas de CELTTV, el canal de TV local de la Cooperativa El\u00e9ctrica de Tornquist. Turismo, Pol\u00edtica, Sociedad, Deporte, Cultura y todo el contenido de inter\u00e9s general que la gente del pueblo y la regi\u00f3n debe conocer.\" \/>\n<meta property=\"og:url\" content=\"https:\/\/www.celttv.com.ar\/index.php\/2012\/05\/10\/medio-ambiente-reunion-por-los-residuos-en-sierra-de-la-ventana\/\" \/>\n<meta property=\"og:site_name\" content=\"CELTTV\" \/>\n<meta property=\"article:publisher\" content=\"https:\/\/www.facebook.com\/celtTV\/\" \/>\n<meta property=\"article:published_time\" content=\"2012-05-10T18:46:13+00:00\" \/>\n<meta name=\"author\" content=\"ulises\" \/>\n<meta name=\"twitter:card\" content=\"summary_large_image\" \/>\n<meta name=\"twitter:label1\" content=\"Escrito por\" \/>\n\t<meta name=\"twitter:data1\" content=\"ulises\" \/>\n\t<meta name=\"twitter:label2\" content=\"Tiempo de lectura\" \/>\n\t<meta name=\"twitter:data2\" content=\"1 minuto\" \/>\n<script type=\"application\/ld+json\" class=\"yoast-schema-graph\">{\"@context\":\"https:\/\/schema.org\",\"@graph\":[{\"@type\":\"NewsArticle\",\"@id\":\"https:\/\/www.celttv.com.ar\/index.php\/2012\/05\/10\/medio-ambiente-reunion-por-los-residuos-en-sierra-de-la-ventana\/#article\",\"isPartOf\":{\"@id\":\"https:\/\/www.celttv.com.ar\/index.php\/2012\/05\/10\/medio-ambiente-reunion-por-los-residuos-en-sierra-de-la-ventana\/\"},\"author\":{\"name\":\"ulises\",\"@id\":\"https:\/\/www.celttv.com.ar\/#\/schema\/person\/6d99c072dba59953809c81446e9d0ace\"},\"headline\":\"MEDIO AMBIENTE: REUNION POR LOS RESIDUOS EN SIERRA DE LA VENTANA\",\"datePublished\":\"2012-05-10T18:46:13+00:00\",\"dateModified\":\"2012-05-10T18:46:13+00:00\",\"mainEntityOfPage\":{\"@id\":\"https:\/\/www.celttv.com.ar\/index.php\/2012\/05\/10\/medio-ambiente-reunion-por-los-residuos-en-sierra-de-la-ventana\/\"},\"wordCount\":248,\"publisher\":{\"@id\":\"https:\/\/www.celttv.com.ar\/#organization\"},\"articleSection\":[\"Comunidad\",\"Destacadas\",\"Pol\u00edtica\"],\"inLanguage\":\"es\"},{\"@type\":\"WebPage\",\"@id\":\"https:\/\/www.celttv.com.ar\/index.php\/2012\/05\/10\/medio-ambiente-reunion-por-los-residuos-en-sierra-de-la-ventana\/\",\"url\":\"https:\/\/www.celttv.com.ar\/index.php\/2012\/05\/10\/medio-ambiente-reunion-por-los-residuos-en-sierra-de-la-ventana\/\",\"name\":\"MEDIO AMBIENTE: REUNION POR LOS RESIDUOS EN SIERRA DE LA VENTANA - CELTTV\",\"isPartOf\":{\"@id\":\"https:\/\/www.celttv.com.ar\/#website\"},\"datePublished\":\"2012-05-10T18:46:13+00:00\",\"dateModified\":\"2012-05-10T18:46:13+00:00\",\"description\":\"Sitio web de noticias de la localidad de Tornquist, provincia de Buenos Aires, Rep\u00fablica Argentina. Contenido propio originado por periodistas de CELTTV, el canal de TV local de la Cooperativa El\u00e9ctrica de Tornquist. Turismo, Pol\u00edtica, Sociedad, Deporte, Cultura y todo el contenido de inter\u00e9s general que la gente del pueblo y la regi\u00f3n debe conocer.\",\"breadcrumb\":{\"@id\":\"https:\/\/www.celttv.com.ar\/index.php\/2012\/05\/10\/medio-ambiente-reunion-por-los-residuos-en-sierra-de-la-ventana\/#breadcrumb\"},\"inLanguage\":\"es\",\"potentialAction\":[{\"@type\":\"ReadAction\",\"target\":[\"https:\/\/www.celttv.com.ar\/index.php\/2012\/05\/10\/medio-ambiente-reunion-por-los-residuos-en-sierra-de-la-ventana\/\"]}]},{\"@type\":\"BreadcrumbList\",\"@id\":\"https:\/\/www.celttv.com.ar\/index.php\/2012\/05\/10\/medio-ambiente-reunion-por-los-residuos-en-sierra-de-la-ventana\/#breadcrumb\",\"itemListElement\":[{\"@type\":\"ListItem\",\"position\":1,\"name\":\"Inicio\",\"item\":\"https:\/\/www.celttv.com.ar\/\"},{\"@type\":\"ListItem\",\"position\":2,\"name\":\"MEDIO AMBIENTE: REUNION POR LOS RESIDUOS EN SIERRA DE LA VENTANA\"}]},{\"@type\":\"WebSite\",\"@id\":\"https:\/\/www.celttv.com.ar\/#website\",\"url\":\"https:\/\/www.celttv.com.ar\/\",\"name\":\"CELTTV\",\"description\":\"Cooperativa El\u00e9ctrica de Tornquist\",\"publisher\":{\"@id\":\"https:\/\/www.celttv.com.ar\/#organization\"},\"potentialAction\":[{\"@type\":\"SearchAction\",\"target\":{\"@type\":\"EntryPoint\",\"urlTemplate\":\"https:\/\/www.celttv.com.ar\/?s={search_term_string}\"},\"query-input\":\"required name=search_term_string\"}],\"inLanguage\":\"es\"},{\"@type\":\"Organization\",\"@id\":\"https:\/\/www.celttv.com.ar\/#organization\",\"name\":\"CELTTV\",\"url\":\"https:\/\/www.celttv.com.ar\/\",\"sameAs\":[\"https:\/\/www.youtube.com\/channel\/UCz_oIt8Hig64Ub-EmcNPIhg\",\"https:\/\/www.facebook.com\/celtTV\/\"],\"logo\":{\"@type\":\"ImageObject\",\"inLanguage\":\"es\",\"@id\":\"https:\/\/www.celttv.com.ar\/#\/schema\/logo\/image\/\",\"url\":\"http:\/\/www.celttv.com.ar\/wp-content\/uploads\/2022\/08\/logo-1.png\",\"contentUrl\":\"http:\/\/www.celttv.com.ar\/wp-content\/uploads\/2022\/08\/logo-1.png\",\"width\":461,\"height\":159,\"caption\":\"CELTTV\"},\"image\":{\"@id\":\"https:\/\/www.celttv.com.ar\/#\/schema\/logo\/image\/\"}},{\"@type\":\"Person\",\"@id\":\"https:\/\/www.celttv.com.ar\/#\/schema\/person\/6d99c072dba59953809c81446e9d0ace\",\"name\":\"ulises\",\"image\":{\"@type\":\"ImageObject\",\"inLanguage\":\"es\",\"@id\":\"https:\/\/www.celttv.com.ar\/#\/schema\/person\/image\/\",\"url\":\"https:\/\/secure.gravatar.com\/avatar\/7f2c48bdc33b30088f941fb6082e555f2874c98e20cb159d7b92b50eadfce793?s=96&d=mm&r=g\",\"contentUrl\":\"https:\/\/secure.gravatar.com\/avatar\/7f2c48bdc33b30088f941fb6082e555f2874c98e20cb159d7b92b50eadfce793?s=96&d=mm&r=g\",\"caption\":\"ulises\"},\"sameAs\":[\"http:\/\/www.celttv.com.ar\"]}]}<\/script>\n<!-- \/ Yoast SEO plugin. -->","yoast_head_json":{"title":"MEDIO AMBIENTE: REUNION POR LOS RESIDUOS EN SIERRA DE LA VENTANA - CELTTV","description":"Sitio web de noticias de la localidad de Tornquist, provincia de Buenos Aires, Rep\u00fablica Argentina. Contenido propio originado por periodistas de CELTTV, el canal de TV local de la Cooperativa El\u00e9ctrica de Tornquist. Turismo, Pol\u00edtica, Sociedad, Deporte, Cultura y todo el contenido de inter\u00e9s general que la gente del pueblo y la regi\u00f3n debe conocer.","robots":{"index":"index","follow":"follow","max-snippet":"max-snippet:-1","max-image-preview":"max-image-preview:large","max-video-preview":"max-video-preview:-1"},"canonical":"https:\/\/www.celttv.com.ar\/index.php\/2012\/05\/10\/medio-ambiente-reunion-por-los-residuos-en-sierra-de-la-ventana\/","og_locale":"es_ES","og_type":"article","og_title":"MEDIO AMBIENTE: REUNION POR LOS RESIDUOS EN SIERRA DE LA VENTANA - CELTTV","og_description":"Sitio web de noticias de la localidad de Tornquist, provincia de Buenos Aires, Rep\u00fablica Argentina. Contenido propio originado por periodistas de CELTTV, el canal de TV local de la Cooperativa El\u00e9ctrica de Tornquist. Turismo, Pol\u00edtica, Sociedad, Deporte, Cultura y todo el contenido de inter\u00e9s general que la gente del pueblo y la regi\u00f3n debe conocer.","og_url":"https:\/\/www.celttv.com.ar\/index.php\/2012\/05\/10\/medio-ambiente-reunion-por-los-residuos-en-sierra-de-la-ventana\/","og_site_name":"CELTTV","article_publisher":"https:\/\/www.facebook.com\/celtTV\/","article_published_time":"2012-05-10T18:46:13+00:00","author":"ulises","twitter_card":"summary_large_image","twitter_misc":{"Escrito por":"ulises","Tiempo de lectura":"1 minuto"},"schema":{"@context":"https:\/\/schema.org","@graph":[{"@type":"NewsArticle","@id":"https:\/\/www.celttv.com.ar\/index.php\/2012\/05\/10\/medio-ambiente-reunion-por-los-residuos-en-sierra-de-la-ventana\/#article","isPartOf":{"@id":"https:\/\/www.celttv.com.ar\/index.php\/2012\/05\/10\/medio-ambiente-reunion-por-los-residuos-en-sierra-de-la-ventana\/"},"author":{"name":"ulises","@id":"https:\/\/www.celttv.com.ar\/#\/schema\/person\/6d99c072dba59953809c81446e9d0ace"},"headline":"MEDIO AMBIENTE: REUNION POR LOS RESIDUOS EN SIERRA DE LA VENTANA","datePublished":"2012-05-10T18:46:13+00:00","dateModified":"2012-05-10T18:46:13+00:00","mainEntityOfPage":{"@id":"https:\/\/www.celttv.com.ar\/index.php\/2012\/05\/10\/medio-ambiente-reunion-por-los-residuos-en-sierra-de-la-ventana\/"},"wordCount":248,"publisher":{"@id":"https:\/\/www.celttv.com.ar\/#organization"},"articleSection":["Comunidad","Destacadas","Pol\u00edtica"],"inLanguage":"es"},{"@type":"WebPage","@id":"https:\/\/www.celttv.com.ar\/index.php\/2012\/05\/10\/medio-ambiente-reunion-por-los-residuos-en-sierra-de-la-ventana\/","url":"https:\/\/www.celttv.com.ar\/index.php\/2012\/05\/10\/medio-ambiente-reunion-por-los-residuos-en-sierra-de-la-ventana\/","name":"MEDIO AMBIENTE: REUNION POR LOS RESIDUOS EN SIERRA DE LA VENTANA - CELTTV","isPartOf":{"@id":"https:\/\/www.celttv.com.ar\/#website"},"datePublished":"2012-05-10T18:46:13+00:00","dateModified":"2012-05-10T18:46:13+00:00","description":"Sitio web de noticias de la localidad de Tornquist, provincia de Buenos Aires, Rep\u00fablica Argentina. Contenido propio originado por periodistas de CELTTV, el canal de TV local de la Cooperativa El\u00e9ctrica de Tornquist. Turismo, Pol\u00edtica, Sociedad, Deporte, Cultura y todo el contenido de inter\u00e9s general que la gente del pueblo y la regi\u00f3n debe conocer.","breadcrumb":{"@id":"https:\/\/www.celttv.com.ar\/index.php\/2012\/05\/10\/medio-ambiente-reunion-por-los-residuos-en-sierra-de-la-ventana\/#breadcrumb"},"inLanguage":"es","potentialAction":[{"@type":"ReadAction","target":["https:\/\/www.celttv.com.ar\/index.php\/2012\/05\/10\/medio-ambiente-reunion-por-los-residuos-en-sierra-de-la-ventana\/"]}]},{"@type":"BreadcrumbList","@id":"https:\/\/www.celttv.com.ar\/index.php\/2012\/05\/10\/medio-ambiente-reunion-por-los-residuos-en-sierra-de-la-ventana\/#breadcrumb","itemListElement":[{"@type":"ListItem","position":1,"name":"Inicio","item":"https:\/\/www.celttv.com.ar\/"},{"@type":"ListItem","position":2,"name":"MEDIO AMBIENTE: REUNION POR LOS RESIDUOS EN SIERRA DE LA VENTANA"}]},{"@type":"WebSite","@id":"https:\/\/www.celttv.com.ar\/#website","url":"https:\/\/www.celttv.com.ar\/","name":"CELTTV","description":"Cooperativa El\u00e9ctrica de Tornquist","publisher":{"@id":"https:\/\/www.celttv.com.ar\/#organization"},"potentialAction":[{"@type":"SearchAction","target":{"@type":"EntryPoint","urlTemplate":"https:\/\/www.celttv.com.ar\/?s={search_term_string}"},"query-input":"required name=search_term_string"}],"inLanguage":"es"},{"@type":"Organization","@id":"https:\/\/www.celttv.com.ar\/#organization","name":"CELTTV","url":"https:\/\/www.celttv.com.ar\/","sameAs":["https:\/\/www.youtube.com\/channel\/UCz_oIt8Hig64Ub-EmcNPIhg","https:\/\/www.facebook.com\/celtTV\/"],"logo":{"@type":"ImageObject","inLanguage":"es","@id":"https:\/\/www.celttv.com.ar\/#\/schema\/logo\/image\/","url":"http:\/\/www.celttv.com.ar\/wp-content\/uploads\/2022\/08\/logo-1.png","contentUrl":"http:\/\/www.celttv.com.ar\/wp-content\/uploads\/2022\/08\/logo-1.png","width":461,"height":159,"caption":"CELTTV"},"image":{"@id":"https:\/\/www.celttv.com.ar\/#\/schema\/logo\/image\/"}},{"@type":"Person","@id":"https:\/\/www.celttv.com.ar\/#\/schema\/person\/6d99c072dba59953809c81446e9d0ace","name":"ulises","image":{"@type":"ImageObject","inLanguage":"es","@id":"https:\/\/www.celttv.com.ar\/#\/schema\/person\/image\/","url":"https:\/\/secure.gravatar.com\/avatar\/7f2c48bdc33b30088f941fb6082e555f2874c98e20cb159d7b92b50eadfce793?s=96&d=mm&r=g","contentUrl":"https:\/\/secure.gravatar.com\/avatar\/7f2c48bdc33b30088f941fb6082e555f2874c98e20cb159d7b92b50eadfce793?s=96&d=mm&r=g","caption":"ulises"},"sameAs":["http:\/\/www.celttv.com.ar"]}]}},"_links":{"self":[{"href":"https:\/\/www.celttv.com.ar\/index.php\/wp-json\/wp\/v2\/posts\/6441","targetHints":{"allow":["GET"]}}],"collection":[{"href":"https:\/\/www.celttv.com.ar\/index.php\/wp-json\/wp\/v2\/posts"}],"about":[{"href":"https:\/\/www.celttv.com.ar\/index.php\/wp-json\/wp\/v2\/types\/post"}],"author":[{"embeddable":true,"href":"https:\/\/www.celttv.com.ar\/index.php\/wp-json\/wp\/v2\/users\/1"}],"replies":[{"embeddable":true,"href":"https:\/\/www.celttv.com.ar\/index.php\/wp-json\/wp\/v2\/comments?post=6441"}],"version-history":[{"count":0,"href":"https:\/\/www.celttv.com.ar\/index.php\/wp-json\/wp\/v2\/posts\/6441\/revisions"}],"wp:attachment":[{"href":"https:\/\/www.celttv.com.ar\/index.php\/wp-json\/wp\/v2\/media?parent=6441"}],"wp:term":[{"taxonomy":"category","embeddable":true,"href":"https:\/\/www.celttv.com.ar\/index.php\/wp-json\/wp\/v2\/categories?post=6441"},{"taxonomy":"post_tag","embeddable":true,"href":"https:\/\/www.celttv.com.ar\/index.php\/wp-json\/wp\/v2\/tags?post=6441"}],"curies":[{"name":"wp","href":"https:\/\/api.w.org\/{rel}","templated":true}]}}