{"id":64475,"date":"2022-03-14T21:10:34","date_gmt":"2022-03-14T21:10:34","guid":{"rendered":"http:\/\/www.celttv.com.ar\/?p=64475"},"modified":"2022-03-14T21:10:34","modified_gmt":"2022-03-14T21:10:34","slug":"prohiben-la-circulacion-del-tren-que-pasa-por-tornquist-y-une-a-bahia-blanca-con-plaza-constitucion","status":"publish","type":"post","link":"https:\/\/www.celttv.com.ar\/index.php\/2022\/03\/14\/prohiben-la-circulacion-del-tren-que-pasa-por-tornquist-y-une-a-bahia-blanca-con-plaza-constitucion\/","title":{"rendered":"Proh\u00edben la circulaci\u00f3n del tren que pasa por Tornquist y une a Bah\u00eda Blanca con Plaza Constituci\u00f3n"},"content":{"rendered":"\n<p>&nbsp;Como consecuencia del&nbsp;<a href=\"https:\/\/www.lanueva.com\/nota\/2022-3-8-7-41-0-descarrilo-el-tren-que-venia-a-bahia-blanca-y-decenas-de-pasajeros-siguen-varados\" target=\"_blank\" rel=\"noreferrer noopener\">accidente ocurrido el pasado martes en cercan\u00edas a Olavarr\u00eda<\/a>&nbsp;y en medio de la investigaci\u00f3n para conocer las causas del mismo, el Juzgado Federal N\u00b0 1 de Azul&nbsp;emiti\u00f3 un comunicado en donde indica que decreta &#8220;la prohibici\u00f3n cautelar del restablecimiento del servicio de trenes de pasajeros ramal Constituci\u00f3n-Bah\u00eda Blanca&#8221;.<\/p>\n\n\n<p>\u00a0 \u00a0El pasado viernes desde Trenes Argentinos hab\u00edan indicado que\u00a0<a rel=\"noreferrer noopener\" href=\"https:\/\/www.lanueva.com\/nota\/2022-3-11-14-21-0-extienden-la-cancelacion-de-viajes-en-tren-entre-bahia-blanca-y-plaza-constitucion\" target=\"_blank\">no se brindar\u00eda dicho servicio hasta el jueves inclusive<\/a>. Sin embargo, dicha resoluci\u00f3n echa por tierra tal comunicado.<\/p>\n\n\n<p>&nbsp;Seg\u00fan informaron, la medida se mantendr\u00e1 hasta tanto se cumplan los objetivos&nbsp;que se indican a continuaci\u00f3n.<\/p>\n\n\n<p>&nbsp; &nbsp;Primero, las empresas Trenes Argentinos, Ferro Pampeana SAC y SOFSE ROCA en forma conjunta y\/o separada, deber\u00e1n elevar al Juzgado un informe t\u00e9cnico con el relevamiento e inspecci\u00f3n del ramal completo, que detalle el estado de las v\u00edas, terreno y fundamentalmente especifique si el mismo garantiza la seguridad de los pasajeros y del personal ferroviario dentro de los est\u00e1ndares t\u00e9cnicos aplicables. El informe deber\u00e1 fundarse en relevamientos y estudios que garanticen su actualidad.<\/p>\n\n\n<p>\u00a0 \u00a0Segundo,\u00a0las referidas empresas deber\u00e1n informar al Juzgado cu\u00e1les son las medidas de seguridad que se adoptar\u00e1n para garantizar la seguridad de los pasajeros y personal ferroviario y remitir el plan de implementaci\u00f3n con detalle de metas y en su caso de plazos. (El Popular)<\/p>\n\n\n<p><\/p>\n","protected":false},"excerpt":{"rendered":"<p>&nbsp;Como consecuencia del&nbsp;accidente ocurrido el pasado martes en cercan\u00edas a Olavarr\u00eda&nbsp;y en medio de la investigaci\u00f3n para conocer las causas del mismo, el Juzgado Federal N\u00b0 1 de Azul&nbsp;emiti\u00f3 un comunicado en donde indica que decreta &#8220;la prohibici\u00f3n cautelar del restablecimiento del servicio de trenes de pasajeros ramal Constituci\u00f3n-Bah\u00eda Blanca&#8221;. \u00a0 \u00a0El pasado viernes desde [&hellip;]<\/p>\n","protected":false},"author":1,"featured_media":64476,"comment_status":"closed","ping_status":"open","sticky":false,"template":"","format":"standard","meta":{"footnotes":""},"categories":[51,52,65,58],"tags":[],"class_list":["post-64475","post","type-post","status-publish","format-standard","has-post-thumbnail","hentry","category-comunidad","category-destacadas","category-produccion","category-turismo"],"yoast_head":"<!-- This site is optimized with the Yoast SEO plugin v19.7.1 - https:\/\/yoast.com\/wordpress\/plugins\/seo\/ -->\n<title>Proh\u00edben la circulaci\u00f3n del tren que pasa por Tornquist y une a Bah\u00eda Blanca con Plaza Constituci\u00f3n - CELTTV<\/title>\n<meta name=\"description\" content=\"Sitio web de noticias de la localidad de Tornquist, provincia de Buenos Aires, Rep\u00fablica Argentina. Contenido propio originado por periodistas de CELTTV, el canal de TV local de la Cooperativa El\u00e9ctrica de Tornquist. Turismo, Pol\u00edtica, Sociedad, Deporte, Cultura y todo el contenido de inter\u00e9s general que la gente del pueblo y la regi\u00f3n debe conocer.\" \/>\n<meta name=\"robots\" content=\"index, follow, max-snippet:-1, max-image-preview:large, max-video-preview:-1\" \/>\n<link rel=\"canonical\" href=\"https:\/\/www.celttv.com.ar\/index.php\/2022\/03\/14\/prohiben-la-circulacion-del-tren-que-pasa-por-tornquist-y-une-a-bahia-blanca-con-plaza-constitucion\/\" \/>\n<meta property=\"og:locale\" content=\"es_ES\" \/>\n<meta property=\"og:type\" content=\"article\" \/>\n<meta property=\"og:title\" content=\"Proh\u00edben la circulaci\u00f3n del tren que pasa por Tornquist y une a Bah\u00eda Blanca con Plaza Constituci\u00f3n - CELTTV\" \/>\n<meta property=\"og:description\" content=\"Sitio web de noticias de la localidad de Tornquist, provincia de Buenos Aires, Rep\u00fablica Argentina. Contenido propio originado por periodistas de CELTTV, el canal de TV local de la Cooperativa El\u00e9ctrica de Tornquist. Turismo, Pol\u00edtica, Sociedad, Deporte, Cultura y todo el contenido de inter\u00e9s general que la gente del pueblo y la regi\u00f3n debe conocer.\" \/>\n<meta property=\"og:url\" content=\"https:\/\/www.celttv.com.ar\/index.php\/2022\/03\/14\/prohiben-la-circulacion-del-tren-que-pasa-por-tornquist-y-une-a-bahia-blanca-con-plaza-constitucion\/\" \/>\n<meta property=\"og:site_name\" content=\"CELTTV\" \/>\n<meta property=\"article:publisher\" content=\"https:\/\/www.facebook.com\/celtTV\/\" \/>\n<meta property=\"article:published_time\" content=\"2022-03-14T21:10:34+00:00\" \/>\n<meta property=\"og:image\" content=\"https:\/\/www.celttv.com.ar\/wp-content\/uploads\/2022\/03\/tren-1.jpg\" \/>\n\t<meta property=\"og:image:width\" content=\"592\" \/>\n\t<meta property=\"og:image:height\" content=\"330\" \/>\n\t<meta property=\"og:image:type\" content=\"image\/jpeg\" \/>\n<meta name=\"author\" content=\"ulises\" \/>\n<meta name=\"twitter:card\" content=\"summary_large_image\" \/>\n<meta name=\"twitter:label1\" content=\"Escrito por\" \/>\n\t<meta name=\"twitter:data1\" content=\"ulises\" \/>\n\t<meta name=\"twitter:label2\" content=\"Tiempo de lectura\" \/>\n\t<meta name=\"twitter:data2\" content=\"1 minuto\" \/>\n<script type=\"application\/ld+json\" class=\"yoast-schema-graph\">{\"@context\":\"https:\/\/schema.org\",\"@graph\":[{\"@type\":\"NewsArticle\",\"@id\":\"https:\/\/www.celttv.com.ar\/index.php\/2022\/03\/14\/prohiben-la-circulacion-del-tren-que-pasa-por-tornquist-y-une-a-bahia-blanca-con-plaza-constitucion\/#article\",\"isPartOf\":{\"@id\":\"https:\/\/www.celttv.com.ar\/index.php\/2022\/03\/14\/prohiben-la-circulacion-del-tren-que-pasa-por-tornquist-y-une-a-bahia-blanca-con-plaza-constitucion\/\"},\"author\":{\"name\":\"ulises\",\"@id\":\"https:\/\/www.celttv.com.ar\/#\/schema\/person\/6d99c072dba59953809c81446e9d0ace\"},\"headline\":\"Proh\u00edben la circulaci\u00f3n del tren que pasa por Tornquist y une a Bah\u00eda Blanca con Plaza Constituci\u00f3n\",\"datePublished\":\"2022-03-14T21:10:34+00:00\",\"dateModified\":\"2022-03-14T21:10:34+00:00\",\"mainEntityOfPage\":{\"@id\":\"https:\/\/www.celttv.com.ar\/index.php\/2022\/03\/14\/prohiben-la-circulacion-del-tren-que-pasa-por-tornquist-y-une-a-bahia-blanca-con-plaza-constitucion\/\"},\"wordCount\":265,\"publisher\":{\"@id\":\"https:\/\/www.celttv.com.ar\/#organization\"},\"articleSection\":[\"Comunidad\",\"Destacadas\",\"Producci\u00f3n y Medio Ambiente\",\"Turismo\"],\"inLanguage\":\"es\"},{\"@type\":\"WebPage\",\"@id\":\"https:\/\/www.celttv.com.ar\/index.php\/2022\/03\/14\/prohiben-la-circulacion-del-tren-que-pasa-por-tornquist-y-une-a-bahia-blanca-con-plaza-constitucion\/\",\"url\":\"https:\/\/www.celttv.com.ar\/index.php\/2022\/03\/14\/prohiben-la-circulacion-del-tren-que-pasa-por-tornquist-y-une-a-bahia-blanca-con-plaza-constitucion\/\",\"name\":\"Proh\u00edben la circulaci\u00f3n del tren que pasa por Tornquist y une a Bah\u00eda Blanca con Plaza Constituci\u00f3n - CELTTV\",\"isPartOf\":{\"@id\":\"https:\/\/www.celttv.com.ar\/#website\"},\"datePublished\":\"2022-03-14T21:10:34+00:00\",\"dateModified\":\"2022-03-14T21:10:34+00:00\",\"description\":\"Sitio web de noticias de la localidad de Tornquist, provincia de Buenos Aires, Rep\u00fablica Argentina. Contenido propio originado por periodistas de CELTTV, el canal de TV local de la Cooperativa El\u00e9ctrica de Tornquist. Turismo, Pol\u00edtica, Sociedad, Deporte, Cultura y todo el contenido de inter\u00e9s general que la gente del pueblo y la regi\u00f3n debe conocer.\",\"breadcrumb\":{\"@id\":\"https:\/\/www.celttv.com.ar\/index.php\/2022\/03\/14\/prohiben-la-circulacion-del-tren-que-pasa-por-tornquist-y-une-a-bahia-blanca-con-plaza-constitucion\/#breadcrumb\"},\"inLanguage\":\"es\",\"potentialAction\":[{\"@type\":\"ReadAction\",\"target\":[\"https:\/\/www.celttv.com.ar\/index.php\/2022\/03\/14\/prohiben-la-circulacion-del-tren-que-pasa-por-tornquist-y-une-a-bahia-blanca-con-plaza-constitucion\/\"]}]},{\"@type\":\"BreadcrumbList\",\"@id\":\"https:\/\/www.celttv.com.ar\/index.php\/2022\/03\/14\/prohiben-la-circulacion-del-tren-que-pasa-por-tornquist-y-une-a-bahia-blanca-con-plaza-constitucion\/#breadcrumb\",\"itemListElement\":[{\"@type\":\"ListItem\",\"position\":1,\"name\":\"Inicio\",\"item\":\"https:\/\/www.celttv.com.ar\/\"},{\"@type\":\"ListItem\",\"position\":2,\"name\":\"Proh\u00edben la circulaci\u00f3n del tren que pasa por Tornquist y une a Bah\u00eda Blanca con Plaza Constituci\u00f3n\"}]},{\"@type\":\"WebSite\",\"@id\":\"https:\/\/www.celttv.com.ar\/#website\",\"url\":\"https:\/\/www.celttv.com.ar\/\",\"name\":\"CELTTV\",\"description\":\"Cooperativa El\u00e9ctrica de Tornquist\",\"publisher\":{\"@id\":\"https:\/\/www.celttv.com.ar\/#organization\"},\"potentialAction\":[{\"@type\":\"SearchAction\",\"target\":{\"@type\":\"EntryPoint\",\"urlTemplate\":\"https:\/\/www.celttv.com.ar\/?s={search_term_string}\"},\"query-input\":\"required name=search_term_string\"}],\"inLanguage\":\"es\"},{\"@type\":\"Organization\",\"@id\":\"https:\/\/www.celttv.com.ar\/#organization\",\"name\":\"CELTTV\",\"url\":\"https:\/\/www.celttv.com.ar\/\",\"sameAs\":[\"https:\/\/www.youtube.com\/channel\/UCz_oIt8Hig64Ub-EmcNPIhg\",\"https:\/\/www.facebook.com\/celtTV\/\"],\"logo\":{\"@type\":\"ImageObject\",\"inLanguage\":\"es\",\"@id\":\"https:\/\/www.celttv.com.ar\/#\/schema\/logo\/image\/\",\"url\":\"http:\/\/www.celttv.com.ar\/wp-content\/uploads\/2022\/08\/logo-1.png\",\"contentUrl\":\"http:\/\/www.celttv.com.ar\/wp-content\/uploads\/2022\/08\/logo-1.png\",\"width\":461,\"height\":159,\"caption\":\"CELTTV\"},\"image\":{\"@id\":\"https:\/\/www.celttv.com.ar\/#\/schema\/logo\/image\/\"}},{\"@type\":\"Person\",\"@id\":\"https:\/\/www.celttv.com.ar\/#\/schema\/person\/6d99c072dba59953809c81446e9d0ace\",\"name\":\"ulises\",\"image\":{\"@type\":\"ImageObject\",\"inLanguage\":\"es\",\"@id\":\"https:\/\/www.celttv.com.ar\/#\/schema\/person\/image\/\",\"url\":\"https:\/\/secure.gravatar.com\/avatar\/7f2c48bdc33b30088f941fb6082e555f2874c98e20cb159d7b92b50eadfce793?s=96&d=mm&r=g\",\"contentUrl\":\"https:\/\/secure.gravatar.com\/avatar\/7f2c48bdc33b30088f941fb6082e555f2874c98e20cb159d7b92b50eadfce793?s=96&d=mm&r=g\",\"caption\":\"ulises\"},\"sameAs\":[\"http:\/\/www.celttv.com.ar\"]}]}<\/script>\n<!-- \/ Yoast SEO plugin. -->","yoast_head_json":{"title":"Proh\u00edben la circulaci\u00f3n del tren que pasa por Tornquist y une a Bah\u00eda Blanca con Plaza Constituci\u00f3n - CELTTV","description":"Sitio web de noticias de la localidad de Tornquist, provincia de Buenos Aires, Rep\u00fablica Argentina. Contenido propio originado por periodistas de CELTTV, el canal de TV local de la Cooperativa El\u00e9ctrica de Tornquist. Turismo, Pol\u00edtica, Sociedad, Deporte, Cultura y todo el contenido de inter\u00e9s general que la gente del pueblo y la regi\u00f3n debe conocer.","robots":{"index":"index","follow":"follow","max-snippet":"max-snippet:-1","max-image-preview":"max-image-preview:large","max-video-preview":"max-video-preview:-1"},"canonical":"https:\/\/www.celttv.com.ar\/index.php\/2022\/03\/14\/prohiben-la-circulacion-del-tren-que-pasa-por-tornquist-y-une-a-bahia-blanca-con-plaza-constitucion\/","og_locale":"es_ES","og_type":"article","og_title":"Proh\u00edben la circulaci\u00f3n del tren que pasa por Tornquist y une a Bah\u00eda Blanca con Plaza Constituci\u00f3n - CELTTV","og_description":"Sitio web de noticias de la localidad de Tornquist, provincia de Buenos Aires, Rep\u00fablica Argentina. Contenido propio originado por periodistas de CELTTV, el canal de TV local de la Cooperativa El\u00e9ctrica de Tornquist. Turismo, Pol\u00edtica, Sociedad, Deporte, Cultura y todo el contenido de inter\u00e9s general que la gente del pueblo y la regi\u00f3n debe conocer.","og_url":"https:\/\/www.celttv.com.ar\/index.php\/2022\/03\/14\/prohiben-la-circulacion-del-tren-que-pasa-por-tornquist-y-une-a-bahia-blanca-con-plaza-constitucion\/","og_site_name":"CELTTV","article_publisher":"https:\/\/www.facebook.com\/celtTV\/","article_published_time":"2022-03-14T21:10:34+00:00","og_image":[{"width":592,"height":330,"url":"https:\/\/www.celttv.com.ar\/wp-content\/uploads\/2022\/03\/tren-1.jpg","type":"image\/jpeg"}],"author":"ulises","twitter_card":"summary_large_image","twitter_misc":{"Escrito por":"ulises","Tiempo de lectura":"1 minuto"},"schema":{"@context":"https:\/\/schema.org","@graph":[{"@type":"NewsArticle","@id":"https:\/\/www.celttv.com.ar\/index.php\/2022\/03\/14\/prohiben-la-circulacion-del-tren-que-pasa-por-tornquist-y-une-a-bahia-blanca-con-plaza-constitucion\/#article","isPartOf":{"@id":"https:\/\/www.celttv.com.ar\/index.php\/2022\/03\/14\/prohiben-la-circulacion-del-tren-que-pasa-por-tornquist-y-une-a-bahia-blanca-con-plaza-constitucion\/"},"author":{"name":"ulises","@id":"https:\/\/www.celttv.com.ar\/#\/schema\/person\/6d99c072dba59953809c81446e9d0ace"},"headline":"Proh\u00edben la circulaci\u00f3n del tren que pasa por Tornquist y une a Bah\u00eda Blanca con Plaza Constituci\u00f3n","datePublished":"2022-03-14T21:10:34+00:00","dateModified":"2022-03-14T21:10:34+00:00","mainEntityOfPage":{"@id":"https:\/\/www.celttv.com.ar\/index.php\/2022\/03\/14\/prohiben-la-circulacion-del-tren-que-pasa-por-tornquist-y-une-a-bahia-blanca-con-plaza-constitucion\/"},"wordCount":265,"publisher":{"@id":"https:\/\/www.celttv.com.ar\/#organization"},"articleSection":["Comunidad","Destacadas","Producci\u00f3n y Medio Ambiente","Turismo"],"inLanguage":"es"},{"@type":"WebPage","@id":"https:\/\/www.celttv.com.ar\/index.php\/2022\/03\/14\/prohiben-la-circulacion-del-tren-que-pasa-por-tornquist-y-une-a-bahia-blanca-con-plaza-constitucion\/","url":"https:\/\/www.celttv.com.ar\/index.php\/2022\/03\/14\/prohiben-la-circulacion-del-tren-que-pasa-por-tornquist-y-une-a-bahia-blanca-con-plaza-constitucion\/","name":"Proh\u00edben la circulaci\u00f3n del tren que pasa por Tornquist y une a Bah\u00eda Blanca con Plaza Constituci\u00f3n - CELTTV","isPartOf":{"@id":"https:\/\/www.celttv.com.ar\/#website"},"datePublished":"2022-03-14T21:10:34+00:00","dateModified":"2022-03-14T21:10:34+00:00","description":"Sitio web de noticias de la localidad de Tornquist, provincia de Buenos Aires, Rep\u00fablica Argentina. Contenido propio originado por periodistas de CELTTV, el canal de TV local de la Cooperativa El\u00e9ctrica de Tornquist. Turismo, Pol\u00edtica, Sociedad, Deporte, Cultura y todo el contenido de inter\u00e9s general que la gente del pueblo y la regi\u00f3n debe conocer.","breadcrumb":{"@id":"https:\/\/www.celttv.com.ar\/index.php\/2022\/03\/14\/prohiben-la-circulacion-del-tren-que-pasa-por-tornquist-y-une-a-bahia-blanca-con-plaza-constitucion\/#breadcrumb"},"inLanguage":"es","potentialAction":[{"@type":"ReadAction","target":["https:\/\/www.celttv.com.ar\/index.php\/2022\/03\/14\/prohiben-la-circulacion-del-tren-que-pasa-por-tornquist-y-une-a-bahia-blanca-con-plaza-constitucion\/"]}]},{"@type":"BreadcrumbList","@id":"https:\/\/www.celttv.com.ar\/index.php\/2022\/03\/14\/prohiben-la-circulacion-del-tren-que-pasa-por-tornquist-y-une-a-bahia-blanca-con-plaza-constitucion\/#breadcrumb","itemListElement":[{"@type":"ListItem","position":1,"name":"Inicio","item":"https:\/\/www.celttv.com.ar\/"},{"@type":"ListItem","position":2,"name":"Proh\u00edben la circulaci\u00f3n del tren que pasa por Tornquist y une a Bah\u00eda Blanca con Plaza Constituci\u00f3n"}]},{"@type":"WebSite","@id":"https:\/\/www.celttv.com.ar\/#website","url":"https:\/\/www.celttv.com.ar\/","name":"CELTTV","description":"Cooperativa El\u00e9ctrica de Tornquist","publisher":{"@id":"https:\/\/www.celttv.com.ar\/#organization"},"potentialAction":[{"@type":"SearchAction","target":{"@type":"EntryPoint","urlTemplate":"https:\/\/www.celttv.com.ar\/?s={search_term_string}"},"query-input":"required name=search_term_string"}],"inLanguage":"es"},{"@type":"Organization","@id":"https:\/\/www.celttv.com.ar\/#organization","name":"CELTTV","url":"https:\/\/www.celttv.com.ar\/","sameAs":["https:\/\/www.youtube.com\/channel\/UCz_oIt8Hig64Ub-EmcNPIhg","https:\/\/www.facebook.com\/celtTV\/"],"logo":{"@type":"ImageObject","inLanguage":"es","@id":"https:\/\/www.celttv.com.ar\/#\/schema\/logo\/image\/","url":"http:\/\/www.celttv.com.ar\/wp-content\/uploads\/2022\/08\/logo-1.png","contentUrl":"http:\/\/www.celttv.com.ar\/wp-content\/uploads\/2022\/08\/logo-1.png","width":461,"height":159,"caption":"CELTTV"},"image":{"@id":"https:\/\/www.celttv.com.ar\/#\/schema\/logo\/image\/"}},{"@type":"Person","@id":"https:\/\/www.celttv.com.ar\/#\/schema\/person\/6d99c072dba59953809c81446e9d0ace","name":"ulises","image":{"@type":"ImageObject","inLanguage":"es","@id":"https:\/\/www.celttv.com.ar\/#\/schema\/person\/image\/","url":"https:\/\/secure.gravatar.com\/avatar\/7f2c48bdc33b30088f941fb6082e555f2874c98e20cb159d7b92b50eadfce793?s=96&d=mm&r=g","contentUrl":"https:\/\/secure.gravatar.com\/avatar\/7f2c48bdc33b30088f941fb6082e555f2874c98e20cb159d7b92b50eadfce793?s=96&d=mm&r=g","caption":"ulises"},"sameAs":["http:\/\/www.celttv.com.ar"]}]}},"_links":{"self":[{"href":"https:\/\/www.celttv.com.ar\/index.php\/wp-json\/wp\/v2\/posts\/64475","targetHints":{"allow":["GET"]}}],"collection":[{"href":"https:\/\/www.celttv.com.ar\/index.php\/wp-json\/wp\/v2\/posts"}],"about":[{"href":"https:\/\/www.celttv.com.ar\/index.php\/wp-json\/wp\/v2\/types\/post"}],"author":[{"embeddable":true,"href":"https:\/\/www.celttv.com.ar\/index.php\/wp-json\/wp\/v2\/users\/1"}],"replies":[{"embeddable":true,"href":"https:\/\/www.celttv.com.ar\/index.php\/wp-json\/wp\/v2\/comments?post=64475"}],"version-history":[{"count":0,"href":"https:\/\/www.celttv.com.ar\/index.php\/wp-json\/wp\/v2\/posts\/64475\/revisions"}],"wp:featuredmedia":[{"embeddable":true,"href":"https:\/\/www.celttv.com.ar\/index.php\/wp-json\/wp\/v2\/media\/64476"}],"wp:attachment":[{"href":"https:\/\/www.celttv.com.ar\/index.php\/wp-json\/wp\/v2\/media?parent=64475"}],"wp:term":[{"taxonomy":"category","embeddable":true,"href":"https:\/\/www.celttv.com.ar\/index.php\/wp-json\/wp\/v2\/categories?post=64475"},{"taxonomy":"post_tag","embeddable":true,"href":"https:\/\/www.celttv.com.ar\/index.php\/wp-json\/wp\/v2\/tags?post=64475"}],"curies":[{"name":"wp","href":"https:\/\/api.w.org\/{rel}","templated":true}]}}