{"id":64486,"date":"2022-03-15T21:10:07","date_gmt":"2022-03-15T21:10:07","guid":{"rendered":"http:\/\/www.celttv.com.ar\/?p=64486"},"modified":"2022-03-15T21:10:07","modified_gmt":"2022-03-15T21:10:07","slug":"distinguieron-a-los-bomberos-de-saldungaray-que-combatieron-los-incendios-en-corrientes","status":"publish","type":"post","link":"https:\/\/www.celttv.com.ar\/index.php\/2022\/03\/15\/distinguieron-a-los-bomberos-de-saldungaray-que-combatieron-los-incendios-en-corrientes\/","title":{"rendered":"Distinguieron a los bomberos de Saldungaray que combatieron los incendios en Corrientes"},"content":{"rendered":"\n<p>El intendente Sergio Bordoni y el Secretario de Gobierno y Seguridad, Ezequiel Gabella, distinguieron este lunes a los cuatro bomberos voluntarios de Saldungaray que trabajaron durante febrero en los incendios forestales de la Provincia de Corrientes.<\/p>\n\n\n<p>Se trata del Ayudante Primero&nbsp;Pablo Esquivel y de los bomberos Facundo Escudero, Luis Carabajal y&nbsp;Laura&nbsp;De Philippis, pertenecientes al cuerpo activo de la localidad y que fueron convocados por la Federaci\u00f3n de Bomberos Voluntarios Bonaerenses.<\/p>\n\n\n<p>Durante la entrega de los diplomas de reconocimiento, que tuvo lugar en la instituci\u00f3n bomberil y de la que tambi\u00e9n participaron el delegado Gerardo Rohlmann y el Director de Acci\u00f3n Social, Facundo Pereyra, los funcionarios municipales, recibidos por la Secretaria de la Comisi\u00f3n Directiva de la entidad, Cristina Maldonado,le expresaron a los brigadistas que se sintieron movilizados por c\u00f3mo los incendios conmocionaron al pa\u00eds entero y la respuesta solidaria de la sociedad.<\/p>\n\n\n<p>Frente a eso, consideraron un buen gesto comenzar a reconocer a todos los bomberos voluntarios del distrito que toman acci\u00f3n para prestar colaboraci\u00f3n en siniestros en otras jurisdicciones y provincias.<\/p>\n\n\n<figure class=\"wp-block-gallery columns-3 is-cropped wp-block-gallery-1 is-layout-flex wp-block-gallery-is-layout-flex\"><ul class=\"blocks-gallery-grid\"><li class=\"blocks-gallery-item\"><figure><img loading=\"lazy\" decoding=\"async\" width=\"1024\" height=\"683\" src=\"http:\/\/www.celttv.com.ar\/wp-content\/uploads\/2022\/03\/Reconocimiento-Bomberos-Saldungaray-1-1024x683.jpeg\" alt=\"\" data-id=\"64487\" data-full-url=\"http:\/\/www.celttv.com.ar\/wp-content\/uploads\/2022\/03\/Reconocimiento-Bomberos-Saldungaray-1.jpeg\" data-link=\"http:\/\/www.celttv.com.ar\/?attachment_id=64487\" class=\"wp-image-64487\" srcset=\"https:\/\/www.celttv.com.ar\/wp-content\/uploads\/2022\/03\/Reconocimiento-Bomberos-Saldungaray-1-1024x683.jpeg 1024w, https:\/\/www.celttv.com.ar\/wp-content\/uploads\/2022\/03\/Reconocimiento-Bomberos-Saldungaray-1-300x200.jpeg 300w, https:\/\/www.celttv.com.ar\/wp-content\/uploads\/2022\/03\/Reconocimiento-Bomberos-Saldungaray-1-768x512.jpeg 768w, https:\/\/www.celttv.com.ar\/wp-content\/uploads\/2022\/03\/Reconocimiento-Bomberos-Saldungaray-1-1536x1024.jpeg 1536w, https:\/\/www.celttv.com.ar\/wp-content\/uploads\/2022\/03\/Reconocimiento-Bomberos-Saldungaray-1-750x500.jpeg 750w, https:\/\/www.celttv.com.ar\/wp-content\/uploads\/2022\/03\/Reconocimiento-Bomberos-Saldungaray-1-1140x760.jpeg 1140w, https:\/\/www.celttv.com.ar\/wp-content\/uploads\/2022\/03\/Reconocimiento-Bomberos-Saldungaray-1.jpeg 1599w\" sizes=\"auto, (max-width: 1024px) 100vw, 1024px\" \/><\/figure><\/li><li class=\"blocks-gallery-item\"><figure><img loading=\"lazy\" decoding=\"async\" width=\"1024\" height=\"695\" src=\"http:\/\/www.celttv.com.ar\/wp-content\/uploads\/2022\/03\/Reconocimiento-Bomberos-Saldungaray-2-1024x695.jpeg\" alt=\"\" data-id=\"64488\" data-full-url=\"http:\/\/www.celttv.com.ar\/wp-content\/uploads\/2022\/03\/Reconocimiento-Bomberos-Saldungaray-2.jpeg\" data-link=\"http:\/\/www.celttv.com.ar\/?attachment_id=64488\" class=\"wp-image-64488\" srcset=\"https:\/\/www.celttv.com.ar\/wp-content\/uploads\/2022\/03\/Reconocimiento-Bomberos-Saldungaray-2-1024x695.jpeg 1024w, https:\/\/www.celttv.com.ar\/wp-content\/uploads\/2022\/03\/Reconocimiento-Bomberos-Saldungaray-2-300x204.jpeg 300w, https:\/\/www.celttv.com.ar\/wp-content\/uploads\/2022\/03\/Reconocimiento-Bomberos-Saldungaray-2-768x521.jpeg 768w, https:\/\/www.celttv.com.ar\/wp-content\/uploads\/2022\/03\/Reconocimiento-Bomberos-Saldungaray-2-750x509.jpeg 750w, https:\/\/www.celttv.com.ar\/wp-content\/uploads\/2022\/03\/Reconocimiento-Bomberos-Saldungaray-2-1140x774.jpeg 1140w, https:\/\/www.celttv.com.ar\/wp-content\/uploads\/2022\/03\/Reconocimiento-Bomberos-Saldungaray-2.jpeg 1515w\" sizes=\"auto, (max-width: 1024px) 100vw, 1024px\" \/><\/figure><\/li><li class=\"blocks-gallery-item\"><figure><img loading=\"lazy\" decoding=\"async\" width=\"1024\" height=\"683\" src=\"http:\/\/www.celttv.com.ar\/wp-content\/uploads\/2022\/03\/Reconocimiento-Bomberos-Saldungaray-3-1024x683.jpeg\" alt=\"\" data-id=\"64489\" data-full-url=\"http:\/\/www.celttv.com.ar\/wp-content\/uploads\/2022\/03\/Reconocimiento-Bomberos-Saldungaray-3.jpeg\" data-link=\"http:\/\/www.celttv.com.ar\/?attachment_id=64489\" class=\"wp-image-64489\" srcset=\"https:\/\/www.celttv.com.ar\/wp-content\/uploads\/2022\/03\/Reconocimiento-Bomberos-Saldungaray-3-1024x683.jpeg 1024w, https:\/\/www.celttv.com.ar\/wp-content\/uploads\/2022\/03\/Reconocimiento-Bomberos-Saldungaray-3-300x200.jpeg 300w, https:\/\/www.celttv.com.ar\/wp-content\/uploads\/2022\/03\/Reconocimiento-Bomberos-Saldungaray-3-768x512.jpeg 768w, https:\/\/www.celttv.com.ar\/wp-content\/uploads\/2022\/03\/Reconocimiento-Bomberos-Saldungaray-3-1536x1024.jpeg 1536w, https:\/\/www.celttv.com.ar\/wp-content\/uploads\/2022\/03\/Reconocimiento-Bomberos-Saldungaray-3-750x500.jpeg 750w, https:\/\/www.celttv.com.ar\/wp-content\/uploads\/2022\/03\/Reconocimiento-Bomberos-Saldungaray-3-1140x760.jpeg 1140w, https:\/\/www.celttv.com.ar\/wp-content\/uploads\/2022\/03\/Reconocimiento-Bomberos-Saldungaray-3.jpeg 1599w\" sizes=\"auto, (max-width: 1024px) 100vw, 1024px\" \/><\/figure><\/li><li class=\"blocks-gallery-item\"><figure><img loading=\"lazy\" decoding=\"async\" width=\"1024\" height=\"683\" src=\"http:\/\/www.celttv.com.ar\/wp-content\/uploads\/2022\/03\/Reconocimiento-Bomberos-Saldungaray-4-1024x683.jpeg\" alt=\"\" data-id=\"64490\" data-full-url=\"http:\/\/www.celttv.com.ar\/wp-content\/uploads\/2022\/03\/Reconocimiento-Bomberos-Saldungaray-4.jpeg\" data-link=\"http:\/\/www.celttv.com.ar\/?attachment_id=64490\" class=\"wp-image-64490\" srcset=\"https:\/\/www.celttv.com.ar\/wp-content\/uploads\/2022\/03\/Reconocimiento-Bomberos-Saldungaray-4-1024x683.jpeg 1024w, https:\/\/www.celttv.com.ar\/wp-content\/uploads\/2022\/03\/Reconocimiento-Bomberos-Saldungaray-4-300x200.jpeg 300w, https:\/\/www.celttv.com.ar\/wp-content\/uploads\/2022\/03\/Reconocimiento-Bomberos-Saldungaray-4-768x512.jpeg 768w, https:\/\/www.celttv.com.ar\/wp-content\/uploads\/2022\/03\/Reconocimiento-Bomberos-Saldungaray-4-1536x1024.jpeg 1536w, https:\/\/www.celttv.com.ar\/wp-content\/uploads\/2022\/03\/Reconocimiento-Bomberos-Saldungaray-4-750x500.jpeg 750w, https:\/\/www.celttv.com.ar\/wp-content\/uploads\/2022\/03\/Reconocimiento-Bomberos-Saldungaray-4-1140x760.jpeg 1140w, https:\/\/www.celttv.com.ar\/wp-content\/uploads\/2022\/03\/Reconocimiento-Bomberos-Saldungaray-4.jpeg 1599w\" sizes=\"auto, (max-width: 1024px) 100vw, 1024px\" \/><\/figure><\/li><li class=\"blocks-gallery-item\"><figure><img loading=\"lazy\" decoding=\"async\" width=\"1024\" height=\"683\" src=\"http:\/\/www.celttv.com.ar\/wp-content\/uploads\/2022\/03\/Reconocimiento-Bomberos-Saldungaray-5-1024x683.jpeg\" alt=\"\" data-id=\"64491\" data-full-url=\"http:\/\/www.celttv.com.ar\/wp-content\/uploads\/2022\/03\/Reconocimiento-Bomberos-Saldungaray-5.jpeg\" data-link=\"http:\/\/www.celttv.com.ar\/?attachment_id=64491\" class=\"wp-image-64491\" srcset=\"https:\/\/www.celttv.com.ar\/wp-content\/uploads\/2022\/03\/Reconocimiento-Bomberos-Saldungaray-5-1024x683.jpeg 1024w, https:\/\/www.celttv.com.ar\/wp-content\/uploads\/2022\/03\/Reconocimiento-Bomberos-Saldungaray-5-300x200.jpeg 300w, https:\/\/www.celttv.com.ar\/wp-content\/uploads\/2022\/03\/Reconocimiento-Bomberos-Saldungaray-5-768x512.jpeg 768w, https:\/\/www.celttv.com.ar\/wp-content\/uploads\/2022\/03\/Reconocimiento-Bomberos-Saldungaray-5-1536x1024.jpeg 1536w, https:\/\/www.celttv.com.ar\/wp-content\/uploads\/2022\/03\/Reconocimiento-Bomberos-Saldungaray-5-750x500.jpeg 750w, https:\/\/www.celttv.com.ar\/wp-content\/uploads\/2022\/03\/Reconocimiento-Bomberos-Saldungaray-5-1140x760.jpeg 1140w, https:\/\/www.celttv.com.ar\/wp-content\/uploads\/2022\/03\/Reconocimiento-Bomberos-Saldungaray-5.jpeg 1599w\" sizes=\"auto, (max-width: 1024px) 100vw, 1024px\" \/><\/figure><\/li><li class=\"blocks-gallery-item\"><figure><img loading=\"lazy\" decoding=\"async\" width=\"1024\" height=\"683\" src=\"http:\/\/www.celttv.com.ar\/wp-content\/uploads\/2022\/03\/Reconocimiento-Bomberos-Saldungaray-6-1024x683.jpeg\" alt=\"\" data-id=\"64492\" data-full-url=\"http:\/\/www.celttv.com.ar\/wp-content\/uploads\/2022\/03\/Reconocimiento-Bomberos-Saldungaray-6.jpeg\" data-link=\"http:\/\/www.celttv.com.ar\/?attachment_id=64492\" class=\"wp-image-64492\" srcset=\"https:\/\/www.celttv.com.ar\/wp-content\/uploads\/2022\/03\/Reconocimiento-Bomberos-Saldungaray-6-1024x683.jpeg 1024w, https:\/\/www.celttv.com.ar\/wp-content\/uploads\/2022\/03\/Reconocimiento-Bomberos-Saldungaray-6-300x200.jpeg 300w, https:\/\/www.celttv.com.ar\/wp-content\/uploads\/2022\/03\/Reconocimiento-Bomberos-Saldungaray-6-768x512.jpeg 768w, https:\/\/www.celttv.com.ar\/wp-content\/uploads\/2022\/03\/Reconocimiento-Bomberos-Saldungaray-6-1536x1024.jpeg 1536w, https:\/\/www.celttv.com.ar\/wp-content\/uploads\/2022\/03\/Reconocimiento-Bomberos-Saldungaray-6-750x500.jpeg 750w, https:\/\/www.celttv.com.ar\/wp-content\/uploads\/2022\/03\/Reconocimiento-Bomberos-Saldungaray-6-1140x760.jpeg 1140w, https:\/\/www.celttv.com.ar\/wp-content\/uploads\/2022\/03\/Reconocimiento-Bomberos-Saldungaray-6.jpeg 1599w\" sizes=\"auto, (max-width: 1024px) 100vw, 1024px\" \/><\/figure><\/li><\/ul><\/figure>\n","protected":false},"excerpt":{"rendered":"<p>El intendente Sergio Bordoni y el Secretario de Gobierno y Seguridad, Ezequiel Gabella, distinguieron este lunes a los cuatro bomberos voluntarios de Saldungaray que trabajaron durante febrero en los incendios forestales de la Provincia de Corrientes. Se trata del Ayudante Primero&nbsp;Pablo Esquivel y de los bomberos Facundo Escudero, Luis Carabajal y&nbsp;Laura&nbsp;De Philippis, pertenecientes al cuerpo [&hellip;]<\/p>\n","protected":false},"author":1,"featured_media":64488,"comment_status":"closed","ping_status":"open","sticky":false,"template":"","format":"standard","meta":{"footnotes":""},"categories":[51,52,59],"tags":[],"class_list":["post-64486","post","type-post","status-publish","format-standard","has-post-thumbnail","hentry","category-comunidad","category-destacadas","category-municipales"],"yoast_head":"<!-- This site is optimized with the Yoast SEO plugin v19.7.1 - https:\/\/yoast.com\/wordpress\/plugins\/seo\/ -->\n<title>Distinguieron a los bomberos de Saldungaray que combatieron los incendios en Corrientes - CELTTV<\/title>\n<meta name=\"description\" content=\"Sitio web de noticias de la localidad de Tornquist, provincia de Buenos Aires, Rep\u00fablica Argentina. Contenido propio originado por periodistas de CELTTV, el canal de TV local de la Cooperativa El\u00e9ctrica de Tornquist. Turismo, Pol\u00edtica, Sociedad, Deporte, Cultura y todo el contenido de inter\u00e9s general que la gente del pueblo y la regi\u00f3n debe conocer.\" \/>\n<meta name=\"robots\" content=\"index, follow, max-snippet:-1, max-image-preview:large, max-video-preview:-1\" \/>\n<link rel=\"canonical\" href=\"https:\/\/www.celttv.com.ar\/index.php\/2022\/03\/15\/distinguieron-a-los-bomberos-de-saldungaray-que-combatieron-los-incendios-en-corrientes\/\" \/>\n<meta property=\"og:locale\" content=\"es_ES\" \/>\n<meta property=\"og:type\" content=\"article\" \/>\n<meta property=\"og:title\" content=\"Distinguieron a los bomberos de Saldungaray que combatieron los incendios en Corrientes - CELTTV\" \/>\n<meta property=\"og:description\" content=\"Sitio web de noticias de la localidad de Tornquist, provincia de Buenos Aires, Rep\u00fablica Argentina. Contenido propio originado por periodistas de CELTTV, el canal de TV local de la Cooperativa El\u00e9ctrica de Tornquist. Turismo, Pol\u00edtica, Sociedad, Deporte, Cultura y todo el contenido de inter\u00e9s general que la gente del pueblo y la regi\u00f3n debe conocer.\" \/>\n<meta property=\"og:url\" content=\"https:\/\/www.celttv.com.ar\/index.php\/2022\/03\/15\/distinguieron-a-los-bomberos-de-saldungaray-que-combatieron-los-incendios-en-corrientes\/\" \/>\n<meta property=\"og:site_name\" content=\"CELTTV\" \/>\n<meta property=\"article:publisher\" content=\"https:\/\/www.facebook.com\/celtTV\/\" \/>\n<meta property=\"article:published_time\" content=\"2022-03-15T21:10:07+00:00\" \/>\n<meta property=\"og:image\" content=\"https:\/\/www.celttv.com.ar\/wp-content\/uploads\/2022\/03\/Reconocimiento-Bomberos-Saldungaray-2.jpeg\" \/>\n\t<meta property=\"og:image:width\" content=\"1515\" \/>\n\t<meta property=\"og:image:height\" content=\"1028\" \/>\n\t<meta property=\"og:image:type\" content=\"image\/jpeg\" \/>\n<meta name=\"author\" content=\"ulises\" \/>\n<meta name=\"twitter:card\" content=\"summary_large_image\" \/>\n<meta name=\"twitter:label1\" content=\"Escrito por\" \/>\n\t<meta name=\"twitter:data1\" content=\"ulises\" \/>\n\t<meta name=\"twitter:label2\" content=\"Tiempo de lectura\" \/>\n\t<meta name=\"twitter:data2\" content=\"1 minuto\" \/>\n<script type=\"application\/ld+json\" class=\"yoast-schema-graph\">{\"@context\":\"https:\/\/schema.org\",\"@graph\":[{\"@type\":\"NewsArticle\",\"@id\":\"https:\/\/www.celttv.com.ar\/index.php\/2022\/03\/15\/distinguieron-a-los-bomberos-de-saldungaray-que-combatieron-los-incendios-en-corrientes\/#article\",\"isPartOf\":{\"@id\":\"https:\/\/www.celttv.com.ar\/index.php\/2022\/03\/15\/distinguieron-a-los-bomberos-de-saldungaray-que-combatieron-los-incendios-en-corrientes\/\"},\"author\":{\"name\":\"ulises\",\"@id\":\"https:\/\/www.celttv.com.ar\/#\/schema\/person\/6d99c072dba59953809c81446e9d0ace\"},\"headline\":\"Distinguieron a los bomberos de Saldungaray que combatieron los incendios en Corrientes\",\"datePublished\":\"2022-03-15T21:10:07+00:00\",\"dateModified\":\"2022-03-15T21:10:07+00:00\",\"mainEntityOfPage\":{\"@id\":\"https:\/\/www.celttv.com.ar\/index.php\/2022\/03\/15\/distinguieron-a-los-bomberos-de-saldungaray-que-combatieron-los-incendios-en-corrientes\/\"},\"wordCount\":200,\"publisher\":{\"@id\":\"https:\/\/www.celttv.com.ar\/#organization\"},\"articleSection\":[\"Comunidad\",\"Destacadas\",\"Municipales\"],\"inLanguage\":\"es\"},{\"@type\":\"WebPage\",\"@id\":\"https:\/\/www.celttv.com.ar\/index.php\/2022\/03\/15\/distinguieron-a-los-bomberos-de-saldungaray-que-combatieron-los-incendios-en-corrientes\/\",\"url\":\"https:\/\/www.celttv.com.ar\/index.php\/2022\/03\/15\/distinguieron-a-los-bomberos-de-saldungaray-que-combatieron-los-incendios-en-corrientes\/\",\"name\":\"Distinguieron a los bomberos de Saldungaray que combatieron los incendios en Corrientes - CELTTV\",\"isPartOf\":{\"@id\":\"https:\/\/www.celttv.com.ar\/#website\"},\"datePublished\":\"2022-03-15T21:10:07+00:00\",\"dateModified\":\"2022-03-15T21:10:07+00:00\",\"description\":\"Sitio web de noticias de la localidad de Tornquist, provincia de Buenos Aires, Rep\u00fablica Argentina. Contenido propio originado por periodistas de CELTTV, el canal de TV local de la Cooperativa El\u00e9ctrica de Tornquist. Turismo, Pol\u00edtica, Sociedad, Deporte, Cultura y todo el contenido de inter\u00e9s general que la gente del pueblo y la regi\u00f3n debe conocer.\",\"breadcrumb\":{\"@id\":\"https:\/\/www.celttv.com.ar\/index.php\/2022\/03\/15\/distinguieron-a-los-bomberos-de-saldungaray-que-combatieron-los-incendios-en-corrientes\/#breadcrumb\"},\"inLanguage\":\"es\",\"potentialAction\":[{\"@type\":\"ReadAction\",\"target\":[\"https:\/\/www.celttv.com.ar\/index.php\/2022\/03\/15\/distinguieron-a-los-bomberos-de-saldungaray-que-combatieron-los-incendios-en-corrientes\/\"]}]},{\"@type\":\"BreadcrumbList\",\"@id\":\"https:\/\/www.celttv.com.ar\/index.php\/2022\/03\/15\/distinguieron-a-los-bomberos-de-saldungaray-que-combatieron-los-incendios-en-corrientes\/#breadcrumb\",\"itemListElement\":[{\"@type\":\"ListItem\",\"position\":1,\"name\":\"Inicio\",\"item\":\"https:\/\/www.celttv.com.ar\/\"},{\"@type\":\"ListItem\",\"position\":2,\"name\":\"Distinguieron a los bomberos de Saldungaray que combatieron los incendios en Corrientes\"}]},{\"@type\":\"WebSite\",\"@id\":\"https:\/\/www.celttv.com.ar\/#website\",\"url\":\"https:\/\/www.celttv.com.ar\/\",\"name\":\"CELTTV\",\"description\":\"Cooperativa El\u00e9ctrica de Tornquist\",\"publisher\":{\"@id\":\"https:\/\/www.celttv.com.ar\/#organization\"},\"potentialAction\":[{\"@type\":\"SearchAction\",\"target\":{\"@type\":\"EntryPoint\",\"urlTemplate\":\"https:\/\/www.celttv.com.ar\/?s={search_term_string}\"},\"query-input\":\"required name=search_term_string\"}],\"inLanguage\":\"es\"},{\"@type\":\"Organization\",\"@id\":\"https:\/\/www.celttv.com.ar\/#organization\",\"name\":\"CELTTV\",\"url\":\"https:\/\/www.celttv.com.ar\/\",\"sameAs\":[\"https:\/\/www.youtube.com\/channel\/UCz_oIt8Hig64Ub-EmcNPIhg\",\"https:\/\/www.facebook.com\/celtTV\/\"],\"logo\":{\"@type\":\"ImageObject\",\"inLanguage\":\"es\",\"@id\":\"https:\/\/www.celttv.com.ar\/#\/schema\/logo\/image\/\",\"url\":\"http:\/\/www.celttv.com.ar\/wp-content\/uploads\/2022\/08\/logo-1.png\",\"contentUrl\":\"http:\/\/www.celttv.com.ar\/wp-content\/uploads\/2022\/08\/logo-1.png\",\"width\":461,\"height\":159,\"caption\":\"CELTTV\"},\"image\":{\"@id\":\"https:\/\/www.celttv.com.ar\/#\/schema\/logo\/image\/\"}},{\"@type\":\"Person\",\"@id\":\"https:\/\/www.celttv.com.ar\/#\/schema\/person\/6d99c072dba59953809c81446e9d0ace\",\"name\":\"ulises\",\"image\":{\"@type\":\"ImageObject\",\"inLanguage\":\"es\",\"@id\":\"https:\/\/www.celttv.com.ar\/#\/schema\/person\/image\/\",\"url\":\"https:\/\/secure.gravatar.com\/avatar\/7f2c48bdc33b30088f941fb6082e555f2874c98e20cb159d7b92b50eadfce793?s=96&d=mm&r=g\",\"contentUrl\":\"https:\/\/secure.gravatar.com\/avatar\/7f2c48bdc33b30088f941fb6082e555f2874c98e20cb159d7b92b50eadfce793?s=96&d=mm&r=g\",\"caption\":\"ulises\"},\"sameAs\":[\"http:\/\/www.celttv.com.ar\"]}]}<\/script>\n<!-- \/ Yoast SEO plugin. -->","yoast_head_json":{"title":"Distinguieron a los bomberos de Saldungaray que combatieron los incendios en Corrientes - CELTTV","description":"Sitio web de noticias de la localidad de Tornquist, provincia de Buenos Aires, Rep\u00fablica Argentina. Contenido propio originado por periodistas de CELTTV, el canal de TV local de la Cooperativa El\u00e9ctrica de Tornquist. Turismo, Pol\u00edtica, Sociedad, Deporte, Cultura y todo el contenido de inter\u00e9s general que la gente del pueblo y la regi\u00f3n debe conocer.","robots":{"index":"index","follow":"follow","max-snippet":"max-snippet:-1","max-image-preview":"max-image-preview:large","max-video-preview":"max-video-preview:-1"},"canonical":"https:\/\/www.celttv.com.ar\/index.php\/2022\/03\/15\/distinguieron-a-los-bomberos-de-saldungaray-que-combatieron-los-incendios-en-corrientes\/","og_locale":"es_ES","og_type":"article","og_title":"Distinguieron a los bomberos de Saldungaray que combatieron los incendios en Corrientes - CELTTV","og_description":"Sitio web de noticias de la localidad de Tornquist, provincia de Buenos Aires, Rep\u00fablica Argentina. Contenido propio originado por periodistas de CELTTV, el canal de TV local de la Cooperativa El\u00e9ctrica de Tornquist. Turismo, Pol\u00edtica, Sociedad, Deporte, Cultura y todo el contenido de inter\u00e9s general que la gente del pueblo y la regi\u00f3n debe conocer.","og_url":"https:\/\/www.celttv.com.ar\/index.php\/2022\/03\/15\/distinguieron-a-los-bomberos-de-saldungaray-que-combatieron-los-incendios-en-corrientes\/","og_site_name":"CELTTV","article_publisher":"https:\/\/www.facebook.com\/celtTV\/","article_published_time":"2022-03-15T21:10:07+00:00","og_image":[{"width":1515,"height":1028,"url":"https:\/\/www.celttv.com.ar\/wp-content\/uploads\/2022\/03\/Reconocimiento-Bomberos-Saldungaray-2.jpeg","type":"image\/jpeg"}],"author":"ulises","twitter_card":"summary_large_image","twitter_misc":{"Escrito por":"ulises","Tiempo de lectura":"1 minuto"},"schema":{"@context":"https:\/\/schema.org","@graph":[{"@type":"NewsArticle","@id":"https:\/\/www.celttv.com.ar\/index.php\/2022\/03\/15\/distinguieron-a-los-bomberos-de-saldungaray-que-combatieron-los-incendios-en-corrientes\/#article","isPartOf":{"@id":"https:\/\/www.celttv.com.ar\/index.php\/2022\/03\/15\/distinguieron-a-los-bomberos-de-saldungaray-que-combatieron-los-incendios-en-corrientes\/"},"author":{"name":"ulises","@id":"https:\/\/www.celttv.com.ar\/#\/schema\/person\/6d99c072dba59953809c81446e9d0ace"},"headline":"Distinguieron a los bomberos de Saldungaray que combatieron los incendios en Corrientes","datePublished":"2022-03-15T21:10:07+00:00","dateModified":"2022-03-15T21:10:07+00:00","mainEntityOfPage":{"@id":"https:\/\/www.celttv.com.ar\/index.php\/2022\/03\/15\/distinguieron-a-los-bomberos-de-saldungaray-que-combatieron-los-incendios-en-corrientes\/"},"wordCount":200,"publisher":{"@id":"https:\/\/www.celttv.com.ar\/#organization"},"articleSection":["Comunidad","Destacadas","Municipales"],"inLanguage":"es"},{"@type":"WebPage","@id":"https:\/\/www.celttv.com.ar\/index.php\/2022\/03\/15\/distinguieron-a-los-bomberos-de-saldungaray-que-combatieron-los-incendios-en-corrientes\/","url":"https:\/\/www.celttv.com.ar\/index.php\/2022\/03\/15\/distinguieron-a-los-bomberos-de-saldungaray-que-combatieron-los-incendios-en-corrientes\/","name":"Distinguieron a los bomberos de Saldungaray que combatieron los incendios en Corrientes - CELTTV","isPartOf":{"@id":"https:\/\/www.celttv.com.ar\/#website"},"datePublished":"2022-03-15T21:10:07+00:00","dateModified":"2022-03-15T21:10:07+00:00","description":"Sitio web de noticias de la localidad de Tornquist, provincia de Buenos Aires, Rep\u00fablica Argentina. Contenido propio originado por periodistas de CELTTV, el canal de TV local de la Cooperativa El\u00e9ctrica de Tornquist. Turismo, Pol\u00edtica, Sociedad, Deporte, Cultura y todo el contenido de inter\u00e9s general que la gente del pueblo y la regi\u00f3n debe conocer.","breadcrumb":{"@id":"https:\/\/www.celttv.com.ar\/index.php\/2022\/03\/15\/distinguieron-a-los-bomberos-de-saldungaray-que-combatieron-los-incendios-en-corrientes\/#breadcrumb"},"inLanguage":"es","potentialAction":[{"@type":"ReadAction","target":["https:\/\/www.celttv.com.ar\/index.php\/2022\/03\/15\/distinguieron-a-los-bomberos-de-saldungaray-que-combatieron-los-incendios-en-corrientes\/"]}]},{"@type":"BreadcrumbList","@id":"https:\/\/www.celttv.com.ar\/index.php\/2022\/03\/15\/distinguieron-a-los-bomberos-de-saldungaray-que-combatieron-los-incendios-en-corrientes\/#breadcrumb","itemListElement":[{"@type":"ListItem","position":1,"name":"Inicio","item":"https:\/\/www.celttv.com.ar\/"},{"@type":"ListItem","position":2,"name":"Distinguieron a los bomberos de Saldungaray que combatieron los incendios en Corrientes"}]},{"@type":"WebSite","@id":"https:\/\/www.celttv.com.ar\/#website","url":"https:\/\/www.celttv.com.ar\/","name":"CELTTV","description":"Cooperativa El\u00e9ctrica de Tornquist","publisher":{"@id":"https:\/\/www.celttv.com.ar\/#organization"},"potentialAction":[{"@type":"SearchAction","target":{"@type":"EntryPoint","urlTemplate":"https:\/\/www.celttv.com.ar\/?s={search_term_string}"},"query-input":"required name=search_term_string"}],"inLanguage":"es"},{"@type":"Organization","@id":"https:\/\/www.celttv.com.ar\/#organization","name":"CELTTV","url":"https:\/\/www.celttv.com.ar\/","sameAs":["https:\/\/www.youtube.com\/channel\/UCz_oIt8Hig64Ub-EmcNPIhg","https:\/\/www.facebook.com\/celtTV\/"],"logo":{"@type":"ImageObject","inLanguage":"es","@id":"https:\/\/www.celttv.com.ar\/#\/schema\/logo\/image\/","url":"http:\/\/www.celttv.com.ar\/wp-content\/uploads\/2022\/08\/logo-1.png","contentUrl":"http:\/\/www.celttv.com.ar\/wp-content\/uploads\/2022\/08\/logo-1.png","width":461,"height":159,"caption":"CELTTV"},"image":{"@id":"https:\/\/www.celttv.com.ar\/#\/schema\/logo\/image\/"}},{"@type":"Person","@id":"https:\/\/www.celttv.com.ar\/#\/schema\/person\/6d99c072dba59953809c81446e9d0ace","name":"ulises","image":{"@type":"ImageObject","inLanguage":"es","@id":"https:\/\/www.celttv.com.ar\/#\/schema\/person\/image\/","url":"https:\/\/secure.gravatar.com\/avatar\/7f2c48bdc33b30088f941fb6082e555f2874c98e20cb159d7b92b50eadfce793?s=96&d=mm&r=g","contentUrl":"https:\/\/secure.gravatar.com\/avatar\/7f2c48bdc33b30088f941fb6082e555f2874c98e20cb159d7b92b50eadfce793?s=96&d=mm&r=g","caption":"ulises"},"sameAs":["http:\/\/www.celttv.com.ar"]}]}},"_links":{"self":[{"href":"https:\/\/www.celttv.com.ar\/index.php\/wp-json\/wp\/v2\/posts\/64486","targetHints":{"allow":["GET"]}}],"collection":[{"href":"https:\/\/www.celttv.com.ar\/index.php\/wp-json\/wp\/v2\/posts"}],"about":[{"href":"https:\/\/www.celttv.com.ar\/index.php\/wp-json\/wp\/v2\/types\/post"}],"author":[{"embeddable":true,"href":"https:\/\/www.celttv.com.ar\/index.php\/wp-json\/wp\/v2\/users\/1"}],"replies":[{"embeddable":true,"href":"https:\/\/www.celttv.com.ar\/index.php\/wp-json\/wp\/v2\/comments?post=64486"}],"version-history":[{"count":0,"href":"https:\/\/www.celttv.com.ar\/index.php\/wp-json\/wp\/v2\/posts\/64486\/revisions"}],"wp:featuredmedia":[{"embeddable":true,"href":"https:\/\/www.celttv.com.ar\/index.php\/wp-json\/wp\/v2\/media\/64488"}],"wp:attachment":[{"href":"https:\/\/www.celttv.com.ar\/index.php\/wp-json\/wp\/v2\/media?parent=64486"}],"wp:term":[{"taxonomy":"category","embeddable":true,"href":"https:\/\/www.celttv.com.ar\/index.php\/wp-json\/wp\/v2\/categories?post=64486"},{"taxonomy":"post_tag","embeddable":true,"href":"https:\/\/www.celttv.com.ar\/index.php\/wp-json\/wp\/v2\/tags?post=64486"}],"curies":[{"name":"wp","href":"https:\/\/api.w.org\/{rel}","templated":true}]}}