{"id":64494,"date":"2022-03-15T21:36:16","date_gmt":"2022-03-15T21:36:16","guid":{"rendered":"http:\/\/www.celttv.com.ar\/?p=64494"},"modified":"2022-03-15T21:36:16","modified_gmt":"2022-03-15T21:36:16","slug":"universidad-en-saldungaray-quedo-inaugurada-la-sede-de-la-upso-en-la-delegacion-municipal","status":"publish","type":"post","link":"https:\/\/www.celttv.com.ar\/index.php\/2022\/03\/15\/universidad-en-saldungaray-quedo-inaugurada-la-sede-de-la-upso-en-la-delegacion-municipal\/","title":{"rendered":"Universidad en Saldungaray: qued\u00f3 inaugurada la sede de la UPSO en la delegaci\u00f3n municipal"},"content":{"rendered":"\n<figure class=\"wp-block-image size-large\"><img loading=\"lazy\" decoding=\"async\" width=\"1024\" height=\"683\" src=\"http:\/\/www.celttv.com.ar\/wp-content\/uploads\/2022\/03\/Sede-UPSO-Saldungaray-1-1024x683.jpeg\" alt=\"\" class=\"wp-image-64495\" srcset=\"https:\/\/www.celttv.com.ar\/wp-content\/uploads\/2022\/03\/Sede-UPSO-Saldungaray-1-1024x683.jpeg 1024w, https:\/\/www.celttv.com.ar\/wp-content\/uploads\/2022\/03\/Sede-UPSO-Saldungaray-1-300x200.jpeg 300w, https:\/\/www.celttv.com.ar\/wp-content\/uploads\/2022\/03\/Sede-UPSO-Saldungaray-1-768x512.jpeg 768w, https:\/\/www.celttv.com.ar\/wp-content\/uploads\/2022\/03\/Sede-UPSO-Saldungaray-1-1536x1024.jpeg 1536w, https:\/\/www.celttv.com.ar\/wp-content\/uploads\/2022\/03\/Sede-UPSO-Saldungaray-1-750x500.jpeg 750w, https:\/\/www.celttv.com.ar\/wp-content\/uploads\/2022\/03\/Sede-UPSO-Saldungaray-1-1140x760.jpeg 1140w, https:\/\/www.celttv.com.ar\/wp-content\/uploads\/2022\/03\/Sede-UPSO-Saldungaray-1.jpeg 1599w\" sizes=\"auto, (max-width: 1024px) 100vw, 1024px\" \/><\/figure>\n\n\n<figure class=\"wp-block-image size-large\"><img loading=\"lazy\" decoding=\"async\" width=\"1024\" height=\"683\" src=\"http:\/\/www.celttv.com.ar\/wp-content\/uploads\/2022\/03\/Sede-UPSO-Saldungaray-10-1024x683.jpeg\" alt=\"\" class=\"wp-image-64496\" srcset=\"https:\/\/www.celttv.com.ar\/wp-content\/uploads\/2022\/03\/Sede-UPSO-Saldungaray-10-1024x683.jpeg 1024w, https:\/\/www.celttv.com.ar\/wp-content\/uploads\/2022\/03\/Sede-UPSO-Saldungaray-10-300x200.jpeg 300w, https:\/\/www.celttv.com.ar\/wp-content\/uploads\/2022\/03\/Sede-UPSO-Saldungaray-10-768x512.jpeg 768w, https:\/\/www.celttv.com.ar\/wp-content\/uploads\/2022\/03\/Sede-UPSO-Saldungaray-10-1536x1024.jpeg 1536w, https:\/\/www.celttv.com.ar\/wp-content\/uploads\/2022\/03\/Sede-UPSO-Saldungaray-10-750x500.jpeg 750w, https:\/\/www.celttv.com.ar\/wp-content\/uploads\/2022\/03\/Sede-UPSO-Saldungaray-10-1140x760.jpeg 1140w, https:\/\/www.celttv.com.ar\/wp-content\/uploads\/2022\/03\/Sede-UPSO-Saldungaray-10.jpeg 1599w\" sizes=\"auto, (max-width: 1024px) 100vw, 1024px\" \/><\/figure>\n\n\n<figure class=\"wp-block-image size-large\"><img loading=\"lazy\" decoding=\"async\" width=\"1024\" height=\"683\" src=\"http:\/\/www.celttv.com.ar\/wp-content\/uploads\/2022\/03\/Sede-UPSO-Saldungaray-11-1024x683.jpeg\" alt=\"\" class=\"wp-image-64497\" srcset=\"https:\/\/www.celttv.com.ar\/wp-content\/uploads\/2022\/03\/Sede-UPSO-Saldungaray-11-1024x683.jpeg 1024w, https:\/\/www.celttv.com.ar\/wp-content\/uploads\/2022\/03\/Sede-UPSO-Saldungaray-11-300x200.jpeg 300w, https:\/\/www.celttv.com.ar\/wp-content\/uploads\/2022\/03\/Sede-UPSO-Saldungaray-11-768x512.jpeg 768w, https:\/\/www.celttv.com.ar\/wp-content\/uploads\/2022\/03\/Sede-UPSO-Saldungaray-11-1536x1024.jpeg 1536w, https:\/\/www.celttv.com.ar\/wp-content\/uploads\/2022\/03\/Sede-UPSO-Saldungaray-11-750x500.jpeg 750w, https:\/\/www.celttv.com.ar\/wp-content\/uploads\/2022\/03\/Sede-UPSO-Saldungaray-11-1140x760.jpeg 1140w, https:\/\/www.celttv.com.ar\/wp-content\/uploads\/2022\/03\/Sede-UPSO-Saldungaray-11.jpeg 1599w\" sizes=\"auto, (max-width: 1024px) 100vw, 1024px\" \/><\/figure>\n\n\n<figure class=\"wp-block-image size-large\"><img loading=\"lazy\" decoding=\"async\" width=\"1024\" height=\"683\" src=\"http:\/\/www.celttv.com.ar\/wp-content\/uploads\/2022\/03\/Sede-UPSO-Saldungaray-12-1024x683.jpeg\" alt=\"\" class=\"wp-image-64498\" srcset=\"https:\/\/www.celttv.com.ar\/wp-content\/uploads\/2022\/03\/Sede-UPSO-Saldungaray-12-1024x683.jpeg 1024w, https:\/\/www.celttv.com.ar\/wp-content\/uploads\/2022\/03\/Sede-UPSO-Saldungaray-12-300x200.jpeg 300w, https:\/\/www.celttv.com.ar\/wp-content\/uploads\/2022\/03\/Sede-UPSO-Saldungaray-12-768x512.jpeg 768w, https:\/\/www.celttv.com.ar\/wp-content\/uploads\/2022\/03\/Sede-UPSO-Saldungaray-12-1536x1024.jpeg 1536w, https:\/\/www.celttv.com.ar\/wp-content\/uploads\/2022\/03\/Sede-UPSO-Saldungaray-12-750x500.jpeg 750w, https:\/\/www.celttv.com.ar\/wp-content\/uploads\/2022\/03\/Sede-UPSO-Saldungaray-12-1140x760.jpeg 1140w, https:\/\/www.celttv.com.ar\/wp-content\/uploads\/2022\/03\/Sede-UPSO-Saldungaray-12.jpeg 1599w\" sizes=\"auto, (max-width: 1024px) 100vw, 1024px\" \/><\/figure>\n\n\n<figure class=\"wp-block-image size-large\"><img loading=\"lazy\" decoding=\"async\" width=\"1024\" height=\"683\" src=\"http:\/\/www.celttv.com.ar\/wp-content\/uploads\/2022\/03\/Sede-UPSO-Saldungaray-2-1024x683.jpeg\" alt=\"\" class=\"wp-image-64499\" srcset=\"https:\/\/www.celttv.com.ar\/wp-content\/uploads\/2022\/03\/Sede-UPSO-Saldungaray-2-1024x683.jpeg 1024w, https:\/\/www.celttv.com.ar\/wp-content\/uploads\/2022\/03\/Sede-UPSO-Saldungaray-2-300x200.jpeg 300w, https:\/\/www.celttv.com.ar\/wp-content\/uploads\/2022\/03\/Sede-UPSO-Saldungaray-2-768x512.jpeg 768w, https:\/\/www.celttv.com.ar\/wp-content\/uploads\/2022\/03\/Sede-UPSO-Saldungaray-2-1536x1024.jpeg 1536w, https:\/\/www.celttv.com.ar\/wp-content\/uploads\/2022\/03\/Sede-UPSO-Saldungaray-2-750x500.jpeg 750w, https:\/\/www.celttv.com.ar\/wp-content\/uploads\/2022\/03\/Sede-UPSO-Saldungaray-2-1140x760.jpeg 1140w, https:\/\/www.celttv.com.ar\/wp-content\/uploads\/2022\/03\/Sede-UPSO-Saldungaray-2.jpeg 1599w\" sizes=\"auto, (max-width: 1024px) 100vw, 1024px\" \/><\/figure>\n\n\n<figure class=\"wp-block-image size-large\"><img loading=\"lazy\" decoding=\"async\" width=\"1024\" height=\"683\" src=\"http:\/\/www.celttv.com.ar\/wp-content\/uploads\/2022\/03\/Sede-UPSO-Saldungaray-3-1024x683.jpeg\" alt=\"\" class=\"wp-image-64500\" srcset=\"https:\/\/www.celttv.com.ar\/wp-content\/uploads\/2022\/03\/Sede-UPSO-Saldungaray-3-1024x683.jpeg 1024w, https:\/\/www.celttv.com.ar\/wp-content\/uploads\/2022\/03\/Sede-UPSO-Saldungaray-3-300x200.jpeg 300w, https:\/\/www.celttv.com.ar\/wp-content\/uploads\/2022\/03\/Sede-UPSO-Saldungaray-3-768x512.jpeg 768w, https:\/\/www.celttv.com.ar\/wp-content\/uploads\/2022\/03\/Sede-UPSO-Saldungaray-3-1536x1024.jpeg 1536w, https:\/\/www.celttv.com.ar\/wp-content\/uploads\/2022\/03\/Sede-UPSO-Saldungaray-3-750x500.jpeg 750w, https:\/\/www.celttv.com.ar\/wp-content\/uploads\/2022\/03\/Sede-UPSO-Saldungaray-3-1140x760.jpeg 1140w, https:\/\/www.celttv.com.ar\/wp-content\/uploads\/2022\/03\/Sede-UPSO-Saldungaray-3.jpeg 1599w\" sizes=\"auto, (max-width: 1024px) 100vw, 1024px\" \/><\/figure>\n\n\n<figure class=\"wp-block-image size-large\"><img loading=\"lazy\" decoding=\"async\" width=\"1024\" height=\"683\" src=\"http:\/\/www.celttv.com.ar\/wp-content\/uploads\/2022\/03\/Sede-UPSO-Saldungaray-5-1024x683.jpeg\" alt=\"\" class=\"wp-image-64501\" srcset=\"https:\/\/www.celttv.com.ar\/wp-content\/uploads\/2022\/03\/Sede-UPSO-Saldungaray-5-1024x683.jpeg 1024w, https:\/\/www.celttv.com.ar\/wp-content\/uploads\/2022\/03\/Sede-UPSO-Saldungaray-5-300x200.jpeg 300w, https:\/\/www.celttv.com.ar\/wp-content\/uploads\/2022\/03\/Sede-UPSO-Saldungaray-5-768x512.jpeg 768w, https:\/\/www.celttv.com.ar\/wp-content\/uploads\/2022\/03\/Sede-UPSO-Saldungaray-5-1536x1024.jpeg 1536w, https:\/\/www.celttv.com.ar\/wp-content\/uploads\/2022\/03\/Sede-UPSO-Saldungaray-5-750x500.jpeg 750w, https:\/\/www.celttv.com.ar\/wp-content\/uploads\/2022\/03\/Sede-UPSO-Saldungaray-5-1140x760.jpeg 1140w, https:\/\/www.celttv.com.ar\/wp-content\/uploads\/2022\/03\/Sede-UPSO-Saldungaray-5.jpeg 1599w\" sizes=\"auto, (max-width: 1024px) 100vw, 1024px\" \/><\/figure>\n\n\n<figure class=\"wp-block-image size-large\"><img loading=\"lazy\" decoding=\"async\" width=\"1024\" height=\"683\" src=\"http:\/\/www.celttv.com.ar\/wp-content\/uploads\/2022\/03\/Sede-UPSO-Saldungaray-6-1024x683.jpeg\" alt=\"\" class=\"wp-image-64502\" srcset=\"https:\/\/www.celttv.com.ar\/wp-content\/uploads\/2022\/03\/Sede-UPSO-Saldungaray-6-1024x683.jpeg 1024w, https:\/\/www.celttv.com.ar\/wp-content\/uploads\/2022\/03\/Sede-UPSO-Saldungaray-6-300x200.jpeg 300w, https:\/\/www.celttv.com.ar\/wp-content\/uploads\/2022\/03\/Sede-UPSO-Saldungaray-6-768x512.jpeg 768w, https:\/\/www.celttv.com.ar\/wp-content\/uploads\/2022\/03\/Sede-UPSO-Saldungaray-6-1536x1024.jpeg 1536w, https:\/\/www.celttv.com.ar\/wp-content\/uploads\/2022\/03\/Sede-UPSO-Saldungaray-6-750x500.jpeg 750w, https:\/\/www.celttv.com.ar\/wp-content\/uploads\/2022\/03\/Sede-UPSO-Saldungaray-6-1140x760.jpeg 1140w, https:\/\/www.celttv.com.ar\/wp-content\/uploads\/2022\/03\/Sede-UPSO-Saldungaray-6.jpeg 1599w\" sizes=\"auto, (max-width: 1024px) 100vw, 1024px\" \/><\/figure>\n\n\n<figure class=\"wp-block-image size-large\"><img loading=\"lazy\" decoding=\"async\" width=\"1024\" height=\"683\" src=\"http:\/\/www.celttv.com.ar\/wp-content\/uploads\/2022\/03\/Sede-UPSO-Saldungaray-7-1024x683.jpeg\" alt=\"\" class=\"wp-image-64503\" srcset=\"https:\/\/www.celttv.com.ar\/wp-content\/uploads\/2022\/03\/Sede-UPSO-Saldungaray-7-1024x683.jpeg 1024w, https:\/\/www.celttv.com.ar\/wp-content\/uploads\/2022\/03\/Sede-UPSO-Saldungaray-7-300x200.jpeg 300w, https:\/\/www.celttv.com.ar\/wp-content\/uploads\/2022\/03\/Sede-UPSO-Saldungaray-7-768x512.jpeg 768w, https:\/\/www.celttv.com.ar\/wp-content\/uploads\/2022\/03\/Sede-UPSO-Saldungaray-7-1536x1024.jpeg 1536w, https:\/\/www.celttv.com.ar\/wp-content\/uploads\/2022\/03\/Sede-UPSO-Saldungaray-7-750x500.jpeg 750w, https:\/\/www.celttv.com.ar\/wp-content\/uploads\/2022\/03\/Sede-UPSO-Saldungaray-7-1140x760.jpeg 1140w, https:\/\/www.celttv.com.ar\/wp-content\/uploads\/2022\/03\/Sede-UPSO-Saldungaray-7.jpeg 1599w\" sizes=\"auto, (max-width: 1024px) 100vw, 1024px\" \/><\/figure>\n\n\n<figure class=\"wp-block-image size-large\"><img loading=\"lazy\" decoding=\"async\" width=\"683\" height=\"1024\" src=\"http:\/\/www.celttv.com.ar\/wp-content\/uploads\/2022\/03\/Sede-UPSO-Saldungaray-8-683x1024.jpeg\" alt=\"\" class=\"wp-image-64504\" srcset=\"https:\/\/www.celttv.com.ar\/wp-content\/uploads\/2022\/03\/Sede-UPSO-Saldungaray-8-683x1024.jpeg 683w, https:\/\/www.celttv.com.ar\/wp-content\/uploads\/2022\/03\/Sede-UPSO-Saldungaray-8-200x300.jpeg 200w, https:\/\/www.celttv.com.ar\/wp-content\/uploads\/2022\/03\/Sede-UPSO-Saldungaray-8-768x1152.jpeg 768w, https:\/\/www.celttv.com.ar\/wp-content\/uploads\/2022\/03\/Sede-UPSO-Saldungaray-8-1024x1536.jpeg 1024w, https:\/\/www.celttv.com.ar\/wp-content\/uploads\/2022\/03\/Sede-UPSO-Saldungaray-8-750x1125.jpeg 750w, https:\/\/www.celttv.com.ar\/wp-content\/uploads\/2022\/03\/Sede-UPSO-Saldungaray-8.jpeg 1066w\" sizes=\"auto, (max-width: 683px) 100vw, 683px\" \/><\/figure>\n\n\n<figure class=\"wp-block-image size-large is-resized\"><img loading=\"lazy\" decoding=\"async\" src=\"http:\/\/www.celttv.com.ar\/wp-content\/uploads\/2022\/03\/Sede-UPSO-Saldungaray-9-1024x683.jpeg\" alt=\"\" class=\"wp-image-64505\" width=\"580\" height=\"386\" srcset=\"https:\/\/www.celttv.com.ar\/wp-content\/uploads\/2022\/03\/Sede-UPSO-Saldungaray-9-1024x683.jpeg 1024w, https:\/\/www.celttv.com.ar\/wp-content\/uploads\/2022\/03\/Sede-UPSO-Saldungaray-9-300x200.jpeg 300w, https:\/\/www.celttv.com.ar\/wp-content\/uploads\/2022\/03\/Sede-UPSO-Saldungaray-9-768x512.jpeg 768w, https:\/\/www.celttv.com.ar\/wp-content\/uploads\/2022\/03\/Sede-UPSO-Saldungaray-9-1536x1024.jpeg 1536w, https:\/\/www.celttv.com.ar\/wp-content\/uploads\/2022\/03\/Sede-UPSO-Saldungaray-9-750x500.jpeg 750w, https:\/\/www.celttv.com.ar\/wp-content\/uploads\/2022\/03\/Sede-UPSO-Saldungaray-9-1140x760.jpeg 1140w, https:\/\/www.celttv.com.ar\/wp-content\/uploads\/2022\/03\/Sede-UPSO-Saldungaray-9.jpeg 1599w\" sizes=\"auto, (max-width: 580px) 100vw, 580px\" \/><\/figure>\n\n\n<p>Mediante un acto encabezado por el intendente Sergio Bordoni, este lunes qued\u00f3 inaugurada la nueva sede de la Universidad Provincial del Sudoeste (UPSO) en la delegaci\u00f3n municipal de Saldungaray.<\/p>\n\n\n<p>Fue en el marco del comienzo del Ciclo Lectivo 2022 de la casa de altos estudios, en el inicio del dictado de las dos carreras complementarias que tendr\u00e1n lugar en la flamante sede: Gu\u00eda Universitario de Turismo y Tecnicatura en Emprendimientos Tur\u00edsticos.<\/p>\n\n\n<p>La decisi\u00f3n del municipio de ofrecer sus instalaciones, tiene el prop\u00f3sito de brindar un espacio renovado para jerarquizar la educaci\u00f3n superior de la localidad, que por primera vez en su historia lleg\u00f3 hace tres a\u00f1os con la carrera de Martillero P\u00fablico, para quedarse y sostener a Saldungaray como una ciudad universitaria, promover una formaci\u00f3n de profesionales que estimulen a los dem\u00e1s a seguir ese camino.<\/p>\n\n\n<p>Contar con profesionales de turismo es una estrategia de desarrollo para el distrito. Prevista en el Plan Estrat\u00e9gico Tornquist 2020 la necesidad de contar con m\u00e1s servicios y profesionalizaci\u00f3n del sector, este objetivo se sostiene en la Agenda 2030 que define los horizontes sobre los cuales se busca tener m\u00e1s turistas, m\u00e1s servicios, una oferta diversificada y, cada vez, con mejores profesionales que transformen al destino y ofrezcan al visitante precisi\u00f3n en la informaci\u00f3n y fidelidad en el trato.<\/p>\n\n\n<p>Junto al jefe comunal, estuvieron presentes el Secretario de Desarrollo, Dr. Gonzalo Iparraguirre; el Secretario de Turismo, Gustavo Sandobal; el Delegado Municipal de Saldungaray, Cdor. Gerardo Rolhmann; el Secretario de Gobierno y Seguridad, Ezequiel Gabella; el Director de Planificaci\u00f3n y Desarrollo Tur\u00edstico, Jerem\u00edas Le\u00f3n; la Directora de Coordinaci\u00f3n Educativa de la UPSO, Arq. Fernanda Bigliardi; y la Decana de la Facultad de la Peque\u00f1a y Mediana Empresa, Lic. Alexia Postemsky.<\/p>\n\n\n<p>Tambi\u00e9n estuvieron presentesla Jefa Distrital de Educaci\u00f3n Mariana Boland, la Presidente del Concejo Deliberante, Sandra Kifer; la Concejal Viviana Montibeller; el Director de la Unidad Acad\u00e9mica E. Tornquist y del Instituto Superior de Formaci\u00f3n Docente y T\u00e9cnica N\u00ba 162, Vico Frattini; la Directora de la EP N\u00b02, Carolina Gonz\u00e1lez; la Directora del Jard\u00edn N\u00b0 902, Claudia Franc\u00e9s; y la Secretaria de la EESN\u00b04 y Concejal, Roc\u00edo V\u00e1zquez.<\/p>\n\n\n<p>\u201cQuiero destacar la importancia de contar con una Universidad en una localidad como Saldungaray y que tengamos todos los niveles educativos, del inicial al universitario, que es el m\u00e1ximo al que puede llegar un ciudadano argentino -expres\u00f3 Iparraguirre-. Es el resultado del trabajo que se viene realizando desde hace varios a\u00f1os para que el acceso a la educaci\u00f3n se sostenga como un derecho. Tener una Universidad en la ciudad, as\u00ed como se cuenta con el Instituto Terciario, estimula a los estudiantes de los niveles previos a saber que es posible alcanzar ese objetivo y acceder a la oportunidad de formarse y acceder al campo laboral profesional. Contar con carreras vinculadas al turismo fomenta que haya m\u00e1s profesionales en el sector y promueve el desarrollo de una de las principales econom\u00edas de nuestro Distrito\u201d.<\/p>\n\n\n<p>Bordoni, en tanto, subray\u00f3: \u201cyo soy la cara visible de esta gesti\u00f3n, pero detr\u00e1s m\u00edo hay un grupo de gente que trabaja todos los d\u00edas para que esto suceda, que no es de casualidad, venimos trabajando hace m\u00e1s de seis a\u00f1os y trayendo carreras terciarias universitarias al Distrito. Esa posibilidad de ir a la universidad que antes ve\u00edamos tan lejana, hoy la tenemos en el pago chico y eso es lo importante. Esto es algo que se da porque hay una decisi\u00f3n pol\u00edtica de apoyar la educaci\u00f3n en la que se viene trabajando desde hace mucho y estoy orgulloso de que as\u00ed sea\u201d.<\/p>\n\n\n<p>A su turno, Sandobal recalc\u00f3 que \u201ccreemos s\u00faper necesario contar con estas carreras para que haya m\u00e1s profesionales, para desarrollar y potencias los atractivos que tiene el distrito\u201d, al tiempo que Rohlmann afirm\u00f3 que \u201cSaldungaray, como pueblo tur\u00edstico, necesita de la formaci\u00f3n y la capacitaci\u00f3n de su gente y todo el partido en s\u00ed. Agradezco al intendente que siempre estuvo d\u00e1ndonos el apoyo para que podamos utilizar la delegaci\u00f3n y brindar el sost\u00e9n que se merece una Universidad\u201d.<\/p>\n\n\n<p>\u201cTrabajamos much\u00edsimo para que este suceda; a los alumnos les digo que aprovechen a los docentes que van a llegar\u201d, a\u00f1adi\u00f3 Bigliardi, mientras que Postemsky sostuvo que \u201csiempre es importante poder apostar por la educaci\u00f3n; seguir form\u00e1ndonos es lo que hace que cada uno de los espacios donde estamos crezcan. Estamos a disposici\u00f3n y augur\u00e1ndoles el mayor de los \u00e9xitos en este camino que emprenden\u201d.<\/p>\n","protected":false},"excerpt":{"rendered":"<p>Mediante un acto encabezado por el intendente Sergio Bordoni, este lunes qued\u00f3 inaugurada la nueva sede de la Universidad Provincial del Sudoeste (UPSO) en la delegaci\u00f3n municipal de Saldungaray. Fue en el marco del comienzo del Ciclo Lectivo 2022 de la casa de altos estudios, en el inicio del dictado de las dos carreras complementarias [&hellip;]<\/p>\n","protected":false},"author":1,"featured_media":64506,"comment_status":"closed","ping_status":"open","sticky":false,"template":"","format":"standard","meta":{"footnotes":""},"categories":[51,52,59],"tags":[],"class_list":["post-64494","post","type-post","status-publish","format-standard","has-post-thumbnail","hentry","category-comunidad","category-destacadas","category-municipales"],"yoast_head":"<!-- This site is optimized with the Yoast SEO plugin v19.7.1 - https:\/\/yoast.com\/wordpress\/plugins\/seo\/ -->\n<title>Universidad en Saldungaray: qued\u00f3 inaugurada la sede de la UPSO en la delegaci\u00f3n municipal - CELTTV<\/title>\n<meta name=\"description\" content=\"Sitio web de noticias de la localidad de Tornquist, provincia de Buenos Aires, Rep\u00fablica Argentina. Contenido propio originado por periodistas de CELTTV, el canal de TV local de la Cooperativa El\u00e9ctrica de Tornquist. Turismo, Pol\u00edtica, Sociedad, Deporte, Cultura y todo el contenido de inter\u00e9s general que la gente del pueblo y la regi\u00f3n debe conocer.\" \/>\n<meta name=\"robots\" content=\"index, follow, max-snippet:-1, max-image-preview:large, max-video-preview:-1\" \/>\n<link rel=\"canonical\" href=\"https:\/\/www.celttv.com.ar\/index.php\/2022\/03\/15\/universidad-en-saldungaray-quedo-inaugurada-la-sede-de-la-upso-en-la-delegacion-municipal\/\" \/>\n<meta property=\"og:locale\" content=\"es_ES\" \/>\n<meta property=\"og:type\" content=\"article\" \/>\n<meta property=\"og:title\" content=\"Universidad en Saldungaray: qued\u00f3 inaugurada la sede de la UPSO en la delegaci\u00f3n municipal - CELTTV\" \/>\n<meta property=\"og:description\" content=\"Sitio web de noticias de la localidad de Tornquist, provincia de Buenos Aires, Rep\u00fablica Argentina. Contenido propio originado por periodistas de CELTTV, el canal de TV local de la Cooperativa El\u00e9ctrica de Tornquist. Turismo, Pol\u00edtica, Sociedad, Deporte, Cultura y todo el contenido de inter\u00e9s general que la gente del pueblo y la regi\u00f3n debe conocer.\" \/>\n<meta property=\"og:url\" content=\"https:\/\/www.celttv.com.ar\/index.php\/2022\/03\/15\/universidad-en-saldungaray-quedo-inaugurada-la-sede-de-la-upso-en-la-delegacion-municipal\/\" \/>\n<meta property=\"og:site_name\" content=\"CELTTV\" \/>\n<meta property=\"article:publisher\" content=\"https:\/\/www.facebook.com\/celtTV\/\" \/>\n<meta property=\"article:published_time\" content=\"2022-03-15T21:36:16+00:00\" \/>\n<meta property=\"og:image\" content=\"https:\/\/www.celttv.com.ar\/wp-content\/uploads\/2022\/03\/Sede-UPSO-Saldungaray-1-1.jpeg\" \/>\n\t<meta property=\"og:image:width\" content=\"1599\" \/>\n\t<meta property=\"og:image:height\" content=\"1066\" \/>\n\t<meta property=\"og:image:type\" content=\"image\/jpeg\" \/>\n<meta name=\"author\" content=\"ulises\" \/>\n<meta name=\"twitter:card\" content=\"summary_large_image\" \/>\n<meta name=\"twitter:label1\" content=\"Escrito por\" \/>\n\t<meta name=\"twitter:data1\" content=\"ulises\" \/>\n\t<meta name=\"twitter:label2\" content=\"Tiempo de lectura\" \/>\n\t<meta name=\"twitter:data2\" content=\"4 minutos\" \/>\n<script type=\"application\/ld+json\" class=\"yoast-schema-graph\">{\"@context\":\"https:\/\/schema.org\",\"@graph\":[{\"@type\":\"NewsArticle\",\"@id\":\"https:\/\/www.celttv.com.ar\/index.php\/2022\/03\/15\/universidad-en-saldungaray-quedo-inaugurada-la-sede-de-la-upso-en-la-delegacion-municipal\/#article\",\"isPartOf\":{\"@id\":\"https:\/\/www.celttv.com.ar\/index.php\/2022\/03\/15\/universidad-en-saldungaray-quedo-inaugurada-la-sede-de-la-upso-en-la-delegacion-municipal\/\"},\"author\":{\"name\":\"ulises\",\"@id\":\"https:\/\/www.celttv.com.ar\/#\/schema\/person\/6d99c072dba59953809c81446e9d0ace\"},\"headline\":\"Universidad en Saldungaray: qued\u00f3 inaugurada la sede de la UPSO en la delegaci\u00f3n municipal\",\"datePublished\":\"2022-03-15T21:36:16+00:00\",\"dateModified\":\"2022-03-15T21:36:16+00:00\",\"mainEntityOfPage\":{\"@id\":\"https:\/\/www.celttv.com.ar\/index.php\/2022\/03\/15\/universidad-en-saldungaray-quedo-inaugurada-la-sede-de-la-upso-en-la-delegacion-municipal\/\"},\"wordCount\":804,\"publisher\":{\"@id\":\"https:\/\/www.celttv.com.ar\/#organization\"},\"articleSection\":[\"Comunidad\",\"Destacadas\",\"Municipales\"],\"inLanguage\":\"es\"},{\"@type\":\"WebPage\",\"@id\":\"https:\/\/www.celttv.com.ar\/index.php\/2022\/03\/15\/universidad-en-saldungaray-quedo-inaugurada-la-sede-de-la-upso-en-la-delegacion-municipal\/\",\"url\":\"https:\/\/www.celttv.com.ar\/index.php\/2022\/03\/15\/universidad-en-saldungaray-quedo-inaugurada-la-sede-de-la-upso-en-la-delegacion-municipal\/\",\"name\":\"Universidad en Saldungaray: qued\u00f3 inaugurada la sede de la UPSO en la delegaci\u00f3n municipal - CELTTV\",\"isPartOf\":{\"@id\":\"https:\/\/www.celttv.com.ar\/#website\"},\"datePublished\":\"2022-03-15T21:36:16+00:00\",\"dateModified\":\"2022-03-15T21:36:16+00:00\",\"description\":\"Sitio web de noticias de la localidad de Tornquist, provincia de Buenos Aires, Rep\u00fablica Argentina. Contenido propio originado por periodistas de CELTTV, el canal de TV local de la Cooperativa El\u00e9ctrica de Tornquist. Turismo, Pol\u00edtica, Sociedad, Deporte, Cultura y todo el contenido de inter\u00e9s general que la gente del pueblo y la regi\u00f3n debe conocer.\",\"breadcrumb\":{\"@id\":\"https:\/\/www.celttv.com.ar\/index.php\/2022\/03\/15\/universidad-en-saldungaray-quedo-inaugurada-la-sede-de-la-upso-en-la-delegacion-municipal\/#breadcrumb\"},\"inLanguage\":\"es\",\"potentialAction\":[{\"@type\":\"ReadAction\",\"target\":[\"https:\/\/www.celttv.com.ar\/index.php\/2022\/03\/15\/universidad-en-saldungaray-quedo-inaugurada-la-sede-de-la-upso-en-la-delegacion-municipal\/\"]}]},{\"@type\":\"BreadcrumbList\",\"@id\":\"https:\/\/www.celttv.com.ar\/index.php\/2022\/03\/15\/universidad-en-saldungaray-quedo-inaugurada-la-sede-de-la-upso-en-la-delegacion-municipal\/#breadcrumb\",\"itemListElement\":[{\"@type\":\"ListItem\",\"position\":1,\"name\":\"Inicio\",\"item\":\"https:\/\/www.celttv.com.ar\/\"},{\"@type\":\"ListItem\",\"position\":2,\"name\":\"Universidad en Saldungaray: qued\u00f3 inaugurada la sede de la UPSO en la delegaci\u00f3n municipal\"}]},{\"@type\":\"WebSite\",\"@id\":\"https:\/\/www.celttv.com.ar\/#website\",\"url\":\"https:\/\/www.celttv.com.ar\/\",\"name\":\"CELTTV\",\"description\":\"Cooperativa El\u00e9ctrica de Tornquist\",\"publisher\":{\"@id\":\"https:\/\/www.celttv.com.ar\/#organization\"},\"potentialAction\":[{\"@type\":\"SearchAction\",\"target\":{\"@type\":\"EntryPoint\",\"urlTemplate\":\"https:\/\/www.celttv.com.ar\/?s={search_term_string}\"},\"query-input\":\"required name=search_term_string\"}],\"inLanguage\":\"es\"},{\"@type\":\"Organization\",\"@id\":\"https:\/\/www.celttv.com.ar\/#organization\",\"name\":\"CELTTV\",\"url\":\"https:\/\/www.celttv.com.ar\/\",\"sameAs\":[\"https:\/\/www.youtube.com\/channel\/UCz_oIt8Hig64Ub-EmcNPIhg\",\"https:\/\/www.facebook.com\/celtTV\/\"],\"logo\":{\"@type\":\"ImageObject\",\"inLanguage\":\"es\",\"@id\":\"https:\/\/www.celttv.com.ar\/#\/schema\/logo\/image\/\",\"url\":\"http:\/\/www.celttv.com.ar\/wp-content\/uploads\/2022\/08\/logo-1.png\",\"contentUrl\":\"http:\/\/www.celttv.com.ar\/wp-content\/uploads\/2022\/08\/logo-1.png\",\"width\":461,\"height\":159,\"caption\":\"CELTTV\"},\"image\":{\"@id\":\"https:\/\/www.celttv.com.ar\/#\/schema\/logo\/image\/\"}},{\"@type\":\"Person\",\"@id\":\"https:\/\/www.celttv.com.ar\/#\/schema\/person\/6d99c072dba59953809c81446e9d0ace\",\"name\":\"ulises\",\"image\":{\"@type\":\"ImageObject\",\"inLanguage\":\"es\",\"@id\":\"https:\/\/www.celttv.com.ar\/#\/schema\/person\/image\/\",\"url\":\"https:\/\/secure.gravatar.com\/avatar\/7f2c48bdc33b30088f941fb6082e555f2874c98e20cb159d7b92b50eadfce793?s=96&d=mm&r=g\",\"contentUrl\":\"https:\/\/secure.gravatar.com\/avatar\/7f2c48bdc33b30088f941fb6082e555f2874c98e20cb159d7b92b50eadfce793?s=96&d=mm&r=g\",\"caption\":\"ulises\"},\"sameAs\":[\"http:\/\/www.celttv.com.ar\"]}]}<\/script>\n<!-- \/ Yoast SEO plugin. -->","yoast_head_json":{"title":"Universidad en Saldungaray: qued\u00f3 inaugurada la sede de la UPSO en la delegaci\u00f3n municipal - CELTTV","description":"Sitio web de noticias de la localidad de Tornquist, provincia de Buenos Aires, Rep\u00fablica Argentina. Contenido propio originado por periodistas de CELTTV, el canal de TV local de la Cooperativa El\u00e9ctrica de Tornquist. Turismo, Pol\u00edtica, Sociedad, Deporte, Cultura y todo el contenido de inter\u00e9s general que la gente del pueblo y la regi\u00f3n debe conocer.","robots":{"index":"index","follow":"follow","max-snippet":"max-snippet:-1","max-image-preview":"max-image-preview:large","max-video-preview":"max-video-preview:-1"},"canonical":"https:\/\/www.celttv.com.ar\/index.php\/2022\/03\/15\/universidad-en-saldungaray-quedo-inaugurada-la-sede-de-la-upso-en-la-delegacion-municipal\/","og_locale":"es_ES","og_type":"article","og_title":"Universidad en Saldungaray: qued\u00f3 inaugurada la sede de la UPSO en la delegaci\u00f3n municipal - CELTTV","og_description":"Sitio web de noticias de la localidad de Tornquist, provincia de Buenos Aires, Rep\u00fablica Argentina. Contenido propio originado por periodistas de CELTTV, el canal de TV local de la Cooperativa El\u00e9ctrica de Tornquist. Turismo, Pol\u00edtica, Sociedad, Deporte, Cultura y todo el contenido de inter\u00e9s general que la gente del pueblo y la regi\u00f3n debe conocer.","og_url":"https:\/\/www.celttv.com.ar\/index.php\/2022\/03\/15\/universidad-en-saldungaray-quedo-inaugurada-la-sede-de-la-upso-en-la-delegacion-municipal\/","og_site_name":"CELTTV","article_publisher":"https:\/\/www.facebook.com\/celtTV\/","article_published_time":"2022-03-15T21:36:16+00:00","og_image":[{"width":1599,"height":1066,"url":"https:\/\/www.celttv.com.ar\/wp-content\/uploads\/2022\/03\/Sede-UPSO-Saldungaray-1-1.jpeg","type":"image\/jpeg"}],"author":"ulises","twitter_card":"summary_large_image","twitter_misc":{"Escrito por":"ulises","Tiempo de lectura":"4 minutos"},"schema":{"@context":"https:\/\/schema.org","@graph":[{"@type":"NewsArticle","@id":"https:\/\/www.celttv.com.ar\/index.php\/2022\/03\/15\/universidad-en-saldungaray-quedo-inaugurada-la-sede-de-la-upso-en-la-delegacion-municipal\/#article","isPartOf":{"@id":"https:\/\/www.celttv.com.ar\/index.php\/2022\/03\/15\/universidad-en-saldungaray-quedo-inaugurada-la-sede-de-la-upso-en-la-delegacion-municipal\/"},"author":{"name":"ulises","@id":"https:\/\/www.celttv.com.ar\/#\/schema\/person\/6d99c072dba59953809c81446e9d0ace"},"headline":"Universidad en Saldungaray: qued\u00f3 inaugurada la sede de la UPSO en la delegaci\u00f3n municipal","datePublished":"2022-03-15T21:36:16+00:00","dateModified":"2022-03-15T21:36:16+00:00","mainEntityOfPage":{"@id":"https:\/\/www.celttv.com.ar\/index.php\/2022\/03\/15\/universidad-en-saldungaray-quedo-inaugurada-la-sede-de-la-upso-en-la-delegacion-municipal\/"},"wordCount":804,"publisher":{"@id":"https:\/\/www.celttv.com.ar\/#organization"},"articleSection":["Comunidad","Destacadas","Municipales"],"inLanguage":"es"},{"@type":"WebPage","@id":"https:\/\/www.celttv.com.ar\/index.php\/2022\/03\/15\/universidad-en-saldungaray-quedo-inaugurada-la-sede-de-la-upso-en-la-delegacion-municipal\/","url":"https:\/\/www.celttv.com.ar\/index.php\/2022\/03\/15\/universidad-en-saldungaray-quedo-inaugurada-la-sede-de-la-upso-en-la-delegacion-municipal\/","name":"Universidad en Saldungaray: qued\u00f3 inaugurada la sede de la UPSO en la delegaci\u00f3n municipal - CELTTV","isPartOf":{"@id":"https:\/\/www.celttv.com.ar\/#website"},"datePublished":"2022-03-15T21:36:16+00:00","dateModified":"2022-03-15T21:36:16+00:00","description":"Sitio web de noticias de la localidad de Tornquist, provincia de Buenos Aires, Rep\u00fablica Argentina. Contenido propio originado por periodistas de CELTTV, el canal de TV local de la Cooperativa El\u00e9ctrica de Tornquist. Turismo, Pol\u00edtica, Sociedad, Deporte, Cultura y todo el contenido de inter\u00e9s general que la gente del pueblo y la regi\u00f3n debe conocer.","breadcrumb":{"@id":"https:\/\/www.celttv.com.ar\/index.php\/2022\/03\/15\/universidad-en-saldungaray-quedo-inaugurada-la-sede-de-la-upso-en-la-delegacion-municipal\/#breadcrumb"},"inLanguage":"es","potentialAction":[{"@type":"ReadAction","target":["https:\/\/www.celttv.com.ar\/index.php\/2022\/03\/15\/universidad-en-saldungaray-quedo-inaugurada-la-sede-de-la-upso-en-la-delegacion-municipal\/"]}]},{"@type":"BreadcrumbList","@id":"https:\/\/www.celttv.com.ar\/index.php\/2022\/03\/15\/universidad-en-saldungaray-quedo-inaugurada-la-sede-de-la-upso-en-la-delegacion-municipal\/#breadcrumb","itemListElement":[{"@type":"ListItem","position":1,"name":"Inicio","item":"https:\/\/www.celttv.com.ar\/"},{"@type":"ListItem","position":2,"name":"Universidad en Saldungaray: qued\u00f3 inaugurada la sede de la UPSO en la delegaci\u00f3n municipal"}]},{"@type":"WebSite","@id":"https:\/\/www.celttv.com.ar\/#website","url":"https:\/\/www.celttv.com.ar\/","name":"CELTTV","description":"Cooperativa El\u00e9ctrica de Tornquist","publisher":{"@id":"https:\/\/www.celttv.com.ar\/#organization"},"potentialAction":[{"@type":"SearchAction","target":{"@type":"EntryPoint","urlTemplate":"https:\/\/www.celttv.com.ar\/?s={search_term_string}"},"query-input":"required name=search_term_string"}],"inLanguage":"es"},{"@type":"Organization","@id":"https:\/\/www.celttv.com.ar\/#organization","name":"CELTTV","url":"https:\/\/www.celttv.com.ar\/","sameAs":["https:\/\/www.youtube.com\/channel\/UCz_oIt8Hig64Ub-EmcNPIhg","https:\/\/www.facebook.com\/celtTV\/"],"logo":{"@type":"ImageObject","inLanguage":"es","@id":"https:\/\/www.celttv.com.ar\/#\/schema\/logo\/image\/","url":"http:\/\/www.celttv.com.ar\/wp-content\/uploads\/2022\/08\/logo-1.png","contentUrl":"http:\/\/www.celttv.com.ar\/wp-content\/uploads\/2022\/08\/logo-1.png","width":461,"height":159,"caption":"CELTTV"},"image":{"@id":"https:\/\/www.celttv.com.ar\/#\/schema\/logo\/image\/"}},{"@type":"Person","@id":"https:\/\/www.celttv.com.ar\/#\/schema\/person\/6d99c072dba59953809c81446e9d0ace","name":"ulises","image":{"@type":"ImageObject","inLanguage":"es","@id":"https:\/\/www.celttv.com.ar\/#\/schema\/person\/image\/","url":"https:\/\/secure.gravatar.com\/avatar\/7f2c48bdc33b30088f941fb6082e555f2874c98e20cb159d7b92b50eadfce793?s=96&d=mm&r=g","contentUrl":"https:\/\/secure.gravatar.com\/avatar\/7f2c48bdc33b30088f941fb6082e555f2874c98e20cb159d7b92b50eadfce793?s=96&d=mm&r=g","caption":"ulises"},"sameAs":["http:\/\/www.celttv.com.ar"]}]}},"_links":{"self":[{"href":"https:\/\/www.celttv.com.ar\/index.php\/wp-json\/wp\/v2\/posts\/64494","targetHints":{"allow":["GET"]}}],"collection":[{"href":"https:\/\/www.celttv.com.ar\/index.php\/wp-json\/wp\/v2\/posts"}],"about":[{"href":"https:\/\/www.celttv.com.ar\/index.php\/wp-json\/wp\/v2\/types\/post"}],"author":[{"embeddable":true,"href":"https:\/\/www.celttv.com.ar\/index.php\/wp-json\/wp\/v2\/users\/1"}],"replies":[{"embeddable":true,"href":"https:\/\/www.celttv.com.ar\/index.php\/wp-json\/wp\/v2\/comments?post=64494"}],"version-history":[{"count":0,"href":"https:\/\/www.celttv.com.ar\/index.php\/wp-json\/wp\/v2\/posts\/64494\/revisions"}],"wp:featuredmedia":[{"embeddable":true,"href":"https:\/\/www.celttv.com.ar\/index.php\/wp-json\/wp\/v2\/media\/64506"}],"wp:attachment":[{"href":"https:\/\/www.celttv.com.ar\/index.php\/wp-json\/wp\/v2\/media?parent=64494"}],"wp:term":[{"taxonomy":"category","embeddable":true,"href":"https:\/\/www.celttv.com.ar\/index.php\/wp-json\/wp\/v2\/categories?post=64494"},{"taxonomy":"post_tag","embeddable":true,"href":"https:\/\/www.celttv.com.ar\/index.php\/wp-json\/wp\/v2\/tags?post=64494"}],"curies":[{"name":"wp","href":"https:\/\/api.w.org\/{rel}","templated":true}]}}