{"id":64524,"date":"2022-03-17T01:14:09","date_gmt":"2022-03-17T01:14:09","guid":{"rendered":"http:\/\/www.celttv.com.ar\/?p=64524"},"modified":"2022-03-17T01:14:09","modified_gmt":"2022-03-17T01:14:09","slug":"gustavo-trankels-el-27-de-marzo-el-justicialismo-renovara-autoridades-en-los-135-distrito-de-la-provincia-de-bs-as","status":"publish","type":"post","link":"https:\/\/www.celttv.com.ar\/index.php\/2022\/03\/17\/gustavo-trankels-el-27-de-marzo-el-justicialismo-renovara-autoridades-en-los-135-distrito-de-la-provincia-de-bs-as\/","title":{"rendered":"Gustavo Trankels: El 27 de marzo el Justicialismo renovar\u00e1 autoridades en los 135 distrito de la provincia de Bs.As."},"content":{"rendered":"\n<p>En di\u00e1logo con CELTTV Noticias Gustavo Trankels se refiri\u00f3 a la renovaci\u00f3n de autoridades en los 135 distritos de la Provincia de Buenos Aires.<\/p>\n\n\n<p>El principal referente del peronismo en el distrito de Tornquist coment\u00f3 que el partido present\u00f3 una lista que le invitaron a encabezar y hasta el momento no se conoce de la existencia de otra.<\/p>\n\n\n<p>De existir dos o mas listas habr\u00e1 elecciones internas, de lo contrario autom\u00e1ticamente el actual funcionario de Vialidad Nacional asumir\u00eda la presidencia del Partido Justicialista del distrito de Tornquist.<\/p>\n\n\n<p>Trankels tambi\u00e9n se refiri\u00f3 a la precandidatura de &#8220;Fut\u00fa&#8221; Scharff y la actualidad pol\u00edtica provincial y nacional.<\/p>\n\n\n<p><strong>NOTA COMPLETA CON GUSTAVO TRANKELS DE CELTTV NOTICIAS<\/strong><\/p>\n\n\n<figure class=\"wp-block-embed is-type-video is-provider-youtube wp-block-embed-youtube wp-embed-aspect-16-9 wp-has-aspect-ratio\"><div class=\"wp-block-embed__wrapper\">\n<iframe loading=\"lazy\" title=\"2022 03 16 GUSTAVO TRANKELS   AUTORIDADES PJ\" width=\"500\" height=\"281\" src=\"https:\/\/www.youtube.com\/embed\/HqvR1ShmlgI?feature=oembed\" frameborder=\"0\" allow=\"accelerometer; autoplay; clipboard-write; encrypted-media; gyroscope; picture-in-picture; web-share\" referrerpolicy=\"strict-origin-when-cross-origin\" allowfullscreen><\/iframe>\n<\/div><\/figure>\n\n\n<figure class=\"wp-block-embed is-type-video is-provider-youtube wp-block-embed-youtube wp-embed-aspect-16-9 wp-has-aspect-ratio\"><div class=\"wp-block-embed__wrapper\">\n<iframe loading=\"lazy\" title=\"2022 03 16 GUSTAVO TRANKELS   GOBIERNO NACIONAL\" width=\"500\" height=\"281\" src=\"https:\/\/www.youtube.com\/embed\/5QrNvS-VFZQ?feature=oembed\" frameborder=\"0\" allow=\"accelerometer; autoplay; clipboard-write; encrypted-media; gyroscope; picture-in-picture; web-share\" referrerpolicy=\"strict-origin-when-cross-origin\" allowfullscreen><\/iframe>\n<\/div><\/figure>\n","protected":false},"excerpt":{"rendered":"<p>En di\u00e1logo con CELTTV Noticias Gustavo Trankels se refiri\u00f3 a la renovaci\u00f3n de autoridades en los 135 distritos de la Provincia de Buenos Aires. El principal referente del peronismo en el distrito de Tornquist coment\u00f3 que el partido present\u00f3 una lista que le invitaron a encabezar y hasta el momento no se conoce de la [&hellip;]<\/p>\n","protected":false},"author":1,"featured_media":64525,"comment_status":"closed","ping_status":"open","sticky":false,"template":"","format":"standard","meta":{"footnotes":""},"categories":[51,52,53],"tags":[],"class_list":["post-64524","post","type-post","status-publish","format-standard","has-post-thumbnail","hentry","category-comunidad","category-destacadas","category-politica"],"yoast_head":"<!-- This site is optimized with the Yoast SEO plugin v19.7.1 - https:\/\/yoast.com\/wordpress\/plugins\/seo\/ -->\n<title>Gustavo Trankels: El 27 de marzo el Justicialismo renovar\u00e1 autoridades en los 135 distrito de la provincia de Bs.As. - CELTTV<\/title>\n<meta name=\"description\" content=\"Sitio web de noticias de la localidad de Tornquist, provincia de Buenos Aires, Rep\u00fablica Argentina. Contenido propio originado por periodistas de CELTTV, el canal de TV local de la Cooperativa El\u00e9ctrica de Tornquist. Turismo, Pol\u00edtica, Sociedad, Deporte, Cultura y todo el contenido de inter\u00e9s general que la gente del pueblo y la regi\u00f3n debe conocer.\" \/>\n<meta name=\"robots\" content=\"index, follow, max-snippet:-1, max-image-preview:large, max-video-preview:-1\" \/>\n<link rel=\"canonical\" href=\"https:\/\/www.celttv.com.ar\/index.php\/2022\/03\/17\/gustavo-trankels-el-27-de-marzo-el-justicialismo-renovara-autoridades-en-los-135-distrito-de-la-provincia-de-bs-as\/\" \/>\n<meta property=\"og:locale\" content=\"es_ES\" \/>\n<meta property=\"og:type\" content=\"article\" \/>\n<meta property=\"og:title\" content=\"Gustavo Trankels: El 27 de marzo el Justicialismo renovar\u00e1 autoridades en los 135 distrito de la provincia de Bs.As. - CELTTV\" \/>\n<meta property=\"og:description\" content=\"Sitio web de noticias de la localidad de Tornquist, provincia de Buenos Aires, Rep\u00fablica Argentina. Contenido propio originado por periodistas de CELTTV, el canal de TV local de la Cooperativa El\u00e9ctrica de Tornquist. Turismo, Pol\u00edtica, Sociedad, Deporte, Cultura y todo el contenido de inter\u00e9s general que la gente del pueblo y la regi\u00f3n debe conocer.\" \/>\n<meta property=\"og:url\" content=\"https:\/\/www.celttv.com.ar\/index.php\/2022\/03\/17\/gustavo-trankels-el-27-de-marzo-el-justicialismo-renovara-autoridades-en-los-135-distrito-de-la-provincia-de-bs-as\/\" \/>\n<meta property=\"og:site_name\" content=\"CELTTV\" \/>\n<meta property=\"article:publisher\" content=\"https:\/\/www.facebook.com\/celtTV\/\" \/>\n<meta property=\"article:published_time\" content=\"2022-03-17T01:14:09+00:00\" \/>\n<meta property=\"og:image\" content=\"https:\/\/www.celttv.com.ar\/wp-content\/uploads\/2022\/03\/gustavo-trankels.jpg\" \/>\n\t<meta property=\"og:image:width\" content=\"619\" \/>\n\t<meta property=\"og:image:height\" content=\"429\" \/>\n\t<meta property=\"og:image:type\" content=\"image\/jpeg\" \/>\n<meta name=\"author\" content=\"ulises\" \/>\n<meta name=\"twitter:card\" content=\"summary_large_image\" \/>\n<meta name=\"twitter:label1\" content=\"Escrito por\" \/>\n\t<meta name=\"twitter:data1\" content=\"ulises\" \/>\n\t<meta name=\"twitter:label2\" content=\"Tiempo de lectura\" \/>\n\t<meta name=\"twitter:data2\" content=\"1 minuto\" \/>\n<script type=\"application\/ld+json\" class=\"yoast-schema-graph\">{\"@context\":\"https:\/\/schema.org\",\"@graph\":[{\"@type\":\"NewsArticle\",\"@id\":\"https:\/\/www.celttv.com.ar\/index.php\/2022\/03\/17\/gustavo-trankels-el-27-de-marzo-el-justicialismo-renovara-autoridades-en-los-135-distrito-de-la-provincia-de-bs-as\/#article\",\"isPartOf\":{\"@id\":\"https:\/\/www.celttv.com.ar\/index.php\/2022\/03\/17\/gustavo-trankels-el-27-de-marzo-el-justicialismo-renovara-autoridades-en-los-135-distrito-de-la-provincia-de-bs-as\/\"},\"author\":{\"name\":\"ulises\",\"@id\":\"https:\/\/www.celttv.com.ar\/#\/schema\/person\/6d99c072dba59953809c81446e9d0ace\"},\"headline\":\"Gustavo Trankels: El 27 de marzo el Justicialismo renovar\u00e1 autoridades en los 135 distrito de la provincia de Bs.As.\",\"datePublished\":\"2022-03-17T01:14:09+00:00\",\"dateModified\":\"2022-03-17T01:14:09+00:00\",\"mainEntityOfPage\":{\"@id\":\"https:\/\/www.celttv.com.ar\/index.php\/2022\/03\/17\/gustavo-trankels-el-27-de-marzo-el-justicialismo-renovara-autoridades-en-los-135-distrito-de-la-provincia-de-bs-as\/\"},\"wordCount\":144,\"publisher\":{\"@id\":\"https:\/\/www.celttv.com.ar\/#organization\"},\"articleSection\":[\"Comunidad\",\"Destacadas\",\"Pol\u00edtica\"],\"inLanguage\":\"es\"},{\"@type\":\"WebPage\",\"@id\":\"https:\/\/www.celttv.com.ar\/index.php\/2022\/03\/17\/gustavo-trankels-el-27-de-marzo-el-justicialismo-renovara-autoridades-en-los-135-distrito-de-la-provincia-de-bs-as\/\",\"url\":\"https:\/\/www.celttv.com.ar\/index.php\/2022\/03\/17\/gustavo-trankels-el-27-de-marzo-el-justicialismo-renovara-autoridades-en-los-135-distrito-de-la-provincia-de-bs-as\/\",\"name\":\"Gustavo Trankels: El 27 de marzo el Justicialismo renovar\u00e1 autoridades en los 135 distrito de la provincia de Bs.As. - CELTTV\",\"isPartOf\":{\"@id\":\"https:\/\/www.celttv.com.ar\/#website\"},\"datePublished\":\"2022-03-17T01:14:09+00:00\",\"dateModified\":\"2022-03-17T01:14:09+00:00\",\"description\":\"Sitio web de noticias de la localidad de Tornquist, provincia de Buenos Aires, Rep\u00fablica Argentina. Contenido propio originado por periodistas de CELTTV, el canal de TV local de la Cooperativa El\u00e9ctrica de Tornquist. Turismo, Pol\u00edtica, Sociedad, Deporte, Cultura y todo el contenido de inter\u00e9s general que la gente del pueblo y la regi\u00f3n debe conocer.\",\"breadcrumb\":{\"@id\":\"https:\/\/www.celttv.com.ar\/index.php\/2022\/03\/17\/gustavo-trankels-el-27-de-marzo-el-justicialismo-renovara-autoridades-en-los-135-distrito-de-la-provincia-de-bs-as\/#breadcrumb\"},\"inLanguage\":\"es\",\"potentialAction\":[{\"@type\":\"ReadAction\",\"target\":[\"https:\/\/www.celttv.com.ar\/index.php\/2022\/03\/17\/gustavo-trankels-el-27-de-marzo-el-justicialismo-renovara-autoridades-en-los-135-distrito-de-la-provincia-de-bs-as\/\"]}]},{\"@type\":\"BreadcrumbList\",\"@id\":\"https:\/\/www.celttv.com.ar\/index.php\/2022\/03\/17\/gustavo-trankels-el-27-de-marzo-el-justicialismo-renovara-autoridades-en-los-135-distrito-de-la-provincia-de-bs-as\/#breadcrumb\",\"itemListElement\":[{\"@type\":\"ListItem\",\"position\":1,\"name\":\"Inicio\",\"item\":\"https:\/\/www.celttv.com.ar\/\"},{\"@type\":\"ListItem\",\"position\":2,\"name\":\"Gustavo Trankels: El 27 de marzo el Justicialismo renovar\u00e1 autoridades en los 135 distrito de la provincia de Bs.As.\"}]},{\"@type\":\"WebSite\",\"@id\":\"https:\/\/www.celttv.com.ar\/#website\",\"url\":\"https:\/\/www.celttv.com.ar\/\",\"name\":\"CELTTV\",\"description\":\"Cooperativa El\u00e9ctrica de Tornquist\",\"publisher\":{\"@id\":\"https:\/\/www.celttv.com.ar\/#organization\"},\"potentialAction\":[{\"@type\":\"SearchAction\",\"target\":{\"@type\":\"EntryPoint\",\"urlTemplate\":\"https:\/\/www.celttv.com.ar\/?s={search_term_string}\"},\"query-input\":\"required name=search_term_string\"}],\"inLanguage\":\"es\"},{\"@type\":\"Organization\",\"@id\":\"https:\/\/www.celttv.com.ar\/#organization\",\"name\":\"CELTTV\",\"url\":\"https:\/\/www.celttv.com.ar\/\",\"sameAs\":[\"https:\/\/www.youtube.com\/channel\/UCz_oIt8Hig64Ub-EmcNPIhg\",\"https:\/\/www.facebook.com\/celtTV\/\"],\"logo\":{\"@type\":\"ImageObject\",\"inLanguage\":\"es\",\"@id\":\"https:\/\/www.celttv.com.ar\/#\/schema\/logo\/image\/\",\"url\":\"http:\/\/www.celttv.com.ar\/wp-content\/uploads\/2022\/08\/logo-1.png\",\"contentUrl\":\"http:\/\/www.celttv.com.ar\/wp-content\/uploads\/2022\/08\/logo-1.png\",\"width\":461,\"height\":159,\"caption\":\"CELTTV\"},\"image\":{\"@id\":\"https:\/\/www.celttv.com.ar\/#\/schema\/logo\/image\/\"}},{\"@type\":\"Person\",\"@id\":\"https:\/\/www.celttv.com.ar\/#\/schema\/person\/6d99c072dba59953809c81446e9d0ace\",\"name\":\"ulises\",\"image\":{\"@type\":\"ImageObject\",\"inLanguage\":\"es\",\"@id\":\"https:\/\/www.celttv.com.ar\/#\/schema\/person\/image\/\",\"url\":\"https:\/\/secure.gravatar.com\/avatar\/7f2c48bdc33b30088f941fb6082e555f2874c98e20cb159d7b92b50eadfce793?s=96&d=mm&r=g\",\"contentUrl\":\"https:\/\/secure.gravatar.com\/avatar\/7f2c48bdc33b30088f941fb6082e555f2874c98e20cb159d7b92b50eadfce793?s=96&d=mm&r=g\",\"caption\":\"ulises\"},\"sameAs\":[\"http:\/\/www.celttv.com.ar\"]}]}<\/script>\n<!-- \/ Yoast SEO plugin. -->","yoast_head_json":{"title":"Gustavo Trankels: El 27 de marzo el Justicialismo renovar\u00e1 autoridades en los 135 distrito de la provincia de Bs.As. - CELTTV","description":"Sitio web de noticias de la localidad de Tornquist, provincia de Buenos Aires, Rep\u00fablica Argentina. Contenido propio originado por periodistas de CELTTV, el canal de TV local de la Cooperativa El\u00e9ctrica de Tornquist. Turismo, Pol\u00edtica, Sociedad, Deporte, Cultura y todo el contenido de inter\u00e9s general que la gente del pueblo y la regi\u00f3n debe conocer.","robots":{"index":"index","follow":"follow","max-snippet":"max-snippet:-1","max-image-preview":"max-image-preview:large","max-video-preview":"max-video-preview:-1"},"canonical":"https:\/\/www.celttv.com.ar\/index.php\/2022\/03\/17\/gustavo-trankels-el-27-de-marzo-el-justicialismo-renovara-autoridades-en-los-135-distrito-de-la-provincia-de-bs-as\/","og_locale":"es_ES","og_type":"article","og_title":"Gustavo Trankels: El 27 de marzo el Justicialismo renovar\u00e1 autoridades en los 135 distrito de la provincia de Bs.As. - CELTTV","og_description":"Sitio web de noticias de la localidad de Tornquist, provincia de Buenos Aires, Rep\u00fablica Argentina. Contenido propio originado por periodistas de CELTTV, el canal de TV local de la Cooperativa El\u00e9ctrica de Tornquist. Turismo, Pol\u00edtica, Sociedad, Deporte, Cultura y todo el contenido de inter\u00e9s general que la gente del pueblo y la regi\u00f3n debe conocer.","og_url":"https:\/\/www.celttv.com.ar\/index.php\/2022\/03\/17\/gustavo-trankels-el-27-de-marzo-el-justicialismo-renovara-autoridades-en-los-135-distrito-de-la-provincia-de-bs-as\/","og_site_name":"CELTTV","article_publisher":"https:\/\/www.facebook.com\/celtTV\/","article_published_time":"2022-03-17T01:14:09+00:00","og_image":[{"width":619,"height":429,"url":"https:\/\/www.celttv.com.ar\/wp-content\/uploads\/2022\/03\/gustavo-trankels.jpg","type":"image\/jpeg"}],"author":"ulises","twitter_card":"summary_large_image","twitter_misc":{"Escrito por":"ulises","Tiempo de lectura":"1 minuto"},"schema":{"@context":"https:\/\/schema.org","@graph":[{"@type":"NewsArticle","@id":"https:\/\/www.celttv.com.ar\/index.php\/2022\/03\/17\/gustavo-trankels-el-27-de-marzo-el-justicialismo-renovara-autoridades-en-los-135-distrito-de-la-provincia-de-bs-as\/#article","isPartOf":{"@id":"https:\/\/www.celttv.com.ar\/index.php\/2022\/03\/17\/gustavo-trankels-el-27-de-marzo-el-justicialismo-renovara-autoridades-en-los-135-distrito-de-la-provincia-de-bs-as\/"},"author":{"name":"ulises","@id":"https:\/\/www.celttv.com.ar\/#\/schema\/person\/6d99c072dba59953809c81446e9d0ace"},"headline":"Gustavo Trankels: El 27 de marzo el Justicialismo renovar\u00e1 autoridades en los 135 distrito de la provincia de Bs.As.","datePublished":"2022-03-17T01:14:09+00:00","dateModified":"2022-03-17T01:14:09+00:00","mainEntityOfPage":{"@id":"https:\/\/www.celttv.com.ar\/index.php\/2022\/03\/17\/gustavo-trankels-el-27-de-marzo-el-justicialismo-renovara-autoridades-en-los-135-distrito-de-la-provincia-de-bs-as\/"},"wordCount":144,"publisher":{"@id":"https:\/\/www.celttv.com.ar\/#organization"},"articleSection":["Comunidad","Destacadas","Pol\u00edtica"],"inLanguage":"es"},{"@type":"WebPage","@id":"https:\/\/www.celttv.com.ar\/index.php\/2022\/03\/17\/gustavo-trankels-el-27-de-marzo-el-justicialismo-renovara-autoridades-en-los-135-distrito-de-la-provincia-de-bs-as\/","url":"https:\/\/www.celttv.com.ar\/index.php\/2022\/03\/17\/gustavo-trankels-el-27-de-marzo-el-justicialismo-renovara-autoridades-en-los-135-distrito-de-la-provincia-de-bs-as\/","name":"Gustavo Trankels: El 27 de marzo el Justicialismo renovar\u00e1 autoridades en los 135 distrito de la provincia de Bs.As. - CELTTV","isPartOf":{"@id":"https:\/\/www.celttv.com.ar\/#website"},"datePublished":"2022-03-17T01:14:09+00:00","dateModified":"2022-03-17T01:14:09+00:00","description":"Sitio web de noticias de la localidad de Tornquist, provincia de Buenos Aires, Rep\u00fablica Argentina. Contenido propio originado por periodistas de CELTTV, el canal de TV local de la Cooperativa El\u00e9ctrica de Tornquist. Turismo, Pol\u00edtica, Sociedad, Deporte, Cultura y todo el contenido de inter\u00e9s general que la gente del pueblo y la regi\u00f3n debe conocer.","breadcrumb":{"@id":"https:\/\/www.celttv.com.ar\/index.php\/2022\/03\/17\/gustavo-trankels-el-27-de-marzo-el-justicialismo-renovara-autoridades-en-los-135-distrito-de-la-provincia-de-bs-as\/#breadcrumb"},"inLanguage":"es","potentialAction":[{"@type":"ReadAction","target":["https:\/\/www.celttv.com.ar\/index.php\/2022\/03\/17\/gustavo-trankels-el-27-de-marzo-el-justicialismo-renovara-autoridades-en-los-135-distrito-de-la-provincia-de-bs-as\/"]}]},{"@type":"BreadcrumbList","@id":"https:\/\/www.celttv.com.ar\/index.php\/2022\/03\/17\/gustavo-trankels-el-27-de-marzo-el-justicialismo-renovara-autoridades-en-los-135-distrito-de-la-provincia-de-bs-as\/#breadcrumb","itemListElement":[{"@type":"ListItem","position":1,"name":"Inicio","item":"https:\/\/www.celttv.com.ar\/"},{"@type":"ListItem","position":2,"name":"Gustavo Trankels: El 27 de marzo el Justicialismo renovar\u00e1 autoridades en los 135 distrito de la provincia de Bs.As."}]},{"@type":"WebSite","@id":"https:\/\/www.celttv.com.ar\/#website","url":"https:\/\/www.celttv.com.ar\/","name":"CELTTV","description":"Cooperativa El\u00e9ctrica de Tornquist","publisher":{"@id":"https:\/\/www.celttv.com.ar\/#organization"},"potentialAction":[{"@type":"SearchAction","target":{"@type":"EntryPoint","urlTemplate":"https:\/\/www.celttv.com.ar\/?s={search_term_string}"},"query-input":"required name=search_term_string"}],"inLanguage":"es"},{"@type":"Organization","@id":"https:\/\/www.celttv.com.ar\/#organization","name":"CELTTV","url":"https:\/\/www.celttv.com.ar\/","sameAs":["https:\/\/www.youtube.com\/channel\/UCz_oIt8Hig64Ub-EmcNPIhg","https:\/\/www.facebook.com\/celtTV\/"],"logo":{"@type":"ImageObject","inLanguage":"es","@id":"https:\/\/www.celttv.com.ar\/#\/schema\/logo\/image\/","url":"http:\/\/www.celttv.com.ar\/wp-content\/uploads\/2022\/08\/logo-1.png","contentUrl":"http:\/\/www.celttv.com.ar\/wp-content\/uploads\/2022\/08\/logo-1.png","width":461,"height":159,"caption":"CELTTV"},"image":{"@id":"https:\/\/www.celttv.com.ar\/#\/schema\/logo\/image\/"}},{"@type":"Person","@id":"https:\/\/www.celttv.com.ar\/#\/schema\/person\/6d99c072dba59953809c81446e9d0ace","name":"ulises","image":{"@type":"ImageObject","inLanguage":"es","@id":"https:\/\/www.celttv.com.ar\/#\/schema\/person\/image\/","url":"https:\/\/secure.gravatar.com\/avatar\/7f2c48bdc33b30088f941fb6082e555f2874c98e20cb159d7b92b50eadfce793?s=96&d=mm&r=g","contentUrl":"https:\/\/secure.gravatar.com\/avatar\/7f2c48bdc33b30088f941fb6082e555f2874c98e20cb159d7b92b50eadfce793?s=96&d=mm&r=g","caption":"ulises"},"sameAs":["http:\/\/www.celttv.com.ar"]}]}},"_links":{"self":[{"href":"https:\/\/www.celttv.com.ar\/index.php\/wp-json\/wp\/v2\/posts\/64524","targetHints":{"allow":["GET"]}}],"collection":[{"href":"https:\/\/www.celttv.com.ar\/index.php\/wp-json\/wp\/v2\/posts"}],"about":[{"href":"https:\/\/www.celttv.com.ar\/index.php\/wp-json\/wp\/v2\/types\/post"}],"author":[{"embeddable":true,"href":"https:\/\/www.celttv.com.ar\/index.php\/wp-json\/wp\/v2\/users\/1"}],"replies":[{"embeddable":true,"href":"https:\/\/www.celttv.com.ar\/index.php\/wp-json\/wp\/v2\/comments?post=64524"}],"version-history":[{"count":0,"href":"https:\/\/www.celttv.com.ar\/index.php\/wp-json\/wp\/v2\/posts\/64524\/revisions"}],"wp:featuredmedia":[{"embeddable":true,"href":"https:\/\/www.celttv.com.ar\/index.php\/wp-json\/wp\/v2\/media\/64525"}],"wp:attachment":[{"href":"https:\/\/www.celttv.com.ar\/index.php\/wp-json\/wp\/v2\/media?parent=64524"}],"wp:term":[{"taxonomy":"category","embeddable":true,"href":"https:\/\/www.celttv.com.ar\/index.php\/wp-json\/wp\/v2\/categories?post=64524"},{"taxonomy":"post_tag","embeddable":true,"href":"https:\/\/www.celttv.com.ar\/index.php\/wp-json\/wp\/v2\/tags?post=64524"}],"curies":[{"name":"wp","href":"https:\/\/api.w.org\/{rel}","templated":true}]}}