{"id":64541,"date":"2022-03-17T20:22:59","date_gmt":"2022-03-17T20:22:59","guid":{"rendered":"http:\/\/www.celttv.com.ar\/?p=64541"},"modified":"2022-03-17T20:22:59","modified_gmt":"2022-03-17T20:22:59","slug":"tornquist-municipio-presente-en-diferentes-jornadas-vinculadas-a-genero-y-trata-de-personas","status":"publish","type":"post","link":"https:\/\/www.celttv.com.ar\/index.php\/2022\/03\/17\/tornquist-municipio-presente-en-diferentes-jornadas-vinculadas-a-genero-y-trata-de-personas\/","title":{"rendered":"Tornquist Municipio presente en diferentes jornadas vinculadas a g\u00e9nero y trata de personas"},"content":{"rendered":"\n<p>En el transcurso de los \u00faltimos d\u00edas, la Subsecretar\u00eda de Juventudes, Pol\u00edticas de G\u00e9nero y Diversidades de Tornquist, particip\u00f3 de diferentes actividades relacionadas a g\u00e9nero y trata.<\/p>\n\n\n<p>El jueves 10, la titular del \u00e1rea, Prof. Daniela Aguilar, junto a integrantes de las oficinas de Violencia por Razones de G\u00e9nero, viaj\u00f3 a Benito Ju\u00e1rez para participar de un encuentro encabezado por la Ministra de las Mujeres, Pol\u00edticas de G\u00e9nero y Diversidad Sexual, Estela D\u00edaz.<\/p>\n\n\n<p>All\u00ed, tuvo lugar la apertura del Consejo de Articulaci\u00f3n de Pol\u00edticas de G\u00e9nero y Diversidad Sexual con los municipios presentes, y se realizaron rondas de debate y charlas.<\/p>\n\n\n<p>Adem\u00e1s, Aguilar mantuvo una reuni\u00f3n con D\u00edaz en la que dialogaron sobre la situaci\u00f3n actual de las mujeres y diversidades del distrito y la posibilidad de crear dispositivos que permitan avanzar en cuestiones de g\u00e9nero.<\/p>\n\n\n<p>Durante la jornada, tambi\u00e9n, los equipos de G\u00e9nero participaron del taller &#8220;Intervenci\u00f3n y abordaje de las violencias&#8221;, a cargo de la Subsecretar\u00eda de Pol\u00edticas contra las Violencias por Razones de G\u00e9nero.<\/p>\n\n\n<p>En tanto, este lunes en Bah\u00eda Blanca, la Subsecretar\u00eda form\u00f3 parte de la primera Mesa Interinstitucional contra la Trata de personas correspondiente a la Sexta Secci\u00f3n, donde se present\u00f3 un plan de trabajo, acordando capacitaciones y encuentros entre los distintos organismos del Estado.<\/p>\n\n\n<figure class=\"wp-block-gallery columns-2 is-cropped wp-block-gallery-1 is-layout-flex wp-block-gallery-is-layout-flex\"><ul class=\"blocks-gallery-grid\"><li class=\"blocks-gallery-item\"><figure><img loading=\"lazy\" decoding=\"async\" width=\"945\" height=\"945\" src=\"http:\/\/www.celttv.com.ar\/wp-content\/uploads\/2022\/03\/Actividades-genero-1.jpeg\" alt=\"\" data-id=\"64542\" data-full-url=\"http:\/\/www.celttv.com.ar\/wp-content\/uploads\/2022\/03\/Actividades-genero-1.jpeg\" data-link=\"http:\/\/www.celttv.com.ar\/?attachment_id=64542\" class=\"wp-image-64542\" srcset=\"https:\/\/www.celttv.com.ar\/wp-content\/uploads\/2022\/03\/Actividades-genero-1.jpeg 945w, https:\/\/www.celttv.com.ar\/wp-content\/uploads\/2022\/03\/Actividades-genero-1-300x300.jpeg 300w, https:\/\/www.celttv.com.ar\/wp-content\/uploads\/2022\/03\/Actividades-genero-1-150x150.jpeg 150w, https:\/\/www.celttv.com.ar\/wp-content\/uploads\/2022\/03\/Actividades-genero-1-768x768.jpeg 768w, https:\/\/www.celttv.com.ar\/wp-content\/uploads\/2022\/03\/Actividades-genero-1-75x75.jpeg 75w, https:\/\/www.celttv.com.ar\/wp-content\/uploads\/2022\/03\/Actividades-genero-1-750x750.jpeg 750w\" sizes=\"auto, (max-width: 945px) 100vw, 945px\" \/><\/figure><\/li><li class=\"blocks-gallery-item\"><figure><img loading=\"lazy\" decoding=\"async\" width=\"993\" height=\"647\" src=\"http:\/\/www.celttv.com.ar\/wp-content\/uploads\/2022\/03\/Actividades-genero-2.jpeg\" alt=\"\" data-id=\"64543\" data-full-url=\"http:\/\/www.celttv.com.ar\/wp-content\/uploads\/2022\/03\/Actividades-genero-2.jpeg\" data-link=\"http:\/\/www.celttv.com.ar\/?attachment_id=64543\" class=\"wp-image-64543\" srcset=\"https:\/\/www.celttv.com.ar\/wp-content\/uploads\/2022\/03\/Actividades-genero-2.jpeg 993w, https:\/\/www.celttv.com.ar\/wp-content\/uploads\/2022\/03\/Actividades-genero-2-300x195.jpeg 300w, https:\/\/www.celttv.com.ar\/wp-content\/uploads\/2022\/03\/Actividades-genero-2-768x500.jpeg 768w, https:\/\/www.celttv.com.ar\/wp-content\/uploads\/2022\/03\/Actividades-genero-2-750x489.jpeg 750w\" sizes=\"auto, (max-width: 993px) 100vw, 993px\" \/><\/figure><\/li><\/ul><\/figure>\n","protected":false},"excerpt":{"rendered":"<p>En el transcurso de los \u00faltimos d\u00edas, la Subsecretar\u00eda de Juventudes, Pol\u00edticas de G\u00e9nero y Diversidades de Tornquist, particip\u00f3 de diferentes actividades relacionadas a g\u00e9nero y trata. El jueves 10, la titular del \u00e1rea, Prof. Daniela Aguilar, junto a integrantes de las oficinas de Violencia por Razones de G\u00e9nero, viaj\u00f3 a Benito Ju\u00e1rez para participar [&hellip;]<\/p>\n","protected":false},"author":1,"featured_media":64543,"comment_status":"closed","ping_status":"open","sticky":false,"template":"","format":"standard","meta":{"footnotes":""},"categories":[51,52,59],"tags":[],"class_list":["post-64541","post","type-post","status-publish","format-standard","has-post-thumbnail","hentry","category-comunidad","category-destacadas","category-municipales"],"yoast_head":"<!-- This site is optimized with the Yoast SEO plugin v19.7.1 - https:\/\/yoast.com\/wordpress\/plugins\/seo\/ -->\n<title>Tornquist Municipio presente en diferentes jornadas vinculadas a g\u00e9nero y trata de personas - CELTTV<\/title>\n<meta name=\"description\" content=\"Sitio web de noticias de la localidad de Tornquist, provincia de Buenos Aires, Rep\u00fablica Argentina. Contenido propio originado por periodistas de CELTTV, el canal de TV local de la Cooperativa El\u00e9ctrica de Tornquist. Turismo, Pol\u00edtica, Sociedad, Deporte, Cultura y todo el contenido de inter\u00e9s general que la gente del pueblo y la regi\u00f3n debe conocer.\" \/>\n<meta name=\"robots\" content=\"index, follow, max-snippet:-1, max-image-preview:large, max-video-preview:-1\" \/>\n<link rel=\"canonical\" href=\"https:\/\/www.celttv.com.ar\/index.php\/2022\/03\/17\/tornquist-municipio-presente-en-diferentes-jornadas-vinculadas-a-genero-y-trata-de-personas\/\" \/>\n<meta property=\"og:locale\" content=\"es_ES\" \/>\n<meta property=\"og:type\" content=\"article\" \/>\n<meta property=\"og:title\" content=\"Tornquist Municipio presente en diferentes jornadas vinculadas a g\u00e9nero y trata de personas - CELTTV\" \/>\n<meta property=\"og:description\" content=\"Sitio web de noticias de la localidad de Tornquist, provincia de Buenos Aires, Rep\u00fablica Argentina. Contenido propio originado por periodistas de CELTTV, el canal de TV local de la Cooperativa El\u00e9ctrica de Tornquist. Turismo, Pol\u00edtica, Sociedad, Deporte, Cultura y todo el contenido de inter\u00e9s general que la gente del pueblo y la regi\u00f3n debe conocer.\" \/>\n<meta property=\"og:url\" content=\"https:\/\/www.celttv.com.ar\/index.php\/2022\/03\/17\/tornquist-municipio-presente-en-diferentes-jornadas-vinculadas-a-genero-y-trata-de-personas\/\" \/>\n<meta property=\"og:site_name\" content=\"CELTTV\" \/>\n<meta property=\"article:publisher\" content=\"https:\/\/www.facebook.com\/celtTV\/\" \/>\n<meta property=\"article:published_time\" content=\"2022-03-17T20:22:59+00:00\" \/>\n<meta property=\"og:image\" content=\"https:\/\/www.celttv.com.ar\/wp-content\/uploads\/2022\/03\/Actividades-genero-2.jpeg\" \/>\n\t<meta property=\"og:image:width\" content=\"993\" \/>\n\t<meta property=\"og:image:height\" content=\"647\" \/>\n\t<meta property=\"og:image:type\" content=\"image\/jpeg\" \/>\n<meta name=\"author\" content=\"ulises\" \/>\n<meta name=\"twitter:card\" content=\"summary_large_image\" \/>\n<meta name=\"twitter:label1\" content=\"Escrito por\" \/>\n\t<meta name=\"twitter:data1\" content=\"ulises\" \/>\n\t<meta name=\"twitter:label2\" content=\"Tiempo de lectura\" \/>\n\t<meta name=\"twitter:data2\" content=\"1 minuto\" \/>\n<script type=\"application\/ld+json\" class=\"yoast-schema-graph\">{\"@context\":\"https:\/\/schema.org\",\"@graph\":[{\"@type\":\"NewsArticle\",\"@id\":\"https:\/\/www.celttv.com.ar\/index.php\/2022\/03\/17\/tornquist-municipio-presente-en-diferentes-jornadas-vinculadas-a-genero-y-trata-de-personas\/#article\",\"isPartOf\":{\"@id\":\"https:\/\/www.celttv.com.ar\/index.php\/2022\/03\/17\/tornquist-municipio-presente-en-diferentes-jornadas-vinculadas-a-genero-y-trata-de-personas\/\"},\"author\":{\"name\":\"ulises\",\"@id\":\"https:\/\/www.celttv.com.ar\/#\/schema\/person\/6d99c072dba59953809c81446e9d0ace\"},\"headline\":\"Tornquist Municipio presente en diferentes jornadas vinculadas a g\u00e9nero y trata de personas\",\"datePublished\":\"2022-03-17T20:22:59+00:00\",\"dateModified\":\"2022-03-17T20:22:59+00:00\",\"mainEntityOfPage\":{\"@id\":\"https:\/\/www.celttv.com.ar\/index.php\/2022\/03\/17\/tornquist-municipio-presente-en-diferentes-jornadas-vinculadas-a-genero-y-trata-de-personas\/\"},\"wordCount\":250,\"publisher\":{\"@id\":\"https:\/\/www.celttv.com.ar\/#organization\"},\"articleSection\":[\"Comunidad\",\"Destacadas\",\"Municipales\"],\"inLanguage\":\"es\"},{\"@type\":\"WebPage\",\"@id\":\"https:\/\/www.celttv.com.ar\/index.php\/2022\/03\/17\/tornquist-municipio-presente-en-diferentes-jornadas-vinculadas-a-genero-y-trata-de-personas\/\",\"url\":\"https:\/\/www.celttv.com.ar\/index.php\/2022\/03\/17\/tornquist-municipio-presente-en-diferentes-jornadas-vinculadas-a-genero-y-trata-de-personas\/\",\"name\":\"Tornquist Municipio presente en diferentes jornadas vinculadas a g\u00e9nero y trata de personas - CELTTV\",\"isPartOf\":{\"@id\":\"https:\/\/www.celttv.com.ar\/#website\"},\"datePublished\":\"2022-03-17T20:22:59+00:00\",\"dateModified\":\"2022-03-17T20:22:59+00:00\",\"description\":\"Sitio web de noticias de la localidad de Tornquist, provincia de Buenos Aires, Rep\u00fablica Argentina. Contenido propio originado por periodistas de CELTTV, el canal de TV local de la Cooperativa El\u00e9ctrica de Tornquist. Turismo, Pol\u00edtica, Sociedad, Deporte, Cultura y todo el contenido de inter\u00e9s general que la gente del pueblo y la regi\u00f3n debe conocer.\",\"breadcrumb\":{\"@id\":\"https:\/\/www.celttv.com.ar\/index.php\/2022\/03\/17\/tornquist-municipio-presente-en-diferentes-jornadas-vinculadas-a-genero-y-trata-de-personas\/#breadcrumb\"},\"inLanguage\":\"es\",\"potentialAction\":[{\"@type\":\"ReadAction\",\"target\":[\"https:\/\/www.celttv.com.ar\/index.php\/2022\/03\/17\/tornquist-municipio-presente-en-diferentes-jornadas-vinculadas-a-genero-y-trata-de-personas\/\"]}]},{\"@type\":\"BreadcrumbList\",\"@id\":\"https:\/\/www.celttv.com.ar\/index.php\/2022\/03\/17\/tornquist-municipio-presente-en-diferentes-jornadas-vinculadas-a-genero-y-trata-de-personas\/#breadcrumb\",\"itemListElement\":[{\"@type\":\"ListItem\",\"position\":1,\"name\":\"Inicio\",\"item\":\"https:\/\/www.celttv.com.ar\/\"},{\"@type\":\"ListItem\",\"position\":2,\"name\":\"Tornquist Municipio presente en diferentes jornadas vinculadas a g\u00e9nero y trata de personas\"}]},{\"@type\":\"WebSite\",\"@id\":\"https:\/\/www.celttv.com.ar\/#website\",\"url\":\"https:\/\/www.celttv.com.ar\/\",\"name\":\"CELTTV\",\"description\":\"Cooperativa El\u00e9ctrica de Tornquist\",\"publisher\":{\"@id\":\"https:\/\/www.celttv.com.ar\/#organization\"},\"potentialAction\":[{\"@type\":\"SearchAction\",\"target\":{\"@type\":\"EntryPoint\",\"urlTemplate\":\"https:\/\/www.celttv.com.ar\/?s={search_term_string}\"},\"query-input\":\"required name=search_term_string\"}],\"inLanguage\":\"es\"},{\"@type\":\"Organization\",\"@id\":\"https:\/\/www.celttv.com.ar\/#organization\",\"name\":\"CELTTV\",\"url\":\"https:\/\/www.celttv.com.ar\/\",\"sameAs\":[\"https:\/\/www.youtube.com\/channel\/UCz_oIt8Hig64Ub-EmcNPIhg\",\"https:\/\/www.facebook.com\/celtTV\/\"],\"logo\":{\"@type\":\"ImageObject\",\"inLanguage\":\"es\",\"@id\":\"https:\/\/www.celttv.com.ar\/#\/schema\/logo\/image\/\",\"url\":\"http:\/\/www.celttv.com.ar\/wp-content\/uploads\/2022\/08\/logo-1.png\",\"contentUrl\":\"http:\/\/www.celttv.com.ar\/wp-content\/uploads\/2022\/08\/logo-1.png\",\"width\":461,\"height\":159,\"caption\":\"CELTTV\"},\"image\":{\"@id\":\"https:\/\/www.celttv.com.ar\/#\/schema\/logo\/image\/\"}},{\"@type\":\"Person\",\"@id\":\"https:\/\/www.celttv.com.ar\/#\/schema\/person\/6d99c072dba59953809c81446e9d0ace\",\"name\":\"ulises\",\"image\":{\"@type\":\"ImageObject\",\"inLanguage\":\"es\",\"@id\":\"https:\/\/www.celttv.com.ar\/#\/schema\/person\/image\/\",\"url\":\"https:\/\/secure.gravatar.com\/avatar\/7f2c48bdc33b30088f941fb6082e555f2874c98e20cb159d7b92b50eadfce793?s=96&d=mm&r=g\",\"contentUrl\":\"https:\/\/secure.gravatar.com\/avatar\/7f2c48bdc33b30088f941fb6082e555f2874c98e20cb159d7b92b50eadfce793?s=96&d=mm&r=g\",\"caption\":\"ulises\"},\"sameAs\":[\"http:\/\/www.celttv.com.ar\"]}]}<\/script>\n<!-- \/ Yoast SEO plugin. -->","yoast_head_json":{"title":"Tornquist Municipio presente en diferentes jornadas vinculadas a g\u00e9nero y trata de personas - CELTTV","description":"Sitio web de noticias de la localidad de Tornquist, provincia de Buenos Aires, Rep\u00fablica Argentina. Contenido propio originado por periodistas de CELTTV, el canal de TV local de la Cooperativa El\u00e9ctrica de Tornquist. Turismo, Pol\u00edtica, Sociedad, Deporte, Cultura y todo el contenido de inter\u00e9s general que la gente del pueblo y la regi\u00f3n debe conocer.","robots":{"index":"index","follow":"follow","max-snippet":"max-snippet:-1","max-image-preview":"max-image-preview:large","max-video-preview":"max-video-preview:-1"},"canonical":"https:\/\/www.celttv.com.ar\/index.php\/2022\/03\/17\/tornquist-municipio-presente-en-diferentes-jornadas-vinculadas-a-genero-y-trata-de-personas\/","og_locale":"es_ES","og_type":"article","og_title":"Tornquist Municipio presente en diferentes jornadas vinculadas a g\u00e9nero y trata de personas - CELTTV","og_description":"Sitio web de noticias de la localidad de Tornquist, provincia de Buenos Aires, Rep\u00fablica Argentina. Contenido propio originado por periodistas de CELTTV, el canal de TV local de la Cooperativa El\u00e9ctrica de Tornquist. Turismo, Pol\u00edtica, Sociedad, Deporte, Cultura y todo el contenido de inter\u00e9s general que la gente del pueblo y la regi\u00f3n debe conocer.","og_url":"https:\/\/www.celttv.com.ar\/index.php\/2022\/03\/17\/tornquist-municipio-presente-en-diferentes-jornadas-vinculadas-a-genero-y-trata-de-personas\/","og_site_name":"CELTTV","article_publisher":"https:\/\/www.facebook.com\/celtTV\/","article_published_time":"2022-03-17T20:22:59+00:00","og_image":[{"width":993,"height":647,"url":"https:\/\/www.celttv.com.ar\/wp-content\/uploads\/2022\/03\/Actividades-genero-2.jpeg","type":"image\/jpeg"}],"author":"ulises","twitter_card":"summary_large_image","twitter_misc":{"Escrito por":"ulises","Tiempo de lectura":"1 minuto"},"schema":{"@context":"https:\/\/schema.org","@graph":[{"@type":"NewsArticle","@id":"https:\/\/www.celttv.com.ar\/index.php\/2022\/03\/17\/tornquist-municipio-presente-en-diferentes-jornadas-vinculadas-a-genero-y-trata-de-personas\/#article","isPartOf":{"@id":"https:\/\/www.celttv.com.ar\/index.php\/2022\/03\/17\/tornquist-municipio-presente-en-diferentes-jornadas-vinculadas-a-genero-y-trata-de-personas\/"},"author":{"name":"ulises","@id":"https:\/\/www.celttv.com.ar\/#\/schema\/person\/6d99c072dba59953809c81446e9d0ace"},"headline":"Tornquist Municipio presente en diferentes jornadas vinculadas a g\u00e9nero y trata de personas","datePublished":"2022-03-17T20:22:59+00:00","dateModified":"2022-03-17T20:22:59+00:00","mainEntityOfPage":{"@id":"https:\/\/www.celttv.com.ar\/index.php\/2022\/03\/17\/tornquist-municipio-presente-en-diferentes-jornadas-vinculadas-a-genero-y-trata-de-personas\/"},"wordCount":250,"publisher":{"@id":"https:\/\/www.celttv.com.ar\/#organization"},"articleSection":["Comunidad","Destacadas","Municipales"],"inLanguage":"es"},{"@type":"WebPage","@id":"https:\/\/www.celttv.com.ar\/index.php\/2022\/03\/17\/tornquist-municipio-presente-en-diferentes-jornadas-vinculadas-a-genero-y-trata-de-personas\/","url":"https:\/\/www.celttv.com.ar\/index.php\/2022\/03\/17\/tornquist-municipio-presente-en-diferentes-jornadas-vinculadas-a-genero-y-trata-de-personas\/","name":"Tornquist Municipio presente en diferentes jornadas vinculadas a g\u00e9nero y trata de personas - CELTTV","isPartOf":{"@id":"https:\/\/www.celttv.com.ar\/#website"},"datePublished":"2022-03-17T20:22:59+00:00","dateModified":"2022-03-17T20:22:59+00:00","description":"Sitio web de noticias de la localidad de Tornquist, provincia de Buenos Aires, Rep\u00fablica Argentina. Contenido propio originado por periodistas de CELTTV, el canal de TV local de la Cooperativa El\u00e9ctrica de Tornquist. Turismo, Pol\u00edtica, Sociedad, Deporte, Cultura y todo el contenido de inter\u00e9s general que la gente del pueblo y la regi\u00f3n debe conocer.","breadcrumb":{"@id":"https:\/\/www.celttv.com.ar\/index.php\/2022\/03\/17\/tornquist-municipio-presente-en-diferentes-jornadas-vinculadas-a-genero-y-trata-de-personas\/#breadcrumb"},"inLanguage":"es","potentialAction":[{"@type":"ReadAction","target":["https:\/\/www.celttv.com.ar\/index.php\/2022\/03\/17\/tornquist-municipio-presente-en-diferentes-jornadas-vinculadas-a-genero-y-trata-de-personas\/"]}]},{"@type":"BreadcrumbList","@id":"https:\/\/www.celttv.com.ar\/index.php\/2022\/03\/17\/tornquist-municipio-presente-en-diferentes-jornadas-vinculadas-a-genero-y-trata-de-personas\/#breadcrumb","itemListElement":[{"@type":"ListItem","position":1,"name":"Inicio","item":"https:\/\/www.celttv.com.ar\/"},{"@type":"ListItem","position":2,"name":"Tornquist Municipio presente en diferentes jornadas vinculadas a g\u00e9nero y trata de personas"}]},{"@type":"WebSite","@id":"https:\/\/www.celttv.com.ar\/#website","url":"https:\/\/www.celttv.com.ar\/","name":"CELTTV","description":"Cooperativa El\u00e9ctrica de Tornquist","publisher":{"@id":"https:\/\/www.celttv.com.ar\/#organization"},"potentialAction":[{"@type":"SearchAction","target":{"@type":"EntryPoint","urlTemplate":"https:\/\/www.celttv.com.ar\/?s={search_term_string}"},"query-input":"required name=search_term_string"}],"inLanguage":"es"},{"@type":"Organization","@id":"https:\/\/www.celttv.com.ar\/#organization","name":"CELTTV","url":"https:\/\/www.celttv.com.ar\/","sameAs":["https:\/\/www.youtube.com\/channel\/UCz_oIt8Hig64Ub-EmcNPIhg","https:\/\/www.facebook.com\/celtTV\/"],"logo":{"@type":"ImageObject","inLanguage":"es","@id":"https:\/\/www.celttv.com.ar\/#\/schema\/logo\/image\/","url":"http:\/\/www.celttv.com.ar\/wp-content\/uploads\/2022\/08\/logo-1.png","contentUrl":"http:\/\/www.celttv.com.ar\/wp-content\/uploads\/2022\/08\/logo-1.png","width":461,"height":159,"caption":"CELTTV"},"image":{"@id":"https:\/\/www.celttv.com.ar\/#\/schema\/logo\/image\/"}},{"@type":"Person","@id":"https:\/\/www.celttv.com.ar\/#\/schema\/person\/6d99c072dba59953809c81446e9d0ace","name":"ulises","image":{"@type":"ImageObject","inLanguage":"es","@id":"https:\/\/www.celttv.com.ar\/#\/schema\/person\/image\/","url":"https:\/\/secure.gravatar.com\/avatar\/7f2c48bdc33b30088f941fb6082e555f2874c98e20cb159d7b92b50eadfce793?s=96&d=mm&r=g","contentUrl":"https:\/\/secure.gravatar.com\/avatar\/7f2c48bdc33b30088f941fb6082e555f2874c98e20cb159d7b92b50eadfce793?s=96&d=mm&r=g","caption":"ulises"},"sameAs":["http:\/\/www.celttv.com.ar"]}]}},"_links":{"self":[{"href":"https:\/\/www.celttv.com.ar\/index.php\/wp-json\/wp\/v2\/posts\/64541","targetHints":{"allow":["GET"]}}],"collection":[{"href":"https:\/\/www.celttv.com.ar\/index.php\/wp-json\/wp\/v2\/posts"}],"about":[{"href":"https:\/\/www.celttv.com.ar\/index.php\/wp-json\/wp\/v2\/types\/post"}],"author":[{"embeddable":true,"href":"https:\/\/www.celttv.com.ar\/index.php\/wp-json\/wp\/v2\/users\/1"}],"replies":[{"embeddable":true,"href":"https:\/\/www.celttv.com.ar\/index.php\/wp-json\/wp\/v2\/comments?post=64541"}],"version-history":[{"count":0,"href":"https:\/\/www.celttv.com.ar\/index.php\/wp-json\/wp\/v2\/posts\/64541\/revisions"}],"wp:featuredmedia":[{"embeddable":true,"href":"https:\/\/www.celttv.com.ar\/index.php\/wp-json\/wp\/v2\/media\/64543"}],"wp:attachment":[{"href":"https:\/\/www.celttv.com.ar\/index.php\/wp-json\/wp\/v2\/media?parent=64541"}],"wp:term":[{"taxonomy":"category","embeddable":true,"href":"https:\/\/www.celttv.com.ar\/index.php\/wp-json\/wp\/v2\/categories?post=64541"},{"taxonomy":"post_tag","embeddable":true,"href":"https:\/\/www.celttv.com.ar\/index.php\/wp-json\/wp\/v2\/tags?post=64541"}],"curies":[{"name":"wp","href":"https:\/\/api.w.org\/{rel}","templated":true}]}}