{"id":64680,"date":"2022-03-24T01:39:30","date_gmt":"2022-03-24T01:39:30","guid":{"rendered":"http:\/\/www.celttv.com.ar\/?p=64680"},"modified":"2022-03-24T01:39:30","modified_gmt":"2022-03-24T01:39:30","slug":"el-cooperativismo-pide-el-cese-inmediato-de-la-violencia-y-una-agenda-para-la-paz-positiva","status":"publish","type":"post","link":"https:\/\/www.celttv.com.ar\/index.php\/2022\/03\/24\/el-cooperativismo-pide-el-cese-inmediato-de-la-violencia-y-una-agenda-para-la-paz-positiva\/","title":{"rendered":"El cooperativismo pide el cese inmediato de la violencia y una agenda para la Paz Positiva"},"content":{"rendered":"\n<p><strong>El Cooperativismo insta a la comunidad internacional a encontrar formas equitativas y justas de resolver \u00e9ste y otros conflictos armados<\/strong><\/p>\n\n\n<p>En este contexto de conflicto que impacta de lleno en el Este de Europa, el cooperativismo insta a la comunidad internacional a encontrar formas equitativas y justas de resolver este y otros conflictos armados.<\/p>\n\n\n<p><strong>El conflicto impacta en el este de Europa pero sacude al mundo entero<\/strong><\/p>\n\n\n<p>&#8220;En este contexto de conflicto que impacta de lleno en el Este de Europa pero que sacude indefectiblemente al mundo entero, el cooperativismo insta a la comunidad internacional a encontrar formas equitativas y justas de resolver este y otros conflictos armados que existen en el Mundo,\u00a0<strong>reclamando el inmediato cese de la\u00a0violencia y proclamando la paz<\/strong>\u00a0como resultado de un sistema de relaciones internacionales basado en valores y principios cooperativos&#8221; enfatiz\u00f3 Ariel Guarco quien se pronunci\u00f3 como presidente de la ACI. (Alianza Cooperativa Internacional) y titular de la Confederaci\u00f3n Cooperativa de la Rep\u00fablica Argentina (COOPERAR)<\/p>\n\n\n<p><strong>El sector reclama el\u00a0cese de la violencia y proclama la\u00a0paz positiva\u00a0como resultado de un sistema de relaciones internacionales basado en valores y principios cooperativos&#8221;<\/strong><\/p>\n\n\n<p>&#8220;Lo cierto es que este sector cuenta con una trayectoria centenaria en la b\u00fasqueda y el<strong>\u00a0trabajo por la paz<\/strong>, comprometi\u00e9ndose con ello previo a muchas de las grandes contiendas b\u00e9licas que han afectado a los diferentes continentes&#8221;<\/p>\n\n\n<p><strong>La Alianza Cooperativa Internacional se constituy\u00f3 hace 126 a\u00f1os, previo a las Naciones Unidas<\/strong><\/p>\n\n\n<p>La Alianza Cooperativa Internacional \u2013que representa a m\u00e1s de 300 organizaciones de 110 pa\u00edses\u2013 se constituy\u00f3 hace 126 a\u00f1os, previo a Naciones Unidas y a los organismos de cooperaci\u00f3n internacional surgidos en la posguerra.<\/p>\n\n\n<p><strong>El Cooperativismo tiene una trayectoria centenaria en la busqueda y el trabajo por la paz<\/strong><\/p>\n\n\n<p>En efecto, al finalizar&nbsp;<a target=\"_blank\" href=\"https:\/\/www.perfil.com\/noticias\/elobservador\/a-ochenta-anos-del-comienzo-de-la-segunda-guerra-mundial.phtml\" rel=\"noreferrer noopener\">la Segunda Guerra mundial<\/a>, las naciones del mundo comenzaron a construir las herramientas de cooperaci\u00f3n internacional imprescindibles para superar los estragos que hab\u00eda provocado la violencia. Y all\u00ed estuvieron los cooperativistas, a trav\u00e9s de la ACI, desde la primera hora.<\/p>\n\n\n<p>&#8220;<em>Hoy, en un nuevo contexto de guerra, se est\u00e1 rindiendo tributo a esa tradici\u00f3n de compromiso con la cooperaci\u00f3n internacional para el desarrollo. Nosotros, los hombres y mujeres que cooperamos, en cada territorio, para solucionar nuestros problemas y alcanzar nuestras aspiraciones comunes, siempre nos hemos sentido parte del esfuerzo de cooperaci\u00f3n de las naciones, por el Desarrollo, la Democracia y la Paz<\/em>&#8221; sostuvo Guarco.<\/p>\n\n\n<p><em><strong>El caso de Ruanda<\/strong><\/em><\/p>\n\n\n<p>Ese compromiso se ha ratificado en 2019, durante la Asamblea General llevada adelante en Kigali, Ruanda, naci\u00f3n que apost\u00f3 por el modelo cooperativo como un&nbsp;<strong>elemento clave para reconstituir el tejido social y econ\u00f3mico<\/strong>&nbsp;luego de haberse desangrado en uno de los conflictos armados m\u00e1s dram\u00e1ticos del siglo XX.<\/p>\n\n\n<p>&#8220;En ese encuentro, los cooperativistas de todo globo aprobaron una Declaraci\u00f3n por la Paz Positiva. Este concepto, seg\u00fan el estudioso de la paz Johan Galtung, est\u00e1 relacionado con las contribuciones de la comunidad, especialmente a trav\u00e9s de la cooperaci\u00f3n y la integraci\u00f3n, para la reconciliaci\u00f3n y la<strong>\u00a0igualdad entre sus individuos<\/strong>, y puede diferenciarse de la paz negativa, que es la simple ausencia de violencia, ya sea personal, estructural o colectiva&#8221; subray\u00f3.<\/p>\n\n\n<p><strong>La ACI., la casa com\u00fan de todos los cooperativistas<\/strong><\/p>\n\n\n<p>De esta manera se mantiene un compromiso que se expresa casi desde la creaci\u00f3n de la ACI, la Casa Com\u00fan de todos los cooperativistas, a trav\u00e9s de resoluciones como la aprobada en 1901 durante un congreso dedicado a la<strong>\u00a0paz social\u00a0<\/strong>as\u00ed como a la paz internacional, o en 1913, donde el cooperativismo mundial dej\u00f3 claro que \u201ccuando la vida social y econ\u00f3mica de cada pa\u00eds se organiza de acuerdo a los principios cooperativos, los conflictos internacionales cesan\u201d.<\/p>\n\n\n<p>La voz del movimiento cooperativo tambi\u00e9n se hizo sentir en 1939, anticipando una firme posici\u00f3n a favor de la paz en los entretelones de la Segunda Guerra Mundial. En 1942, 1980 y 2006, la ACI realiz\u00f3 otros pronunciamientos que pon\u00edan a la paz como&nbsp;<strong>resultado de la cooperaci\u00f3n<\/strong>, la solidaridad y la equidad en el campo de la econom\u00eda, la pol\u00edtica, la cultura y las relaciones entre individuos, grupos sociales y naciones en general.<\/p>\n\n\n<p>&#8220;Como dec\u00edamos al principio, hoy, basado en estos conceptos, el sector reclama el\u00a0cese de la violencia y proclama la<strong>\u00a0paz positiva<\/strong>\u00a0como resultado de un sistema de relaciones internacionales basado en valores y principios cooperativos&#8221;<\/p>\n\n\n<p><strong>*\u00a0<\/strong>Ariel Guarco. Mag\u00edster en Econom\u00eda Agraria y Administraci\u00f3n Rural. Postgrado en Econom\u00eda Social y Direcci\u00f3n de Entidades sin Fines de Lucro. presidente de la Confederaci\u00f3n Cooperativa de la Rep\u00fablica Argentina (COOPERAR) y de la Alianza Cooperativa Internacional (ACI).<\/p>\n\n\n<figure class=\"wp-block-image size-large\"><img loading=\"lazy\" decoding=\"async\" width=\"799\" height=\"449\" src=\"http:\/\/www.celttv.com.ar\/wp-content\/uploads\/2019\/02\/Guarco.jpg\" alt=\"\" class=\"wp-image-40176\" srcset=\"https:\/\/www.celttv.com.ar\/wp-content\/uploads\/2019\/02\/Guarco.jpg 799w, https:\/\/www.celttv.com.ar\/wp-content\/uploads\/2019\/02\/Guarco-300x169.jpg 300w, https:\/\/www.celttv.com.ar\/wp-content\/uploads\/2019\/02\/Guarco-768x432.jpg 768w, https:\/\/www.celttv.com.ar\/wp-content\/uploads\/2019\/02\/Guarco-750x421.jpg 750w\" sizes=\"auto, (max-width: 799px) 100vw, 799px\" \/><\/figure>\n\n\n<figure class=\"wp-block-image size-large\"><img loading=\"lazy\" decoding=\"async\" width=\"949\" height=\"510\" src=\"http:\/\/www.celttv.com.ar\/wp-content\/uploads\/2022\/03\/guerra-ucrania.jpg\" alt=\"\" class=\"wp-image-64681\" srcset=\"https:\/\/www.celttv.com.ar\/wp-content\/uploads\/2022\/03\/guerra-ucrania.jpg 949w, https:\/\/www.celttv.com.ar\/wp-content\/uploads\/2022\/03\/guerra-ucrania-300x161.jpg 300w, https:\/\/www.celttv.com.ar\/wp-content\/uploads\/2022\/03\/guerra-ucrania-768x413.jpg 768w, https:\/\/www.celttv.com.ar\/wp-content\/uploads\/2022\/03\/guerra-ucrania-750x403.jpg 750w\" sizes=\"auto, (max-width: 949px) 100vw, 949px\" \/><\/figure>\n\n\n<figure class=\"wp-block-image size-large\"><img loading=\"lazy\" decoding=\"async\" width=\"949\" height=\"510\" src=\"http:\/\/www.celttv.com.ar\/wp-content\/uploads\/2022\/03\/guerra-ucrania-1.jpg\" alt=\"\" class=\"wp-image-64682\" srcset=\"https:\/\/www.celttv.com.ar\/wp-content\/uploads\/2022\/03\/guerra-ucrania-1.jpg 949w, https:\/\/www.celttv.com.ar\/wp-content\/uploads\/2022\/03\/guerra-ucrania-1-300x161.jpg 300w, https:\/\/www.celttv.com.ar\/wp-content\/uploads\/2022\/03\/guerra-ucrania-1-768x413.jpg 768w, https:\/\/www.celttv.com.ar\/wp-content\/uploads\/2022\/03\/guerra-ucrania-1-750x403.jpg 750w\" sizes=\"auto, (max-width: 949px) 100vw, 949px\" \/><\/figure>\n","protected":false},"excerpt":{"rendered":"<p>El Cooperativismo insta a la comunidad internacional a encontrar formas equitativas y justas de resolver \u00e9ste y otros conflictos armados En este contexto de conflicto que impacta de lleno en el Este de Europa, el cooperativismo insta a la comunidad internacional a encontrar formas equitativas y justas de resolver este y otros conflictos armados. El [&hellip;]<\/p>\n","protected":false},"author":1,"featured_media":64682,"comment_status":"closed","ping_status":"open","sticky":false,"template":"","format":"standard","meta":{"footnotes":""},"categories":[51,52,66],"tags":[],"class_list":["post-64680","post","type-post","status-publish","format-standard","has-post-thumbnail","hentry","category-comunidad","category-destacadas","category-informacion-cooperativa"],"yoast_head":"<!-- This site is optimized with the Yoast SEO plugin v19.7.1 - https:\/\/yoast.com\/wordpress\/plugins\/seo\/ -->\n<title>El cooperativismo pide el cese inmediato de la violencia y una agenda para la Paz Positiva - CELTTV<\/title>\n<meta name=\"description\" content=\"Sitio web de noticias de la localidad de Tornquist, provincia de Buenos Aires, Rep\u00fablica Argentina. Contenido propio originado por periodistas de CELTTV, el canal de TV local de la Cooperativa El\u00e9ctrica de Tornquist. Turismo, Pol\u00edtica, Sociedad, Deporte, Cultura y todo el contenido de inter\u00e9s general que la gente del pueblo y la regi\u00f3n debe conocer.\" \/>\n<meta name=\"robots\" content=\"index, follow, max-snippet:-1, max-image-preview:large, max-video-preview:-1\" \/>\n<link rel=\"canonical\" href=\"https:\/\/www.celttv.com.ar\/index.php\/2022\/03\/24\/el-cooperativismo-pide-el-cese-inmediato-de-la-violencia-y-una-agenda-para-la-paz-positiva\/\" \/>\n<meta property=\"og:locale\" content=\"es_ES\" \/>\n<meta property=\"og:type\" content=\"article\" \/>\n<meta property=\"og:title\" content=\"El cooperativismo pide el cese inmediato de la violencia y una agenda para la Paz Positiva - CELTTV\" \/>\n<meta property=\"og:description\" content=\"Sitio web de noticias de la localidad de Tornquist, provincia de Buenos Aires, Rep\u00fablica Argentina. Contenido propio originado por periodistas de CELTTV, el canal de TV local de la Cooperativa El\u00e9ctrica de Tornquist. Turismo, Pol\u00edtica, Sociedad, Deporte, Cultura y todo el contenido de inter\u00e9s general que la gente del pueblo y la regi\u00f3n debe conocer.\" \/>\n<meta property=\"og:url\" content=\"https:\/\/www.celttv.com.ar\/index.php\/2022\/03\/24\/el-cooperativismo-pide-el-cese-inmediato-de-la-violencia-y-una-agenda-para-la-paz-positiva\/\" \/>\n<meta property=\"og:site_name\" content=\"CELTTV\" \/>\n<meta property=\"article:publisher\" content=\"https:\/\/www.facebook.com\/celtTV\/\" \/>\n<meta property=\"article:published_time\" content=\"2022-03-24T01:39:30+00:00\" \/>\n<meta property=\"og:image\" content=\"https:\/\/www.celttv.com.ar\/wp-content\/uploads\/2022\/03\/guerra-ucrania-1.jpg\" \/>\n\t<meta property=\"og:image:width\" content=\"949\" \/>\n\t<meta property=\"og:image:height\" content=\"510\" \/>\n\t<meta property=\"og:image:type\" content=\"image\/jpeg\" \/>\n<meta name=\"author\" content=\"ulises\" \/>\n<meta name=\"twitter:card\" content=\"summary_large_image\" \/>\n<meta name=\"twitter:label1\" content=\"Escrito por\" \/>\n\t<meta name=\"twitter:data1\" content=\"ulises\" \/>\n\t<meta name=\"twitter:label2\" content=\"Tiempo de lectura\" \/>\n\t<meta name=\"twitter:data2\" content=\"4 minutos\" \/>\n<script type=\"application\/ld+json\" class=\"yoast-schema-graph\">{\"@context\":\"https:\/\/schema.org\",\"@graph\":[{\"@type\":\"NewsArticle\",\"@id\":\"https:\/\/www.celttv.com.ar\/index.php\/2022\/03\/24\/el-cooperativismo-pide-el-cese-inmediato-de-la-violencia-y-una-agenda-para-la-paz-positiva\/#article\",\"isPartOf\":{\"@id\":\"https:\/\/www.celttv.com.ar\/index.php\/2022\/03\/24\/el-cooperativismo-pide-el-cese-inmediato-de-la-violencia-y-una-agenda-para-la-paz-positiva\/\"},\"author\":{\"name\":\"ulises\",\"@id\":\"https:\/\/www.celttv.com.ar\/#\/schema\/person\/6d99c072dba59953809c81446e9d0ace\"},\"headline\":\"El cooperativismo pide el cese inmediato de la violencia y una agenda para la Paz Positiva\",\"datePublished\":\"2022-03-24T01:39:30+00:00\",\"dateModified\":\"2022-03-24T01:39:30+00:00\",\"mainEntityOfPage\":{\"@id\":\"https:\/\/www.celttv.com.ar\/index.php\/2022\/03\/24\/el-cooperativismo-pide-el-cese-inmediato-de-la-violencia-y-una-agenda-para-la-paz-positiva\/\"},\"wordCount\":814,\"publisher\":{\"@id\":\"https:\/\/www.celttv.com.ar\/#organization\"},\"articleSection\":[\"Comunidad\",\"Destacadas\",\"Informaci\u00f3n Cooperativa\"],\"inLanguage\":\"es\"},{\"@type\":\"WebPage\",\"@id\":\"https:\/\/www.celttv.com.ar\/index.php\/2022\/03\/24\/el-cooperativismo-pide-el-cese-inmediato-de-la-violencia-y-una-agenda-para-la-paz-positiva\/\",\"url\":\"https:\/\/www.celttv.com.ar\/index.php\/2022\/03\/24\/el-cooperativismo-pide-el-cese-inmediato-de-la-violencia-y-una-agenda-para-la-paz-positiva\/\",\"name\":\"El cooperativismo pide el cese inmediato de la violencia y una agenda para la Paz Positiva - CELTTV\",\"isPartOf\":{\"@id\":\"https:\/\/www.celttv.com.ar\/#website\"},\"datePublished\":\"2022-03-24T01:39:30+00:00\",\"dateModified\":\"2022-03-24T01:39:30+00:00\",\"description\":\"Sitio web de noticias de la localidad de Tornquist, provincia de Buenos Aires, Rep\u00fablica Argentina. Contenido propio originado por periodistas de CELTTV, el canal de TV local de la Cooperativa El\u00e9ctrica de Tornquist. Turismo, Pol\u00edtica, Sociedad, Deporte, Cultura y todo el contenido de inter\u00e9s general que la gente del pueblo y la regi\u00f3n debe conocer.\",\"breadcrumb\":{\"@id\":\"https:\/\/www.celttv.com.ar\/index.php\/2022\/03\/24\/el-cooperativismo-pide-el-cese-inmediato-de-la-violencia-y-una-agenda-para-la-paz-positiva\/#breadcrumb\"},\"inLanguage\":\"es\",\"potentialAction\":[{\"@type\":\"ReadAction\",\"target\":[\"https:\/\/www.celttv.com.ar\/index.php\/2022\/03\/24\/el-cooperativismo-pide-el-cese-inmediato-de-la-violencia-y-una-agenda-para-la-paz-positiva\/\"]}]},{\"@type\":\"BreadcrumbList\",\"@id\":\"https:\/\/www.celttv.com.ar\/index.php\/2022\/03\/24\/el-cooperativismo-pide-el-cese-inmediato-de-la-violencia-y-una-agenda-para-la-paz-positiva\/#breadcrumb\",\"itemListElement\":[{\"@type\":\"ListItem\",\"position\":1,\"name\":\"Inicio\",\"item\":\"https:\/\/www.celttv.com.ar\/\"},{\"@type\":\"ListItem\",\"position\":2,\"name\":\"El cooperativismo pide el cese inmediato de la violencia y una agenda para la Paz Positiva\"}]},{\"@type\":\"WebSite\",\"@id\":\"https:\/\/www.celttv.com.ar\/#website\",\"url\":\"https:\/\/www.celttv.com.ar\/\",\"name\":\"CELTTV\",\"description\":\"Cooperativa El\u00e9ctrica de Tornquist\",\"publisher\":{\"@id\":\"https:\/\/www.celttv.com.ar\/#organization\"},\"potentialAction\":[{\"@type\":\"SearchAction\",\"target\":{\"@type\":\"EntryPoint\",\"urlTemplate\":\"https:\/\/www.celttv.com.ar\/?s={search_term_string}\"},\"query-input\":\"required name=search_term_string\"}],\"inLanguage\":\"es\"},{\"@type\":\"Organization\",\"@id\":\"https:\/\/www.celttv.com.ar\/#organization\",\"name\":\"CELTTV\",\"url\":\"https:\/\/www.celttv.com.ar\/\",\"sameAs\":[\"https:\/\/www.youtube.com\/channel\/UCz_oIt8Hig64Ub-EmcNPIhg\",\"https:\/\/www.facebook.com\/celtTV\/\"],\"logo\":{\"@type\":\"ImageObject\",\"inLanguage\":\"es\",\"@id\":\"https:\/\/www.celttv.com.ar\/#\/schema\/logo\/image\/\",\"url\":\"http:\/\/www.celttv.com.ar\/wp-content\/uploads\/2022\/08\/logo-1.png\",\"contentUrl\":\"http:\/\/www.celttv.com.ar\/wp-content\/uploads\/2022\/08\/logo-1.png\",\"width\":461,\"height\":159,\"caption\":\"CELTTV\"},\"image\":{\"@id\":\"https:\/\/www.celttv.com.ar\/#\/schema\/logo\/image\/\"}},{\"@type\":\"Person\",\"@id\":\"https:\/\/www.celttv.com.ar\/#\/schema\/person\/6d99c072dba59953809c81446e9d0ace\",\"name\":\"ulises\",\"image\":{\"@type\":\"ImageObject\",\"inLanguage\":\"es\",\"@id\":\"https:\/\/www.celttv.com.ar\/#\/schema\/person\/image\/\",\"url\":\"https:\/\/secure.gravatar.com\/avatar\/7f2c48bdc33b30088f941fb6082e555f2874c98e20cb159d7b92b50eadfce793?s=96&d=mm&r=g\",\"contentUrl\":\"https:\/\/secure.gravatar.com\/avatar\/7f2c48bdc33b30088f941fb6082e555f2874c98e20cb159d7b92b50eadfce793?s=96&d=mm&r=g\",\"caption\":\"ulises\"},\"sameAs\":[\"http:\/\/www.celttv.com.ar\"]}]}<\/script>\n<!-- \/ Yoast SEO plugin. -->","yoast_head_json":{"title":"El cooperativismo pide el cese inmediato de la violencia y una agenda para la Paz Positiva - CELTTV","description":"Sitio web de noticias de la localidad de Tornquist, provincia de Buenos Aires, Rep\u00fablica Argentina. Contenido propio originado por periodistas de CELTTV, el canal de TV local de la Cooperativa El\u00e9ctrica de Tornquist. Turismo, Pol\u00edtica, Sociedad, Deporte, Cultura y todo el contenido de inter\u00e9s general que la gente del pueblo y la regi\u00f3n debe conocer.","robots":{"index":"index","follow":"follow","max-snippet":"max-snippet:-1","max-image-preview":"max-image-preview:large","max-video-preview":"max-video-preview:-1"},"canonical":"https:\/\/www.celttv.com.ar\/index.php\/2022\/03\/24\/el-cooperativismo-pide-el-cese-inmediato-de-la-violencia-y-una-agenda-para-la-paz-positiva\/","og_locale":"es_ES","og_type":"article","og_title":"El cooperativismo pide el cese inmediato de la violencia y una agenda para la Paz Positiva - CELTTV","og_description":"Sitio web de noticias de la localidad de Tornquist, provincia de Buenos Aires, Rep\u00fablica Argentina. Contenido propio originado por periodistas de CELTTV, el canal de TV local de la Cooperativa El\u00e9ctrica de Tornquist. Turismo, Pol\u00edtica, Sociedad, Deporte, Cultura y todo el contenido de inter\u00e9s general que la gente del pueblo y la regi\u00f3n debe conocer.","og_url":"https:\/\/www.celttv.com.ar\/index.php\/2022\/03\/24\/el-cooperativismo-pide-el-cese-inmediato-de-la-violencia-y-una-agenda-para-la-paz-positiva\/","og_site_name":"CELTTV","article_publisher":"https:\/\/www.facebook.com\/celtTV\/","article_published_time":"2022-03-24T01:39:30+00:00","og_image":[{"width":949,"height":510,"url":"https:\/\/www.celttv.com.ar\/wp-content\/uploads\/2022\/03\/guerra-ucrania-1.jpg","type":"image\/jpeg"}],"author":"ulises","twitter_card":"summary_large_image","twitter_misc":{"Escrito por":"ulises","Tiempo de lectura":"4 minutos"},"schema":{"@context":"https:\/\/schema.org","@graph":[{"@type":"NewsArticle","@id":"https:\/\/www.celttv.com.ar\/index.php\/2022\/03\/24\/el-cooperativismo-pide-el-cese-inmediato-de-la-violencia-y-una-agenda-para-la-paz-positiva\/#article","isPartOf":{"@id":"https:\/\/www.celttv.com.ar\/index.php\/2022\/03\/24\/el-cooperativismo-pide-el-cese-inmediato-de-la-violencia-y-una-agenda-para-la-paz-positiva\/"},"author":{"name":"ulises","@id":"https:\/\/www.celttv.com.ar\/#\/schema\/person\/6d99c072dba59953809c81446e9d0ace"},"headline":"El cooperativismo pide el cese inmediato de la violencia y una agenda para la Paz Positiva","datePublished":"2022-03-24T01:39:30+00:00","dateModified":"2022-03-24T01:39:30+00:00","mainEntityOfPage":{"@id":"https:\/\/www.celttv.com.ar\/index.php\/2022\/03\/24\/el-cooperativismo-pide-el-cese-inmediato-de-la-violencia-y-una-agenda-para-la-paz-positiva\/"},"wordCount":814,"publisher":{"@id":"https:\/\/www.celttv.com.ar\/#organization"},"articleSection":["Comunidad","Destacadas","Informaci\u00f3n Cooperativa"],"inLanguage":"es"},{"@type":"WebPage","@id":"https:\/\/www.celttv.com.ar\/index.php\/2022\/03\/24\/el-cooperativismo-pide-el-cese-inmediato-de-la-violencia-y-una-agenda-para-la-paz-positiva\/","url":"https:\/\/www.celttv.com.ar\/index.php\/2022\/03\/24\/el-cooperativismo-pide-el-cese-inmediato-de-la-violencia-y-una-agenda-para-la-paz-positiva\/","name":"El cooperativismo pide el cese inmediato de la violencia y una agenda para la Paz Positiva - CELTTV","isPartOf":{"@id":"https:\/\/www.celttv.com.ar\/#website"},"datePublished":"2022-03-24T01:39:30+00:00","dateModified":"2022-03-24T01:39:30+00:00","description":"Sitio web de noticias de la localidad de Tornquist, provincia de Buenos Aires, Rep\u00fablica Argentina. Contenido propio originado por periodistas de CELTTV, el canal de TV local de la Cooperativa El\u00e9ctrica de Tornquist. Turismo, Pol\u00edtica, Sociedad, Deporte, Cultura y todo el contenido de inter\u00e9s general que la gente del pueblo y la regi\u00f3n debe conocer.","breadcrumb":{"@id":"https:\/\/www.celttv.com.ar\/index.php\/2022\/03\/24\/el-cooperativismo-pide-el-cese-inmediato-de-la-violencia-y-una-agenda-para-la-paz-positiva\/#breadcrumb"},"inLanguage":"es","potentialAction":[{"@type":"ReadAction","target":["https:\/\/www.celttv.com.ar\/index.php\/2022\/03\/24\/el-cooperativismo-pide-el-cese-inmediato-de-la-violencia-y-una-agenda-para-la-paz-positiva\/"]}]},{"@type":"BreadcrumbList","@id":"https:\/\/www.celttv.com.ar\/index.php\/2022\/03\/24\/el-cooperativismo-pide-el-cese-inmediato-de-la-violencia-y-una-agenda-para-la-paz-positiva\/#breadcrumb","itemListElement":[{"@type":"ListItem","position":1,"name":"Inicio","item":"https:\/\/www.celttv.com.ar\/"},{"@type":"ListItem","position":2,"name":"El cooperativismo pide el cese inmediato de la violencia y una agenda para la Paz Positiva"}]},{"@type":"WebSite","@id":"https:\/\/www.celttv.com.ar\/#website","url":"https:\/\/www.celttv.com.ar\/","name":"CELTTV","description":"Cooperativa El\u00e9ctrica de Tornquist","publisher":{"@id":"https:\/\/www.celttv.com.ar\/#organization"},"potentialAction":[{"@type":"SearchAction","target":{"@type":"EntryPoint","urlTemplate":"https:\/\/www.celttv.com.ar\/?s={search_term_string}"},"query-input":"required name=search_term_string"}],"inLanguage":"es"},{"@type":"Organization","@id":"https:\/\/www.celttv.com.ar\/#organization","name":"CELTTV","url":"https:\/\/www.celttv.com.ar\/","sameAs":["https:\/\/www.youtube.com\/channel\/UCz_oIt8Hig64Ub-EmcNPIhg","https:\/\/www.facebook.com\/celtTV\/"],"logo":{"@type":"ImageObject","inLanguage":"es","@id":"https:\/\/www.celttv.com.ar\/#\/schema\/logo\/image\/","url":"http:\/\/www.celttv.com.ar\/wp-content\/uploads\/2022\/08\/logo-1.png","contentUrl":"http:\/\/www.celttv.com.ar\/wp-content\/uploads\/2022\/08\/logo-1.png","width":461,"height":159,"caption":"CELTTV"},"image":{"@id":"https:\/\/www.celttv.com.ar\/#\/schema\/logo\/image\/"}},{"@type":"Person","@id":"https:\/\/www.celttv.com.ar\/#\/schema\/person\/6d99c072dba59953809c81446e9d0ace","name":"ulises","image":{"@type":"ImageObject","inLanguage":"es","@id":"https:\/\/www.celttv.com.ar\/#\/schema\/person\/image\/","url":"https:\/\/secure.gravatar.com\/avatar\/7f2c48bdc33b30088f941fb6082e555f2874c98e20cb159d7b92b50eadfce793?s=96&d=mm&r=g","contentUrl":"https:\/\/secure.gravatar.com\/avatar\/7f2c48bdc33b30088f941fb6082e555f2874c98e20cb159d7b92b50eadfce793?s=96&d=mm&r=g","caption":"ulises"},"sameAs":["http:\/\/www.celttv.com.ar"]}]}},"_links":{"self":[{"href":"https:\/\/www.celttv.com.ar\/index.php\/wp-json\/wp\/v2\/posts\/64680","targetHints":{"allow":["GET"]}}],"collection":[{"href":"https:\/\/www.celttv.com.ar\/index.php\/wp-json\/wp\/v2\/posts"}],"about":[{"href":"https:\/\/www.celttv.com.ar\/index.php\/wp-json\/wp\/v2\/types\/post"}],"author":[{"embeddable":true,"href":"https:\/\/www.celttv.com.ar\/index.php\/wp-json\/wp\/v2\/users\/1"}],"replies":[{"embeddable":true,"href":"https:\/\/www.celttv.com.ar\/index.php\/wp-json\/wp\/v2\/comments?post=64680"}],"version-history":[{"count":0,"href":"https:\/\/www.celttv.com.ar\/index.php\/wp-json\/wp\/v2\/posts\/64680\/revisions"}],"wp:featuredmedia":[{"embeddable":true,"href":"https:\/\/www.celttv.com.ar\/index.php\/wp-json\/wp\/v2\/media\/64682"}],"wp:attachment":[{"href":"https:\/\/www.celttv.com.ar\/index.php\/wp-json\/wp\/v2\/media?parent=64680"}],"wp:term":[{"taxonomy":"category","embeddable":true,"href":"https:\/\/www.celttv.com.ar\/index.php\/wp-json\/wp\/v2\/categories?post=64680"},{"taxonomy":"post_tag","embeddable":true,"href":"https:\/\/www.celttv.com.ar\/index.php\/wp-json\/wp\/v2\/tags?post=64680"}],"curies":[{"name":"wp","href":"https:\/\/api.w.org\/{rel}","templated":true}]}}