{"id":64684,"date":"2022-03-24T13:22:30","date_gmt":"2022-03-24T13:22:30","guid":{"rendered":"http:\/\/www.celttv.com.ar\/?p=64684"},"modified":"2022-03-24T13:22:30","modified_gmt":"2022-03-24T13:22:30","slug":"solicitan-evitar-salir-de-las-viviendas","status":"publish","type":"post","link":"https:\/\/www.celttv.com.ar\/index.php\/2022\/03\/24\/solicitan-evitar-salir-de-las-viviendas\/","title":{"rendered":"Solicitan evitar salir de las viviendas"},"content":{"rendered":"\n<p>Tornquist Municipio, a trav\u00e9s de la Secretaria de Gobierno y&nbsp; Seguridad, solicita a los vecinos evitar salir de sus hogares debido a las condiciones clim\u00e1ticas que atraviesa el distrito.&nbsp;<br \/>Personal del \u00e1rea se encuentra realizando un relevamiento de los da\u00f1os ocurridos en la madrugada de hoy, debido a los intensos vientos.<br \/>Hasta el momento, \u00fanicamente se ha constatado la ca\u00edda de \u00e1rboles, sin heridos y sin da\u00f1os materiales.<br \/>En tal sentido, se sugiere:<\/p>\n\n\n<figure class=\"wp-block-image\"><img decoding=\"async\" src=\"https:\/\/fonts.gstatic.com\/s\/e\/notoemoji\/14.0\/25aa_fe0f\/32.png\" alt=\"&#x25aa;&#xfe0f;\"\/><\/figure>\n\n\n<p>Evitar circular por espacios p\u00fablicos o arbolados<\/p>\n\n\n<figure class=\"wp-block-image\"><img decoding=\"async\" src=\"https:\/\/fonts.gstatic.com\/s\/e\/notoemoji\/14.0\/25aa_fe0f\/32.png\" alt=\"&#x25aa;&#xfe0f;\"\/><\/figure>\n\n\n<p>Asegurar puertas y ventanas<\/p>\n\n\n<figure class=\"wp-block-image\"><img decoding=\"async\" src=\"https:\/\/fonts.gstatic.com\/s\/e\/notoemoji\/14.0\/25aa_fe0f\/32.png\" alt=\"&#x25aa;&#xfe0f;\"\/><\/figure>\n\n\n<p>No realizar actividades al aire libre<\/p>\n\n\n<figure class=\"wp-block-image\"><img decoding=\"async\" src=\"https:\/\/fonts.gstatic.com\/s\/e\/notoemoji\/14.0\/25aa_fe0f\/32.png\" alt=\"&#x25aa;&#xfe0f;\"\/><\/figure>\n\n\n<p>Abstenerse de subir a lugares altos, como andamios o construcciones<\/p>\n\n\n<figure class=\"wp-block-image\"><img decoding=\"async\" src=\"https:\/\/fonts.gstatic.com\/s\/e\/notoemoji\/14.0\/25aa_fe0f\/32.png\" alt=\"&#x25aa;&#xfe0f;\"\/><\/figure>\n\n\n<p>Evitar circular\/cruzar por calles y\/o caminos abnegados o inundados<\/p>\n\n\n<figure class=\"wp-block-image\"><img decoding=\"async\" src=\"https:\/\/fonts.gstatic.com\/s\/e\/notoemoji\/14.0\/25fe_fe0f\/32.png\" alt=\"&#x25fe;&#xfe0f;\"\/><\/figure>\n\n\n<p>No tocar columnas de alumbrado, cajas de luz o cables que pudiera haber en la v\u00eda p\u00fablica<\/p>\n\n\n<figure class=\"wp-block-image\"><img decoding=\"async\" src=\"https:\/\/fonts.gstatic.com\/s\/e\/notoemoji\/14.0\/25aa_fe0f\/32.png\" alt=\"&#x25aa;&#xfe0f;\"\/><\/figure>\n\n\n<p>Si la vivienda se inunda, o sufre alg\u00fan tipo de da\u00f1o, dar aviso a los servidores p\u00fablicos.<\/p>\n\n\n<figure class=\"wp-block-image\"><img decoding=\"async\" src=\"https:\/\/fonts.gstatic.com\/s\/e\/notoemoji\/14.0\/25aa_fe0f\/32.png\" alt=\"&#x25aa;&#xfe0f;\"\/><\/figure>\n\n\n<p>En caso de tener que circular por motivos laborales y\/o urgencias, hacerlo con cinturones de seguridad y luces encendidas.<\/p>\n\n\n<figure class=\"wp-block-gallery columns-3 is-cropped wp-block-gallery-1 is-layout-flex wp-block-gallery-is-layout-flex\"><ul class=\"blocks-gallery-grid\"><li class=\"blocks-gallery-item\"><figure><img loading=\"lazy\" decoding=\"async\" width=\"1024\" height=\"461\" src=\"http:\/\/www.celttv.com.ar\/wp-content\/uploads\/2022\/03\/image0-1024x461.jpeg\" alt=\"\" data-id=\"64685\" data-full-url=\"http:\/\/www.celttv.com.ar\/wp-content\/uploads\/2022\/03\/image0.jpeg\" data-link=\"http:\/\/www.celttv.com.ar\/?attachment_id=64685\" class=\"wp-image-64685\" srcset=\"https:\/\/www.celttv.com.ar\/wp-content\/uploads\/2022\/03\/image0-1024x461.jpeg 1024w, https:\/\/www.celttv.com.ar\/wp-content\/uploads\/2022\/03\/image0-300x135.jpeg 300w, https:\/\/www.celttv.com.ar\/wp-content\/uploads\/2022\/03\/image0-768x346.jpeg 768w, https:\/\/www.celttv.com.ar\/wp-content\/uploads\/2022\/03\/image0-1536x692.jpeg 1536w, https:\/\/www.celttv.com.ar\/wp-content\/uploads\/2022\/03\/image0-750x338.jpeg 750w, https:\/\/www.celttv.com.ar\/wp-content\/uploads\/2022\/03\/image0-1140x514.jpeg 1140w, https:\/\/www.celttv.com.ar\/wp-content\/uploads\/2022\/03\/image0.jpeg 1600w\" sizes=\"auto, (max-width: 1024px) 100vw, 1024px\" \/><\/figure><\/li><li class=\"blocks-gallery-item\"><figure><img loading=\"lazy\" decoding=\"async\" width=\"461\" height=\"1024\" src=\"http:\/\/www.celttv.com.ar\/wp-content\/uploads\/2022\/03\/image1-461x1024.jpeg\" alt=\"\" data-id=\"64686\" data-full-url=\"http:\/\/www.celttv.com.ar\/wp-content\/uploads\/2022\/03\/image1.jpeg\" data-link=\"http:\/\/www.celttv.com.ar\/?attachment_id=64686\" class=\"wp-image-64686\" srcset=\"https:\/\/www.celttv.com.ar\/wp-content\/uploads\/2022\/03\/image1-461x1024.jpeg 461w, https:\/\/www.celttv.com.ar\/wp-content\/uploads\/2022\/03\/image1-135x300.jpeg 135w, https:\/\/www.celttv.com.ar\/wp-content\/uploads\/2022\/03\/image1-692x1536.jpeg 692w, https:\/\/www.celttv.com.ar\/wp-content\/uploads\/2022\/03\/image1.jpeg 721w\" sizes=\"auto, (max-width: 461px) 100vw, 461px\" \/><\/figure><\/li><li class=\"blocks-gallery-item\"><figure><img loading=\"lazy\" decoding=\"async\" width=\"1024\" height=\"461\" src=\"http:\/\/www.celttv.com.ar\/wp-content\/uploads\/2022\/03\/image2-1024x461.jpeg\" alt=\"\" data-id=\"64687\" data-full-url=\"http:\/\/www.celttv.com.ar\/wp-content\/uploads\/2022\/03\/image2.jpeg\" data-link=\"http:\/\/www.celttv.com.ar\/?attachment_id=64687\" class=\"wp-image-64687\" srcset=\"https:\/\/www.celttv.com.ar\/wp-content\/uploads\/2022\/03\/image2-1024x461.jpeg 1024w, https:\/\/www.celttv.com.ar\/wp-content\/uploads\/2022\/03\/image2-300x135.jpeg 300w, https:\/\/www.celttv.com.ar\/wp-content\/uploads\/2022\/03\/image2-768x346.jpeg 768w, https:\/\/www.celttv.com.ar\/wp-content\/uploads\/2022\/03\/image2-1536x691.jpeg 1536w, https:\/\/www.celttv.com.ar\/wp-content\/uploads\/2022\/03\/image2-750x338.jpeg 750w, https:\/\/www.celttv.com.ar\/wp-content\/uploads\/2022\/03\/image2-1140x513.jpeg 1140w, https:\/\/www.celttv.com.ar\/wp-content\/uploads\/2022\/03\/image2.jpeg 1600w\" sizes=\"auto, (max-width: 1024px) 100vw, 1024px\" \/><\/figure><\/li><li class=\"blocks-gallery-item\"><figure><img loading=\"lazy\" decoding=\"async\" width=\"461\" height=\"1024\" src=\"http:\/\/www.celttv.com.ar\/wp-content\/uploads\/2022\/03\/image3-461x1024.jpeg\" alt=\"\" data-id=\"64688\" data-full-url=\"http:\/\/www.celttv.com.ar\/wp-content\/uploads\/2022\/03\/image3.jpeg\" data-link=\"http:\/\/www.celttv.com.ar\/?attachment_id=64688\" class=\"wp-image-64688\" srcset=\"https:\/\/www.celttv.com.ar\/wp-content\/uploads\/2022\/03\/image3-461x1024.jpeg 461w, https:\/\/www.celttv.com.ar\/wp-content\/uploads\/2022\/03\/image3-135x300.jpeg 135w, https:\/\/www.celttv.com.ar\/wp-content\/uploads\/2022\/03\/image3-692x1536.jpeg 692w, https:\/\/www.celttv.com.ar\/wp-content\/uploads\/2022\/03\/image3.jpeg 721w\" sizes=\"auto, (max-width: 461px) 100vw, 461px\" \/><\/figure><\/li><li class=\"blocks-gallery-item\"><figure><img loading=\"lazy\" decoding=\"async\" width=\"576\" height=\"1024\" src=\"http:\/\/www.celttv.com.ar\/wp-content\/uploads\/2022\/03\/image4-576x1024.jpeg\" alt=\"\" data-id=\"64689\" data-full-url=\"http:\/\/www.celttv.com.ar\/wp-content\/uploads\/2022\/03\/image4.jpeg\" data-link=\"http:\/\/www.celttv.com.ar\/?attachment_id=64689\" class=\"wp-image-64689\" srcset=\"https:\/\/www.celttv.com.ar\/wp-content\/uploads\/2022\/03\/image4-576x1024.jpeg 576w, https:\/\/www.celttv.com.ar\/wp-content\/uploads\/2022\/03\/image4-169x300.jpeg 169w, https:\/\/www.celttv.com.ar\/wp-content\/uploads\/2022\/03\/image4-768x1366.jpeg 768w, https:\/\/www.celttv.com.ar\/wp-content\/uploads\/2022\/03\/image4-864x1536.jpeg 864w, https:\/\/www.celttv.com.ar\/wp-content\/uploads\/2022\/03\/image4-750x1334.jpeg 750w, https:\/\/www.celttv.com.ar\/wp-content\/uploads\/2022\/03\/image4.jpeg 899w\" sizes=\"auto, (max-width: 576px) 100vw, 576px\" \/><\/figure><\/li><\/ul><\/figure>\n\n\n<figure class=\"wp-block-gallery columns-0 is-cropped wp-block-gallery-2 is-layout-flex wp-block-gallery-is-layout-flex\"><ul class=\"blocks-gallery-grid\"><\/ul><\/figure>\n","protected":false},"excerpt":{"rendered":"<p>Tornquist Municipio, a trav\u00e9s de la Secretaria de Gobierno y&nbsp; Seguridad, solicita a los vecinos evitar salir de sus hogares debido a las condiciones clim\u00e1ticas que atraviesa el distrito.&nbsp;Personal del \u00e1rea se encuentra realizando un relevamiento de los da\u00f1os ocurridos en la madrugada de hoy, debido a los intensos vientos.Hasta el momento, \u00fanicamente se ha [&hellip;]<\/p>\n","protected":false},"author":1,"featured_media":64685,"comment_status":"closed","ping_status":"open","sticky":false,"template":"","format":"standard","meta":{"footnotes":""},"categories":[51,52],"tags":[],"class_list":["post-64684","post","type-post","status-publish","format-standard","has-post-thumbnail","hentry","category-comunidad","category-destacadas"],"yoast_head":"<!-- This site is optimized with the Yoast SEO plugin v19.7.1 - https:\/\/yoast.com\/wordpress\/plugins\/seo\/ -->\n<title>Solicitan evitar salir de las viviendas - CELTTV<\/title>\n<meta name=\"description\" content=\"Sitio web de noticias de la localidad de Tornquist, provincia de Buenos Aires, Rep\u00fablica Argentina. Contenido propio originado por periodistas de CELTTV, el canal de TV local de la Cooperativa El\u00e9ctrica de Tornquist. Turismo, Pol\u00edtica, Sociedad, Deporte, Cultura y todo el contenido de inter\u00e9s general que la gente del pueblo y la regi\u00f3n debe conocer.\" \/>\n<meta name=\"robots\" content=\"index, follow, max-snippet:-1, max-image-preview:large, max-video-preview:-1\" \/>\n<link rel=\"canonical\" href=\"https:\/\/www.celttv.com.ar\/index.php\/2022\/03\/24\/solicitan-evitar-salir-de-las-viviendas\/\" \/>\n<meta property=\"og:locale\" content=\"es_ES\" \/>\n<meta property=\"og:type\" content=\"article\" \/>\n<meta property=\"og:title\" content=\"Solicitan evitar salir de las viviendas - CELTTV\" \/>\n<meta property=\"og:description\" content=\"Sitio web de noticias de la localidad de Tornquist, provincia de Buenos Aires, Rep\u00fablica Argentina. Contenido propio originado por periodistas de CELTTV, el canal de TV local de la Cooperativa El\u00e9ctrica de Tornquist. Turismo, Pol\u00edtica, Sociedad, Deporte, Cultura y todo el contenido de inter\u00e9s general que la gente del pueblo y la regi\u00f3n debe conocer.\" \/>\n<meta property=\"og:url\" content=\"https:\/\/www.celttv.com.ar\/index.php\/2022\/03\/24\/solicitan-evitar-salir-de-las-viviendas\/\" \/>\n<meta property=\"og:site_name\" content=\"CELTTV\" \/>\n<meta property=\"article:publisher\" content=\"https:\/\/www.facebook.com\/celtTV\/\" \/>\n<meta property=\"article:published_time\" content=\"2022-03-24T13:22:30+00:00\" \/>\n<meta property=\"og:image\" content=\"https:\/\/www.celttv.com.ar\/wp-content\/uploads\/2022\/03\/image0.jpeg\" \/>\n\t<meta property=\"og:image:width\" content=\"1600\" \/>\n\t<meta property=\"og:image:height\" content=\"721\" \/>\n\t<meta property=\"og:image:type\" content=\"image\/jpeg\" \/>\n<meta name=\"author\" content=\"ulises\" \/>\n<meta name=\"twitter:card\" content=\"summary_large_image\" \/>\n<meta name=\"twitter:label1\" content=\"Escrito por\" \/>\n\t<meta name=\"twitter:data1\" content=\"ulises\" \/>\n\t<meta name=\"twitter:label2\" content=\"Tiempo de lectura\" \/>\n\t<meta name=\"twitter:data2\" content=\"1 minuto\" \/>\n<script type=\"application\/ld+json\" class=\"yoast-schema-graph\">{\"@context\":\"https:\/\/schema.org\",\"@graph\":[{\"@type\":\"NewsArticle\",\"@id\":\"https:\/\/www.celttv.com.ar\/index.php\/2022\/03\/24\/solicitan-evitar-salir-de-las-viviendas\/#article\",\"isPartOf\":{\"@id\":\"https:\/\/www.celttv.com.ar\/index.php\/2022\/03\/24\/solicitan-evitar-salir-de-las-viviendas\/\"},\"author\":{\"name\":\"ulises\",\"@id\":\"https:\/\/www.celttv.com.ar\/#\/schema\/person\/6d99c072dba59953809c81446e9d0ace\"},\"headline\":\"Solicitan evitar salir de las viviendas\",\"datePublished\":\"2022-03-24T13:22:30+00:00\",\"dateModified\":\"2022-03-24T13:22:30+00:00\",\"mainEntityOfPage\":{\"@id\":\"https:\/\/www.celttv.com.ar\/index.php\/2022\/03\/24\/solicitan-evitar-salir-de-las-viviendas\/\"},\"wordCount\":184,\"publisher\":{\"@id\":\"https:\/\/www.celttv.com.ar\/#organization\"},\"articleSection\":[\"Comunidad\",\"Destacadas\"],\"inLanguage\":\"es\"},{\"@type\":\"WebPage\",\"@id\":\"https:\/\/www.celttv.com.ar\/index.php\/2022\/03\/24\/solicitan-evitar-salir-de-las-viviendas\/\",\"url\":\"https:\/\/www.celttv.com.ar\/index.php\/2022\/03\/24\/solicitan-evitar-salir-de-las-viviendas\/\",\"name\":\"Solicitan evitar salir de las viviendas - CELTTV\",\"isPartOf\":{\"@id\":\"https:\/\/www.celttv.com.ar\/#website\"},\"datePublished\":\"2022-03-24T13:22:30+00:00\",\"dateModified\":\"2022-03-24T13:22:30+00:00\",\"description\":\"Sitio web de noticias de la localidad de Tornquist, provincia de Buenos Aires, Rep\u00fablica Argentina. Contenido propio originado por periodistas de CELTTV, el canal de TV local de la Cooperativa El\u00e9ctrica de Tornquist. Turismo, Pol\u00edtica, Sociedad, Deporte, Cultura y todo el contenido de inter\u00e9s general que la gente del pueblo y la regi\u00f3n debe conocer.\",\"breadcrumb\":{\"@id\":\"https:\/\/www.celttv.com.ar\/index.php\/2022\/03\/24\/solicitan-evitar-salir-de-las-viviendas\/#breadcrumb\"},\"inLanguage\":\"es\",\"potentialAction\":[{\"@type\":\"ReadAction\",\"target\":[\"https:\/\/www.celttv.com.ar\/index.php\/2022\/03\/24\/solicitan-evitar-salir-de-las-viviendas\/\"]}]},{\"@type\":\"BreadcrumbList\",\"@id\":\"https:\/\/www.celttv.com.ar\/index.php\/2022\/03\/24\/solicitan-evitar-salir-de-las-viviendas\/#breadcrumb\",\"itemListElement\":[{\"@type\":\"ListItem\",\"position\":1,\"name\":\"Inicio\",\"item\":\"https:\/\/www.celttv.com.ar\/\"},{\"@type\":\"ListItem\",\"position\":2,\"name\":\"Solicitan evitar salir de las viviendas\"}]},{\"@type\":\"WebSite\",\"@id\":\"https:\/\/www.celttv.com.ar\/#website\",\"url\":\"https:\/\/www.celttv.com.ar\/\",\"name\":\"CELTTV\",\"description\":\"Cooperativa El\u00e9ctrica de Tornquist\",\"publisher\":{\"@id\":\"https:\/\/www.celttv.com.ar\/#organization\"},\"potentialAction\":[{\"@type\":\"SearchAction\",\"target\":{\"@type\":\"EntryPoint\",\"urlTemplate\":\"https:\/\/www.celttv.com.ar\/?s={search_term_string}\"},\"query-input\":\"required name=search_term_string\"}],\"inLanguage\":\"es\"},{\"@type\":\"Organization\",\"@id\":\"https:\/\/www.celttv.com.ar\/#organization\",\"name\":\"CELTTV\",\"url\":\"https:\/\/www.celttv.com.ar\/\",\"sameAs\":[\"https:\/\/www.youtube.com\/channel\/UCz_oIt8Hig64Ub-EmcNPIhg\",\"https:\/\/www.facebook.com\/celtTV\/\"],\"logo\":{\"@type\":\"ImageObject\",\"inLanguage\":\"es\",\"@id\":\"https:\/\/www.celttv.com.ar\/#\/schema\/logo\/image\/\",\"url\":\"http:\/\/www.celttv.com.ar\/wp-content\/uploads\/2022\/08\/logo-1.png\",\"contentUrl\":\"http:\/\/www.celttv.com.ar\/wp-content\/uploads\/2022\/08\/logo-1.png\",\"width\":461,\"height\":159,\"caption\":\"CELTTV\"},\"image\":{\"@id\":\"https:\/\/www.celttv.com.ar\/#\/schema\/logo\/image\/\"}},{\"@type\":\"Person\",\"@id\":\"https:\/\/www.celttv.com.ar\/#\/schema\/person\/6d99c072dba59953809c81446e9d0ace\",\"name\":\"ulises\",\"image\":{\"@type\":\"ImageObject\",\"inLanguage\":\"es\",\"@id\":\"https:\/\/www.celttv.com.ar\/#\/schema\/person\/image\/\",\"url\":\"https:\/\/secure.gravatar.com\/avatar\/7f2c48bdc33b30088f941fb6082e555f2874c98e20cb159d7b92b50eadfce793?s=96&d=mm&r=g\",\"contentUrl\":\"https:\/\/secure.gravatar.com\/avatar\/7f2c48bdc33b30088f941fb6082e555f2874c98e20cb159d7b92b50eadfce793?s=96&d=mm&r=g\",\"caption\":\"ulises\"},\"sameAs\":[\"http:\/\/www.celttv.com.ar\"]}]}<\/script>\n<!-- \/ Yoast SEO plugin. -->","yoast_head_json":{"title":"Solicitan evitar salir de las viviendas - CELTTV","description":"Sitio web de noticias de la localidad de Tornquist, provincia de Buenos Aires, Rep\u00fablica Argentina. Contenido propio originado por periodistas de CELTTV, el canal de TV local de la Cooperativa El\u00e9ctrica de Tornquist. Turismo, Pol\u00edtica, Sociedad, Deporte, Cultura y todo el contenido de inter\u00e9s general que la gente del pueblo y la regi\u00f3n debe conocer.","robots":{"index":"index","follow":"follow","max-snippet":"max-snippet:-1","max-image-preview":"max-image-preview:large","max-video-preview":"max-video-preview:-1"},"canonical":"https:\/\/www.celttv.com.ar\/index.php\/2022\/03\/24\/solicitan-evitar-salir-de-las-viviendas\/","og_locale":"es_ES","og_type":"article","og_title":"Solicitan evitar salir de las viviendas - CELTTV","og_description":"Sitio web de noticias de la localidad de Tornquist, provincia de Buenos Aires, Rep\u00fablica Argentina. Contenido propio originado por periodistas de CELTTV, el canal de TV local de la Cooperativa El\u00e9ctrica de Tornquist. Turismo, Pol\u00edtica, Sociedad, Deporte, Cultura y todo el contenido de inter\u00e9s general que la gente del pueblo y la regi\u00f3n debe conocer.","og_url":"https:\/\/www.celttv.com.ar\/index.php\/2022\/03\/24\/solicitan-evitar-salir-de-las-viviendas\/","og_site_name":"CELTTV","article_publisher":"https:\/\/www.facebook.com\/celtTV\/","article_published_time":"2022-03-24T13:22:30+00:00","og_image":[{"width":1600,"height":721,"url":"https:\/\/www.celttv.com.ar\/wp-content\/uploads\/2022\/03\/image0.jpeg","type":"image\/jpeg"}],"author":"ulises","twitter_card":"summary_large_image","twitter_misc":{"Escrito por":"ulises","Tiempo de lectura":"1 minuto"},"schema":{"@context":"https:\/\/schema.org","@graph":[{"@type":"NewsArticle","@id":"https:\/\/www.celttv.com.ar\/index.php\/2022\/03\/24\/solicitan-evitar-salir-de-las-viviendas\/#article","isPartOf":{"@id":"https:\/\/www.celttv.com.ar\/index.php\/2022\/03\/24\/solicitan-evitar-salir-de-las-viviendas\/"},"author":{"name":"ulises","@id":"https:\/\/www.celttv.com.ar\/#\/schema\/person\/6d99c072dba59953809c81446e9d0ace"},"headline":"Solicitan evitar salir de las viviendas","datePublished":"2022-03-24T13:22:30+00:00","dateModified":"2022-03-24T13:22:30+00:00","mainEntityOfPage":{"@id":"https:\/\/www.celttv.com.ar\/index.php\/2022\/03\/24\/solicitan-evitar-salir-de-las-viviendas\/"},"wordCount":184,"publisher":{"@id":"https:\/\/www.celttv.com.ar\/#organization"},"articleSection":["Comunidad","Destacadas"],"inLanguage":"es"},{"@type":"WebPage","@id":"https:\/\/www.celttv.com.ar\/index.php\/2022\/03\/24\/solicitan-evitar-salir-de-las-viviendas\/","url":"https:\/\/www.celttv.com.ar\/index.php\/2022\/03\/24\/solicitan-evitar-salir-de-las-viviendas\/","name":"Solicitan evitar salir de las viviendas - CELTTV","isPartOf":{"@id":"https:\/\/www.celttv.com.ar\/#website"},"datePublished":"2022-03-24T13:22:30+00:00","dateModified":"2022-03-24T13:22:30+00:00","description":"Sitio web de noticias de la localidad de Tornquist, provincia de Buenos Aires, Rep\u00fablica Argentina. Contenido propio originado por periodistas de CELTTV, el canal de TV local de la Cooperativa El\u00e9ctrica de Tornquist. Turismo, Pol\u00edtica, Sociedad, Deporte, Cultura y todo el contenido de inter\u00e9s general que la gente del pueblo y la regi\u00f3n debe conocer.","breadcrumb":{"@id":"https:\/\/www.celttv.com.ar\/index.php\/2022\/03\/24\/solicitan-evitar-salir-de-las-viviendas\/#breadcrumb"},"inLanguage":"es","potentialAction":[{"@type":"ReadAction","target":["https:\/\/www.celttv.com.ar\/index.php\/2022\/03\/24\/solicitan-evitar-salir-de-las-viviendas\/"]}]},{"@type":"BreadcrumbList","@id":"https:\/\/www.celttv.com.ar\/index.php\/2022\/03\/24\/solicitan-evitar-salir-de-las-viviendas\/#breadcrumb","itemListElement":[{"@type":"ListItem","position":1,"name":"Inicio","item":"https:\/\/www.celttv.com.ar\/"},{"@type":"ListItem","position":2,"name":"Solicitan evitar salir de las viviendas"}]},{"@type":"WebSite","@id":"https:\/\/www.celttv.com.ar\/#website","url":"https:\/\/www.celttv.com.ar\/","name":"CELTTV","description":"Cooperativa El\u00e9ctrica de Tornquist","publisher":{"@id":"https:\/\/www.celttv.com.ar\/#organization"},"potentialAction":[{"@type":"SearchAction","target":{"@type":"EntryPoint","urlTemplate":"https:\/\/www.celttv.com.ar\/?s={search_term_string}"},"query-input":"required name=search_term_string"}],"inLanguage":"es"},{"@type":"Organization","@id":"https:\/\/www.celttv.com.ar\/#organization","name":"CELTTV","url":"https:\/\/www.celttv.com.ar\/","sameAs":["https:\/\/www.youtube.com\/channel\/UCz_oIt8Hig64Ub-EmcNPIhg","https:\/\/www.facebook.com\/celtTV\/"],"logo":{"@type":"ImageObject","inLanguage":"es","@id":"https:\/\/www.celttv.com.ar\/#\/schema\/logo\/image\/","url":"http:\/\/www.celttv.com.ar\/wp-content\/uploads\/2022\/08\/logo-1.png","contentUrl":"http:\/\/www.celttv.com.ar\/wp-content\/uploads\/2022\/08\/logo-1.png","width":461,"height":159,"caption":"CELTTV"},"image":{"@id":"https:\/\/www.celttv.com.ar\/#\/schema\/logo\/image\/"}},{"@type":"Person","@id":"https:\/\/www.celttv.com.ar\/#\/schema\/person\/6d99c072dba59953809c81446e9d0ace","name":"ulises","image":{"@type":"ImageObject","inLanguage":"es","@id":"https:\/\/www.celttv.com.ar\/#\/schema\/person\/image\/","url":"https:\/\/secure.gravatar.com\/avatar\/7f2c48bdc33b30088f941fb6082e555f2874c98e20cb159d7b92b50eadfce793?s=96&d=mm&r=g","contentUrl":"https:\/\/secure.gravatar.com\/avatar\/7f2c48bdc33b30088f941fb6082e555f2874c98e20cb159d7b92b50eadfce793?s=96&d=mm&r=g","caption":"ulises"},"sameAs":["http:\/\/www.celttv.com.ar"]}]}},"_links":{"self":[{"href":"https:\/\/www.celttv.com.ar\/index.php\/wp-json\/wp\/v2\/posts\/64684","targetHints":{"allow":["GET"]}}],"collection":[{"href":"https:\/\/www.celttv.com.ar\/index.php\/wp-json\/wp\/v2\/posts"}],"about":[{"href":"https:\/\/www.celttv.com.ar\/index.php\/wp-json\/wp\/v2\/types\/post"}],"author":[{"embeddable":true,"href":"https:\/\/www.celttv.com.ar\/index.php\/wp-json\/wp\/v2\/users\/1"}],"replies":[{"embeddable":true,"href":"https:\/\/www.celttv.com.ar\/index.php\/wp-json\/wp\/v2\/comments?post=64684"}],"version-history":[{"count":0,"href":"https:\/\/www.celttv.com.ar\/index.php\/wp-json\/wp\/v2\/posts\/64684\/revisions"}],"wp:featuredmedia":[{"embeddable":true,"href":"https:\/\/www.celttv.com.ar\/index.php\/wp-json\/wp\/v2\/media\/64685"}],"wp:attachment":[{"href":"https:\/\/www.celttv.com.ar\/index.php\/wp-json\/wp\/v2\/media?parent=64684"}],"wp:term":[{"taxonomy":"category","embeddable":true,"href":"https:\/\/www.celttv.com.ar\/index.php\/wp-json\/wp\/v2\/categories?post=64684"},{"taxonomy":"post_tag","embeddable":true,"href":"https:\/\/www.celttv.com.ar\/index.php\/wp-json\/wp\/v2\/tags?post=64684"}],"curies":[{"name":"wp","href":"https:\/\/api.w.org\/{rel}","templated":true}]}}