{"id":64969,"date":"2022-04-06T02:44:30","date_gmt":"2022-04-06T02:44:30","guid":{"rendered":"http:\/\/www.celttv.com.ar\/?p=64969"},"modified":"2022-04-06T02:44:30","modified_gmt":"2022-04-06T02:44:30","slug":"desarrollo-sostenible-el-municipio-firmo-un-convenio-de-cooperacion-con-nacion-para-avanzar-en-la-agenda-2030","status":"publish","type":"post","link":"https:\/\/www.celttv.com.ar\/index.php\/2022\/04\/06\/desarrollo-sostenible-el-municipio-firmo-un-convenio-de-cooperacion-con-nacion-para-avanzar-en-la-agenda-2030\/","title":{"rendered":"Desarrollo Sostenible: El municipio firm\u00f3 un convenio de cooperaci\u00f3n con Naci\u00f3n para avanzar en la Agenda 2030"},"content":{"rendered":"\n<p>El municipio de Tornquist firm\u00f3 un convenio de cooperaci\u00f3n con el Consejo Nacional de Coordinaci\u00f3n de Pol\u00edticas Sociales (CNCPS), que tiene como principal objetivo coordinar las acciones necesarias para la efectiva implementaci\u00f3n de la Agenda 2030.<\/p>\n\n\n<p>El acuerdo, que lleva la r\u00fabrica del intendente Sergio Bordoni y de la titular del CNCPS, Marisol Merquel, formaliza la adhesi\u00f3n de Tornquist a la iniciativa plasmada en la Agenda 2030 para el Desarrollo Sostenible, cuya finalidad es generar intervenciones de pol\u00edtica con un impacto directo sobre la calidad de vida de la ciudadan\u00eda, para alcanzar las metas propuestas en sus tres dimensiones: econ\u00f3mica, social y ambiental.<\/p>\n\n\n<p>El logro de los objetivos planteados implica que cada uno de los municipios defina sus propias metas de desarrollo sostenible, en concordancia con las establecidas en el \u00e1mbito nacional y provincial; y tiende a lograr una mayor coordinaci\u00f3n y articulaci\u00f3n de pol\u00edticas p\u00fablicas entre los tres estamentos y los actores sociales no gubernamentales y empresariales.<\/p>\n\n\n<p>En su caso, Tornquist Municipio ya cuenta con una agenda 2030 presentada en 2019 y, de este modo, continuar\u00e1 profundizando el avance de sus seis objetivos de desarrollo: Hambre cero, Salud y bienestar, Educaci\u00f3n de calidad, Trabajo decente y crecimiento econ\u00f3mico, Industria, Innovaci\u00f3n en Infraestructura, y Ciudades y comunidades sostenibles.<\/p>\n\n\n<p>En el acto de firma del convenio, estuvieron presentes el Secretario de Desarrollo, Dr. Gonzalo Iparraguirre, y el Subsecretario de Coordinaci\u00f3n T\u00e9cnica y An\u00e1lisis de la Informaci\u00f3n, Eduardo Brau.<\/p>\n\n\n<figure class=\"wp-block-image size-large\"><img loading=\"lazy\" decoding=\"async\" width=\"1024\" height=\"768\" src=\"http:\/\/www.celttv.com.ar\/wp-content\/uploads\/2022\/04\/Convenio-CN.jpeg\" alt=\"\" class=\"wp-image-64970\" srcset=\"https:\/\/www.celttv.com.ar\/wp-content\/uploads\/2022\/04\/Convenio-CN.jpeg 1024w, https:\/\/www.celttv.com.ar\/wp-content\/uploads\/2022\/04\/Convenio-CN-300x225.jpeg 300w, https:\/\/www.celttv.com.ar\/wp-content\/uploads\/2022\/04\/Convenio-CN-768x576.jpeg 768w, https:\/\/www.celttv.com.ar\/wp-content\/uploads\/2022\/04\/Convenio-CN-750x563.jpeg 750w\" sizes=\"auto, (max-width: 1024px) 100vw, 1024px\" \/><\/figure>\n\n\n<figure class=\"wp-block-image size-large\"><img loading=\"lazy\" decoding=\"async\" width=\"1024\" height=\"1024\" src=\"http:\/\/www.celttv.com.ar\/wp-content\/uploads\/2022\/04\/Agenda-2030-Tqt-1024x1024.jpeg\" alt=\"\" class=\"wp-image-64971\" srcset=\"https:\/\/www.celttv.com.ar\/wp-content\/uploads\/2022\/04\/Agenda-2030-Tqt-1024x1024.jpeg 1024w, https:\/\/www.celttv.com.ar\/wp-content\/uploads\/2022\/04\/Agenda-2030-Tqt-300x300.jpeg 300w, https:\/\/www.celttv.com.ar\/wp-content\/uploads\/2022\/04\/Agenda-2030-Tqt-150x150.jpeg 150w, https:\/\/www.celttv.com.ar\/wp-content\/uploads\/2022\/04\/Agenda-2030-Tqt-768x768.jpeg 768w, https:\/\/www.celttv.com.ar\/wp-content\/uploads\/2022\/04\/Agenda-2030-Tqt-75x75.jpeg 75w, https:\/\/www.celttv.com.ar\/wp-content\/uploads\/2022\/04\/Agenda-2030-Tqt-750x750.jpeg 750w, https:\/\/www.celttv.com.ar\/wp-content\/uploads\/2022\/04\/Agenda-2030-Tqt.jpeg 1080w\" sizes=\"auto, (max-width: 1024px) 100vw, 1024px\" \/><\/figure>\n","protected":false},"excerpt":{"rendered":"<p>El municipio de Tornquist firm\u00f3 un convenio de cooperaci\u00f3n con el Consejo Nacional de Coordinaci\u00f3n de Pol\u00edticas Sociales (CNCPS), que tiene como principal objetivo coordinar las acciones necesarias para la efectiva implementaci\u00f3n de la Agenda 2030. El acuerdo, que lleva la r\u00fabrica del intendente Sergio Bordoni y de la titular del CNCPS, Marisol Merquel, formaliza [&hellip;]<\/p>\n","protected":false},"author":1,"featured_media":64970,"comment_status":"closed","ping_status":"open","sticky":false,"template":"","format":"standard","meta":{"footnotes":""},"categories":[51,52,59,65],"tags":[],"class_list":["post-64969","post","type-post","status-publish","format-standard","has-post-thumbnail","hentry","category-comunidad","category-destacadas","category-municipales","category-produccion"],"yoast_head":"<!-- This site is optimized with the Yoast SEO plugin v19.7.1 - https:\/\/yoast.com\/wordpress\/plugins\/seo\/ -->\n<title>Desarrollo Sostenible: El municipio firm\u00f3 un convenio de cooperaci\u00f3n con Naci\u00f3n para avanzar en la Agenda 2030 - CELTTV<\/title>\n<meta name=\"description\" content=\"Sitio web de noticias de la localidad de Tornquist, provincia de Buenos Aires, Rep\u00fablica Argentina. Contenido propio originado por periodistas de CELTTV, el canal de TV local de la Cooperativa El\u00e9ctrica de Tornquist. Turismo, Pol\u00edtica, Sociedad, Deporte, Cultura y todo el contenido de inter\u00e9s general que la gente del pueblo y la regi\u00f3n debe conocer.\" \/>\n<meta name=\"robots\" content=\"index, follow, max-snippet:-1, max-image-preview:large, max-video-preview:-1\" \/>\n<link rel=\"canonical\" href=\"https:\/\/www.celttv.com.ar\/index.php\/2022\/04\/06\/desarrollo-sostenible-el-municipio-firmo-un-convenio-de-cooperacion-con-nacion-para-avanzar-en-la-agenda-2030\/\" \/>\n<meta property=\"og:locale\" content=\"es_ES\" \/>\n<meta property=\"og:type\" content=\"article\" \/>\n<meta property=\"og:title\" content=\"Desarrollo Sostenible: El municipio firm\u00f3 un convenio de cooperaci\u00f3n con Naci\u00f3n para avanzar en la Agenda 2030 - CELTTV\" \/>\n<meta property=\"og:description\" content=\"Sitio web de noticias de la localidad de Tornquist, provincia de Buenos Aires, Rep\u00fablica Argentina. Contenido propio originado por periodistas de CELTTV, el canal de TV local de la Cooperativa El\u00e9ctrica de Tornquist. Turismo, Pol\u00edtica, Sociedad, Deporte, Cultura y todo el contenido de inter\u00e9s general que la gente del pueblo y la regi\u00f3n debe conocer.\" \/>\n<meta property=\"og:url\" content=\"https:\/\/www.celttv.com.ar\/index.php\/2022\/04\/06\/desarrollo-sostenible-el-municipio-firmo-un-convenio-de-cooperacion-con-nacion-para-avanzar-en-la-agenda-2030\/\" \/>\n<meta property=\"og:site_name\" content=\"CELTTV\" \/>\n<meta property=\"article:publisher\" content=\"https:\/\/www.facebook.com\/celtTV\/\" \/>\n<meta property=\"article:published_time\" content=\"2022-04-06T02:44:30+00:00\" \/>\n<meta property=\"og:image\" content=\"https:\/\/www.celttv.com.ar\/wp-content\/uploads\/2022\/04\/Convenio-CN.jpeg\" \/>\n\t<meta property=\"og:image:width\" content=\"1024\" \/>\n\t<meta property=\"og:image:height\" content=\"768\" \/>\n\t<meta property=\"og:image:type\" content=\"image\/jpeg\" \/>\n<meta name=\"author\" content=\"ulises\" \/>\n<meta name=\"twitter:card\" content=\"summary_large_image\" \/>\n<meta name=\"twitter:label1\" content=\"Escrito por\" \/>\n\t<meta name=\"twitter:data1\" content=\"ulises\" \/>\n\t<meta name=\"twitter:label2\" content=\"Tiempo de lectura\" \/>\n\t<meta name=\"twitter:data2\" content=\"1 minuto\" \/>\n<script type=\"application\/ld+json\" class=\"yoast-schema-graph\">{\"@context\":\"https:\/\/schema.org\",\"@graph\":[{\"@type\":\"NewsArticle\",\"@id\":\"https:\/\/www.celttv.com.ar\/index.php\/2022\/04\/06\/desarrollo-sostenible-el-municipio-firmo-un-convenio-de-cooperacion-con-nacion-para-avanzar-en-la-agenda-2030\/#article\",\"isPartOf\":{\"@id\":\"https:\/\/www.celttv.com.ar\/index.php\/2022\/04\/06\/desarrollo-sostenible-el-municipio-firmo-un-convenio-de-cooperacion-con-nacion-para-avanzar-en-la-agenda-2030\/\"},\"author\":{\"name\":\"ulises\",\"@id\":\"https:\/\/www.celttv.com.ar\/#\/schema\/person\/6d99c072dba59953809c81446e9d0ace\"},\"headline\":\"Desarrollo Sostenible: El municipio firm\u00f3 un convenio de cooperaci\u00f3n con Naci\u00f3n para avanzar en la Agenda 2030\",\"datePublished\":\"2022-04-06T02:44:30+00:00\",\"dateModified\":\"2022-04-06T02:44:30+00:00\",\"mainEntityOfPage\":{\"@id\":\"https:\/\/www.celttv.com.ar\/index.php\/2022\/04\/06\/desarrollo-sostenible-el-municipio-firmo-un-convenio-de-cooperacion-con-nacion-para-avanzar-en-la-agenda-2030\/\"},\"wordCount\":271,\"publisher\":{\"@id\":\"https:\/\/www.celttv.com.ar\/#organization\"},\"articleSection\":[\"Comunidad\",\"Destacadas\",\"Municipales\",\"Producci\u00f3n y Medio Ambiente\"],\"inLanguage\":\"es\"},{\"@type\":\"WebPage\",\"@id\":\"https:\/\/www.celttv.com.ar\/index.php\/2022\/04\/06\/desarrollo-sostenible-el-municipio-firmo-un-convenio-de-cooperacion-con-nacion-para-avanzar-en-la-agenda-2030\/\",\"url\":\"https:\/\/www.celttv.com.ar\/index.php\/2022\/04\/06\/desarrollo-sostenible-el-municipio-firmo-un-convenio-de-cooperacion-con-nacion-para-avanzar-en-la-agenda-2030\/\",\"name\":\"Desarrollo Sostenible: El municipio firm\u00f3 un convenio de cooperaci\u00f3n con Naci\u00f3n para avanzar en la Agenda 2030 - CELTTV\",\"isPartOf\":{\"@id\":\"https:\/\/www.celttv.com.ar\/#website\"},\"datePublished\":\"2022-04-06T02:44:30+00:00\",\"dateModified\":\"2022-04-06T02:44:30+00:00\",\"description\":\"Sitio web de noticias de la localidad de Tornquist, provincia de Buenos Aires, Rep\u00fablica Argentina. Contenido propio originado por periodistas de CELTTV, el canal de TV local de la Cooperativa El\u00e9ctrica de Tornquist. Turismo, Pol\u00edtica, Sociedad, Deporte, Cultura y todo el contenido de inter\u00e9s general que la gente del pueblo y la regi\u00f3n debe conocer.\",\"breadcrumb\":{\"@id\":\"https:\/\/www.celttv.com.ar\/index.php\/2022\/04\/06\/desarrollo-sostenible-el-municipio-firmo-un-convenio-de-cooperacion-con-nacion-para-avanzar-en-la-agenda-2030\/#breadcrumb\"},\"inLanguage\":\"es\",\"potentialAction\":[{\"@type\":\"ReadAction\",\"target\":[\"https:\/\/www.celttv.com.ar\/index.php\/2022\/04\/06\/desarrollo-sostenible-el-municipio-firmo-un-convenio-de-cooperacion-con-nacion-para-avanzar-en-la-agenda-2030\/\"]}]},{\"@type\":\"BreadcrumbList\",\"@id\":\"https:\/\/www.celttv.com.ar\/index.php\/2022\/04\/06\/desarrollo-sostenible-el-municipio-firmo-un-convenio-de-cooperacion-con-nacion-para-avanzar-en-la-agenda-2030\/#breadcrumb\",\"itemListElement\":[{\"@type\":\"ListItem\",\"position\":1,\"name\":\"Inicio\",\"item\":\"https:\/\/www.celttv.com.ar\/\"},{\"@type\":\"ListItem\",\"position\":2,\"name\":\"Desarrollo Sostenible: El municipio firm\u00f3 un convenio de cooperaci\u00f3n con Naci\u00f3n para avanzar en la Agenda 2030\"}]},{\"@type\":\"WebSite\",\"@id\":\"https:\/\/www.celttv.com.ar\/#website\",\"url\":\"https:\/\/www.celttv.com.ar\/\",\"name\":\"CELTTV\",\"description\":\"Cooperativa El\u00e9ctrica de Tornquist\",\"publisher\":{\"@id\":\"https:\/\/www.celttv.com.ar\/#organization\"},\"potentialAction\":[{\"@type\":\"SearchAction\",\"target\":{\"@type\":\"EntryPoint\",\"urlTemplate\":\"https:\/\/www.celttv.com.ar\/?s={search_term_string}\"},\"query-input\":\"required name=search_term_string\"}],\"inLanguage\":\"es\"},{\"@type\":\"Organization\",\"@id\":\"https:\/\/www.celttv.com.ar\/#organization\",\"name\":\"CELTTV\",\"url\":\"https:\/\/www.celttv.com.ar\/\",\"sameAs\":[\"https:\/\/www.youtube.com\/channel\/UCz_oIt8Hig64Ub-EmcNPIhg\",\"https:\/\/www.facebook.com\/celtTV\/\"],\"logo\":{\"@type\":\"ImageObject\",\"inLanguage\":\"es\",\"@id\":\"https:\/\/www.celttv.com.ar\/#\/schema\/logo\/image\/\",\"url\":\"http:\/\/www.celttv.com.ar\/wp-content\/uploads\/2022\/08\/logo-1.png\",\"contentUrl\":\"http:\/\/www.celttv.com.ar\/wp-content\/uploads\/2022\/08\/logo-1.png\",\"width\":461,\"height\":159,\"caption\":\"CELTTV\"},\"image\":{\"@id\":\"https:\/\/www.celttv.com.ar\/#\/schema\/logo\/image\/\"}},{\"@type\":\"Person\",\"@id\":\"https:\/\/www.celttv.com.ar\/#\/schema\/person\/6d99c072dba59953809c81446e9d0ace\",\"name\":\"ulises\",\"image\":{\"@type\":\"ImageObject\",\"inLanguage\":\"es\",\"@id\":\"https:\/\/www.celttv.com.ar\/#\/schema\/person\/image\/\",\"url\":\"https:\/\/secure.gravatar.com\/avatar\/7f2c48bdc33b30088f941fb6082e555f2874c98e20cb159d7b92b50eadfce793?s=96&d=mm&r=g\",\"contentUrl\":\"https:\/\/secure.gravatar.com\/avatar\/7f2c48bdc33b30088f941fb6082e555f2874c98e20cb159d7b92b50eadfce793?s=96&d=mm&r=g\",\"caption\":\"ulises\"},\"sameAs\":[\"http:\/\/www.celttv.com.ar\"]}]}<\/script>\n<!-- \/ Yoast SEO plugin. -->","yoast_head_json":{"title":"Desarrollo Sostenible: El municipio firm\u00f3 un convenio de cooperaci\u00f3n con Naci\u00f3n para avanzar en la Agenda 2030 - CELTTV","description":"Sitio web de noticias de la localidad de Tornquist, provincia de Buenos Aires, Rep\u00fablica Argentina. Contenido propio originado por periodistas de CELTTV, el canal de TV local de la Cooperativa El\u00e9ctrica de Tornquist. Turismo, Pol\u00edtica, Sociedad, Deporte, Cultura y todo el contenido de inter\u00e9s general que la gente del pueblo y la regi\u00f3n debe conocer.","robots":{"index":"index","follow":"follow","max-snippet":"max-snippet:-1","max-image-preview":"max-image-preview:large","max-video-preview":"max-video-preview:-1"},"canonical":"https:\/\/www.celttv.com.ar\/index.php\/2022\/04\/06\/desarrollo-sostenible-el-municipio-firmo-un-convenio-de-cooperacion-con-nacion-para-avanzar-en-la-agenda-2030\/","og_locale":"es_ES","og_type":"article","og_title":"Desarrollo Sostenible: El municipio firm\u00f3 un convenio de cooperaci\u00f3n con Naci\u00f3n para avanzar en la Agenda 2030 - CELTTV","og_description":"Sitio web de noticias de la localidad de Tornquist, provincia de Buenos Aires, Rep\u00fablica Argentina. Contenido propio originado por periodistas de CELTTV, el canal de TV local de la Cooperativa El\u00e9ctrica de Tornquist. Turismo, Pol\u00edtica, Sociedad, Deporte, Cultura y todo el contenido de inter\u00e9s general que la gente del pueblo y la regi\u00f3n debe conocer.","og_url":"https:\/\/www.celttv.com.ar\/index.php\/2022\/04\/06\/desarrollo-sostenible-el-municipio-firmo-un-convenio-de-cooperacion-con-nacion-para-avanzar-en-la-agenda-2030\/","og_site_name":"CELTTV","article_publisher":"https:\/\/www.facebook.com\/celtTV\/","article_published_time":"2022-04-06T02:44:30+00:00","og_image":[{"width":1024,"height":768,"url":"https:\/\/www.celttv.com.ar\/wp-content\/uploads\/2022\/04\/Convenio-CN.jpeg","type":"image\/jpeg"}],"author":"ulises","twitter_card":"summary_large_image","twitter_misc":{"Escrito por":"ulises","Tiempo de lectura":"1 minuto"},"schema":{"@context":"https:\/\/schema.org","@graph":[{"@type":"NewsArticle","@id":"https:\/\/www.celttv.com.ar\/index.php\/2022\/04\/06\/desarrollo-sostenible-el-municipio-firmo-un-convenio-de-cooperacion-con-nacion-para-avanzar-en-la-agenda-2030\/#article","isPartOf":{"@id":"https:\/\/www.celttv.com.ar\/index.php\/2022\/04\/06\/desarrollo-sostenible-el-municipio-firmo-un-convenio-de-cooperacion-con-nacion-para-avanzar-en-la-agenda-2030\/"},"author":{"name":"ulises","@id":"https:\/\/www.celttv.com.ar\/#\/schema\/person\/6d99c072dba59953809c81446e9d0ace"},"headline":"Desarrollo Sostenible: El municipio firm\u00f3 un convenio de cooperaci\u00f3n con Naci\u00f3n para avanzar en la Agenda 2030","datePublished":"2022-04-06T02:44:30+00:00","dateModified":"2022-04-06T02:44:30+00:00","mainEntityOfPage":{"@id":"https:\/\/www.celttv.com.ar\/index.php\/2022\/04\/06\/desarrollo-sostenible-el-municipio-firmo-un-convenio-de-cooperacion-con-nacion-para-avanzar-en-la-agenda-2030\/"},"wordCount":271,"publisher":{"@id":"https:\/\/www.celttv.com.ar\/#organization"},"articleSection":["Comunidad","Destacadas","Municipales","Producci\u00f3n y Medio Ambiente"],"inLanguage":"es"},{"@type":"WebPage","@id":"https:\/\/www.celttv.com.ar\/index.php\/2022\/04\/06\/desarrollo-sostenible-el-municipio-firmo-un-convenio-de-cooperacion-con-nacion-para-avanzar-en-la-agenda-2030\/","url":"https:\/\/www.celttv.com.ar\/index.php\/2022\/04\/06\/desarrollo-sostenible-el-municipio-firmo-un-convenio-de-cooperacion-con-nacion-para-avanzar-en-la-agenda-2030\/","name":"Desarrollo Sostenible: El municipio firm\u00f3 un convenio de cooperaci\u00f3n con Naci\u00f3n para avanzar en la Agenda 2030 - CELTTV","isPartOf":{"@id":"https:\/\/www.celttv.com.ar\/#website"},"datePublished":"2022-04-06T02:44:30+00:00","dateModified":"2022-04-06T02:44:30+00:00","description":"Sitio web de noticias de la localidad de Tornquist, provincia de Buenos Aires, Rep\u00fablica Argentina. Contenido propio originado por periodistas de CELTTV, el canal de TV local de la Cooperativa El\u00e9ctrica de Tornquist. Turismo, Pol\u00edtica, Sociedad, Deporte, Cultura y todo el contenido de inter\u00e9s general que la gente del pueblo y la regi\u00f3n debe conocer.","breadcrumb":{"@id":"https:\/\/www.celttv.com.ar\/index.php\/2022\/04\/06\/desarrollo-sostenible-el-municipio-firmo-un-convenio-de-cooperacion-con-nacion-para-avanzar-en-la-agenda-2030\/#breadcrumb"},"inLanguage":"es","potentialAction":[{"@type":"ReadAction","target":["https:\/\/www.celttv.com.ar\/index.php\/2022\/04\/06\/desarrollo-sostenible-el-municipio-firmo-un-convenio-de-cooperacion-con-nacion-para-avanzar-en-la-agenda-2030\/"]}]},{"@type":"BreadcrumbList","@id":"https:\/\/www.celttv.com.ar\/index.php\/2022\/04\/06\/desarrollo-sostenible-el-municipio-firmo-un-convenio-de-cooperacion-con-nacion-para-avanzar-en-la-agenda-2030\/#breadcrumb","itemListElement":[{"@type":"ListItem","position":1,"name":"Inicio","item":"https:\/\/www.celttv.com.ar\/"},{"@type":"ListItem","position":2,"name":"Desarrollo Sostenible: El municipio firm\u00f3 un convenio de cooperaci\u00f3n con Naci\u00f3n para avanzar en la Agenda 2030"}]},{"@type":"WebSite","@id":"https:\/\/www.celttv.com.ar\/#website","url":"https:\/\/www.celttv.com.ar\/","name":"CELTTV","description":"Cooperativa El\u00e9ctrica de Tornquist","publisher":{"@id":"https:\/\/www.celttv.com.ar\/#organization"},"potentialAction":[{"@type":"SearchAction","target":{"@type":"EntryPoint","urlTemplate":"https:\/\/www.celttv.com.ar\/?s={search_term_string}"},"query-input":"required name=search_term_string"}],"inLanguage":"es"},{"@type":"Organization","@id":"https:\/\/www.celttv.com.ar\/#organization","name":"CELTTV","url":"https:\/\/www.celttv.com.ar\/","sameAs":["https:\/\/www.youtube.com\/channel\/UCz_oIt8Hig64Ub-EmcNPIhg","https:\/\/www.facebook.com\/celtTV\/"],"logo":{"@type":"ImageObject","inLanguage":"es","@id":"https:\/\/www.celttv.com.ar\/#\/schema\/logo\/image\/","url":"http:\/\/www.celttv.com.ar\/wp-content\/uploads\/2022\/08\/logo-1.png","contentUrl":"http:\/\/www.celttv.com.ar\/wp-content\/uploads\/2022\/08\/logo-1.png","width":461,"height":159,"caption":"CELTTV"},"image":{"@id":"https:\/\/www.celttv.com.ar\/#\/schema\/logo\/image\/"}},{"@type":"Person","@id":"https:\/\/www.celttv.com.ar\/#\/schema\/person\/6d99c072dba59953809c81446e9d0ace","name":"ulises","image":{"@type":"ImageObject","inLanguage":"es","@id":"https:\/\/www.celttv.com.ar\/#\/schema\/person\/image\/","url":"https:\/\/secure.gravatar.com\/avatar\/7f2c48bdc33b30088f941fb6082e555f2874c98e20cb159d7b92b50eadfce793?s=96&d=mm&r=g","contentUrl":"https:\/\/secure.gravatar.com\/avatar\/7f2c48bdc33b30088f941fb6082e555f2874c98e20cb159d7b92b50eadfce793?s=96&d=mm&r=g","caption":"ulises"},"sameAs":["http:\/\/www.celttv.com.ar"]}]}},"_links":{"self":[{"href":"https:\/\/www.celttv.com.ar\/index.php\/wp-json\/wp\/v2\/posts\/64969","targetHints":{"allow":["GET"]}}],"collection":[{"href":"https:\/\/www.celttv.com.ar\/index.php\/wp-json\/wp\/v2\/posts"}],"about":[{"href":"https:\/\/www.celttv.com.ar\/index.php\/wp-json\/wp\/v2\/types\/post"}],"author":[{"embeddable":true,"href":"https:\/\/www.celttv.com.ar\/index.php\/wp-json\/wp\/v2\/users\/1"}],"replies":[{"embeddable":true,"href":"https:\/\/www.celttv.com.ar\/index.php\/wp-json\/wp\/v2\/comments?post=64969"}],"version-history":[{"count":0,"href":"https:\/\/www.celttv.com.ar\/index.php\/wp-json\/wp\/v2\/posts\/64969\/revisions"}],"wp:featuredmedia":[{"embeddable":true,"href":"https:\/\/www.celttv.com.ar\/index.php\/wp-json\/wp\/v2\/media\/64970"}],"wp:attachment":[{"href":"https:\/\/www.celttv.com.ar\/index.php\/wp-json\/wp\/v2\/media?parent=64969"}],"wp:term":[{"taxonomy":"category","embeddable":true,"href":"https:\/\/www.celttv.com.ar\/index.php\/wp-json\/wp\/v2\/categories?post=64969"},{"taxonomy":"post_tag","embeddable":true,"href":"https:\/\/www.celttv.com.ar\/index.php\/wp-json\/wp\/v2\/tags?post=64969"}],"curies":[{"name":"wp","href":"https:\/\/api.w.org\/{rel}","templated":true}]}}