{"id":65143,"date":"2022-04-11T18:11:56","date_gmt":"2022-04-11T18:11:56","guid":{"rendered":"http:\/\/www.celttv.com.ar\/?p=65143"},"modified":"2022-04-11T18:11:56","modified_gmt":"2022-04-11T18:11:56","slug":"tornquist-presente-en-la-jornada-jugando-por-la-provincia","status":"publish","type":"post","link":"https:\/\/www.celttv.com.ar\/index.php\/2022\/04\/11\/tornquist-presente-en-la-jornada-jugando-por-la-provincia\/","title":{"rendered":"Tornquist presente en la jornada \u2018Jugando por la Provincia\u2019"},"content":{"rendered":"\n<p>Una delegaci\u00f3n representante de Tornquist Municipio, estuvo presente en la jornada regional recreativa, deportiva y cultural para personas con discapacidad \u2018Juagando por la Provincia\u2019.<\/p>\n\n\n<p>La actividad, impulsada por la Subsecretar\u00eda de Deportes de la Provincia de Buenos Aires, tuvo lugar el s\u00e1bado 9 en Daireaux, y fueron parte concurrentes del Centro de D\u00eda de la localidad cabecera, a cargo de la Prof. Lucrecia Esp\u00f3sito.<\/p>\n\n\n<p>El objetivo principal de la iniciativa es el trabajo articulado entre la provincia y los municipios, en pos de brindarle a las personas con discapacidad, el acceso al deporte como forma de inclusi\u00f3n; y los participantes pudieron jugar a disciplinas como tenis de mesa, atletismo, boccia y f\u00fatbol PCD Intelectual.<\/p>\n\n\n<figure class=\"wp-block-image size-large\"><img loading=\"lazy\" decoding=\"async\" width=\"1024\" height=\"498\" src=\"http:\/\/www.celttv.com.ar\/wp-content\/uploads\/2022\/04\/Jugando-por-la-provincia-1-1024x498.jpeg\" alt=\"\" class=\"wp-image-65172\" srcset=\"https:\/\/www.celttv.com.ar\/wp-content\/uploads\/2022\/04\/Jugando-por-la-provincia-1-1024x498.jpeg 1024w, https:\/\/www.celttv.com.ar\/wp-content\/uploads\/2022\/04\/Jugando-por-la-provincia-1-300x146.jpeg 300w, https:\/\/www.celttv.com.ar\/wp-content\/uploads\/2022\/04\/Jugando-por-la-provincia-1-768x373.jpeg 768w, https:\/\/www.celttv.com.ar\/wp-content\/uploads\/2022\/04\/Jugando-por-la-provincia-1-750x364.jpeg 750w, https:\/\/www.celttv.com.ar\/wp-content\/uploads\/2022\/04\/Jugando-por-la-provincia-1-1140x554.jpeg 1140w, https:\/\/www.celttv.com.ar\/wp-content\/uploads\/2022\/04\/Jugando-por-la-provincia-1.jpeg 1280w\" sizes=\"auto, (max-width: 1024px) 100vw, 1024px\" \/><\/figure>\n\n\n<figure class=\"wp-block-image size-large\"><img loading=\"lazy\" decoding=\"async\" width=\"1024\" height=\"768\" src=\"http:\/\/www.celttv.com.ar\/wp-content\/uploads\/2022\/04\/Jugando-por-la-provincia-5-1024x768.jpeg\" alt=\"\" class=\"wp-image-65173\" srcset=\"https:\/\/www.celttv.com.ar\/wp-content\/uploads\/2022\/04\/Jugando-por-la-provincia-5-1024x768.jpeg 1024w, https:\/\/www.celttv.com.ar\/wp-content\/uploads\/2022\/04\/Jugando-por-la-provincia-5-300x225.jpeg 300w, https:\/\/www.celttv.com.ar\/wp-content\/uploads\/2022\/04\/Jugando-por-la-provincia-5-768x576.jpeg 768w, https:\/\/www.celttv.com.ar\/wp-content\/uploads\/2022\/04\/Jugando-por-la-provincia-5-750x563.jpeg 750w, https:\/\/www.celttv.com.ar\/wp-content\/uploads\/2022\/04\/Jugando-por-la-provincia-5-1140x855.jpeg 1140w, https:\/\/www.celttv.com.ar\/wp-content\/uploads\/2022\/04\/Jugando-por-la-provincia-5.jpeg 1280w\" sizes=\"auto, (max-width: 1024px) 100vw, 1024px\" \/><\/figure>\n\n\n<figure class=\"wp-block-image size-large\"><img loading=\"lazy\" decoding=\"async\" width=\"765\" height=\"589\" src=\"http:\/\/www.celttv.com.ar\/wp-content\/uploads\/2022\/04\/Jugando-por-la-provincia-6.jpeg\" alt=\"\" class=\"wp-image-65174\" srcset=\"https:\/\/www.celttv.com.ar\/wp-content\/uploads\/2022\/04\/Jugando-por-la-provincia-6.jpeg 765w, https:\/\/www.celttv.com.ar\/wp-content\/uploads\/2022\/04\/Jugando-por-la-provincia-6-300x231.jpeg 300w, https:\/\/www.celttv.com.ar\/wp-content\/uploads\/2022\/04\/Jugando-por-la-provincia-6-750x577.jpeg 750w\" sizes=\"auto, (max-width: 765px) 100vw, 765px\" \/><\/figure>\n\n\n<figure class=\"wp-block-image size-large\"><img loading=\"lazy\" decoding=\"async\" width=\"777\" height=\"869\" src=\"http:\/\/www.celttv.com.ar\/wp-content\/uploads\/2022\/04\/Jugando-por-la-provincia-7.jpeg\" alt=\"\" class=\"wp-image-65175\" srcset=\"https:\/\/www.celttv.com.ar\/wp-content\/uploads\/2022\/04\/Jugando-por-la-provincia-7.jpeg 777w, https:\/\/www.celttv.com.ar\/wp-content\/uploads\/2022\/04\/Jugando-por-la-provincia-7-268x300.jpeg 268w, https:\/\/www.celttv.com.ar\/wp-content\/uploads\/2022\/04\/Jugando-por-la-provincia-7-768x859.jpeg 768w, https:\/\/www.celttv.com.ar\/wp-content\/uploads\/2022\/04\/Jugando-por-la-provincia-7-750x839.jpeg 750w\" sizes=\"auto, (max-width: 777px) 100vw, 777px\" \/><\/figure>\n\n\n<figure class=\"wp-block-image size-large\"><img loading=\"lazy\" decoding=\"async\" width=\"1024\" height=\"497\" src=\"http:\/\/www.celttv.com.ar\/wp-content\/uploads\/2022\/04\/Jugando-por-la-provincia-8-1024x497.jpeg\" alt=\"\" class=\"wp-image-65176\" srcset=\"https:\/\/www.celttv.com.ar\/wp-content\/uploads\/2022\/04\/Jugando-por-la-provincia-8-1024x497.jpeg 1024w, https:\/\/www.celttv.com.ar\/wp-content\/uploads\/2022\/04\/Jugando-por-la-provincia-8-300x146.jpeg 300w, https:\/\/www.celttv.com.ar\/wp-content\/uploads\/2022\/04\/Jugando-por-la-provincia-8-768x373.jpeg 768w, https:\/\/www.celttv.com.ar\/wp-content\/uploads\/2022\/04\/Jugando-por-la-provincia-8-1536x746.jpeg 1536w, https:\/\/www.celttv.com.ar\/wp-content\/uploads\/2022\/04\/Jugando-por-la-provincia-8-750x364.jpeg 750w, https:\/\/www.celttv.com.ar\/wp-content\/uploads\/2022\/04\/Jugando-por-la-provincia-8-1140x554.jpeg 1140w, https:\/\/www.celttv.com.ar\/wp-content\/uploads\/2022\/04\/Jugando-por-la-provincia-8.jpeg 1600w\" sizes=\"auto, (max-width: 1024px) 100vw, 1024px\" \/><\/figure>\n\n\n<figure class=\"wp-block-image size-large\"><img loading=\"lazy\" decoding=\"async\" width=\"1024\" height=\"767\" src=\"http:\/\/www.celttv.com.ar\/wp-content\/uploads\/2022\/04\/Jugando-por-la-provincia-9-1024x767.jpeg\" alt=\"\" class=\"wp-image-65177\" srcset=\"https:\/\/www.celttv.com.ar\/wp-content\/uploads\/2022\/04\/Jugando-por-la-provincia-9-1024x767.jpeg 1024w, https:\/\/www.celttv.com.ar\/wp-content\/uploads\/2022\/04\/Jugando-por-la-provincia-9-300x225.jpeg 300w, https:\/\/www.celttv.com.ar\/wp-content\/uploads\/2022\/04\/Jugando-por-la-provincia-9-768x575.jpeg 768w, https:\/\/www.celttv.com.ar\/wp-content\/uploads\/2022\/04\/Jugando-por-la-provincia-9-750x562.jpeg 750w, https:\/\/www.celttv.com.ar\/wp-content\/uploads\/2022\/04\/Jugando-por-la-provincia-9-1140x854.jpeg 1140w, https:\/\/www.celttv.com.ar\/wp-content\/uploads\/2022\/04\/Jugando-por-la-provincia-9.jpeg 1280w\" sizes=\"auto, (max-width: 1024px) 100vw, 1024px\" \/><\/figure>\n","protected":false},"excerpt":{"rendered":"<p>Una delegaci\u00f3n representante de Tornquist Municipio, estuvo presente en la jornada regional recreativa, deportiva y cultural para personas con discapacidad \u2018Juagando por la Provincia\u2019. La actividad, impulsada por la Subsecretar\u00eda de Deportes de la Provincia de Buenos Aires, tuvo lugar el s\u00e1bado 9 en Daireaux, y fueron parte concurrentes del Centro de D\u00eda de la [&hellip;]<\/p>\n","protected":false},"author":1,"featured_media":65173,"comment_status":"closed","ping_status":"open","sticky":false,"template":"","format":"standard","meta":{"footnotes":""},"categories":[55,60,62,52,63],"tags":[],"class_list":["post-65143","post","type-post","status-publish","format-standard","has-post-thumbnail","hentry","category-celt-tv-noticias","category-deporte","category-deportes","category-destacadas","category-magazine-sport"],"yoast_head":"<!-- This site is optimized with the Yoast SEO plugin v19.7.1 - https:\/\/yoast.com\/wordpress\/plugins\/seo\/ -->\n<title>Tornquist presente en la jornada \u2018Jugando por la Provincia\u2019 - CELTTV<\/title>\n<meta name=\"description\" content=\"Sitio web de noticias de la localidad de Tornquist, provincia de Buenos Aires, Rep\u00fablica Argentina. Contenido propio originado por periodistas de CELTTV, el canal de TV local de la Cooperativa El\u00e9ctrica de Tornquist. Turismo, Pol\u00edtica, Sociedad, Deporte, Cultura y todo el contenido de inter\u00e9s general que la gente del pueblo y la regi\u00f3n debe conocer.\" \/>\n<meta name=\"robots\" content=\"index, follow, max-snippet:-1, max-image-preview:large, max-video-preview:-1\" \/>\n<link rel=\"canonical\" href=\"https:\/\/www.celttv.com.ar\/index.php\/2022\/04\/11\/tornquist-presente-en-la-jornada-jugando-por-la-provincia\/\" \/>\n<meta property=\"og:locale\" content=\"es_ES\" \/>\n<meta property=\"og:type\" content=\"article\" \/>\n<meta property=\"og:title\" content=\"Tornquist presente en la jornada \u2018Jugando por la Provincia\u2019 - CELTTV\" \/>\n<meta property=\"og:description\" content=\"Sitio web de noticias de la localidad de Tornquist, provincia de Buenos Aires, Rep\u00fablica Argentina. Contenido propio originado por periodistas de CELTTV, el canal de TV local de la Cooperativa El\u00e9ctrica de Tornquist. Turismo, Pol\u00edtica, Sociedad, Deporte, Cultura y todo el contenido de inter\u00e9s general que la gente del pueblo y la regi\u00f3n debe conocer.\" \/>\n<meta property=\"og:url\" content=\"https:\/\/www.celttv.com.ar\/index.php\/2022\/04\/11\/tornquist-presente-en-la-jornada-jugando-por-la-provincia\/\" \/>\n<meta property=\"og:site_name\" content=\"CELTTV\" \/>\n<meta property=\"article:publisher\" content=\"https:\/\/www.facebook.com\/celtTV\/\" \/>\n<meta property=\"article:published_time\" content=\"2022-04-11T18:11:56+00:00\" \/>\n<meta property=\"og:image\" content=\"https:\/\/www.celttv.com.ar\/wp-content\/uploads\/2022\/04\/Jugando-por-la-provincia-5.jpeg\" \/>\n\t<meta property=\"og:image:width\" content=\"1280\" \/>\n\t<meta property=\"og:image:height\" content=\"960\" \/>\n\t<meta property=\"og:image:type\" content=\"image\/jpeg\" \/>\n<meta name=\"author\" content=\"ulises\" \/>\n<meta name=\"twitter:card\" content=\"summary_large_image\" \/>\n<meta name=\"twitter:label1\" content=\"Escrito por\" \/>\n\t<meta name=\"twitter:data1\" content=\"ulises\" \/>\n\t<meta name=\"twitter:label2\" content=\"Tiempo de lectura\" \/>\n\t<meta name=\"twitter:data2\" content=\"1 minuto\" \/>\n<script type=\"application\/ld+json\" class=\"yoast-schema-graph\">{\"@context\":\"https:\/\/schema.org\",\"@graph\":[{\"@type\":\"NewsArticle\",\"@id\":\"https:\/\/www.celttv.com.ar\/index.php\/2022\/04\/11\/tornquist-presente-en-la-jornada-jugando-por-la-provincia\/#article\",\"isPartOf\":{\"@id\":\"https:\/\/www.celttv.com.ar\/index.php\/2022\/04\/11\/tornquist-presente-en-la-jornada-jugando-por-la-provincia\/\"},\"author\":{\"name\":\"ulises\",\"@id\":\"https:\/\/www.celttv.com.ar\/#\/schema\/person\/6d99c072dba59953809c81446e9d0ace\"},\"headline\":\"Tornquist presente en la jornada \u2018Jugando por la Provincia\u2019\",\"datePublished\":\"2022-04-11T18:11:56+00:00\",\"dateModified\":\"2022-04-11T18:11:56+00:00\",\"mainEntityOfPage\":{\"@id\":\"https:\/\/www.celttv.com.ar\/index.php\/2022\/04\/11\/tornquist-presente-en-la-jornada-jugando-por-la-provincia\/\"},\"wordCount\":129,\"publisher\":{\"@id\":\"https:\/\/www.celttv.com.ar\/#organization\"},\"articleSection\":[\"Celt TV Noticias\",\"Deporte\",\"Deportes\",\"Destacadas\",\"Magazine Sport\"],\"inLanguage\":\"es\"},{\"@type\":\"WebPage\",\"@id\":\"https:\/\/www.celttv.com.ar\/index.php\/2022\/04\/11\/tornquist-presente-en-la-jornada-jugando-por-la-provincia\/\",\"url\":\"https:\/\/www.celttv.com.ar\/index.php\/2022\/04\/11\/tornquist-presente-en-la-jornada-jugando-por-la-provincia\/\",\"name\":\"Tornquist presente en la jornada \u2018Jugando por la Provincia\u2019 - CELTTV\",\"isPartOf\":{\"@id\":\"https:\/\/www.celttv.com.ar\/#website\"},\"datePublished\":\"2022-04-11T18:11:56+00:00\",\"dateModified\":\"2022-04-11T18:11:56+00:00\",\"description\":\"Sitio web de noticias de la localidad de Tornquist, provincia de Buenos Aires, Rep\u00fablica Argentina. Contenido propio originado por periodistas de CELTTV, el canal de TV local de la Cooperativa El\u00e9ctrica de Tornquist. Turismo, Pol\u00edtica, Sociedad, Deporte, Cultura y todo el contenido de inter\u00e9s general que la gente del pueblo y la regi\u00f3n debe conocer.\",\"breadcrumb\":{\"@id\":\"https:\/\/www.celttv.com.ar\/index.php\/2022\/04\/11\/tornquist-presente-en-la-jornada-jugando-por-la-provincia\/#breadcrumb\"},\"inLanguage\":\"es\",\"potentialAction\":[{\"@type\":\"ReadAction\",\"target\":[\"https:\/\/www.celttv.com.ar\/index.php\/2022\/04\/11\/tornquist-presente-en-la-jornada-jugando-por-la-provincia\/\"]}]},{\"@type\":\"BreadcrumbList\",\"@id\":\"https:\/\/www.celttv.com.ar\/index.php\/2022\/04\/11\/tornquist-presente-en-la-jornada-jugando-por-la-provincia\/#breadcrumb\",\"itemListElement\":[{\"@type\":\"ListItem\",\"position\":1,\"name\":\"Inicio\",\"item\":\"https:\/\/www.celttv.com.ar\/\"},{\"@type\":\"ListItem\",\"position\":2,\"name\":\"Tornquist presente en la jornada \u2018Jugando por la Provincia\u2019\"}]},{\"@type\":\"WebSite\",\"@id\":\"https:\/\/www.celttv.com.ar\/#website\",\"url\":\"https:\/\/www.celttv.com.ar\/\",\"name\":\"CELTTV\",\"description\":\"Cooperativa El\u00e9ctrica de Tornquist\",\"publisher\":{\"@id\":\"https:\/\/www.celttv.com.ar\/#organization\"},\"potentialAction\":[{\"@type\":\"SearchAction\",\"target\":{\"@type\":\"EntryPoint\",\"urlTemplate\":\"https:\/\/www.celttv.com.ar\/?s={search_term_string}\"},\"query-input\":\"required name=search_term_string\"}],\"inLanguage\":\"es\"},{\"@type\":\"Organization\",\"@id\":\"https:\/\/www.celttv.com.ar\/#organization\",\"name\":\"CELTTV\",\"url\":\"https:\/\/www.celttv.com.ar\/\",\"sameAs\":[\"https:\/\/www.youtube.com\/channel\/UCz_oIt8Hig64Ub-EmcNPIhg\",\"https:\/\/www.facebook.com\/celtTV\/\"],\"logo\":{\"@type\":\"ImageObject\",\"inLanguage\":\"es\",\"@id\":\"https:\/\/www.celttv.com.ar\/#\/schema\/logo\/image\/\",\"url\":\"http:\/\/www.celttv.com.ar\/wp-content\/uploads\/2022\/08\/logo-1.png\",\"contentUrl\":\"http:\/\/www.celttv.com.ar\/wp-content\/uploads\/2022\/08\/logo-1.png\",\"width\":461,\"height\":159,\"caption\":\"CELTTV\"},\"image\":{\"@id\":\"https:\/\/www.celttv.com.ar\/#\/schema\/logo\/image\/\"}},{\"@type\":\"Person\",\"@id\":\"https:\/\/www.celttv.com.ar\/#\/schema\/person\/6d99c072dba59953809c81446e9d0ace\",\"name\":\"ulises\",\"image\":{\"@type\":\"ImageObject\",\"inLanguage\":\"es\",\"@id\":\"https:\/\/www.celttv.com.ar\/#\/schema\/person\/image\/\",\"url\":\"https:\/\/secure.gravatar.com\/avatar\/7f2c48bdc33b30088f941fb6082e555f2874c98e20cb159d7b92b50eadfce793?s=96&d=mm&r=g\",\"contentUrl\":\"https:\/\/secure.gravatar.com\/avatar\/7f2c48bdc33b30088f941fb6082e555f2874c98e20cb159d7b92b50eadfce793?s=96&d=mm&r=g\",\"caption\":\"ulises\"},\"sameAs\":[\"http:\/\/www.celttv.com.ar\"]}]}<\/script>\n<!-- \/ Yoast SEO plugin. -->","yoast_head_json":{"title":"Tornquist presente en la jornada \u2018Jugando por la Provincia\u2019 - CELTTV","description":"Sitio web de noticias de la localidad de Tornquist, provincia de Buenos Aires, Rep\u00fablica Argentina. Contenido propio originado por periodistas de CELTTV, el canal de TV local de la Cooperativa El\u00e9ctrica de Tornquist. Turismo, Pol\u00edtica, Sociedad, Deporte, Cultura y todo el contenido de inter\u00e9s general que la gente del pueblo y la regi\u00f3n debe conocer.","robots":{"index":"index","follow":"follow","max-snippet":"max-snippet:-1","max-image-preview":"max-image-preview:large","max-video-preview":"max-video-preview:-1"},"canonical":"https:\/\/www.celttv.com.ar\/index.php\/2022\/04\/11\/tornquist-presente-en-la-jornada-jugando-por-la-provincia\/","og_locale":"es_ES","og_type":"article","og_title":"Tornquist presente en la jornada \u2018Jugando por la Provincia\u2019 - CELTTV","og_description":"Sitio web de noticias de la localidad de Tornquist, provincia de Buenos Aires, Rep\u00fablica Argentina. Contenido propio originado por periodistas de CELTTV, el canal de TV local de la Cooperativa El\u00e9ctrica de Tornquist. Turismo, Pol\u00edtica, Sociedad, Deporte, Cultura y todo el contenido de inter\u00e9s general que la gente del pueblo y la regi\u00f3n debe conocer.","og_url":"https:\/\/www.celttv.com.ar\/index.php\/2022\/04\/11\/tornquist-presente-en-la-jornada-jugando-por-la-provincia\/","og_site_name":"CELTTV","article_publisher":"https:\/\/www.facebook.com\/celtTV\/","article_published_time":"2022-04-11T18:11:56+00:00","og_image":[{"width":1280,"height":960,"url":"https:\/\/www.celttv.com.ar\/wp-content\/uploads\/2022\/04\/Jugando-por-la-provincia-5.jpeg","type":"image\/jpeg"}],"author":"ulises","twitter_card":"summary_large_image","twitter_misc":{"Escrito por":"ulises","Tiempo de lectura":"1 minuto"},"schema":{"@context":"https:\/\/schema.org","@graph":[{"@type":"NewsArticle","@id":"https:\/\/www.celttv.com.ar\/index.php\/2022\/04\/11\/tornquist-presente-en-la-jornada-jugando-por-la-provincia\/#article","isPartOf":{"@id":"https:\/\/www.celttv.com.ar\/index.php\/2022\/04\/11\/tornquist-presente-en-la-jornada-jugando-por-la-provincia\/"},"author":{"name":"ulises","@id":"https:\/\/www.celttv.com.ar\/#\/schema\/person\/6d99c072dba59953809c81446e9d0ace"},"headline":"Tornquist presente en la jornada \u2018Jugando por la Provincia\u2019","datePublished":"2022-04-11T18:11:56+00:00","dateModified":"2022-04-11T18:11:56+00:00","mainEntityOfPage":{"@id":"https:\/\/www.celttv.com.ar\/index.php\/2022\/04\/11\/tornquist-presente-en-la-jornada-jugando-por-la-provincia\/"},"wordCount":129,"publisher":{"@id":"https:\/\/www.celttv.com.ar\/#organization"},"articleSection":["Celt TV Noticias","Deporte","Deportes","Destacadas","Magazine Sport"],"inLanguage":"es"},{"@type":"WebPage","@id":"https:\/\/www.celttv.com.ar\/index.php\/2022\/04\/11\/tornquist-presente-en-la-jornada-jugando-por-la-provincia\/","url":"https:\/\/www.celttv.com.ar\/index.php\/2022\/04\/11\/tornquist-presente-en-la-jornada-jugando-por-la-provincia\/","name":"Tornquist presente en la jornada \u2018Jugando por la Provincia\u2019 - CELTTV","isPartOf":{"@id":"https:\/\/www.celttv.com.ar\/#website"},"datePublished":"2022-04-11T18:11:56+00:00","dateModified":"2022-04-11T18:11:56+00:00","description":"Sitio web de noticias de la localidad de Tornquist, provincia de Buenos Aires, Rep\u00fablica Argentina. Contenido propio originado por periodistas de CELTTV, el canal de TV local de la Cooperativa El\u00e9ctrica de Tornquist. Turismo, Pol\u00edtica, Sociedad, Deporte, Cultura y todo el contenido de inter\u00e9s general que la gente del pueblo y la regi\u00f3n debe conocer.","breadcrumb":{"@id":"https:\/\/www.celttv.com.ar\/index.php\/2022\/04\/11\/tornquist-presente-en-la-jornada-jugando-por-la-provincia\/#breadcrumb"},"inLanguage":"es","potentialAction":[{"@type":"ReadAction","target":["https:\/\/www.celttv.com.ar\/index.php\/2022\/04\/11\/tornquist-presente-en-la-jornada-jugando-por-la-provincia\/"]}]},{"@type":"BreadcrumbList","@id":"https:\/\/www.celttv.com.ar\/index.php\/2022\/04\/11\/tornquist-presente-en-la-jornada-jugando-por-la-provincia\/#breadcrumb","itemListElement":[{"@type":"ListItem","position":1,"name":"Inicio","item":"https:\/\/www.celttv.com.ar\/"},{"@type":"ListItem","position":2,"name":"Tornquist presente en la jornada \u2018Jugando por la Provincia\u2019"}]},{"@type":"WebSite","@id":"https:\/\/www.celttv.com.ar\/#website","url":"https:\/\/www.celttv.com.ar\/","name":"CELTTV","description":"Cooperativa El\u00e9ctrica de Tornquist","publisher":{"@id":"https:\/\/www.celttv.com.ar\/#organization"},"potentialAction":[{"@type":"SearchAction","target":{"@type":"EntryPoint","urlTemplate":"https:\/\/www.celttv.com.ar\/?s={search_term_string}"},"query-input":"required name=search_term_string"}],"inLanguage":"es"},{"@type":"Organization","@id":"https:\/\/www.celttv.com.ar\/#organization","name":"CELTTV","url":"https:\/\/www.celttv.com.ar\/","sameAs":["https:\/\/www.youtube.com\/channel\/UCz_oIt8Hig64Ub-EmcNPIhg","https:\/\/www.facebook.com\/celtTV\/"],"logo":{"@type":"ImageObject","inLanguage":"es","@id":"https:\/\/www.celttv.com.ar\/#\/schema\/logo\/image\/","url":"http:\/\/www.celttv.com.ar\/wp-content\/uploads\/2022\/08\/logo-1.png","contentUrl":"http:\/\/www.celttv.com.ar\/wp-content\/uploads\/2022\/08\/logo-1.png","width":461,"height":159,"caption":"CELTTV"},"image":{"@id":"https:\/\/www.celttv.com.ar\/#\/schema\/logo\/image\/"}},{"@type":"Person","@id":"https:\/\/www.celttv.com.ar\/#\/schema\/person\/6d99c072dba59953809c81446e9d0ace","name":"ulises","image":{"@type":"ImageObject","inLanguage":"es","@id":"https:\/\/www.celttv.com.ar\/#\/schema\/person\/image\/","url":"https:\/\/secure.gravatar.com\/avatar\/7f2c48bdc33b30088f941fb6082e555f2874c98e20cb159d7b92b50eadfce793?s=96&d=mm&r=g","contentUrl":"https:\/\/secure.gravatar.com\/avatar\/7f2c48bdc33b30088f941fb6082e555f2874c98e20cb159d7b92b50eadfce793?s=96&d=mm&r=g","caption":"ulises"},"sameAs":["http:\/\/www.celttv.com.ar"]}]}},"_links":{"self":[{"href":"https:\/\/www.celttv.com.ar\/index.php\/wp-json\/wp\/v2\/posts\/65143","targetHints":{"allow":["GET"]}}],"collection":[{"href":"https:\/\/www.celttv.com.ar\/index.php\/wp-json\/wp\/v2\/posts"}],"about":[{"href":"https:\/\/www.celttv.com.ar\/index.php\/wp-json\/wp\/v2\/types\/post"}],"author":[{"embeddable":true,"href":"https:\/\/www.celttv.com.ar\/index.php\/wp-json\/wp\/v2\/users\/1"}],"replies":[{"embeddable":true,"href":"https:\/\/www.celttv.com.ar\/index.php\/wp-json\/wp\/v2\/comments?post=65143"}],"version-history":[{"count":0,"href":"https:\/\/www.celttv.com.ar\/index.php\/wp-json\/wp\/v2\/posts\/65143\/revisions"}],"wp:featuredmedia":[{"embeddable":true,"href":"https:\/\/www.celttv.com.ar\/index.php\/wp-json\/wp\/v2\/media\/65173"}],"wp:attachment":[{"href":"https:\/\/www.celttv.com.ar\/index.php\/wp-json\/wp\/v2\/media?parent=65143"}],"wp:term":[{"taxonomy":"category","embeddable":true,"href":"https:\/\/www.celttv.com.ar\/index.php\/wp-json\/wp\/v2\/categories?post=65143"},{"taxonomy":"post_tag","embeddable":true,"href":"https:\/\/www.celttv.com.ar\/index.php\/wp-json\/wp\/v2\/tags?post=65143"}],"curies":[{"name":"wp","href":"https:\/\/api.w.org\/{rel}","templated":true}]}}