{"id":65149,"date":"2022-04-11T17:42:34","date_gmt":"2022-04-11T17:42:34","guid":{"rendered":"http:\/\/www.celttv.com.ar\/?p=65149"},"modified":"2022-04-11T17:42:34","modified_gmt":"2022-04-11T17:42:34","slug":"automoto-tenis-realizo-su-primer-encuentro-del-ano-videos-y-fotos","status":"publish","type":"post","link":"https:\/\/www.celttv.com.ar\/index.php\/2022\/04\/11\/automoto-tenis-realizo-su-primer-encuentro-del-ano-videos-y-fotos\/","title":{"rendered":"Automoto Tenis realiz\u00f3 su primer encuentro del a\u00f1o (Videos y fotos)"},"content":{"rendered":"\n<p>Con un importante n\u00famero de participantes, se realiz\u00f3 el 1\u00b0 encuentro de tenis en las instalaciones del Club Automoto.<\/p>\n\n\n<p>Grandes y chicos, provenientes de Sierra de la Ventana, Saldungaray, Villa Ventana, Bah\u00eda Blanca y Tornquist, formaron parte del encuentro, donde la camarader\u00eda y el buen nivel de juego, permite analizar la posibilidad de que jugadores del distrito puedan iniciar un camino de competencia en la regi\u00f3n.<\/p>\n\n\n<p>El presidente del Club Automoto, Gabriel Artola, destac\u00f3 la apuesta de la comisi\u00f3n directiva y el gran trabajo que est\u00e1n llevando adelante los integrantes de la subcomisi\u00f3n de tenis con la puesta en valor de las canchas y la proyecci\u00f3n de la disciplina en la comunidad. <\/p>\n\n\n<figure class=\"wp-block-embed is-type-video is-provider-youtube wp-block-embed-youtube wp-embed-aspect-16-9 wp-has-aspect-ratio\"><div class=\"wp-block-embed__wrapper\">\n<iframe loading=\"lazy\" title=\"2022 04 11 ENCUENTRO DE TENIS 3 GABRIEL ARTOLA\" width=\"500\" height=\"281\" src=\"https:\/\/www.youtube.com\/embed\/5FBmXZ8TN6g?feature=oembed\" frameborder=\"0\" allow=\"accelerometer; autoplay; clipboard-write; encrypted-media; gyroscope; picture-in-picture; web-share\" referrerpolicy=\"strict-origin-when-cross-origin\" allowfullscreen><\/iframe>\n<\/div><\/figure>\n\n\n<p>Por otro lado, el evento cont\u00f3 con la visita con algunos pioneros que iniciaron el tenis en el Club Automoto, como es el caso de Domingo Bilbao y Humberto &#8220;Bicho&#8221; Bucchi.<\/p>\n\n\n<figure class=\"wp-block-embed is-type-video is-provider-youtube wp-block-embed-youtube wp-embed-aspect-16-9 wp-has-aspect-ratio\"><div class=\"wp-block-embed__wrapper\">\n<iframe loading=\"lazy\" title=\"2022 04 11 ENCUENTRO DE TENIS 1 DOMINGO BILBAO\" width=\"500\" height=\"281\" src=\"https:\/\/www.youtube.com\/embed\/sODnN4S_4d0?feature=oembed\" frameborder=\"0\" allow=\"accelerometer; autoplay; clipboard-write; encrypted-media; gyroscope; picture-in-picture; web-share\" referrerpolicy=\"strict-origin-when-cross-origin\" allowfullscreen><\/iframe>\n<\/div><\/figure>\n\n\n<figure class=\"wp-block-embed is-type-video is-provider-youtube wp-block-embed-youtube wp-embed-aspect-16-9 wp-has-aspect-ratio\"><div class=\"wp-block-embed__wrapper\">\n<iframe loading=\"lazy\" title=\"2022 04 11 ENCUENTRO DE TENIS 2 HUMBERTO BUCCHI\" width=\"500\" height=\"281\" src=\"https:\/\/www.youtube.com\/embed\/Ea232GSlbCQ?feature=oembed\" frameborder=\"0\" allow=\"accelerometer; autoplay; clipboard-write; encrypted-media; gyroscope; picture-in-picture; web-share\" referrerpolicy=\"strict-origin-when-cross-origin\" allowfullscreen><\/iframe>\n<\/div><\/figure>\n\n\n<figure class=\"wp-block-image size-large\"><img loading=\"lazy\" decoding=\"async\" width=\"1024\" height=\"1004\" src=\"http:\/\/www.celttv.com.ar\/wp-content\/uploads\/2022\/04\/6ba57d4b-184b-49af-8239-ebc2993f0573-1024x1004.jpg\" alt=\"\" class=\"wp-image-65150\" srcset=\"https:\/\/www.celttv.com.ar\/wp-content\/uploads\/2022\/04\/6ba57d4b-184b-49af-8239-ebc2993f0573-1024x1004.jpg 1024w, https:\/\/www.celttv.com.ar\/wp-content\/uploads\/2022\/04\/6ba57d4b-184b-49af-8239-ebc2993f0573-300x294.jpg 300w, https:\/\/www.celttv.com.ar\/wp-content\/uploads\/2022\/04\/6ba57d4b-184b-49af-8239-ebc2993f0573-768x753.jpg 768w, https:\/\/www.celttv.com.ar\/wp-content\/uploads\/2022\/04\/6ba57d4b-184b-49af-8239-ebc2993f0573-75x75.jpg 75w, https:\/\/www.celttv.com.ar\/wp-content\/uploads\/2022\/04\/6ba57d4b-184b-49af-8239-ebc2993f0573-750x735.jpg 750w, https:\/\/www.celttv.com.ar\/wp-content\/uploads\/2022\/04\/6ba57d4b-184b-49af-8239-ebc2993f0573.jpg 1052w\" sizes=\"auto, (max-width: 1024px) 100vw, 1024px\" \/><\/figure>\n\n\n<figure class=\"wp-block-image size-large\"><img loading=\"lazy\" decoding=\"async\" width=\"1024\" height=\"987\" src=\"http:\/\/www.celttv.com.ar\/wp-content\/uploads\/2022\/04\/42d90518-39ca-4ffc-95bf-bfddb5dd3638-1024x987.jpg\" alt=\"\" class=\"wp-image-65151\" srcset=\"https:\/\/www.celttv.com.ar\/wp-content\/uploads\/2022\/04\/42d90518-39ca-4ffc-95bf-bfddb5dd3638-1024x987.jpg 1024w, https:\/\/www.celttv.com.ar\/wp-content\/uploads\/2022\/04\/42d90518-39ca-4ffc-95bf-bfddb5dd3638-300x289.jpg 300w, https:\/\/www.celttv.com.ar\/wp-content\/uploads\/2022\/04\/42d90518-39ca-4ffc-95bf-bfddb5dd3638-768x740.jpg 768w, https:\/\/www.celttv.com.ar\/wp-content\/uploads\/2022\/04\/42d90518-39ca-4ffc-95bf-bfddb5dd3638-750x723.jpg 750w, https:\/\/www.celttv.com.ar\/wp-content\/uploads\/2022\/04\/42d90518-39ca-4ffc-95bf-bfddb5dd3638.jpg 1080w\" sizes=\"auto, (max-width: 1024px) 100vw, 1024px\" \/><\/figure>\n\n\n<figure class=\"wp-block-image size-large\"><img loading=\"lazy\" decoding=\"async\" width=\"1024\" height=\"997\" src=\"http:\/\/www.celttv.com.ar\/wp-content\/uploads\/2022\/04\/9516ea64-7c1d-43a6-9aa2-e9d887afa912-1024x997.jpg\" alt=\"\" class=\"wp-image-65152\" srcset=\"https:\/\/www.celttv.com.ar\/wp-content\/uploads\/2022\/04\/9516ea64-7c1d-43a6-9aa2-e9d887afa912-1024x997.jpg 1024w, https:\/\/www.celttv.com.ar\/wp-content\/uploads\/2022\/04\/9516ea64-7c1d-43a6-9aa2-e9d887afa912-300x292.jpg 300w, https:\/\/www.celttv.com.ar\/wp-content\/uploads\/2022\/04\/9516ea64-7c1d-43a6-9aa2-e9d887afa912-768x748.jpg 768w, https:\/\/www.celttv.com.ar\/wp-content\/uploads\/2022\/04\/9516ea64-7c1d-43a6-9aa2-e9d887afa912-750x731.jpg 750w, https:\/\/www.celttv.com.ar\/wp-content\/uploads\/2022\/04\/9516ea64-7c1d-43a6-9aa2-e9d887afa912.jpg 1080w\" sizes=\"auto, (max-width: 1024px) 100vw, 1024px\" \/><\/figure>\n\n\n<figure class=\"wp-block-image size-large\"><img loading=\"lazy\" decoding=\"async\" width=\"1024\" height=\"996\" src=\"http:\/\/www.celttv.com.ar\/wp-content\/uploads\/2022\/04\/b0d0264a-f916-4dca-b05b-b9fc7b330842-1024x996.jpg\" alt=\"\" class=\"wp-image-65153\" srcset=\"https:\/\/www.celttv.com.ar\/wp-content\/uploads\/2022\/04\/b0d0264a-f916-4dca-b05b-b9fc7b330842-1024x996.jpg 1024w, https:\/\/www.celttv.com.ar\/wp-content\/uploads\/2022\/04\/b0d0264a-f916-4dca-b05b-b9fc7b330842-300x292.jpg 300w, https:\/\/www.celttv.com.ar\/wp-content\/uploads\/2022\/04\/b0d0264a-f916-4dca-b05b-b9fc7b330842-768x747.jpg 768w, https:\/\/www.celttv.com.ar\/wp-content\/uploads\/2022\/04\/b0d0264a-f916-4dca-b05b-b9fc7b330842-750x729.jpg 750w, https:\/\/www.celttv.com.ar\/wp-content\/uploads\/2022\/04\/b0d0264a-f916-4dca-b05b-b9fc7b330842.jpg 1080w\" sizes=\"auto, (max-width: 1024px) 100vw, 1024px\" \/><\/figure>\n\n\n<figure class=\"wp-block-image size-large\"><img loading=\"lazy\" decoding=\"async\" width=\"1024\" height=\"985\" src=\"http:\/\/www.celttv.com.ar\/wp-content\/uploads\/2022\/04\/c1143cd1-98f9-41a8-a00d-2b06a7c4b6e7-1024x985.jpg\" alt=\"\" class=\"wp-image-65154\" srcset=\"https:\/\/www.celttv.com.ar\/wp-content\/uploads\/2022\/04\/c1143cd1-98f9-41a8-a00d-2b06a7c4b6e7-1024x985.jpg 1024w, https:\/\/www.celttv.com.ar\/wp-content\/uploads\/2022\/04\/c1143cd1-98f9-41a8-a00d-2b06a7c4b6e7-300x289.jpg 300w, https:\/\/www.celttv.com.ar\/wp-content\/uploads\/2022\/04\/c1143cd1-98f9-41a8-a00d-2b06a7c4b6e7-768x739.jpg 768w, https:\/\/www.celttv.com.ar\/wp-content\/uploads\/2022\/04\/c1143cd1-98f9-41a8-a00d-2b06a7c4b6e7-750x722.jpg 750w, https:\/\/www.celttv.com.ar\/wp-content\/uploads\/2022\/04\/c1143cd1-98f9-41a8-a00d-2b06a7c4b6e7.jpg 1080w\" sizes=\"auto, (max-width: 1024px) 100vw, 1024px\" \/><\/figure>\n\n\n<figure class=\"wp-block-image size-large\"><img loading=\"lazy\" decoding=\"async\" width=\"1024\" height=\"967\" src=\"http:\/\/www.celttv.com.ar\/wp-content\/uploads\/2022\/04\/d3b23698-dfa9-4b22-8b80-d6d58b637fba-1024x967.jpg\" alt=\"\" class=\"wp-image-65155\" srcset=\"https:\/\/www.celttv.com.ar\/wp-content\/uploads\/2022\/04\/d3b23698-dfa9-4b22-8b80-d6d58b637fba-1024x967.jpg 1024w, https:\/\/www.celttv.com.ar\/wp-content\/uploads\/2022\/04\/d3b23698-dfa9-4b22-8b80-d6d58b637fba-300x283.jpg 300w, https:\/\/www.celttv.com.ar\/wp-content\/uploads\/2022\/04\/d3b23698-dfa9-4b22-8b80-d6d58b637fba-768x725.jpg 768w, https:\/\/www.celttv.com.ar\/wp-content\/uploads\/2022\/04\/d3b23698-dfa9-4b22-8b80-d6d58b637fba-750x708.jpg 750w, https:\/\/www.celttv.com.ar\/wp-content\/uploads\/2022\/04\/d3b23698-dfa9-4b22-8b80-d6d58b637fba.jpg 1080w\" sizes=\"auto, (max-width: 1024px) 100vw, 1024px\" \/><\/figure>\n\n\n<p> <\/p>\n","protected":false},"excerpt":{"rendered":"<p>Con un importante n\u00famero de participantes, se realiz\u00f3 el 1\u00b0 encuentro de tenis en las instalaciones del Club Automoto. Grandes y chicos, provenientes de Sierra de la Ventana, Saldungaray, Villa Ventana, Bah\u00eda Blanca y Tornquist, formaron parte del encuentro, donde la camarader\u00eda y el buen nivel de juego, permite analizar la posibilidad de que jugadores [&hellip;]<\/p>\n","protected":false},"author":1,"featured_media":65157,"comment_status":"closed","ping_status":"open","sticky":false,"template":"","format":"standard","meta":{"footnotes":""},"categories":[55,60,62,52,63],"tags":[],"class_list":["post-65149","post","type-post","status-publish","format-standard","has-post-thumbnail","hentry","category-celt-tv-noticias","category-deporte","category-deportes","category-destacadas","category-magazine-sport"],"yoast_head":"<!-- This site is optimized with the Yoast SEO plugin v19.7.1 - https:\/\/yoast.com\/wordpress\/plugins\/seo\/ -->\n<title>Automoto Tenis realiz\u00f3 su primer encuentro del a\u00f1o (Videos y fotos) - CELTTV<\/title>\n<meta name=\"description\" content=\"Sitio web de noticias de la localidad de Tornquist, provincia de Buenos Aires, Rep\u00fablica Argentina. Contenido propio originado por periodistas de CELTTV, el canal de TV local de la Cooperativa El\u00e9ctrica de Tornquist. Turismo, Pol\u00edtica, Sociedad, Deporte, Cultura y todo el contenido de inter\u00e9s general que la gente del pueblo y la regi\u00f3n debe conocer.\" \/>\n<meta name=\"robots\" content=\"index, follow, max-snippet:-1, max-image-preview:large, max-video-preview:-1\" \/>\n<link rel=\"canonical\" href=\"https:\/\/www.celttv.com.ar\/index.php\/2022\/04\/11\/automoto-tenis-realizo-su-primer-encuentro-del-ano-videos-y-fotos\/\" \/>\n<meta property=\"og:locale\" content=\"es_ES\" \/>\n<meta property=\"og:type\" content=\"article\" \/>\n<meta property=\"og:title\" content=\"Automoto Tenis realiz\u00f3 su primer encuentro del a\u00f1o (Videos y fotos) - CELTTV\" \/>\n<meta property=\"og:description\" content=\"Sitio web de noticias de la localidad de Tornquist, provincia de Buenos Aires, Rep\u00fablica Argentina. Contenido propio originado por periodistas de CELTTV, el canal de TV local de la Cooperativa El\u00e9ctrica de Tornquist. Turismo, Pol\u00edtica, Sociedad, Deporte, Cultura y todo el contenido de inter\u00e9s general que la gente del pueblo y la regi\u00f3n debe conocer.\" \/>\n<meta property=\"og:url\" content=\"https:\/\/www.celttv.com.ar\/index.php\/2022\/04\/11\/automoto-tenis-realizo-su-primer-encuentro-del-ano-videos-y-fotos\/\" \/>\n<meta property=\"og:site_name\" content=\"CELTTV\" \/>\n<meta property=\"article:publisher\" content=\"https:\/\/www.facebook.com\/celtTV\/\" \/>\n<meta property=\"article:published_time\" content=\"2022-04-11T17:42:34+00:00\" \/>\n<meta property=\"og:image\" content=\"https:\/\/www.celttv.com.ar\/wp-content\/uploads\/2022\/04\/c1143cd1-98f9-41a8-a00d-2b06a7c4b6e7-1.jpg\" \/>\n\t<meta property=\"og:image:width\" content=\"1063\" \/>\n\t<meta property=\"og:image:height\" content=\"803\" \/>\n\t<meta property=\"og:image:type\" content=\"image\/jpeg\" \/>\n<meta name=\"author\" content=\"ulises\" \/>\n<meta name=\"twitter:card\" content=\"summary_large_image\" \/>\n<meta name=\"twitter:label1\" content=\"Escrito por\" \/>\n\t<meta name=\"twitter:data1\" content=\"ulises\" \/>\n\t<meta name=\"twitter:label2\" content=\"Tiempo de lectura\" \/>\n\t<meta name=\"twitter:data2\" content=\"1 minuto\" \/>\n<script type=\"application\/ld+json\" class=\"yoast-schema-graph\">{\"@context\":\"https:\/\/schema.org\",\"@graph\":[{\"@type\":\"NewsArticle\",\"@id\":\"https:\/\/www.celttv.com.ar\/index.php\/2022\/04\/11\/automoto-tenis-realizo-su-primer-encuentro-del-ano-videos-y-fotos\/#article\",\"isPartOf\":{\"@id\":\"https:\/\/www.celttv.com.ar\/index.php\/2022\/04\/11\/automoto-tenis-realizo-su-primer-encuentro-del-ano-videos-y-fotos\/\"},\"author\":{\"name\":\"ulises\",\"@id\":\"https:\/\/www.celttv.com.ar\/#\/schema\/person\/6d99c072dba59953809c81446e9d0ace\"},\"headline\":\"Automoto Tenis realiz\u00f3 su primer encuentro del a\u00f1o (Videos y fotos)\",\"datePublished\":\"2022-04-11T17:42:34+00:00\",\"dateModified\":\"2022-04-11T17:42:34+00:00\",\"mainEntityOfPage\":{\"@id\":\"https:\/\/www.celttv.com.ar\/index.php\/2022\/04\/11\/automoto-tenis-realizo-su-primer-encuentro-del-ano-videos-y-fotos\/\"},\"wordCount\":179,\"publisher\":{\"@id\":\"https:\/\/www.celttv.com.ar\/#organization\"},\"articleSection\":[\"Celt TV Noticias\",\"Deporte\",\"Deportes\",\"Destacadas\",\"Magazine Sport\"],\"inLanguage\":\"es\"},{\"@type\":\"WebPage\",\"@id\":\"https:\/\/www.celttv.com.ar\/index.php\/2022\/04\/11\/automoto-tenis-realizo-su-primer-encuentro-del-ano-videos-y-fotos\/\",\"url\":\"https:\/\/www.celttv.com.ar\/index.php\/2022\/04\/11\/automoto-tenis-realizo-su-primer-encuentro-del-ano-videos-y-fotos\/\",\"name\":\"Automoto Tenis realiz\u00f3 su primer encuentro del a\u00f1o (Videos y fotos) - CELTTV\",\"isPartOf\":{\"@id\":\"https:\/\/www.celttv.com.ar\/#website\"},\"datePublished\":\"2022-04-11T17:42:34+00:00\",\"dateModified\":\"2022-04-11T17:42:34+00:00\",\"description\":\"Sitio web de noticias de la localidad de Tornquist, provincia de Buenos Aires, Rep\u00fablica Argentina. Contenido propio originado por periodistas de CELTTV, el canal de TV local de la Cooperativa El\u00e9ctrica de Tornquist. Turismo, Pol\u00edtica, Sociedad, Deporte, Cultura y todo el contenido de inter\u00e9s general que la gente del pueblo y la regi\u00f3n debe conocer.\",\"breadcrumb\":{\"@id\":\"https:\/\/www.celttv.com.ar\/index.php\/2022\/04\/11\/automoto-tenis-realizo-su-primer-encuentro-del-ano-videos-y-fotos\/#breadcrumb\"},\"inLanguage\":\"es\",\"potentialAction\":[{\"@type\":\"ReadAction\",\"target\":[\"https:\/\/www.celttv.com.ar\/index.php\/2022\/04\/11\/automoto-tenis-realizo-su-primer-encuentro-del-ano-videos-y-fotos\/\"]}]},{\"@type\":\"BreadcrumbList\",\"@id\":\"https:\/\/www.celttv.com.ar\/index.php\/2022\/04\/11\/automoto-tenis-realizo-su-primer-encuentro-del-ano-videos-y-fotos\/#breadcrumb\",\"itemListElement\":[{\"@type\":\"ListItem\",\"position\":1,\"name\":\"Inicio\",\"item\":\"https:\/\/www.celttv.com.ar\/\"},{\"@type\":\"ListItem\",\"position\":2,\"name\":\"Automoto Tenis realiz\u00f3 su primer encuentro del a\u00f1o (Videos y fotos)\"}]},{\"@type\":\"WebSite\",\"@id\":\"https:\/\/www.celttv.com.ar\/#website\",\"url\":\"https:\/\/www.celttv.com.ar\/\",\"name\":\"CELTTV\",\"description\":\"Cooperativa El\u00e9ctrica de Tornquist\",\"publisher\":{\"@id\":\"https:\/\/www.celttv.com.ar\/#organization\"},\"potentialAction\":[{\"@type\":\"SearchAction\",\"target\":{\"@type\":\"EntryPoint\",\"urlTemplate\":\"https:\/\/www.celttv.com.ar\/?s={search_term_string}\"},\"query-input\":\"required name=search_term_string\"}],\"inLanguage\":\"es\"},{\"@type\":\"Organization\",\"@id\":\"https:\/\/www.celttv.com.ar\/#organization\",\"name\":\"CELTTV\",\"url\":\"https:\/\/www.celttv.com.ar\/\",\"sameAs\":[\"https:\/\/www.youtube.com\/channel\/UCz_oIt8Hig64Ub-EmcNPIhg\",\"https:\/\/www.facebook.com\/celtTV\/\"],\"logo\":{\"@type\":\"ImageObject\",\"inLanguage\":\"es\",\"@id\":\"https:\/\/www.celttv.com.ar\/#\/schema\/logo\/image\/\",\"url\":\"http:\/\/www.celttv.com.ar\/wp-content\/uploads\/2022\/08\/logo-1.png\",\"contentUrl\":\"http:\/\/www.celttv.com.ar\/wp-content\/uploads\/2022\/08\/logo-1.png\",\"width\":461,\"height\":159,\"caption\":\"CELTTV\"},\"image\":{\"@id\":\"https:\/\/www.celttv.com.ar\/#\/schema\/logo\/image\/\"}},{\"@type\":\"Person\",\"@id\":\"https:\/\/www.celttv.com.ar\/#\/schema\/person\/6d99c072dba59953809c81446e9d0ace\",\"name\":\"ulises\",\"image\":{\"@type\":\"ImageObject\",\"inLanguage\":\"es\",\"@id\":\"https:\/\/www.celttv.com.ar\/#\/schema\/person\/image\/\",\"url\":\"https:\/\/secure.gravatar.com\/avatar\/7f2c48bdc33b30088f941fb6082e555f2874c98e20cb159d7b92b50eadfce793?s=96&d=mm&r=g\",\"contentUrl\":\"https:\/\/secure.gravatar.com\/avatar\/7f2c48bdc33b30088f941fb6082e555f2874c98e20cb159d7b92b50eadfce793?s=96&d=mm&r=g\",\"caption\":\"ulises\"},\"sameAs\":[\"http:\/\/www.celttv.com.ar\"]}]}<\/script>\n<!-- \/ Yoast SEO plugin. -->","yoast_head_json":{"title":"Automoto Tenis realiz\u00f3 su primer encuentro del a\u00f1o (Videos y fotos) - CELTTV","description":"Sitio web de noticias de la localidad de Tornquist, provincia de Buenos Aires, Rep\u00fablica Argentina. Contenido propio originado por periodistas de CELTTV, el canal de TV local de la Cooperativa El\u00e9ctrica de Tornquist. Turismo, Pol\u00edtica, Sociedad, Deporte, Cultura y todo el contenido de inter\u00e9s general que la gente del pueblo y la regi\u00f3n debe conocer.","robots":{"index":"index","follow":"follow","max-snippet":"max-snippet:-1","max-image-preview":"max-image-preview:large","max-video-preview":"max-video-preview:-1"},"canonical":"https:\/\/www.celttv.com.ar\/index.php\/2022\/04\/11\/automoto-tenis-realizo-su-primer-encuentro-del-ano-videos-y-fotos\/","og_locale":"es_ES","og_type":"article","og_title":"Automoto Tenis realiz\u00f3 su primer encuentro del a\u00f1o (Videos y fotos) - CELTTV","og_description":"Sitio web de noticias de la localidad de Tornquist, provincia de Buenos Aires, Rep\u00fablica Argentina. Contenido propio originado por periodistas de CELTTV, el canal de TV local de la Cooperativa El\u00e9ctrica de Tornquist. Turismo, Pol\u00edtica, Sociedad, Deporte, Cultura y todo el contenido de inter\u00e9s general que la gente del pueblo y la regi\u00f3n debe conocer.","og_url":"https:\/\/www.celttv.com.ar\/index.php\/2022\/04\/11\/automoto-tenis-realizo-su-primer-encuentro-del-ano-videos-y-fotos\/","og_site_name":"CELTTV","article_publisher":"https:\/\/www.facebook.com\/celtTV\/","article_published_time":"2022-04-11T17:42:34+00:00","og_image":[{"width":1063,"height":803,"url":"https:\/\/www.celttv.com.ar\/wp-content\/uploads\/2022\/04\/c1143cd1-98f9-41a8-a00d-2b06a7c4b6e7-1.jpg","type":"image\/jpeg"}],"author":"ulises","twitter_card":"summary_large_image","twitter_misc":{"Escrito por":"ulises","Tiempo de lectura":"1 minuto"},"schema":{"@context":"https:\/\/schema.org","@graph":[{"@type":"NewsArticle","@id":"https:\/\/www.celttv.com.ar\/index.php\/2022\/04\/11\/automoto-tenis-realizo-su-primer-encuentro-del-ano-videos-y-fotos\/#article","isPartOf":{"@id":"https:\/\/www.celttv.com.ar\/index.php\/2022\/04\/11\/automoto-tenis-realizo-su-primer-encuentro-del-ano-videos-y-fotos\/"},"author":{"name":"ulises","@id":"https:\/\/www.celttv.com.ar\/#\/schema\/person\/6d99c072dba59953809c81446e9d0ace"},"headline":"Automoto Tenis realiz\u00f3 su primer encuentro del a\u00f1o (Videos y fotos)","datePublished":"2022-04-11T17:42:34+00:00","dateModified":"2022-04-11T17:42:34+00:00","mainEntityOfPage":{"@id":"https:\/\/www.celttv.com.ar\/index.php\/2022\/04\/11\/automoto-tenis-realizo-su-primer-encuentro-del-ano-videos-y-fotos\/"},"wordCount":179,"publisher":{"@id":"https:\/\/www.celttv.com.ar\/#organization"},"articleSection":["Celt TV Noticias","Deporte","Deportes","Destacadas","Magazine Sport"],"inLanguage":"es"},{"@type":"WebPage","@id":"https:\/\/www.celttv.com.ar\/index.php\/2022\/04\/11\/automoto-tenis-realizo-su-primer-encuentro-del-ano-videos-y-fotos\/","url":"https:\/\/www.celttv.com.ar\/index.php\/2022\/04\/11\/automoto-tenis-realizo-su-primer-encuentro-del-ano-videos-y-fotos\/","name":"Automoto Tenis realiz\u00f3 su primer encuentro del a\u00f1o (Videos y fotos) - CELTTV","isPartOf":{"@id":"https:\/\/www.celttv.com.ar\/#website"},"datePublished":"2022-04-11T17:42:34+00:00","dateModified":"2022-04-11T17:42:34+00:00","description":"Sitio web de noticias de la localidad de Tornquist, provincia de Buenos Aires, Rep\u00fablica Argentina. Contenido propio originado por periodistas de CELTTV, el canal de TV local de la Cooperativa El\u00e9ctrica de Tornquist. Turismo, Pol\u00edtica, Sociedad, Deporte, Cultura y todo el contenido de inter\u00e9s general que la gente del pueblo y la regi\u00f3n debe conocer.","breadcrumb":{"@id":"https:\/\/www.celttv.com.ar\/index.php\/2022\/04\/11\/automoto-tenis-realizo-su-primer-encuentro-del-ano-videos-y-fotos\/#breadcrumb"},"inLanguage":"es","potentialAction":[{"@type":"ReadAction","target":["https:\/\/www.celttv.com.ar\/index.php\/2022\/04\/11\/automoto-tenis-realizo-su-primer-encuentro-del-ano-videos-y-fotos\/"]}]},{"@type":"BreadcrumbList","@id":"https:\/\/www.celttv.com.ar\/index.php\/2022\/04\/11\/automoto-tenis-realizo-su-primer-encuentro-del-ano-videos-y-fotos\/#breadcrumb","itemListElement":[{"@type":"ListItem","position":1,"name":"Inicio","item":"https:\/\/www.celttv.com.ar\/"},{"@type":"ListItem","position":2,"name":"Automoto Tenis realiz\u00f3 su primer encuentro del a\u00f1o (Videos y fotos)"}]},{"@type":"WebSite","@id":"https:\/\/www.celttv.com.ar\/#website","url":"https:\/\/www.celttv.com.ar\/","name":"CELTTV","description":"Cooperativa El\u00e9ctrica de Tornquist","publisher":{"@id":"https:\/\/www.celttv.com.ar\/#organization"},"potentialAction":[{"@type":"SearchAction","target":{"@type":"EntryPoint","urlTemplate":"https:\/\/www.celttv.com.ar\/?s={search_term_string}"},"query-input":"required name=search_term_string"}],"inLanguage":"es"},{"@type":"Organization","@id":"https:\/\/www.celttv.com.ar\/#organization","name":"CELTTV","url":"https:\/\/www.celttv.com.ar\/","sameAs":["https:\/\/www.youtube.com\/channel\/UCz_oIt8Hig64Ub-EmcNPIhg","https:\/\/www.facebook.com\/celtTV\/"],"logo":{"@type":"ImageObject","inLanguage":"es","@id":"https:\/\/www.celttv.com.ar\/#\/schema\/logo\/image\/","url":"http:\/\/www.celttv.com.ar\/wp-content\/uploads\/2022\/08\/logo-1.png","contentUrl":"http:\/\/www.celttv.com.ar\/wp-content\/uploads\/2022\/08\/logo-1.png","width":461,"height":159,"caption":"CELTTV"},"image":{"@id":"https:\/\/www.celttv.com.ar\/#\/schema\/logo\/image\/"}},{"@type":"Person","@id":"https:\/\/www.celttv.com.ar\/#\/schema\/person\/6d99c072dba59953809c81446e9d0ace","name":"ulises","image":{"@type":"ImageObject","inLanguage":"es","@id":"https:\/\/www.celttv.com.ar\/#\/schema\/person\/image\/","url":"https:\/\/secure.gravatar.com\/avatar\/7f2c48bdc33b30088f941fb6082e555f2874c98e20cb159d7b92b50eadfce793?s=96&d=mm&r=g","contentUrl":"https:\/\/secure.gravatar.com\/avatar\/7f2c48bdc33b30088f941fb6082e555f2874c98e20cb159d7b92b50eadfce793?s=96&d=mm&r=g","caption":"ulises"},"sameAs":["http:\/\/www.celttv.com.ar"]}]}},"_links":{"self":[{"href":"https:\/\/www.celttv.com.ar\/index.php\/wp-json\/wp\/v2\/posts\/65149","targetHints":{"allow":["GET"]}}],"collection":[{"href":"https:\/\/www.celttv.com.ar\/index.php\/wp-json\/wp\/v2\/posts"}],"about":[{"href":"https:\/\/www.celttv.com.ar\/index.php\/wp-json\/wp\/v2\/types\/post"}],"author":[{"embeddable":true,"href":"https:\/\/www.celttv.com.ar\/index.php\/wp-json\/wp\/v2\/users\/1"}],"replies":[{"embeddable":true,"href":"https:\/\/www.celttv.com.ar\/index.php\/wp-json\/wp\/v2\/comments?post=65149"}],"version-history":[{"count":0,"href":"https:\/\/www.celttv.com.ar\/index.php\/wp-json\/wp\/v2\/posts\/65149\/revisions"}],"wp:featuredmedia":[{"embeddable":true,"href":"https:\/\/www.celttv.com.ar\/index.php\/wp-json\/wp\/v2\/media\/65157"}],"wp:attachment":[{"href":"https:\/\/www.celttv.com.ar\/index.php\/wp-json\/wp\/v2\/media?parent=65149"}],"wp:term":[{"taxonomy":"category","embeddable":true,"href":"https:\/\/www.celttv.com.ar\/index.php\/wp-json\/wp\/v2\/categories?post=65149"},{"taxonomy":"post_tag","embeddable":true,"href":"https:\/\/www.celttv.com.ar\/index.php\/wp-json\/wp\/v2\/tags?post=65149"}],"curies":[{"name":"wp","href":"https:\/\/api.w.org\/{rel}","templated":true}]}}