{"id":65158,"date":"2022-04-11T17:53:54","date_gmt":"2022-04-11T17:53:54","guid":{"rendered":"http:\/\/www.celttv.com.ar\/?p=65158"},"modified":"2022-04-11T17:53:54","modified_gmt":"2022-04-11T17:53:54","slug":"viaje-torneo-y-homenaje-de-los-atletas-del-distrito-a-los-ex-combatientes-de-malvinas","status":"publish","type":"post","link":"https:\/\/www.celttv.com.ar\/index.php\/2022\/04\/11\/viaje-torneo-y-homenaje-de-los-atletas-del-distrito-a-los-ex-combatientes-de-malvinas\/","title":{"rendered":"Viaje, torneo y homenaje de los atletas del distrito a los ex combatientes de Malvinas"},"content":{"rendered":"\n<p>El pasado s\u00e1bado 9 de abril, se disput\u00f3 en la ciudad de Mar del Plata el torneo H\u00e9roes de Malvinas, organizado por la Federaci\u00f3n\u00a0 Marplatense de Atletismo en conjunto con el Centro de Ex Combatientes de Malvinas. <\/p>\n\n\n<p>Dicho encuentro permiti\u00f3 la participaci\u00f3n de las categorias m\u00e1s peque\u00f1as u10 y u12, como asi tambien de las m\u00e1s grandes (desde u14 hasta mayores), por lo que se decidi\u00f3 en conjunto con los padres y madres de los atletas, participar. <\/p>\n\n\n<p>La delegaci\u00f3n arribo con 60 personas, de las cuales concurrieron 49 atletas provenientes de las localidades de Chasic\u00f3, Sierra de la Ventana, Tornquist, Saldungaray, y Villa Ventana. <\/p>\n\n\n<p>M\u00e1s all\u00e1 de haber cosechado gran cantidad de medallas y excelentes marcas, el torneo fue una fiesta por donde se lo mire. <\/p>\n\n\n<p>Participaron del mismo, delegaciones de Pinamar, Olavarria, Tandil, Necochea, Tordillo, y la ciudad anfitriona, albergando un total de 300 atletas. <\/p>\n\n\n<p>Muchos de los atletas tornquistenses debutaban dentro de una pista de material sint\u00e9tico, y varios de ellos, era la primera vez que viajaban a la ciudad balnearia. Y como frutilla del postre, la Federacion organizadora le entreg\u00f3 un presente a nuestro entrenador, ex atleta marplatense y ex combatiente de malvinas Quique Cabral en reconocimiento por su trayectoria, incansable lucha y promoci\u00f3n del deporte atl\u00e9tico. <\/p>\n\n\n<p>Luego del torneo, y ya en el hotel, se reconoci\u00f3 a cada deportista por su aporte dentro del equipo, gener\u00e1ndose un momento emotivo. <\/p>\n\n\n<p>Para finalizar el viaje, el domingo 10 se realizaron actividades de mar, playa y puerto aprovechando el inmejorable clima que nos acompa\u00f1o. <\/p>\n\n\n<p>Felicitamos a los y las atletas, a los padres y madres, y a los profes por seguir apostando al deporte como una herramienta de libertad y educaci\u00f3n.<\/p>\n\n\n<p>INFORME: Atletismo Tornquist.<\/p>\n\n\n<figure class=\"wp-block-image size-large\"><img loading=\"lazy\" decoding=\"async\" width=\"853\" height=\"853\" src=\"http:\/\/www.celttv.com.ar\/wp-content\/uploads\/2022\/04\/278331202_2910665032487544_3767494914762644693_n.jpg\" alt=\"\" class=\"wp-image-65159\" srcset=\"https:\/\/www.celttv.com.ar\/wp-content\/uploads\/2022\/04\/278331202_2910665032487544_3767494914762644693_n.jpg 853w, https:\/\/www.celttv.com.ar\/wp-content\/uploads\/2022\/04\/278331202_2910665032487544_3767494914762644693_n-300x300.jpg 300w, https:\/\/www.celttv.com.ar\/wp-content\/uploads\/2022\/04\/278331202_2910665032487544_3767494914762644693_n-150x150.jpg 150w, https:\/\/www.celttv.com.ar\/wp-content\/uploads\/2022\/04\/278331202_2910665032487544_3767494914762644693_n-768x768.jpg 768w, https:\/\/www.celttv.com.ar\/wp-content\/uploads\/2022\/04\/278331202_2910665032487544_3767494914762644693_n-75x75.jpg 75w, https:\/\/www.celttv.com.ar\/wp-content\/uploads\/2022\/04\/278331202_2910665032487544_3767494914762644693_n-750x750.jpg 750w\" sizes=\"auto, (max-width: 853px) 100vw, 853px\" \/><\/figure>\n\n\n<figure class=\"wp-block-image size-large\"><img loading=\"lazy\" decoding=\"async\" width=\"853\" height=\"853\" src=\"http:\/\/www.celttv.com.ar\/wp-content\/uploads\/2022\/04\/278319957_2910665012487546_8347170028933707644_n.jpg\" alt=\"\" class=\"wp-image-65161\" srcset=\"https:\/\/www.celttv.com.ar\/wp-content\/uploads\/2022\/04\/278319957_2910665012487546_8347170028933707644_n.jpg 853w, https:\/\/www.celttv.com.ar\/wp-content\/uploads\/2022\/04\/278319957_2910665012487546_8347170028933707644_n-300x300.jpg 300w, https:\/\/www.celttv.com.ar\/wp-content\/uploads\/2022\/04\/278319957_2910665012487546_8347170028933707644_n-150x150.jpg 150w, https:\/\/www.celttv.com.ar\/wp-content\/uploads\/2022\/04\/278319957_2910665012487546_8347170028933707644_n-768x768.jpg 768w, https:\/\/www.celttv.com.ar\/wp-content\/uploads\/2022\/04\/278319957_2910665012487546_8347170028933707644_n-75x75.jpg 75w, https:\/\/www.celttv.com.ar\/wp-content\/uploads\/2022\/04\/278319957_2910665012487546_8347170028933707644_n-750x750.jpg 750w\" sizes=\"auto, (max-width: 853px) 100vw, 853px\" \/><\/figure>\n\n\n<figure class=\"wp-block-image size-large\"><img loading=\"lazy\" decoding=\"async\" width=\"853\" height=\"853\" src=\"http:\/\/www.celttv.com.ar\/wp-content\/uploads\/2022\/04\/278372020_2910665039154210_1943296916980331941_n.jpg\" alt=\"\" class=\"wp-image-65160\" srcset=\"https:\/\/www.celttv.com.ar\/wp-content\/uploads\/2022\/04\/278372020_2910665039154210_1943296916980331941_n.jpg 853w, https:\/\/www.celttv.com.ar\/wp-content\/uploads\/2022\/04\/278372020_2910665039154210_1943296916980331941_n-300x300.jpg 300w, https:\/\/www.celttv.com.ar\/wp-content\/uploads\/2022\/04\/278372020_2910665039154210_1943296916980331941_n-150x150.jpg 150w, https:\/\/www.celttv.com.ar\/wp-content\/uploads\/2022\/04\/278372020_2910665039154210_1943296916980331941_n-768x768.jpg 768w, https:\/\/www.celttv.com.ar\/wp-content\/uploads\/2022\/04\/278372020_2910665039154210_1943296916980331941_n-75x75.jpg 75w, https:\/\/www.celttv.com.ar\/wp-content\/uploads\/2022\/04\/278372020_2910665039154210_1943296916980331941_n-750x750.jpg 750w\" sizes=\"auto, (max-width: 853px) 100vw, 853px\" \/><\/figure>\n\n\n<figure class=\"wp-block-image size-large\"><img loading=\"lazy\" decoding=\"async\" width=\"853\" height=\"853\" src=\"http:\/\/www.celttv.com.ar\/wp-content\/uploads\/2022\/04\/278378525_2910665025820878_2698777121863065387_n.jpg\" alt=\"\" class=\"wp-image-65162\" srcset=\"https:\/\/www.celttv.com.ar\/wp-content\/uploads\/2022\/04\/278378525_2910665025820878_2698777121863065387_n.jpg 853w, https:\/\/www.celttv.com.ar\/wp-content\/uploads\/2022\/04\/278378525_2910665025820878_2698777121863065387_n-300x300.jpg 300w, https:\/\/www.celttv.com.ar\/wp-content\/uploads\/2022\/04\/278378525_2910665025820878_2698777121863065387_n-150x150.jpg 150w, https:\/\/www.celttv.com.ar\/wp-content\/uploads\/2022\/04\/278378525_2910665025820878_2698777121863065387_n-768x768.jpg 768w, https:\/\/www.celttv.com.ar\/wp-content\/uploads\/2022\/04\/278378525_2910665025820878_2698777121863065387_n-75x75.jpg 75w, https:\/\/www.celttv.com.ar\/wp-content\/uploads\/2022\/04\/278378525_2910665025820878_2698777121863065387_n-750x750.jpg 750w\" sizes=\"auto, (max-width: 853px) 100vw, 853px\" \/><\/figure>\n\n\n<figure class=\"wp-block-image size-large\"><img loading=\"lazy\" decoding=\"async\" width=\"853\" height=\"853\" src=\"http:\/\/www.celttv.com.ar\/wp-content\/uploads\/2022\/04\/278379098_2910665015820879_3047416319884368259_n.jpg\" alt=\"\" class=\"wp-image-65163\" srcset=\"https:\/\/www.celttv.com.ar\/wp-content\/uploads\/2022\/04\/278379098_2910665015820879_3047416319884368259_n.jpg 853w, https:\/\/www.celttv.com.ar\/wp-content\/uploads\/2022\/04\/278379098_2910665015820879_3047416319884368259_n-300x300.jpg 300w, https:\/\/www.celttv.com.ar\/wp-content\/uploads\/2022\/04\/278379098_2910665015820879_3047416319884368259_n-150x150.jpg 150w, https:\/\/www.celttv.com.ar\/wp-content\/uploads\/2022\/04\/278379098_2910665015820879_3047416319884368259_n-768x768.jpg 768w, https:\/\/www.celttv.com.ar\/wp-content\/uploads\/2022\/04\/278379098_2910665015820879_3047416319884368259_n-75x75.jpg 75w, https:\/\/www.celttv.com.ar\/wp-content\/uploads\/2022\/04\/278379098_2910665015820879_3047416319884368259_n-750x750.jpg 750w\" sizes=\"auto, (max-width: 853px) 100vw, 853px\" \/><\/figure>\n\n\n<figure class=\"wp-block-image size-large\"><img loading=\"lazy\" decoding=\"async\" width=\"853\" height=\"853\" src=\"http:\/\/www.celttv.com.ar\/wp-content\/uploads\/2022\/04\/278398734_2910665019154212_7824970412789206672_n.jpg\" alt=\"\" class=\"wp-image-65164\" srcset=\"https:\/\/www.celttv.com.ar\/wp-content\/uploads\/2022\/04\/278398734_2910665019154212_7824970412789206672_n.jpg 853w, https:\/\/www.celttv.com.ar\/wp-content\/uploads\/2022\/04\/278398734_2910665019154212_7824970412789206672_n-300x300.jpg 300w, https:\/\/www.celttv.com.ar\/wp-content\/uploads\/2022\/04\/278398734_2910665019154212_7824970412789206672_n-150x150.jpg 150w, https:\/\/www.celttv.com.ar\/wp-content\/uploads\/2022\/04\/278398734_2910665019154212_7824970412789206672_n-768x768.jpg 768w, https:\/\/www.celttv.com.ar\/wp-content\/uploads\/2022\/04\/278398734_2910665019154212_7824970412789206672_n-75x75.jpg 75w, https:\/\/www.celttv.com.ar\/wp-content\/uploads\/2022\/04\/278398734_2910665019154212_7824970412789206672_n-750x750.jpg 750w\" sizes=\"auto, (max-width: 853px) 100vw, 853px\" \/><\/figure>\n\n\n<figure class=\"wp-block-image size-large\"><img loading=\"lazy\" decoding=\"async\" width=\"853\" height=\"853\" src=\"http:\/\/www.celttv.com.ar\/wp-content\/uploads\/2022\/04\/278429775_2910665029154211_6808215146479312350_n.jpg\" alt=\"\" class=\"wp-image-65165\" srcset=\"https:\/\/www.celttv.com.ar\/wp-content\/uploads\/2022\/04\/278429775_2910665029154211_6808215146479312350_n.jpg 853w, https:\/\/www.celttv.com.ar\/wp-content\/uploads\/2022\/04\/278429775_2910665029154211_6808215146479312350_n-300x300.jpg 300w, https:\/\/www.celttv.com.ar\/wp-content\/uploads\/2022\/04\/278429775_2910665029154211_6808215146479312350_n-150x150.jpg 150w, https:\/\/www.celttv.com.ar\/wp-content\/uploads\/2022\/04\/278429775_2910665029154211_6808215146479312350_n-768x768.jpg 768w, https:\/\/www.celttv.com.ar\/wp-content\/uploads\/2022\/04\/278429775_2910665029154211_6808215146479312350_n-75x75.jpg 75w, https:\/\/www.celttv.com.ar\/wp-content\/uploads\/2022\/04\/278429775_2910665029154211_6808215146479312350_n-750x750.jpg 750w\" sizes=\"auto, (max-width: 853px) 100vw, 853px\" \/><\/figure>\n\n\n<figure class=\"wp-block-image size-large\"><img loading=\"lazy\" decoding=\"async\" width=\"853\" height=\"853\" src=\"http:\/\/www.celttv.com.ar\/wp-content\/uploads\/2022\/04\/278442277_2910665022487545_190439641951383636_n.jpg\" alt=\"\" class=\"wp-image-65166\" srcset=\"https:\/\/www.celttv.com.ar\/wp-content\/uploads\/2022\/04\/278442277_2910665022487545_190439641951383636_n.jpg 853w, https:\/\/www.celttv.com.ar\/wp-content\/uploads\/2022\/04\/278442277_2910665022487545_190439641951383636_n-300x300.jpg 300w, https:\/\/www.celttv.com.ar\/wp-content\/uploads\/2022\/04\/278442277_2910665022487545_190439641951383636_n-150x150.jpg 150w, https:\/\/www.celttv.com.ar\/wp-content\/uploads\/2022\/04\/278442277_2910665022487545_190439641951383636_n-768x768.jpg 768w, https:\/\/www.celttv.com.ar\/wp-content\/uploads\/2022\/04\/278442277_2910665022487545_190439641951383636_n-75x75.jpg 75w, https:\/\/www.celttv.com.ar\/wp-content\/uploads\/2022\/04\/278442277_2910665022487545_190439641951383636_n-750x750.jpg 750w\" sizes=\"auto, (max-width: 853px) 100vw, 853px\" \/><\/figure>\n\n\n<figure class=\"wp-block-image size-large\"><img loading=\"lazy\" decoding=\"async\" width=\"560\" height=\"560\" src=\"http:\/\/www.celttv.com.ar\/wp-content\/uploads\/2022\/04\/278339407_2910665035820877_7638330538935619855_n.jpg\" alt=\"\" class=\"wp-image-65167\" srcset=\"https:\/\/www.celttv.com.ar\/wp-content\/uploads\/2022\/04\/278339407_2910665035820877_7638330538935619855_n.jpg 560w, https:\/\/www.celttv.com.ar\/wp-content\/uploads\/2022\/04\/278339407_2910665035820877_7638330538935619855_n-300x300.jpg 300w, https:\/\/www.celttv.com.ar\/wp-content\/uploads\/2022\/04\/278339407_2910665035820877_7638330538935619855_n-150x150.jpg 150w, https:\/\/www.celttv.com.ar\/wp-content\/uploads\/2022\/04\/278339407_2910665035820877_7638330538935619855_n-75x75.jpg 75w\" sizes=\"auto, (max-width: 560px) 100vw, 560px\" \/><\/figure>\n","protected":false},"excerpt":{"rendered":"<p>El pasado s\u00e1bado 9 de abril, se disput\u00f3 en la ciudad de Mar del Plata el torneo H\u00e9roes de Malvinas, organizado por la Federaci\u00f3n\u00a0 Marplatense de Atletismo en conjunto con el Centro de Ex Combatientes de Malvinas. Dicho encuentro permiti\u00f3 la participaci\u00f3n de las categorias m\u00e1s peque\u00f1as u10 y u12, como asi tambien de las [&hellip;]<\/p>\n","protected":false},"author":1,"featured_media":65162,"comment_status":"closed","ping_status":"open","sticky":false,"template":"","format":"standard","meta":{"footnotes":""},"categories":[55,60,62,52,63],"tags":[],"class_list":["post-65158","post","type-post","status-publish","format-standard","has-post-thumbnail","hentry","category-celt-tv-noticias","category-deporte","category-deportes","category-destacadas","category-magazine-sport"],"yoast_head":"<!-- This site is optimized with the Yoast SEO plugin v19.7.1 - https:\/\/yoast.com\/wordpress\/plugins\/seo\/ -->\n<title>Viaje, torneo y homenaje de los atletas del distrito a los ex combatientes de Malvinas - CELTTV<\/title>\n<meta name=\"description\" content=\"Sitio web de noticias de la localidad de Tornquist, provincia de Buenos Aires, Rep\u00fablica Argentina. Contenido propio originado por periodistas de CELTTV, el canal de TV local de la Cooperativa El\u00e9ctrica de Tornquist. Turismo, Pol\u00edtica, Sociedad, Deporte, Cultura y todo el contenido de inter\u00e9s general que la gente del pueblo y la regi\u00f3n debe conocer.\" \/>\n<meta name=\"robots\" content=\"index, follow, max-snippet:-1, max-image-preview:large, max-video-preview:-1\" \/>\n<link rel=\"canonical\" href=\"https:\/\/www.celttv.com.ar\/index.php\/2022\/04\/11\/viaje-torneo-y-homenaje-de-los-atletas-del-distrito-a-los-ex-combatientes-de-malvinas\/\" \/>\n<meta property=\"og:locale\" content=\"es_ES\" \/>\n<meta property=\"og:type\" content=\"article\" \/>\n<meta property=\"og:title\" content=\"Viaje, torneo y homenaje de los atletas del distrito a los ex combatientes de Malvinas - CELTTV\" \/>\n<meta property=\"og:description\" content=\"Sitio web de noticias de la localidad de Tornquist, provincia de Buenos Aires, Rep\u00fablica Argentina. Contenido propio originado por periodistas de CELTTV, el canal de TV local de la Cooperativa El\u00e9ctrica de Tornquist. Turismo, Pol\u00edtica, Sociedad, Deporte, Cultura y todo el contenido de inter\u00e9s general que la gente del pueblo y la regi\u00f3n debe conocer.\" \/>\n<meta property=\"og:url\" content=\"https:\/\/www.celttv.com.ar\/index.php\/2022\/04\/11\/viaje-torneo-y-homenaje-de-los-atletas-del-distrito-a-los-ex-combatientes-de-malvinas\/\" \/>\n<meta property=\"og:site_name\" content=\"CELTTV\" \/>\n<meta property=\"article:publisher\" content=\"https:\/\/www.facebook.com\/celtTV\/\" \/>\n<meta property=\"article:published_time\" content=\"2022-04-11T17:53:54+00:00\" \/>\n<meta property=\"og:image\" content=\"https:\/\/www.celttv.com.ar\/wp-content\/uploads\/2022\/04\/278378525_2910665025820878_2698777121863065387_n.jpg\" \/>\n\t<meta property=\"og:image:width\" content=\"853\" \/>\n\t<meta property=\"og:image:height\" content=\"853\" \/>\n\t<meta property=\"og:image:type\" content=\"image\/jpeg\" \/>\n<meta name=\"author\" content=\"ulises\" \/>\n<meta name=\"twitter:card\" content=\"summary_large_image\" \/>\n<meta name=\"twitter:label1\" content=\"Escrito por\" \/>\n\t<meta name=\"twitter:data1\" content=\"ulises\" \/>\n\t<meta name=\"twitter:label2\" content=\"Tiempo de lectura\" \/>\n\t<meta name=\"twitter:data2\" content=\"1 minuto\" \/>\n<script type=\"application\/ld+json\" class=\"yoast-schema-graph\">{\"@context\":\"https:\/\/schema.org\",\"@graph\":[{\"@type\":\"NewsArticle\",\"@id\":\"https:\/\/www.celttv.com.ar\/index.php\/2022\/04\/11\/viaje-torneo-y-homenaje-de-los-atletas-del-distrito-a-los-ex-combatientes-de-malvinas\/#article\",\"isPartOf\":{\"@id\":\"https:\/\/www.celttv.com.ar\/index.php\/2022\/04\/11\/viaje-torneo-y-homenaje-de-los-atletas-del-distrito-a-los-ex-combatientes-de-malvinas\/\"},\"author\":{\"name\":\"ulises\",\"@id\":\"https:\/\/www.celttv.com.ar\/#\/schema\/person\/6d99c072dba59953809c81446e9d0ace\"},\"headline\":\"Viaje, torneo y homenaje de los atletas del distrito a los ex combatientes de Malvinas\",\"datePublished\":\"2022-04-11T17:53:54+00:00\",\"dateModified\":\"2022-04-11T17:53:54+00:00\",\"mainEntityOfPage\":{\"@id\":\"https:\/\/www.celttv.com.ar\/index.php\/2022\/04\/11\/viaje-torneo-y-homenaje-de-los-atletas-del-distrito-a-los-ex-combatientes-de-malvinas\/\"},\"wordCount\":310,\"publisher\":{\"@id\":\"https:\/\/www.celttv.com.ar\/#organization\"},\"articleSection\":[\"Celt TV Noticias\",\"Deporte\",\"Deportes\",\"Destacadas\",\"Magazine Sport\"],\"inLanguage\":\"es\"},{\"@type\":\"WebPage\",\"@id\":\"https:\/\/www.celttv.com.ar\/index.php\/2022\/04\/11\/viaje-torneo-y-homenaje-de-los-atletas-del-distrito-a-los-ex-combatientes-de-malvinas\/\",\"url\":\"https:\/\/www.celttv.com.ar\/index.php\/2022\/04\/11\/viaje-torneo-y-homenaje-de-los-atletas-del-distrito-a-los-ex-combatientes-de-malvinas\/\",\"name\":\"Viaje, torneo y homenaje de los atletas del distrito a los ex combatientes de Malvinas - CELTTV\",\"isPartOf\":{\"@id\":\"https:\/\/www.celttv.com.ar\/#website\"},\"datePublished\":\"2022-04-11T17:53:54+00:00\",\"dateModified\":\"2022-04-11T17:53:54+00:00\",\"description\":\"Sitio web de noticias de la localidad de Tornquist, provincia de Buenos Aires, Rep\u00fablica Argentina. Contenido propio originado por periodistas de CELTTV, el canal de TV local de la Cooperativa El\u00e9ctrica de Tornquist. Turismo, Pol\u00edtica, Sociedad, Deporte, Cultura y todo el contenido de inter\u00e9s general que la gente del pueblo y la regi\u00f3n debe conocer.\",\"breadcrumb\":{\"@id\":\"https:\/\/www.celttv.com.ar\/index.php\/2022\/04\/11\/viaje-torneo-y-homenaje-de-los-atletas-del-distrito-a-los-ex-combatientes-de-malvinas\/#breadcrumb\"},\"inLanguage\":\"es\",\"potentialAction\":[{\"@type\":\"ReadAction\",\"target\":[\"https:\/\/www.celttv.com.ar\/index.php\/2022\/04\/11\/viaje-torneo-y-homenaje-de-los-atletas-del-distrito-a-los-ex-combatientes-de-malvinas\/\"]}]},{\"@type\":\"BreadcrumbList\",\"@id\":\"https:\/\/www.celttv.com.ar\/index.php\/2022\/04\/11\/viaje-torneo-y-homenaje-de-los-atletas-del-distrito-a-los-ex-combatientes-de-malvinas\/#breadcrumb\",\"itemListElement\":[{\"@type\":\"ListItem\",\"position\":1,\"name\":\"Inicio\",\"item\":\"https:\/\/www.celttv.com.ar\/\"},{\"@type\":\"ListItem\",\"position\":2,\"name\":\"Viaje, torneo y homenaje de los atletas del distrito a los ex combatientes de Malvinas\"}]},{\"@type\":\"WebSite\",\"@id\":\"https:\/\/www.celttv.com.ar\/#website\",\"url\":\"https:\/\/www.celttv.com.ar\/\",\"name\":\"CELTTV\",\"description\":\"Cooperativa El\u00e9ctrica de Tornquist\",\"publisher\":{\"@id\":\"https:\/\/www.celttv.com.ar\/#organization\"},\"potentialAction\":[{\"@type\":\"SearchAction\",\"target\":{\"@type\":\"EntryPoint\",\"urlTemplate\":\"https:\/\/www.celttv.com.ar\/?s={search_term_string}\"},\"query-input\":\"required name=search_term_string\"}],\"inLanguage\":\"es\"},{\"@type\":\"Organization\",\"@id\":\"https:\/\/www.celttv.com.ar\/#organization\",\"name\":\"CELTTV\",\"url\":\"https:\/\/www.celttv.com.ar\/\",\"sameAs\":[\"https:\/\/www.youtube.com\/channel\/UCz_oIt8Hig64Ub-EmcNPIhg\",\"https:\/\/www.facebook.com\/celtTV\/\"],\"logo\":{\"@type\":\"ImageObject\",\"inLanguage\":\"es\",\"@id\":\"https:\/\/www.celttv.com.ar\/#\/schema\/logo\/image\/\",\"url\":\"http:\/\/www.celttv.com.ar\/wp-content\/uploads\/2022\/08\/logo-1.png\",\"contentUrl\":\"http:\/\/www.celttv.com.ar\/wp-content\/uploads\/2022\/08\/logo-1.png\",\"width\":461,\"height\":159,\"caption\":\"CELTTV\"},\"image\":{\"@id\":\"https:\/\/www.celttv.com.ar\/#\/schema\/logo\/image\/\"}},{\"@type\":\"Person\",\"@id\":\"https:\/\/www.celttv.com.ar\/#\/schema\/person\/6d99c072dba59953809c81446e9d0ace\",\"name\":\"ulises\",\"image\":{\"@type\":\"ImageObject\",\"inLanguage\":\"es\",\"@id\":\"https:\/\/www.celttv.com.ar\/#\/schema\/person\/image\/\",\"url\":\"https:\/\/secure.gravatar.com\/avatar\/7f2c48bdc33b30088f941fb6082e555f2874c98e20cb159d7b92b50eadfce793?s=96&d=mm&r=g\",\"contentUrl\":\"https:\/\/secure.gravatar.com\/avatar\/7f2c48bdc33b30088f941fb6082e555f2874c98e20cb159d7b92b50eadfce793?s=96&d=mm&r=g\",\"caption\":\"ulises\"},\"sameAs\":[\"http:\/\/www.celttv.com.ar\"]}]}<\/script>\n<!-- \/ Yoast SEO plugin. -->","yoast_head_json":{"title":"Viaje, torneo y homenaje de los atletas del distrito a los ex combatientes de Malvinas - CELTTV","description":"Sitio web de noticias de la localidad de Tornquist, provincia de Buenos Aires, Rep\u00fablica Argentina. Contenido propio originado por periodistas de CELTTV, el canal de TV local de la Cooperativa El\u00e9ctrica de Tornquist. Turismo, Pol\u00edtica, Sociedad, Deporte, Cultura y todo el contenido de inter\u00e9s general que la gente del pueblo y la regi\u00f3n debe conocer.","robots":{"index":"index","follow":"follow","max-snippet":"max-snippet:-1","max-image-preview":"max-image-preview:large","max-video-preview":"max-video-preview:-1"},"canonical":"https:\/\/www.celttv.com.ar\/index.php\/2022\/04\/11\/viaje-torneo-y-homenaje-de-los-atletas-del-distrito-a-los-ex-combatientes-de-malvinas\/","og_locale":"es_ES","og_type":"article","og_title":"Viaje, torneo y homenaje de los atletas del distrito a los ex combatientes de Malvinas - CELTTV","og_description":"Sitio web de noticias de la localidad de Tornquist, provincia de Buenos Aires, Rep\u00fablica Argentina. Contenido propio originado por periodistas de CELTTV, el canal de TV local de la Cooperativa El\u00e9ctrica de Tornquist. Turismo, Pol\u00edtica, Sociedad, Deporte, Cultura y todo el contenido de inter\u00e9s general que la gente del pueblo y la regi\u00f3n debe conocer.","og_url":"https:\/\/www.celttv.com.ar\/index.php\/2022\/04\/11\/viaje-torneo-y-homenaje-de-los-atletas-del-distrito-a-los-ex-combatientes-de-malvinas\/","og_site_name":"CELTTV","article_publisher":"https:\/\/www.facebook.com\/celtTV\/","article_published_time":"2022-04-11T17:53:54+00:00","og_image":[{"width":853,"height":853,"url":"https:\/\/www.celttv.com.ar\/wp-content\/uploads\/2022\/04\/278378525_2910665025820878_2698777121863065387_n.jpg","type":"image\/jpeg"}],"author":"ulises","twitter_card":"summary_large_image","twitter_misc":{"Escrito por":"ulises","Tiempo de lectura":"1 minuto"},"schema":{"@context":"https:\/\/schema.org","@graph":[{"@type":"NewsArticle","@id":"https:\/\/www.celttv.com.ar\/index.php\/2022\/04\/11\/viaje-torneo-y-homenaje-de-los-atletas-del-distrito-a-los-ex-combatientes-de-malvinas\/#article","isPartOf":{"@id":"https:\/\/www.celttv.com.ar\/index.php\/2022\/04\/11\/viaje-torneo-y-homenaje-de-los-atletas-del-distrito-a-los-ex-combatientes-de-malvinas\/"},"author":{"name":"ulises","@id":"https:\/\/www.celttv.com.ar\/#\/schema\/person\/6d99c072dba59953809c81446e9d0ace"},"headline":"Viaje, torneo y homenaje de los atletas del distrito a los ex combatientes de Malvinas","datePublished":"2022-04-11T17:53:54+00:00","dateModified":"2022-04-11T17:53:54+00:00","mainEntityOfPage":{"@id":"https:\/\/www.celttv.com.ar\/index.php\/2022\/04\/11\/viaje-torneo-y-homenaje-de-los-atletas-del-distrito-a-los-ex-combatientes-de-malvinas\/"},"wordCount":310,"publisher":{"@id":"https:\/\/www.celttv.com.ar\/#organization"},"articleSection":["Celt TV Noticias","Deporte","Deportes","Destacadas","Magazine Sport"],"inLanguage":"es"},{"@type":"WebPage","@id":"https:\/\/www.celttv.com.ar\/index.php\/2022\/04\/11\/viaje-torneo-y-homenaje-de-los-atletas-del-distrito-a-los-ex-combatientes-de-malvinas\/","url":"https:\/\/www.celttv.com.ar\/index.php\/2022\/04\/11\/viaje-torneo-y-homenaje-de-los-atletas-del-distrito-a-los-ex-combatientes-de-malvinas\/","name":"Viaje, torneo y homenaje de los atletas del distrito a los ex combatientes de Malvinas - CELTTV","isPartOf":{"@id":"https:\/\/www.celttv.com.ar\/#website"},"datePublished":"2022-04-11T17:53:54+00:00","dateModified":"2022-04-11T17:53:54+00:00","description":"Sitio web de noticias de la localidad de Tornquist, provincia de Buenos Aires, Rep\u00fablica Argentina. Contenido propio originado por periodistas de CELTTV, el canal de TV local de la Cooperativa El\u00e9ctrica de Tornquist. Turismo, Pol\u00edtica, Sociedad, Deporte, Cultura y todo el contenido de inter\u00e9s general que la gente del pueblo y la regi\u00f3n debe conocer.","breadcrumb":{"@id":"https:\/\/www.celttv.com.ar\/index.php\/2022\/04\/11\/viaje-torneo-y-homenaje-de-los-atletas-del-distrito-a-los-ex-combatientes-de-malvinas\/#breadcrumb"},"inLanguage":"es","potentialAction":[{"@type":"ReadAction","target":["https:\/\/www.celttv.com.ar\/index.php\/2022\/04\/11\/viaje-torneo-y-homenaje-de-los-atletas-del-distrito-a-los-ex-combatientes-de-malvinas\/"]}]},{"@type":"BreadcrumbList","@id":"https:\/\/www.celttv.com.ar\/index.php\/2022\/04\/11\/viaje-torneo-y-homenaje-de-los-atletas-del-distrito-a-los-ex-combatientes-de-malvinas\/#breadcrumb","itemListElement":[{"@type":"ListItem","position":1,"name":"Inicio","item":"https:\/\/www.celttv.com.ar\/"},{"@type":"ListItem","position":2,"name":"Viaje, torneo y homenaje de los atletas del distrito a los ex combatientes de Malvinas"}]},{"@type":"WebSite","@id":"https:\/\/www.celttv.com.ar\/#website","url":"https:\/\/www.celttv.com.ar\/","name":"CELTTV","description":"Cooperativa El\u00e9ctrica de Tornquist","publisher":{"@id":"https:\/\/www.celttv.com.ar\/#organization"},"potentialAction":[{"@type":"SearchAction","target":{"@type":"EntryPoint","urlTemplate":"https:\/\/www.celttv.com.ar\/?s={search_term_string}"},"query-input":"required name=search_term_string"}],"inLanguage":"es"},{"@type":"Organization","@id":"https:\/\/www.celttv.com.ar\/#organization","name":"CELTTV","url":"https:\/\/www.celttv.com.ar\/","sameAs":["https:\/\/www.youtube.com\/channel\/UCz_oIt8Hig64Ub-EmcNPIhg","https:\/\/www.facebook.com\/celtTV\/"],"logo":{"@type":"ImageObject","inLanguage":"es","@id":"https:\/\/www.celttv.com.ar\/#\/schema\/logo\/image\/","url":"http:\/\/www.celttv.com.ar\/wp-content\/uploads\/2022\/08\/logo-1.png","contentUrl":"http:\/\/www.celttv.com.ar\/wp-content\/uploads\/2022\/08\/logo-1.png","width":461,"height":159,"caption":"CELTTV"},"image":{"@id":"https:\/\/www.celttv.com.ar\/#\/schema\/logo\/image\/"}},{"@type":"Person","@id":"https:\/\/www.celttv.com.ar\/#\/schema\/person\/6d99c072dba59953809c81446e9d0ace","name":"ulises","image":{"@type":"ImageObject","inLanguage":"es","@id":"https:\/\/www.celttv.com.ar\/#\/schema\/person\/image\/","url":"https:\/\/secure.gravatar.com\/avatar\/7f2c48bdc33b30088f941fb6082e555f2874c98e20cb159d7b92b50eadfce793?s=96&d=mm&r=g","contentUrl":"https:\/\/secure.gravatar.com\/avatar\/7f2c48bdc33b30088f941fb6082e555f2874c98e20cb159d7b92b50eadfce793?s=96&d=mm&r=g","caption":"ulises"},"sameAs":["http:\/\/www.celttv.com.ar"]}]}},"_links":{"self":[{"href":"https:\/\/www.celttv.com.ar\/index.php\/wp-json\/wp\/v2\/posts\/65158","targetHints":{"allow":["GET"]}}],"collection":[{"href":"https:\/\/www.celttv.com.ar\/index.php\/wp-json\/wp\/v2\/posts"}],"about":[{"href":"https:\/\/www.celttv.com.ar\/index.php\/wp-json\/wp\/v2\/types\/post"}],"author":[{"embeddable":true,"href":"https:\/\/www.celttv.com.ar\/index.php\/wp-json\/wp\/v2\/users\/1"}],"replies":[{"embeddable":true,"href":"https:\/\/www.celttv.com.ar\/index.php\/wp-json\/wp\/v2\/comments?post=65158"}],"version-history":[{"count":0,"href":"https:\/\/www.celttv.com.ar\/index.php\/wp-json\/wp\/v2\/posts\/65158\/revisions"}],"wp:featuredmedia":[{"embeddable":true,"href":"https:\/\/www.celttv.com.ar\/index.php\/wp-json\/wp\/v2\/media\/65162"}],"wp:attachment":[{"href":"https:\/\/www.celttv.com.ar\/index.php\/wp-json\/wp\/v2\/media?parent=65158"}],"wp:term":[{"taxonomy":"category","embeddable":true,"href":"https:\/\/www.celttv.com.ar\/index.php\/wp-json\/wp\/v2\/categories?post=65158"},{"taxonomy":"post_tag","embeddable":true,"href":"https:\/\/www.celttv.com.ar\/index.php\/wp-json\/wp\/v2\/tags?post=65158"}],"curies":[{"name":"wp","href":"https:\/\/api.w.org\/{rel}","templated":true}]}}