{"id":65186,"date":"2022-04-12T14:22:53","date_gmt":"2022-04-12T14:22:53","guid":{"rendered":"http:\/\/www.celttv.com.ar\/?p=65186"},"modified":"2022-04-12T14:22:53","modified_gmt":"2022-04-12T14:22:53","slug":"caballos-cimarrones-del-parque-tornquist-vamos-a-llegar-a-numeros-records-otra-vez","status":"publish","type":"post","link":"https:\/\/www.celttv.com.ar\/index.php\/2022\/04\/12\/caballos-cimarrones-del-parque-tornquist-vamos-a-llegar-a-numeros-records-otra-vez\/","title":{"rendered":"Caballos cimarrones del Parque Tornquist: \u201cVamos a llegar a n\u00fameros r\u00e9cords otra vez\u201d"},"content":{"rendered":"\n<p>El bi\u00f3logo\u00a0Alberto Scorolli, en di\u00e1logo con Arnaldo Botto, hizo un profundo an\u00e1lisis de la situaci\u00f3n hist\u00f3rica y actual de los animales que fueron insertados hace ya varias d\u00e9cadas, y que sin control alguno, hicieron del Parque Provincial Ernesto Tornquist su lugar en el mundo.<\/p>\n\n\n<p>Pr\u00f3ximo a cumplir 30 a\u00f1os estudiando la situaci\u00f3n de los caballos cimarrones en el Parque Provincial Ernesto Tornquist, el bi\u00f3logo Alberto Scorolli analiz\u00f3 la situaci\u00f3n actual de los equinos y traz\u00f3 paralelismos con la historia que ya tienen por estos lares.<\/p>\n\n\n<figure class=\"wp-block-image size-large\"><img loading=\"lazy\" decoding=\"async\" width=\"800\" height=\"600\" src=\"http:\/\/www.celttv.com.ar\/wp-content\/uploads\/2022\/04\/51998419280_07dd0aaaaa_c.jpg\" alt=\"\" class=\"wp-image-65187\" srcset=\"https:\/\/www.celttv.com.ar\/wp-content\/uploads\/2022\/04\/51998419280_07dd0aaaaa_c.jpg 800w, https:\/\/www.celttv.com.ar\/wp-content\/uploads\/2022\/04\/51998419280_07dd0aaaaa_c-300x225.jpg 300w, https:\/\/www.celttv.com.ar\/wp-content\/uploads\/2022\/04\/51998419280_07dd0aaaaa_c-768x576.jpg 768w, https:\/\/www.celttv.com.ar\/wp-content\/uploads\/2022\/04\/51998419280_07dd0aaaaa_c-750x563.jpg 750w\" sizes=\"auto, (max-width: 800px) 100vw, 800px\" \/><\/figure>\n\n\n<p>Al respecto, y d\u00e1ndole un marco hist\u00f3rico, asegur\u00f3 que \u201cun n\u00facleo de caballos es donado a la Provincia, y sin ning\u00fan tipo de explicaci\u00f3n se sueltan en el Parque y sin ning\u00fan tipo de cuidado sobrevivieron, se reprodujeron y los n\u00fameros crecieron. Como en cualquier estancia, el pastizal tiene un l\u00edmite, y justo en un \u00e1rea protegida que quiere cuidarse todo ese tipo de elementos\u201d.<\/p>\n\n\n<p>En ese punto, reconoci\u00f3 que \u201cincluso la fauna nativa, cuando tiene un n\u00famero elevado, genera un impacto para el Parque. Los caballos generar un impacto grave. Hay que reducir los n\u00fameros, acorde a lo que pueda manejar el Parque\u201d.<\/p>\n\n\n<p>Recordando, el bi\u00f3logo que desde 1995 sigue la huella de los cimarrones, admiti\u00f3 que \u201cen 2007 se retiraron caballos y eso gener\u00f3 conflictos, y las administraciones posteriores en ese entonces suspendieron ese manejo hasta la actualidad. Es una necesidad. Para nosotros es una urgencia. Sabemos que el n\u00famero de caballos es alto\u201d.<\/p>\n\n\n<figure class=\"wp-block-image size-large\"><img loading=\"lazy\" decoding=\"async\" width=\"800\" height=\"600\" src=\"http:\/\/www.celttv.com.ar\/wp-content\/uploads\/2022\/04\/51998419400_8c1af87aef_c.jpg\" alt=\"\" class=\"wp-image-65188\" srcset=\"https:\/\/www.celttv.com.ar\/wp-content\/uploads\/2022\/04\/51998419400_8c1af87aef_c.jpg 800w, https:\/\/www.celttv.com.ar\/wp-content\/uploads\/2022\/04\/51998419400_8c1af87aef_c-300x225.jpg 300w, https:\/\/www.celttv.com.ar\/wp-content\/uploads\/2022\/04\/51998419400_8c1af87aef_c-768x576.jpg 768w, https:\/\/www.celttv.com.ar\/wp-content\/uploads\/2022\/04\/51998419400_8c1af87aef_c-750x563.jpg 750w\" sizes=\"auto, (max-width: 800px) 100vw, 800px\" \/><\/figure>\n\n\n<p>Sin quitar el foco del presente, Scorolli rememor\u00f3 que \u201ccuando empezamos hab\u00eda unos 400, pero para fines del 2001 hab\u00eda m\u00e1s de 600. Despu\u00e9s hubo una tormenta muy fuerte, donde no se permiti\u00f3 hacer necropsias, pero estimamos que los rayos fueron el principal causante de una gran mortandad, llegando casi a los 200 ejemplares\u201d.<\/p>\n\n\n<p>Ese alivio para el ecosistema dur\u00f3 poco, ya que \u201clos caballos se reproducen muy bien, con suficiente lluvia en oto\u00f1o y primavera, alcanza para tener mucho pasto, e hizo que en pocos a\u00f1os los n\u00fameros crecieron otra vez. Vamos a llegar a los n\u00fameros r\u00e9cords otra vez, lo que no es bueno ni para los caballos ni para la biodiversidad\u201d.<\/p>\n\n\n<p>Dejando de lado el mito de que los caballos corren de los lugares a los guanacos, Alberto Scorolli mencion\u00f3 que \u201clos equinos en general toleran mucho la endogamia y no tienen muchos problemas de gen\u00e9tica. En el Parque no se sabe porque no se han hecho estudios al respecto. De igual manera no hay tanta deformidad como se ha comentado. Lo que s\u00ed es com\u00fan es que est\u00e9n parasitados, que tengan alg\u00fan tipo de lombrices, pero eso es normal\u201d.<\/p>\n\n\n<p><strong>FUENTE: www.noticiasradioreflejos.com.ar<\/strong><\/p>\n","protected":false},"excerpt":{"rendered":"<p>El bi\u00f3logo\u00a0Alberto Scorolli, en di\u00e1logo con Arnaldo Botto, hizo un profundo an\u00e1lisis de la situaci\u00f3n hist\u00f3rica y actual de los animales que fueron insertados hace ya varias d\u00e9cadas, y que sin control alguno, hicieron del Parque Provincial Ernesto Tornquist su lugar en el mundo. Pr\u00f3ximo a cumplir 30 a\u00f1os estudiando la situaci\u00f3n de los caballos [&hellip;]<\/p>\n","protected":false},"author":1,"featured_media":65187,"comment_status":"closed","ping_status":"open","sticky":false,"template":"","format":"standard","meta":{"footnotes":""},"categories":[55,51,52],"tags":[],"class_list":["post-65186","post","type-post","status-publish","format-standard","has-post-thumbnail","hentry","category-celt-tv-noticias","category-comunidad","category-destacadas"],"yoast_head":"<!-- This site is optimized with the Yoast SEO plugin v19.7.1 - https:\/\/yoast.com\/wordpress\/plugins\/seo\/ -->\n<title>Caballos cimarrones del Parque Tornquist: \u201cVamos a llegar a n\u00fameros r\u00e9cords otra vez\u201d - CELTTV<\/title>\n<meta name=\"description\" content=\"Sitio web de noticias de la localidad de Tornquist, provincia de Buenos Aires, Rep\u00fablica Argentina. Contenido propio originado por periodistas de CELTTV, el canal de TV local de la Cooperativa El\u00e9ctrica de Tornquist. Turismo, Pol\u00edtica, Sociedad, Deporte, Cultura y todo el contenido de inter\u00e9s general que la gente del pueblo y la regi\u00f3n debe conocer.\" \/>\n<meta name=\"robots\" content=\"index, follow, max-snippet:-1, max-image-preview:large, max-video-preview:-1\" \/>\n<link rel=\"canonical\" href=\"https:\/\/www.celttv.com.ar\/index.php\/2022\/04\/12\/caballos-cimarrones-del-parque-tornquist-vamos-a-llegar-a-numeros-records-otra-vez\/\" \/>\n<meta property=\"og:locale\" content=\"es_ES\" \/>\n<meta property=\"og:type\" content=\"article\" \/>\n<meta property=\"og:title\" content=\"Caballos cimarrones del Parque Tornquist: \u201cVamos a llegar a n\u00fameros r\u00e9cords otra vez\u201d - CELTTV\" \/>\n<meta property=\"og:description\" content=\"Sitio web de noticias de la localidad de Tornquist, provincia de Buenos Aires, Rep\u00fablica Argentina. Contenido propio originado por periodistas de CELTTV, el canal de TV local de la Cooperativa El\u00e9ctrica de Tornquist. Turismo, Pol\u00edtica, Sociedad, Deporte, Cultura y todo el contenido de inter\u00e9s general que la gente del pueblo y la regi\u00f3n debe conocer.\" \/>\n<meta property=\"og:url\" content=\"https:\/\/www.celttv.com.ar\/index.php\/2022\/04\/12\/caballos-cimarrones-del-parque-tornquist-vamos-a-llegar-a-numeros-records-otra-vez\/\" \/>\n<meta property=\"og:site_name\" content=\"CELTTV\" \/>\n<meta property=\"article:publisher\" content=\"https:\/\/www.facebook.com\/celtTV\/\" \/>\n<meta property=\"article:published_time\" content=\"2022-04-12T14:22:53+00:00\" \/>\n<meta property=\"og:image\" content=\"https:\/\/www.celttv.com.ar\/wp-content\/uploads\/2022\/04\/51998419280_07dd0aaaaa_c.jpg\" \/>\n\t<meta property=\"og:image:width\" content=\"800\" \/>\n\t<meta property=\"og:image:height\" content=\"600\" \/>\n\t<meta property=\"og:image:type\" content=\"image\/jpeg\" \/>\n<meta name=\"author\" content=\"ulises\" \/>\n<meta name=\"twitter:card\" content=\"summary_large_image\" \/>\n<meta name=\"twitter:label1\" content=\"Escrito por\" \/>\n\t<meta name=\"twitter:data1\" content=\"ulises\" \/>\n\t<meta name=\"twitter:label2\" content=\"Tiempo de lectura\" \/>\n\t<meta name=\"twitter:data2\" content=\"2 minutos\" \/>\n<script type=\"application\/ld+json\" class=\"yoast-schema-graph\">{\"@context\":\"https:\/\/schema.org\",\"@graph\":[{\"@type\":\"NewsArticle\",\"@id\":\"https:\/\/www.celttv.com.ar\/index.php\/2022\/04\/12\/caballos-cimarrones-del-parque-tornquist-vamos-a-llegar-a-numeros-records-otra-vez\/#article\",\"isPartOf\":{\"@id\":\"https:\/\/www.celttv.com.ar\/index.php\/2022\/04\/12\/caballos-cimarrones-del-parque-tornquist-vamos-a-llegar-a-numeros-records-otra-vez\/\"},\"author\":{\"name\":\"ulises\",\"@id\":\"https:\/\/www.celttv.com.ar\/#\/schema\/person\/6d99c072dba59953809c81446e9d0ace\"},\"headline\":\"Caballos cimarrones del Parque Tornquist: \u201cVamos a llegar a n\u00fameros r\u00e9cords otra vez\u201d\",\"datePublished\":\"2022-04-12T14:22:53+00:00\",\"dateModified\":\"2022-04-12T14:22:53+00:00\",\"mainEntityOfPage\":{\"@id\":\"https:\/\/www.celttv.com.ar\/index.php\/2022\/04\/12\/caballos-cimarrones-del-parque-tornquist-vamos-a-llegar-a-numeros-records-otra-vez\/\"},\"wordCount\":484,\"publisher\":{\"@id\":\"https:\/\/www.celttv.com.ar\/#organization\"},\"articleSection\":[\"Celt TV Noticias\",\"Comunidad\",\"Destacadas\"],\"inLanguage\":\"es\"},{\"@type\":\"WebPage\",\"@id\":\"https:\/\/www.celttv.com.ar\/index.php\/2022\/04\/12\/caballos-cimarrones-del-parque-tornquist-vamos-a-llegar-a-numeros-records-otra-vez\/\",\"url\":\"https:\/\/www.celttv.com.ar\/index.php\/2022\/04\/12\/caballos-cimarrones-del-parque-tornquist-vamos-a-llegar-a-numeros-records-otra-vez\/\",\"name\":\"Caballos cimarrones del Parque Tornquist: \u201cVamos a llegar a n\u00fameros r\u00e9cords otra vez\u201d - CELTTV\",\"isPartOf\":{\"@id\":\"https:\/\/www.celttv.com.ar\/#website\"},\"datePublished\":\"2022-04-12T14:22:53+00:00\",\"dateModified\":\"2022-04-12T14:22:53+00:00\",\"description\":\"Sitio web de noticias de la localidad de Tornquist, provincia de Buenos Aires, Rep\u00fablica Argentina. Contenido propio originado por periodistas de CELTTV, el canal de TV local de la Cooperativa El\u00e9ctrica de Tornquist. Turismo, Pol\u00edtica, Sociedad, Deporte, Cultura y todo el contenido de inter\u00e9s general que la gente del pueblo y la regi\u00f3n debe conocer.\",\"breadcrumb\":{\"@id\":\"https:\/\/www.celttv.com.ar\/index.php\/2022\/04\/12\/caballos-cimarrones-del-parque-tornquist-vamos-a-llegar-a-numeros-records-otra-vez\/#breadcrumb\"},\"inLanguage\":\"es\",\"potentialAction\":[{\"@type\":\"ReadAction\",\"target\":[\"https:\/\/www.celttv.com.ar\/index.php\/2022\/04\/12\/caballos-cimarrones-del-parque-tornquist-vamos-a-llegar-a-numeros-records-otra-vez\/\"]}]},{\"@type\":\"BreadcrumbList\",\"@id\":\"https:\/\/www.celttv.com.ar\/index.php\/2022\/04\/12\/caballos-cimarrones-del-parque-tornquist-vamos-a-llegar-a-numeros-records-otra-vez\/#breadcrumb\",\"itemListElement\":[{\"@type\":\"ListItem\",\"position\":1,\"name\":\"Inicio\",\"item\":\"https:\/\/www.celttv.com.ar\/\"},{\"@type\":\"ListItem\",\"position\":2,\"name\":\"Caballos cimarrones del Parque Tornquist: \u201cVamos a llegar a n\u00fameros r\u00e9cords otra vez\u201d\"}]},{\"@type\":\"WebSite\",\"@id\":\"https:\/\/www.celttv.com.ar\/#website\",\"url\":\"https:\/\/www.celttv.com.ar\/\",\"name\":\"CELTTV\",\"description\":\"Cooperativa El\u00e9ctrica de Tornquist\",\"publisher\":{\"@id\":\"https:\/\/www.celttv.com.ar\/#organization\"},\"potentialAction\":[{\"@type\":\"SearchAction\",\"target\":{\"@type\":\"EntryPoint\",\"urlTemplate\":\"https:\/\/www.celttv.com.ar\/?s={search_term_string}\"},\"query-input\":\"required name=search_term_string\"}],\"inLanguage\":\"es\"},{\"@type\":\"Organization\",\"@id\":\"https:\/\/www.celttv.com.ar\/#organization\",\"name\":\"CELTTV\",\"url\":\"https:\/\/www.celttv.com.ar\/\",\"sameAs\":[\"https:\/\/www.youtube.com\/channel\/UCz_oIt8Hig64Ub-EmcNPIhg\",\"https:\/\/www.facebook.com\/celtTV\/\"],\"logo\":{\"@type\":\"ImageObject\",\"inLanguage\":\"es\",\"@id\":\"https:\/\/www.celttv.com.ar\/#\/schema\/logo\/image\/\",\"url\":\"http:\/\/www.celttv.com.ar\/wp-content\/uploads\/2022\/08\/logo-1.png\",\"contentUrl\":\"http:\/\/www.celttv.com.ar\/wp-content\/uploads\/2022\/08\/logo-1.png\",\"width\":461,\"height\":159,\"caption\":\"CELTTV\"},\"image\":{\"@id\":\"https:\/\/www.celttv.com.ar\/#\/schema\/logo\/image\/\"}},{\"@type\":\"Person\",\"@id\":\"https:\/\/www.celttv.com.ar\/#\/schema\/person\/6d99c072dba59953809c81446e9d0ace\",\"name\":\"ulises\",\"image\":{\"@type\":\"ImageObject\",\"inLanguage\":\"es\",\"@id\":\"https:\/\/www.celttv.com.ar\/#\/schema\/person\/image\/\",\"url\":\"https:\/\/secure.gravatar.com\/avatar\/7f2c48bdc33b30088f941fb6082e555f2874c98e20cb159d7b92b50eadfce793?s=96&d=mm&r=g\",\"contentUrl\":\"https:\/\/secure.gravatar.com\/avatar\/7f2c48bdc33b30088f941fb6082e555f2874c98e20cb159d7b92b50eadfce793?s=96&d=mm&r=g\",\"caption\":\"ulises\"},\"sameAs\":[\"http:\/\/www.celttv.com.ar\"]}]}<\/script>\n<!-- \/ Yoast SEO plugin. -->","yoast_head_json":{"title":"Caballos cimarrones del Parque Tornquist: \u201cVamos a llegar a n\u00fameros r\u00e9cords otra vez\u201d - CELTTV","description":"Sitio web de noticias de la localidad de Tornquist, provincia de Buenos Aires, Rep\u00fablica Argentina. Contenido propio originado por periodistas de CELTTV, el canal de TV local de la Cooperativa El\u00e9ctrica de Tornquist. Turismo, Pol\u00edtica, Sociedad, Deporte, Cultura y todo el contenido de inter\u00e9s general que la gente del pueblo y la regi\u00f3n debe conocer.","robots":{"index":"index","follow":"follow","max-snippet":"max-snippet:-1","max-image-preview":"max-image-preview:large","max-video-preview":"max-video-preview:-1"},"canonical":"https:\/\/www.celttv.com.ar\/index.php\/2022\/04\/12\/caballos-cimarrones-del-parque-tornquist-vamos-a-llegar-a-numeros-records-otra-vez\/","og_locale":"es_ES","og_type":"article","og_title":"Caballos cimarrones del Parque Tornquist: \u201cVamos a llegar a n\u00fameros r\u00e9cords otra vez\u201d - CELTTV","og_description":"Sitio web de noticias de la localidad de Tornquist, provincia de Buenos Aires, Rep\u00fablica Argentina. Contenido propio originado por periodistas de CELTTV, el canal de TV local de la Cooperativa El\u00e9ctrica de Tornquist. Turismo, Pol\u00edtica, Sociedad, Deporte, Cultura y todo el contenido de inter\u00e9s general que la gente del pueblo y la regi\u00f3n debe conocer.","og_url":"https:\/\/www.celttv.com.ar\/index.php\/2022\/04\/12\/caballos-cimarrones-del-parque-tornquist-vamos-a-llegar-a-numeros-records-otra-vez\/","og_site_name":"CELTTV","article_publisher":"https:\/\/www.facebook.com\/celtTV\/","article_published_time":"2022-04-12T14:22:53+00:00","og_image":[{"width":800,"height":600,"url":"https:\/\/www.celttv.com.ar\/wp-content\/uploads\/2022\/04\/51998419280_07dd0aaaaa_c.jpg","type":"image\/jpeg"}],"author":"ulises","twitter_card":"summary_large_image","twitter_misc":{"Escrito por":"ulises","Tiempo de lectura":"2 minutos"},"schema":{"@context":"https:\/\/schema.org","@graph":[{"@type":"NewsArticle","@id":"https:\/\/www.celttv.com.ar\/index.php\/2022\/04\/12\/caballos-cimarrones-del-parque-tornquist-vamos-a-llegar-a-numeros-records-otra-vez\/#article","isPartOf":{"@id":"https:\/\/www.celttv.com.ar\/index.php\/2022\/04\/12\/caballos-cimarrones-del-parque-tornquist-vamos-a-llegar-a-numeros-records-otra-vez\/"},"author":{"name":"ulises","@id":"https:\/\/www.celttv.com.ar\/#\/schema\/person\/6d99c072dba59953809c81446e9d0ace"},"headline":"Caballos cimarrones del Parque Tornquist: \u201cVamos a llegar a n\u00fameros r\u00e9cords otra vez\u201d","datePublished":"2022-04-12T14:22:53+00:00","dateModified":"2022-04-12T14:22:53+00:00","mainEntityOfPage":{"@id":"https:\/\/www.celttv.com.ar\/index.php\/2022\/04\/12\/caballos-cimarrones-del-parque-tornquist-vamos-a-llegar-a-numeros-records-otra-vez\/"},"wordCount":484,"publisher":{"@id":"https:\/\/www.celttv.com.ar\/#organization"},"articleSection":["Celt TV Noticias","Comunidad","Destacadas"],"inLanguage":"es"},{"@type":"WebPage","@id":"https:\/\/www.celttv.com.ar\/index.php\/2022\/04\/12\/caballos-cimarrones-del-parque-tornquist-vamos-a-llegar-a-numeros-records-otra-vez\/","url":"https:\/\/www.celttv.com.ar\/index.php\/2022\/04\/12\/caballos-cimarrones-del-parque-tornquist-vamos-a-llegar-a-numeros-records-otra-vez\/","name":"Caballos cimarrones del Parque Tornquist: \u201cVamos a llegar a n\u00fameros r\u00e9cords otra vez\u201d - CELTTV","isPartOf":{"@id":"https:\/\/www.celttv.com.ar\/#website"},"datePublished":"2022-04-12T14:22:53+00:00","dateModified":"2022-04-12T14:22:53+00:00","description":"Sitio web de noticias de la localidad de Tornquist, provincia de Buenos Aires, Rep\u00fablica Argentina. Contenido propio originado por periodistas de CELTTV, el canal de TV local de la Cooperativa El\u00e9ctrica de Tornquist. Turismo, Pol\u00edtica, Sociedad, Deporte, Cultura y todo el contenido de inter\u00e9s general que la gente del pueblo y la regi\u00f3n debe conocer.","breadcrumb":{"@id":"https:\/\/www.celttv.com.ar\/index.php\/2022\/04\/12\/caballos-cimarrones-del-parque-tornquist-vamos-a-llegar-a-numeros-records-otra-vez\/#breadcrumb"},"inLanguage":"es","potentialAction":[{"@type":"ReadAction","target":["https:\/\/www.celttv.com.ar\/index.php\/2022\/04\/12\/caballos-cimarrones-del-parque-tornquist-vamos-a-llegar-a-numeros-records-otra-vez\/"]}]},{"@type":"BreadcrumbList","@id":"https:\/\/www.celttv.com.ar\/index.php\/2022\/04\/12\/caballos-cimarrones-del-parque-tornquist-vamos-a-llegar-a-numeros-records-otra-vez\/#breadcrumb","itemListElement":[{"@type":"ListItem","position":1,"name":"Inicio","item":"https:\/\/www.celttv.com.ar\/"},{"@type":"ListItem","position":2,"name":"Caballos cimarrones del Parque Tornquist: \u201cVamos a llegar a n\u00fameros r\u00e9cords otra vez\u201d"}]},{"@type":"WebSite","@id":"https:\/\/www.celttv.com.ar\/#website","url":"https:\/\/www.celttv.com.ar\/","name":"CELTTV","description":"Cooperativa El\u00e9ctrica de Tornquist","publisher":{"@id":"https:\/\/www.celttv.com.ar\/#organization"},"potentialAction":[{"@type":"SearchAction","target":{"@type":"EntryPoint","urlTemplate":"https:\/\/www.celttv.com.ar\/?s={search_term_string}"},"query-input":"required name=search_term_string"}],"inLanguage":"es"},{"@type":"Organization","@id":"https:\/\/www.celttv.com.ar\/#organization","name":"CELTTV","url":"https:\/\/www.celttv.com.ar\/","sameAs":["https:\/\/www.youtube.com\/channel\/UCz_oIt8Hig64Ub-EmcNPIhg","https:\/\/www.facebook.com\/celtTV\/"],"logo":{"@type":"ImageObject","inLanguage":"es","@id":"https:\/\/www.celttv.com.ar\/#\/schema\/logo\/image\/","url":"http:\/\/www.celttv.com.ar\/wp-content\/uploads\/2022\/08\/logo-1.png","contentUrl":"http:\/\/www.celttv.com.ar\/wp-content\/uploads\/2022\/08\/logo-1.png","width":461,"height":159,"caption":"CELTTV"},"image":{"@id":"https:\/\/www.celttv.com.ar\/#\/schema\/logo\/image\/"}},{"@type":"Person","@id":"https:\/\/www.celttv.com.ar\/#\/schema\/person\/6d99c072dba59953809c81446e9d0ace","name":"ulises","image":{"@type":"ImageObject","inLanguage":"es","@id":"https:\/\/www.celttv.com.ar\/#\/schema\/person\/image\/","url":"https:\/\/secure.gravatar.com\/avatar\/7f2c48bdc33b30088f941fb6082e555f2874c98e20cb159d7b92b50eadfce793?s=96&d=mm&r=g","contentUrl":"https:\/\/secure.gravatar.com\/avatar\/7f2c48bdc33b30088f941fb6082e555f2874c98e20cb159d7b92b50eadfce793?s=96&d=mm&r=g","caption":"ulises"},"sameAs":["http:\/\/www.celttv.com.ar"]}]}},"_links":{"self":[{"href":"https:\/\/www.celttv.com.ar\/index.php\/wp-json\/wp\/v2\/posts\/65186","targetHints":{"allow":["GET"]}}],"collection":[{"href":"https:\/\/www.celttv.com.ar\/index.php\/wp-json\/wp\/v2\/posts"}],"about":[{"href":"https:\/\/www.celttv.com.ar\/index.php\/wp-json\/wp\/v2\/types\/post"}],"author":[{"embeddable":true,"href":"https:\/\/www.celttv.com.ar\/index.php\/wp-json\/wp\/v2\/users\/1"}],"replies":[{"embeddable":true,"href":"https:\/\/www.celttv.com.ar\/index.php\/wp-json\/wp\/v2\/comments?post=65186"}],"version-history":[{"count":0,"href":"https:\/\/www.celttv.com.ar\/index.php\/wp-json\/wp\/v2\/posts\/65186\/revisions"}],"wp:featuredmedia":[{"embeddable":true,"href":"https:\/\/www.celttv.com.ar\/index.php\/wp-json\/wp\/v2\/media\/65187"}],"wp:attachment":[{"href":"https:\/\/www.celttv.com.ar\/index.php\/wp-json\/wp\/v2\/media?parent=65186"}],"wp:term":[{"taxonomy":"category","embeddable":true,"href":"https:\/\/www.celttv.com.ar\/index.php\/wp-json\/wp\/v2\/categories?post=65186"},{"taxonomy":"post_tag","embeddable":true,"href":"https:\/\/www.celttv.com.ar\/index.php\/wp-json\/wp\/v2\/tags?post=65186"}],"curies":[{"name":"wp","href":"https:\/\/api.w.org\/{rel}","templated":true}]}}