{"id":65214,"date":"2022-04-14T00:45:56","date_gmt":"2022-04-14T00:45:56","guid":{"rendered":"http:\/\/www.celttv.com.ar\/?p=65214"},"modified":"2022-04-14T00:45:56","modified_gmt":"2022-04-14T00:45:56","slug":"comenzo-la-instalacion-de-nuevas-luminarias-led-en-el-alumbrado-publico-de-tornquist","status":"publish","type":"post","link":"https:\/\/www.celttv.com.ar\/index.php\/2022\/04\/14\/comenzo-la-instalacion-de-nuevas-luminarias-led-en-el-alumbrado-publico-de-tornquist\/","title":{"rendered":"Comenz\u00f3 la instalaci\u00f3n de nuevas luminarias led en el alumbrado p\u00fablico de Tornquist"},"content":{"rendered":"\n<p>Tornquist Municipio avanza con el recambio de las luminarias del alumbrado p\u00fablico de la localidad cabecera del distrito.<\/p>\n\n\n<p>Se trata de una inversi\u00f3n de m\u00e1s de $10.000.000, que prev\u00e9 la instalaci\u00f3n de 900 l\u00e1mparas compactas de tecnolog\u00eda led, que reemplazar\u00e1n a las actuales y mejorar\u00e1n notoriamente la iluminaci\u00f3n de toda la ciudad.<\/p>\n\n\n<p>Las tareas, a cargo del \u00e1rea de Alumbrado P\u00fablico municipal, ya se realizaron en cuadras de las calles Libertad, Lainez. San Mart\u00edn, Mitre y 9 de Julio, y continuar\u00e1n progresivamente hasta completar todas las arterias.<\/p>\n\n\n<p>Tambi\u00e9n, se contin\u00faan atendiendo reclamos respecto al servicio y, ese sentido, en los \u00faltimos d\u00edasalrededor de 50 luminarias nuevas fueron colocadas en Villa Serrana La Gruta y Villa Ventana.<\/p>\n\n\n<p>Adem\u00e1s, en el marco de la obra, se prev\u00e9 a largo plazo instalar nuevos postes para sumar en los sectores de menor iluminaci\u00f3n.<\/p>\n\n\n<figure class=\"wp-block-gallery columns-3 is-cropped wp-block-gallery-1 is-layout-flex wp-block-gallery-is-layout-flex\"><ul class=\"blocks-gallery-grid\"><li class=\"blocks-gallery-item\"><figure><img loading=\"lazy\" decoding=\"async\" width=\"1024\" height=\"576\" src=\"http:\/\/www.celttv.com.ar\/wp-content\/uploads\/2022\/04\/Nuevo-alumbrado-Tqt-1-1024x576.jpeg\" alt=\"\" data-id=\"65215\" data-full-url=\"http:\/\/www.celttv.com.ar\/wp-content\/uploads\/2022\/04\/Nuevo-alumbrado-Tqt-1.jpeg\" data-link=\"http:\/\/www.celttv.com.ar\/?attachment_id=65215\" class=\"wp-image-65215\" srcset=\"https:\/\/www.celttv.com.ar\/wp-content\/uploads\/2022\/04\/Nuevo-alumbrado-Tqt-1-1024x576.jpeg 1024w, https:\/\/www.celttv.com.ar\/wp-content\/uploads\/2022\/04\/Nuevo-alumbrado-Tqt-1-300x169.jpeg 300w, https:\/\/www.celttv.com.ar\/wp-content\/uploads\/2022\/04\/Nuevo-alumbrado-Tqt-1-768x432.jpeg 768w, https:\/\/www.celttv.com.ar\/wp-content\/uploads\/2022\/04\/Nuevo-alumbrado-Tqt-1-750x422.jpeg 750w, https:\/\/www.celttv.com.ar\/wp-content\/uploads\/2022\/04\/Nuevo-alumbrado-Tqt-1-1140x641.jpeg 1140w, https:\/\/www.celttv.com.ar\/wp-content\/uploads\/2022\/04\/Nuevo-alumbrado-Tqt-1.jpeg 1280w\" sizes=\"auto, (max-width: 1024px) 100vw, 1024px\" \/><\/figure><\/li><li class=\"blocks-gallery-item\"><figure><img loading=\"lazy\" decoding=\"async\" width=\"1024\" height=\"766\" src=\"http:\/\/www.celttv.com.ar\/wp-content\/uploads\/2022\/04\/Nuevo-alumbrado-Tqt-2-1024x766.jpeg\" alt=\"\" data-id=\"65216\" data-full-url=\"http:\/\/www.celttv.com.ar\/wp-content\/uploads\/2022\/04\/Nuevo-alumbrado-Tqt-2.jpeg\" data-link=\"http:\/\/www.celttv.com.ar\/?attachment_id=65216\" class=\"wp-image-65216\" srcset=\"https:\/\/www.celttv.com.ar\/wp-content\/uploads\/2022\/04\/Nuevo-alumbrado-Tqt-2-1024x766.jpeg 1024w, https:\/\/www.celttv.com.ar\/wp-content\/uploads\/2022\/04\/Nuevo-alumbrado-Tqt-2-300x225.jpeg 300w, https:\/\/www.celttv.com.ar\/wp-content\/uploads\/2022\/04\/Nuevo-alumbrado-Tqt-2-768x575.jpeg 768w, https:\/\/www.celttv.com.ar\/wp-content\/uploads\/2022\/04\/Nuevo-alumbrado-Tqt-2-750x561.jpeg 750w, https:\/\/www.celttv.com.ar\/wp-content\/uploads\/2022\/04\/Nuevo-alumbrado-Tqt-2-1140x853.jpeg 1140w, https:\/\/www.celttv.com.ar\/wp-content\/uploads\/2022\/04\/Nuevo-alumbrado-Tqt-2.jpeg 1280w\" sizes=\"auto, (max-width: 1024px) 100vw, 1024px\" \/><\/figure><\/li><li class=\"blocks-gallery-item\"><figure><img loading=\"lazy\" decoding=\"async\" width=\"768\" height=\"1024\" src=\"http:\/\/www.celttv.com.ar\/wp-content\/uploads\/2022\/04\/Nuevo-alumbrado-Tqt-3-768x1024.jpeg\" alt=\"\" data-id=\"65217\" data-full-url=\"http:\/\/www.celttv.com.ar\/wp-content\/uploads\/2022\/04\/Nuevo-alumbrado-Tqt-3.jpeg\" data-link=\"http:\/\/www.celttv.com.ar\/?attachment_id=65217\" class=\"wp-image-65217\" srcset=\"https:\/\/www.celttv.com.ar\/wp-content\/uploads\/2022\/04\/Nuevo-alumbrado-Tqt-3-768x1024.jpeg 768w, https:\/\/www.celttv.com.ar\/wp-content\/uploads\/2022\/04\/Nuevo-alumbrado-Tqt-3-225x300.jpeg 225w, https:\/\/www.celttv.com.ar\/wp-content\/uploads\/2022\/04\/Nuevo-alumbrado-Tqt-3-1152x1536.jpeg 1152w, https:\/\/www.celttv.com.ar\/wp-content\/uploads\/2022\/04\/Nuevo-alumbrado-Tqt-3-750x1000.jpeg 750w, https:\/\/www.celttv.com.ar\/wp-content\/uploads\/2022\/04\/Nuevo-alumbrado-Tqt-3-1140x1520.jpeg 1140w, https:\/\/www.celttv.com.ar\/wp-content\/uploads\/2022\/04\/Nuevo-alumbrado-Tqt-3.jpeg 1200w\" sizes=\"auto, (max-width: 768px) 100vw, 768px\" \/><\/figure><\/li><li class=\"blocks-gallery-item\"><figure><img loading=\"lazy\" decoding=\"async\" width=\"768\" height=\"1024\" src=\"http:\/\/www.celttv.com.ar\/wp-content\/uploads\/2022\/04\/Nuevo-alumbrado-Tqt-4-768x1024.jpeg\" alt=\"\" data-id=\"65218\" data-full-url=\"http:\/\/www.celttv.com.ar\/wp-content\/uploads\/2022\/04\/Nuevo-alumbrado-Tqt-4.jpeg\" data-link=\"http:\/\/www.celttv.com.ar\/?attachment_id=65218\" class=\"wp-image-65218\" srcset=\"https:\/\/www.celttv.com.ar\/wp-content\/uploads\/2022\/04\/Nuevo-alumbrado-Tqt-4-768x1024.jpeg 768w, https:\/\/www.celttv.com.ar\/wp-content\/uploads\/2022\/04\/Nuevo-alumbrado-Tqt-4-225x300.jpeg 225w, https:\/\/www.celttv.com.ar\/wp-content\/uploads\/2022\/04\/Nuevo-alumbrado-Tqt-4-1152x1536.jpeg 1152w, https:\/\/www.celttv.com.ar\/wp-content\/uploads\/2022\/04\/Nuevo-alumbrado-Tqt-4-750x1000.jpeg 750w, https:\/\/www.celttv.com.ar\/wp-content\/uploads\/2022\/04\/Nuevo-alumbrado-Tqt-4-1140x1520.jpeg 1140w, https:\/\/www.celttv.com.ar\/wp-content\/uploads\/2022\/04\/Nuevo-alumbrado-Tqt-4.jpeg 1200w\" sizes=\"auto, (max-width: 768px) 100vw, 768px\" \/><\/figure><\/li><li class=\"blocks-gallery-item\"><figure><img loading=\"lazy\" decoding=\"async\" width=\"1024\" height=\"576\" src=\"http:\/\/www.celttv.com.ar\/wp-content\/uploads\/2022\/04\/Nuevo-alumbrado-Tqt-5-1024x576.jpeg\" alt=\"\" data-id=\"65219\" data-full-url=\"http:\/\/www.celttv.com.ar\/wp-content\/uploads\/2022\/04\/Nuevo-alumbrado-Tqt-5.jpeg\" data-link=\"http:\/\/www.celttv.com.ar\/?attachment_id=65219\" class=\"wp-image-65219\" srcset=\"https:\/\/www.celttv.com.ar\/wp-content\/uploads\/2022\/04\/Nuevo-alumbrado-Tqt-5-1024x576.jpeg 1024w, https:\/\/www.celttv.com.ar\/wp-content\/uploads\/2022\/04\/Nuevo-alumbrado-Tqt-5-300x169.jpeg 300w, https:\/\/www.celttv.com.ar\/wp-content\/uploads\/2022\/04\/Nuevo-alumbrado-Tqt-5-768x432.jpeg 768w, https:\/\/www.celttv.com.ar\/wp-content\/uploads\/2022\/04\/Nuevo-alumbrado-Tqt-5-750x422.jpeg 750w, https:\/\/www.celttv.com.ar\/wp-content\/uploads\/2022\/04\/Nuevo-alumbrado-Tqt-5-1140x641.jpeg 1140w, https:\/\/www.celttv.com.ar\/wp-content\/uploads\/2022\/04\/Nuevo-alumbrado-Tqt-5.jpeg 1280w\" sizes=\"auto, (max-width: 1024px) 100vw, 1024px\" \/><\/figure><\/li><li class=\"blocks-gallery-item\"><figure><img loading=\"lazy\" decoding=\"async\" width=\"1024\" height=\"576\" src=\"http:\/\/www.celttv.com.ar\/wp-content\/uploads\/2022\/04\/Nuevo-alumbrado-Tqt-6-1024x576.jpeg\" alt=\"\" data-id=\"65220\" data-full-url=\"http:\/\/www.celttv.com.ar\/wp-content\/uploads\/2022\/04\/Nuevo-alumbrado-Tqt-6.jpeg\" data-link=\"http:\/\/www.celttv.com.ar\/?attachment_id=65220\" class=\"wp-image-65220\" srcset=\"https:\/\/www.celttv.com.ar\/wp-content\/uploads\/2022\/04\/Nuevo-alumbrado-Tqt-6-1024x576.jpeg 1024w, https:\/\/www.celttv.com.ar\/wp-content\/uploads\/2022\/04\/Nuevo-alumbrado-Tqt-6-300x169.jpeg 300w, https:\/\/www.celttv.com.ar\/wp-content\/uploads\/2022\/04\/Nuevo-alumbrado-Tqt-6-768x432.jpeg 768w, https:\/\/www.celttv.com.ar\/wp-content\/uploads\/2022\/04\/Nuevo-alumbrado-Tqt-6-750x422.jpeg 750w, https:\/\/www.celttv.com.ar\/wp-content\/uploads\/2022\/04\/Nuevo-alumbrado-Tqt-6-1140x641.jpeg 1140w, https:\/\/www.celttv.com.ar\/wp-content\/uploads\/2022\/04\/Nuevo-alumbrado-Tqt-6.jpeg 1280w\" sizes=\"auto, (max-width: 1024px) 100vw, 1024px\" \/><\/figure><\/li><li class=\"blocks-gallery-item\"><figure><img loading=\"lazy\" decoding=\"async\" width=\"1024\" height=\"576\" src=\"http:\/\/www.celttv.com.ar\/wp-content\/uploads\/2022\/04\/Nuevo-alumbrado-Tqt-7-1024x576.jpeg\" alt=\"\" data-id=\"65221\" data-full-url=\"http:\/\/www.celttv.com.ar\/wp-content\/uploads\/2022\/04\/Nuevo-alumbrado-Tqt-7.jpeg\" data-link=\"http:\/\/www.celttv.com.ar\/?attachment_id=65221\" class=\"wp-image-65221\" srcset=\"https:\/\/www.celttv.com.ar\/wp-content\/uploads\/2022\/04\/Nuevo-alumbrado-Tqt-7-1024x576.jpeg 1024w, https:\/\/www.celttv.com.ar\/wp-content\/uploads\/2022\/04\/Nuevo-alumbrado-Tqt-7-300x169.jpeg 300w, https:\/\/www.celttv.com.ar\/wp-content\/uploads\/2022\/04\/Nuevo-alumbrado-Tqt-7-768x432.jpeg 768w, https:\/\/www.celttv.com.ar\/wp-content\/uploads\/2022\/04\/Nuevo-alumbrado-Tqt-7-750x422.jpeg 750w, https:\/\/www.celttv.com.ar\/wp-content\/uploads\/2022\/04\/Nuevo-alumbrado-Tqt-7-1140x641.jpeg 1140w, https:\/\/www.celttv.com.ar\/wp-content\/uploads\/2022\/04\/Nuevo-alumbrado-Tqt-7.jpeg 1280w\" sizes=\"auto, (max-width: 1024px) 100vw, 1024px\" \/><\/figure><\/li><\/ul><\/figure>\n","protected":false},"excerpt":{"rendered":"<p>Tornquist Municipio avanza con el recambio de las luminarias del alumbrado p\u00fablico de la localidad cabecera del distrito. Se trata de una inversi\u00f3n de m\u00e1s de $10.000.000, que prev\u00e9 la instalaci\u00f3n de 900 l\u00e1mparas compactas de tecnolog\u00eda led, que reemplazar\u00e1n a las actuales y mejorar\u00e1n notoriamente la iluminaci\u00f3n de toda la ciudad. Las tareas, a [&hellip;]<\/p>\n","protected":false},"author":1,"featured_media":65221,"comment_status":"closed","ping_status":"open","sticky":false,"template":"","format":"standard","meta":{"footnotes":""},"categories":[51,52,59],"tags":[],"class_list":["post-65214","post","type-post","status-publish","format-standard","has-post-thumbnail","hentry","category-comunidad","category-destacadas","category-municipales"],"yoast_head":"<!-- This site is optimized with the Yoast SEO plugin v19.7.1 - https:\/\/yoast.com\/wordpress\/plugins\/seo\/ -->\n<title>Comenz\u00f3 la instalaci\u00f3n de nuevas luminarias led en el alumbrado p\u00fablico de Tornquist - CELTTV<\/title>\n<meta name=\"description\" content=\"Sitio web de noticias de la localidad de Tornquist, provincia de Buenos Aires, Rep\u00fablica Argentina. Contenido propio originado por periodistas de CELTTV, el canal de TV local de la Cooperativa El\u00e9ctrica de Tornquist. Turismo, Pol\u00edtica, Sociedad, Deporte, Cultura y todo el contenido de inter\u00e9s general que la gente del pueblo y la regi\u00f3n debe conocer.\" \/>\n<meta name=\"robots\" content=\"index, follow, max-snippet:-1, max-image-preview:large, max-video-preview:-1\" \/>\n<link rel=\"canonical\" href=\"https:\/\/www.celttv.com.ar\/index.php\/2022\/04\/14\/comenzo-la-instalacion-de-nuevas-luminarias-led-en-el-alumbrado-publico-de-tornquist\/\" \/>\n<meta property=\"og:locale\" content=\"es_ES\" \/>\n<meta property=\"og:type\" content=\"article\" \/>\n<meta property=\"og:title\" content=\"Comenz\u00f3 la instalaci\u00f3n de nuevas luminarias led en el alumbrado p\u00fablico de Tornquist - CELTTV\" \/>\n<meta property=\"og:description\" content=\"Sitio web de noticias de la localidad de Tornquist, provincia de Buenos Aires, Rep\u00fablica Argentina. Contenido propio originado por periodistas de CELTTV, el canal de TV local de la Cooperativa El\u00e9ctrica de Tornquist. Turismo, Pol\u00edtica, Sociedad, Deporte, Cultura y todo el contenido de inter\u00e9s general que la gente del pueblo y la regi\u00f3n debe conocer.\" \/>\n<meta property=\"og:url\" content=\"https:\/\/www.celttv.com.ar\/index.php\/2022\/04\/14\/comenzo-la-instalacion-de-nuevas-luminarias-led-en-el-alumbrado-publico-de-tornquist\/\" \/>\n<meta property=\"og:site_name\" content=\"CELTTV\" \/>\n<meta property=\"article:publisher\" content=\"https:\/\/www.facebook.com\/celtTV\/\" \/>\n<meta property=\"article:published_time\" content=\"2022-04-14T00:45:56+00:00\" \/>\n<meta property=\"og:image\" content=\"https:\/\/www.celttv.com.ar\/wp-content\/uploads\/2022\/04\/Nuevo-alumbrado-Tqt-7.jpeg\" \/>\n\t<meta property=\"og:image:width\" content=\"1280\" \/>\n\t<meta property=\"og:image:height\" content=\"720\" \/>\n\t<meta property=\"og:image:type\" content=\"image\/jpeg\" \/>\n<meta name=\"author\" content=\"ulises\" \/>\n<meta name=\"twitter:card\" content=\"summary_large_image\" \/>\n<meta name=\"twitter:label1\" content=\"Escrito por\" \/>\n\t<meta name=\"twitter:data1\" content=\"ulises\" \/>\n\t<meta name=\"twitter:label2\" content=\"Tiempo de lectura\" \/>\n\t<meta name=\"twitter:data2\" content=\"1 minuto\" \/>\n<script type=\"application\/ld+json\" class=\"yoast-schema-graph\">{\"@context\":\"https:\/\/schema.org\",\"@graph\":[{\"@type\":\"NewsArticle\",\"@id\":\"https:\/\/www.celttv.com.ar\/index.php\/2022\/04\/14\/comenzo-la-instalacion-de-nuevas-luminarias-led-en-el-alumbrado-publico-de-tornquist\/#article\",\"isPartOf\":{\"@id\":\"https:\/\/www.celttv.com.ar\/index.php\/2022\/04\/14\/comenzo-la-instalacion-de-nuevas-luminarias-led-en-el-alumbrado-publico-de-tornquist\/\"},\"author\":{\"name\":\"ulises\",\"@id\":\"https:\/\/www.celttv.com.ar\/#\/schema\/person\/6d99c072dba59953809c81446e9d0ace\"},\"headline\":\"Comenz\u00f3 la instalaci\u00f3n de nuevas luminarias led en el alumbrado p\u00fablico de Tornquist\",\"datePublished\":\"2022-04-14T00:45:56+00:00\",\"dateModified\":\"2022-04-14T00:45:56+00:00\",\"mainEntityOfPage\":{\"@id\":\"https:\/\/www.celttv.com.ar\/index.php\/2022\/04\/14\/comenzo-la-instalacion-de-nuevas-luminarias-led-en-el-alumbrado-publico-de-tornquist\/\"},\"wordCount\":167,\"publisher\":{\"@id\":\"https:\/\/www.celttv.com.ar\/#organization\"},\"articleSection\":[\"Comunidad\",\"Destacadas\",\"Municipales\"],\"inLanguage\":\"es\"},{\"@type\":\"WebPage\",\"@id\":\"https:\/\/www.celttv.com.ar\/index.php\/2022\/04\/14\/comenzo-la-instalacion-de-nuevas-luminarias-led-en-el-alumbrado-publico-de-tornquist\/\",\"url\":\"https:\/\/www.celttv.com.ar\/index.php\/2022\/04\/14\/comenzo-la-instalacion-de-nuevas-luminarias-led-en-el-alumbrado-publico-de-tornquist\/\",\"name\":\"Comenz\u00f3 la instalaci\u00f3n de nuevas luminarias led en el alumbrado p\u00fablico de Tornquist - CELTTV\",\"isPartOf\":{\"@id\":\"https:\/\/www.celttv.com.ar\/#website\"},\"datePublished\":\"2022-04-14T00:45:56+00:00\",\"dateModified\":\"2022-04-14T00:45:56+00:00\",\"description\":\"Sitio web de noticias de la localidad de Tornquist, provincia de Buenos Aires, Rep\u00fablica Argentina. Contenido propio originado por periodistas de CELTTV, el canal de TV local de la Cooperativa El\u00e9ctrica de Tornquist. Turismo, Pol\u00edtica, Sociedad, Deporte, Cultura y todo el contenido de inter\u00e9s general que la gente del pueblo y la regi\u00f3n debe conocer.\",\"breadcrumb\":{\"@id\":\"https:\/\/www.celttv.com.ar\/index.php\/2022\/04\/14\/comenzo-la-instalacion-de-nuevas-luminarias-led-en-el-alumbrado-publico-de-tornquist\/#breadcrumb\"},\"inLanguage\":\"es\",\"potentialAction\":[{\"@type\":\"ReadAction\",\"target\":[\"https:\/\/www.celttv.com.ar\/index.php\/2022\/04\/14\/comenzo-la-instalacion-de-nuevas-luminarias-led-en-el-alumbrado-publico-de-tornquist\/\"]}]},{\"@type\":\"BreadcrumbList\",\"@id\":\"https:\/\/www.celttv.com.ar\/index.php\/2022\/04\/14\/comenzo-la-instalacion-de-nuevas-luminarias-led-en-el-alumbrado-publico-de-tornquist\/#breadcrumb\",\"itemListElement\":[{\"@type\":\"ListItem\",\"position\":1,\"name\":\"Inicio\",\"item\":\"https:\/\/www.celttv.com.ar\/\"},{\"@type\":\"ListItem\",\"position\":2,\"name\":\"Comenz\u00f3 la instalaci\u00f3n de nuevas luminarias led en el alumbrado p\u00fablico de Tornquist\"}]},{\"@type\":\"WebSite\",\"@id\":\"https:\/\/www.celttv.com.ar\/#website\",\"url\":\"https:\/\/www.celttv.com.ar\/\",\"name\":\"CELTTV\",\"description\":\"Cooperativa El\u00e9ctrica de Tornquist\",\"publisher\":{\"@id\":\"https:\/\/www.celttv.com.ar\/#organization\"},\"potentialAction\":[{\"@type\":\"SearchAction\",\"target\":{\"@type\":\"EntryPoint\",\"urlTemplate\":\"https:\/\/www.celttv.com.ar\/?s={search_term_string}\"},\"query-input\":\"required name=search_term_string\"}],\"inLanguage\":\"es\"},{\"@type\":\"Organization\",\"@id\":\"https:\/\/www.celttv.com.ar\/#organization\",\"name\":\"CELTTV\",\"url\":\"https:\/\/www.celttv.com.ar\/\",\"sameAs\":[\"https:\/\/www.youtube.com\/channel\/UCz_oIt8Hig64Ub-EmcNPIhg\",\"https:\/\/www.facebook.com\/celtTV\/\"],\"logo\":{\"@type\":\"ImageObject\",\"inLanguage\":\"es\",\"@id\":\"https:\/\/www.celttv.com.ar\/#\/schema\/logo\/image\/\",\"url\":\"http:\/\/www.celttv.com.ar\/wp-content\/uploads\/2022\/08\/logo-1.png\",\"contentUrl\":\"http:\/\/www.celttv.com.ar\/wp-content\/uploads\/2022\/08\/logo-1.png\",\"width\":461,\"height\":159,\"caption\":\"CELTTV\"},\"image\":{\"@id\":\"https:\/\/www.celttv.com.ar\/#\/schema\/logo\/image\/\"}},{\"@type\":\"Person\",\"@id\":\"https:\/\/www.celttv.com.ar\/#\/schema\/person\/6d99c072dba59953809c81446e9d0ace\",\"name\":\"ulises\",\"image\":{\"@type\":\"ImageObject\",\"inLanguage\":\"es\",\"@id\":\"https:\/\/www.celttv.com.ar\/#\/schema\/person\/image\/\",\"url\":\"https:\/\/secure.gravatar.com\/avatar\/7f2c48bdc33b30088f941fb6082e555f2874c98e20cb159d7b92b50eadfce793?s=96&d=mm&r=g\",\"contentUrl\":\"https:\/\/secure.gravatar.com\/avatar\/7f2c48bdc33b30088f941fb6082e555f2874c98e20cb159d7b92b50eadfce793?s=96&d=mm&r=g\",\"caption\":\"ulises\"},\"sameAs\":[\"http:\/\/www.celttv.com.ar\"]}]}<\/script>\n<!-- \/ Yoast SEO plugin. -->","yoast_head_json":{"title":"Comenz\u00f3 la instalaci\u00f3n de nuevas luminarias led en el alumbrado p\u00fablico de Tornquist - CELTTV","description":"Sitio web de noticias de la localidad de Tornquist, provincia de Buenos Aires, Rep\u00fablica Argentina. Contenido propio originado por periodistas de CELTTV, el canal de TV local de la Cooperativa El\u00e9ctrica de Tornquist. Turismo, Pol\u00edtica, Sociedad, Deporte, Cultura y todo el contenido de inter\u00e9s general que la gente del pueblo y la regi\u00f3n debe conocer.","robots":{"index":"index","follow":"follow","max-snippet":"max-snippet:-1","max-image-preview":"max-image-preview:large","max-video-preview":"max-video-preview:-1"},"canonical":"https:\/\/www.celttv.com.ar\/index.php\/2022\/04\/14\/comenzo-la-instalacion-de-nuevas-luminarias-led-en-el-alumbrado-publico-de-tornquist\/","og_locale":"es_ES","og_type":"article","og_title":"Comenz\u00f3 la instalaci\u00f3n de nuevas luminarias led en el alumbrado p\u00fablico de Tornquist - CELTTV","og_description":"Sitio web de noticias de la localidad de Tornquist, provincia de Buenos Aires, Rep\u00fablica Argentina. Contenido propio originado por periodistas de CELTTV, el canal de TV local de la Cooperativa El\u00e9ctrica de Tornquist. Turismo, Pol\u00edtica, Sociedad, Deporte, Cultura y todo el contenido de inter\u00e9s general que la gente del pueblo y la regi\u00f3n debe conocer.","og_url":"https:\/\/www.celttv.com.ar\/index.php\/2022\/04\/14\/comenzo-la-instalacion-de-nuevas-luminarias-led-en-el-alumbrado-publico-de-tornquist\/","og_site_name":"CELTTV","article_publisher":"https:\/\/www.facebook.com\/celtTV\/","article_published_time":"2022-04-14T00:45:56+00:00","og_image":[{"width":1280,"height":720,"url":"https:\/\/www.celttv.com.ar\/wp-content\/uploads\/2022\/04\/Nuevo-alumbrado-Tqt-7.jpeg","type":"image\/jpeg"}],"author":"ulises","twitter_card":"summary_large_image","twitter_misc":{"Escrito por":"ulises","Tiempo de lectura":"1 minuto"},"schema":{"@context":"https:\/\/schema.org","@graph":[{"@type":"NewsArticle","@id":"https:\/\/www.celttv.com.ar\/index.php\/2022\/04\/14\/comenzo-la-instalacion-de-nuevas-luminarias-led-en-el-alumbrado-publico-de-tornquist\/#article","isPartOf":{"@id":"https:\/\/www.celttv.com.ar\/index.php\/2022\/04\/14\/comenzo-la-instalacion-de-nuevas-luminarias-led-en-el-alumbrado-publico-de-tornquist\/"},"author":{"name":"ulises","@id":"https:\/\/www.celttv.com.ar\/#\/schema\/person\/6d99c072dba59953809c81446e9d0ace"},"headline":"Comenz\u00f3 la instalaci\u00f3n de nuevas luminarias led en el alumbrado p\u00fablico de Tornquist","datePublished":"2022-04-14T00:45:56+00:00","dateModified":"2022-04-14T00:45:56+00:00","mainEntityOfPage":{"@id":"https:\/\/www.celttv.com.ar\/index.php\/2022\/04\/14\/comenzo-la-instalacion-de-nuevas-luminarias-led-en-el-alumbrado-publico-de-tornquist\/"},"wordCount":167,"publisher":{"@id":"https:\/\/www.celttv.com.ar\/#organization"},"articleSection":["Comunidad","Destacadas","Municipales"],"inLanguage":"es"},{"@type":"WebPage","@id":"https:\/\/www.celttv.com.ar\/index.php\/2022\/04\/14\/comenzo-la-instalacion-de-nuevas-luminarias-led-en-el-alumbrado-publico-de-tornquist\/","url":"https:\/\/www.celttv.com.ar\/index.php\/2022\/04\/14\/comenzo-la-instalacion-de-nuevas-luminarias-led-en-el-alumbrado-publico-de-tornquist\/","name":"Comenz\u00f3 la instalaci\u00f3n de nuevas luminarias led en el alumbrado p\u00fablico de Tornquist - CELTTV","isPartOf":{"@id":"https:\/\/www.celttv.com.ar\/#website"},"datePublished":"2022-04-14T00:45:56+00:00","dateModified":"2022-04-14T00:45:56+00:00","description":"Sitio web de noticias de la localidad de Tornquist, provincia de Buenos Aires, Rep\u00fablica Argentina. Contenido propio originado por periodistas de CELTTV, el canal de TV local de la Cooperativa El\u00e9ctrica de Tornquist. Turismo, Pol\u00edtica, Sociedad, Deporte, Cultura y todo el contenido de inter\u00e9s general que la gente del pueblo y la regi\u00f3n debe conocer.","breadcrumb":{"@id":"https:\/\/www.celttv.com.ar\/index.php\/2022\/04\/14\/comenzo-la-instalacion-de-nuevas-luminarias-led-en-el-alumbrado-publico-de-tornquist\/#breadcrumb"},"inLanguage":"es","potentialAction":[{"@type":"ReadAction","target":["https:\/\/www.celttv.com.ar\/index.php\/2022\/04\/14\/comenzo-la-instalacion-de-nuevas-luminarias-led-en-el-alumbrado-publico-de-tornquist\/"]}]},{"@type":"BreadcrumbList","@id":"https:\/\/www.celttv.com.ar\/index.php\/2022\/04\/14\/comenzo-la-instalacion-de-nuevas-luminarias-led-en-el-alumbrado-publico-de-tornquist\/#breadcrumb","itemListElement":[{"@type":"ListItem","position":1,"name":"Inicio","item":"https:\/\/www.celttv.com.ar\/"},{"@type":"ListItem","position":2,"name":"Comenz\u00f3 la instalaci\u00f3n de nuevas luminarias led en el alumbrado p\u00fablico de Tornquist"}]},{"@type":"WebSite","@id":"https:\/\/www.celttv.com.ar\/#website","url":"https:\/\/www.celttv.com.ar\/","name":"CELTTV","description":"Cooperativa El\u00e9ctrica de Tornquist","publisher":{"@id":"https:\/\/www.celttv.com.ar\/#organization"},"potentialAction":[{"@type":"SearchAction","target":{"@type":"EntryPoint","urlTemplate":"https:\/\/www.celttv.com.ar\/?s={search_term_string}"},"query-input":"required name=search_term_string"}],"inLanguage":"es"},{"@type":"Organization","@id":"https:\/\/www.celttv.com.ar\/#organization","name":"CELTTV","url":"https:\/\/www.celttv.com.ar\/","sameAs":["https:\/\/www.youtube.com\/channel\/UCz_oIt8Hig64Ub-EmcNPIhg","https:\/\/www.facebook.com\/celtTV\/"],"logo":{"@type":"ImageObject","inLanguage":"es","@id":"https:\/\/www.celttv.com.ar\/#\/schema\/logo\/image\/","url":"http:\/\/www.celttv.com.ar\/wp-content\/uploads\/2022\/08\/logo-1.png","contentUrl":"http:\/\/www.celttv.com.ar\/wp-content\/uploads\/2022\/08\/logo-1.png","width":461,"height":159,"caption":"CELTTV"},"image":{"@id":"https:\/\/www.celttv.com.ar\/#\/schema\/logo\/image\/"}},{"@type":"Person","@id":"https:\/\/www.celttv.com.ar\/#\/schema\/person\/6d99c072dba59953809c81446e9d0ace","name":"ulises","image":{"@type":"ImageObject","inLanguage":"es","@id":"https:\/\/www.celttv.com.ar\/#\/schema\/person\/image\/","url":"https:\/\/secure.gravatar.com\/avatar\/7f2c48bdc33b30088f941fb6082e555f2874c98e20cb159d7b92b50eadfce793?s=96&d=mm&r=g","contentUrl":"https:\/\/secure.gravatar.com\/avatar\/7f2c48bdc33b30088f941fb6082e555f2874c98e20cb159d7b92b50eadfce793?s=96&d=mm&r=g","caption":"ulises"},"sameAs":["http:\/\/www.celttv.com.ar"]}]}},"_links":{"self":[{"href":"https:\/\/www.celttv.com.ar\/index.php\/wp-json\/wp\/v2\/posts\/65214","targetHints":{"allow":["GET"]}}],"collection":[{"href":"https:\/\/www.celttv.com.ar\/index.php\/wp-json\/wp\/v2\/posts"}],"about":[{"href":"https:\/\/www.celttv.com.ar\/index.php\/wp-json\/wp\/v2\/types\/post"}],"author":[{"embeddable":true,"href":"https:\/\/www.celttv.com.ar\/index.php\/wp-json\/wp\/v2\/users\/1"}],"replies":[{"embeddable":true,"href":"https:\/\/www.celttv.com.ar\/index.php\/wp-json\/wp\/v2\/comments?post=65214"}],"version-history":[{"count":0,"href":"https:\/\/www.celttv.com.ar\/index.php\/wp-json\/wp\/v2\/posts\/65214\/revisions"}],"wp:featuredmedia":[{"embeddable":true,"href":"https:\/\/www.celttv.com.ar\/index.php\/wp-json\/wp\/v2\/media\/65221"}],"wp:attachment":[{"href":"https:\/\/www.celttv.com.ar\/index.php\/wp-json\/wp\/v2\/media?parent=65214"}],"wp:term":[{"taxonomy":"category","embeddable":true,"href":"https:\/\/www.celttv.com.ar\/index.php\/wp-json\/wp\/v2\/categories?post=65214"},{"taxonomy":"post_tag","embeddable":true,"href":"https:\/\/www.celttv.com.ar\/index.php\/wp-json\/wp\/v2\/tags?post=65214"}],"curies":[{"name":"wp","href":"https:\/\/api.w.org\/{rel}","templated":true}]}}